{"id":68834,"date":"2024-10-02T08:22:27","date_gmt":"2024-10-02T11:22:27","guid":{"rendered":"https:\/\/ismaelcolosi.com.br\/index.php\/2024\/10\/02\/caminhao-fica-destruido-apos-batida-na-anhanguera-em-ribeirao-preto\/"},"modified":"2024-10-02T08:22:27","modified_gmt":"2024-10-02T11:22:27","slug":"caminhao-fica-destruido-apos-batida-na-anhanguera-em-ribeirao-preto","status":"publish","type":"post","link":"https:\/\/ismaelcolosi.com.br\/index.php\/2024\/10\/02\/caminhao-fica-destruido-apos-batida-na-anhanguera-em-ribeirao-preto\/","title":{"rendered":"Caminh\u00e3o fica destru\u00eddo ap\u00f3s batida na Anhanguera em Ribeir\u00e3o Preto"},"content":{"rendered":"<p> <br \/>\n<\/p>\n<div data-td-block-uid=\"tdi_106\">\n<div class=\"tdb-block-inner td-fix-index\">\n<p><strong>Um caminh\u00e3o ficou destru\u00eddo em uma batida nesta quarta-feira (2), no km 301 da rodovia Anhanguera (SP-330), em Ribeir\u00e3o Preto.<\/strong> <strong>Assista <\/strong>ao <strong>v\u00eddeo <\/strong>abaixo.<\/p>\n<p>Segundo informa\u00e7\u00f5es, a <strong>colis\u00e3o <\/strong>foi <strong>traseira <\/strong>com outro <strong>caminh\u00e3o <\/strong>e ocorreu em trecho conhecido como <strong>serra de Cravinhos<\/strong>.<\/p>\n<p>A <strong>pista Norte<\/strong> no <strong>sentido <\/strong>a <strong>Ribeir\u00e3o <\/strong>chegou a ficar <strong>interditada<\/strong>, mas j\u00e1 est\u00e1 <strong>liberada <\/strong>ao <strong>tr\u00e2nsito<\/strong>.<\/p>\n<p><mark style=\"background-color:#fcb900\" class=\"has-inline-color has-black-color\">Apesar do susto e danos, n\u00e3o houve registro de v\u00edtimas.<\/mark><\/p>\n<p>A <strong>ocorr\u00eancia <\/strong>mobiliza equipes da <strong>concession\u00e1ria ViaPaulista <\/strong>e da <strong>PMR (Pol\u00edcia Militar Rodovi\u00e1ria)<\/strong>.<\/p>\n<p>As <strong>causas <\/strong>dever\u00e3o ser <strong>apuradas <\/strong>pela <strong>Pol\u00edcia Civil<\/strong>.<\/p>\n<blockquote class=\"instagram-media\" data-instgrm-permalink=\"https:\/\/www.instagram.com\/reel\/DAnoXyzOr7l\/?utm_source=ig_embed&amp;utm_campaign=loading\" data-instgrm-version=\"14\" style=\" background:#FFF; border:0; border-radius:3px; box-shadow:0 0 1px 0 rgba(0,0,0,0.5),0 1px 10px 0 rgba(0,0,0,0.15); margin: 1px; max-width:540px; min-width:326px; padding:0; width:99.375%; width:-webkit-calc(100% - 2px); width:calc(100% - 2px);\"\/>\n<p>SAIBA MAIS<\/p>\n<p>Interior de SP tem alerta de tempestade; Veja cidades afetadas<\/p>\n<h4 class=\"wp-block-heading\"><strong>FIQUE ON<\/strong><\/h4>\n<p>Fique ligado em tudo que acontece em Ribeir\u00e3o Preto e regi\u00e3o. Siga os perfis do\u00a0<strong>acidade on\u00a0<\/strong>no\u00a0<a href=\"https:\/\/www.instagram.com\/acidadeonribeirao\" target=\"_blank\" rel=\"noreferrer noopener\">Instagram<\/a>\u00a0e no\u00a0<a href=\"https:\/\/www.facebook.com\/acidadeonribeirao\" target=\"_blank\" rel=\"noreferrer noopener\">Facebook<\/a>.<\/p>\n<p>Receba not\u00edcias do acidade on no WhatsApp. Para entrar no grupo, basta\u00a0<a href=\"https:\/\/chat.whatsapp.com\/Dtv9mxhy6V5BJBotM2OQ5k\" target=\"_blank\" rel=\"noreferrer noopener\">clicar aqui<\/a>.<\/p>\n<p>Fa\u00e7a uma den\u00fancia ou sugira uma reportagem sobre Ribeir\u00e3o Preto e regi\u00e3o pelo WhatsApp: 16 99117 7802.<\/p>\n<p>VEJA TAMB\u00c9M<\/p>\n<p>O que \u00e9 domo de ferro de Israel?<\/p>\n<p><!-- CONTENT END 3 -->\n<\/div>\n<\/div>\n<p><script async src=\"\/\/www.instagram.com\/embed.js\"><\/script><br \/>\n<br \/><br \/>\n<br \/><a href=\"https:\/\/www.acidadeon.com\/ribeiraopreto\/cotidiano\/caminhao-fica-destruido-apos-batida-na-anhanguera-em-ribeirao-preto\/\">Source link <\/a><\/p>\n","protected":false},"excerpt":{"rendered":"<p>Um caminh\u00e3o ficou destru\u00eddo em uma batida nesta quarta-feira (2), no km 301 da rodovia Anhanguera (SP-330), em Ribeir\u00e3o Preto. Assista ao v\u00eddeo abaixo. Segundo&#8230;<\/p>\n","protected":false},"author":1,"featured_media":68835,"comment_status":"open","ping_status":"open","sticky":false,"template":"","format":"standard","meta":{"_uag_custom_page_level_css":"","advanced_seo_description":"","jetpack_seo_html_title":"","jetpack_seo_noindex":false,"jetpack_post_was_ever_published":false,"_jetpack_newsletter_access":"","_jetpack_dont_email_post_to_subs":false,"_jetpack_newsletter_tier_id":0,"_jetpack_memberships_contains_paywalled_content":false,"_jetpack_memberships_contains_paid_content":false,"footnotes":"","jetpack_publicize_message":"","jetpack_publicize_feature_enabled":true,"jetpack_social_post_already_shared":true,"jetpack_social_options":{"image_generator_settings":{"template":"highway","default_image_id":0,"font":"","enabled":false},"version":2}},"categories":[11],"tags":[],"class_list":["post-68834","post","type-post","status-publish","format-standard","has-post-thumbnail","hentry","category-noticias-de-ribeirao-preto-sp-e-regiao-ismael-colosi"],"jetpack_publicize_connections":[],"jetpack_featured_media_url":"https:\/\/i0.wp.com\/ismaelcolosi.com.br\/wp-content\/uploads\/2024\/10\/ACIDENTE_2024-10-02_11-12-08_jpg_2024-10-02_11-12-09.webp.webp?fit=2000%2C1176&ssl=1","uagb_featured_image_src":{"full":["https:\/\/i0.wp.com\/ismaelcolosi.com.br\/wp-content\/uploads\/2024\/10\/ACIDENTE_2024-10-02_11-12-08_jpg_2024-10-02_11-12-09.webp.webp?fit=2000%2C1176&ssl=1",2000,1176,false],"thumbnail":["https:\/\/i0.wp.com\/ismaelcolosi.com.br\/wp-content\/uploads\/2024\/10\/ACIDENTE_2024-10-02_11-12-08_jpg_2024-10-02_11-12-09.webp.webp?resize=150%2C150&ssl=1",150,150,true],"medium":["https:\/\/i0.wp.com\/ismaelcolosi.com.br\/wp-content\/uploads\/2024\/10\/ACIDENTE_2024-10-02_11-12-08_jpg_2024-10-02_11-12-09.webp.webp?fit=300%2C176&ssl=1",300,176,true],"medium_large":["https:\/\/i0.wp.com\/ismaelcolosi.com.br\/wp-content\/uploads\/2024\/10\/ACIDENTE_2024-10-02_11-12-08_jpg_2024-10-02_11-12-09.webp.webp?fit=768%2C452&ssl=1",768,452,true],"large":["https:\/\/i0.wp.com\/ismaelcolosi.com.br\/wp-content\/uploads\/2024\/10\/ACIDENTE_2024-10-02_11-12-08_jpg_2024-10-02_11-12-09.webp.webp?fit=1024%2C602&ssl=1",1024,602,true],"1536x1536":["https:\/\/i0.wp.com\/ismaelcolosi.com.br\/wp-content\/uploads\/2024\/10\/ACIDENTE_2024-10-02_11-12-08_jpg_2024-10-02_11-12-09.webp.webp?fit=1536%2C903&ssl=1",1536,903,true],"2048x2048":["https:\/\/i0.wp.com\/ismaelcolosi.com.br\/wp-content\/uploads\/2024\/10\/ACIDENTE_2024-10-02_11-12-08_jpg_2024-10-02_11-12-09.webp.webp?fit=2000%2C1176&ssl=1",2000,1176,true],"really-simple-thumb":["https:\/\/i0.wp.com\/ismaelcolosi.com.br\/wp-content\/uploads\/2024\/10\/ACIDENTE_2024-10-02_11-12-08_jpg_2024-10-02_11-12-09.webp.webp?resize=370%2C247&ssl=1",370,247,true]},"uagb_author_info":{"display_name":"ismaelcolosi.com.br","author_link":"https:\/\/ismaelcolosi.com.br\/index.php\/author\/vidareal-online\/"},"uagb_comment_info":0,"uagb_excerpt":"Um caminh\u00e3o ficou destru\u00eddo em uma batida nesta quarta-feira (2), no km 301 da rodovia Anhanguera (SP-330), em Ribeir\u00e3o Preto. Assista ao v\u00eddeo abaixo. Segundo...","jetpack-related-posts":[{"id":48485,"url":"https:\/\/ismaelcolosi.com.br\/index.php\/2024\/05\/03\/carro-capota-apos-batida-e-deixa-vitima-grave-na-rodovia-anhanguera\/","url_meta":{"origin":68834,"position":0},"title":"Carro capota ap\u00f3s batida e deixa v\u00edtima grave na rodovia Anhanguera","author":"ismaelcolosi.com.br","date":"3 de May de 2024","format":false,"excerpt":"Duas pessoas ficaram feridas \u2013 uma delas em estado grave \u2013 depois de uma batida entre um carro e uma caminh\u00e3o na manh\u00e3 desta sexta-feira (3), no km 310 da rodovia Anhanguera (SP-330), em Ribeir\u00e3o Preto. As v\u00edtimas estavam no carro, que capotou em seguida. Segundo a concession\u00e1ria ViaPaulista, houve\u2026","rel":"","context":"In &quot;Not\u00edcias de Ribeir\u00e3o Preto-SP e Regi\u00e3o&quot;","block_context":{"text":"Not\u00edcias de Ribeir\u00e3o Preto-SP e Regi\u00e3o","link":"https:\/\/ismaelcolosi.com.br\/index.php\/category\/noticias-de-ribeirao-preto-sp-e-regiao-ismael-colosi\/"},"img":{"alt_text":"","src":"https:\/\/i0.wp.com\/ismaelcolosi.com.br\/wp-content\/uploads\/2024\/05\/20220618_052659306_bombeiro_bombeiros_600x338_24052022170711.jpg?fit=600%2C337&ssl=1&resize=350%2C200","width":350,"height":200,"srcset":"https:\/\/i0.wp.com\/ismaelcolosi.com.br\/wp-content\/uploads\/2024\/05\/20220618_052659306_bombeiro_bombeiros_600x338_24052022170711.jpg?fit=600%2C337&ssl=1&resize=350%2C200 1x, https:\/\/i0.wp.com\/ismaelcolosi.com.br\/wp-content\/uploads\/2024\/05\/20220618_052659306_bombeiro_bombeiros_600x338_24052022170711.jpg?fit=600%2C337&ssl=1&resize=525%2C300 1.5x"},"classes":[]},{"id":69043,"url":"https:\/\/ismaelcolosi.com.br\/index.php\/2024\/10\/03\/vendedor-tem-moto-de-luxo-roubada-no-transito-de-ribeirao-preto\/","url_meta":{"origin":68834,"position":1},"title":"Vendedor tem moto de luxo roubada no tr\u00e2nsito de Ribeir\u00e3o Preto","author":"ismaelcolosi.com.br","date":"3 de October de 2024","format":false,"excerpt":"Um vendedor de 44 anos teve sua moto BMW roubada ao ser abordado por assaltantes enquanto dirigia pela avenida Doutora Nadir \u00c1guiar, no bairro Jardim Paiva, zona Oeste de Ribeir\u00e3o Preto. O crime ocorreu na ter\u00e7a-feira (1\u00ba), por volta das 19h30. De acordo com o boletim de ocorr\u00eancia (BO), a\u2026","rel":"","context":"In &quot;Not\u00edcias de Ribeir\u00e3o Preto-SP e Regi\u00e3o&quot;","block_context":{"text":"Not\u00edcias de Ribeir\u00e3o Preto-SP e Regi\u00e3o","link":"https:\/\/ismaelcolosi.com.br\/index.php\/category\/noticias-de-ribeirao-preto-sp-e-regiao-ismael-colosi\/"},"img":{"alt_text":"","src":"https:\/\/i0.wp.com\/ismaelcolosi.com.br\/wp-content\/uploads\/2024\/10\/WhatsApp-Image-2023-10-16-at-09.34.32.jpeg?fit=1080%2C1080&ssl=1&resize=350%2C200","width":350,"height":200,"srcset":"https:\/\/i0.wp.com\/ismaelcolosi.com.br\/wp-content\/uploads\/2024\/10\/WhatsApp-Image-2023-10-16-at-09.34.32.jpeg?fit=1080%2C1080&ssl=1&resize=350%2C200 1x, https:\/\/i0.wp.com\/ismaelcolosi.com.br\/wp-content\/uploads\/2024\/10\/WhatsApp-Image-2023-10-16-at-09.34.32.jpeg?fit=1080%2C1080&ssl=1&resize=525%2C300 1.5x, https:\/\/i0.wp.com\/ismaelcolosi.com.br\/wp-content\/uploads\/2024\/10\/WhatsApp-Image-2023-10-16-at-09.34.32.jpeg?fit=1080%2C1080&ssl=1&resize=700%2C400 2x, https:\/\/i0.wp.com\/ismaelcolosi.com.br\/wp-content\/uploads\/2024\/10\/WhatsApp-Image-2023-10-16-at-09.34.32.jpeg?fit=1080%2C1080&ssl=1&resize=1050%2C600 3x"},"classes":[]},{"id":54599,"url":"https:\/\/ismaelcolosi.com.br\/index.php\/2024\/06\/26\/identificado-motorista-de-onibus-morto-em-acidente-com-caminhao-na-anhanguera\/","url_meta":{"origin":68834,"position":2},"title":"Identificado motorista de \u00f4nibus morto em acidente com caminh\u00e3o na Anhanguera","author":"ismaelcolosi.com.br","date":"26 de June de 2024","format":false,"excerpt":"A Pol\u00edcia Civil identificou o motorista de \u00f4nibus morto na batida que envolveu o ve\u00edculo e um caminh\u00e3o, na madrugada desta quarta-feira (26), no km 299 da rodovia Anhanguera (SP-330), no trecho conhecido como Serra de Cravinhos, na regi\u00e3o de Ribeir\u00e3o Preto. Segundo o boletim de ocorr\u00eancia (BO), o condutor\u2026","rel":"","context":"In &quot;Not\u00edcias de Ribeir\u00e3o Preto-SP e Regi\u00e3o&quot;","block_context":{"text":"Not\u00edcias de Ribeir\u00e3o Preto-SP e Regi\u00e3o","link":"https:\/\/ismaelcolosi.com.br\/index.php\/category\/noticias-de-ribeirao-preto-sp-e-regiao-ismael-colosi\/"},"img":{"alt_text":"","src":"https:\/\/i0.wp.com\/ismaelcolosi.com.br\/wp-content\/uploads\/2024\/06\/ONIBUS-ACIDENTE_2024-06-26_14-28-49_jpg_2024-06-26_14-28-50.webp.webp?fit=1200%2C827&ssl=1&resize=350%2C200","width":350,"height":200,"srcset":"https:\/\/i0.wp.com\/ismaelcolosi.com.br\/wp-content\/uploads\/2024\/06\/ONIBUS-ACIDENTE_2024-06-26_14-28-49_jpg_2024-06-26_14-28-50.webp.webp?fit=1200%2C827&ssl=1&resize=350%2C200 1x, https:\/\/i0.wp.com\/ismaelcolosi.com.br\/wp-content\/uploads\/2024\/06\/ONIBUS-ACIDENTE_2024-06-26_14-28-49_jpg_2024-06-26_14-28-50.webp.webp?fit=1200%2C827&ssl=1&resize=525%2C300 1.5x, https:\/\/i0.wp.com\/ismaelcolosi.com.br\/wp-content\/uploads\/2024\/06\/ONIBUS-ACIDENTE_2024-06-26_14-28-49_jpg_2024-06-26_14-28-50.webp.webp?fit=1200%2C827&ssl=1&resize=700%2C400 2x, https:\/\/i0.wp.com\/ismaelcolosi.com.br\/wp-content\/uploads\/2024\/06\/ONIBUS-ACIDENTE_2024-06-26_14-28-49_jpg_2024-06-26_14-28-50.webp.webp?fit=1200%2C827&ssl=1&resize=1050%2C600 3x"},"classes":[]},{"id":54532,"url":"https:\/\/ismaelcolosi.com.br\/index.php\/2024\/06\/26\/acidente-com-onibus-e-caminhao-deixa-1-morto-e-dezenas-de-feridos-na-anhanguera\/","url_meta":{"origin":68834,"position":3},"title":"Acidente com \u00f4nibus e caminh\u00e3o deixa 1 morto e dezenas de feridos na Anhanguera","author":"ismaelcolosi.com.br","date":"26 de June de 2024","format":false,"excerpt":"Uma batida entre um \u00f4nibus e um caminh\u00e3o deixou um morto e ao menos 12 feridos no km 299 da rodovia Anhanguera (SP-330), no in\u00edcio da madrugada desta quarta-feira (26), no trecho conhecido como Serra de Cravinhos, na regi\u00e3o de Ribeir\u00e3o Preto. Segundo a Artesp (Ag\u00eancia de Transporte do Estado\u2026","rel":"","context":"In &quot;Not\u00edcias de Ribeir\u00e3o Preto-SP e Regi\u00e3o&quot;","block_context":{"text":"Not\u00edcias de Ribeir\u00e3o Preto-SP e Regi\u00e3o","link":"https:\/\/ismaelcolosi.com.br\/index.php\/category\/noticias-de-ribeirao-preto-sp-e-regiao-ismael-colosi\/"},"img":{"alt_text":"","src":"https:\/\/i0.wp.com\/ismaelcolosi.com.br\/wp-content\/uploads\/2024\/06\/1719397158_acidadeon_logos_Prancheta-1-copia-12_edited.jpg?fit=1199%2C1200&ssl=1&resize=350%2C200","width":350,"height":200,"srcset":"https:\/\/i0.wp.com\/ismaelcolosi.com.br\/wp-content\/uploads\/2024\/06\/1719397158_acidadeon_logos_Prancheta-1-copia-12_edited.jpg?fit=1199%2C1200&ssl=1&resize=350%2C200 1x, https:\/\/i0.wp.com\/ismaelcolosi.com.br\/wp-content\/uploads\/2024\/06\/1719397158_acidadeon_logos_Prancheta-1-copia-12_edited.jpg?fit=1199%2C1200&ssl=1&resize=525%2C300 1.5x, https:\/\/i0.wp.com\/ismaelcolosi.com.br\/wp-content\/uploads\/2024\/06\/1719397158_acidadeon_logos_Prancheta-1-copia-12_edited.jpg?fit=1199%2C1200&ssl=1&resize=700%2C400 2x, https:\/\/i0.wp.com\/ismaelcolosi.com.br\/wp-content\/uploads\/2024\/06\/1719397158_acidadeon_logos_Prancheta-1-copia-12_edited.jpg?fit=1199%2C1200&ssl=1&resize=1050%2C600 3x"},"classes":[]},{"id":68848,"url":"https:\/\/ismaelcolosi.com.br\/index.php\/2024\/10\/02\/gabriel-locher-se-apresenta-em-ribeirao-preto-com-show-o-novo-crooner-brasileiro\/","url_meta":{"origin":68834,"position":4},"title":"Gabriel Locher se apresenta em Ribeir\u00e3o Preto com show \u2018O Novo Crooner Brasileiro\u2019","author":"ismaelcolosi.com.br","date":"2 de October de 2024","format":false,"excerpt":"Gabriel Locher apresenta no palco do Centro Cultural Sesi Ribeir\u00e3o Preto o show \u201cO Novo Crooner Brasileiro\u201d, nesta sexta-feira (4), \u00e0s 20h. Os ingressos podem ser reservados gratuitamente atrav\u00e9s do site Meu Sesi. O artista traz em seu repert\u00f3rio grandes sucessos da MPB, como Nelson Gon\u00e7alves e Altemar Dutra, passando\u2026","rel":"","context":"In &quot;Not\u00edcias de Ribeir\u00e3o Preto-SP e Regi\u00e3o&quot;","block_context":{"text":"Not\u00edcias de Ribeir\u00e3o Preto-SP e Regi\u00e3o","link":"https:\/\/ismaelcolosi.com.br\/index.php\/category\/noticias-de-ribeirao-preto-sp-e-regiao-ismael-colosi\/"},"img":{"alt_text":"","src":"https:\/\/i0.wp.com\/ismaelcolosi.com.br\/wp-content\/uploads\/2024\/10\/cea7a95f-3995-4bbf-9d65-3cc59d1a6dc5_2024-10-02_11-58-11_jpg_2024-10-02_11-58-12-scaled.webp.webp?fit=1200%2C800&ssl=1&resize=350%2C200","width":350,"height":200,"srcset":"https:\/\/i0.wp.com\/ismaelcolosi.com.br\/wp-content\/uploads\/2024\/10\/cea7a95f-3995-4bbf-9d65-3cc59d1a6dc5_2024-10-02_11-58-11_jpg_2024-10-02_11-58-12-scaled.webp.webp?fit=1200%2C800&ssl=1&resize=350%2C200 1x, https:\/\/i0.wp.com\/ismaelcolosi.com.br\/wp-content\/uploads\/2024\/10\/cea7a95f-3995-4bbf-9d65-3cc59d1a6dc5_2024-10-02_11-58-11_jpg_2024-10-02_11-58-12-scaled.webp.webp?fit=1200%2C800&ssl=1&resize=525%2C300 1.5x, https:\/\/i0.wp.com\/ismaelcolosi.com.br\/wp-content\/uploads\/2024\/10\/cea7a95f-3995-4bbf-9d65-3cc59d1a6dc5_2024-10-02_11-58-11_jpg_2024-10-02_11-58-12-scaled.webp.webp?fit=1200%2C800&ssl=1&resize=700%2C400 2x, https:\/\/i0.wp.com\/ismaelcolosi.com.br\/wp-content\/uploads\/2024\/10\/cea7a95f-3995-4bbf-9d65-3cc59d1a6dc5_2024-10-02_11-58-11_jpg_2024-10-02_11-58-12-scaled.webp.webp?fit=1200%2C800&ssl=1&resize=1050%2C600 3x"},"classes":[]},{"id":69424,"url":"https:\/\/ismaelcolosi.com.br\/index.php\/2024\/10\/05\/caminhao-pega-fogo-e-provoca-congestionamento-na-anhanguera-em-ribeirao-preto\/","url_meta":{"origin":68834,"position":5},"title":"Caminh\u00e3o pega fogo e provoca congestionamento na Anhanguera em Ribeir\u00e3o Preto","author":"ismaelcolosi.com.br","date":"5 de October de 2024","format":false,"excerpt":"Um caminh\u00e3o tanque est\u00e1 pegando fogo na manh\u00e3 deste s\u00e1bado (5) e provocou um congestionamento na rodovia Anhanguera, em Ribeir\u00e3o Preto \u2013 veja o v\u00eddeo abaixo. Ver essa foto no Instagram Uma publica\u00e7\u00e3o compartilhada por acidade on Ribeir\u00e3o (@acidadeonribeirao) A fuma\u00e7a provocada pelas chamas pode ser vista de bairros distantes\u2026","rel":"","context":"In &quot;Not\u00edcias de Ribeir\u00e3o Preto-SP e Regi\u00e3o&quot;","block_context":{"text":"Not\u00edcias de Ribeir\u00e3o Preto-SP e Regi\u00e3o","link":"https:\/\/ismaelcolosi.com.br\/index.php\/category\/noticias-de-ribeirao-preto-sp-e-regiao-ismael-colosi\/"},"img":{"alt_text":"","src":"https:\/\/i0.wp.com\/ismaelcolosi.com.br\/wp-content\/uploads\/2024\/10\/acidadeon_logos_Prancheta-1-copia-12_edited.jpg?fit=1199%2C1200&ssl=1&resize=350%2C200","width":350,"height":200,"srcset":"https:\/\/i0.wp.com\/ismaelcolosi.com.br\/wp-content\/uploads\/2024\/10\/acidadeon_logos_Prancheta-1-copia-12_edited.jpg?fit=1199%2C1200&ssl=1&resize=350%2C200 1x, https:\/\/i0.wp.com\/ismaelcolosi.com.br\/wp-content\/uploads\/2024\/10\/acidadeon_logos_Prancheta-1-copia-12_edited.jpg?fit=1199%2C1200&ssl=1&resize=525%2C300 1.5x, https:\/\/i0.wp.com\/ismaelcolosi.com.br\/wp-content\/uploads\/2024\/10\/acidadeon_logos_Prancheta-1-copia-12_edited.jpg?fit=1199%2C1200&ssl=1&resize=700%2C400 2x, https:\/\/i0.wp.com\/ismaelcolosi.com.br\/wp-content\/uploads\/2024\/10\/acidadeon_logos_Prancheta-1-copia-12_edited.jpg?fit=1199%2C1200&ssl=1&resize=1050%2C600 3x"},"classes":[]}],"jetpack_sharing_enabled":true,"jetpack_shortlink":"https:\/\/wp.me\/pfMlyK-hUe","_links":{"self":[{"href":"https:\/\/ismaelcolosi.com.br\/index.php\/wp-json\/wp\/v2\/posts\/68834","targetHints":{"allow":["GET"]}}],"collection":[{"href":"https:\/\/ismaelcolosi.com.br\/index.php\/wp-json\/wp\/v2\/posts"}],"about":[{"href":"https:\/\/ismaelcolosi.com.br\/index.php\/wp-json\/wp\/v2\/types\/post"}],"author":[{"embeddable":true,"href":"https:\/\/ismaelcolosi.com.br\/index.php\/wp-json\/wp\/v2\/users\/1"}],"replies":[{"embeddable":true,"href":"https:\/\/ismaelcolosi.com.br\/index.php\/wp-json\/wp\/v2\/comments?post=68834"}],"version-history":[{"count":0,"href":"https:\/\/ismaelcolosi.com.br\/index.php\/wp-json\/wp\/v2\/posts\/68834\/revisions"}],"wp:featuredmedia":[{"embeddable":true,"href":"https:\/\/ismaelcolosi.com.br\/index.php\/wp-json\/wp\/v2\/media\/68835"}],"wp:attachment":[{"href":"https:\/\/ismaelcolosi.com.br\/index.php\/wp-json\/wp\/v2\/media?parent=68834"}],"wp:term":[{"taxonomy":"category","embeddable":true,"href":"https:\/\/ismaelcolosi.com.br\/index.php\/wp-json\/wp\/v2\/categories?post=68834"},{"taxonomy":"post_tag","embeddable":true,"href":"https:\/\/ismaelcolosi.com.br\/index.php\/wp-json\/wp\/v2\/tags?post=68834"}],"curies":[{"name":"wp","href":"https:\/\/api.w.org\/{rel}","templated":true}]}}