{"id":68539,"date":"2024-09-30T17:10:02","date_gmt":"2024-09-30T20:10:02","guid":{"rendered":"https:\/\/ismaelcolosi.com.br\/index.php\/2024\/09\/30\/investimento-em-energia-verde-movimenta-mais-de-r-29-bilhoes-na-regiao-de-ribeirao\/"},"modified":"2024-09-30T17:10:02","modified_gmt":"2024-09-30T20:10:02","slug":"investimento-em-energia-verde-movimenta-mais-de-r-29-bilhoes-na-regiao-de-ribeirao","status":"publish","type":"post","link":"https:\/\/ismaelcolosi.com.br\/index.php\/2024\/09\/30\/investimento-em-energia-verde-movimenta-mais-de-r-29-bilhoes-na-regiao-de-ribeirao\/","title":{"rendered":"Investimento em energia verde movimenta mais de R$ 2,9 bilh\u00f5es na regi\u00e3o de Ribeir\u00e3o"},"content":{"rendered":"<p> <br \/>\n<\/p>\n<div>\n<p>Os investimentos em <strong>energia verde<\/strong> superam R$ 2,9 bilh\u00e3o na regi\u00e3o de <strong>Ribeir\u00e3o Preto<\/strong>, de acordo com a<strong><a href=\"https:\/\/informa.seade.gov.br\/investimentos-em-energias-verdes-no-estado-de-sao-paulo\/\" target=\"_blank\" rel=\"noreferrer noopener nofollow\"> Funda\u00e7\u00e3o Seade<\/a><\/strong> \u2013 os n\u00fameros tamb\u00e9m levam em considera\u00e7\u00e3o os investimentos realizados em Franca e cidades vizinhas. <\/p>\n<p>Os n\u00fameros constam na Pesquisa de Investimentos Anunciados no Estado de S\u00e3o Paulo, que contam com dados desde 2019. No per\u00edodo, esses investimentos somaram R$ 13,8 bilh\u00f5es em todo estado.<\/p>\n<h4 class=\"wp-block-heading\"><strong>Etanol 2G<\/strong><\/h4>\n<p>Do total de recursos direcionados para a regi\u00e3o de Ribeir\u00e3o Preto, R$ 1,2 bilh\u00e3o corresponde ao montante investido pela Ra\u00edzen para a implanta\u00e7\u00e3o de usina de etanol 2G em Guariba.<\/p>\n<p>Outros R$ 35 milh\u00f5es foram destinados pela S\u00e3o Martinho para a amplia\u00e7\u00e3o da cogera\u00e7\u00e3o el\u00e9trica na usina de Prad\u00f3polis.<\/p>\n<p>O levantamento tamb\u00e9m considera o investimento de R$ 1,2 bilh\u00e3o pela Ra\u00edzen na constru\u00e7\u00e3o de unidade de etanol 2G, com res\u00edduos de cana-de-a\u00e7\u00facar em Morro Agudo.<\/p>\n<p>Al\u00e9m da moderniza\u00e7\u00e3o da usina hidrel\u00e9trica de Jaguara, no Rio Grande, em Rifaina, a Engie investiu R$ 516 milh\u00f5es, equivalente a 91,3% do total destinado no estado para gera\u00e7\u00e3o de energia h\u00eddrica.<\/p>\n<h4 class=\"wp-block-heading\"><strong>Em SP<\/strong><\/h4>\n<p>As regi\u00f5es de Ara\u00e7atuba e Metropolitana de S\u00e3o Paulo se destacaram com R$3,8 bilh\u00f5es e R$2,6 bilh\u00f5es, respectivamente,no montante investido para gera\u00e7\u00e3o de energias verdes.<\/p>\n<p>Outras regi\u00f5es que receberam recursos significativos foram as de Bauru (R$ 1,7 bi) e Campinas (R$ 849 mi). Os investimentos com abrang\u00eancia inter-regional (sem especifica\u00e7\u00e3o de valor para cada regi\u00e3o) totalizaram R$ 810 milh\u00f5es.<\/p>\n<p>SAIBA MAIS<br \/>Veja mapa interativo com todos os locais de vota\u00e7\u00e3o em Ribeir\u00e3o Preto<\/p>\n<h4 class=\"wp-block-heading\"><strong>FIQUE ON<\/strong><\/h4>\n<p>Fique ligado em tudo que acontece em Ribeir\u00e3o Preto e regi\u00e3o. Siga os perfis do<strong> acidade on<\/strong> no <a href=\"https:\/\/www.instagram.com\/acidadeonribeirao\" target=\"_blank\" rel=\"noreferrer noopener nofollow\">Instagram<\/a> e no <a href=\"https:\/\/www.facebook.com\/acidadeonribeirao\/\" target=\"_blank\" rel=\"noreferrer noopener nofollow\">Facebook<\/a>.<\/p>\n<p>Receba not\u00edcias do<strong> acidade on<\/strong> no WhatsApp.<a href=\"https:\/\/chat.whatsapp.com\/Dtv9mxhy6V5BJBotM2OQ5k\" target=\"_blank\" rel=\"noreferrer noopener nofollow\"> Para entrar no grupo, basta clicar aqui.<\/a><\/p>\n<p>Fa\u00e7a uma den\u00fancia ou sugira uma reportagem sobre Ribeir\u00e3o Preto e regi\u00e3o pelo WhatsApp: 16 99117 7802.<\/p>\n<p>VEJA TAMB\u00c9M<br \/>O que se comemora no m\u00eas de outubro?<\/p>\n<p><!-- CONTENT END 1 -->\n<\/div>\n<p><script async src=\"\/\/www.instagram.com\/embed.js\"><\/script><br \/>\n<br \/><br \/>\n<br \/><a href=\"https:\/\/www.acidadeon.com\/ribeiraopreto\/economia\/investimento-em-energia-verde-movimenta-mais-de-r-29-bilhoes-na-regiao-de-ribeirao\/\">Source link <\/a><\/p>\n","protected":false},"excerpt":{"rendered":"<p>Os investimentos em energia verde superam R$ 2,9 bilh\u00e3o na regi\u00e3o de Ribeir\u00e3o Preto, de acordo com a Funda\u00e7\u00e3o Seade \u2013 os n\u00fameros tamb\u00e9m levam&#8230;<\/p>\n","protected":false},"author":1,"featured_media":68540,"comment_status":"open","ping_status":"open","sticky":false,"template":"","format":"standard","meta":{"_uag_custom_page_level_css":"","advanced_seo_description":"","jetpack_seo_html_title":"","jetpack_seo_noindex":false,"jetpack_post_was_ever_published":false,"_jetpack_newsletter_access":"","_jetpack_dont_email_post_to_subs":false,"_jetpack_newsletter_tier_id":0,"_jetpack_memberships_contains_paywalled_content":false,"_jetpack_memberships_contains_paid_content":false,"footnotes":"","jetpack_publicize_message":"","jetpack_publicize_feature_enabled":true,"jetpack_social_post_already_shared":true,"jetpack_social_options":{"image_generator_settings":{"template":"highway","default_image_id":0,"font":"","enabled":false},"version":2}},"categories":[11],"tags":[],"class_list":["post-68539","post","type-post","status-publish","format-standard","has-post-thumbnail","hentry","category-noticias-de-ribeirao-preto-sp-e-regiao-ismael-colosi"],"jetpack_publicize_connections":[],"jetpack_featured_media_url":"https:\/\/i0.wp.com\/ismaelcolosi.com.br\/wp-content\/uploads\/2024\/09\/etanol-2-guariba_2024-09-30_20-02-31_jpg_2024-09-30_20-02-31.webp.webp?fit=975%2C551&ssl=1","uagb_featured_image_src":{"full":["https:\/\/i0.wp.com\/ismaelcolosi.com.br\/wp-content\/uploads\/2024\/09\/etanol-2-guariba_2024-09-30_20-02-31_jpg_2024-09-30_20-02-31.webp.webp?fit=975%2C551&ssl=1",975,551,false],"thumbnail":["https:\/\/i0.wp.com\/ismaelcolosi.com.br\/wp-content\/uploads\/2024\/09\/etanol-2-guariba_2024-09-30_20-02-31_jpg_2024-09-30_20-02-31.webp.webp?resize=150%2C150&ssl=1",150,150,true],"medium":["https:\/\/i0.wp.com\/ismaelcolosi.com.br\/wp-content\/uploads\/2024\/09\/etanol-2-guariba_2024-09-30_20-02-31_jpg_2024-09-30_20-02-31.webp.webp?fit=300%2C170&ssl=1",300,170,true],"medium_large":["https:\/\/i0.wp.com\/ismaelcolosi.com.br\/wp-content\/uploads\/2024\/09\/etanol-2-guariba_2024-09-30_20-02-31_jpg_2024-09-30_20-02-31.webp.webp?fit=768%2C434&ssl=1",768,434,true],"large":["https:\/\/i0.wp.com\/ismaelcolosi.com.br\/wp-content\/uploads\/2024\/09\/etanol-2-guariba_2024-09-30_20-02-31_jpg_2024-09-30_20-02-31.webp.webp?fit=975%2C551&ssl=1",975,551,true],"1536x1536":["https:\/\/i0.wp.com\/ismaelcolosi.com.br\/wp-content\/uploads\/2024\/09\/etanol-2-guariba_2024-09-30_20-02-31_jpg_2024-09-30_20-02-31.webp.webp?fit=975%2C551&ssl=1",975,551,true],"2048x2048":["https:\/\/i0.wp.com\/ismaelcolosi.com.br\/wp-content\/uploads\/2024\/09\/etanol-2-guariba_2024-09-30_20-02-31_jpg_2024-09-30_20-02-31.webp.webp?fit=975%2C551&ssl=1",975,551,true],"really-simple-thumb":["https:\/\/i0.wp.com\/ismaelcolosi.com.br\/wp-content\/uploads\/2024\/09\/etanol-2-guariba_2024-09-30_20-02-31_jpg_2024-09-30_20-02-31.webp.webp?resize=370%2C247&ssl=1",370,247,true]},"uagb_author_info":{"display_name":"ismaelcolosi.com.br","author_link":"https:\/\/ismaelcolosi.com.br\/index.php\/author\/vidareal-online\/"},"uagb_comment_info":0,"uagb_excerpt":"Os investimentos em energia verde superam R$ 2,9 bilh\u00e3o na regi\u00e3o de Ribeir\u00e3o Preto, de acordo com a Funda\u00e7\u00e3o Seade \u2013 os n\u00fameros tamb\u00e9m levam...","jetpack-related-posts":[{"id":39656,"url":"https:\/\/ismaelcolosi.com.br\/index.php\/2024\/02\/27\/regiao-de-rp-fecha-2023-com-r-1542-bi\/","url_meta":{"origin":68539,"position":0},"title":"Regi\u00e3o de RP fecha 2023 com R$ 1,542 bi\u00a0","author":"ismaelcolosi.com.br","date":"27 de February de 2024","format":false,"excerpt":"Dados da Funda\u00e7\u00e3o Sistema Estadual de An\u00e1lise de Dados (Seade), divulgados nesta ter\u00e7a-feira, 20 de fevereiro, revelam que R$ 1,542 bilh\u00e3o (R$ 1.542.400.000) foram investidos na Regi\u00e3o Administrativa de Ribeir\u00e3o Preto ao longo do ano passado. De acordo com a Pesquisa de Investimentos Anunciados no Estado de S\u00e3o Paulo (Piesp),\u2026","rel":"","context":"In &quot;Not\u00edcias de Ribeir\u00e3o Preto-SP e Regi\u00e3o&quot;","block_context":{"text":"Not\u00edcias de Ribeir\u00e3o Preto-SP e Regi\u00e3o","link":"https:\/\/ismaelcolosi.com.br\/index.php\/category\/noticias-de-ribeirao-preto-sp-e-regiao-ismael-colosi\/"},"img":{"alt_text":"","src":"https:\/\/i0.wp.com\/ismaelcolosi.com.br\/wp-content\/uploads\/2024\/02\/SeadeRA-Detalhe-Divulgacao-Alesp-scaled.jpg?fit=1000%2C572&ssl=1&resize=350%2C200","width":350,"height":200,"srcset":"https:\/\/i0.wp.com\/ismaelcolosi.com.br\/wp-content\/uploads\/2024\/02\/SeadeRA-Detalhe-Divulgacao-Alesp-scaled.jpg?fit=1000%2C572&ssl=1&resize=350%2C200 1x, https:\/\/i0.wp.com\/ismaelcolosi.com.br\/wp-content\/uploads\/2024\/02\/SeadeRA-Detalhe-Divulgacao-Alesp-scaled.jpg?fit=1000%2C572&ssl=1&resize=525%2C300 1.5x, https:\/\/i0.wp.com\/ismaelcolosi.com.br\/wp-content\/uploads\/2024\/02\/SeadeRA-Detalhe-Divulgacao-Alesp-scaled.jpg?fit=1000%2C572&ssl=1&resize=700%2C400 2x"},"classes":[]},{"id":70078,"url":"https:\/\/ismaelcolosi.com.br\/index.php\/2024\/10\/09\/entenda-como-nova-lei-dos-combustiveis-pode-trazer-investimentos-para-regiao-de-ribeirao\/","url_meta":{"origin":68539,"position":1},"title":"Entenda como nova lei dos combust\u00edveis pode trazer investimentos para regi\u00e3o de Ribeir\u00e3o","author":"ismaelcolosi.com.br","date":"9 de October de 2024","format":false,"excerpt":"Na \u00faltima ter\u00e7a-feira (8), o presidente Luiz In\u00e1cio Lula da Silva (PT) sancionou a Lei Combust\u00edvel do Futuro, que incentiva a produ\u00e7\u00e3o e uso de combust\u00edveis sustent\u00e1veis. Segundo o Ceise BR (Centro Nacional das Ind\u00fastrias do Setor Sucroenerg\u00e9tico e Bioenergia), a medida pode trazer novos investimentos para regi\u00e3o de Ribeir\u00e3o\u2026","rel":"","context":"In &quot;Not\u00edcias de Ribeir\u00e3o Preto-SP e Regi\u00e3o&quot;","block_context":{"text":"Not\u00edcias de Ribeir\u00e3o Preto-SP e Regi\u00e3o","link":"https:\/\/ismaelcolosi.com.br\/index.php\/category\/noticias-de-ribeirao-preto-sp-e-regiao-ismael-colosi\/"},"img":{"alt_text":"","src":"https:\/\/i0.wp.com\/ismaelcolosi.com.br\/wp-content\/uploads\/2024\/10\/combustivel-do-futuro_2024-10-09_15-37-07_jpg_2024-10-09_15-37-08.webp.webp?fit=1200%2C616&ssl=1&resize=350%2C200","width":350,"height":200,"srcset":"https:\/\/i0.wp.com\/ismaelcolosi.com.br\/wp-content\/uploads\/2024\/10\/combustivel-do-futuro_2024-10-09_15-37-07_jpg_2024-10-09_15-37-08.webp.webp?fit=1200%2C616&ssl=1&resize=350%2C200 1x, https:\/\/i0.wp.com\/ismaelcolosi.com.br\/wp-content\/uploads\/2024\/10\/combustivel-do-futuro_2024-10-09_15-37-07_jpg_2024-10-09_15-37-08.webp.webp?fit=1200%2C616&ssl=1&resize=525%2C300 1.5x, https:\/\/i0.wp.com\/ismaelcolosi.com.br\/wp-content\/uploads\/2024\/10\/combustivel-do-futuro_2024-10-09_15-37-07_jpg_2024-10-09_15-37-08.webp.webp?fit=1200%2C616&ssl=1&resize=700%2C400 2x, https:\/\/i0.wp.com\/ismaelcolosi.com.br\/wp-content\/uploads\/2024\/10\/combustivel-do-futuro_2024-10-09_15-37-07_jpg_2024-10-09_15-37-08.webp.webp?fit=1200%2C616&ssl=1&resize=1050%2C600 3x"},"classes":[]},{"id":69869,"url":"https:\/\/ismaelcolosi.com.br\/index.php\/2024\/10\/08\/combustivel-do-futuro-investimentos-podem-chegar-a-r-260-bilhoes\/","url_meta":{"origin":68539,"position":2},"title":"Combust\u00edvel do Futuro: Investimentos podem chegar a R$ 260 bilh\u00f5es","author":"ismaelcolosi.com.br","date":"8 de October de 2024","format":false,"excerpt":"O presidente Luiz In\u00e1cio Lula da Silva (PT) assinou, nesta ter\u00e7a-feira (8), a Lei Combust\u00edvel do Futuro, que incentiva a produ\u00e7\u00e3o e uso de combust\u00edveis sustent\u00e1veis. A previs\u00e3o do Governo Federal \u00e9 que o novo marco possa gerar mais de R$ 260 bilh\u00f5es de investimentos no agro e na cadeia\u2026","rel":"","context":"In &quot;Not\u00edcias de Ribeir\u00e3o Preto-SP e Regi\u00e3o&quot;","block_context":{"text":"Not\u00edcias de Ribeir\u00e3o Preto-SP e Regi\u00e3o","link":"https:\/\/ismaelcolosi.com.br\/index.php\/category\/noticias-de-ribeirao-preto-sp-e-regiao-ismael-colosi\/"},"img":{"alt_text":"","src":"https:\/\/i0.wp.com\/ismaelcolosi.com.br\/wp-content\/uploads\/2024\/10\/etanol_biocombustivel_1024x576_07052021163315.jpg?fit=1024%2C614&ssl=1&resize=350%2C200","width":350,"height":200,"srcset":"https:\/\/i0.wp.com\/ismaelcolosi.com.br\/wp-content\/uploads\/2024\/10\/etanol_biocombustivel_1024x576_07052021163315.jpg?fit=1024%2C614&ssl=1&resize=350%2C200 1x, https:\/\/i0.wp.com\/ismaelcolosi.com.br\/wp-content\/uploads\/2024\/10\/etanol_biocombustivel_1024x576_07052021163315.jpg?fit=1024%2C614&ssl=1&resize=525%2C300 1.5x, https:\/\/i0.wp.com\/ismaelcolosi.com.br\/wp-content\/uploads\/2024\/10\/etanol_biocombustivel_1024x576_07052021163315.jpg?fit=1024%2C614&ssl=1&resize=700%2C400 2x"},"classes":[]},{"id":68557,"url":"https:\/\/ismaelcolosi.com.br\/index.php\/2024\/09\/30\/varejista-tem-36-mil-vagas-temporarias-abertas-ha-oportunidades-para-ribeirao-e-franca\/","url_meta":{"origin":68539,"position":3},"title":"Varejista tem 3,6 mil vagas tempor\u00e1rias abertas; H\u00e1 oportunidades para Ribeir\u00e3o e Franca","author":"ismaelcolosi.com.br","date":"30 de September de 2024","format":false,"excerpt":"O Magalu est\u00e1 com 3.600 vagas tempor\u00e1rias abertas para trabalhar durante a Black Friday, Natal e queima de estoque realizada no come\u00e7o de 2025. As oportunidades est\u00e3o espalhadas por 34 cidades, incluindo, Franca e Ribeir\u00e3o Preto. Conforme a empresa, os contratados v\u00e3o refor\u00e7ar a opera\u00e7\u00e3o log\u00edstica da companhia durante as\u2026","rel":"","context":"In &quot;Not\u00edcias de Ribeir\u00e3o Preto-SP e Regi\u00e3o&quot;","block_context":{"text":"Not\u00edcias de Ribeir\u00e3o Preto-SP e Regi\u00e3o","link":"https:\/\/ismaelcolosi.com.br\/index.php\/category\/noticias-de-ribeirao-preto-sp-e-regiao-ismael-colosi\/"},"img":{"alt_text":"","src":"https:\/\/i0.wp.com\/ismaelcolosi.com.br\/wp-content\/uploads\/2024\/07\/Copia-de-Copia-de-TAMANHO-EXATO-PARA-FOTOS-NO-SISTEMA-NOVO-4_2024-07-22_17-22-00_jpg_2024-07-22_17-22-00.webp.webp?fit=1200%2C675&ssl=1&resize=350%2C200","width":350,"height":200,"srcset":"https:\/\/i0.wp.com\/ismaelcolosi.com.br\/wp-content\/uploads\/2024\/07\/Copia-de-Copia-de-TAMANHO-EXATO-PARA-FOTOS-NO-SISTEMA-NOVO-4_2024-07-22_17-22-00_jpg_2024-07-22_17-22-00.webp.webp?fit=1200%2C675&ssl=1&resize=350%2C200 1x, https:\/\/i0.wp.com\/ismaelcolosi.com.br\/wp-content\/uploads\/2024\/07\/Copia-de-Copia-de-TAMANHO-EXATO-PARA-FOTOS-NO-SISTEMA-NOVO-4_2024-07-22_17-22-00_jpg_2024-07-22_17-22-00.webp.webp?fit=1200%2C675&ssl=1&resize=525%2C300 1.5x, https:\/\/i0.wp.com\/ismaelcolosi.com.br\/wp-content\/uploads\/2024\/07\/Copia-de-Copia-de-TAMANHO-EXATO-PARA-FOTOS-NO-SISTEMA-NOVO-4_2024-07-22_17-22-00_jpg_2024-07-22_17-22-00.webp.webp?fit=1200%2C675&ssl=1&resize=700%2C400 2x, https:\/\/i0.wp.com\/ismaelcolosi.com.br\/wp-content\/uploads\/2024\/07\/Copia-de-Copia-de-TAMANHO-EXATO-PARA-FOTOS-NO-SISTEMA-NOVO-4_2024-07-22_17-22-00_jpg_2024-07-22_17-22-00.webp.webp?fit=1200%2C675&ssl=1&resize=1050%2C600 3x"},"classes":[]},{"id":51156,"url":"https:\/\/ismaelcolosi.com.br\/index.php\/2024\/05\/23\/entenda-o-que-o-presidente-lula-vem-fazer-na-regiao-de-ribeirao-preto\/","url_meta":{"origin":68539,"position":4},"title":"Entenda o que o presidente Lula vem fazer na regi\u00e3o de Ribeir\u00e3o Preto","author":"ismaelcolosi.com.br","date":"23 de May de 2024","format":false,"excerpt":"O presidente da Rep\u00fablica, Luiz In\u00e1cio Lula da Silva (PT), estar\u00e1 nesta sexta-feira (24) em Guariba, cidade a 56 quil\u00f4metros de Ribeir\u00e3o Preto, para participar da inaugura\u00e7\u00e3o da planta industrial de etanol de 2\u00aa gera\u00e7\u00e3o (E2G) da Ra\u00edzen. A visita \u00e0 usina, que produzir\u00e1 biocombust\u00edvel a partir do baga\u00e7o da\u2026","rel":"","context":"In &quot;Not\u00edcias de Ribeir\u00e3o Preto-SP e Regi\u00e3o&quot;","block_context":{"text":"Not\u00edcias de Ribeir\u00e3o Preto-SP e Regi\u00e3o","link":"https:\/\/ismaelcolosi.com.br\/index.php\/category\/noticias-de-ribeirao-preto-sp-e-regiao-ismael-colosi\/"},"img":{"alt_text":"","src":"https:\/\/i0.wp.com\/ismaelcolosi.com.br\/wp-content\/uploads\/2024\/05\/Copia-de-Copia-de-TAMANHO-EXATO-PARA-FOTOS-NO-SISTEMA-NOVO-34_2024-05-23_14-41-53_jpg_2024-05-23_14-41-53.webp.webp?fit=1200%2C675&ssl=1&resize=350%2C200","width":350,"height":200,"srcset":"https:\/\/i0.wp.com\/ismaelcolosi.com.br\/wp-content\/uploads\/2024\/05\/Copia-de-Copia-de-TAMANHO-EXATO-PARA-FOTOS-NO-SISTEMA-NOVO-34_2024-05-23_14-41-53_jpg_2024-05-23_14-41-53.webp.webp?fit=1200%2C675&ssl=1&resize=350%2C200 1x, https:\/\/i0.wp.com\/ismaelcolosi.com.br\/wp-content\/uploads\/2024\/05\/Copia-de-Copia-de-TAMANHO-EXATO-PARA-FOTOS-NO-SISTEMA-NOVO-34_2024-05-23_14-41-53_jpg_2024-05-23_14-41-53.webp.webp?fit=1200%2C675&ssl=1&resize=525%2C300 1.5x, https:\/\/i0.wp.com\/ismaelcolosi.com.br\/wp-content\/uploads\/2024\/05\/Copia-de-Copia-de-TAMANHO-EXATO-PARA-FOTOS-NO-SISTEMA-NOVO-34_2024-05-23_14-41-53_jpg_2024-05-23_14-41-53.webp.webp?fit=1200%2C675&ssl=1&resize=700%2C400 2x, https:\/\/i0.wp.com\/ismaelcolosi.com.br\/wp-content\/uploads\/2024\/05\/Copia-de-Copia-de-TAMANHO-EXATO-PARA-FOTOS-NO-SISTEMA-NOVO-34_2024-05-23_14-41-53_jpg_2024-05-23_14-41-53.webp.webp?fit=1200%2C675&ssl=1&resize=1050%2C600 3x"},"classes":[]},{"id":40241,"url":"https:\/\/ismaelcolosi.com.br\/index.php\/2024\/03\/01\/com-atuacao-em-ribeirao-preto-empresa-planeja-investimentos-de-r-500-milhoes\/","url_meta":{"origin":68539,"position":5},"title":"Com atua\u00e7\u00e3o em Ribeir\u00e3o Preto, empresa planeja investimentos de R$ 500 milh\u00f5es","author":"ismaelcolosi.com.br","date":"1 de March de 2024","format":false,"excerpt":"Com atua\u00e7\u00e3o em Ribeir\u00e3o Preto, o Grupo Tracbel assumiu 10 concession\u00e1rias da John Deere no Estado de S\u00e3o Paulo e planeja investimentos de R$ 500 milh\u00f5es at\u00e9 2026. A empresa tamb\u00e9m anunciou a cria\u00e7\u00e3o da unidade Agro, com sede em Ribeir\u00e3o Preto. A nova unidade de neg\u00f3cios \u00e9 voltada para\u2026","rel":"","context":"In &quot;Not\u00edcias de Ribeir\u00e3o Preto-SP e Regi\u00e3o&quot;","block_context":{"text":"Not\u00edcias de Ribeir\u00e3o Preto-SP e Regi\u00e3o","link":"https:\/\/ismaelcolosi.com.br\/index.php\/category\/noticias-de-ribeirao-preto-sp-e-regiao-ismael-colosi\/"},"img":{"alt_text":"","src":"https:\/\/i0.wp.com\/ismaelcolosi.com.br\/wp-content\/uploads\/2024\/03\/AnyConv.com__maquinas-john-deere.webp.webp?fit=1200%2C802&ssl=1&resize=350%2C200","width":350,"height":200,"srcset":"https:\/\/i0.wp.com\/ismaelcolosi.com.br\/wp-content\/uploads\/2024\/03\/AnyConv.com__maquinas-john-deere.webp.webp?fit=1200%2C802&ssl=1&resize=350%2C200 1x, https:\/\/i0.wp.com\/ismaelcolosi.com.br\/wp-content\/uploads\/2024\/03\/AnyConv.com__maquinas-john-deere.webp.webp?fit=1200%2C802&ssl=1&resize=525%2C300 1.5x, https:\/\/i0.wp.com\/ismaelcolosi.com.br\/wp-content\/uploads\/2024\/03\/AnyConv.com__maquinas-john-deere.webp.webp?fit=1200%2C802&ssl=1&resize=700%2C400 2x, https:\/\/i0.wp.com\/ismaelcolosi.com.br\/wp-content\/uploads\/2024\/03\/AnyConv.com__maquinas-john-deere.webp.webp?fit=1200%2C802&ssl=1&resize=1050%2C600 3x"},"classes":[]}],"jetpack_sharing_enabled":true,"jetpack_shortlink":"https:\/\/wp.me\/pfMlyK-hPt","_links":{"self":[{"href":"https:\/\/ismaelcolosi.com.br\/index.php\/wp-json\/wp\/v2\/posts\/68539","targetHints":{"allow":["GET"]}}],"collection":[{"href":"https:\/\/ismaelcolosi.com.br\/index.php\/wp-json\/wp\/v2\/posts"}],"about":[{"href":"https:\/\/ismaelcolosi.com.br\/index.php\/wp-json\/wp\/v2\/types\/post"}],"author":[{"embeddable":true,"href":"https:\/\/ismaelcolosi.com.br\/index.php\/wp-json\/wp\/v2\/users\/1"}],"replies":[{"embeddable":true,"href":"https:\/\/ismaelcolosi.com.br\/index.php\/wp-json\/wp\/v2\/comments?post=68539"}],"version-history":[{"count":0,"href":"https:\/\/ismaelcolosi.com.br\/index.php\/wp-json\/wp\/v2\/posts\/68539\/revisions"}],"wp:featuredmedia":[{"embeddable":true,"href":"https:\/\/ismaelcolosi.com.br\/index.php\/wp-json\/wp\/v2\/media\/68540"}],"wp:attachment":[{"href":"https:\/\/ismaelcolosi.com.br\/index.php\/wp-json\/wp\/v2\/media?parent=68539"}],"wp:term":[{"taxonomy":"category","embeddable":true,"href":"https:\/\/ismaelcolosi.com.br\/index.php\/wp-json\/wp\/v2\/categories?post=68539"},{"taxonomy":"post_tag","embeddable":true,"href":"https:\/\/ismaelcolosi.com.br\/index.php\/wp-json\/wp\/v2\/tags?post=68539"}],"curies":[{"name":"wp","href":"https:\/\/api.w.org\/{rel}","templated":true}]}}