{"id":68532,"date":"2024-09-30T16:36:07","date_gmt":"2024-09-30T19:36:07","guid":{"rendered":"https:\/\/ismaelcolosi.com.br\/index.php\/2024\/09\/30\/tudo-sobre-o-show-do-natiruts-em-ribeirao-preto\/"},"modified":"2024-09-30T16:36:07","modified_gmt":"2024-09-30T19:36:07","slug":"tudo-sobre-o-show-do-natiruts-em-ribeirao-preto","status":"publish","type":"post","link":"https:\/\/ismaelcolosi.com.br\/index.php\/2024\/09\/30\/tudo-sobre-o-show-do-natiruts-em-ribeirao-preto\/","title":{"rendered":"Tudo sobre o show do Natiruts em Ribeir\u00e3o Preto"},"content":{"rendered":"<p> <br \/>\n<\/p>\n<p>A banda de reggae <strong>Natiruts <\/strong>se apresenta em <strong>Ribeir\u00e3o Preto<\/strong> no pr\u00f3ximo s\u00e1bado (12), no est\u00e1dio Palma Travassos, zona Leste do munic\u00edpio. <mark style=\"background-color:#fcb900\" class=\"has-inline-color\"><strong>Os ingressos ainda est\u00e3o dispon\u00edveis \u2013 veja abaixo<\/strong><\/mark>.<\/p>\n<p>O show faz parte da turn\u00ea \u201c<strong>Leve Com Voc\u00ea<\/strong>\u201d que marca o <strong>encerramento do grupo<\/strong>, ap\u00f3s 28 anos de trajet\u00f3ria. <a href=\"https:\/\/www.instagram.com\/reel\/C30pI0oO0yl\/?utm_source=ig_web_copy_link\" target=\"_blank\" rel=\"noreferrer noopener\">O an\u00fancio aconteceu em <strong>fevereiro<\/strong> deste ano, atrav\u00e9s de um v\u00eddeo nas <strong>redes sociais<\/strong>.<\/a><\/p>\n<h3 class=\"wp-block-heading\"><strong>Confira tudo o que voc\u00ea precisa saber sobre a turn\u00ea de despedida<\/strong> <strong>do Natiruts<\/strong>:<\/h3>\n<h4 class=\"wp-block-heading\"><strong>Ingressos<\/strong><\/h4>\n<p>Os ingressos <strong>ainda est\u00e3o dispon\u00edveis <\/strong>e podem ser adquiridos de <strong>forma on-line (<a href=\"https:\/\/www.eventim.com.br\/event\/natiruts-estadio-do-comercial-18332785\/?esid=3020411&amp;promo_id=136317\" target=\"_blank\" rel=\"noreferrer noopener\">clique aqui<\/a>)<\/strong>. Confira os valores:<\/p>\n<ul>\n<li><strong>Pista <\/strong>\u2013 R$ 85,00 (meia estudante) | R$ 102 (ingresso social) | R$ 170 (inteira)<\/li>\n<\/ul>\n<ul>\n<li><strong>Pista Premium <\/strong>\u2013 R$ 170 (meia) | R$ 204 (ingresso social) | R$ 340 (inteira)<\/li>\n<\/ul>\n<h4 class=\"wp-block-heading\"><strong>Quem tem direito a entrada meia-social?<\/strong><\/h4>\n<p>Qualquer pessoa pode adquirir o <strong>ingresso meia-social<\/strong>, contudo, <mark style=\"background-color:#fcb900\" class=\"has-inline-color\">\u00e9 necess\u00e1ria a <strong>doa\u00e7\u00e3o de 1 kg de alimento<\/strong> n\u00e3o perec\u00edvel no dia do evento.<\/mark><\/p>\n<p>Aqueles que <strong>possuem o direito da meia-entrada n\u00e3o precisam levar o alimento<\/strong>, no entanto, precisam apresentar o <strong>documento <\/strong>que <strong>comprove <\/strong>o benef\u00edcio.<\/p>\n<h4 class=\"wp-block-heading\"><strong>Qual \u00e9 o hor\u00e1rio da apresenta\u00e7\u00e3o?<\/strong><\/h4>\n<p>Os port\u00f5es do <strong>est\u00e1dio Palma Travassos<\/strong>, localizado na avenida Dr. Pl\u00ednio de Castro Prado, 1000, no Jardim Paulista, zona Leste de <strong>Ribeir\u00e3o Preto<\/strong>, <mark style=\"background-color:#fcb900\" class=\"has-inline-color\"><strong>ser\u00e3o abertos \u00e0s 19h, por\u00e9m, a apresenta\u00e7\u00e3o do Natiruts come\u00e7a \u00e0s 21h.<\/strong><\/mark><\/p>\n<h4 class=\"wp-block-heading\"><strong>Qual ser\u00e1 o setlist do show?<\/strong><\/h4>\n<p>O <strong>setlist <\/strong>para a apresenta\u00e7\u00e3o em <strong>Ribeir\u00e3o Preto<\/strong> n\u00e3o foi divulgado. Contudo, a organiza\u00e7\u00e3o garante que o repert\u00f3rio contar\u00e1 com <strong>m\u00fasicas antigas<\/strong>, <strong>lados b<\/strong> e os <strong>grandes hits<\/strong> do <strong>Natiruts<\/strong>. Al\u00e9m disso, a apresenta\u00e7\u00e3o ter\u00e1 alguns elementos surpresa.<\/p>\n<h4 class=\"wp-block-heading\"><strong>O que pode e n\u00e3o pode levar?<\/strong><\/h4>\n<figure class=\"wp-block-table\">\n<table>\n<tbody>\n<tr>\n<td>\u2022 Garrafas t\u00e9rmicas feitas de vidro, a\u00e7o inoxid\u00e1vel, metal, pl\u00e1stico ou qualquer tipo de objeto r\u00edgido que possa causar ferimentos ;<\/td>\n<td>\u2022 Copos, garrafas, garrafas t\u00e9rmicas de vidro, a\u00e7o inoxid\u00e1vel, metal, pl\u00e1stico ou qualquer tipo de objeto r\u00edgido que possa causar ferimentos.<\/td>\n<\/tr>\n<tr>\n<td>\u2022 Garrafas pl\u00e1sticas de \u00e1gua mineral ( autorizada desde que a tampa seja retirada ) .<\/td>\n<td>\u2022 Alimentos ou bebidas adquiridos fora do evento.<\/td>\n<\/tr>\n<tr>\n<td>\u2022 Alimentos ou bebidas adquirid a s fora do evento.<\/td>\n<td>\u2022 Bebidas Alco\u00f3licas.<\/td>\n<\/tr>\n<tr>\n<td>\u2022 Bebidas alco\u00f3licas.<\/td>\n<td>\u2022 Drogas ilegais, subst\u00e2ncias t\u00f3xicas ou produtos partilhados com terceiros por raz\u00f5es m\u00e9dicas.<\/td>\n<\/tr>\n<tr>\n<td>\u2022 Drogas ilegais, subst\u00e2ncias t\u00f3xicas ou produtos compartilhados com outros por raz\u00f5es m\u00e9dicas.<\/td>\n<td>\u2022 Materiais destinados \u00e0 fabrica\u00e7\u00e3o de bombas ou que possam causar inc\u00eandio.<\/td>\n<\/tr>\n<tr>\n<td>\u2022 Materiais destinados \u00e0 fabrica\u00e7\u00e3o de bombas ou que possam causar inc\u00eandio.<\/td>\n<td>\u2022 Armas de fogo ou brancas de qualquer tipo.<\/td>\n<\/tr>\n<tr>\n<td>\u2022 Armas de fogo , armas n\u00e3o letais ou armas brancas de qualquer tipo.<\/td>\n<td>\u2022 Pistolas de \u00e1gua.<\/td>\n<\/tr>\n<tr>\n<td>\u2022 Pistolas de \u00e1gua.<\/td>\n<td>\u2022 Fogos de artif\u00edcio.<\/td>\n<\/tr>\n<tr>\n<td>\u2022 Fogos de artif\u00edcio.<\/td>\n<td>\u2022 Rolos de pap\u00e9is, livros, jornais, revistas, folhetos e materiais promocionais de qualquer tipo.<\/td>\n<\/tr>\n<tr>\n<td>\u2022 Rolo de papel , livros, jornais, revistas, panfletos e materiais promocionais de qualquer tipo.<\/td>\n<td>\u2022 Bandeiras e estandartes com paus e cartazes de qualquer tipo.<\/td>\n<\/tr>\n<tr>\n<td>\u2022 Bandeiras e banners com hastes e cartazes de qualquer tipo.<\/td>\n<td>\u2022 Guarda-chuvas.<\/td>\n<\/tr>\n<tr>\n<td>\u2022 Guarda &#8211; chuvas.<\/td>\n<td>\u2022 Tupperware.<\/td>\n<\/tr>\n<tr>\n<td>\u2022 Tupperware.<\/td>\n<td>\u2022 Roupas ou acess\u00f3rios com partes pontiagudas ou de vidro que possam ferir.<\/td>\n<\/tr>\n<tr>\n<td>\u2022 Roupas ou acess\u00f3rios com partes afiadas ou de vidro que possam ferir.<\/td>\n<td>\u2022 Correntes, algemas, soqueiras.<\/td>\n<\/tr>\n<tr>\n<td>\u2022 Correntes, algemas, soqueiras.<\/td>\n<td>\u2022 Adesivos para selfies.<\/td>\n<\/tr>\n<tr>\n<td>\u2022 Bast\u00e3o de selfie.<\/td>\n<td>\u2022 Buzinas a ar.<\/td>\n<\/tr>\n<tr>\n<td>\u2022 Cornetas de ar.<\/td>\n<td>\u2022 Instrumentos musicais.<\/td>\n<\/tr>\n<tr>\n<td>\u2022 Instrumentos musicais.<\/td>\n<td>\u2022 Cadeiras ou bancos.<\/td>\n<\/tr>\n<tr>\n<td>\u2022 Cigarro eletr \u00f4nico.<\/td>\n<td>\u2022 C\u00e2meras ou gravadores de v\u00eddeo profissionais ou com lentes remov\u00edveis.<\/td>\n<\/tr>\n<tr>\n<td>\u2022 Cadeiras ou bancos.<\/td>\n<td>\u2022 Go &#8211; Pro (ou similar), Tablets.<\/td>\n<\/tr>\n<tr>\n<td>\u2022 C\u00e2meras profissionais ou c\u00e2meras de v\u00eddeo com lentes remov\u00edveis.<\/td>\n<td>\u2022 Capacetes para motociclistas ou similares.<\/td>\n<\/tr>\n<tr>\n<td>\u2022 GoPro (ou similar), Tablets.<\/td>\n<td>\u2022 Ponteiros laser.<\/td>\n<\/tr>\n<tr>\n<td>\u2022 Capacetes de motocicleta ou similares.<\/td>\n<td>\u2022 Vaper, cigarro eletr\u00f4nico<\/td>\n<\/tr>\n<tr>\n<td>\u2022 Apontadores laser.<\/td>\n<td>\u2022 Walkie \u2013 talkie e drones.<\/td>\n<\/tr>\n<tr>\n<td>\u2022 Walkie &#8211; talkies e drones.<\/td>\n<td>\u2022 Animais \u2013 exceto c\u00e3es-guia.<\/td>\n<\/tr>\n<tr>\n<td>\u2022 Animais &#8211; exceto c\u00e3es &#8211; guia.<\/td>\n<td>\u2022 Skates, bicicletas, patinetes (eletr\u00f4nicos, el\u00e9tricos ou n\u00e3o).<\/td>\n<\/tr>\n<tr>\n<td>\u2022 Skateboards, bicicletas, scooters (eletr\u00f4nicas, el\u00e9tricas ou n\u00e3o).<\/td>\n<td>\u2022 Malas maiores que uma mochila normal \u2013 40cm.<\/td>\n<\/tr>\n<tr>\n<td>\u2022 Bolsas maiores que uma mochila normal &#8211; 30 cm.<\/td>\n<td>\u2022 Bandeiras e cartazes pol\u00edticos.<\/td>\n<\/tr>\n<tr>\n<td>\u2022 Bandeiras e cartazes pol\u00edticos.<\/td>\n<td>\u2022 Pulseiras, credenciais, crach\u00e1s de qualquer tipo e aplicabilidade.<\/td>\n<\/tr>\n<tr>\n<td>\u2022 Pulseiras, credenciais, distintivos de qualquer tipo e aplicabilidade. \u2022<\/td>\n<td>\u2022 Outros objetos que possam causar riscos ou danos sujeitos \u00e0 an\u00e1lise da produ\u00e7\u00e3o, seguran\u00e7a ou representantes policiais<\/td>\n<\/tr>\n<tr>\n<td>Outros objetos que possam causar riscos ou danos sujeitos \u00e0 an\u00e1lise da produ\u00e7\u00e3o, seguran\u00e7a ou representantes da pol\u00edcia.<\/td>\n<td>&nbsp;<\/td>\n<\/tr>\n<\/tbody>\n<\/table>\n<\/figure>\n<hr class=\"wp-block-separator has-alpha-channel-opacity\" \/>\n<p>SAIBA MAIS<\/p>\n<p>Conhe\u00e7a cinco cidades no interior de SP para aproveitar a primavera<\/p>\n<h4 class=\"wp-block-heading\"><strong>FIQUE ON<\/strong><\/h4>\n<p>Fique ligado em tudo que acontece em Ribeir\u00e3o Preto e regi\u00e3o. Siga os perfis do&nbsp;<strong>acidade on&nbsp;<\/strong>no&nbsp;<a href=\"https:\/\/www.instagram.com\/acidadeonribeirao\" target=\"_blank\" rel=\"noreferrer noopener\">Instagram<\/a>&nbsp;e no&nbsp;<a href=\"https:\/\/www.facebook.com\/acidadeonribeirao\" target=\"_blank\" rel=\"noreferrer noopener\">Facebook<\/a>.<\/p>\n<p>Receba not\u00edcias do&nbsp;<strong>acidade on<\/strong>&nbsp;no WhatsApp. Para entrar no grupo, basta&nbsp;<a href=\"https:\/\/chat.whatsapp.com\/Dtv9mxhy6V5BJBotM2OQ5k\" target=\"_blank\" rel=\"noreferrer noopener\">clicar aqui<\/a>.<\/p>\n<p>Fa\u00e7a uma den\u00fancia ou sugira uma reportagem sobre Ribeir\u00e3o Preto e regi\u00e3o pelo WhatsApp: 16 99117 7802.<\/p>\n<p>VEJA TAMB\u00c9M<\/p>\n<p>O que aconteceu no furac\u00e3o da Fl\u00f3rida?<\/p>\n<p>O post Tudo sobre o show do Natiruts em Ribeir\u00e3o Preto apareceu primeiro em ACidade ON Ribeir\u00e3o Preto.<\/p>\n<p><script async src=\"\/\/www.instagram.com\/embed.js\"><\/script><br \/>\n<br \/><br \/>\n<br \/><a href=\"https:\/\/www.acidadeon.com\/ribeiraopreto\/lazer-e-cultura\/tudo-sobre-o-show-do-natiruts-em-ribeirao-preto\/\">Source link <\/a><\/p>\n<div class='code-block code-block-4' style='margin: 8px auto 8px 0; text-align: left; display: block; clear: both;'>\n\ud83d\udce2 Aviso Legal\n\nO site ismaelcolosi.com.br atua apenas como um canal de divulga\u00e7\u00e3o de oportunidades de emprego e n\u00e3o se responsabiliza pelo processo seletivo, contrata\u00e7\u00e3o ou qualquer outra etapa relacionada \u00e0s vagas publicadas. Todas as informa\u00e7\u00f5es s\u00e3o de responsabilidade dos anunciantes.\n\n\u26a0\ufe0f Aten\u00e7\u00e3o! Nunca pague por promessas de emprego nem compre cursos que garantam contrata\u00e7\u00e3o. Desconfie de qualquer cobran\u00e7a para participar de sele\u00e7\u00f5es.\n\n\n\n<\/div>\n<!-- CONTENT END 1 -->\n","protected":false},"excerpt":{"rendered":"<p>A banda de reggae Natiruts se apresenta em Ribeir\u00e3o Preto no pr\u00f3ximo s\u00e1bado (12), no est\u00e1dio Palma Travassos, zona Leste do munic\u00edpio. Os ingressos ainda&#8230;<\/p>\n","protected":false},"author":1,"featured_media":63942,"comment_status":"open","ping_status":"open","sticky":false,"template":"","format":"standard","meta":{"_uag_custom_page_level_css":"","advanced_seo_description":"","jetpack_seo_html_title":"","jetpack_seo_noindex":false,"jetpack_post_was_ever_published":false,"_jetpack_newsletter_access":"","_jetpack_dont_email_post_to_subs":false,"_jetpack_newsletter_tier_id":0,"_jetpack_memberships_contains_paywalled_content":false,"_jetpack_memberships_contains_paid_content":false,"footnotes":"","jetpack_publicize_message":"","jetpack_publicize_feature_enabled":true,"jetpack_social_post_already_shared":true,"jetpack_social_options":{"image_generator_settings":{"template":"highway","default_image_id":0,"font":"","enabled":false},"version":2}},"categories":[11],"tags":[],"class_list":["post-68532","post","type-post","status-publish","format-standard","has-post-thumbnail","hentry","category-noticias-de-ribeirao-preto-sp-e-regiao-ismael-colosi"],"jetpack_publicize_connections":[],"jetpack_featured_media_url":"https:\/\/i0.wp.com\/ismaelcolosi.com.br\/wp-content\/uploads\/2024\/09\/Copia-de-Copia-de-Copia-de-TAMANHO-EXATO-PARA-FOTOS-NO-SISTEMA-NOVO-29_2024-09-04_18-15-47_png_2024-09-04_18-15-47.webp.webp?fit=1200%2C675&ssl=1","uagb_featured_image_src":{"full":["https:\/\/i0.wp.com\/ismaelcolosi.com.br\/wp-content\/uploads\/2024\/09\/Copia-de-Copia-de-Copia-de-TAMANHO-EXATO-PARA-FOTOS-NO-SISTEMA-NOVO-29_2024-09-04_18-15-47_png_2024-09-04_18-15-47.webp.webp?fit=1200%2C675&ssl=1",1200,675,false],"thumbnail":["https:\/\/i0.wp.com\/ismaelcolosi.com.br\/wp-content\/uploads\/2024\/09\/Copia-de-Copia-de-Copia-de-TAMANHO-EXATO-PARA-FOTOS-NO-SISTEMA-NOVO-29_2024-09-04_18-15-47_png_2024-09-04_18-15-47.webp.webp?resize=150%2C150&ssl=1",150,150,true],"medium":["https:\/\/i0.wp.com\/ismaelcolosi.com.br\/wp-content\/uploads\/2024\/09\/Copia-de-Copia-de-Copia-de-TAMANHO-EXATO-PARA-FOTOS-NO-SISTEMA-NOVO-29_2024-09-04_18-15-47_png_2024-09-04_18-15-47.webp.webp?fit=300%2C169&ssl=1",300,169,true],"medium_large":["https:\/\/i0.wp.com\/ismaelcolosi.com.br\/wp-content\/uploads\/2024\/09\/Copia-de-Copia-de-Copia-de-TAMANHO-EXATO-PARA-FOTOS-NO-SISTEMA-NOVO-29_2024-09-04_18-15-47_png_2024-09-04_18-15-47.webp.webp?fit=768%2C432&ssl=1",768,432,true],"large":["https:\/\/i0.wp.com\/ismaelcolosi.com.br\/wp-content\/uploads\/2024\/09\/Copia-de-Copia-de-Copia-de-TAMANHO-EXATO-PARA-FOTOS-NO-SISTEMA-NOVO-29_2024-09-04_18-15-47_png_2024-09-04_18-15-47.webp.webp?fit=1024%2C576&ssl=1",1024,576,true],"1536x1536":["https:\/\/i0.wp.com\/ismaelcolosi.com.br\/wp-content\/uploads\/2024\/09\/Copia-de-Copia-de-Copia-de-TAMANHO-EXATO-PARA-FOTOS-NO-SISTEMA-NOVO-29_2024-09-04_18-15-47_png_2024-09-04_18-15-47.webp.webp?fit=1200%2C675&ssl=1",1200,675,true],"2048x2048":["https:\/\/i0.wp.com\/ismaelcolosi.com.br\/wp-content\/uploads\/2024\/09\/Copia-de-Copia-de-Copia-de-TAMANHO-EXATO-PARA-FOTOS-NO-SISTEMA-NOVO-29_2024-09-04_18-15-47_png_2024-09-04_18-15-47.webp.webp?fit=1200%2C675&ssl=1",1200,675,true],"really-simple-thumb":["https:\/\/i0.wp.com\/ismaelcolosi.com.br\/wp-content\/uploads\/2024\/09\/Copia-de-Copia-de-Copia-de-TAMANHO-EXATO-PARA-FOTOS-NO-SISTEMA-NOVO-29_2024-09-04_18-15-47_png_2024-09-04_18-15-47.webp.webp?resize=370%2C247&ssl=1",370,247,true]},"uagb_author_info":{"display_name":"ismaelcolosi.com.br","author_link":"https:\/\/ismaelcolosi.com.br\/index.php\/author\/vidareal-online\/"},"uagb_comment_info":0,"uagb_excerpt":"A banda de reggae Natiruts se apresenta em Ribeir\u00e3o Preto no pr\u00f3ximo s\u00e1bado (12), no est\u00e1dio Palma Travassos, zona Leste do munic\u00edpio. Os ingressos ainda...","jetpack-related-posts":[{"id":56046,"url":"https:\/\/ismaelcolosi.com.br\/index.php\/2024\/07\/08\/turne-de-despedida-da-banda-natiruts-ainda-tem-ingressos-disponiveis-em-ribeirao-preto\/","url_meta":{"origin":68532,"position":0},"title":"Turn\u00ea de despedida da banda Natiruts ainda tem ingressos dispon\u00edveis em Ribeir\u00e3o Preto","author":"ismaelcolosi.com.br","date":"8 de July de 2024","format":false,"excerpt":"Os ingressos para a turn\u00ea \u2018Leve Com Voc\u00ea\u2019, que marca o encerramento da banda de reggae Natiruts, ap\u00f3s 28 anos de trajet\u00f3ria, acontece no dia 12 de outubro em Ribeir\u00e3o Preto. A apresenta\u00e7\u00e3o ser\u00e1 realizada no est\u00e1dio Palma Travassos, na zona Leste da cidade. Os ingressos ainda est\u00e3o dispon\u00edveis e\u2026","rel":"","context":"In &quot;Not\u00edcias de Ribeir\u00e3o Preto-SP e Regi\u00e3o&quot;","block_context":{"text":"Not\u00edcias de Ribeir\u00e3o Preto-SP e Regi\u00e3o","link":"https:\/\/ismaelcolosi.com.br\/index.php\/category\/noticias-de-ribeirao-preto-sp-e-regiao-ismael-colosi\/"},"img":{"alt_text":"","src":"https:\/\/i0.wp.com\/ismaelcolosi.com.br\/wp-content\/uploads\/2024\/07\/Capturar-25.jpg?fit=915%2C621&ssl=1&resize=350%2C200","width":350,"height":200,"srcset":"https:\/\/i0.wp.com\/ismaelcolosi.com.br\/wp-content\/uploads\/2024\/07\/Capturar-25.jpg?fit=915%2C621&ssl=1&resize=350%2C200 1x, https:\/\/i0.wp.com\/ismaelcolosi.com.br\/wp-content\/uploads\/2024\/07\/Capturar-25.jpg?fit=915%2C621&ssl=1&resize=525%2C300 1.5x, https:\/\/i0.wp.com\/ismaelcolosi.com.br\/wp-content\/uploads\/2024\/07\/Capturar-25.jpg?fit=915%2C621&ssl=1&resize=700%2C400 2x"},"classes":[]},{"id":63941,"url":"https:\/\/ismaelcolosi.com.br\/index.php\/2024\/09\/04\/natiruts-em-ribeirao-preto-veja-como-comprar-ingressos\/","url_meta":{"origin":68532,"position":1},"title":"Natiruts em Ribeir\u00e3o Preto: Veja como comprar ingressos","author":"ismaelcolosi.com.br","date":"4 de September de 2024","format":false,"excerpt":"A banda de reggae Natiruts desembarca em Ribeir\u00e3o Preto no dia 12 de outubro com a turn\u00ea \u2018Leve Com Voc\u00ea\u2019, que marca o encerramento do grupo ap\u00f3s 28 anos de trajet\u00f3ria. A apresenta\u00e7\u00e3o acontece no est\u00e1dio do Palma Travassos, no bairro Jardim Paulista, zona Leste do munic\u00edpio. Respons\u00e1vel por grandes\u2026","rel":"","context":"In &quot;Not\u00edcias de Ribeir\u00e3o Preto-SP e Regi\u00e3o&quot;","block_context":{"text":"Not\u00edcias de Ribeir\u00e3o Preto-SP e Regi\u00e3o","link":"https:\/\/ismaelcolosi.com.br\/index.php\/category\/noticias-de-ribeirao-preto-sp-e-regiao-ismael-colosi\/"},"img":{"alt_text":"","src":"https:\/\/i0.wp.com\/ismaelcolosi.com.br\/wp-content\/uploads\/2024\/09\/Copia-de-Copia-de-Copia-de-TAMANHO-EXATO-PARA-FOTOS-NO-SISTEMA-NOVO-29_2024-09-04_18-15-47_png_2024-09-04_18-15-47.webp.webp?fit=1200%2C675&ssl=1&resize=350%2C200","width":350,"height":200,"srcset":"https:\/\/i0.wp.com\/ismaelcolosi.com.br\/wp-content\/uploads\/2024\/09\/Copia-de-Copia-de-Copia-de-TAMANHO-EXATO-PARA-FOTOS-NO-SISTEMA-NOVO-29_2024-09-04_18-15-47_png_2024-09-04_18-15-47.webp.webp?fit=1200%2C675&ssl=1&resize=350%2C200 1x, https:\/\/i0.wp.com\/ismaelcolosi.com.br\/wp-content\/uploads\/2024\/09\/Copia-de-Copia-de-Copia-de-TAMANHO-EXATO-PARA-FOTOS-NO-SISTEMA-NOVO-29_2024-09-04_18-15-47_png_2024-09-04_18-15-47.webp.webp?fit=1200%2C675&ssl=1&resize=525%2C300 1.5x, https:\/\/i0.wp.com\/ismaelcolosi.com.br\/wp-content\/uploads\/2024\/09\/Copia-de-Copia-de-Copia-de-TAMANHO-EXATO-PARA-FOTOS-NO-SISTEMA-NOVO-29_2024-09-04_18-15-47_png_2024-09-04_18-15-47.webp.webp?fit=1200%2C675&ssl=1&resize=700%2C400 2x, https:\/\/i0.wp.com\/ismaelcolosi.com.br\/wp-content\/uploads\/2024\/09\/Copia-de-Copia-de-Copia-de-TAMANHO-EXATO-PARA-FOTOS-NO-SISTEMA-NOVO-29_2024-09-04_18-15-47_png_2024-09-04_18-15-47.webp.webp?fit=1200%2C675&ssl=1&resize=1050%2C600 3x"},"classes":[]},{"id":39604,"url":"https:\/\/ismaelcolosi.com.br\/index.php\/2024\/02\/27\/banda-natiruts-anuncia-show-em-ribeirao-com-turne-de-despedida\/","url_meta":{"origin":68532,"position":2},"title":"Banda Natiruts anuncia show em Ribeir\u00e3o com turn\u00ea de despedida","author":"ismaelcolosi.com.br","date":"27 de February de 2024","format":false,"excerpt":"Nesta segunda-feira (26), a banda de reggae Natiruts anunciou o fim do grupo e tour de despedida, a \u201cLeve Com Voc\u00ea\u201d, com shows confirmados em 18 cidades, entre as quais Ribeir\u00e3o Preto. Em um v\u00eddeo nas redes sociais, a banda disse acreditar que j\u00e1 cumpriu sua miss\u00e3o. Formada em 1996,\u2026","rel":"","context":"In &quot;Not\u00edcias de Ribeir\u00e3o Preto-SP e Regi\u00e3o&quot;","block_context":{"text":"Not\u00edcias de Ribeir\u00e3o Preto-SP e Regi\u00e3o","link":"https:\/\/ismaelcolosi.com.br\/index.php\/category\/noticias-de-ribeirao-preto-sp-e-regiao-ismael-colosi\/"},"img":{"alt_text":"","src":"https:\/\/i0.wp.com\/ismaelcolosi.com.br\/wp-content\/uploads\/2024\/02\/Capturar-25.jpg?fit=915%2C621&ssl=1&resize=350%2C200","width":350,"height":200,"srcset":"https:\/\/i0.wp.com\/ismaelcolosi.com.br\/wp-content\/uploads\/2024\/02\/Capturar-25.jpg?fit=915%2C621&ssl=1&resize=350%2C200 1x, https:\/\/i0.wp.com\/ismaelcolosi.com.br\/wp-content\/uploads\/2024\/02\/Capturar-25.jpg?fit=915%2C621&ssl=1&resize=525%2C300 1.5x, https:\/\/i0.wp.com\/ismaelcolosi.com.br\/wp-content\/uploads\/2024\/02\/Capturar-25.jpg?fit=915%2C621&ssl=1&resize=700%2C400 2x"},"classes":[]},{"id":54198,"url":"https:\/\/ismaelcolosi.com.br\/index.php\/2024\/06\/22\/sepultura-zeca-pagodinho-henrique-e-juliano-veja-shows-confirmados-para-o-2o-semestre-em-ribeirao-preto\/","url_meta":{"origin":68532,"position":3},"title":"Sepultura, Zeca Pagodinho, Henrique e Juliano: Veja shows confirmados para o 2\u00ba semestre em Ribeir\u00e3o Preto","author":"ismaelcolosi.com.br","date":"22 de June de 2024","format":false,"excerpt":"Ribeir\u00e3o Preto t\u00eam 18 shows confirmados, at\u00e9 o momento, para o 2\u00ba semestre de 2024. Entre as atra\u00e7\u00f5es, est\u00e3o Sepultura, Zeca Pagodinho, Henrique e Juliano e Natiruts. Julho Dado Villa Lobos e Marcelo Bonfa No dia 5 de julho, o Multiplan Hall, do Ribeir\u00e3oShopping recebe o a turn\u00ea \u201cAs V\u2026","rel":"","context":"In &quot;Not\u00edcias de Ribeir\u00e3o Preto-SP e Regi\u00e3o&quot;","block_context":{"text":"Not\u00edcias de Ribeir\u00e3o Preto-SP e Regi\u00e3o","link":"https:\/\/ismaelcolosi.com.br\/index.php\/category\/noticias-de-ribeirao-preto-sp-e-regiao-ismael-colosi\/"},"img":{"alt_text":"","src":"https:\/\/i0.wp.com\/ismaelcolosi.com.br\/wp-content\/uploads\/2024\/06\/Copia-de-Copia-de-TAMANHO-EXATO-PARA-FOTOS-NO-SISTEMA-NOVO-17_2024-06-22_16-03-43_jpg_2024-06-22_16-03-43.webp.webp?fit=1200%2C675&ssl=1&resize=350%2C200","width":350,"height":200,"srcset":"https:\/\/i0.wp.com\/ismaelcolosi.com.br\/wp-content\/uploads\/2024\/06\/Copia-de-Copia-de-TAMANHO-EXATO-PARA-FOTOS-NO-SISTEMA-NOVO-17_2024-06-22_16-03-43_jpg_2024-06-22_16-03-43.webp.webp?fit=1200%2C675&ssl=1&resize=350%2C200 1x, https:\/\/i0.wp.com\/ismaelcolosi.com.br\/wp-content\/uploads\/2024\/06\/Copia-de-Copia-de-TAMANHO-EXATO-PARA-FOTOS-NO-SISTEMA-NOVO-17_2024-06-22_16-03-43_jpg_2024-06-22_16-03-43.webp.webp?fit=1200%2C675&ssl=1&resize=525%2C300 1.5x, https:\/\/i0.wp.com\/ismaelcolosi.com.br\/wp-content\/uploads\/2024\/06\/Copia-de-Copia-de-TAMANHO-EXATO-PARA-FOTOS-NO-SISTEMA-NOVO-17_2024-06-22_16-03-43_jpg_2024-06-22_16-03-43.webp.webp?fit=1200%2C675&ssl=1&resize=700%2C400 2x, https:\/\/i0.wp.com\/ismaelcolosi.com.br\/wp-content\/uploads\/2024\/06\/Copia-de-Copia-de-TAMANHO-EXATO-PARA-FOTOS-NO-SISTEMA-NOVO-17_2024-06-22_16-03-43_jpg_2024-06-22_16-03-43.webp.webp?fit=1200%2C675&ssl=1&resize=1050%2C600 3x"},"classes":[]},{"id":70549,"url":"https:\/\/ismaelcolosi.com.br\/index.php\/2024\/10\/11\/fim-de-semana-em-ribeirao-preto-tem-shows-e-programacao-de-dia-das-criancas\/","url_meta":{"origin":68532,"position":4},"title":"Fim de semana em Ribeir\u00e3o Preto tem shows e programa\u00e7\u00e3o de Dia das Crian\u00e7as","author":"ismaelcolosi.com.br","date":"11 de October de 2024","format":false,"excerpt":"Este fim de semana \u00e9 marcado pelo feriado de Nossa Senhora Aparecida e o Dia das Crian\u00e7as. Entre as atra\u00e7\u00f5es da agenda cultural est\u00e3o o show da turn\u00ea de despedida da banda Natiruts e a Romaria de Nossa Senhora, que promete reunir diversos fi\u00e9is, al\u00e9m de diversas atividades para a\u2026","rel":"","context":"In &quot;Not\u00edcias de Ribeir\u00e3o Preto-SP e Regi\u00e3o&quot;","block_context":{"text":"Not\u00edcias de Ribeir\u00e3o Preto-SP e Regi\u00e3o","link":"https:\/\/ismaelcolosi.com.br\/index.php\/category\/noticias-de-ribeirao-preto-sp-e-regiao-ismael-colosi\/"},"img":{"alt_text":"","src":"https:\/\/i0.wp.com\/ismaelcolosi.com.br\/wp-content\/uploads\/2024\/10\/children-playing-grass_2024-10-11_13-54-35_jpg_2024-10-11_13-54-38-scaled.webp.webp?fit=1200%2C800&ssl=1&resize=350%2C200","width":350,"height":200,"srcset":"https:\/\/i0.wp.com\/ismaelcolosi.com.br\/wp-content\/uploads\/2024\/10\/children-playing-grass_2024-10-11_13-54-35_jpg_2024-10-11_13-54-38-scaled.webp.webp?fit=1200%2C800&ssl=1&resize=350%2C200 1x, https:\/\/i0.wp.com\/ismaelcolosi.com.br\/wp-content\/uploads\/2024\/10\/children-playing-grass_2024-10-11_13-54-35_jpg_2024-10-11_13-54-38-scaled.webp.webp?fit=1200%2C800&ssl=1&resize=525%2C300 1.5x, https:\/\/i0.wp.com\/ismaelcolosi.com.br\/wp-content\/uploads\/2024\/10\/children-playing-grass_2024-10-11_13-54-35_jpg_2024-10-11_13-54-38-scaled.webp.webp?fit=1200%2C800&ssl=1&resize=700%2C400 2x, https:\/\/i0.wp.com\/ismaelcolosi.com.br\/wp-content\/uploads\/2024\/10\/children-playing-grass_2024-10-11_13-54-35_jpg_2024-10-11_13-54-38-scaled.webp.webp?fit=1200%2C800&ssl=1&resize=1050%2C600 3x"},"classes":[]},{"id":39679,"url":"https:\/\/ismaelcolosi.com.br\/index.php\/2024\/02\/27\/roberto-carlos-confirma-data-de-show-na-regiao-de-ribeirao-veja-como-comprar-ingressos\/","url_meta":{"origin":68532,"position":5},"title":"Roberto Carlos confirma data de show na regi\u00e3o de Ribeir\u00e3o; Veja como comprar ingressos","author":"ismaelcolosi.com.br","date":"27 de February de 2024","format":false,"excerpt":"O show do cantor Roberto Carlos em Franca, na regi\u00e3o de Ribeir\u00e3o Preto, ser\u00e1 realizado no gin\u00e1sio Pedroc\u00e3o, no dia 12 de abril, \u00e0s 21h. A venda de ingressos come\u00e7a na pr\u00f3xima quinta-feira (29), a partir das 12h. Os ingressos ser\u00e3o vendidos pela internet, no site da Eventim (clique aqui),\u2026","rel":"","context":"In &quot;Not\u00edcias de Ribeir\u00e3o Preto-SP e Regi\u00e3o&quot;","block_context":{"text":"Not\u00edcias de Ribeir\u00e3o Preto-SP e Regi\u00e3o","link":"https:\/\/ismaelcolosi.com.br\/index.php\/category\/noticias-de-ribeirao-preto-sp-e-regiao-ismael-colosi\/"},"img":{"alt_text":"","src":"https:\/\/i0.wp.com\/ismaelcolosi.com.br\/wp-content\/uploads\/2024\/02\/roberto-carlos-cantor.jpg?fit=1200%2C789&ssl=1&resize=350%2C200","width":350,"height":200,"srcset":"https:\/\/i0.wp.com\/ismaelcolosi.com.br\/wp-content\/uploads\/2024\/02\/roberto-carlos-cantor.jpg?fit=1200%2C789&ssl=1&resize=350%2C200 1x, https:\/\/i0.wp.com\/ismaelcolosi.com.br\/wp-content\/uploads\/2024\/02\/roberto-carlos-cantor.jpg?fit=1200%2C789&ssl=1&resize=525%2C300 1.5x, https:\/\/i0.wp.com\/ismaelcolosi.com.br\/wp-content\/uploads\/2024\/02\/roberto-carlos-cantor.jpg?fit=1200%2C789&ssl=1&resize=700%2C400 2x, https:\/\/i0.wp.com\/ismaelcolosi.com.br\/wp-content\/uploads\/2024\/02\/roberto-carlos-cantor.jpg?fit=1200%2C789&ssl=1&resize=1050%2C600 3x"},"classes":[]}],"jetpack_sharing_enabled":true,"jetpack_shortlink":"https:\/\/wp.me\/pfMlyK-hPm","_links":{"self":[{"href":"https:\/\/ismaelcolosi.com.br\/index.php\/wp-json\/wp\/v2\/posts\/68532","targetHints":{"allow":["GET"]}}],"collection":[{"href":"https:\/\/ismaelcolosi.com.br\/index.php\/wp-json\/wp\/v2\/posts"}],"about":[{"href":"https:\/\/ismaelcolosi.com.br\/index.php\/wp-json\/wp\/v2\/types\/post"}],"author":[{"embeddable":true,"href":"https:\/\/ismaelcolosi.com.br\/index.php\/wp-json\/wp\/v2\/users\/1"}],"replies":[{"embeddable":true,"href":"https:\/\/ismaelcolosi.com.br\/index.php\/wp-json\/wp\/v2\/comments?post=68532"}],"version-history":[{"count":0,"href":"https:\/\/ismaelcolosi.com.br\/index.php\/wp-json\/wp\/v2\/posts\/68532\/revisions"}],"wp:featuredmedia":[{"embeddable":true,"href":"https:\/\/ismaelcolosi.com.br\/index.php\/wp-json\/wp\/v2\/media\/63942"}],"wp:attachment":[{"href":"https:\/\/ismaelcolosi.com.br\/index.php\/wp-json\/wp\/v2\/media?parent=68532"}],"wp:term":[{"taxonomy":"category","embeddable":true,"href":"https:\/\/ismaelcolosi.com.br\/index.php\/wp-json\/wp\/v2\/categories?post=68532"},{"taxonomy":"post_tag","embeddable":true,"href":"https:\/\/ismaelcolosi.com.br\/index.php\/wp-json\/wp\/v2\/tags?post=68532"}],"curies":[{"name":"wp","href":"https:\/\/api.w.org\/{rel}","templated":true}]}}