{"id":68527,"date":"2024-09-30T16:07:09","date_gmt":"2024-09-30T19:07:09","guid":{"rendered":"https:\/\/ismaelcolosi.com.br\/index.php\/2024\/09\/30\/eleicoes-2024-saiba-como-justificar-a-ausencia-pelo-e-titulo\/"},"modified":"2024-09-30T16:07:09","modified_gmt":"2024-09-30T19:07:09","slug":"eleicoes-2024-saiba-como-justificar-a-ausencia-pelo-e-titulo","status":"publish","type":"post","link":"https:\/\/ismaelcolosi.com.br\/index.php\/2024\/09\/30\/eleicoes-2024-saiba-como-justificar-a-ausencia-pelo-e-titulo\/","title":{"rendered":"Elei\u00e7\u00f5es 2024: Saiba como justificar a aus\u00eancia pelo e-T\u00edtulo"},"content":{"rendered":"<p> <br \/>\n<\/p>\n<div>\n<p>Quem estiver fora do seu domic\u00edlio eleitoral e n\u00e3o puder votar nas <strong>elei\u00e7\u00f5es municipais 2024 <\/strong>poder\u00e1 justificar a aus\u00eancia no dia da vota\u00e7\u00e3o por meio do aplicativo <strong><a href=\"https:\/\/www.tse.jus.br\/servicos-eleitorais\/servicos\/aplicativo-e-titulo\/aplicativo-e-titulo\" target=\"_blank\" rel=\"noreferrer noopener nofollow\">e-T\u00edtulo<\/a><\/strong> ou preenchendo <a href=\"https:\/\/www.tse.jus.br\/++theme++justica_eleitoral\/pdfjs\/web\/viewer.html?file=https:\/\/www.tse.jus.br\/servicos-eleitorais\/justificativa-eleitoral\/arquivos\/formulario-requerimento-de-justificativa-eleitoral-rje-eleicoes-2022\/@@download\/file\/formulario-de-requerimento-de-justificativa-eleitoral-dia-da-eleicao-2022.pdf\" target=\"_blank\" rel=\"noreferrer noopener\">formul\u00e1rio entregue nos locais de vota\u00e7\u00e3o<\/a>.<\/p>\n<p>No caso do formul\u00e1rio, ele deve ser preenchido obrigatoriamente com o n\u00famero do t\u00edtulo eleitoral e dados pessoais. Ele estar\u00e1 dispon\u00edvel nos locais de vota\u00e7\u00e3o e tamb\u00e9m pode ser baixado em arquivo <strong><a href=\"https:\/\/www.tse.jus.br\/++theme++justica_eleitoral\/pdfjs\/web\/viewer.html?file=https:\/\/www.tse.jus.br\/servicos-eleitorais\/justificativa-eleitoral\/arquivos\/formulario-requerimento-de-justificativa-eleitoral-rje-eleicoes-2022\/@@download\/file\/formulario-de-requerimento-de-justificativa-eleitoral-dia-da-eleicao-2022.pdf\" target=\"_blank\" rel=\"noreferrer noopener nofollow\">PDF<\/a><\/strong>.<\/p>\n<p>Para justificar pelo aplicativo, basta clicar no menu \u201cMais Op\u00e7\u00f5es\u201d e selecionar \u201cJustificativa de aus\u00eancia\u201d. O e-T\u00edtulo tamb\u00e9m exibe a op\u00e7\u00e3o \u201cJustificativa presencial\u201d que mostra os endere\u00e7os dos locais em que \u00e9 poss\u00edvel justificar a aus\u00eancia presencialmente.<\/p>\n<p>O 1\u00ba turno ocorre em 6 de outubro. J\u00e1 o segundo turno, se houver, ser\u00e1 realizado no dia 27 de outubro na capital e nos munic\u00edpios com mais de 200 mil eleitores.<\/p>\n<h4 class=\"wp-block-heading\"><strong>P\u00f3s-elei\u00e7\u00e3o<\/strong><\/h4>\n<p><mark style=\"background-color:#fcb900\" class=\"has-inline-color has-black-color\">J\u00e1 a eleitora ou o eleitor que deixar de justificar a falta no dia da elei\u00e7\u00e3o poder\u00e1 faz\u00ea-lo at\u00e9 5 de dezembro, em rela\u00e7\u00e3o ao <strong>1\u00ba turno<\/strong>, e at\u00e9 7 de janeiro de 2025, em rela\u00e7\u00e3o ao <strong>2\u00ba turno<\/strong>, tamb\u00e9m pelo aplicativo e-T\u00edtulo ou pelo Sistema Justifica.<\/mark><\/p>\n<p>Tamb\u00e9m devem respeitar esses prazos as pessoas que estavam no seu domic\u00edlio eleitoral e por algum motivo justo deixaram de votar.<\/p>\n<p>Nesses casos, \u00e9 necess\u00e1rio anexar os documentos que comprovem o fato que impediu o comparecimento \u00e0s urnas. Ap\u00f3s o dia da elei\u00e7\u00e3o, a justificativa ainda pode ser apresentada ao cart\u00f3rio eleitoralpresencialmente ou via correio. O formul\u00e1rio de justificativa p\u00f3s-elei\u00e7\u00e3o pode ser baixado no site do TSE.<\/p>\n<p>Caso a justificativa n\u00e3o seja aceita ou seja feita fora do prazo, a eleitora ou o eleitor dever\u00e1 pagar multa no valor de R$ 3,51 por turno. A GRU (Guia de Recolhimento da Uni\u00e3o) para quita\u00e7\u00e3o das multas pode ser obtida na p\u00e1gina da Justi\u00e7a Eleitoral. \u00c9 poss\u00edvel realizar o pagamento por meio de PIX ou cart\u00e3o de cr\u00e9dito.<\/p>\n<h2 class=\"wp-block-heading\"><strong>Eleitores no exterior<\/strong><\/h2>\n<p>Quem estiver no exterior no dia da elei\u00e7\u00e3o, deve apresentar passagens, cart\u00f5es de embarque ou carimbos no passaporte, entre outros documentos que possam justificar a aus\u00eancia no dia da vota\u00e7\u00e3o. Nesse caso, o prazo \u00e9 de 30 dias a contar da data de retorno ao Brasil.<\/p>\n<p>O requerimento de justificativa pode ser entregue ao cart\u00f3rio de inscri\u00e7\u00e3o do eleitor por terceiros sem autoriza\u00e7\u00e3o ou procura\u00e7\u00e3o espec\u00edficas, mas deve conter a sua assinatura. No dia da elei\u00e7\u00e3o, somente o pr\u00f3prio eleitor ou eleitora pode justificar sua aus\u00eancia.<\/p>\n<p>Quem n\u00e3o votar nem justificar a aus\u00eancia ficar\u00e1 em d\u00e9bito com a Justi\u00e7a Eleitoral e n\u00e3o poder\u00e1 obter a certid\u00e3o de quita\u00e7\u00e3o eleitoral. Se n\u00e3o votar em tr\u00eas turnos consecutivos e n\u00e3o justificar, o t\u00edtulo estar\u00e1 sujeito a cancelamento. Enquanto n\u00e3o regularizar a situa\u00e7\u00e3o, a eleitora ou o eleitor n\u00e3o poder\u00e1, por exemplo, tirar passaporte, participar de concurso p\u00fablico, renovar matr\u00edcula em estabelecimento de ensino oficial.<\/p>\n<p><a href=\"https:\/\/www.tre-sp.jus.br\/servicos-eleitorais\/justificativa-eleitoral-2\/justificativa-eleitoral-1\" target=\"_blank\" rel=\"noreferrer noopener nofollow\">Clique aqui e saiba mais sobre justificativa<\/a> e consequ\u00eancias para quem n\u00e3o votar, justificar ou pagar as multas.<\/p>\n<p>SAIBA MAIS<br \/>Veja mapa interativo com todos os locais de vota\u00e7\u00e3o em Ribeir\u00e3o Preto<\/p>\n<h4 class=\"wp-block-heading\"><strong>FIQUE ON<\/strong><\/h4>\n<p>Fique ligado em tudo que acontece em Ribeir\u00e3o Preto e regi\u00e3o. Siga os perfis do<strong> acidade on<\/strong> no <a href=\"https:\/\/www.instagram.com\/acidadeonribeirao\" target=\"_blank\" rel=\"noreferrer noopener nofollow\">Instagram<\/a> e no <a href=\"https:\/\/www.facebook.com\/acidadeonribeirao\/\" target=\"_blank\" rel=\"noreferrer noopener nofollow\">Facebook<\/a>.<\/p>\n<p>Receba not\u00edcias do<strong> acidade on<\/strong> no WhatsApp. <a href=\"https:\/\/chat.whatsapp.com\/Dtv9mxhy6V5BJBotM2OQ5k\" target=\"_blank\" rel=\"noreferrer noopener nofollow\">Para entrar no grupo, basta clicar aqui.<\/a><\/p>\n<p>Fa\u00e7a uma den\u00fancia ou sugira uma reportagem sobre Ribeir\u00e3o Preto e regi\u00e3o pelo WhatsApp: 16 99117 7802.<\/p>\n<p>VEJA TAMB\u00c9M<br \/>Qual o valor da multa se cair na malha fina?<\/p>\n<p><!-- CONTENT END 1 -->\n<\/div>\n<p><script async src=\"\/\/www.instagram.com\/embed.js\"><\/script><br \/>\n<br \/><br \/>\n<br \/><a href=\"https:\/\/www.acidadeon.com\/ribeiraopreto\/politica\/eleicoes\/eleicoes-2024-saiba-como-justificar-a-ausencia-pelo-e-titulo\/\">Source link <\/a><\/p>\n","protected":false},"excerpt":{"rendered":"<p>Quem estiver fora do seu domic\u00edlio eleitoral e n\u00e3o puder votar nas elei\u00e7\u00f5es municipais 2024 poder\u00e1 justificar a aus\u00eancia no dia da vota\u00e7\u00e3o por meio&#8230;<\/p>\n","protected":false},"author":1,"featured_media":48673,"comment_status":"open","ping_status":"open","sticky":false,"template":"","format":"standard","meta":{"_uag_custom_page_level_css":"","advanced_seo_description":"","jetpack_seo_html_title":"","jetpack_seo_noindex":false,"jetpack_post_was_ever_published":false,"_jetpack_newsletter_access":"","_jetpack_dont_email_post_to_subs":false,"_jetpack_newsletter_tier_id":0,"_jetpack_memberships_contains_paywalled_content":false,"_jetpack_memberships_contains_paid_content":false,"footnotes":"","jetpack_publicize_message":"","jetpack_publicize_feature_enabled":true,"jetpack_social_post_already_shared":true,"jetpack_social_options":{"image_generator_settings":{"template":"highway","default_image_id":0,"font":"","enabled":false},"version":2}},"categories":[11],"tags":[],"class_list":["post-68527","post","type-post","status-publish","format-standard","has-post-thumbnail","hentry","category-noticias-de-ribeirao-preto-sp-e-regiao-ismael-colosi"],"jetpack_publicize_connections":[],"jetpack_featured_media_url":"https:\/\/i0.wp.com\/ismaelcolosi.com.br\/wp-content\/uploads\/2024\/05\/AnyConv.com__titulo-de-eleitor_2024-05-05_17-12-29.webp.webp?fit=1167%2C698&ssl=1","uagb_featured_image_src":{"full":["https:\/\/i0.wp.com\/ismaelcolosi.com.br\/wp-content\/uploads\/2024\/05\/AnyConv.com__titulo-de-eleitor_2024-05-05_17-12-29.webp.webp?fit=1167%2C698&ssl=1",1167,698,false],"thumbnail":["https:\/\/i0.wp.com\/ismaelcolosi.com.br\/wp-content\/uploads\/2024\/05\/AnyConv.com__titulo-de-eleitor_2024-05-05_17-12-29.webp.webp?resize=150%2C150&ssl=1",150,150,true],"medium":["https:\/\/i0.wp.com\/ismaelcolosi.com.br\/wp-content\/uploads\/2024\/05\/AnyConv.com__titulo-de-eleitor_2024-05-05_17-12-29.webp.webp?fit=300%2C179&ssl=1",300,179,true],"medium_large":["https:\/\/i0.wp.com\/ismaelcolosi.com.br\/wp-content\/uploads\/2024\/05\/AnyConv.com__titulo-de-eleitor_2024-05-05_17-12-29.webp.webp?fit=768%2C459&ssl=1",768,459,true],"large":["https:\/\/i0.wp.com\/ismaelcolosi.com.br\/wp-content\/uploads\/2024\/05\/AnyConv.com__titulo-de-eleitor_2024-05-05_17-12-29.webp.webp?fit=1024%2C612&ssl=1",1024,612,true],"1536x1536":["https:\/\/i0.wp.com\/ismaelcolosi.com.br\/wp-content\/uploads\/2024\/05\/AnyConv.com__titulo-de-eleitor_2024-05-05_17-12-29.webp.webp?fit=1167%2C698&ssl=1",1167,698,true],"2048x2048":["https:\/\/i0.wp.com\/ismaelcolosi.com.br\/wp-content\/uploads\/2024\/05\/AnyConv.com__titulo-de-eleitor_2024-05-05_17-12-29.webp.webp?fit=1167%2C698&ssl=1",1167,698,true],"really-simple-thumb":["https:\/\/i0.wp.com\/ismaelcolosi.com.br\/wp-content\/uploads\/2024\/05\/AnyConv.com__titulo-de-eleitor_2024-05-05_17-12-29.webp.webp?resize=370%2C247&ssl=1",370,247,true]},"uagb_author_info":{"display_name":"ismaelcolosi.com.br","author_link":"https:\/\/ismaelcolosi.com.br\/index.php\/author\/vidareal-online\/"},"uagb_comment_info":0,"uagb_excerpt":"Quem estiver fora do seu domic\u00edlio eleitoral e n\u00e3o puder votar nas elei\u00e7\u00f5es municipais 2024 poder\u00e1 justificar a aus\u00eancia no dia da vota\u00e7\u00e3o por meio...","jetpack-related-posts":[{"id":69506,"url":"https:\/\/ismaelcolosi.com.br\/index.php\/2024\/10\/06\/aplicativo-apresenta-instabilidade-para-justificar-ausencia-em-votacao\/","url_meta":{"origin":68527,"position":0},"title":"Aplicativo apresenta instabilidade para justificar aus\u00eancia em vota\u00e7\u00e3o","author":"ismaelcolosi.com.br","date":"6 de October de 2024","format":false,"excerpt":"O e-T\u00edtulo, aplicativo da Justi\u00e7a Eleitoral, apresenta instabilidade na manh\u00e3 deste domingo (6), para justificar aus\u00eancia na vota\u00e7\u00e3o. Nas redes sociais, internautas relatam lentid\u00e3o e erro tanto no sistema IOS quanto no Android. Segundo o Tribunal Superior Eleitoral, a causa da instabilidade \u00e9 o sistema estar congestionado, sem erro generalizado.\u2026","rel":"","context":"In &quot;Not\u00edcias de Ribeir\u00e3o Preto-SP e Regi\u00e3o&quot;","block_context":{"text":"Not\u00edcias de Ribeir\u00e3o Preto-SP e Regi\u00e3o","link":"https:\/\/ismaelcolosi.com.br\/index.php\/category\/noticias-de-ribeirao-preto-sp-e-regiao-ismael-colosi\/"},"img":{"alt_text":"","src":"https:\/\/i0.wp.com\/ismaelcolosi.com.br\/wp-content\/uploads\/2024\/10\/Copia-de-Copia-de-Copia-de-TAMANHO-EXATO-PARA-FOTOS-NO-SISTEMA-NOVO_2024-10-06_12-21-30_png_2024-10-06_12-21-30.webp.webp?fit=1200%2C675&ssl=1&resize=350%2C200","width":350,"height":200,"srcset":"https:\/\/i0.wp.com\/ismaelcolosi.com.br\/wp-content\/uploads\/2024\/10\/Copia-de-Copia-de-Copia-de-TAMANHO-EXATO-PARA-FOTOS-NO-SISTEMA-NOVO_2024-10-06_12-21-30_png_2024-10-06_12-21-30.webp.webp?fit=1200%2C675&ssl=1&resize=350%2C200 1x, https:\/\/i0.wp.com\/ismaelcolosi.com.br\/wp-content\/uploads\/2024\/10\/Copia-de-Copia-de-Copia-de-TAMANHO-EXATO-PARA-FOTOS-NO-SISTEMA-NOVO_2024-10-06_12-21-30_png_2024-10-06_12-21-30.webp.webp?fit=1200%2C675&ssl=1&resize=525%2C300 1.5x, https:\/\/i0.wp.com\/ismaelcolosi.com.br\/wp-content\/uploads\/2024\/10\/Copia-de-Copia-de-Copia-de-TAMANHO-EXATO-PARA-FOTOS-NO-SISTEMA-NOVO_2024-10-06_12-21-30_png_2024-10-06_12-21-30.webp.webp?fit=1200%2C675&ssl=1&resize=700%2C400 2x, https:\/\/i0.wp.com\/ismaelcolosi.com.br\/wp-content\/uploads\/2024\/10\/Copia-de-Copia-de-Copia-de-TAMANHO-EXATO-PARA-FOTOS-NO-SISTEMA-NOVO_2024-10-06_12-21-30_png_2024-10-06_12-21-30.webp.webp?fit=1200%2C675&ssl=1&resize=1050%2C600 3x"},"classes":[]},{"id":73513,"url":"https:\/\/ismaelcolosi.com.br\/index.php\/2024\/10\/27\/eleitores-voltam-as-urnas-para-o-2o-turno-das-eleicoes-regras-e-orientacoes-essenciais\/","url_meta":{"origin":68527,"position":1},"title":"Eleitores Voltam \u00e0s Urnas para o 2\u00ba Turno das Elei\u00e7\u00f5es: Regras e Orienta\u00e7\u00f5es Essenciais","author":"ismaelcolosi.com.br","date":"27 de October de 2024","format":false,"excerpt":"Neste domingo, milh\u00f5es de brasileiros voltar\u00e3o \u00e0s urnas para decidir o 2\u00ba turno das elei\u00e7\u00f5es municipais e estaduais. Em disputa, est\u00e3o as prefeituras de diversas capitais e cidades importantes, al\u00e9m do cargo de governador em estados onde nenhum candidato atingiu mais de 50% dos votos no primeiro turno. Com um\u2026","rel":"","context":"In &quot;Not\u00edcias de Ribeir\u00e3o Preto-SP e Regi\u00e3o&quot;","block_context":{"text":"Not\u00edcias de Ribeir\u00e3o Preto-SP e Regi\u00e3o","link":"https:\/\/ismaelcolosi.com.br\/index.php\/category\/noticias-de-ribeirao-preto-sp-e-regiao-ismael-colosi\/"},"img":{"alt_text":"","src":"https:\/\/i0.wp.com\/ismaelcolosi.com.br\/wp-content\/uploads\/2024\/10\/mg_2141_01.webp.webp?fit=1170%2C700&ssl=1&resize=350%2C200","width":350,"height":200,"srcset":"https:\/\/i0.wp.com\/ismaelcolosi.com.br\/wp-content\/uploads\/2024\/10\/mg_2141_01.webp.webp?fit=1170%2C700&ssl=1&resize=350%2C200 1x, https:\/\/i0.wp.com\/ismaelcolosi.com.br\/wp-content\/uploads\/2024\/10\/mg_2141_01.webp.webp?fit=1170%2C700&ssl=1&resize=525%2C300 1.5x, https:\/\/i0.wp.com\/ismaelcolosi.com.br\/wp-content\/uploads\/2024\/10\/mg_2141_01.webp.webp?fit=1170%2C700&ssl=1&resize=700%2C400 2x, https:\/\/i0.wp.com\/ismaelcolosi.com.br\/wp-content\/uploads\/2024\/10\/mg_2141_01.webp.webp?fit=1170%2C700&ssl=1&resize=1050%2C600 3x"},"classes":[]},{"id":73878,"url":"https:\/\/ismaelcolosi.com.br\/index.php\/2024\/10\/29\/eleitores-ausentes-no-segundo-turno-tem-ate-7-de-janeiro-para-justificar-voto\/","url_meta":{"origin":68527,"position":2},"title":"Eleitores Ausentes no Segundo Turno T\u00eam At\u00e9 7 de Janeiro para Justificar Voto","author":"ismaelcolosi.com.br","date":"29 de October de 2024","format":false,"excerpt":"O Tribunal Superior Eleitoral (TSE) estabeleceu o dia 7 de janeiro de 2025 como o prazo final para que eleitores que n\u00e3o compareceram ao segundo turno das elei\u00e7\u00f5es deste ano justifiquem sua aus\u00eancia. A medida \u00e9 crucial para os eleitores que n\u00e3o puderam votar e desejam manter sua situa\u00e7\u00e3o regular\u2026","rel":"","context":"In &quot;Not\u00edcias de Ribeir\u00e3o Preto-SP e Regi\u00e3o&quot;","block_context":{"text":"Not\u00edcias de Ribeir\u00e3o Preto-SP e Regi\u00e3o","link":"https:\/\/ismaelcolosi.com.br\/index.php\/category\/noticias-de-ribeirao-preto-sp-e-regiao-ismael-colosi\/"},"img":{"alt_text":"","src":"https:\/\/i0.wp.com\/ismaelcolosi.com.br\/wp-content\/uploads\/2024\/10\/lacracao-urnas-eletronicas_mcamgo_abr_210920221818-11.webp.webp?fit=1170%2C700&ssl=1&resize=350%2C200","width":350,"height":200,"srcset":"https:\/\/i0.wp.com\/ismaelcolosi.com.br\/wp-content\/uploads\/2024\/10\/lacracao-urnas-eletronicas_mcamgo_abr_210920221818-11.webp.webp?fit=1170%2C700&ssl=1&resize=350%2C200 1x, https:\/\/i0.wp.com\/ismaelcolosi.com.br\/wp-content\/uploads\/2024\/10\/lacracao-urnas-eletronicas_mcamgo_abr_210920221818-11.webp.webp?fit=1170%2C700&ssl=1&resize=525%2C300 1.5x, https:\/\/i0.wp.com\/ismaelcolosi.com.br\/wp-content\/uploads\/2024\/10\/lacracao-urnas-eletronicas_mcamgo_abr_210920221818-11.webp.webp?fit=1170%2C700&ssl=1&resize=700%2C400 2x, https:\/\/i0.wp.com\/ismaelcolosi.com.br\/wp-content\/uploads\/2024\/10\/lacracao-urnas-eletronicas_mcamgo_abr_210920221818-11.webp.webp?fit=1170%2C700&ssl=1&resize=1050%2C600 3x"},"classes":[]},{"id":73946,"url":"https:\/\/ismaelcolosi.com.br\/index.php\/2024\/10\/29\/utm_sourcerssutm_mediumrssutm_campaigneleitores-ausentes-no-segundo-turno-tem-ate-7-de-janeiro-para-justificar-voto\/","url_meta":{"origin":68527,"position":3},"title":"Eleitores Ausentes no Segundo Turno T\u00eam At\u00e9 7 de Janeiro para Justificar Voto","author":"ismaelcolosi.com.br","date":"29 de October de 2024","format":false,"excerpt":"O Tribunal Superior Eleitoral (TSE) estabeleceu o dia 7 de janeiro de 2025 como o prazo final para que eleitores que n\u00e3o compareceram ao segundo turno das elei\u00e7\u00f5es deste ano justifiquem sua aus\u00eancia. A medida \u00e9 crucial para os eleitores que n\u00e3o puderam votar e desejam manter sua situa\u00e7\u00e3o regular\u2026","rel":"","context":"In &quot;Not\u00edcias de Ribeir\u00e3o Preto-SP e Regi\u00e3o&quot;","block_context":{"text":"Not\u00edcias de Ribeir\u00e3o Preto-SP e Regi\u00e3o","link":"https:\/\/ismaelcolosi.com.br\/index.php\/category\/noticias-de-ribeirao-preto-sp-e-regiao-ismael-colosi\/"},"img":{"alt_text":"","src":"https:\/\/i0.wp.com\/ismaelcolosi.com.br\/wp-content\/uploads\/2024\/10\/lacracao-urnas-eletronicas_mcamgo_abr_210920221818-11.webp.webp?fit=1170%2C700&ssl=1&resize=350%2C200","width":350,"height":200,"srcset":"https:\/\/i0.wp.com\/ismaelcolosi.com.br\/wp-content\/uploads\/2024\/10\/lacracao-urnas-eletronicas_mcamgo_abr_210920221818-11.webp.webp?fit=1170%2C700&ssl=1&resize=350%2C200 1x, https:\/\/i0.wp.com\/ismaelcolosi.com.br\/wp-content\/uploads\/2024\/10\/lacracao-urnas-eletronicas_mcamgo_abr_210920221818-11.webp.webp?fit=1170%2C700&ssl=1&resize=525%2C300 1.5x, https:\/\/i0.wp.com\/ismaelcolosi.com.br\/wp-content\/uploads\/2024\/10\/lacracao-urnas-eletronicas_mcamgo_abr_210920221818-11.webp.webp?fit=1170%2C700&ssl=1&resize=700%2C400 2x, https:\/\/i0.wp.com\/ismaelcolosi.com.br\/wp-content\/uploads\/2024\/10\/lacracao-urnas-eletronicas_mcamgo_abr_210920221818-11.webp.webp?fit=1170%2C700&ssl=1&resize=1050%2C600 3x"},"classes":[]},{"id":73425,"url":"https:\/\/ismaelcolosi.com.br\/index.php\/2024\/10\/26\/hoje-e-o-ultimo-dia-para-baixar-o-e-titulo-saiba-como-fazer\/","url_meta":{"origin":68527,"position":4},"title":"Hoje \u00e9 o \u00faltimo dia para baixar o e-T\u00edtulo; saiba como fazer","author":"ismaelcolosi.com.br","date":"26 de October de 2024","format":false,"excerpt":"O\u00a0eleitor vai \u00e0s urnas utilizando o t\u00edtulo de eleitor digital deve baixar\u00a0o\u00a0aplicativo e-T\u00edtulo\u00a0at\u00e9 este s\u00e1bado (26).\u00a0Neste\u00a0domingo (27), dia da vota\u00e7\u00e3o do segundo turno, o download ser\u00e1 suspenso pela Justi\u00e7a Eleitoral\u00a0para evitar instabilidade. O aplicativo gerenciado pela Justi\u00e7a Eleitoral pode ser utilizado como documento de identifica\u00e7\u00e3o para votar e acessar o\u2026","rel":"","context":"In &quot;Not\u00edcias de Ribeir\u00e3o Preto-SP e Regi\u00e3o&quot;","block_context":{"text":"Not\u00edcias de Ribeir\u00e3o Preto-SP e Regi\u00e3o","link":"https:\/\/ismaelcolosi.com.br\/index.php\/category\/noticias-de-ribeirao-preto-sp-e-regiao-ismael-colosi\/"},"img":{"alt_text":"","src":"https:\/\/i0.wp.com\/ismaelcolosi.com.br\/wp-content\/uploads\/2024\/05\/AnyConv.com__titulo-de-eleitor_2024-05-05_17-12-29.webp.webp?fit=1167%2C698&ssl=1&resize=350%2C200","width":350,"height":200,"srcset":"https:\/\/i0.wp.com\/ismaelcolosi.com.br\/wp-content\/uploads\/2024\/05\/AnyConv.com__titulo-de-eleitor_2024-05-05_17-12-29.webp.webp?fit=1167%2C698&ssl=1&resize=350%2C200 1x, https:\/\/i0.wp.com\/ismaelcolosi.com.br\/wp-content\/uploads\/2024\/05\/AnyConv.com__titulo-de-eleitor_2024-05-05_17-12-29.webp.webp?fit=1167%2C698&ssl=1&resize=525%2C300 1.5x, https:\/\/i0.wp.com\/ismaelcolosi.com.br\/wp-content\/uploads\/2024\/05\/AnyConv.com__titulo-de-eleitor_2024-05-05_17-12-29.webp.webp?fit=1167%2C698&ssl=1&resize=700%2C400 2x, https:\/\/i0.wp.com\/ismaelcolosi.com.br\/wp-content\/uploads\/2024\/05\/AnyConv.com__titulo-de-eleitor_2024-05-05_17-12-29.webp.webp?fit=1167%2C698&ssl=1&resize=1050%2C600 3x"},"classes":[]},{"id":69422,"url":"https:\/\/ismaelcolosi.com.br\/index.php\/2024\/10\/05\/saiba-como-consultar-o-local-de-votacao-em-ribeirao-preto-nas-eleicoes-2024\/","url_meta":{"origin":68527,"position":5},"title":"Saiba como consultar o local de vota\u00e7\u00e3o em Ribeir\u00e3o Preto nas elei\u00e7\u00f5es 2024","author":"ismaelcolosi.com.br","date":"5 de October de 2024","format":false,"excerpt":"O 1\u00ba turno das elei\u00e7\u00f5es municipais de 2024 acontece neste domingo (6), das 8h \u00e0s 17h. E, Ribeir\u00e3o Preto conta 115 locais de vota\u00e7\u00e3o e mais de 477 mil eleitores registrados para escolher o pr\u00f3ximo prefeito e os 22 vereadores a partir de 1\u00ba de janeiro de 2025. A Justi\u00e7a\u2026","rel":"","context":"In &quot;Not\u00edcias de Ribeir\u00e3o Preto-SP e Regi\u00e3o&quot;","block_context":{"text":"Not\u00edcias de Ribeir\u00e3o Preto-SP e Regi\u00e3o","link":"https:\/\/ismaelcolosi.com.br\/index.php\/category\/noticias-de-ribeirao-preto-sp-e-regiao-ismael-colosi\/"},"img":{"alt_text":"","src":"https:\/\/i0.wp.com\/ismaelcolosi.com.br\/wp-content\/uploads\/2024\/10\/urna-eletronica.jpg?fit=1170%2C700&ssl=1&resize=350%2C200","width":350,"height":200,"srcset":"https:\/\/i0.wp.com\/ismaelcolosi.com.br\/wp-content\/uploads\/2024\/10\/urna-eletronica.jpg?fit=1170%2C700&ssl=1&resize=350%2C200 1x, https:\/\/i0.wp.com\/ismaelcolosi.com.br\/wp-content\/uploads\/2024\/10\/urna-eletronica.jpg?fit=1170%2C700&ssl=1&resize=525%2C300 1.5x, https:\/\/i0.wp.com\/ismaelcolosi.com.br\/wp-content\/uploads\/2024\/10\/urna-eletronica.jpg?fit=1170%2C700&ssl=1&resize=700%2C400 2x, https:\/\/i0.wp.com\/ismaelcolosi.com.br\/wp-content\/uploads\/2024\/10\/urna-eletronica.jpg?fit=1170%2C700&ssl=1&resize=1050%2C600 3x"},"classes":[]}],"jetpack_sharing_enabled":true,"jetpack_shortlink":"https:\/\/wp.me\/pfMlyK-hPh","_links":{"self":[{"href":"https:\/\/ismaelcolosi.com.br\/index.php\/wp-json\/wp\/v2\/posts\/68527","targetHints":{"allow":["GET"]}}],"collection":[{"href":"https:\/\/ismaelcolosi.com.br\/index.php\/wp-json\/wp\/v2\/posts"}],"about":[{"href":"https:\/\/ismaelcolosi.com.br\/index.php\/wp-json\/wp\/v2\/types\/post"}],"author":[{"embeddable":true,"href":"https:\/\/ismaelcolosi.com.br\/index.php\/wp-json\/wp\/v2\/users\/1"}],"replies":[{"embeddable":true,"href":"https:\/\/ismaelcolosi.com.br\/index.php\/wp-json\/wp\/v2\/comments?post=68527"}],"version-history":[{"count":0,"href":"https:\/\/ismaelcolosi.com.br\/index.php\/wp-json\/wp\/v2\/posts\/68527\/revisions"}],"wp:featuredmedia":[{"embeddable":true,"href":"https:\/\/ismaelcolosi.com.br\/index.php\/wp-json\/wp\/v2\/media\/48673"}],"wp:attachment":[{"href":"https:\/\/ismaelcolosi.com.br\/index.php\/wp-json\/wp\/v2\/media?parent=68527"}],"wp:term":[{"taxonomy":"category","embeddable":true,"href":"https:\/\/ismaelcolosi.com.br\/index.php\/wp-json\/wp\/v2\/categories?post=68527"},{"taxonomy":"post_tag","embeddable":true,"href":"https:\/\/ismaelcolosi.com.br\/index.php\/wp-json\/wp\/v2\/tags?post=68527"}],"curies":[{"name":"wp","href":"https:\/\/api.w.org\/{rel}","templated":true}]}}