{"id":68518,"date":"2024-09-30T14:48:20","date_gmt":"2024-09-30T17:48:20","guid":{"rendered":"https:\/\/ismaelcolosi.com.br\/index.php\/2024\/09\/30\/conheca-cinco-cidades-no-interior-de-sp-para-aproveitar-a-primavera\/"},"modified":"2024-09-30T14:48:20","modified_gmt":"2024-09-30T17:48:20","slug":"conheca-cinco-cidades-no-interior-de-sp-para-aproveitar-a-primavera","status":"publish","type":"post","link":"https:\/\/ismaelcolosi.com.br\/index.php\/2024\/09\/30\/conheca-cinco-cidades-no-interior-de-sp-para-aproveitar-a-primavera\/","title":{"rendered":"Conhe\u00e7a cinco cidades no interior de SP para aproveitar a primavera"},"content":{"rendered":"<p> <br \/>\n<\/p>\n<div>\n<p>A esta\u00e7\u00e3o mais colorida do ano deu j\u00e1 chegou e, por isso, o <strong>acidade on<\/strong> preparou um <strong>guia tur\u00edstico <\/strong>com <strong>cinco cidades<\/strong> do <strong>interior de S\u00e3o Paulo<\/strong> para voc\u00ea aproveitar ainda mais a esta\u00e7\u00e3o das flores. <\/p>\n<p>Com sobremesas, campo de lavanda e festas regionais, <strong>S\u00e3o Paulo<\/strong> carrega o t\u00edtulo de <strong>maior produtor de flores do Pa\u00eds <\/strong>e abriga pontos tur\u00edsticos que prometem uma conex\u00e3o maior com a natureza.<\/p>\n<h4 class=\"wp-block-heading\"><strong>1. Cunha<\/strong><\/h4>\n<p><strong>Cunha<\/strong>, munic\u00edpio a 230 quil\u00f4metros de S\u00e3o Paulo,<strong> <\/strong>\u00e9 uma cidade do interior com diversos espa\u00e7os para aqueles que amam a natureza. Mas o que chama aten\u00e7\u00e3o dos turistas \u00e9 o<strong> campo com 40 mil p\u00e9s de lavanda<\/strong>.<\/p>\n<p>Al\u00e9m do cen\u00e1rio das lavandas, o local tem vista para a serra e \u00e9 cercado por \u00e1reas de <strong>Mata<\/strong> <strong>Atl\u00e2ntica<\/strong>. Uma dica \u00e9 visitar o espa\u00e7o no <strong>come\u00e7o da manh\u00e3<\/strong> ou ao <strong>p\u00f4r do sol<\/strong>, que s\u00e3o os hor\u00e1rios em que as flores ganham uma colora\u00e7\u00e3o mais forte pelo posicionamento da luz solar.<\/p>\n<figure class=\"wp-block-image size-full\"><img data-recalc-dims=\"1\" loading=\"lazy\" decoding=\"async\" width=\"1024\" height=\"677\" src=\"https:\/\/i0.wp.com\/www.acidadeon.com\/ribeiraopreto\/wp-content\/uploads\/sites\/3\/2024\/09\/a-063-CUN_09_7685_P-scaled-e1727102969577-1024x677-1_2024-09-30_14-35-56_jpg_2024-09-30_14-35-57.webp?resize=1024%2C677&#038;ssl=1\" alt=\"\" class=\"wp-image-94833\" srcset=\"https:\/\/www.acidadeon.com\/ribeiraopreto\/wp-content\/uploads\/sites\/3\/2024\/09\/a-063-CUN_09_7685_P-scaled-e1727102969577-1024x677-1_2024-09-30_14-35-56_jpg_2024-09-30_14-35-57.webp 1024w, https:\/\/www.acidadeon.com\/ribeiraopreto\/wp-content\/uploads\/sites\/3\/2024\/09\/a-063-CUN_09_7685_P-scaled-e1727102969577-1024x677-1_2024-09-30_14-35-56_jpg_2024-09-30_14-35-57-300x198.webp 300w, https:\/\/www.acidadeon.com\/ribeiraopreto\/wp-content\/uploads\/sites\/3\/2024\/09\/a-063-CUN_09_7685_P-scaled-e1727102969577-1024x677-1_2024-09-30_14-35-56_jpg_2024-09-30_14-35-57-768x508.webp 768w, https:\/\/www.acidadeon.com\/ribeiraopreto\/wp-content\/uploads\/sites\/3\/2024\/09\/a-063-CUN_09_7685_P-scaled-e1727102969577-1024x677-1_2024-09-30_14-35-56_jpg_2024-09-30_14-35-57-696x460.webp 696w\" sizes=\"auto, (max-width: 1024px) 100vw, 1024px\"\/><figcaption class=\"wp-element-caption\">Lavand\u00e1rio localizado em Cunha. Foto: Secretaria de Agricultura\/Governo de SP<\/figcaption><\/figure>\n<h4 class=\"wp-block-heading\"><strong>2. Atibaia<\/strong><\/h4>\n<p><strong>Atibaia<\/strong>, cidade a <strong>70 quil\u00f4metros<\/strong> da capital, \u00e9 a <strong>terra das flores e dos morangos<\/strong>. A regi\u00e3o possui <strong>mais de 600 produtores<\/strong> <strong>de flores <\/strong>e uma <strong>\u00e1rea de produ\u00e7\u00e3o estimada em 500 hectares<\/strong>.<\/p>\n<p>Segundo dados do<strong> Instituto Brasileiro de Floricultura (Ibraflor)<\/strong>, a cidade \u00e9 a maior produtora de <strong>flores <\/strong>e <strong>plantas<\/strong> <strong>ornamentais<\/strong> do <strong>Brasil<\/strong>, somando <strong>25%<\/strong> da produ\u00e7\u00e3o nacional.<\/p>\n<figure class=\"wp-block-image size-full\"><img data-recalc-dims=\"1\" decoding=\"async\" loading=\"lazy\" width=\"1024\" height=\"679\" src=\"https:\/\/i0.wp.com\/www.acidadeon.com\/ribeiraopreto\/wp-content\/uploads\/sites\/3\/2024\/09\/a-022-ATI_12_7165_P844-scaled-e1726777751318-1024x679-1_2024-09-30_14-42-39_jpg_2024-09-30_14-42-39.webp?resize=1024%2C679&#038;ssl=1\" alt=\"\" class=\"wp-image-94835\" srcset=\"https:\/\/www.acidadeon.com\/ribeiraopreto\/wp-content\/uploads\/sites\/3\/2024\/09\/a-022-ATI_12_7165_P844-scaled-e1726777751318-1024x679-1_2024-09-30_14-42-39_jpg_2024-09-30_14-42-39.webp 1024w, https:\/\/www.acidadeon.com\/ribeiraopreto\/wp-content\/uploads\/sites\/3\/2024\/09\/a-022-ATI_12_7165_P844-scaled-e1726777751318-1024x679-1_2024-09-30_14-42-39_jpg_2024-09-30_14-42-39-300x199.webp 300w, https:\/\/www.acidadeon.com\/ribeiraopreto\/wp-content\/uploads\/sites\/3\/2024\/09\/a-022-ATI_12_7165_P844-scaled-e1726777751318-1024x679-1_2024-09-30_14-42-39_jpg_2024-09-30_14-42-39-768x509.webp 768w, https:\/\/www.acidadeon.com\/ribeiraopreto\/wp-content\/uploads\/sites\/3\/2024\/09\/a-022-ATI_12_7165_P844-scaled-e1726777751318-1024x679-1_2024-09-30_14-42-39_jpg_2024-09-30_14-42-39-696x462.webp 696w\" sizes=\"auto, (max-width: 1024px) 100vw, 1024px\"\/><figcaption class=\"wp-element-caption\">Produ\u00e7\u00e3o de flores em Atibaia. Foto: Secretaria de Agricultura\/Governo de SP<\/figcaption><\/figure>\n<h4 class=\"wp-block-heading\"><strong>3. Holambra<\/strong><\/h4>\n<p>Conhecida como a<strong> cidade das flores<\/strong>, o munic\u00edpio se destaca com <strong>vastos campos de flores<\/strong> durante todo o ano, mas h\u00e1 um toque especial com a chegada da<strong> primavera<\/strong>.<\/p>\n<p>Al\u00e9m disso, a cidade conta com uma <strong>gastronomia \u00e0 base de flores<\/strong>, com rosas, lavanda e hibisco enfeitando pratos e servindo de ingredientes para receitas regionais.<\/p>\n<figure class=\"wp-block-image size-large\"><img data-recalc-dims=\"1\" decoding=\"async\" loading=\"lazy\" width=\"1024\" height=\"629\" src=\"https:\/\/i0.wp.com\/www.acidadeon.com\/ribeiraopreto\/wp-content\/uploads\/sites\/3\/2024\/09\/carina4_2024-09-30_14-56-05_jpg_2024-09-30_14-56-05-1024x629.webp?resize=1024%2C629&#038;ssl=1\" alt=\"\" class=\"wp-image-94836\" srcset=\"https:\/\/www.acidadeon.com\/ribeiraopreto\/wp-content\/uploads\/sites\/3\/2024\/09\/carina4_2024-09-30_14-56-05_jpg_2024-09-30_14-56-05-1024x629.webp 1024w, https:\/\/www.acidadeon.com\/ribeiraopreto\/wp-content\/uploads\/sites\/3\/2024\/09\/carina4_2024-09-30_14-56-05_jpg_2024-09-30_14-56-05-300x184.webp 300w, https:\/\/www.acidadeon.com\/ribeiraopreto\/wp-content\/uploads\/sites\/3\/2024\/09\/carina4_2024-09-30_14-56-05_jpg_2024-09-30_14-56-05-768x472.webp 768w, https:\/\/www.acidadeon.com\/ribeiraopreto\/wp-content\/uploads\/sites\/3\/2024\/09\/carina4_2024-09-30_14-56-05_jpg_2024-09-30_14-56-05-696x428.webp 696w, https:\/\/www.acidadeon.com\/ribeiraopreto\/wp-content\/uploads\/sites\/3\/2024\/09\/carina4_2024-09-30_14-56-05_jpg_2024-09-30_14-56-05-1068x656.webp 1068w, https:\/\/www.acidadeon.com\/ribeiraopreto\/wp-content\/uploads\/sites\/3\/2024\/09\/carina4_2024-09-30_14-56-05_jpg_2024-09-30_14-56-05.webp 1400w\" sizes=\"auto, (max-width: 1024px) 100vw, 1024px\"\/><figcaption class=\"wp-element-caption\">Produ\u00e7\u00e3o de g\u00e9rberas em Holambra. Foto: Secretaria de Agricultura\/Governo de SP<\/figcaption><\/figure>\n<h4 class=\"wp-block-heading\"><strong>4. Campos de Jord\u00e3o<\/strong><\/h4>\n<p>Na primavera, <strong>Campos de Jord\u00e3o<\/strong>, cidade localizada na <strong>Serra da Mantiqueira<\/strong>, abre espa\u00e7o para as ruas arborizadas, jardins e espelhos d\u2019\u00e1gua. O <strong>Parque Amantikir<\/strong> \u00e9 o verdadeiro destaque da cidade, com uma cole\u00e7\u00e3o de <strong>mais de 700 esp\u00e9cies de plantas<\/strong> em <strong>60 mil<\/strong> metros quadrados.<\/p>\n<p>O local possui <strong>28 jardins<\/strong> para todos os visitantes, com inspira\u00e7\u00f5es europeias, asi\u00e1ticas, americanas e regionais. Al\u00e9m de abrigar labirintos de grama e arbusto, trilhas em bosques, fontes e lagos artificiais com peixes e mirantes.<\/p>\n<figure class=\"wp-block-image size-full\"><img data-recalc-dims=\"1\" decoding=\"async\" loading=\"lazy\" width=\"1024\" height=\"674\" src=\"https:\/\/i0.wp.com\/www.acidadeon.com\/ribeiraopreto\/wp-content\/uploads\/sites\/3\/2024\/09\/a-049-CJO_06_8658_P848-scaled-e1726777691366-1024x674-1_2024-09-30_15-49-49_jpg_2024-09-30_15-49-50.webp?resize=1024%2C674&#038;ssl=1\" alt=\"\" class=\"wp-image-94847\" srcset=\"https:\/\/www.acidadeon.com\/ribeiraopreto\/wp-content\/uploads\/sites\/3\/2024\/09\/a-049-CJO_06_8658_P848-scaled-e1726777691366-1024x674-1_2024-09-30_15-49-49_jpg_2024-09-30_15-49-50.webp 1024w, https:\/\/www.acidadeon.com\/ribeiraopreto\/wp-content\/uploads\/sites\/3\/2024\/09\/a-049-CJO_06_8658_P848-scaled-e1726777691366-1024x674-1_2024-09-30_15-49-49_jpg_2024-09-30_15-49-50-300x197.webp 300w, https:\/\/www.acidadeon.com\/ribeiraopreto\/wp-content\/uploads\/sites\/3\/2024\/09\/a-049-CJO_06_8658_P848-scaled-e1726777691366-1024x674-1_2024-09-30_15-49-49_jpg_2024-09-30_15-49-50-768x506.webp 768w, https:\/\/www.acidadeon.com\/ribeiraopreto\/wp-content\/uploads\/sites\/3\/2024\/09\/a-049-CJO_06_8658_P848-scaled-e1726777691366-1024x674-1_2024-09-30_15-49-49_jpg_2024-09-30_15-49-50-696x458.webp 696w\" sizes=\"auto, (max-width: 1024px) 100vw, 1024px\"\/><figcaption class=\"wp-element-caption\">Primavera em Campos do Jord\u00e3o. Foto: Secretaria de Agricultura\/Governo de SP<\/figcaption><\/figure>\n<h4 class=\"wp-block-heading\"><strong>5. Santo Ant\u00f4nio do Pinhal<\/strong><\/h4>\n<p>Para quem prefere descansar em meio a natureza, <strong>Santo Ant\u00f4nio do Pinhal<\/strong> \u00e9 a melhor escolha. A cidade conta com uma grande produ\u00e7\u00e3o de orqu\u00eddeas com diversas esp\u00e9cies.<\/p>\n<p>Tamb\u00e9m tem diversas op\u00e7\u00f5es para quem prefere se aventurar nos esportes radicais, j\u00e1 que a cidade \u00e9 cercada por montanhas, como:<\/p>\n<ul>\n<li>atividades de <strong>voo livre, parapente e asa-delta<\/strong>. Al\u00e9m de ter <strong>trilhas<\/strong>,<strong> passeios de bicicletas <\/strong>e<strong> cachoeiras<\/strong>.<\/li>\n<\/ul>\n<figure class=\"wp-block-image size-full\"><img data-recalc-dims=\"1\" decoding=\"async\" loading=\"lazy\" width=\"1024\" height=\"677\" src=\"https:\/\/i0.wp.com\/www.acidadeon.com\/ribeiraopreto\/wp-content\/uploads\/sites\/3\/2024\/09\/a-184-SAP_07_0078_P-scaled-e1727103425680-1024x677-1_2024-09-30_15-54-05_jpg_2024-09-30_15-54-05.webp?resize=1024%2C677&#038;ssl=1\" alt=\"\" class=\"wp-image-94850\" srcset=\"https:\/\/www.acidadeon.com\/ribeiraopreto\/wp-content\/uploads\/sites\/3\/2024\/09\/a-184-SAP_07_0078_P-scaled-e1727103425680-1024x677-1_2024-09-30_15-54-05_jpg_2024-09-30_15-54-05.webp 1024w, https:\/\/www.acidadeon.com\/ribeiraopreto\/wp-content\/uploads\/sites\/3\/2024\/09\/a-184-SAP_07_0078_P-scaled-e1727103425680-1024x677-1_2024-09-30_15-54-05_jpg_2024-09-30_15-54-05-300x198.webp 300w, https:\/\/www.acidadeon.com\/ribeiraopreto\/wp-content\/uploads\/sites\/3\/2024\/09\/a-184-SAP_07_0078_P-scaled-e1727103425680-1024x677-1_2024-09-30_15-54-05_jpg_2024-09-30_15-54-05-768x508.webp 768w, https:\/\/www.acidadeon.com\/ribeiraopreto\/wp-content\/uploads\/sites\/3\/2024\/09\/a-184-SAP_07_0078_P-scaled-e1727103425680-1024x677-1_2024-09-30_15-54-05_jpg_2024-09-30_15-54-05-696x460.webp 696w\" sizes=\"auto, (max-width: 1024px) 100vw, 1024px\"\/><figcaption class=\"wp-element-caption\">Orquid\u00e1rio em Santo Ant\u00f4nio do Pinhal. Foto: Secretaria de Agricultura\/Governo de SP<br \/><\/figcaption><\/figure>\n<p>SAIBA MAIS<br \/>Ribeir\u00e3o Preto recebe evento da Nasa; Veja como participar<\/p>\n<h4 class=\"wp-block-heading\"><strong>FIQUE ON<\/strong><\/h4>\n<p>Fique ligado em tudo que acontece em Ribeir\u00e3o Preto e regi\u00e3o. Siga os perfis do <strong>acidade on <\/strong>no <a href=\"https:\/\/www.instagram.com\/acidadeonribeirao\" target=\"_blank\" rel=\"noreferrer noopener\">Instagram<\/a> e no <a href=\"https:\/\/www.facebook.com\/acidadeonribeirao\" target=\"_blank\" rel=\"noreferrer noopener\">Facebook<\/a>.<\/p>\n<p>Receba not\u00edcias do <strong>acidade on<\/strong> no WhatsApp. Para entrar no grupo, basta <a href=\"https:\/\/chat.whatsapp.com\/Dtv9mxhy6V5BJBotM2OQ5k\" target=\"_blank\" rel=\"noreferrer noopener\">clicar aqui<\/a>.<\/p>\n<p>Fa\u00e7a uma den\u00fancia ou sugira uma reportagem sobre Ribeir\u00e3o Preto e regi\u00e3o pelo WhatsApp: 16 99117 7802.<\/p>\n<p>VEJA TAMB\u00c9M<br \/>Sean Diddy tem filhos?<\/p>\n<p><!-- CONTENT END 1 -->\n<\/div>\n<p><script async src=\"\/\/www.instagram.com\/embed.js\"><\/script><br \/>\n<br \/><br \/>\n<br \/><a href=\"https:\/\/www.acidadeon.com\/ribeiraopreto\/lazer-e-cultura\/conheca-cinco-cidades-no-interior-de-sp-para-aproveitar-a-primavera\/\">Source link <\/a><\/p>\n","protected":false},"excerpt":{"rendered":"<p>A esta\u00e7\u00e3o mais colorida do ano deu j\u00e1 chegou e, por isso, o acidade on preparou um guia tur\u00edstico com cinco cidades do interior de&#8230;<\/p>\n","protected":false},"author":1,"featured_media":68519,"comment_status":"open","ping_status":"open","sticky":false,"template":"","format":"standard","meta":{"_uag_custom_page_level_css":"","advanced_seo_description":"","jetpack_seo_html_title":"","jetpack_seo_noindex":false,"jetpack_post_was_ever_published":false,"_jetpack_newsletter_access":"","_jetpack_dont_email_post_to_subs":false,"_jetpack_newsletter_tier_id":0,"_jetpack_memberships_contains_paywalled_content":false,"_jetpack_memberships_contains_paid_content":false,"footnotes":"","jetpack_publicize_message":"","jetpack_publicize_feature_enabled":true,"jetpack_social_post_already_shared":true,"jetpack_social_options":{"image_generator_settings":{"template":"highway","default_image_id":0,"font":"","enabled":false},"version":2}},"categories":[11],"tags":[],"class_list":["post-68518","post","type-post","status-publish","format-standard","has-post-thumbnail","hentry","category-noticias-de-ribeirao-preto-sp-e-regiao-ismael-colosi"],"jetpack_publicize_connections":[],"jetpack_featured_media_url":"https:\/\/i0.wp.com\/ismaelcolosi.com.br\/wp-content\/uploads\/2024\/09\/Copia-de-Copia-de-Copia-de-TAMANHO-EXATO-PARA-FOTOS-NO-SISTEMA-NOVO-17_2024-09-30_15-58-42_jpg_2024-09-30_15-58-42.webp.webp?fit=1200%2C675&ssl=1","uagb_featured_image_src":{"full":["https:\/\/i0.wp.com\/ismaelcolosi.com.br\/wp-content\/uploads\/2024\/09\/Copia-de-Copia-de-Copia-de-TAMANHO-EXATO-PARA-FOTOS-NO-SISTEMA-NOVO-17_2024-09-30_15-58-42_jpg_2024-09-30_15-58-42.webp.webp?fit=1200%2C675&ssl=1",1200,675,false],"thumbnail":["https:\/\/i0.wp.com\/ismaelcolosi.com.br\/wp-content\/uploads\/2024\/09\/Copia-de-Copia-de-Copia-de-TAMANHO-EXATO-PARA-FOTOS-NO-SISTEMA-NOVO-17_2024-09-30_15-58-42_jpg_2024-09-30_15-58-42.webp.webp?resize=150%2C150&ssl=1",150,150,true],"medium":["https:\/\/i0.wp.com\/ismaelcolosi.com.br\/wp-content\/uploads\/2024\/09\/Copia-de-Copia-de-Copia-de-TAMANHO-EXATO-PARA-FOTOS-NO-SISTEMA-NOVO-17_2024-09-30_15-58-42_jpg_2024-09-30_15-58-42.webp.webp?fit=300%2C169&ssl=1",300,169,true],"medium_large":["https:\/\/i0.wp.com\/ismaelcolosi.com.br\/wp-content\/uploads\/2024\/09\/Copia-de-Copia-de-Copia-de-TAMANHO-EXATO-PARA-FOTOS-NO-SISTEMA-NOVO-17_2024-09-30_15-58-42_jpg_2024-09-30_15-58-42.webp.webp?fit=768%2C432&ssl=1",768,432,true],"large":["https:\/\/i0.wp.com\/ismaelcolosi.com.br\/wp-content\/uploads\/2024\/09\/Copia-de-Copia-de-Copia-de-TAMANHO-EXATO-PARA-FOTOS-NO-SISTEMA-NOVO-17_2024-09-30_15-58-42_jpg_2024-09-30_15-58-42.webp.webp?fit=1024%2C576&ssl=1",1024,576,true],"1536x1536":["https:\/\/i0.wp.com\/ismaelcolosi.com.br\/wp-content\/uploads\/2024\/09\/Copia-de-Copia-de-Copia-de-TAMANHO-EXATO-PARA-FOTOS-NO-SISTEMA-NOVO-17_2024-09-30_15-58-42_jpg_2024-09-30_15-58-42.webp.webp?fit=1200%2C675&ssl=1",1200,675,true],"2048x2048":["https:\/\/i0.wp.com\/ismaelcolosi.com.br\/wp-content\/uploads\/2024\/09\/Copia-de-Copia-de-Copia-de-TAMANHO-EXATO-PARA-FOTOS-NO-SISTEMA-NOVO-17_2024-09-30_15-58-42_jpg_2024-09-30_15-58-42.webp.webp?fit=1200%2C675&ssl=1",1200,675,true],"really-simple-thumb":["https:\/\/i0.wp.com\/ismaelcolosi.com.br\/wp-content\/uploads\/2024\/09\/Copia-de-Copia-de-Copia-de-TAMANHO-EXATO-PARA-FOTOS-NO-SISTEMA-NOVO-17_2024-09-30_15-58-42_jpg_2024-09-30_15-58-42.webp.webp?resize=370%2C247&ssl=1",370,247,true]},"uagb_author_info":{"display_name":"ismaelcolosi.com.br","author_link":"https:\/\/ismaelcolosi.com.br\/index.php\/author\/vidareal-online\/"},"uagb_comment_info":0,"uagb_excerpt":"A esta\u00e7\u00e3o mais colorida do ano deu j\u00e1 chegou e, por isso, o acidade on preparou um guia tur\u00edstico com cinco cidades do interior de...","jetpack-related-posts":[{"id":67312,"url":"https:\/\/ismaelcolosi.com.br\/index.php\/2024\/09\/22\/veja-quando-a-chuva-volta-com-regularidade-no-interior-de-sp\/","url_meta":{"origin":68518,"position":0},"title":"Veja quando a chuva volta com regularidade no interior de SP","author":"ismaelcolosi.com.br","date":"22 de September de 2024","format":false,"excerpt":"A primavera come\u00e7ou \u00e0s 9h44 deste domingo (22) e os meteorologistas apontam que ser\u00e1 uma esta\u00e7\u00e3o chuvas dentro da m\u00e9dia para esta \u00e9poca do ano na maior parte do interior de S\u00e3o Paulo. A Climatempo aponta que as chuvas voltam com regularidade entre a segunda quinzena de outubro e o\u2026","rel":"","context":"In &quot;Not\u00edcias de Ribeir\u00e3o Preto-SP e Regi\u00e3o&quot;","block_context":{"text":"Not\u00edcias de Ribeir\u00e3o Preto-SP e Regi\u00e3o","link":"https:\/\/ismaelcolosi.com.br\/index.php\/category\/noticias-de-ribeirao-preto-sp-e-regiao-ismael-colosi\/"},"img":{"alt_text":"","src":"https:\/\/i0.wp.com\/ismaelcolosi.com.br\/wp-content\/uploads\/2024\/09\/1727025033_WhatsApp-Image-2024-03-22-at-12.17.55.jpeg?fit=1200%2C540&ssl=1&resize=350%2C200","width":350,"height":200,"srcset":"https:\/\/i0.wp.com\/ismaelcolosi.com.br\/wp-content\/uploads\/2024\/09\/1727025033_WhatsApp-Image-2024-03-22-at-12.17.55.jpeg?fit=1200%2C540&ssl=1&resize=350%2C200 1x, https:\/\/i0.wp.com\/ismaelcolosi.com.br\/wp-content\/uploads\/2024\/09\/1727025033_WhatsApp-Image-2024-03-22-at-12.17.55.jpeg?fit=1200%2C540&ssl=1&resize=525%2C300 1.5x, https:\/\/i0.wp.com\/ismaelcolosi.com.br\/wp-content\/uploads\/2024\/09\/1727025033_WhatsApp-Image-2024-03-22-at-12.17.55.jpeg?fit=1200%2C540&ssl=1&resize=700%2C400 2x, https:\/\/i0.wp.com\/ismaelcolosi.com.br\/wp-content\/uploads\/2024\/09\/1727025033_WhatsApp-Image-2024-03-22-at-12.17.55.jpeg?fit=1200%2C540&ssl=1&resize=1050%2C600 3x"},"classes":[]},{"id":48107,"url":"https:\/\/ismaelcolosi.com.br\/index.php\/2024\/04\/30\/mais-cidades-sao-incluidas-no-alerta-para-ondas-de-calor-no-interior-de-sp-veja-regioes-afetadas\/","url_meta":{"origin":68518,"position":1},"title":"Mais cidades s\u00e3o inclu\u00eddas no alerta para ondas de calor no interior de SP; Veja regi\u00f5es afetadas","author":"ismaelcolosi.com.br","date":"30 de April de 2024","format":false,"excerpt":"O calor\u00e3o que atinge o estado de S\u00e3o Paulo e outras regi\u00f5es do Brasil n\u00e3o deve ir embora at\u00e9 pelo menos o dia 10 de maio, de acordo com a Climatempo. Essa onda de calor afeta o estado desde o dia 22 de abril. Nesta ter\u00e7a-feira (30), o Instituto Nacional\u2026","rel":"","context":"In &quot;Not\u00edcias de Ribeir\u00e3o Preto-SP e Regi\u00e3o&quot;","block_context":{"text":"Not\u00edcias de Ribeir\u00e3o Preto-SP e Regi\u00e3o","link":"https:\/\/ismaelcolosi.com.br\/index.php\/category\/noticias-de-ribeirao-preto-sp-e-regiao-ismael-colosi\/"},"img":{"alt_text":"","src":"https:\/\/i0.wp.com\/ismaelcolosi.com.br\/wp-content\/uploads\/2024\/04\/20230824_153104-1.jpg?fit=1200%2C823&ssl=1&resize=350%2C200","width":350,"height":200,"srcset":"https:\/\/i0.wp.com\/ismaelcolosi.com.br\/wp-content\/uploads\/2024\/04\/20230824_153104-1.jpg?fit=1200%2C823&ssl=1&resize=350%2C200 1x, https:\/\/i0.wp.com\/ismaelcolosi.com.br\/wp-content\/uploads\/2024\/04\/20230824_153104-1.jpg?fit=1200%2C823&ssl=1&resize=525%2C300 1.5x, https:\/\/i0.wp.com\/ismaelcolosi.com.br\/wp-content\/uploads\/2024\/04\/20230824_153104-1.jpg?fit=1200%2C823&ssl=1&resize=700%2C400 2x, https:\/\/i0.wp.com\/ismaelcolosi.com.br\/wp-content\/uploads\/2024\/04\/20230824_153104-1.jpg?fit=1200%2C823&ssl=1&resize=1050%2C600 3x"},"classes":[]},{"id":48676,"url":"https:\/\/ismaelcolosi.com.br\/index.php\/2024\/05\/05\/onda-de-calor-vai-continuar-veja-a-previsao-do-tempo-no-interior-de-sp\/","url_meta":{"origin":68518,"position":2},"title":"Onda de calor vai continuar? Veja a previs\u00e3o do tempo no interior de SP","author":"ismaelcolosi.com.br","date":"5 de May de 2024","format":false,"excerpt":"A onda de calor vai continuar no interior de S\u00e3o Paulo, de acordo com o Inmet (Instituto Nacional de Meteorologia). O \u00f3rg\u00e3o publicou dois alertas para o interior de S\u00e3o Paulo de \u201cperigo\u201d e \u201cgrande perigo\u201d, em raz\u00e3o das altas temperaturas. Al\u00e9m disso, um alerta de \u201cperigo potencial\u201d para baixa\u2026","rel":"","context":"In &quot;Not\u00edcias de Ribeir\u00e3o Preto-SP e Regi\u00e3o&quot;","block_context":{"text":"Not\u00edcias de Ribeir\u00e3o Preto-SP e Regi\u00e3o","link":"https:\/\/ismaelcolosi.com.br\/index.php\/category\/noticias-de-ribeirao-preto-sp-e-regiao-ismael-colosi\/"},"img":{"alt_text":"","src":"https:\/\/i0.wp.com\/ismaelcolosi.com.br\/wp-content\/uploads\/2024\/05\/sertaozinho-2.jpg?fit=800%2C600&ssl=1&resize=350%2C200","width":350,"height":200,"srcset":"https:\/\/i0.wp.com\/ismaelcolosi.com.br\/wp-content\/uploads\/2024\/05\/sertaozinho-2.jpg?fit=800%2C600&ssl=1&resize=350%2C200 1x, https:\/\/i0.wp.com\/ismaelcolosi.com.br\/wp-content\/uploads\/2024\/05\/sertaozinho-2.jpg?fit=800%2C600&ssl=1&resize=525%2C300 1.5x, https:\/\/i0.wp.com\/ismaelcolosi.com.br\/wp-content\/uploads\/2024\/05\/sertaozinho-2.jpg?fit=800%2C600&ssl=1&resize=700%2C400 2x"},"classes":[]},{"id":60155,"url":"https:\/\/ismaelcolosi.com.br\/index.php\/2024\/08\/14\/nota-fiscal-paulista-premia-moradores-do-interior-de-sp-veja-cidades-sorteadas\/","url_meta":{"origin":68518,"position":3},"title":"Nota Fiscal Paulista premia moradores do interior de SP; Veja cidades sorteadas","author":"ismaelcolosi.com.br","date":"14 de August de 2024","format":false,"excerpt":"A Nota Fiscal Paulista premiou, nesta quarta-fria (14), cinco consumidores do interior de S\u00e3o Paulo. Um deles vai receber R$ 500 mil, o segundo maior pr\u00eamio do sorteio. Os outros quatro v\u00e3o receber R$ 100 mil cada um. O grande pr\u00eamio de R$ 1 milh\u00e3o, no entanto, saiu para uma\u2026","rel":"","context":"In &quot;Not\u00edcias de Ribeir\u00e3o Preto-SP e Regi\u00e3o&quot;","block_context":{"text":"Not\u00edcias de Ribeir\u00e3o Preto-SP e Regi\u00e3o","link":"https:\/\/ismaelcolosi.com.br\/index.php\/category\/noticias-de-ribeirao-preto-sp-e-regiao-ismael-colosi\/"},"img":{"alt_text":"","src":"https:\/\/i0.wp.com\/ismaelcolosi.com.br\/wp-content\/uploads\/2024\/08\/img_20230719_122253523.jpg_888881121.png?fit=600%2C381&ssl=1&resize=350%2C200","width":350,"height":200,"srcset":"https:\/\/i0.wp.com\/ismaelcolosi.com.br\/wp-content\/uploads\/2024\/08\/img_20230719_122253523.jpg_888881121.png?fit=600%2C381&ssl=1&resize=350%2C200 1x, https:\/\/i0.wp.com\/ismaelcolosi.com.br\/wp-content\/uploads\/2024\/08\/img_20230719_122253523.jpg_888881121.png?fit=600%2C381&ssl=1&resize=525%2C300 1.5x"},"classes":[]},{"id":39368,"url":"https:\/\/ismaelcolosi.com.br\/index.php\/2024\/02\/25\/plataforma-revela-os-destinos-mais-acolhedores-do-sudeste\/","url_meta":{"origin":68518,"position":4},"title":"Plataforma revela os destinos mais acolhedores do Sudeste\u00a0","author":"ismaelcolosi.com.br","date":"25 de February de 2024","format":false,"excerpt":"O Traveller Review Awards 2024 \u00e9 uma premia\u00e7\u00e3o anual com base em mais de 309 milh\u00f5es de avalia\u00e7\u00f5es verificadas, que reconhece prestadores de servi\u00e7os de turismo e hospitalidade por sua excel\u00eancia. Realizada pela plataforma de viagens Booking.com, uma das mais conhecidas, nesta semana a pesquisa revelou uma lista com os\u2026","rel":"","context":"In &quot;Not\u00edcias de Ribeir\u00e3o Preto-SP e Regi\u00e3o&quot;","block_context":{"text":"Not\u00edcias de Ribeir\u00e3o Preto-SP e Regi\u00e3o","link":"https:\/\/ismaelcolosi.com.br\/index.php\/category\/noticias-de-ribeirao-preto-sp-e-regiao-ismael-colosi\/"},"img":{"alt_text":"","src":"https:\/\/i0.wp.com\/ismaelcolosi.com.br\/wp-content\/uploads\/2024\/02\/4-sto-ant-pinhal-1-scaled.jpg?fit=977%2C645&ssl=1&resize=350%2C200","width":350,"height":200,"srcset":"https:\/\/i0.wp.com\/ismaelcolosi.com.br\/wp-content\/uploads\/2024\/02\/4-sto-ant-pinhal-1-scaled.jpg?fit=977%2C645&ssl=1&resize=350%2C200 1x, https:\/\/i0.wp.com\/ismaelcolosi.com.br\/wp-content\/uploads\/2024\/02\/4-sto-ant-pinhal-1-scaled.jpg?fit=977%2C645&ssl=1&resize=525%2C300 1.5x, https:\/\/i0.wp.com\/ismaelcolosi.com.br\/wp-content\/uploads\/2024\/02\/4-sto-ant-pinhal-1-scaled.jpg?fit=977%2C645&ssl=1&resize=700%2C400 2x"},"classes":[]},{"id":33271,"url":"https:\/\/ismaelcolosi.com.br\/index.php\/2024\/01\/28\/ameacados-lobos-guara-sao-monitorados-no-interior-de-sp\/","url_meta":{"origin":68518,"position":5},"title":"Amea\u00e7ados, lobos-guar\u00e1 s\u00e3o monitorados no interior de SP","author":"ismaelcolosi.com.br","date":"28 de January de 2024","format":false,"excerpt":"Com o uso de c\u00e2meras de monitoramento do MonitoraBioSP, a Funda\u00e7\u00e3o Florestal (FF), \u00f3rg\u00e3o ligado \u00e0 Secretaria de Meio Ambiente, Infraestrutura e Log\u00edstica (Semil), continua dando sequ\u00eancia ao controle dos casos de sarna sarc\u00f3ptica que acometeu lobos-guar\u00e1s (Chrysocyon brachyurus) \u2013 maior can\u00eddeo da Am\u00e9rica do Sul, com at\u00e9 um metro\u2026","rel":"","context":"In &quot;Not\u00edcias de Ribeir\u00e3o Preto-SP e Regi\u00e3o&quot;","block_context":{"text":"Not\u00edcias de Ribeir\u00e3o Preto-SP e Regi\u00e3o","link":"https:\/\/ismaelcolosi.com.br\/index.php\/category\/noticias-de-ribeirao-preto-sp-e-regiao-ismael-colosi\/"},"img":{"alt_text":"","src":"https:\/\/i0.wp.com\/ismaelcolosi.com.br\/wp-content\/uploads\/2024\/01\/1-lobo-guara.jpg?fit=600%2C400&ssl=1&resize=350%2C200","width":350,"height":200,"srcset":"https:\/\/i0.wp.com\/ismaelcolosi.com.br\/wp-content\/uploads\/2024\/01\/1-lobo-guara.jpg?fit=600%2C400&ssl=1&resize=350%2C200 1x, https:\/\/i0.wp.com\/ismaelcolosi.com.br\/wp-content\/uploads\/2024\/01\/1-lobo-guara.jpg?fit=600%2C400&ssl=1&resize=525%2C300 1.5x"},"classes":[]}],"jetpack_sharing_enabled":true,"jetpack_shortlink":"https:\/\/wp.me\/pfMlyK-hP8","_links":{"self":[{"href":"https:\/\/ismaelcolosi.com.br\/index.php\/wp-json\/wp\/v2\/posts\/68518","targetHints":{"allow":["GET"]}}],"collection":[{"href":"https:\/\/ismaelcolosi.com.br\/index.php\/wp-json\/wp\/v2\/posts"}],"about":[{"href":"https:\/\/ismaelcolosi.com.br\/index.php\/wp-json\/wp\/v2\/types\/post"}],"author":[{"embeddable":true,"href":"https:\/\/ismaelcolosi.com.br\/index.php\/wp-json\/wp\/v2\/users\/1"}],"replies":[{"embeddable":true,"href":"https:\/\/ismaelcolosi.com.br\/index.php\/wp-json\/wp\/v2\/comments?post=68518"}],"version-history":[{"count":0,"href":"https:\/\/ismaelcolosi.com.br\/index.php\/wp-json\/wp\/v2\/posts\/68518\/revisions"}],"wp:featuredmedia":[{"embeddable":true,"href":"https:\/\/ismaelcolosi.com.br\/index.php\/wp-json\/wp\/v2\/media\/68519"}],"wp:attachment":[{"href":"https:\/\/ismaelcolosi.com.br\/index.php\/wp-json\/wp\/v2\/media?parent=68518"}],"wp:term":[{"taxonomy":"category","embeddable":true,"href":"https:\/\/ismaelcolosi.com.br\/index.php\/wp-json\/wp\/v2\/categories?post=68518"},{"taxonomy":"post_tag","embeddable":true,"href":"https:\/\/ismaelcolosi.com.br\/index.php\/wp-json\/wp\/v2\/tags?post=68518"}],"curies":[{"name":"wp","href":"https:\/\/api.w.org\/{rel}","templated":true}]}}