{"id":68499,"date":"2024-09-30T13:07:04","date_gmt":"2024-09-30T16:07:04","guid":{"rendered":"https:\/\/ismaelcolosi.com.br\/index.php\/2024\/09\/30\/ribeirao-preto-recebe-evento-da-nasa-veja-como-participar\/"},"modified":"2024-09-30T13:07:04","modified_gmt":"2024-09-30T16:07:04","slug":"ribeirao-preto-recebe-evento-da-nasa-veja-como-participar","status":"publish","type":"post","link":"https:\/\/ismaelcolosi.com.br\/index.php\/2024\/09\/30\/ribeirao-preto-recebe-evento-da-nasa-veja-como-participar\/","title":{"rendered":"Ribeir\u00e3o Preto recebe evento da Nasa; Veja como participar"},"content":{"rendered":"<p> <br \/>\n<\/p>\n<div data-td-block-uid=\"tdi_106\">\n<div class=\"tdb-block-inner td-fix-index\">\n<p><strong>Ribeir\u00e3o Preto<\/strong> receber\u00e1 o <strong>Nasa Space Apps Challenge<\/strong> nos dias <strong>4, 5 e 6 de outubro<\/strong>, no <strong>Multiplan Hall<\/strong>, do<strong> Ribeir\u00e3o Shopping<\/strong>. As inscri\u00e7\u00f5es est\u00e3o abertas \u2013 veja como se inscrever abaixo.<\/p>\n<p>O <strong>Nasa Space Apps Challenge<\/strong> \u00e9 uma competi\u00e7\u00e3o internacional realizada em v\u00e1rias cidades do mundo, simultaneamente. Os participantes recebem desafios reais desenvolvidos pela ag\u00eancia e precisam resolver as quest\u00f5es, al\u00e9m de receberem acesso a dados da <strong>Nasa<\/strong>.<\/p>\n<p>Durante a maratona s\u00e3o criadas equipes que precisam encontrar uma solu\u00e7\u00e3o dentro do tema escolhido. O\u00a0<strong>Nasa\u00a0Space Apps Challenge<\/strong> ter\u00e1, ainda, outras atividades inclusivas durante o evento, como palestras, workshops e competi\u00e7\u00e3o para jovens e adultos.<\/p>\n<p>A organiza\u00e7\u00e3o est\u00e1 solicitando <strong>um quilo de alimento n\u00e3o perec\u00edvel<\/strong> na entrada do evento, que posteriormente ser\u00e3o doados.<\/p>\n<h4 class=\"wp-block-heading\"><strong>Como se inscrever?<\/strong><\/h4>\n<p>Para participar \u00e9 simples, basta acessar o <strong>site (<a href=\"https:\/\/www.spaceappschallenge.org\/nasa-space-apps-2024\/2024-local-events\/ribeirao-preto\/\" target=\"_blank\" rel=\"noreferrer noopener\">clique aqui<\/a>)<\/strong> e se inscrever. As vagas s\u00e3o limitadas a <strong>400 pessoas<\/strong> e a <strong>inscri\u00e7\u00e3o \u00e9 gratuita<\/strong>. <\/p>\n<h4 class=\"wp-block-heading\"><strong>Servi\u00e7o<\/strong><\/h4>\n<p><strong><em>NASA Space Apps Ribeir\u00e3o Preto 2024<\/em><\/strong><\/p>\n<p><strong>Data:<\/strong>\u00a04, 5 e 6 de outubro<br \/><strong>Local:<\/strong>\u00a0Multiplan Hall \u2013 Av. Cel. Fernando Ferreira Leite, 1540<br \/><strong>Inscri\u00e7\u00f5es:<\/strong>\u00a0Atrav\u00e9s do <a href=\"https:\/\/www.spaceappschallenge.org\/nasa-space-apps-2024\/2024-local-events\/ribeirao-preto\/\" target=\"_blank\" rel=\"noreferrer noopener\">site<\/a><\/p>\n<p>SAIBA MAIS<br \/>Francisco, el Hombre se apresenta em Ribeir\u00e3o Preto antes de pausa na carreira<\/p>\n<h4 class=\"wp-block-heading\"><strong>FIQUE ON<\/strong><\/h4>\n<p>Fique ligado em tudo que acontece em Ribeir\u00e3o Preto e regi\u00e3o. Siga os perfis do <strong>acidade on <\/strong>no <a href=\"https:\/\/www.instagram.com\/acidadeonribeirao\" target=\"_blank\" rel=\"noreferrer noopener\">Instagram<\/a> e no <a href=\"https:\/\/www.facebook.com\/acidadeonribeirao\" target=\"_blank\" rel=\"noreferrer noopener\">Facebook<\/a>.<\/p>\n<p>Receba not\u00edcias do <strong>acidade on<\/strong> no WhatsApp. Para entrar no grupo, basta <a href=\"https:\/\/chat.whatsapp.com\/Dtv9mxhy6V5BJBotM2OQ5k\" target=\"_blank\" rel=\"noreferrer noopener\">clicar aqui<\/a>.<\/p>\n<p>Fa\u00e7a uma den\u00fancia ou sugira uma reportagem sobre Ribeir\u00e3o Preto e regi\u00e3o pelo WhatsApp: 16 99117 7802.<\/p>\n<p>VEJA TAMB\u00c9M<br \/>Beyonc\u00e9 perdeu seguidores?<\/p>\n<p><!-- CONTENT END 1 -->\n<\/div>\n<\/div>\n<p><script async src=\"\/\/www.instagram.com\/embed.js\"><\/script><br \/>\n<br \/><br \/>\n<br \/><a href=\"https:\/\/www.acidadeon.com\/ribeiraopreto\/lazer-e-cultura\/ribeirao-preto-recebe-evento-da-nasa-veja-como-participar\/\">Source link <\/a><\/p>\n","protected":false},"excerpt":{"rendered":"<p>Ribeir\u00e3o Preto receber\u00e1 o Nasa Space Apps Challenge nos dias 4, 5 e 6 de outubro, no Multiplan Hall, do Ribeir\u00e3o Shopping. As inscri\u00e7\u00f5es est\u00e3o&#8230;<\/p>\n","protected":false},"author":1,"featured_media":68500,"comment_status":"open","ping_status":"open","sticky":false,"template":"","format":"standard","meta":{"_uag_custom_page_level_css":"","advanced_seo_description":"","jetpack_seo_html_title":"","jetpack_seo_noindex":false,"jetpack_post_was_ever_published":false,"_jetpack_newsletter_access":"","_jetpack_dont_email_post_to_subs":false,"_jetpack_newsletter_tier_id":0,"_jetpack_memberships_contains_paywalled_content":false,"_jetpack_memberships_contains_paid_content":false,"footnotes":"","jetpack_publicize_message":"","jetpack_publicize_feature_enabled":true,"jetpack_social_post_already_shared":true,"jetpack_social_options":{"image_generator_settings":{"template":"highway","default_image_id":0,"font":"","enabled":false},"version":2}},"categories":[11],"tags":[],"class_list":["post-68499","post","type-post","status-publish","format-standard","has-post-thumbnail","hentry","category-noticias-de-ribeirao-preto-sp-e-regiao-ismael-colosi"],"jetpack_publicize_connections":[],"jetpack_featured_media_url":"https:\/\/i0.wp.com\/ismaelcolosi.com.br\/wp-content\/uploads\/2024\/09\/Ribeirao-Preto-e-sede-da-competicao-pelo-5o-ano-Divulgacao-1_2024-09-30_12-20-09_jpg_2024-09-30_12-20-10.webp.webp?fit=800%2C533&ssl=1","uagb_featured_image_src":{"full":["https:\/\/i0.wp.com\/ismaelcolosi.com.br\/wp-content\/uploads\/2024\/09\/Ribeirao-Preto-e-sede-da-competicao-pelo-5o-ano-Divulgacao-1_2024-09-30_12-20-09_jpg_2024-09-30_12-20-10.webp.webp?fit=800%2C533&ssl=1",800,533,false],"thumbnail":["https:\/\/i0.wp.com\/ismaelcolosi.com.br\/wp-content\/uploads\/2024\/09\/Ribeirao-Preto-e-sede-da-competicao-pelo-5o-ano-Divulgacao-1_2024-09-30_12-20-09_jpg_2024-09-30_12-20-10.webp.webp?resize=150%2C150&ssl=1",150,150,true],"medium":["https:\/\/i0.wp.com\/ismaelcolosi.com.br\/wp-content\/uploads\/2024\/09\/Ribeirao-Preto-e-sede-da-competicao-pelo-5o-ano-Divulgacao-1_2024-09-30_12-20-09_jpg_2024-09-30_12-20-10.webp.webp?fit=300%2C200&ssl=1",300,200,true],"medium_large":["https:\/\/i0.wp.com\/ismaelcolosi.com.br\/wp-content\/uploads\/2024\/09\/Ribeirao-Preto-e-sede-da-competicao-pelo-5o-ano-Divulgacao-1_2024-09-30_12-20-09_jpg_2024-09-30_12-20-10.webp.webp?fit=768%2C512&ssl=1",768,512,true],"large":["https:\/\/i0.wp.com\/ismaelcolosi.com.br\/wp-content\/uploads\/2024\/09\/Ribeirao-Preto-e-sede-da-competicao-pelo-5o-ano-Divulgacao-1_2024-09-30_12-20-09_jpg_2024-09-30_12-20-10.webp.webp?fit=800%2C533&ssl=1",800,533,true],"1536x1536":["https:\/\/i0.wp.com\/ismaelcolosi.com.br\/wp-content\/uploads\/2024\/09\/Ribeirao-Preto-e-sede-da-competicao-pelo-5o-ano-Divulgacao-1_2024-09-30_12-20-09_jpg_2024-09-30_12-20-10.webp.webp?fit=800%2C533&ssl=1",800,533,true],"2048x2048":["https:\/\/i0.wp.com\/ismaelcolosi.com.br\/wp-content\/uploads\/2024\/09\/Ribeirao-Preto-e-sede-da-competicao-pelo-5o-ano-Divulgacao-1_2024-09-30_12-20-09_jpg_2024-09-30_12-20-10.webp.webp?fit=800%2C533&ssl=1",800,533,true],"really-simple-thumb":["https:\/\/i0.wp.com\/ismaelcolosi.com.br\/wp-content\/uploads\/2024\/09\/Ribeirao-Preto-e-sede-da-competicao-pelo-5o-ano-Divulgacao-1_2024-09-30_12-20-09_jpg_2024-09-30_12-20-10.webp.webp?resize=370%2C247&ssl=1",370,247,true]},"uagb_author_info":{"display_name":"ismaelcolosi.com.br","author_link":"https:\/\/ismaelcolosi.com.br\/index.php\/author\/vidareal-online\/"},"uagb_comment_info":0,"uagb_excerpt":"Ribeir\u00e3o Preto receber\u00e1 o Nasa Space Apps Challenge nos dias 4, 5 e 6 de outubro, no Multiplan Hall, do Ribeir\u00e3o Shopping. As inscri\u00e7\u00f5es est\u00e3o...","jetpack-related-posts":[{"id":61175,"url":"https:\/\/ismaelcolosi.com.br\/index.php\/2024\/08\/20\/ribeirao-preto-recebe-competicao-gratuita-da-nasa-veja-como-participar\/","url_meta":{"origin":68499,"position":0},"title":"Ribeir\u00e3o Preto recebe competi\u00e7\u00e3o gratuita da Nasa; Veja como participar","author":"ismaelcolosi.com.br","date":"20 de August de 2024","format":false,"excerpt":"Ribeir\u00e3o Preto vai receber entre os dias 4 e 6 de outubro, mais uma edi\u00e7\u00e3o do Nasa Space Apps Challenge, um evento da ag\u00eancia espacial dos Estados Unidos da Am\u00e9rica. O evento vai acontecer no Multiplan Hall, no Ribeir\u00e3o Shopping, na zona Sul do munic\u00edpio. A competi\u00e7\u00e3o internacional \u00e9 realizada\u2026","rel":"","context":"In &quot;Not\u00edcias de Ribeir\u00e3o Preto-SP e Regi\u00e3o&quot;","block_context":{"text":"Not\u00edcias de Ribeir\u00e3o Preto-SP e Regi\u00e3o","link":"https:\/\/ismaelcolosi.com.br\/index.php\/category\/noticias-de-ribeirao-preto-sp-e-regiao-ismael-colosi\/"},"img":{"alt_text":"","src":"https:\/\/i0.wp.com\/ismaelcolosi.com.br\/wp-content\/uploads\/2024\/08\/Ribeirao-Preto-e-sede-da-competicao-pelo-5o-ano-Divulgacao_2024-08-20_17-45-29_jpg_2024-08-20_17-45-29.webp.webp?fit=800%2C533&ssl=1&resize=350%2C200","width":350,"height":200,"srcset":"https:\/\/i0.wp.com\/ismaelcolosi.com.br\/wp-content\/uploads\/2024\/08\/Ribeirao-Preto-e-sede-da-competicao-pelo-5o-ano-Divulgacao_2024-08-20_17-45-29_jpg_2024-08-20_17-45-29.webp.webp?fit=800%2C533&ssl=1&resize=350%2C200 1x, https:\/\/i0.wp.com\/ismaelcolosi.com.br\/wp-content\/uploads\/2024\/08\/Ribeirao-Preto-e-sede-da-competicao-pelo-5o-ano-Divulgacao_2024-08-20_17-45-29_jpg_2024-08-20_17-45-29.webp.webp?fit=800%2C533&ssl=1&resize=525%2C300 1.5x, https:\/\/i0.wp.com\/ismaelcolosi.com.br\/wp-content\/uploads\/2024\/08\/Ribeirao-Preto-e-sede-da-competicao-pelo-5o-ano-Divulgacao_2024-08-20_17-45-29_jpg_2024-08-20_17-45-29.webp.webp?fit=800%2C533&ssl=1&resize=700%2C400 2x"},"classes":[]},{"id":68514,"url":"https:\/\/ismaelcolosi.com.br\/index.php\/2024\/09\/30\/veja-mapa-interativo-com-todos-os-locais-de-votacao-em-ribeirao-preto\/","url_meta":{"origin":68499,"position":1},"title":"Veja mapa interativo com todos os locais de vota\u00e7\u00e3o em Ribeir\u00e3o Preto","author":"ismaelcolosi.com.br","date":"30 de September de 2024","format":false,"excerpt":"O 1\u00ba turno das Elei\u00e7\u00f5es Municipais de 2024 acontece neste domingo (6), das 8h \u00e0s 17h, em diversas institui\u00e7\u00f5es de Ribeir\u00e3o Preto. Com isso, o portal acidade on preparou um mapa com todos os locais de vota\u00e7\u00e3o na cidade. Os locais foram agrupados conforme rela\u00e7\u00e3o enviada a reportagem pelas zonas\u2026","rel":"","context":"In &quot;Not\u00edcias de Ribeir\u00e3o Preto-SP e Regi\u00e3o&quot;","block_context":{"text":"Not\u00edcias de Ribeir\u00e3o Preto-SP e Regi\u00e3o","link":"https:\/\/ismaelcolosi.com.br\/index.php\/category\/noticias-de-ribeirao-preto-sp-e-regiao-ismael-colosi\/"},"img":{"alt_text":"","src":"https:\/\/i0.wp.com\/ismaelcolosi.com.br\/wp-content\/uploads\/2024\/09\/Copia-de-Copia-de-Copia-de-TAMANHO-EXATO-PARA-FOTOS-NO-SISTEMA-NOVO-82_2024-09-30_17-21-38_png_2024-09-30_17-21-38.webp.webp?fit=1200%2C675&ssl=1&resize=350%2C200","width":350,"height":200,"srcset":"https:\/\/i0.wp.com\/ismaelcolosi.com.br\/wp-content\/uploads\/2024\/09\/Copia-de-Copia-de-Copia-de-TAMANHO-EXATO-PARA-FOTOS-NO-SISTEMA-NOVO-82_2024-09-30_17-21-38_png_2024-09-30_17-21-38.webp.webp?fit=1200%2C675&ssl=1&resize=350%2C200 1x, https:\/\/i0.wp.com\/ismaelcolosi.com.br\/wp-content\/uploads\/2024\/09\/Copia-de-Copia-de-Copia-de-TAMANHO-EXATO-PARA-FOTOS-NO-SISTEMA-NOVO-82_2024-09-30_17-21-38_png_2024-09-30_17-21-38.webp.webp?fit=1200%2C675&ssl=1&resize=525%2C300 1.5x, https:\/\/i0.wp.com\/ismaelcolosi.com.br\/wp-content\/uploads\/2024\/09\/Copia-de-Copia-de-Copia-de-TAMANHO-EXATO-PARA-FOTOS-NO-SISTEMA-NOVO-82_2024-09-30_17-21-38_png_2024-09-30_17-21-38.webp.webp?fit=1200%2C675&ssl=1&resize=700%2C400 2x, https:\/\/i0.wp.com\/ismaelcolosi.com.br\/wp-content\/uploads\/2024\/09\/Copia-de-Copia-de-Copia-de-TAMANHO-EXATO-PARA-FOTOS-NO-SISTEMA-NOVO-82_2024-09-30_17-21-38_png_2024-09-30_17-21-38.webp.webp?fit=1200%2C675&ssl=1&resize=1050%2C600 3x"},"classes":[]},{"id":61216,"url":"https:\/\/ismaelcolosi.com.br\/index.php\/2024\/08\/20\/sepultura-se-apresenta-neste-final-de-semana-em-ribeirao-preto\/","url_meta":{"origin":68499,"position":2},"title":"Sepultura se apresenta neste final de semana em Ribeir\u00e3o Preto","author":"ismaelcolosi.com.br","date":"20 de August de 2024","format":false,"excerpt":"A banda Sepultura desembarca em Ribeir\u00e3o Preto neste s\u00e1bado (24), para apresenta\u00e7\u00e3o da sua turn\u00ea de despedida Celebrating Life Through Death. O espet\u00e1culo vai acontecer a partir das 19h, no Alcans Halls (antigo Centro de Eventos Quinta Linda), localizado na rodovia Anhanguera (SP-330). Os ingressos ainda est\u00e3o dispon\u00edveis e podem\u2026","rel":"","context":"In &quot;Not\u00edcias de Ribeir\u00e3o Preto-SP e Regi\u00e3o&quot;","block_context":{"text":"Not\u00edcias de Ribeir\u00e3o Preto-SP e Regi\u00e3o","link":"https:\/\/ismaelcolosi.com.br\/index.php\/category\/noticias-de-ribeirao-preto-sp-e-regiao-ismael-colosi\/"},"img":{"alt_text":"","src":"https:\/\/i0.wp.com\/ismaelcolosi.com.br\/wp-content\/uploads\/2024\/08\/Copia-de-Copia-de-Copia-de-TAMANHO-EXATO-PARA-FOTOS-NO-SISTEMA-NOVO-15_2024-08-20_20-56-43_png_2024-08-20_20-56-43.webp.webp?fit=1200%2C675&ssl=1&resize=350%2C200","width":350,"height":200,"srcset":"https:\/\/i0.wp.com\/ismaelcolosi.com.br\/wp-content\/uploads\/2024\/08\/Copia-de-Copia-de-Copia-de-TAMANHO-EXATO-PARA-FOTOS-NO-SISTEMA-NOVO-15_2024-08-20_20-56-43_png_2024-08-20_20-56-43.webp.webp?fit=1200%2C675&ssl=1&resize=350%2C200 1x, https:\/\/i0.wp.com\/ismaelcolosi.com.br\/wp-content\/uploads\/2024\/08\/Copia-de-Copia-de-Copia-de-TAMANHO-EXATO-PARA-FOTOS-NO-SISTEMA-NOVO-15_2024-08-20_20-56-43_png_2024-08-20_20-56-43.webp.webp?fit=1200%2C675&ssl=1&resize=525%2C300 1.5x, https:\/\/i0.wp.com\/ismaelcolosi.com.br\/wp-content\/uploads\/2024\/08\/Copia-de-Copia-de-Copia-de-TAMANHO-EXATO-PARA-FOTOS-NO-SISTEMA-NOVO-15_2024-08-20_20-56-43_png_2024-08-20_20-56-43.webp.webp?fit=1200%2C675&ssl=1&resize=700%2C400 2x, https:\/\/i0.wp.com\/ismaelcolosi.com.br\/wp-content\/uploads\/2024\/08\/Copia-de-Copia-de-Copia-de-TAMANHO-EXATO-PARA-FOTOS-NO-SISTEMA-NOVO-15_2024-08-20_20-56-43_png_2024-08-20_20-56-43.webp.webp?fit=1200%2C675&ssl=1&resize=1050%2C600 3x"},"classes":[]},{"id":62840,"url":"https:\/\/ismaelcolosi.com.br\/index.php\/2024\/08\/29\/bosque-de-ribeirao-preto-realiza-semana-uma-so-saude-veja-como-participar\/","url_meta":{"origin":68499,"position":3},"title":"Bosque de Ribeir\u00e3o Preto realiza semana &#8216;Uma S\u00f3 Sa\u00fade&#8217;; Veja como participar","author":"ismaelcolosi.com.br","date":"29 de August de 2024","format":false,"excerpt":"Durante uma semana, o projeto \u201cUma S\u00f3 Sa\u00fade\u201d ir\u00e1 apresentar a import\u00e2ncia do trabalho dos profissionais do Bosque F\u00e1bio Barreto, localizado na zona Norte de Ribeir\u00e3o Preto. As visitas foram iniciadas ontem, na quinta-feira (28) e seguem at\u00e9 a pr\u00f3xima quinta-feira (5). No evento, os visitantes ser\u00e3o guiados pela rotina\u2026","rel":"","context":"In &quot;Not\u00edcias de Ribeir\u00e3o Preto-SP e Regi\u00e3o&quot;","block_context":{"text":"Not\u00edcias de Ribeir\u00e3o Preto-SP e Regi\u00e3o","link":"https:\/\/ismaelcolosi.com.br\/index.php\/category\/noticias-de-ribeirao-preto-sp-e-regiao-ismael-colosi\/"},"img":{"alt_text":"","src":"https:\/\/i0.wp.com\/ismaelcolosi.com.br\/wp-content\/uploads\/2024\/08\/obras_bosque_-_foto_guilherme_sircili_30-1068x712-1.jpg?fit=1068%2C712&ssl=1&resize=350%2C200","width":350,"height":200,"srcset":"https:\/\/i0.wp.com\/ismaelcolosi.com.br\/wp-content\/uploads\/2024\/08\/obras_bosque_-_foto_guilherme_sircili_30-1068x712-1.jpg?fit=1068%2C712&ssl=1&resize=350%2C200 1x, https:\/\/i0.wp.com\/ismaelcolosi.com.br\/wp-content\/uploads\/2024\/08\/obras_bosque_-_foto_guilherme_sircili_30-1068x712-1.jpg?fit=1068%2C712&ssl=1&resize=525%2C300 1.5x, https:\/\/i0.wp.com\/ismaelcolosi.com.br\/wp-content\/uploads\/2024\/08\/obras_bosque_-_foto_guilherme_sircili_30-1068x712-1.jpg?fit=1068%2C712&ssl=1&resize=700%2C400 2x, https:\/\/i0.wp.com\/ismaelcolosi.com.br\/wp-content\/uploads\/2024\/08\/obras_bosque_-_foto_guilherme_sircili_30-1068x712-1.jpg?fit=1068%2C712&ssl=1&resize=1050%2C600 3x"},"classes":[]},{"id":61225,"url":"https:\/\/ismaelcolosi.com.br\/index.php\/2024\/08\/20\/cao-que-desapareceu-de-hotelzinho-em-ribeirao-preto-ainda-nao-foi-encontrado\/","url_meta":{"origin":68499,"position":4},"title":"C\u00e3o que desapareceu de &#8216;hotelzinho&#8217; em Ribeir\u00e3o Preto ainda n\u00e3o foi encontrado","author":"ismaelcolosi.com.br","date":"20 de August de 2024","format":false,"excerpt":"Continuam as buscas pelo cachorro de 11 anos, da ra\u00e7a shih-tzu, que desapareceu de um hotel para c\u00e3es no dia 27 de julho, na zona Leste de Ribeir\u00e3o Preto. O local em que Bart sumiu \u00e9 um condom\u00ednio de ch\u00e1caras localizado no bairro Recreio Internacional. O animal foi deixado no\u2026","rel":"","context":"In &quot;Not\u00edcias de Ribeir\u00e3o Preto-SP e Regi\u00e3o&quot;","block_context":{"text":"Not\u00edcias de Ribeir\u00e3o Preto-SP e Regi\u00e3o","link":"https:\/\/ismaelcolosi.com.br\/index.php\/category\/noticias-de-ribeirao-preto-sp-e-regiao-ismael-colosi\/"},"img":{"alt_text":"","src":"https:\/\/i0.wp.com\/ismaelcolosi.com.br\/wp-content\/uploads\/2024\/07\/Copia-de-Copia-de-TAMANHO-EXATO-PARA-FOTOS-NO-SISTEMA-NOVO-12_2024-07-29_23-21-16_jpg_2024-07-29_23-21-17.webp.webp?fit=1200%2C675&ssl=1&resize=350%2C200","width":350,"height":200,"srcset":"https:\/\/i0.wp.com\/ismaelcolosi.com.br\/wp-content\/uploads\/2024\/07\/Copia-de-Copia-de-TAMANHO-EXATO-PARA-FOTOS-NO-SISTEMA-NOVO-12_2024-07-29_23-21-16_jpg_2024-07-29_23-21-17.webp.webp?fit=1200%2C675&ssl=1&resize=350%2C200 1x, https:\/\/i0.wp.com\/ismaelcolosi.com.br\/wp-content\/uploads\/2024\/07\/Copia-de-Copia-de-TAMANHO-EXATO-PARA-FOTOS-NO-SISTEMA-NOVO-12_2024-07-29_23-21-16_jpg_2024-07-29_23-21-17.webp.webp?fit=1200%2C675&ssl=1&resize=525%2C300 1.5x, https:\/\/i0.wp.com\/ismaelcolosi.com.br\/wp-content\/uploads\/2024\/07\/Copia-de-Copia-de-TAMANHO-EXATO-PARA-FOTOS-NO-SISTEMA-NOVO-12_2024-07-29_23-21-16_jpg_2024-07-29_23-21-17.webp.webp?fit=1200%2C675&ssl=1&resize=700%2C400 2x, https:\/\/i0.wp.com\/ismaelcolosi.com.br\/wp-content\/uploads\/2024\/07\/Copia-de-Copia-de-TAMANHO-EXATO-PARA-FOTOS-NO-SISTEMA-NOVO-12_2024-07-29_23-21-16_jpg_2024-07-29_23-21-17.webp.webp?fit=1200%2C675&ssl=1&resize=1050%2C600 3x"},"classes":[]},{"id":47195,"url":"https:\/\/ismaelcolosi.com.br\/index.php\/2024\/04\/25\/shopping-da-zona-sul-de-ribeirao-preto-recebe-exposicao-de-carros-antigos-veja-quando\/","url_meta":{"origin":68499,"position":5},"title":"Shopping da zona Sul de Ribeir\u00e3o Preto recebe exposi\u00e7\u00e3o de carros antigos; Veja quando","author":"ismaelcolosi.com.br","date":"25 de April de 2024","format":false,"excerpt":"O shopping Iguatemi de Ribeir\u00e3o Preto recebe neste s\u00e1bado (27), um evento gratuito para quem \u00e9 apaixonado por carros antigos. O empreendimento vai receber uma exposi\u00e7\u00e3o de carros antigos, rel\u00edquias e raridades, reunindo cerca de 50 autom\u00f3veis de modelos variados, alguns com mais de 90% de originalidade e outros de\u2026","rel":"","context":"In &quot;Not\u00edcias de Ribeir\u00e3o Preto-SP e Regi\u00e3o&quot;","block_context":{"text":"Not\u00edcias de Ribeir\u00e3o Preto-SP e Regi\u00e3o","link":"https:\/\/ismaelcolosi.com.br\/index.php\/category\/noticias-de-ribeirao-preto-sp-e-regiao-ismael-colosi\/"},"img":{"alt_text":"","src":"https:\/\/i0.wp.com\/ismaelcolosi.com.br\/wp-content\/uploads\/2024\/04\/90d5187b9cacc33433269f3cf094ecc2_2024-04-25_00-14-20_jpeg.webp.webp?fit=1200%2C803&ssl=1&resize=350%2C200","width":350,"height":200,"srcset":"https:\/\/i0.wp.com\/ismaelcolosi.com.br\/wp-content\/uploads\/2024\/04\/90d5187b9cacc33433269f3cf094ecc2_2024-04-25_00-14-20_jpeg.webp.webp?fit=1200%2C803&ssl=1&resize=350%2C200 1x, https:\/\/i0.wp.com\/ismaelcolosi.com.br\/wp-content\/uploads\/2024\/04\/90d5187b9cacc33433269f3cf094ecc2_2024-04-25_00-14-20_jpeg.webp.webp?fit=1200%2C803&ssl=1&resize=525%2C300 1.5x, https:\/\/i0.wp.com\/ismaelcolosi.com.br\/wp-content\/uploads\/2024\/04\/90d5187b9cacc33433269f3cf094ecc2_2024-04-25_00-14-20_jpeg.webp.webp?fit=1200%2C803&ssl=1&resize=700%2C400 2x, https:\/\/i0.wp.com\/ismaelcolosi.com.br\/wp-content\/uploads\/2024\/04\/90d5187b9cacc33433269f3cf094ecc2_2024-04-25_00-14-20_jpeg.webp.webp?fit=1200%2C803&ssl=1&resize=1050%2C600 3x"},"classes":[]}],"jetpack_sharing_enabled":true,"jetpack_shortlink":"https:\/\/wp.me\/pfMlyK-hOP","_links":{"self":[{"href":"https:\/\/ismaelcolosi.com.br\/index.php\/wp-json\/wp\/v2\/posts\/68499","targetHints":{"allow":["GET"]}}],"collection":[{"href":"https:\/\/ismaelcolosi.com.br\/index.php\/wp-json\/wp\/v2\/posts"}],"about":[{"href":"https:\/\/ismaelcolosi.com.br\/index.php\/wp-json\/wp\/v2\/types\/post"}],"author":[{"embeddable":true,"href":"https:\/\/ismaelcolosi.com.br\/index.php\/wp-json\/wp\/v2\/users\/1"}],"replies":[{"embeddable":true,"href":"https:\/\/ismaelcolosi.com.br\/index.php\/wp-json\/wp\/v2\/comments?post=68499"}],"version-history":[{"count":0,"href":"https:\/\/ismaelcolosi.com.br\/index.php\/wp-json\/wp\/v2\/posts\/68499\/revisions"}],"wp:featuredmedia":[{"embeddable":true,"href":"https:\/\/ismaelcolosi.com.br\/index.php\/wp-json\/wp\/v2\/media\/68500"}],"wp:attachment":[{"href":"https:\/\/ismaelcolosi.com.br\/index.php\/wp-json\/wp\/v2\/media?parent=68499"}],"wp:term":[{"taxonomy":"category","embeddable":true,"href":"https:\/\/ismaelcolosi.com.br\/index.php\/wp-json\/wp\/v2\/categories?post=68499"},{"taxonomy":"post_tag","embeddable":true,"href":"https:\/\/ismaelcolosi.com.br\/index.php\/wp-json\/wp\/v2\/tags?post=68499"}],"curies":[{"name":"wp","href":"https:\/\/api.w.org\/{rel}","templated":true}]}}