{"id":68489,"date":"2024-09-30T12:23:36","date_gmt":"2024-09-30T15:23:36","guid":{"rendered":"https:\/\/ismaelcolosi.com.br\/index.php\/2024\/09\/30\/cinco-avioes-e-dois-helicopteros-sao-utilizados-em-combate-a-incendio-no-interior-de-sp\/"},"modified":"2024-09-30T12:23:36","modified_gmt":"2024-09-30T15:23:36","slug":"cinco-avioes-e-dois-helicopteros-sao-utilizados-em-combate-a-incendio-no-interior-de-sp","status":"publish","type":"post","link":"https:\/\/ismaelcolosi.com.br\/index.php\/2024\/09\/30\/cinco-avioes-e-dois-helicopteros-sao-utilizados-em-combate-a-incendio-no-interior-de-sp\/","title":{"rendered":"Cinco avi\u00f5es e dois helic\u00f3pteros s\u00e3o utilizados em combate a inc\u00eandio no interior de SP"},"content":{"rendered":"<p> <br \/>\n<\/p>\n<div data-td-block-uid=\"tdi_106\">\n<div class=\"tdb-block-inner td-fix-index\">\n<p>Segue nesta segunda-feira (30) o combate ao inc\u00eandio que atinge a <strong>Reserva Jata\u00ed<\/strong>, em <strong>Luiz Ant\u00f4nio<\/strong>, no<strong> interior de S\u00e3o Paulo<\/strong>. O inc\u00eandio atinge o local desde a semana passada e, por conta disso, foi necess\u00e1rio refor\u00e7o no efetivo a\u00e9reo para o combate \u00e0s chamas.<\/p>\n<p>De acordo com a<strong> Defesa Civil de S\u00e3o Paulo<\/strong>, <mark style=\"background-color:#fcb900\" class=\"has-inline-color has-black-color\">cinco avi\u00f5es e dois helic\u00f3pteros s\u00e3o utilizados no local para o combate do inc\u00eandio.<\/mark><\/p>\n<blockquote class=\"instagram-media\" data-instgrm-permalink=\"https:\/\/www.instagram.com\/reel\/DAi61zUuzkO\/?utm_source=ig_embed&amp;utm_campaign=loading\" data-instgrm-version=\"14\" style=\" background:#FFF; border:0; border-radius:3px; box-shadow:0 0 1px 0 rgba(0,0,0,0.5),0 1px 10px 0 rgba(0,0,0,0.15); margin: 1px; max-width:540px; min-width:326px; padding:0; width:99.375%; width:-webkit-calc(100% - 2px); width:calc(100% - 2px);\"\/>\n<p>A Defesa Civil alerta para previs\u00e3o de tempo seco e firme em todo Estado de S\u00e3o Paulo, entre os dias 30 de setembro e 2 de outubro.<\/p>\n<p>Como n\u00e3o h\u00e1 previs\u00e3o de incid\u00eancia de chuva, o risco de inc\u00eandios \u00e9 elevado e requer aten\u00e7\u00e3o especial em \u00e1reas de vegeta\u00e7\u00e3o seca.<\/p>\n<p>SAIBA MAIS<br \/>At\u00e9 600 sites de apostas v\u00e3o sair do ar nos pr\u00f3ximos dias<\/p>\n<h4 class=\"wp-block-heading\"><strong>FIQUE ON<\/strong><\/h4>\n<p>Fique ligado em tudo que acontece em Ribeir\u00e3o Preto e regi\u00e3o. Siga os perfis do <strong>acidade on <\/strong>no <a href=\"https:\/\/www.instagram.com\/acidadeonribeirao\" target=\"_blank\" rel=\"noreferrer noopener nofollow\">Instagram<\/a> e no <a href=\"https:\/\/www.facebook.com\/acidadeonribeirao\/\" target=\"_blank\" rel=\"noreferrer noopener nofollow\">Facebook<\/a>.<\/p>\n<p>Receba not\u00edcias do <strong>acidade on<\/strong> no WhatsApp. <a href=\"https:\/\/chat.whatsapp.com\/Dtv9mxhy6V5BJBotM2OQ5k\" target=\"_blank\" rel=\"noreferrer noopener nofollow\">Para entrar no grupo, basta clicar aqui.<\/a><\/p>\n<p>Fa\u00e7a uma den\u00fancia ou sugira uma reportagem sobre Ribeir\u00e3o Preto e regi\u00e3o pelo WhatsApp: 16 99117 7802.<\/p>\n<p>VEJA TAMB\u00c9M<br \/>Onde \u00e9 feriado no dia 1\u00ba de outubro?<\/p>\n<p><!-- CONTENT END 1 -->\n<\/div>\n<\/div>\n<p><script async src=\"\/\/www.instagram.com\/embed.js\"><\/script><br \/>\n<br \/><br \/>\n<br \/><a href=\"https:\/\/www.acidadeon.com\/ribeiraopreto\/cotidiano\/cinco-avioes-e-dois-helicopteros-sao-utilizados-em-combate-a-incendio-no-interior-de-sp\/\">Source link <\/a><\/p>\n","protected":false},"excerpt":{"rendered":"<p>Segue nesta segunda-feira (30) o combate ao inc\u00eandio que atinge a Reserva Jata\u00ed, em Luiz Ant\u00f4nio, no interior de S\u00e3o Paulo. O inc\u00eandio atinge o&#8230;<\/p>\n","protected":false},"author":1,"featured_media":68490,"comment_status":"open","ping_status":"open","sticky":false,"template":"","format":"standard","meta":{"_uag_custom_page_level_css":"","advanced_seo_description":"","jetpack_seo_html_title":"","jetpack_seo_noindex":false,"jetpack_post_was_ever_published":false,"_jetpack_newsletter_access":"","_jetpack_dont_email_post_to_subs":false,"_jetpack_newsletter_tier_id":0,"_jetpack_memberships_contains_paywalled_content":false,"_jetpack_memberships_contains_paid_content":false,"footnotes":"","jetpack_publicize_message":"","jetpack_publicize_feature_enabled":true,"jetpack_social_post_already_shared":true,"jetpack_social_options":{"image_generator_settings":{"template":"highway","default_image_id":0,"font":"","enabled":false},"version":2}},"categories":[11],"tags":[],"class_list":["post-68489","post","type-post","status-publish","format-standard","has-post-thumbnail","hentry","category-noticias-de-ribeirao-preto-sp-e-regiao-ismael-colosi"],"jetpack_publicize_connections":[],"jetpack_featured_media_url":"https:\/\/i0.wp.com\/ismaelcolosi.com.br\/wp-content\/uploads\/2024\/09\/jatai_2024-09-30_15-12-11_jpg_2024-09-30_15-12-11.webp.webp?fit=1271%2C708&ssl=1","uagb_featured_image_src":{"full":["https:\/\/i0.wp.com\/ismaelcolosi.com.br\/wp-content\/uploads\/2024\/09\/jatai_2024-09-30_15-12-11_jpg_2024-09-30_15-12-11.webp.webp?fit=1271%2C708&ssl=1",1271,708,false],"thumbnail":["https:\/\/i0.wp.com\/ismaelcolosi.com.br\/wp-content\/uploads\/2024\/09\/jatai_2024-09-30_15-12-11_jpg_2024-09-30_15-12-11.webp.webp?resize=150%2C150&ssl=1",150,150,true],"medium":["https:\/\/i0.wp.com\/ismaelcolosi.com.br\/wp-content\/uploads\/2024\/09\/jatai_2024-09-30_15-12-11_jpg_2024-09-30_15-12-11.webp.webp?fit=300%2C167&ssl=1",300,167,true],"medium_large":["https:\/\/i0.wp.com\/ismaelcolosi.com.br\/wp-content\/uploads\/2024\/09\/jatai_2024-09-30_15-12-11_jpg_2024-09-30_15-12-11.webp.webp?fit=768%2C428&ssl=1",768,428,true],"large":["https:\/\/i0.wp.com\/ismaelcolosi.com.br\/wp-content\/uploads\/2024\/09\/jatai_2024-09-30_15-12-11_jpg_2024-09-30_15-12-11.webp.webp?fit=1024%2C570&ssl=1",1024,570,true],"1536x1536":["https:\/\/i0.wp.com\/ismaelcolosi.com.br\/wp-content\/uploads\/2024\/09\/jatai_2024-09-30_15-12-11_jpg_2024-09-30_15-12-11.webp.webp?fit=1271%2C708&ssl=1",1271,708,true],"2048x2048":["https:\/\/i0.wp.com\/ismaelcolosi.com.br\/wp-content\/uploads\/2024\/09\/jatai_2024-09-30_15-12-11_jpg_2024-09-30_15-12-11.webp.webp?fit=1271%2C708&ssl=1",1271,708,true],"really-simple-thumb":["https:\/\/i0.wp.com\/ismaelcolosi.com.br\/wp-content\/uploads\/2024\/09\/jatai_2024-09-30_15-12-11_jpg_2024-09-30_15-12-11.webp.webp?resize=370%2C247&ssl=1",370,247,true]},"uagb_author_info":{"display_name":"ismaelcolosi.com.br","author_link":"https:\/\/ismaelcolosi.com.br\/index.php\/author\/vidareal-online\/"},"uagb_comment_info":0,"uagb_excerpt":"Segue nesta segunda-feira (30) o combate ao inc\u00eandio que atinge a Reserva Jata\u00ed, em Luiz Ant\u00f4nio, no interior de S\u00e3o Paulo. O inc\u00eandio atinge o...","jetpack-related-posts":[{"id":68368,"url":"https:\/\/ismaelcolosi.com.br\/index.php\/2024\/09\/29\/governo-de-sp-mobiliza-contingente-para-combater-incendio-na-regiao-de-ribeirao\/","url_meta":{"origin":68489,"position":0},"title":"Governo de SP mobiliza contingente para combater inc\u00eandio na regi\u00e3o de Ribeir\u00e3o","author":"ismaelcolosi.com.br","date":"29 de September de 2024","format":false,"excerpt":"O Governo de S\u00e3o Paulo informou, neste domingo (29), que mobiliza um contingente duas vezes maior que o de 2020 e 2021 para combater um inc\u00eandio na Esta\u00e7\u00e3o Ecol\u00f3gica do Jata\u00ed, em Luiz Ant\u00f4nio, na regi\u00e3o de Ribeir\u00e3o Preto. Na manh\u00e3 deste s\u00e1bado (28), o fogo atingiu uma \u00e1rea da\u2026","rel":"","context":"In &quot;Not\u00edcias de Ribeir\u00e3o Preto-SP e Regi\u00e3o&quot;","block_context":{"text":"Not\u00edcias de Ribeir\u00e3o Preto-SP e Regi\u00e3o","link":"https:\/\/ismaelcolosi.com.br\/index.php\/category\/noticias-de-ribeirao-preto-sp-e-regiao-ismael-colosi\/"},"img":{"alt_text":"","src":"https:\/\/i0.wp.com\/ismaelcolosi.com.br\/wp-content\/uploads\/2024\/09\/WhatsApp-Image-2024-09-29-at-11.49.00_2024-09-29_15-59-32_jpeg_2024-09-29_15-59-33.webp.webp?fit=1200%2C800&ssl=1&resize=350%2C200","width":350,"height":200,"srcset":"https:\/\/i0.wp.com\/ismaelcolosi.com.br\/wp-content\/uploads\/2024\/09\/WhatsApp-Image-2024-09-29-at-11.49.00_2024-09-29_15-59-32_jpeg_2024-09-29_15-59-33.webp.webp?fit=1200%2C800&ssl=1&resize=350%2C200 1x, https:\/\/i0.wp.com\/ismaelcolosi.com.br\/wp-content\/uploads\/2024\/09\/WhatsApp-Image-2024-09-29-at-11.49.00_2024-09-29_15-59-32_jpeg_2024-09-29_15-59-33.webp.webp?fit=1200%2C800&ssl=1&resize=525%2C300 1.5x, https:\/\/i0.wp.com\/ismaelcolosi.com.br\/wp-content\/uploads\/2024\/09\/WhatsApp-Image-2024-09-29-at-11.49.00_2024-09-29_15-59-32_jpeg_2024-09-29_15-59-33.webp.webp?fit=1200%2C800&ssl=1&resize=700%2C400 2x, https:\/\/i0.wp.com\/ismaelcolosi.com.br\/wp-content\/uploads\/2024\/09\/WhatsApp-Image-2024-09-29-at-11.49.00_2024-09-29_15-59-32_jpeg_2024-09-29_15-59-33.webp.webp?fit=1200%2C800&ssl=1&resize=1050%2C600 3x"},"classes":[]},{"id":68270,"url":"https:\/\/ismaelcolosi.com.br\/index.php\/2024\/09\/28\/incendio-atinge-estacao-ecologica-na-regiao-de-ribeirao-veja-video\/","url_meta":{"origin":68489,"position":1},"title":"Inc\u00eandio atinge esta\u00e7\u00e3o ecol\u00f3gica na regi\u00e3o de Ribeir\u00e3o; veja v\u00eddeo","author":"ismaelcolosi.com.br","date":"28 de September de 2024","format":false,"excerpt":"Na manh\u00e3 deste s\u00e1bado (28), o fogo atingiu a Esta\u00e7\u00e3o Ecol\u00f3gica do Jata\u00ed, em Luiz Ant\u00f4nio, na regi\u00e3o de Ribeir\u00e3o Preto. O Gabinete de Crise do Governo de S\u00e3o Paulo mobilizou tr\u00eas avi\u00f5es e um helic\u00f3ptero para atuar no combate. As equipes de brigadistas ainda seguem por terra fazendo a\u2026","rel":"","context":"In &quot;Not\u00edcias de Ribeir\u00e3o Preto-SP e Regi\u00e3o&quot;","block_context":{"text":"Not\u00edcias de Ribeir\u00e3o Preto-SP e Regi\u00e3o","link":"https:\/\/ismaelcolosi.com.br\/index.php\/category\/noticias-de-ribeirao-preto-sp-e-regiao-ismael-colosi\/"},"img":{"alt_text":"","src":"https:\/\/i0.wp.com\/ismaelcolosi.com.br\/wp-content\/uploads\/2024\/09\/Copia-de-Copia-de-Copia-de-TAMANHO-EXATO-PARA-FOTOS-NO-SISTEMA-NOVO-51_2024-09-28_14-52-04_png_2024-09-28_14-52-04.webp.webp?fit=1200%2C675&ssl=1&resize=350%2C200","width":350,"height":200,"srcset":"https:\/\/i0.wp.com\/ismaelcolosi.com.br\/wp-content\/uploads\/2024\/09\/Copia-de-Copia-de-Copia-de-TAMANHO-EXATO-PARA-FOTOS-NO-SISTEMA-NOVO-51_2024-09-28_14-52-04_png_2024-09-28_14-52-04.webp.webp?fit=1200%2C675&ssl=1&resize=350%2C200 1x, https:\/\/i0.wp.com\/ismaelcolosi.com.br\/wp-content\/uploads\/2024\/09\/Copia-de-Copia-de-Copia-de-TAMANHO-EXATO-PARA-FOTOS-NO-SISTEMA-NOVO-51_2024-09-28_14-52-04_png_2024-09-28_14-52-04.webp.webp?fit=1200%2C675&ssl=1&resize=525%2C300 1.5x, https:\/\/i0.wp.com\/ismaelcolosi.com.br\/wp-content\/uploads\/2024\/09\/Copia-de-Copia-de-Copia-de-TAMANHO-EXATO-PARA-FOTOS-NO-SISTEMA-NOVO-51_2024-09-28_14-52-04_png_2024-09-28_14-52-04.webp.webp?fit=1200%2C675&ssl=1&resize=700%2C400 2x, https:\/\/i0.wp.com\/ismaelcolosi.com.br\/wp-content\/uploads\/2024\/09\/Copia-de-Copia-de-Copia-de-TAMANHO-EXATO-PARA-FOTOS-NO-SISTEMA-NOVO-51_2024-09-28_14-52-04_png_2024-09-28_14-52-04.webp.webp?fit=1200%2C675&ssl=1&resize=1050%2C600 3x"},"classes":[]},{"id":64138,"url":"https:\/\/ismaelcolosi.com.br\/index.php\/2024\/09\/05\/incendio-atinge-fazenda-de-ex-governador-de-sao-paulo-veja-video\/","url_meta":{"origin":68489,"position":2},"title":"Inc\u00eandio atinge fazenda de ex-governador de S\u00e3o Paulo; veja v\u00eddeo","author":"ismaelcolosi.com.br","date":"5 de September de 2024","format":false,"excerpt":"Mais um foco de inc\u00eandio foi registrado na tarde desta quinta-feira (5), entre Pedregulho e Buritizal. Dessa vez, o fogo consumiu grande parte da Fazenda Qu\u00e9rcia. A propriedade pertence a fam\u00edlia do ex-governador de S\u00e3o Paulo Orestes Qu\u00e9rcia, morto em 2010. Al\u00e9m da planta\u00e7\u00e3o de caf\u00e9, o fogo atingiu um\u2026","rel":"","context":"In &quot;Not\u00edcias de Ribeir\u00e3o Preto-SP e Regi\u00e3o&quot;","block_context":{"text":"Not\u00edcias de Ribeir\u00e3o Preto-SP e Regi\u00e3o","link":"https:\/\/ismaelcolosi.com.br\/index.php\/category\/noticias-de-ribeirao-preto-sp-e-regiao-ismael-colosi\/"},"img":{"alt_text":"","src":"https:\/\/i0.wp.com\/ismaelcolosi.com.br\/wp-content\/uploads\/2024\/09\/fogo_2024-09-05_20-31-25_png_2024-09-05_20-31-25.webp.webp?fit=855%2C477&ssl=1&resize=350%2C200","width":350,"height":200,"srcset":"https:\/\/i0.wp.com\/ismaelcolosi.com.br\/wp-content\/uploads\/2024\/09\/fogo_2024-09-05_20-31-25_png_2024-09-05_20-31-25.webp.webp?fit=855%2C477&ssl=1&resize=350%2C200 1x, https:\/\/i0.wp.com\/ismaelcolosi.com.br\/wp-content\/uploads\/2024\/09\/fogo_2024-09-05_20-31-25_png_2024-09-05_20-31-25.webp.webp?fit=855%2C477&ssl=1&resize=525%2C300 1.5x, https:\/\/i0.wp.com\/ismaelcolosi.com.br\/wp-content\/uploads\/2024\/09\/fogo_2024-09-05_20-31-25_png_2024-09-05_20-31-25.webp.webp?fit=855%2C477&ssl=1&resize=700%2C400 2x"},"classes":[]},{"id":68718,"url":"https:\/\/ismaelcolosi.com.br\/index.php\/2024\/10\/01\/saiba-o-que-e-o-produto-vermelho-jogado-por-avioes-em-incendio-na-regiao-de-ribeirao\/","url_meta":{"origin":68489,"position":3},"title":"Saiba o que \u00e9 o produto vermelho jogado por avi\u00f5es em inc\u00eandio na regi\u00e3o de Ribeir\u00e3o","author":"ismaelcolosi.com.br","date":"1 de October de 2024","format":false,"excerpt":"A Defesa Civil de S\u00e3o Paulo informou que utiliza um produto retardante de chamas no combate ao inc\u00eandio da reserva Jata\u00ed, em Luiz Ant\u00f4nio, na regi\u00e3o de Ribeir\u00e3o Preto. Segundo o governo estadual, o produto \u00e9 capaz de apagar o fogo cinco vezes mais r\u00e1pido que o uso da \u00e1gua.\u2026","rel":"","context":"In &quot;Not\u00edcias de Ribeir\u00e3o Preto-SP e Regi\u00e3o&quot;","block_context":{"text":"Not\u00edcias de Ribeir\u00e3o Preto-SP e Regi\u00e3o","link":"https:\/\/ismaelcolosi.com.br\/index.php\/category\/noticias-de-ribeirao-preto-sp-e-regiao-ismael-colosi\/"},"img":{"alt_text":"","src":"https:\/\/i0.wp.com\/ismaelcolosi.com.br\/wp-content\/uploads\/2024\/10\/reserva-jatai_2024-10-01_20-12-33_jpg_2024-10-01_20-12-33.webp.webp?fit=1200%2C690&ssl=1&resize=350%2C200","width":350,"height":200,"srcset":"https:\/\/i0.wp.com\/ismaelcolosi.com.br\/wp-content\/uploads\/2024\/10\/reserva-jatai_2024-10-01_20-12-33_jpg_2024-10-01_20-12-33.webp.webp?fit=1200%2C690&ssl=1&resize=350%2C200 1x, https:\/\/i0.wp.com\/ismaelcolosi.com.br\/wp-content\/uploads\/2024\/10\/reserva-jatai_2024-10-01_20-12-33_jpg_2024-10-01_20-12-33.webp.webp?fit=1200%2C690&ssl=1&resize=525%2C300 1.5x, https:\/\/i0.wp.com\/ismaelcolosi.com.br\/wp-content\/uploads\/2024\/10\/reserva-jatai_2024-10-01_20-12-33_jpg_2024-10-01_20-12-33.webp.webp?fit=1200%2C690&ssl=1&resize=700%2C400 2x, https:\/\/i0.wp.com\/ismaelcolosi.com.br\/wp-content\/uploads\/2024\/10\/reserva-jatai_2024-10-01_20-12-33_jpg_2024-10-01_20-12-33.webp.webp?fit=1200%2C690&ssl=1&resize=1050%2C600 3x"},"classes":[]},{"id":62799,"url":"https:\/\/ismaelcolosi.com.br\/index.php\/2024\/08\/29\/83-mil-litros-de-agua-foram-usados-nos-incendios-da-regiao-de-ribeirao\/","url_meta":{"origin":68489,"position":4},"title":"83 mil litros de \u00e1gua foram usados nos inc\u00eandios da regi\u00e3o de Ribeir\u00e3o","author":"ismaelcolosi.com.br","date":"29 de August de 2024","format":false,"excerpt":"O Comando Militar do Sudeste (CMSE), em parceria com o 8\u00ba Distrito Naval e IV Comando A\u00e9reo Regional, apoiou a Defesa Civil do Estado de S\u00e3o Paulo com a\u00e7\u00f5es de monitoramento, combate e controle aos focos de inc\u00eandio na regi\u00e3o de Ribeir\u00e3o Preto. Os helic\u00f3pteros realizaram 40 horas de voo\u2026","rel":"","context":"In &quot;Not\u00edcias de Ribeir\u00e3o Preto-SP e Regi\u00e3o&quot;","block_context":{"text":"Not\u00edcias de Ribeir\u00e3o Preto-SP e Regi\u00e3o","link":"https:\/\/ismaelcolosi.com.br\/index.php\/category\/noticias-de-ribeirao-preto-sp-e-regiao-ismael-colosi\/"},"img":{"alt_text":"","src":"https:\/\/i0.wp.com\/ismaelcolosi.com.br\/wp-content\/uploads\/2024\/08\/incendios-ribeirao-preto-10_2024-08-29_14-08-13_jpeg_2024-08-29_14-08-14.webp.webp?fit=1200%2C675&ssl=1&resize=350%2C200","width":350,"height":200,"srcset":"https:\/\/i0.wp.com\/ismaelcolosi.com.br\/wp-content\/uploads\/2024\/08\/incendios-ribeirao-preto-10_2024-08-29_14-08-13_jpeg_2024-08-29_14-08-14.webp.webp?fit=1200%2C675&ssl=1&resize=350%2C200 1x, https:\/\/i0.wp.com\/ismaelcolosi.com.br\/wp-content\/uploads\/2024\/08\/incendios-ribeirao-preto-10_2024-08-29_14-08-13_jpeg_2024-08-29_14-08-14.webp.webp?fit=1200%2C675&ssl=1&resize=525%2C300 1.5x, https:\/\/i0.wp.com\/ismaelcolosi.com.br\/wp-content\/uploads\/2024\/08\/incendios-ribeirao-preto-10_2024-08-29_14-08-13_jpeg_2024-08-29_14-08-14.webp.webp?fit=1200%2C675&ssl=1&resize=700%2C400 2x, https:\/\/i0.wp.com\/ismaelcolosi.com.br\/wp-content\/uploads\/2024\/08\/incendios-ribeirao-preto-10_2024-08-29_14-08-13_jpeg_2024-08-29_14-08-14.webp.webp?fit=1200%2C675&ssl=1&resize=1050%2C600 3x"},"classes":[]},{"id":65260,"url":"https:\/\/ismaelcolosi.com.br\/index.php\/2024\/09\/11\/incendio-de-grandes-proporcoes-atinge-area-na-regiao-de-ribeirao-preto-video\/","url_meta":{"origin":68489,"position":5},"title":"Inc\u00eandio de grandes propor\u00e7\u00f5es atinge \u00e1rea na regi\u00e3o de Ribeir\u00e3o Preto; V\u00eddeo","author":"ismaelcolosi.com.br","date":"11 de September de 2024","format":false,"excerpt":"Um inc\u00eandio de grandes propor\u00e7\u00f5es atinge nesta quarta-feira (11) uma \u00e1rea entre Serrana e Altin\u00f3polis, na regi\u00e3o de Ribeir\u00e3o Preto. Um v\u00eddeo mostra uma intensa fuma\u00e7a perto da estrada vicinal na ponte sobre o rio Pardo. Veja as imagens abaixo. Equipes atuam no combate \u00e0s chamas. N\u00e3o h\u00e1, por\u00e9m, informa\u00e7\u00f5es\u2026","rel":"","context":"In &quot;Not\u00edcias de Ribeir\u00e3o Preto-SP e Regi\u00e3o&quot;","block_context":{"text":"Not\u00edcias de Ribeir\u00e3o Preto-SP e Regi\u00e3o","link":"https:\/\/ismaelcolosi.com.br\/index.php\/category\/noticias-de-ribeirao-preto-sp-e-regiao-ismael-colosi\/"},"img":{"alt_text":"","src":"https:\/\/i0.wp.com\/ismaelcolosi.com.br\/wp-content\/uploads\/2024\/09\/WhatsApp-Image-2024-09-11-at-14.50.52_2024-09-11_17-55-49_jpeg_2024-09-11_17-55-50.webp.webp?fit=1200%2C1097&ssl=1&resize=350%2C200","width":350,"height":200,"srcset":"https:\/\/i0.wp.com\/ismaelcolosi.com.br\/wp-content\/uploads\/2024\/09\/WhatsApp-Image-2024-09-11-at-14.50.52_2024-09-11_17-55-49_jpeg_2024-09-11_17-55-50.webp.webp?fit=1200%2C1097&ssl=1&resize=350%2C200 1x, https:\/\/i0.wp.com\/ismaelcolosi.com.br\/wp-content\/uploads\/2024\/09\/WhatsApp-Image-2024-09-11-at-14.50.52_2024-09-11_17-55-49_jpeg_2024-09-11_17-55-50.webp.webp?fit=1200%2C1097&ssl=1&resize=525%2C300 1.5x, https:\/\/i0.wp.com\/ismaelcolosi.com.br\/wp-content\/uploads\/2024\/09\/WhatsApp-Image-2024-09-11-at-14.50.52_2024-09-11_17-55-49_jpeg_2024-09-11_17-55-50.webp.webp?fit=1200%2C1097&ssl=1&resize=700%2C400 2x, https:\/\/i0.wp.com\/ismaelcolosi.com.br\/wp-content\/uploads\/2024\/09\/WhatsApp-Image-2024-09-11-at-14.50.52_2024-09-11_17-55-49_jpeg_2024-09-11_17-55-50.webp.webp?fit=1200%2C1097&ssl=1&resize=1050%2C600 3x"},"classes":[]}],"jetpack_sharing_enabled":true,"jetpack_shortlink":"https:\/\/wp.me\/pfMlyK-hOF","_links":{"self":[{"href":"https:\/\/ismaelcolosi.com.br\/index.php\/wp-json\/wp\/v2\/posts\/68489","targetHints":{"allow":["GET"]}}],"collection":[{"href":"https:\/\/ismaelcolosi.com.br\/index.php\/wp-json\/wp\/v2\/posts"}],"about":[{"href":"https:\/\/ismaelcolosi.com.br\/index.php\/wp-json\/wp\/v2\/types\/post"}],"author":[{"embeddable":true,"href":"https:\/\/ismaelcolosi.com.br\/index.php\/wp-json\/wp\/v2\/users\/1"}],"replies":[{"embeddable":true,"href":"https:\/\/ismaelcolosi.com.br\/index.php\/wp-json\/wp\/v2\/comments?post=68489"}],"version-history":[{"count":0,"href":"https:\/\/ismaelcolosi.com.br\/index.php\/wp-json\/wp\/v2\/posts\/68489\/revisions"}],"wp:featuredmedia":[{"embeddable":true,"href":"https:\/\/ismaelcolosi.com.br\/index.php\/wp-json\/wp\/v2\/media\/68490"}],"wp:attachment":[{"href":"https:\/\/ismaelcolosi.com.br\/index.php\/wp-json\/wp\/v2\/media?parent=68489"}],"wp:term":[{"taxonomy":"category","embeddable":true,"href":"https:\/\/ismaelcolosi.com.br\/index.php\/wp-json\/wp\/v2\/categories?post=68489"},{"taxonomy":"post_tag","embeddable":true,"href":"https:\/\/ismaelcolosi.com.br\/index.php\/wp-json\/wp\/v2\/tags?post=68489"}],"curies":[{"name":"wp","href":"https:\/\/api.w.org\/{rel}","templated":true}]}}