{"id":68477,"date":"2024-09-30T11:21:58","date_gmt":"2024-09-30T14:21:58","guid":{"rendered":"https:\/\/ismaelcolosi.com.br\/index.php\/2024\/09\/30\/ate-600-sites-de-apostas-vao-sair-do-ar-nos-proximos-dias\/"},"modified":"2024-09-30T11:21:58","modified_gmt":"2024-09-30T14:21:58","slug":"ate-600-sites-de-apostas-vao-sair-do-ar-nos-proximos-dias","status":"publish","type":"post","link":"https:\/\/ismaelcolosi.com.br\/index.php\/2024\/09\/30\/ate-600-sites-de-apostas-vao-sair-do-ar-nos-proximos-dias\/","title":{"rendered":"At\u00e9 600 sites de apostas v\u00e3o sair do ar nos pr\u00f3ximos dias"},"content":{"rendered":"<p> <br \/>\n<\/p>\n<div data-td-block-uid=\"tdi_106\">\n<div class=\"tdb-block-inner td-fix-index\">\n<p>O ministro da Fazenda, <strong>Fernando Haddad<\/strong>, afirmou que entre <strong>500 e 600 sites <\/strong>de apostas esportivas do ar, chamadas como <em>bets<\/em>, devem sair do ar nos pr\u00f3ximos dias. O ministro afirmou a decis\u00e3o em uma entrevista \u00e0 <strong>r\u00e1dio CBN<\/strong>.<\/p>\n<blockquote class=\"wp-block-quote\">\n<p>\u201cN\u00e3o \u00e9 a administra\u00e7\u00e3o da Fazenda que faz esse bloqueio, mas n\u00f3s estamos oficiando a Anatel\u201d.<\/p>\n<p><cite>Fernando Hadadd, em entrevista \u00e0 r\u00e1dio CBN<\/cite><\/p><\/blockquote>\n<p><strong>Haddad<\/strong> ainda mencionou que a situa\u00e7\u00e3o \u00e9 semelhante ao <strong>bloqueio do X<\/strong> no pa\u00eds, feito pela <strong>Anatel <\/strong>ap\u00f3s ordem da Justi\u00e7a.<\/p>\n<p>Durante sua participa\u00e7\u00e3o na r\u00e1dio, o ministro aconselhou que pessoas que tenham dinheiro depositado nesses sites<mark style=\"background-color:#fcb900\" class=\"has-inline-color has-black-color\"> pe\u00e7am restitui\u00e7\u00e3o do valor, sob risco de perd\u00ea-los.<\/mark> A lista de<strong> bets<\/strong> ilegais que ser\u00e3o banidas deve sair na <strong>ter\u00e7a-feira (1\u00ba de outubro)<\/strong>.<\/p>\n<h4 class=\"wp-block-heading\"><strong>Como retirar o dinheiro?<\/strong><\/h4>\n<p>Os apostadores dever\u00e3o entrar na \u00e1rea da conta do site e pedir a restitui\u00e7\u00e3o dos valores que est\u00e3o depositados. Geralmente, o reembolso \u00e9 feito em poucas horas. <\/p>\n<h4 class=\"wp-block-heading\"><strong>Maior controle<\/strong><\/h4>\n<p><strong>Haddad<\/strong> citou que outras frentes de trabalho do governo federal para controlar o uso das bets no pa\u00eds, como a <strong>proibi\u00e7\u00e3o <\/strong>do uso de <strong>cart\u00e3o de cr\u00e9dito<\/strong> ou do <strong>cart\u00e3o<\/strong> <strong>Bolsa Fam\u00edlia <\/strong>nos sites.<\/p>\n<p>Ainda nesta<strong> ter\u00e7a-feira<\/strong>, acontecer\u00e1 uma reuni\u00e3o com representantes de entidades de regula\u00e7\u00e3o de publicidade para discutir as propagandas das<strong><em> bets<\/em> <\/strong>no pa\u00eds. \u00a0<\/p>\n<p>SAIBA MAIS<br \/>Beb\u00ea morre ap\u00f3s se afogar na piscina de casa em Ribeir\u00e3o Preto<\/p>\n<h4 class=\"wp-block-heading\"><strong>FIQUE ON<\/strong><\/h4>\n<p>Fique ligado em tudo que acontece em Ribeir\u00e3o Preto e regi\u00e3o. Siga os perfis do <strong>acidade on <\/strong>no <a href=\"https:\/\/www.instagram.com\/acidadeonribeirao\" target=\"_blank\" rel=\"noreferrer noopener\">Instagram<\/a> e no <a href=\"https:\/\/www.facebook.com\/acidadeonribeirao\" target=\"_blank\" rel=\"noreferrer noopener\">Facebook<\/a>.<\/p>\n<p>Receba not\u00edcias do acidade on no WhatsApp. Para entrar no grupo, basta <a href=\"https:\/\/chat.whatsapp.com\/Dtv9mxhy6V5BJBotM2OQ5k\" target=\"_blank\" rel=\"noreferrer noopener\">clicar aqui<\/a>.<\/p>\n<p>Fa\u00e7a uma den\u00fancia ou sugira uma reportagem sobre Ribeir\u00e3o Preto e regi\u00e3o pelo WhatsApp: 16 99117 7802.<\/p>\n<p>VEJA TAMB\u00c9M<br \/>Eminem falou do Diddy em algum \u00e1lbum?<\/p>\n<p><!-- CONTENT END 1 -->\n<\/div>\n<\/div>\n<p><script async src=\"\/\/www.instagram.com\/embed.js\"><\/script><br \/>\n<br \/><br \/>\n<br \/><a href=\"https:\/\/www.acidadeon.com\/ribeiraopreto\/economia\/ate-600-sites-de-apostas-vao-sair-do-ar-nos-proximos-dias\/\">Source link <\/a><\/p>\n","protected":false},"excerpt":{"rendered":"<p>O ministro da Fazenda, Fernando Haddad, afirmou que entre 500 e 600 sites de apostas esportivas do ar, chamadas como bets, devem sair do ar&#8230;<\/p>\n","protected":false},"author":1,"featured_media":68478,"comment_status":"open","ping_status":"open","sticky":false,"template":"","format":"standard","meta":{"_uag_custom_page_level_css":"","advanced_seo_description":"","jetpack_seo_html_title":"","jetpack_seo_noindex":false,"jetpack_post_was_ever_published":false,"_jetpack_newsletter_access":"","_jetpack_dont_email_post_to_subs":false,"_jetpack_newsletter_tier_id":0,"_jetpack_memberships_contains_paywalled_content":false,"_jetpack_memberships_contains_paid_content":false,"footnotes":"","jetpack_publicize_message":"","jetpack_publicize_feature_enabled":true,"jetpack_social_post_already_shared":true,"jetpack_social_options":{"image_generator_settings":{"template":"highway","default_image_id":0,"font":"","enabled":false},"version":2}},"categories":[11],"tags":[],"class_list":["post-68477","post","type-post","status-publish","format-standard","has-post-thumbnail","hentry","category-noticias-de-ribeirao-preto-sp-e-regiao-ismael-colosi"],"jetpack_publicize_connections":[],"jetpack_featured_media_url":"https:\/\/i0.wp.com\/ismaelcolosi.com.br\/wp-content\/uploads\/2024\/09\/bets_2024-09-30_14-11-39_jpeg_2024-09-30_14-11-39.webp.webp?fit=960%2C540&ssl=1","uagb_featured_image_src":{"full":["https:\/\/i0.wp.com\/ismaelcolosi.com.br\/wp-content\/uploads\/2024\/09\/bets_2024-09-30_14-11-39_jpeg_2024-09-30_14-11-39.webp.webp?fit=960%2C540&ssl=1",960,540,false],"thumbnail":["https:\/\/i0.wp.com\/ismaelcolosi.com.br\/wp-content\/uploads\/2024\/09\/bets_2024-09-30_14-11-39_jpeg_2024-09-30_14-11-39.webp.webp?resize=150%2C150&ssl=1",150,150,true],"medium":["https:\/\/i0.wp.com\/ismaelcolosi.com.br\/wp-content\/uploads\/2024\/09\/bets_2024-09-30_14-11-39_jpeg_2024-09-30_14-11-39.webp.webp?fit=300%2C169&ssl=1",300,169,true],"medium_large":["https:\/\/i0.wp.com\/ismaelcolosi.com.br\/wp-content\/uploads\/2024\/09\/bets_2024-09-30_14-11-39_jpeg_2024-09-30_14-11-39.webp.webp?fit=768%2C432&ssl=1",768,432,true],"large":["https:\/\/i0.wp.com\/ismaelcolosi.com.br\/wp-content\/uploads\/2024\/09\/bets_2024-09-30_14-11-39_jpeg_2024-09-30_14-11-39.webp.webp?fit=960%2C540&ssl=1",960,540,true],"1536x1536":["https:\/\/i0.wp.com\/ismaelcolosi.com.br\/wp-content\/uploads\/2024\/09\/bets_2024-09-30_14-11-39_jpeg_2024-09-30_14-11-39.webp.webp?fit=960%2C540&ssl=1",960,540,true],"2048x2048":["https:\/\/i0.wp.com\/ismaelcolosi.com.br\/wp-content\/uploads\/2024\/09\/bets_2024-09-30_14-11-39_jpeg_2024-09-30_14-11-39.webp.webp?fit=960%2C540&ssl=1",960,540,true],"really-simple-thumb":["https:\/\/i0.wp.com\/ismaelcolosi.com.br\/wp-content\/uploads\/2024\/09\/bets_2024-09-30_14-11-39_jpeg_2024-09-30_14-11-39.webp.webp?resize=370%2C247&ssl=1",370,247,true]},"uagb_author_info":{"display_name":"ismaelcolosi.com.br","author_link":"https:\/\/ismaelcolosi.com.br\/index.php\/author\/vidareal-online\/"},"uagb_comment_info":0,"uagb_excerpt":"O ministro da Fazenda, Fernando Haddad, afirmou que entre 500 e 600 sites de apostas esportivas do ar, chamadas como bets, devem sair do ar...","jetpack-related-posts":[{"id":68874,"url":"https:\/\/ismaelcolosi.com.br\/index.php\/2024\/10\/02\/veja-lista-de-bets-autorizadas-para-atuar-no-brasil-pelo-governo\/","url_meta":{"origin":68477,"position":0},"title":"Veja lista de bets autorizadas para atuar no Brasil pelo governo","author":"ismaelcolosi.com.br","date":"2 de October de 2024","format":false,"excerpt":"Na \u00faltima ter\u00e7a-feira (1\u00ba de outubro), o Minist\u00e9rio da Fazenda divulgou a lista de casas de apostas, as famosas bets, que est\u00e3o liberadas para continuar atuando no Brasil. Confira abaixo. Ainda h\u00e1 outras empresas que deram in\u00edcio ao pedido de autoriza\u00e7\u00e3o definitiva, por\u00e9m, seguem em an\u00e1lise. As que n\u00e3o tiverem\u2026","rel":"","context":"In &quot;Not\u00edcias de Ribeir\u00e3o Preto-SP e Regi\u00e3o&quot;","block_context":{"text":"Not\u00edcias de Ribeir\u00e3o Preto-SP e Regi\u00e3o","link":"https:\/\/ismaelcolosi.com.br\/index.php\/category\/noticias-de-ribeirao-preto-sp-e-regiao-ismael-colosi\/"},"img":{"alt_text":"","src":"https:\/\/i0.wp.com\/ismaelcolosi.com.br\/wp-content\/uploads\/2024\/10\/bets_2024-10-02_13-15-29_jpg_2024-10-02_13-15-30.webp.webp?fit=719%2C460&ssl=1&resize=350%2C200","width":350,"height":200,"srcset":"https:\/\/i0.wp.com\/ismaelcolosi.com.br\/wp-content\/uploads\/2024\/10\/bets_2024-10-02_13-15-29_jpg_2024-10-02_13-15-30.webp.webp?fit=719%2C460&ssl=1&resize=350%2C200 1x, https:\/\/i0.wp.com\/ismaelcolosi.com.br\/wp-content\/uploads\/2024\/10\/bets_2024-10-02_13-15-29_jpg_2024-10-02_13-15-30.webp.webp?fit=719%2C460&ssl=1&resize=525%2C300 1.5x, https:\/\/i0.wp.com\/ismaelcolosi.com.br\/wp-content\/uploads\/2024\/10\/bets_2024-10-02_13-15-29_jpg_2024-10-02_13-15-30.webp.webp?fit=719%2C460&ssl=1&resize=700%2C400 2x"},"classes":[]},{"id":30180,"url":"https:\/\/ismaelcolosi.com.br\/index.php\/2024\/01\/20\/desoneracao-da-folha-gera-ruido\/","url_meta":{"origin":68477,"position":1},"title":"Desonera\u00e7\u00e3o da folha gera ru\u00eddo \u00a0","author":"ismaelcolosi.com.br","date":"20 de January de 2024","format":false,"excerpt":"20 de janeiro de 2024 | 15:0020 de janeiro de 2024 | 9:58 0O presidente do Senado, Rodrigo Pacheco, afirmou nesta sexta-feira, 19 de janeiro, que a desonera\u00e7\u00e3o da folha de pagamentos valer\u00e1 e que a medida provis\u00f3ria (MP) que retoma impostos sobre sal\u00e1rios ser\u00e1 revogada. \u201cH\u00e1 o compromisso do\u2026","rel":"","context":"In &quot;Not\u00edcias de Ribeir\u00e3o Preto-SP e Regi\u00e3o&quot;","block_context":{"text":"Not\u00edcias de Ribeir\u00e3o Preto-SP e Regi\u00e3o","link":"https:\/\/ismaelcolosi.com.br\/index.php\/category\/noticias-de-ribeirao-preto-sp-e-regiao-ismael-colosi\/"},"img":{"alt_text":"","src":"https:\/\/i0.wp.com\/ismaelcolosi.com.br\/wp-content\/uploads\/2024\/01\/Desonera-Marcelo-Camargo-Ag.Br_-scaled.jpg?fit=1000%2C603&ssl=1&resize=350%2C200","width":350,"height":200,"srcset":"https:\/\/i0.wp.com\/ismaelcolosi.com.br\/wp-content\/uploads\/2024\/01\/Desonera-Marcelo-Camargo-Ag.Br_-scaled.jpg?fit=1000%2C603&ssl=1&resize=350%2C200 1x, https:\/\/i0.wp.com\/ismaelcolosi.com.br\/wp-content\/uploads\/2024\/01\/Desonera-Marcelo-Camargo-Ag.Br_-scaled.jpg?fit=1000%2C603&ssl=1&resize=525%2C300 1.5x, https:\/\/i0.wp.com\/ismaelcolosi.com.br\/wp-content\/uploads\/2024\/01\/Desonera-Marcelo-Camargo-Ag.Br_-scaled.jpg?fit=1000%2C603&ssl=1&resize=700%2C400 2x"},"classes":[]},{"id":88230,"url":"https:\/\/ismaelcolosi.com.br\/index.php\/2025\/11\/13\/novas-regras-para-vale-alimentacao-podem-gerar-economia-anual-de-r-8-bi\/","url_meta":{"origin":68477,"position":2},"title":"Novas Regras para Vale-Alimenta\u00e7\u00e3o Podem Gerar Economia Anual de R$ 8 Bi","author":"ismaelcolosi.com.br","date":"13 de November de 2025","format":false,"excerpt":"\r Adriano Machado\/Reuters\r Pr\u00e9dio do Minist\u00e9rio da Fazenda em Bras\u00edlia\r Acessibilidade \r L\r L\r A-\r A+\r \r \u25d0\r \r O Minist\u00e9rio da Fazenda estimou nesta quarta-feira (13) que o decreto do governo com novas regras para benef\u00edcios de vale-alimenta\u00e7\u00e3o e vale-refei\u00e7\u00e3o poder\u00e1 gerar economia de at\u00e9 R$ 8 bilh\u00f5es por\u2026","rel":"","context":"In &quot;Carreira e Sucesso&quot;","block_context":{"text":"Carreira e Sucesso","link":"https:\/\/ismaelcolosi.com.br\/index.php\/category\/carreira-e-sucesso-dicas-para-carreira\/"},"img":{"alt_text":"","src":"https:\/\/i0.wp.com\/ismaelcolosi.com.br\/wp-content\/uploads\/2025\/11\/money-ministerio-da-fazenda-1030x438.jpg?fit=1030%2C438&ssl=1&resize=350%2C200","width":350,"height":200,"srcset":"https:\/\/i0.wp.com\/ismaelcolosi.com.br\/wp-content\/uploads\/2025\/11\/money-ministerio-da-fazenda-1030x438.jpg?fit=1030%2C438&ssl=1&resize=350%2C200 1x, https:\/\/i0.wp.com\/ismaelcolosi.com.br\/wp-content\/uploads\/2025\/11\/money-ministerio-da-fazenda-1030x438.jpg?fit=1030%2C438&ssl=1&resize=525%2C300 1.5x, https:\/\/i0.wp.com\/ismaelcolosi.com.br\/wp-content\/uploads\/2025\/11\/money-ministerio-da-fazenda-1030x438.jpg?fit=1030%2C438&ssl=1&resize=700%2C400 2x"},"classes":[]},{"id":17460,"url":"https:\/\/ismaelcolosi.com.br\/index.php\/2023\/12\/18\/cai-expectativa-de-inflacao-para-este-ano\/","url_meta":{"origin":68477,"position":3},"title":"Cai expectativa de infla\u00e7\u00e3o para este ano","author":"ismaelcolosi.com.br","date":"18 de December de 2023","format":false,"excerpt":"A expectativa para a infla\u00e7\u00e3o deste ano recuou mais uma vez no Boletim Focus divulgado nesta segunda-feira, 18. A proje\u00e7\u00e3o para 2023 passou de 4,51% para 4,49%. Um m\u00eas antes, a mediana era de 4,55%. Para 2024, foco da pol\u00edtica monet\u00e1ria, a proje\u00e7\u00e3o se manteve em 3,93%. H\u00e1 um m\u00eas,\u2026","rel":"","context":"In &quot;Not\u00edcias de Ribeir\u00e3o Preto-SP e Regi\u00e3o&quot;","block_context":{"text":"Not\u00edcias de Ribeir\u00e3o Preto-SP e Regi\u00e3o","link":"https:\/\/ismaelcolosi.com.br\/index.php\/category\/noticias-de-ribeirao-preto-sp-e-regiao-ismael-colosi\/"},"img":{"alt_text":"","src":"https:\/\/i0.wp.com\/ismaelcolosi.com.br\/wp-content\/uploads\/2023\/12\/banco_central_mcajr_abr_0104222276-scaled.jpg?fit=1000%2C598&ssl=1&resize=350%2C200","width":350,"height":200,"srcset":"https:\/\/i0.wp.com\/ismaelcolosi.com.br\/wp-content\/uploads\/2023\/12\/banco_central_mcajr_abr_0104222276-scaled.jpg?fit=1000%2C598&ssl=1&resize=350%2C200 1x, https:\/\/i0.wp.com\/ismaelcolosi.com.br\/wp-content\/uploads\/2023\/12\/banco_central_mcajr_abr_0104222276-scaled.jpg?fit=1000%2C598&ssl=1&resize=525%2C300 1.5x, https:\/\/i0.wp.com\/ismaelcolosi.com.br\/wp-content\/uploads\/2023\/12\/banco_central_mcajr_abr_0104222276-scaled.jpg?fit=1000%2C598&ssl=1&resize=700%2C400 2x"},"classes":[]},{"id":23081,"url":"https:\/\/ismaelcolosi.com.br\/index.php\/2024\/01\/01\/reoneracao-integral-do-diesel-retorna-nesta-segunda\/","url_meta":{"origin":68477,"position":4},"title":"Reonera\u00e7\u00e3o integral do diesel retorna nesta segunda","author":"ismaelcolosi.com.br","date":"1 de January de 2024","format":false,"excerpt":"1 de janeiro de 2024 | 9:0031 de dezembro de 2023 | 14:35 0A partir desta segunda-feira (1\u00ba), o governo federal retoma a cobran\u00e7a integral do PIS\/Cofins sobre o diesel. O imposto estava zerado desde 2021, mas parte do recolhimento foi antecipada j\u00e1 em setembro deste ano. A partir de\u2026","rel":"","context":"In &quot;Not\u00edcias de Ribeir\u00e3o Preto-SP e Regi\u00e3o&quot;","block_context":{"text":"Not\u00edcias de Ribeir\u00e3o Preto-SP e Regi\u00e3o","link":"https:\/\/ismaelcolosi.com.br\/index.php\/category\/noticias-de-ribeirao-preto-sp-e-regiao-ismael-colosi\/"},"img":{"alt_text":"","src":"https:\/\/i0.wp.com\/ismaelcolosi.com.br\/wp-content\/uploads\/2024\/01\/8b462844-1f08-4a05-b377-fe2b0fe7ef1d-scaled.jpg?fit=1000%2C598&ssl=1&resize=350%2C200","width":350,"height":200,"srcset":"https:\/\/i0.wp.com\/ismaelcolosi.com.br\/wp-content\/uploads\/2024\/01\/8b462844-1f08-4a05-b377-fe2b0fe7ef1d-scaled.jpg?fit=1000%2C598&ssl=1&resize=350%2C200 1x, https:\/\/i0.wp.com\/ismaelcolosi.com.br\/wp-content\/uploads\/2024\/01\/8b462844-1f08-4a05-b377-fe2b0fe7ef1d-scaled.jpg?fit=1000%2C598&ssl=1&resize=525%2C300 1.5x, https:\/\/i0.wp.com\/ismaelcolosi.com.br\/wp-content\/uploads\/2024\/01\/8b462844-1f08-4a05-b377-fe2b0fe7ef1d-scaled.jpg?fit=1000%2C598&ssl=1&resize=700%2C400 2x"},"classes":[]},{"id":10006,"url":"https:\/\/ismaelcolosi.com.br\/index.php\/2023\/12\/03\/confira-a-previsao-e-o-valor\/","url_meta":{"origin":68477,"position":5},"title":"confira a previs\u00e3o e o valor","author":"ismaelcolosi.com.br","date":"3 de December de 2023","format":false,"excerpt":"Cr\u00e9ditos: Istock\/izkesA melhor not\u00edcia para quem recebe sal\u00e1rio m\u00ednimo acaba de sair O sal\u00e1rio m\u00ednimo de 2024 promete uma valoriza\u00e7\u00e3o expressiva, com a possibilidade de um aumento de R$ 101, caso a proposta da Lei de Diretrizes Or\u00e7ament\u00e1rias seja aprovada pelo Congresso. Essa not\u00edcia traz esperan\u00e7a para os trabalhadores, visto\u2026","rel":"","context":"In &quot;Variedades&quot;","block_context":{"text":"Variedades","link":"https:\/\/ismaelcolosi.com.br\/index.php\/category\/variedades\/"},"img":{"alt_text":"","src":"https:\/\/i0.wp.com\/ismaelcolosi.com.br\/wp-content\/uploads\/2023\/12\/salario-minimo.jpg?fit=1200%2C638&ssl=1&resize=350%2C200","width":350,"height":200,"srcset":"https:\/\/i0.wp.com\/ismaelcolosi.com.br\/wp-content\/uploads\/2023\/12\/salario-minimo.jpg?fit=1200%2C638&ssl=1&resize=350%2C200 1x, https:\/\/i0.wp.com\/ismaelcolosi.com.br\/wp-content\/uploads\/2023\/12\/salario-minimo.jpg?fit=1200%2C638&ssl=1&resize=525%2C300 1.5x, https:\/\/i0.wp.com\/ismaelcolosi.com.br\/wp-content\/uploads\/2023\/12\/salario-minimo.jpg?fit=1200%2C638&ssl=1&resize=700%2C400 2x, https:\/\/i0.wp.com\/ismaelcolosi.com.br\/wp-content\/uploads\/2023\/12\/salario-minimo.jpg?fit=1200%2C638&ssl=1&resize=1050%2C600 3x"},"classes":[]}],"jetpack_sharing_enabled":true,"jetpack_shortlink":"https:\/\/wp.me\/pfMlyK-hOt","_links":{"self":[{"href":"https:\/\/ismaelcolosi.com.br\/index.php\/wp-json\/wp\/v2\/posts\/68477","targetHints":{"allow":["GET"]}}],"collection":[{"href":"https:\/\/ismaelcolosi.com.br\/index.php\/wp-json\/wp\/v2\/posts"}],"about":[{"href":"https:\/\/ismaelcolosi.com.br\/index.php\/wp-json\/wp\/v2\/types\/post"}],"author":[{"embeddable":true,"href":"https:\/\/ismaelcolosi.com.br\/index.php\/wp-json\/wp\/v2\/users\/1"}],"replies":[{"embeddable":true,"href":"https:\/\/ismaelcolosi.com.br\/index.php\/wp-json\/wp\/v2\/comments?post=68477"}],"version-history":[{"count":0,"href":"https:\/\/ismaelcolosi.com.br\/index.php\/wp-json\/wp\/v2\/posts\/68477\/revisions"}],"wp:featuredmedia":[{"embeddable":true,"href":"https:\/\/ismaelcolosi.com.br\/index.php\/wp-json\/wp\/v2\/media\/68478"}],"wp:attachment":[{"href":"https:\/\/ismaelcolosi.com.br\/index.php\/wp-json\/wp\/v2\/media?parent=68477"}],"wp:term":[{"taxonomy":"category","embeddable":true,"href":"https:\/\/ismaelcolosi.com.br\/index.php\/wp-json\/wp\/v2\/categories?post=68477"},{"taxonomy":"post_tag","embeddable":true,"href":"https:\/\/ismaelcolosi.com.br\/index.php\/wp-json\/wp\/v2\/tags?post=68477"}],"curies":[{"name":"wp","href":"https:\/\/api.w.org\/{rel}","templated":true}]}}