{"id":68450,"date":"2024-09-30T09:32:24","date_gmt":"2024-09-30T12:32:24","guid":{"rendered":"https:\/\/ismaelcolosi.com.br\/index.php\/2024\/09\/30\/primeira-frente-fria-de-outubro-ja-tem-data-para-chegar-ao-interior-de-sp\/"},"modified":"2024-09-30T09:32:24","modified_gmt":"2024-09-30T12:32:24","slug":"primeira-frente-fria-de-outubro-ja-tem-data-para-chegar-ao-interior-de-sp","status":"publish","type":"post","link":"https:\/\/ismaelcolosi.com.br\/index.php\/2024\/09\/30\/primeira-frente-fria-de-outubro-ja-tem-data-para-chegar-ao-interior-de-sp\/","title":{"rendered":"Primeira frente fria de outubro j\u00e1 tem data para chegar ao interior de SP"},"content":{"rendered":"<p> <br \/>\n<\/p>\n<div data-td-block-uid=\"tdi_106\">\n<div class=\"tdb-block-inner td-fix-index\">\n<p>A primeira <strong>frente fria<\/strong> de outubro j\u00e1 tem data para chegar ao<strong> interior de S\u00e3o Paulo<\/strong>. Segundo o <strong><a href=\"https:\/\/www.tempo.com\/noticias\/previsao\/o-tempo-na-proxima-semana-no-brasil-alerta-de-calor-intenso-e-nova-frente-fria-avanca-pelo-sul-e-chega-ao-sudeste.html\" target=\"_blank\" rel=\"noreferrer noopener nofollow\">Meteored<\/a><\/strong>, a frente fria chega na madrugada da pr\u00f3xima quinta-feira (3) na costa de S\u00e3o Paulo, provocando chuva fraca nas regi\u00f5es Sul e Leste do estado.<\/p>\n<p>\u201cA semana termina, sem mudan\u00e7as significativas. O tempo fica nublado e com chuva fraca ao longo do dia no leste de Santa Catarina, do Paran\u00e1, de S\u00e3o Paulo e no Rio de Janeiro\u201d, informa o site.<\/p>\n<h4 class=\"wp-block-heading\"><strong>Situa\u00e7\u00e3o em Ribeir\u00e3o Preto<\/strong><\/h4>\n<p>Embora a frente fria tenha previs\u00e3o de chegada nesta semana ao interior de S\u00e3o Paulo, Ribeir\u00e3o Preto s\u00f3 tem previs\u00e3o de chuva a partir de ter\u00e7a-feira (8), quando deve acontecer pancadas de chuva no per\u00edodo da noite \u2013 mesmo assim, as temperaturas seguem altas.<\/p>\n<p>A chuva e o calor continuam na quarta-feira (9), de acordo com a<strong><a href=\"https:\/\/www.climatempo.com.br\/previsao-do-tempo\/15-dias\/cidade\/530\/ribeiraopreto-sp\" target=\"_blank\" rel=\"noreferrer noopener nofollow\"> Climatempo<\/a><\/strong>. Apenas no dia 10 de outubro que o refresco pode chegar, com temperaturas de at\u00e9 28\u00b0C. Neste dia, pode ter chuva r\u00e1pida durante o dia e \u00e0 noite.<\/p>\n<p>Na sexta-feira (11), os term\u00f4metros podem registrar temperaturas entre 21\u00b0C e 24\u00b0. Novamente, com chuva r\u00e1pida durante o dia e a noite.<\/p>\n<p>SAIBA MAIS<br \/>Temperaturas podem chegar aos 40\u00b0C em Ribeir\u00e3o Preto; Veja a previs\u00e3o nos pr\u00f3ximos dias<\/p>\n<h4 class=\"wp-block-heading\"><strong>FIQUE ON<\/strong><\/h4>\n<p>Fique ligado em tudo que acontece em Ribeir\u00e3o Preto e regi\u00e3o. Siga os perfis do <strong>acidade on <\/strong>no <a href=\"https:\/\/www.instagram.com\/acidadeonribeirao\" target=\"_blank\" rel=\"noreferrer noopener nofollow\">Instagram <\/a>e no <a href=\"https:\/\/www.facebook.com\/acidadeonribeirao\/\" target=\"_blank\" rel=\"noreferrer noopener nofollow\">Facebook<\/a>.<\/p>\n<p>Receba not\u00edcias do <strong>acidade on<\/strong> no WhatsApp. <a href=\"https:\/\/chat.whatsapp.com\/Dtv9mxhy6V5BJBotM2OQ5k\" target=\"_blank\" rel=\"noreferrer noopener nofollow\">Para entrar no grupo, basta clicar aqui.<\/a><\/p>\n<p>Fa\u00e7a uma den\u00fancia ou sugira uma reportagem sobre Ribeir\u00e3o Preto e regi\u00e3o pelo WhatsApp: 16 99117 7802.<\/p>\n<p>VEJA TAMB\u00c9M<br \/>Qual \u00e9 a previs\u00e3o do tempo para a pr\u00f3xima semana em SP?<\/p>\n<p><!-- CONTENT END 1 -->\n<\/div>\n<\/div>\n<p><script async src=\"\/\/www.instagram.com\/embed.js\"><\/script><br \/>\n<br \/><br \/>\n<br \/><a href=\"https:\/\/www.acidadeon.com\/ribeiraopreto\/cotidiano\/primeira-frente-fria-de-outubro-ja-tem-data-para-chegar-ao-interior-de-sp\/\">Source link <\/a><\/p>\n","protected":false},"excerpt":{"rendered":"<p>A primeira frente fria de outubro j\u00e1 tem data para chegar ao interior de S\u00e3o Paulo. Segundo o Meteored, a frente fria chega na madrugada&#8230;<\/p>\n","protected":false},"author":1,"featured_media":68451,"comment_status":"open","ping_status":"open","sticky":false,"template":"","format":"standard","meta":{"_uag_custom_page_level_css":"","advanced_seo_description":"","jetpack_seo_html_title":"","jetpack_seo_noindex":false,"jetpack_post_was_ever_published":false,"_jetpack_newsletter_access":"","_jetpack_dont_email_post_to_subs":false,"_jetpack_newsletter_tier_id":0,"_jetpack_memberships_contains_paywalled_content":false,"_jetpack_memberships_contains_paid_content":false,"footnotes":"","jetpack_publicize_message":"","jetpack_publicize_feature_enabled":true,"jetpack_social_post_already_shared":true,"jetpack_social_options":{"image_generator_settings":{"template":"highway","default_image_id":0,"font":"","enabled":false},"version":2}},"categories":[11],"tags":[],"class_list":["post-68450","post","type-post","status-publish","format-standard","has-post-thumbnail","hentry","category-noticias-de-ribeirao-preto-sp-e-regiao-ismael-colosi"],"jetpack_publicize_connections":[],"jetpack_featured_media_url":"https:\/\/i0.wp.com\/ismaelcolosi.com.br\/wp-content\/uploads\/2024\/09\/1727699544_chuva.jpeg?fit=1600%2C1204&ssl=1","uagb_featured_image_src":{"full":["https:\/\/i0.wp.com\/ismaelcolosi.com.br\/wp-content\/uploads\/2024\/09\/1727699544_chuva.jpeg?fit=1600%2C1204&ssl=1",1600,1204,false],"thumbnail":["https:\/\/i0.wp.com\/ismaelcolosi.com.br\/wp-content\/uploads\/2024\/09\/1727699544_chuva.jpeg?resize=150%2C150&ssl=1",150,150,true],"medium":["https:\/\/i0.wp.com\/ismaelcolosi.com.br\/wp-content\/uploads\/2024\/09\/1727699544_chuva.jpeg?fit=300%2C226&ssl=1",300,226,true],"medium_large":["https:\/\/i0.wp.com\/ismaelcolosi.com.br\/wp-content\/uploads\/2024\/09\/1727699544_chuva.jpeg?fit=768%2C578&ssl=1",768,578,true],"large":["https:\/\/i0.wp.com\/ismaelcolosi.com.br\/wp-content\/uploads\/2024\/09\/1727699544_chuva.jpeg?fit=1024%2C771&ssl=1",1024,771,true],"1536x1536":["https:\/\/i0.wp.com\/ismaelcolosi.com.br\/wp-content\/uploads\/2024\/09\/1727699544_chuva.jpeg?fit=1536%2C1156&ssl=1",1536,1156,true],"2048x2048":["https:\/\/i0.wp.com\/ismaelcolosi.com.br\/wp-content\/uploads\/2024\/09\/1727699544_chuva.jpeg?fit=1600%2C1204&ssl=1",1600,1204,true],"really-simple-thumb":["https:\/\/i0.wp.com\/ismaelcolosi.com.br\/wp-content\/uploads\/2024\/09\/1727699544_chuva.jpeg?resize=370%2C247&ssl=1",370,247,true]},"uagb_author_info":{"display_name":"ismaelcolosi.com.br","author_link":"https:\/\/ismaelcolosi.com.br\/index.php\/author\/vidareal-online\/"},"uagb_comment_info":0,"uagb_excerpt":"A primeira frente fria de outubro j\u00e1 tem data para chegar ao interior de S\u00e3o Paulo. Segundo o Meteored, a frente fria chega na madrugada...","jetpack-related-posts":[{"id":68933,"url":"https:\/\/ismaelcolosi.com.br\/index.php\/2024\/10\/02\/primeira-frente-fria-de-outubro-se-aproxima-do-interior-de-sp-com-chuva-e-ventos-intensos\/","url_meta":{"origin":68450,"position":0},"title":"Primeira frente fria de outubro se aproxima do interior de SP com chuva e ventos intensos","author":"ismaelcolosi.com.br","date":"2 de October de 2024","format":false,"excerpt":"A frente fria que se desloca pelo Brasil nesta quarta-feira (2) marca a entrada do primeiro sistema frontal significativo de outubro, trazendo instabilidades e mudan\u00e7as clim\u00e1ticas para amplas \u00e1reas do Pa\u00eds, principal para os estados da regi\u00e3o Sul, Mato Grosso do Sul e S\u00e3o Paulo, que podem registrar chuva e\u2026","rel":"","context":"In &quot;Not\u00edcias de Ribeir\u00e3o Preto-SP e Regi\u00e3o&quot;","block_context":{"text":"Not\u00edcias de Ribeir\u00e3o Preto-SP e Regi\u00e3o","link":"https:\/\/ismaelcolosi.com.br\/index.php\/category\/noticias-de-ribeirao-preto-sp-e-regiao-ismael-colosi\/"},"img":{"alt_text":"","src":"https:\/\/i0.wp.com\/ismaelcolosi.com.br\/wp-content\/uploads\/2024\/05\/AnyConv.com__frente-fria.webp.webp?fit=1200%2C628&ssl=1&resize=350%2C200","width":350,"height":200,"srcset":"https:\/\/i0.wp.com\/ismaelcolosi.com.br\/wp-content\/uploads\/2024\/05\/AnyConv.com__frente-fria.webp.webp?fit=1200%2C628&ssl=1&resize=350%2C200 1x, https:\/\/i0.wp.com\/ismaelcolosi.com.br\/wp-content\/uploads\/2024\/05\/AnyConv.com__frente-fria.webp.webp?fit=1200%2C628&ssl=1&resize=525%2C300 1.5x, https:\/\/i0.wp.com\/ismaelcolosi.com.br\/wp-content\/uploads\/2024\/05\/AnyConv.com__frente-fria.webp.webp?fit=1200%2C628&ssl=1&resize=700%2C400 2x, https:\/\/i0.wp.com\/ismaelcolosi.com.br\/wp-content\/uploads\/2024\/05\/AnyConv.com__frente-fria.webp.webp?fit=1200%2C628&ssl=1&resize=1050%2C600 3x"},"classes":[]},{"id":58946,"url":"https:\/\/ismaelcolosi.com.br\/index.php\/2024\/08\/05\/veja-quando-a-nova-frente-fria-chega-ao-interior-de-sp-ha-previsao-de-chuva\/","url_meta":{"origin":68450,"position":1},"title":"Veja quando a nova frente fria chega ao interior de SP; h\u00e1 previs\u00e3o de chuva","author":"ismaelcolosi.com.br","date":"5 de August de 2024","format":false,"excerpt":"A primeira frente fria do m\u00eas de agosto deve chegar ao interior de S\u00e3o Paulo na pr\u00f3xima sexta-feira (9), de acordo com a Climatempo. As temperaturas podem cair at\u00e9 2,5\u00b0C, em rela\u00e7\u00e3o \u00e0 m\u00e9dia, na maior parte do estado \u2013 em, algumas regi\u00f5es a queda ser\u00e1 de 5\u00b0C. Os meteorologistas\u2026","rel":"","context":"In &quot;Not\u00edcias de Ribeir\u00e3o Preto-SP e Regi\u00e3o&quot;","block_context":{"text":"Not\u00edcias de Ribeir\u00e3o Preto-SP e Regi\u00e3o","link":"https:\/\/ismaelcolosi.com.br\/index.php\/category\/noticias-de-ribeirao-preto-sp-e-regiao-ismael-colosi\/"},"img":{"alt_text":"","src":"https:\/\/i0.wp.com\/ismaelcolosi.com.br\/wp-content\/uploads\/2024\/04\/AnyConv.com__WhatsApp-Image-2024-04-05-at-15.03.28.webp.webp?fit=1200%2C553&ssl=1&resize=350%2C200","width":350,"height":200,"srcset":"https:\/\/i0.wp.com\/ismaelcolosi.com.br\/wp-content\/uploads\/2024\/04\/AnyConv.com__WhatsApp-Image-2024-04-05-at-15.03.28.webp.webp?fit=1200%2C553&ssl=1&resize=350%2C200 1x, https:\/\/i0.wp.com\/ismaelcolosi.com.br\/wp-content\/uploads\/2024\/04\/AnyConv.com__WhatsApp-Image-2024-04-05-at-15.03.28.webp.webp?fit=1200%2C553&ssl=1&resize=525%2C300 1.5x, https:\/\/i0.wp.com\/ismaelcolosi.com.br\/wp-content\/uploads\/2024\/04\/AnyConv.com__WhatsApp-Image-2024-04-05-at-15.03.28.webp.webp?fit=1200%2C553&ssl=1&resize=700%2C400 2x, https:\/\/i0.wp.com\/ismaelcolosi.com.br\/wp-content\/uploads\/2024\/04\/AnyConv.com__WhatsApp-Image-2024-04-05-at-15.03.28.webp.webp?fit=1200%2C553&ssl=1&resize=1050%2C600 3x"},"classes":[]},{"id":55113,"url":"https:\/\/ismaelcolosi.com.br\/index.php\/2024\/06\/30\/ribeirao-preto-registra-chuva-fraca-na-tarde-deste-domingo-assista-ao-video\/","url_meta":{"origin":68450,"position":2},"title":"Ribeir\u00e3o Preto registra chuva fraca na tarde deste domingo; Assista ao v\u00eddeo","author":"ismaelcolosi.com.br","date":"30 de June de 2024","format":false,"excerpt":"Ribeir\u00e3o Preto registra chuva fraca em pontos da cidade na tarde deste domingo (30). H\u00e1 relatos de chuva com vento no Centro, na Vila Tib\u00e9rio, regi\u00e3o Oeste, e Jardim Iraj\u00e1, na zona Sul da cidade. Assista ao v\u00eddeo abaixo. A frente fria estava prevista para chegar ao interior de S\u00e3o\u2026","rel":"","context":"In &quot;Not\u00edcias de Ribeir\u00e3o Preto-SP e Regi\u00e3o&quot;","block_context":{"text":"Not\u00edcias de Ribeir\u00e3o Preto-SP e Regi\u00e3o","link":"https:\/\/ismaelcolosi.com.br\/index.php\/category\/noticias-de-ribeirao-preto-sp-e-regiao-ismael-colosi\/"},"img":{"alt_text":"","src":"https:\/\/i0.wp.com\/ismaelcolosi.com.br\/wp-content\/uploads\/2024\/06\/CHUVA_2024-06-30_19-34-33_jpg_2024-06-30_19-34-33.webp.webp?fit=1200%2C683&ssl=1&resize=350%2C200","width":350,"height":200,"srcset":"https:\/\/i0.wp.com\/ismaelcolosi.com.br\/wp-content\/uploads\/2024\/06\/CHUVA_2024-06-30_19-34-33_jpg_2024-06-30_19-34-33.webp.webp?fit=1200%2C683&ssl=1&resize=350%2C200 1x, https:\/\/i0.wp.com\/ismaelcolosi.com.br\/wp-content\/uploads\/2024\/06\/CHUVA_2024-06-30_19-34-33_jpg_2024-06-30_19-34-33.webp.webp?fit=1200%2C683&ssl=1&resize=525%2C300 1.5x, https:\/\/i0.wp.com\/ismaelcolosi.com.br\/wp-content\/uploads\/2024\/06\/CHUVA_2024-06-30_19-34-33_jpg_2024-06-30_19-34-33.webp.webp?fit=1200%2C683&ssl=1&resize=700%2C400 2x, https:\/\/i0.wp.com\/ismaelcolosi.com.br\/wp-content\/uploads\/2024\/06\/CHUVA_2024-06-30_19-34-33_jpg_2024-06-30_19-34-33.webp.webp?fit=1200%2C683&ssl=1&resize=1050%2C600 3x"},"classes":[]},{"id":55721,"url":"https:\/\/ismaelcolosi.com.br\/index.php\/2024\/07\/05\/frente-fria-chega-ao-estado-de-sp-nesta-sexta-veja-como-fica-o-tempo-no-fim-de-semana\/","url_meta":{"origin":68450,"position":3},"title":"Frente fria chega ao estado de SP nesta sexta; Veja como fica o tempo no fim de semana","author":"ismaelcolosi.com.br","date":"5 de July de 2024","format":false,"excerpt":"Uma frente fria chega ao estado de S\u00e3o Paulo nesta sexta-feira (5). Segundo a Climatempo, este sistema tem fraca intensidade e deve atingir apenas o litoral paulista e o Vale do Ribeira. Ainda conforme a meteorologia, mesmo com\u00a0a frente fria, todo o estado de S\u00e3o Paulo tem previs\u00e3o de sol\u2026","rel":"","context":"In &quot;Not\u00edcias de Ribeir\u00e3o Preto-SP e Regi\u00e3o&quot;","block_context":{"text":"Not\u00edcias de Ribeir\u00e3o Preto-SP e Regi\u00e3o","link":"https:\/\/ismaelcolosi.com.br\/index.php\/category\/noticias-de-ribeirao-preto-sp-e-regiao-ismael-colosi\/"},"img":{"alt_text":"","src":"https:\/\/i0.wp.com\/ismaelcolosi.com.br\/wp-content\/uploads\/2024\/07\/RIBEIRAO-PRETO.jpg?fit=1200%2C708&ssl=1&resize=350%2C200","width":350,"height":200,"srcset":"https:\/\/i0.wp.com\/ismaelcolosi.com.br\/wp-content\/uploads\/2024\/07\/RIBEIRAO-PRETO.jpg?fit=1200%2C708&ssl=1&resize=350%2C200 1x, https:\/\/i0.wp.com\/ismaelcolosi.com.br\/wp-content\/uploads\/2024\/07\/RIBEIRAO-PRETO.jpg?fit=1200%2C708&ssl=1&resize=525%2C300 1.5x, https:\/\/i0.wp.com\/ismaelcolosi.com.br\/wp-content\/uploads\/2024\/07\/RIBEIRAO-PRETO.jpg?fit=1200%2C708&ssl=1&resize=700%2C400 2x, https:\/\/i0.wp.com\/ismaelcolosi.com.br\/wp-content\/uploads\/2024\/07\/RIBEIRAO-PRETO.jpg?fit=1200%2C708&ssl=1&resize=1050%2C600 3x"},"classes":[]},{"id":46284,"url":"https:\/\/ismaelcolosi.com.br\/index.php\/2024\/04\/10\/frente-fria-chega-ao-interior-de-sp-nesta-quinta-feira-veja-a-previsao\/","url_meta":{"origin":68450,"position":4},"title":"Frente fria chega ao interior de SP nesta quinta-feira; Veja a previs\u00e3o","author":"ismaelcolosi.com.br","date":"10 de April de 2024","format":false,"excerpt":"Uma frente fria formada na Argentina deve causar chuva e temperaturas mais amenas no Sul, antes de chegar ao Sudeste do pa\u00eds, incluindo o estado de S\u00e3o Paulo e o litoral paulista, nesta semana. A alta press\u00e3o que vem na retaguarda desse sistema deve trazer um pouco de ar frio,\u2026","rel":"","context":"In &quot;Not\u00edcias de Ribeir\u00e3o Preto-SP e Regi\u00e3o&quot;","block_context":{"text":"Not\u00edcias de Ribeir\u00e3o Preto-SP e Regi\u00e3o","link":"https:\/\/ismaelcolosi.com.br\/index.php\/category\/noticias-de-ribeirao-preto-sp-e-regiao-ismael-colosi\/"},"img":{"alt_text":"","src":"https:\/\/ismaelcolosi.com.br\/wp-content\/uploads\/2024\/04\/whatsapp_image_2022-08-08_at_07_42_08.jpe","width":350,"height":200,"srcset":"https:\/\/ismaelcolosi.com.br\/wp-content\/uploads\/2024\/04\/whatsapp_image_2022-08-08_at_07_42_08.jpe 1x, https:\/\/ismaelcolosi.com.br\/wp-content\/uploads\/2024\/04\/whatsapp_image_2022-08-08_at_07_42_08.jpe 1.5x, https:\/\/ismaelcolosi.com.br\/wp-content\/uploads\/2024\/04\/whatsapp_image_2022-08-08_at_07_42_08.jpe 2x, https:\/\/ismaelcolosi.com.br\/wp-content\/uploads\/2024\/04\/whatsapp_image_2022-08-08_at_07_42_08.jpe 3x"},"classes":[]},{"id":49332,"url":"https:\/\/ismaelcolosi.com.br\/index.php\/2024\/05\/10\/frente-fria-nao-tem-forca-para-chegar-ao-interior-de-sp-veja-previsao-no-fim-de-semana\/","url_meta":{"origin":68450,"position":5},"title":"Frente fria n\u00e3o tem for\u00e7a para chegar ao interior de SP; Veja previs\u00e3o no fim de semana","author":"ismaelcolosi.com.br","date":"10 de May de 2024","format":false,"excerpt":"A frente fria j\u00e1 se afastou do litoral de S\u00e3o Paulo e n\u00e3o teve for\u00e7a suficiente para quebrar o bloqueio atmosf\u00e9rico que mant\u00e9m o ar quente e seco no interior do estado. Este bloqueio afasta a chuva e mant\u00e9m a temperatura muito acima do normal para esta \u00e9poca do ano.\u2026","rel":"","context":"In &quot;Not\u00edcias de Ribeir\u00e3o Preto-SP e Regi\u00e3o&quot;","block_context":{"text":"Not\u00edcias de Ribeir\u00e3o Preto-SP e Regi\u00e3o","link":"https:\/\/ismaelcolosi.com.br\/index.php\/category\/noticias-de-ribeirao-preto-sp-e-regiao-ismael-colosi\/"},"img":{"alt_text":"","src":"https:\/\/i0.wp.com\/ismaelcolosi.com.br\/wp-content\/uploads\/2024\/05\/1715335695_WhatsApp-Image-2024-03-11-at-12.29.24-1.jpeg?fit=1200%2C804&ssl=1&resize=350%2C200","width":350,"height":200,"srcset":"https:\/\/i0.wp.com\/ismaelcolosi.com.br\/wp-content\/uploads\/2024\/05\/1715335695_WhatsApp-Image-2024-03-11-at-12.29.24-1.jpeg?fit=1200%2C804&ssl=1&resize=350%2C200 1x, https:\/\/i0.wp.com\/ismaelcolosi.com.br\/wp-content\/uploads\/2024\/05\/1715335695_WhatsApp-Image-2024-03-11-at-12.29.24-1.jpeg?fit=1200%2C804&ssl=1&resize=525%2C300 1.5x, https:\/\/i0.wp.com\/ismaelcolosi.com.br\/wp-content\/uploads\/2024\/05\/1715335695_WhatsApp-Image-2024-03-11-at-12.29.24-1.jpeg?fit=1200%2C804&ssl=1&resize=700%2C400 2x, https:\/\/i0.wp.com\/ismaelcolosi.com.br\/wp-content\/uploads\/2024\/05\/1715335695_WhatsApp-Image-2024-03-11-at-12.29.24-1.jpeg?fit=1200%2C804&ssl=1&resize=1050%2C600 3x"},"classes":[]}],"jetpack_sharing_enabled":true,"jetpack_shortlink":"https:\/\/wp.me\/pfMlyK-hO2","_links":{"self":[{"href":"https:\/\/ismaelcolosi.com.br\/index.php\/wp-json\/wp\/v2\/posts\/68450","targetHints":{"allow":["GET"]}}],"collection":[{"href":"https:\/\/ismaelcolosi.com.br\/index.php\/wp-json\/wp\/v2\/posts"}],"about":[{"href":"https:\/\/ismaelcolosi.com.br\/index.php\/wp-json\/wp\/v2\/types\/post"}],"author":[{"embeddable":true,"href":"https:\/\/ismaelcolosi.com.br\/index.php\/wp-json\/wp\/v2\/users\/1"}],"replies":[{"embeddable":true,"href":"https:\/\/ismaelcolosi.com.br\/index.php\/wp-json\/wp\/v2\/comments?post=68450"}],"version-history":[{"count":0,"href":"https:\/\/ismaelcolosi.com.br\/index.php\/wp-json\/wp\/v2\/posts\/68450\/revisions"}],"wp:featuredmedia":[{"embeddable":true,"href":"https:\/\/ismaelcolosi.com.br\/index.php\/wp-json\/wp\/v2\/media\/68451"}],"wp:attachment":[{"href":"https:\/\/ismaelcolosi.com.br\/index.php\/wp-json\/wp\/v2\/media?parent=68450"}],"wp:term":[{"taxonomy":"category","embeddable":true,"href":"https:\/\/ismaelcolosi.com.br\/index.php\/wp-json\/wp\/v2\/categories?post=68450"},{"taxonomy":"post_tag","embeddable":true,"href":"https:\/\/ismaelcolosi.com.br\/index.php\/wp-json\/wp\/v2\/tags?post=68450"}],"curies":[{"name":"wp","href":"https:\/\/api.w.org\/{rel}","templated":true}]}}