{"id":68338,"date":"2024-09-29T10:16:29","date_gmt":"2024-09-29T13:16:29","guid":{"rendered":"https:\/\/ismaelcolosi.com.br\/index.php\/2024\/09\/29\/morre-homem-baleado-durante-confronto-da-pm-e-suspeitos-de-ataque-a-carro-forte-na-regiao-de-ribeirao\/"},"modified":"2024-09-29T10:16:29","modified_gmt":"2024-09-29T13:16:29","slug":"morre-homem-baleado-durante-confronto-da-pm-e-suspeitos-de-ataque-a-carro-forte-na-regiao-de-ribeirao","status":"publish","type":"post","link":"https:\/\/ismaelcolosi.com.br\/index.php\/2024\/09\/29\/morre-homem-baleado-durante-confronto-da-pm-e-suspeitos-de-ataque-a-carro-forte-na-regiao-de-ribeirao\/","title":{"rendered":"Morre homem baleado durante confronto da PM e suspeitos de ataque a carro-forte na regi\u00e3o de Ribeir\u00e3o"},"content":{"rendered":"<p> <br \/>\n<\/p>\n<div>\n<p>Morreu na madrugada deste domingo (29), o <strong>caminhoneiro baleado<\/strong> durante o confronto entre <strong>policiais <\/strong>e <strong>suspeitos de um ataque a carro-forte<\/strong> na <strong>regi\u00e3o de Ribeir\u00e3o Preto<\/strong>, no come\u00e7o do m\u00eas de setembro.<\/p>\n<p><mark style=\"background-color:#fcb900\" class=\"has-inline-color\"><strong>Lenilson da Silva Pereira<\/strong>, de 42 anos, <strong>foi atingido na cabe\u00e7a<\/strong> por um disparo de arma de fogo e precisou passar por cirurgia.<\/mark> Ele estava internado desde o dia 11 deste m\u00eas na<strong> Unidade de Emerg\u00eancia do Hospital das Cl\u00ednicas (HC-UE) de Ribeir\u00e3o Preto<\/strong>.<\/p>\n<p>Ainda <strong>n\u00e3o h\u00e1 informa\u00e7\u00f5es sobre o vel\u00f3rio e sepultamento<\/strong>, contudo, a esposa dele, Eveline Carvalho, disse que o corpo ser\u00e1 levado <strong>Teresina-PI<\/strong>. Al\u00e9m da <strong>companheira<\/strong>, o caminhoneiro tamb\u00e9m deixa uma <strong>filha de 16 anos<\/strong>.<\/p>\n<h4 class=\"wp-block-heading\"><strong>O caso<\/strong><\/h4>\n<p>O <strong>ataque a carro-forte<\/strong> aconteceu no dia 9 de setembro, no km 381 da <strong>rodovia C\u00e2ndido Portinari (SP-334)<\/strong>, em <strong>Franca<\/strong>. Contudo, o confronto que deixou <strong>Lenilson <\/strong>ferido aconteceu <strong>dois dias ap\u00f3s a a\u00e7\u00e3o<\/strong>, durante uma troca de tiros na <strong>rodovia Joaquim Ferreira (SP-338)<\/strong>, pr\u00f3ximo ao trevo que liga <strong>Cajuru <\/strong>e <strong>Altin\u00f3polis<\/strong>.<\/p>\n<p>A<strong> companheira do caminhoneiro<\/strong> informou que o marido <strong>transportava uma m\u00e1quina at\u00e9 o dep\u00f3sito da empresa onde trabalha, em Ribeir\u00e3o Preto, e passava pelo trevo quando ficou no meio do tiroteio<\/strong>.<mark style=\"background-color:#fcb900\" class=\"has-inline-color\"> Ele teria folga no fim de semana e estava com a passagem comprada para ir para casa.<\/mark><\/p>\n<p>Al\u00e9m do caminhoneiro, o <strong>sargento Marcio Ribeiro<\/strong>, do <strong>Baep (Batalh\u00e3o de A\u00e7\u00f5es Especiais de Pol\u00edcia) de Ribeir\u00e3o Preto<\/strong> tamb\u00e9m morreu por causa da a\u00e7\u00e3o.<\/p>\n<hr class=\"wp-block-separator has-alpha-channel-opacity\"\/>\n<p>SAIBA MAIS<\/p>\n<p>Veja o que aconteceu no debate da EPTV com candidatos \u00e0 Prefeitura de Franca<\/p>\n<h4 class=\"wp-block-heading\"><strong>FIQUE ON<\/strong><\/h4>\n<p>Fique ligado em tudo que acontece em Ribeir\u00e3o Preto e regi\u00e3o. Siga os perfis do<strong>\u00a0acidade on<\/strong>\u00a0no Instagram e no Facebook.<\/p>\n<p>Receba not\u00edcias do\u00a0<strong>acidade on<\/strong>\u00a0no WhatsApp.<a href=\"https:\/\/chat.whatsapp.com\/Dtv9mxhy6V5BJBotM2OQ5k\" target=\"_blank\" rel=\"noreferrer noopener\">\u00a0Para entrar no grupo, basta clicar aqui.<\/a><\/p>\n<p>Fa\u00e7a uma den\u00fancia ou sugira uma reportagem sobre Ribeir\u00e3o Preto e regi\u00e3o pelo WhatsApp: 16 99117 7802.<\/p>\n<p>VEJA TAMB\u00c9M<\/p>\n<p>O que Diddy disse sobre os pr\u00edncipes William e Harry?<\/p>\n<p><!-- CONTENT END 1 -->\n<\/div>\n<p><br \/>\n<br \/><a href=\"https:\/\/www.acidadeon.com\/ribeiraopreto\/cotidiano\/morre-homem-baleado-durante-confronto-da-pm-e-suspeitos-de-ataque-a-carro-forte-na-regiao-de-ribeirao\/\">Source link <\/a><\/p>\n","protected":false},"excerpt":{"rendered":"<p>Morreu na madrugada deste domingo (29), o caminhoneiro baleado durante o confronto entre policiais e suspeitos de um ataque a carro-forte na regi\u00e3o de Ribeir\u00e3o&#8230;<\/p>\n","protected":false},"author":1,"featured_media":68339,"comment_status":"open","ping_status":"open","sticky":false,"template":"","format":"standard","meta":{"_uag_custom_page_level_css":"","advanced_seo_description":"","jetpack_seo_html_title":"","jetpack_seo_noindex":false,"jetpack_post_was_ever_published":false,"_jetpack_newsletter_access":"","_jetpack_dont_email_post_to_subs":false,"_jetpack_newsletter_tier_id":0,"_jetpack_memberships_contains_paywalled_content":false,"_jetpack_memberships_contains_paid_content":false,"footnotes":"","jetpack_publicize_message":"","jetpack_publicize_feature_enabled":true,"jetpack_social_post_already_shared":true,"jetpack_social_options":{"image_generator_settings":{"template":"highway","default_image_id":0,"font":"","enabled":false},"version":2}},"categories":[11],"tags":[],"class_list":["post-68338","post","type-post","status-publish","format-standard","has-post-thumbnail","hentry","category-noticias-de-ribeirao-preto-sp-e-regiao-ismael-colosi"],"jetpack_publicize_connections":[],"jetpack_featured_media_url":"https:\/\/i0.wp.com\/ismaelcolosi.com.br\/wp-content\/uploads\/2024\/09\/Copia-de-Copia-de-Copia-de-TAMANHO-EXATO-PARA-FOTOS-NO-SISTEMA-NOVO-79_2024-09-29_12-59-14_png_2024-09-29_12-59-14.webp.webp?fit=1200%2C675&ssl=1","uagb_featured_image_src":{"full":["https:\/\/i0.wp.com\/ismaelcolosi.com.br\/wp-content\/uploads\/2024\/09\/Copia-de-Copia-de-Copia-de-TAMANHO-EXATO-PARA-FOTOS-NO-SISTEMA-NOVO-79_2024-09-29_12-59-14_png_2024-09-29_12-59-14.webp.webp?fit=1200%2C675&ssl=1",1200,675,false],"thumbnail":["https:\/\/i0.wp.com\/ismaelcolosi.com.br\/wp-content\/uploads\/2024\/09\/Copia-de-Copia-de-Copia-de-TAMANHO-EXATO-PARA-FOTOS-NO-SISTEMA-NOVO-79_2024-09-29_12-59-14_png_2024-09-29_12-59-14.webp.webp?resize=150%2C150&ssl=1",150,150,true],"medium":["https:\/\/i0.wp.com\/ismaelcolosi.com.br\/wp-content\/uploads\/2024\/09\/Copia-de-Copia-de-Copia-de-TAMANHO-EXATO-PARA-FOTOS-NO-SISTEMA-NOVO-79_2024-09-29_12-59-14_png_2024-09-29_12-59-14.webp.webp?fit=300%2C169&ssl=1",300,169,true],"medium_large":["https:\/\/i0.wp.com\/ismaelcolosi.com.br\/wp-content\/uploads\/2024\/09\/Copia-de-Copia-de-Copia-de-TAMANHO-EXATO-PARA-FOTOS-NO-SISTEMA-NOVO-79_2024-09-29_12-59-14_png_2024-09-29_12-59-14.webp.webp?fit=768%2C432&ssl=1",768,432,true],"large":["https:\/\/i0.wp.com\/ismaelcolosi.com.br\/wp-content\/uploads\/2024\/09\/Copia-de-Copia-de-Copia-de-TAMANHO-EXATO-PARA-FOTOS-NO-SISTEMA-NOVO-79_2024-09-29_12-59-14_png_2024-09-29_12-59-14.webp.webp?fit=1024%2C576&ssl=1",1024,576,true],"1536x1536":["https:\/\/i0.wp.com\/ismaelcolosi.com.br\/wp-content\/uploads\/2024\/09\/Copia-de-Copia-de-Copia-de-TAMANHO-EXATO-PARA-FOTOS-NO-SISTEMA-NOVO-79_2024-09-29_12-59-14_png_2024-09-29_12-59-14.webp.webp?fit=1200%2C675&ssl=1",1200,675,true],"2048x2048":["https:\/\/i0.wp.com\/ismaelcolosi.com.br\/wp-content\/uploads\/2024\/09\/Copia-de-Copia-de-Copia-de-TAMANHO-EXATO-PARA-FOTOS-NO-SISTEMA-NOVO-79_2024-09-29_12-59-14_png_2024-09-29_12-59-14.webp.webp?fit=1200%2C675&ssl=1",1200,675,true],"really-simple-thumb":["https:\/\/i0.wp.com\/ismaelcolosi.com.br\/wp-content\/uploads\/2024\/09\/Copia-de-Copia-de-Copia-de-TAMANHO-EXATO-PARA-FOTOS-NO-SISTEMA-NOVO-79_2024-09-29_12-59-14_png_2024-09-29_12-59-14.webp.webp?resize=370%2C247&ssl=1",370,247,true]},"uagb_author_info":{"display_name":"ismaelcolosi.com.br","author_link":"https:\/\/ismaelcolosi.com.br\/index.php\/author\/vidareal-online\/"},"uagb_comment_info":0,"uagb_excerpt":"Morreu na madrugada deste domingo (29), o caminhoneiro baleado durante o confronto entre policiais e suspeitos de um ataque a carro-forte na regi\u00e3o de Ribeir\u00e3o...","jetpack-related-posts":[{"id":66252,"url":"https:\/\/ismaelcolosi.com.br\/index.php\/2024\/09\/16\/ele-esta-lutando-pra-viver-diz-esposa-de-caminhoneiro-baleado-durante-confronto\/","url_meta":{"origin":68338,"position":0},"title":"&#8220;Ele est\u00e1 lutando pra viver&#8221; diz esposa de caminhoneiro baleado durante confronto","author":"ismaelcolosi.com.br","date":"16 de September de 2024","format":false,"excerpt":"Nesta segunda-feira (16), Eveline Carvalho, esposa de Lenilson da Silva Pereira, baleado durante o confronto entre policiais e suspeitos de um ataque a carro-forte, na regi\u00e3o de Ribeir\u00e3o Preto, disse que o marido est\u00e1 lutando pela vida. O caminhoneiro est\u00e1 internado desde a \u00faltima quarta-feira (11) na Unidade de Emerg\u00eancia\u2026","rel":"","context":"In &quot;Not\u00edcias de Ribeir\u00e3o Preto-SP e Regi\u00e3o&quot;","block_context":{"text":"Not\u00edcias de Ribeir\u00e3o Preto-SP e Regi\u00e3o","link":"https:\/\/ismaelcolosi.com.br\/index.php\/category\/noticias-de-ribeirao-preto-sp-e-regiao-ismael-colosi\/"},"img":{"alt_text":"","src":"https:\/\/i0.wp.com\/ismaelcolosi.com.br\/wp-content\/uploads\/2024\/09\/Copia-de-Copia-de-Copia-de-TAMANHO-EXATO-PARA-FOTOS-NO-SISTEMA-NOVO-23_2024-09-16_20-14-04_png_2024-09-16_20-14-04.webp.webp?fit=1200%2C675&ssl=1&resize=350%2C200","width":350,"height":200,"srcset":"https:\/\/i0.wp.com\/ismaelcolosi.com.br\/wp-content\/uploads\/2024\/09\/Copia-de-Copia-de-Copia-de-TAMANHO-EXATO-PARA-FOTOS-NO-SISTEMA-NOVO-23_2024-09-16_20-14-04_png_2024-09-16_20-14-04.webp.webp?fit=1200%2C675&ssl=1&resize=350%2C200 1x, https:\/\/i0.wp.com\/ismaelcolosi.com.br\/wp-content\/uploads\/2024\/09\/Copia-de-Copia-de-Copia-de-TAMANHO-EXATO-PARA-FOTOS-NO-SISTEMA-NOVO-23_2024-09-16_20-14-04_png_2024-09-16_20-14-04.webp.webp?fit=1200%2C675&ssl=1&resize=525%2C300 1.5x, https:\/\/i0.wp.com\/ismaelcolosi.com.br\/wp-content\/uploads\/2024\/09\/Copia-de-Copia-de-Copia-de-TAMANHO-EXATO-PARA-FOTOS-NO-SISTEMA-NOVO-23_2024-09-16_20-14-04_png_2024-09-16_20-14-04.webp.webp?fit=1200%2C675&ssl=1&resize=700%2C400 2x, https:\/\/i0.wp.com\/ismaelcolosi.com.br\/wp-content\/uploads\/2024\/09\/Copia-de-Copia-de-Copia-de-TAMANHO-EXATO-PARA-FOTOS-NO-SISTEMA-NOVO-23_2024-09-16_20-14-04_png_2024-09-16_20-14-04.webp.webp?fit=1200%2C675&ssl=1&resize=1050%2C600 3x"},"classes":[]},{"id":66262,"url":"https:\/\/ismaelcolosi.com.br\/index.php\/2024\/09\/16\/ele-esta-lutando-para-viver-diz-esposa-de-caminhoneiro-baleado-durante-confronto\/","url_meta":{"origin":68338,"position":1},"title":"&#8216;Ele est\u00e1 lutando para viver&#8217;, diz esposa de caminhoneiro baleado durante confronto","author":"ismaelcolosi.com.br","date":"16 de September de 2024","format":false,"excerpt":"Nesta segunda-feira (16), Eveline Carvalho, esposa de Lenilson da Silva Pereira, baleado durante o confronto entre policiais e suspeitos de um ataque a carro-forte, na regi\u00e3o de Ribeir\u00e3o Preto, disse que o marido est\u00e1 lutando pela vida. O caminhoneiro est\u00e1 internado desde a \u00faltima quarta-feira (11) na Unidade de Emerg\u00eancia\u2026","rel":"","context":"In &quot;Not\u00edcias de Ribeir\u00e3o Preto-SP e Regi\u00e3o&quot;","block_context":{"text":"Not\u00edcias de Ribeir\u00e3o Preto-SP e Regi\u00e3o","link":"https:\/\/ismaelcolosi.com.br\/index.php\/category\/noticias-de-ribeirao-preto-sp-e-regiao-ismael-colosi\/"},"img":{"alt_text":"","src":"https:\/\/i0.wp.com\/ismaelcolosi.com.br\/wp-content\/uploads\/2024\/09\/Copia-de-Copia-de-Copia-de-TAMANHO-EXATO-PARA-FOTOS-NO-SISTEMA-NOVO-23_2024-09-16_20-14-04_png_2024-09-16_20-14-04.webp.webp?fit=1200%2C675&ssl=1&resize=350%2C200","width":350,"height":200,"srcset":"https:\/\/i0.wp.com\/ismaelcolosi.com.br\/wp-content\/uploads\/2024\/09\/Copia-de-Copia-de-Copia-de-TAMANHO-EXATO-PARA-FOTOS-NO-SISTEMA-NOVO-23_2024-09-16_20-14-04_png_2024-09-16_20-14-04.webp.webp?fit=1200%2C675&ssl=1&resize=350%2C200 1x, https:\/\/i0.wp.com\/ismaelcolosi.com.br\/wp-content\/uploads\/2024\/09\/Copia-de-Copia-de-Copia-de-TAMANHO-EXATO-PARA-FOTOS-NO-SISTEMA-NOVO-23_2024-09-16_20-14-04_png_2024-09-16_20-14-04.webp.webp?fit=1200%2C675&ssl=1&resize=525%2C300 1.5x, https:\/\/i0.wp.com\/ismaelcolosi.com.br\/wp-content\/uploads\/2024\/09\/Copia-de-Copia-de-Copia-de-TAMANHO-EXATO-PARA-FOTOS-NO-SISTEMA-NOVO-23_2024-09-16_20-14-04_png_2024-09-16_20-14-04.webp.webp?fit=1200%2C675&ssl=1&resize=700%2C400 2x, https:\/\/i0.wp.com\/ismaelcolosi.com.br\/wp-content\/uploads\/2024\/09\/Copia-de-Copia-de-Copia-de-TAMANHO-EXATO-PARA-FOTOS-NO-SISTEMA-NOVO-23_2024-09-16_20-14-04_png_2024-09-16_20-14-04.webp.webp?fit=1200%2C675&ssl=1&resize=1050%2C600 3x"},"classes":[]},{"id":77788,"url":"https:\/\/ismaelcolosi.com.br\/index.php\/2024\/11\/28\/homem-preso-apos-ataque-a-carro-forte-e-denunciado-pelo-mp\/","url_meta":{"origin":68338,"position":2},"title":"Homem preso ap\u00f3s ataque a carro-forte \u00e9 denunciado pelo MP","author":"ismaelcolosi.com.br","date":"28 de November de 2024","format":false,"excerpt":"Por: Adalberto Luque O Minist\u00e9rio P\u00fablico de S\u00e3o Paulo (MPSP) denunciou Roberto Marques Trov\u00e3o Lafaeff, de 36 anos, por roubo e falsidade ideol\u00f3gica, relativos ao ataque a um carro-forte ocorrido na Rodovia C\u00e2ndido Portinari (SP-334) no dia 9 de setembro deste ano. Lafaeff foi preso quando procurou atendimento m\u00e9dico em\u2026","rel":"","context":"In &quot;Not\u00edcias de Ribeir\u00e3o Preto-SP e Regi\u00e3o&quot;","block_context":{"text":"Not\u00edcias de Ribeir\u00e3o Preto-SP e Regi\u00e3o","link":"https:\/\/ismaelcolosi.com.br\/index.php\/category\/noticias-de-ribeirao-preto-sp-e-regiao-ismael-colosi\/"},"img":{"alt_text":"","src":"https:\/\/i0.wp.com\/ismaelcolosi.com.br\/wp-content\/uploads\/2024\/11\/13set2024suspeitovalinhos-scaled.jpg?fit=800%2C400&ssl=1&resize=350%2C200","width":350,"height":200,"srcset":"https:\/\/i0.wp.com\/ismaelcolosi.com.br\/wp-content\/uploads\/2024\/11\/13set2024suspeitovalinhos-scaled.jpg?fit=800%2C400&ssl=1&resize=350%2C200 1x, https:\/\/i0.wp.com\/ismaelcolosi.com.br\/wp-content\/uploads\/2024\/11\/13set2024suspeitovalinhos-scaled.jpg?fit=800%2C400&ssl=1&resize=525%2C300 1.5x, https:\/\/i0.wp.com\/ismaelcolosi.com.br\/wp-content\/uploads\/2024\/11\/13set2024suspeitovalinhos-scaled.jpg?fit=800%2C400&ssl=1&resize=700%2C400 2x"},"classes":[]},{"id":64927,"url":"https:\/\/ismaelcolosi.com.br\/index.php\/2024\/09\/09\/o-que-se-sabe-sobre-ataque-a-carro-forte-no-interior-de-sp\/","url_meta":{"origin":68338,"position":3},"title":"O que se sabe sobre ataque a carro-forte no interior de SP","author":"ismaelcolosi.com.br","date":"9 de September de 2024","format":false,"excerpt":"Uma tentativa de assalto a carro-forte foi registrada no in\u00edcio da noite desta segunda-feira (9), pr\u00f3ximo ao quil\u00f4metro 384 da rodovia C\u00e2ndido Portinari (SP-334), em Restinga, cidade na regi\u00e3o de Ribeir\u00e3o Preto. Os criminosos abordaram um caminh\u00e3o na rodovia e atravessaram o ve\u00edculo na pista. O crime aconteceu por volta\u2026","rel":"","context":"In &quot;Not\u00edcias de Ribeir\u00e3o Preto-SP e Regi\u00e3o&quot;","block_context":{"text":"Not\u00edcias de Ribeir\u00e3o Preto-SP e Regi\u00e3o","link":"https:\/\/ismaelcolosi.com.br\/index.php\/category\/noticias-de-ribeirao-preto-sp-e-regiao-ismael-colosi\/"},"img":{"alt_text":"","src":"https:\/\/i0.wp.com\/ismaelcolosi.com.br\/wp-content\/uploads\/2024\/09\/Copia-de-Copia-de-Copia-de-TAMANHO-EXATO-PARA-FOTOS-NO-SISTEMA-NOVO-43_2024-09-10_01-41-49_png_2024-09-10_01-41-49.webp.webp?fit=1200%2C675&ssl=1&resize=350%2C200","width":350,"height":200,"srcset":"https:\/\/i0.wp.com\/ismaelcolosi.com.br\/wp-content\/uploads\/2024\/09\/Copia-de-Copia-de-Copia-de-TAMANHO-EXATO-PARA-FOTOS-NO-SISTEMA-NOVO-43_2024-09-10_01-41-49_png_2024-09-10_01-41-49.webp.webp?fit=1200%2C675&ssl=1&resize=350%2C200 1x, https:\/\/i0.wp.com\/ismaelcolosi.com.br\/wp-content\/uploads\/2024\/09\/Copia-de-Copia-de-Copia-de-TAMANHO-EXATO-PARA-FOTOS-NO-SISTEMA-NOVO-43_2024-09-10_01-41-49_png_2024-09-10_01-41-49.webp.webp?fit=1200%2C675&ssl=1&resize=525%2C300 1.5x, https:\/\/i0.wp.com\/ismaelcolosi.com.br\/wp-content\/uploads\/2024\/09\/Copia-de-Copia-de-Copia-de-TAMANHO-EXATO-PARA-FOTOS-NO-SISTEMA-NOVO-43_2024-09-10_01-41-49_png_2024-09-10_01-41-49.webp.webp?fit=1200%2C675&ssl=1&resize=700%2C400 2x, https:\/\/i0.wp.com\/ismaelcolosi.com.br\/wp-content\/uploads\/2024\/09\/Copia-de-Copia-de-Copia-de-TAMANHO-EXATO-PARA-FOTOS-NO-SISTEMA-NOVO-43_2024-09-10_01-41-49_png_2024-09-10_01-41-49.webp.webp?fit=1200%2C675&ssl=1&resize=1050%2C600 3x"},"classes":[]},{"id":69279,"url":"https:\/\/ismaelcolosi.com.br\/index.php\/2024\/10\/04\/suspeito-de-ataque-a-carro-forte-na-regiao-de-ribeirao-morre-em-confronto-com-a-policia\/","url_meta":{"origin":68338,"position":4},"title":"Suspeito de ataque a carro-forte na regi\u00e3o de Ribeir\u00e3o morre em confronto com a pol\u00edcia","author":"ismaelcolosi.com.br","date":"4 de October de 2024","format":false,"excerpt":"Agentes da Pol\u00edcia Civil e Pol\u00edcia Militar junto com o Minist\u00e9rio P\u00fablico realizaram, na manh\u00e3 desta sexta-feira (4), uma opera\u00e7\u00e3o para prender ladr\u00f5es que tentaram roubar um carro-forte, no m\u00eas passado, na regi\u00e3o de Ribeir\u00e3o. Um suspeito foi morto durante o confronto, outro foi preso e um fuzil foi apreendido.\u2026","rel":"","context":"In &quot;Not\u00edcias de Ribeir\u00e3o Preto-SP e Regi\u00e3o&quot;","block_context":{"text":"Not\u00edcias de Ribeir\u00e3o Preto-SP e Regi\u00e3o","link":"https:\/\/ismaelcolosi.com.br\/index.php\/category\/noticias-de-ribeirao-preto-sp-e-regiao-ismael-colosi\/"},"img":{"alt_text":"","src":"https:\/\/i0.wp.com\/ismaelcolosi.com.br\/wp-content\/uploads\/2024\/10\/Sem-titulo_2024-10-04_16-11-05_png_2024-10-04_16-11-05.webp.webp?fit=1200%2C645&ssl=1&resize=350%2C200","width":350,"height":200,"srcset":"https:\/\/i0.wp.com\/ismaelcolosi.com.br\/wp-content\/uploads\/2024\/10\/Sem-titulo_2024-10-04_16-11-05_png_2024-10-04_16-11-05.webp.webp?fit=1200%2C645&ssl=1&resize=350%2C200 1x, https:\/\/i0.wp.com\/ismaelcolosi.com.br\/wp-content\/uploads\/2024\/10\/Sem-titulo_2024-10-04_16-11-05_png_2024-10-04_16-11-05.webp.webp?fit=1200%2C645&ssl=1&resize=525%2C300 1.5x, https:\/\/i0.wp.com\/ismaelcolosi.com.br\/wp-content\/uploads\/2024\/10\/Sem-titulo_2024-10-04_16-11-05_png_2024-10-04_16-11-05.webp.webp?fit=1200%2C645&ssl=1&resize=700%2C400 2x, https:\/\/i0.wp.com\/ismaelcolosi.com.br\/wp-content\/uploads\/2024\/10\/Sem-titulo_2024-10-04_16-11-05_png_2024-10-04_16-11-05.webp.webp?fit=1200%2C645&ssl=1&resize=1050%2C600 3x"},"classes":[]},{"id":65241,"url":"https:\/\/ismaelcolosi.com.br\/index.php\/2024\/09\/11\/policia-detem-suspeito-por-ataque-a-carro-forte-na-regiao-de-ribeirao-preto\/","url_meta":{"origin":68338,"position":5},"title":"Pol\u00edcia det\u00e9m suspeito por ataque a carro-forte na regi\u00e3o de Ribeir\u00e3o Preto","author":"ismaelcolosi.com.br","date":"11 de September de 2024","format":false,"excerpt":"A pol\u00edcia deteve um homem suspeito de envolvimento no ataque a carro-forte na regi\u00e3o de Ribeir\u00e3o Preto. O suspeito \u00e9 Roberto Marques Trov\u00e3o Lafaeff, de 36 anos, que havia procurado atendimento m\u00e9dico na UPA (Unidade de Pronto Atendimento) de Valinhos, na regi\u00e3o de Campinas, na \u00faltima ter\u00e7a-feira (10). Ele apresentava\u2026","rel":"","context":"In &quot;Not\u00edcias de Ribeir\u00e3o Preto-SP e Regi\u00e3o&quot;","block_context":{"text":"Not\u00edcias de Ribeir\u00e3o Preto-SP e Regi\u00e3o","link":"https:\/\/ismaelcolosi.com.br\/index.php\/category\/noticias-de-ribeirao-preto-sp-e-regiao-ismael-colosi\/"},"img":{"alt_text":"","src":"https:\/\/i0.wp.com\/ismaelcolosi.com.br\/wp-content\/uploads\/2024\/09\/roberto_2024-09-11_16-51-22_jpeg_2024-09-11_16-51-22.webp.webp?fit=1200%2C674&ssl=1&resize=350%2C200","width":350,"height":200,"srcset":"https:\/\/i0.wp.com\/ismaelcolosi.com.br\/wp-content\/uploads\/2024\/09\/roberto_2024-09-11_16-51-22_jpeg_2024-09-11_16-51-22.webp.webp?fit=1200%2C674&ssl=1&resize=350%2C200 1x, https:\/\/i0.wp.com\/ismaelcolosi.com.br\/wp-content\/uploads\/2024\/09\/roberto_2024-09-11_16-51-22_jpeg_2024-09-11_16-51-22.webp.webp?fit=1200%2C674&ssl=1&resize=525%2C300 1.5x, https:\/\/i0.wp.com\/ismaelcolosi.com.br\/wp-content\/uploads\/2024\/09\/roberto_2024-09-11_16-51-22_jpeg_2024-09-11_16-51-22.webp.webp?fit=1200%2C674&ssl=1&resize=700%2C400 2x, https:\/\/i0.wp.com\/ismaelcolosi.com.br\/wp-content\/uploads\/2024\/09\/roberto_2024-09-11_16-51-22_jpeg_2024-09-11_16-51-22.webp.webp?fit=1200%2C674&ssl=1&resize=1050%2C600 3x"},"classes":[]}],"jetpack_sharing_enabled":true,"jetpack_shortlink":"https:\/\/wp.me\/pfMlyK-hMe","_links":{"self":[{"href":"https:\/\/ismaelcolosi.com.br\/index.php\/wp-json\/wp\/v2\/posts\/68338","targetHints":{"allow":["GET"]}}],"collection":[{"href":"https:\/\/ismaelcolosi.com.br\/index.php\/wp-json\/wp\/v2\/posts"}],"about":[{"href":"https:\/\/ismaelcolosi.com.br\/index.php\/wp-json\/wp\/v2\/types\/post"}],"author":[{"embeddable":true,"href":"https:\/\/ismaelcolosi.com.br\/index.php\/wp-json\/wp\/v2\/users\/1"}],"replies":[{"embeddable":true,"href":"https:\/\/ismaelcolosi.com.br\/index.php\/wp-json\/wp\/v2\/comments?post=68338"}],"version-history":[{"count":0,"href":"https:\/\/ismaelcolosi.com.br\/index.php\/wp-json\/wp\/v2\/posts\/68338\/revisions"}],"wp:featuredmedia":[{"embeddable":true,"href":"https:\/\/ismaelcolosi.com.br\/index.php\/wp-json\/wp\/v2\/media\/68339"}],"wp:attachment":[{"href":"https:\/\/ismaelcolosi.com.br\/index.php\/wp-json\/wp\/v2\/media?parent=68338"}],"wp:term":[{"taxonomy":"category","embeddable":true,"href":"https:\/\/ismaelcolosi.com.br\/index.php\/wp-json\/wp\/v2\/categories?post=68338"},{"taxonomy":"post_tag","embeddable":true,"href":"https:\/\/ismaelcolosi.com.br\/index.php\/wp-json\/wp\/v2\/tags?post=68338"}],"curies":[{"name":"wp","href":"https:\/\/api.w.org\/{rel}","templated":true}]}}