{"id":68334,"date":"2024-09-29T09:14:23","date_gmt":"2024-09-29T12:14:23","guid":{"rendered":"https:\/\/ismaelcolosi.com.br\/index.php\/2024\/09\/29\/eptv-comemora-aniversario-de-45-anos-com-episodio-especial-do-globo-reporter\/"},"modified":"2024-09-29T09:14:23","modified_gmt":"2024-09-29T12:14:23","slug":"eptv-comemora-aniversario-de-45-anos-com-episodio-especial-do-globo-reporter","status":"publish","type":"post","link":"https:\/\/ismaelcolosi.com.br\/index.php\/2024\/09\/29\/eptv-comemora-aniversario-de-45-anos-com-episodio-especial-do-globo-reporter\/","title":{"rendered":"EPTV comemora anivers\u00e1rio de 45 anos com epis\u00f3dio especial do Globo Rep\u00f3rter"},"content":{"rendered":"<p> <br \/>\n<\/p>\n<div>\n<p>A <strong>EPTV<\/strong>, emissora do <strong>Grupo EP<\/strong> e afiliada \u00e0 <strong>Globo<\/strong>, comemora seu anivers\u00e1rio de 45 anos dia 1\u00ba de outubro com um epis\u00f3dio especial no <strong>Globo Rep\u00f3rter<\/strong>, produzido exclusivamente pela emissora do interior paulista e sul de Minas Gerais.<\/p>\n<p>O epis\u00f3dio aborda as tecnologias do futuro e conta hist\u00f3rias de pessoas da regi\u00e3o de abrang\u00eancia da empresa que trabalham em \u00e1reas disruptivas para antecipar os caminhos de uma nova era. <mark style=\"background-color:#fcb900\" class=\"has-inline-color has-black-color\">A produ\u00e7\u00e3o da <strong>EPTV <\/strong>vai ao ar dia 4 de outubro, depois da novela \u201cMania de Voc\u00ea\u201d<\/mark>.<\/p>\n<p>O epis\u00f3dio \u00e9 fruto de um trabalho de dois meses com grava\u00e7\u00f5es em 13 cidades das regi\u00f5es de Campinas, Ribeir\u00e3o Preto, S\u00e3o Carlos e Varginha-MG, al\u00e9m de entrevistas nos Estados Unidos, que compartilham as inova\u00e7\u00f5es criadas ou presentes em cada um dos locais.<\/p>\n<p>Produzido inteiramente pela <strong>EPTV<\/strong>, o especial de anivers\u00e1rio da emissora contou com roteiro, produ\u00e7\u00e3o e edi\u00e7\u00e3o do jornalista Paulo Gon\u00e7alves, imagens de Pedro Santana e edi\u00e7\u00e3o de imagens de Eul\u00e2mpio Neto, com colabora\u00e7\u00e3o do <strong>ACERVO EP<\/strong>.<\/p>\n<p>O programa percorre locais como Santa Rita do Sapuca\u00ed, cidade no sul de Minas Gerais, que est\u00e1 na corrida espacial com o desenvolvimento de mini sat\u00e9lites e desenvolve projetos para a sexta gera\u00e7\u00e3o de internet.<\/p>\n<p>Em Campinas, a produ\u00e7\u00e3o destaca os rob\u00f4s, os projetos no laborat\u00f3rio Sirius e o trabalho da medicina preventiva no maior laborat\u00f3rio de Intelig\u00eancia Artificial da Am\u00e9rica Latina, da Unicamp.<\/p>\n<p>Nas regi\u00f5es de Ribeir\u00e3o Preto e S\u00e3o Carlos, a tecnologia de games na educa\u00e7\u00e3o e os carros voadores s\u00e3o tema do epis\u00f3dio. O Globo Rep\u00f3rter foi, ainda, at\u00e9 os Estados Unidos conversar com um engenheiro de telecomunica\u00e7\u00f5es da NASA, formado em Minas Gerais, respons\u00e1vel pela comunica\u00e7\u00e3o em miss\u00f5es rob\u00f3ticas, al\u00e9m de visitar as cidades de Los Angeles e Pasadena, na Calif\u00f3rnia.<\/p>\n<p>\u201cA <strong>EPTV <\/strong>tem uma longa hist\u00f3ria de parceria com o Globo Rep\u00f3rter. Vamos comemorar mais um anivers\u00e1rio com hist\u00f3rias de pessoas de nossa regi\u00e3o que trabalham nas trilhas do amanh\u00e3. A revolu\u00e7\u00e3o tecnol\u00f3gica impacta todos n\u00f3s. E nada como mostrar quem abre esses caminhos, numa emissora que tem pioneirismo at\u00e9 no nome\u201d, diz Paulo Gon\u00e7alves, jornalista da EPTV e respons\u00e1vel pela produ\u00e7\u00e3o do epis\u00f3dio.<\/p>\n<p><strong>A EPTV<\/strong><br \/><strong><br \/><\/strong><mark style=\"background-color:#fcb900\" class=\"has-inline-color has-black-color\">A <strong>EPTV (Emissora Pioneira de Televis\u00e3o) <\/strong>foi fundada por <strong>Jos\u00e9 Bonif\u00e1cio Coutinho <\/strong>em 1\u00ba de outubro de 1979<\/mark>, em Campinas, a partir do sonho de implantar um projeto bem-sucedido de emissoras regionais. O projeto teve continuidade nos anos seguintes, com a instala\u00e7\u00e3o da emissora em Ribeir\u00e3o Preto (1980), em Varginha (1988) e em S\u00e3o Carlos (1989).<\/p>\n<p>E desde ent\u00e3o a <strong>EPTV<\/strong> se tornou um conglomerado de m\u00eddia, o <strong>Grupo EP<\/strong>, com v\u00e1rias empresas que formam um ecossistema de comunica\u00e7\u00e3o e formato audiovisual, radiof\u00f4nico e digital.<\/p>\n<p>SAIBA MAIS<br \/>Saiba qual o estado de sa\u00fade de filhote resgatado nos inc\u00eandios do interior de SP<\/p>\n<h4 class=\"wp-block-heading\"><strong>FIQUE ON<\/strong><\/h4>\n<p>Fique ligado em tudo que acontece em Ribeir\u00e3o Preto e regi\u00e3o. Siga os perfis do<strong> acidade on<\/strong> no Instagram e no Facebook.<\/p>\n<p>Receba not\u00edcias do <strong>acidade on<\/strong> no WhatsApp.<a href=\"https:\/\/chat.whatsapp.com\/Dtv9mxhy6V5BJBotM2OQ5k\" target=\"_blank\" rel=\"noreferrer noopener nofollow\"> Para entrar no grupo, basta clicar aqui.<\/a><\/p>\n<p>Fa\u00e7a uma den\u00fancia ou sugira uma reportagem sobre Ribeir\u00e3o Preto e regi\u00e3o pelo WhatsApp: 16 99117 7802.<\/p>\n<p>VEJA TAMB\u00c9M<br \/>Quais foram os cargos menos disputados do CNU?<\/p>\n<p><!-- CONTENT END 1 -->\n<\/div>\n<p><br \/>\n<br \/><a href=\"https:\/\/www.acidadeon.com\/ribeiraopreto\/cotidiano\/eptv-comemora-aniversario-de-45-anos-com-episodio-especial-do-globo-reporter\/\">Source link <\/a><\/p>\n","protected":false},"excerpt":{"rendered":"<p>A EPTV, emissora do Grupo EP e afiliada \u00e0 Globo, comemora seu anivers\u00e1rio de 45 anos dia 1\u00ba de outubro com um epis\u00f3dio especial no&#8230;<\/p>\n","protected":false},"author":1,"featured_media":68335,"comment_status":"open","ping_status":"open","sticky":false,"template":"","format":"standard","meta":{"_uag_custom_page_level_css":"","advanced_seo_description":"","jetpack_seo_html_title":"","jetpack_seo_noindex":false,"jetpack_post_was_ever_published":false,"_jetpack_newsletter_access":"","_jetpack_dont_email_post_to_subs":false,"_jetpack_newsletter_tier_id":0,"_jetpack_memberships_contains_paywalled_content":false,"_jetpack_memberships_contains_paid_content":false,"footnotes":"","jetpack_publicize_message":"","jetpack_publicize_feature_enabled":true,"jetpack_social_post_already_shared":true,"jetpack_social_options":{"image_generator_settings":{"template":"highway","default_image_id":0,"font":"","enabled":false},"version":2}},"categories":[11],"tags":[],"class_list":["post-68334","post","type-post","status-publish","format-standard","has-post-thumbnail","hentry","category-noticias-de-ribeirao-preto-sp-e-regiao-ismael-colosi"],"jetpack_publicize_connections":[],"jetpack_featured_media_url":"https:\/\/i0.wp.com\/ismaelcolosi.com.br\/wp-content\/uploads\/2024\/09\/eptv_2024-09-28_15-04-44_jpg_2024-09-28_15-04-44.webp.webp?fit=1280%2C960&ssl=1","uagb_featured_image_src":{"full":["https:\/\/i0.wp.com\/ismaelcolosi.com.br\/wp-content\/uploads\/2024\/09\/eptv_2024-09-28_15-04-44_jpg_2024-09-28_15-04-44.webp.webp?fit=1280%2C960&ssl=1",1280,960,false],"thumbnail":["https:\/\/i0.wp.com\/ismaelcolosi.com.br\/wp-content\/uploads\/2024\/09\/eptv_2024-09-28_15-04-44_jpg_2024-09-28_15-04-44.webp.webp?resize=150%2C150&ssl=1",150,150,true],"medium":["https:\/\/i0.wp.com\/ismaelcolosi.com.br\/wp-content\/uploads\/2024\/09\/eptv_2024-09-28_15-04-44_jpg_2024-09-28_15-04-44.webp.webp?fit=300%2C225&ssl=1",300,225,true],"medium_large":["https:\/\/i0.wp.com\/ismaelcolosi.com.br\/wp-content\/uploads\/2024\/09\/eptv_2024-09-28_15-04-44_jpg_2024-09-28_15-04-44.webp.webp?fit=768%2C576&ssl=1",768,576,true],"large":["https:\/\/i0.wp.com\/ismaelcolosi.com.br\/wp-content\/uploads\/2024\/09\/eptv_2024-09-28_15-04-44_jpg_2024-09-28_15-04-44.webp.webp?fit=1024%2C768&ssl=1",1024,768,true],"1536x1536":["https:\/\/i0.wp.com\/ismaelcolosi.com.br\/wp-content\/uploads\/2024\/09\/eptv_2024-09-28_15-04-44_jpg_2024-09-28_15-04-44.webp.webp?fit=1280%2C960&ssl=1",1280,960,true],"2048x2048":["https:\/\/i0.wp.com\/ismaelcolosi.com.br\/wp-content\/uploads\/2024\/09\/eptv_2024-09-28_15-04-44_jpg_2024-09-28_15-04-44.webp.webp?fit=1280%2C960&ssl=1",1280,960,true],"really-simple-thumb":["https:\/\/i0.wp.com\/ismaelcolosi.com.br\/wp-content\/uploads\/2024\/09\/eptv_2024-09-28_15-04-44_jpg_2024-09-28_15-04-44.webp.webp?resize=370%2C247&ssl=1",370,247,true]},"uagb_author_info":{"display_name":"ismaelcolosi.com.br","author_link":"https:\/\/ismaelcolosi.com.br\/index.php\/author\/vidareal-online\/"},"uagb_comment_info":0,"uagb_excerpt":"A EPTV, emissora do Grupo EP e afiliada \u00e0 Globo, comemora seu anivers\u00e1rio de 45 anos dia 1\u00ba de outubro com um epis\u00f3dio especial no...","jetpack-related-posts":[{"id":70638,"url":"https:\/\/ismaelcolosi.com.br\/index.php\/2024\/10\/11\/mais-caminhos-da-eptv-estreia-serie-especial-de-aniversario-de-10-anos\/","url_meta":{"origin":68334,"position":0},"title":"Mais Caminhos, da EPTV, estreia s\u00e9rie especial de anivers\u00e1rio de 10 anos","author":"ismaelcolosi.com.br","date":"11 de October de 2024","format":false,"excerpt":"Para comemorar o anivers\u00e1rio de 10 anos, o Mais Caminhos, da EPTV, estreia neste s\u00e1bado (12) uma s\u00e9rie especial, com dois epis\u00f3dios, que destaca as diferentes hist\u00f3rias e curiosidades da regi\u00e3o de cobertura da emissora. Tamb\u00e9m neste m\u00eas de outubro, a EPTV completou 45 anos. O segundo epis\u00f3dio da s\u00e9rie\u2026","rel":"","context":"In &quot;Not\u00edcias de Ribeir\u00e3o Preto-SP e Regi\u00e3o&quot;","block_context":{"text":"Not\u00edcias de Ribeir\u00e3o Preto-SP e Regi\u00e3o","link":"https:\/\/ismaelcolosi.com.br\/index.php\/category\/noticias-de-ribeirao-preto-sp-e-regiao-ismael-colosi\/"},"img":{"alt_text":"","src":"https:\/\/i0.wp.com\/ismaelcolosi.com.br\/wp-content\/uploads\/2024\/10\/mais-caminhos-2_2024-10-11_15-36-55_jpg_2024-10-11_15-36-55.webp.webp?fit=1200%2C909&ssl=1&resize=350%2C200","width":350,"height":200,"srcset":"https:\/\/i0.wp.com\/ismaelcolosi.com.br\/wp-content\/uploads\/2024\/10\/mais-caminhos-2_2024-10-11_15-36-55_jpg_2024-10-11_15-36-55.webp.webp?fit=1200%2C909&ssl=1&resize=350%2C200 1x, https:\/\/i0.wp.com\/ismaelcolosi.com.br\/wp-content\/uploads\/2024\/10\/mais-caminhos-2_2024-10-11_15-36-55_jpg_2024-10-11_15-36-55.webp.webp?fit=1200%2C909&ssl=1&resize=525%2C300 1.5x, https:\/\/i0.wp.com\/ismaelcolosi.com.br\/wp-content\/uploads\/2024\/10\/mais-caminhos-2_2024-10-11_15-36-55_jpg_2024-10-11_15-36-55.webp.webp?fit=1200%2C909&ssl=1&resize=700%2C400 2x, https:\/\/i0.wp.com\/ismaelcolosi.com.br\/wp-content\/uploads\/2024\/10\/mais-caminhos-2_2024-10-11_15-36-55_jpg_2024-10-11_15-36-55.webp.webp?fit=1200%2C909&ssl=1&resize=1050%2C600 3x"},"classes":[]},{"id":70569,"url":"https:\/\/ismaelcolosi.com.br\/index.php\/2024\/10\/11\/mais-caminhos-da-eptv-estreia-serie-especial-de-aniversarios-de-10-anos\/","url_meta":{"origin":68334,"position":1},"title":"Mais Caminhos, da EPTV, estreia s\u00e9rie especial de anivers\u00e1rios de 10 anos","author":"ismaelcolosi.com.br","date":"11 de October de 2024","format":false,"excerpt":"Para comemorar o anivers\u00e1rio de 10 anos, o Mais Caminhos, da EPTV, estreia neste s\u00e1bado (12) uma s\u00e9rie especial, com dois epis\u00f3dios, que destaca as diferentes hist\u00f3rias e curiosidades da regi\u00e3o de cobertura da emissora. Tamb\u00e9m neste m\u00eas de outubro, a EPTV completou 45 anos. O segundo epis\u00f3dio da s\u00e9rie\u2026","rel":"","context":"In &quot;Not\u00edcias de Ribeir\u00e3o Preto-SP e Regi\u00e3o&quot;","block_context":{"text":"Not\u00edcias de Ribeir\u00e3o Preto-SP e Regi\u00e3o","link":"https:\/\/ismaelcolosi.com.br\/index.php\/category\/noticias-de-ribeirao-preto-sp-e-regiao-ismael-colosi\/"},"img":{"alt_text":"","src":"https:\/\/i0.wp.com\/ismaelcolosi.com.br\/wp-content\/uploads\/2024\/10\/mais-caminhos-2_2024-10-11_15-36-55_jpg_2024-10-11_15-36-55.webp.webp?fit=1200%2C909&ssl=1&resize=350%2C200","width":350,"height":200,"srcset":"https:\/\/i0.wp.com\/ismaelcolosi.com.br\/wp-content\/uploads\/2024\/10\/mais-caminhos-2_2024-10-11_15-36-55_jpg_2024-10-11_15-36-55.webp.webp?fit=1200%2C909&ssl=1&resize=350%2C200 1x, https:\/\/i0.wp.com\/ismaelcolosi.com.br\/wp-content\/uploads\/2024\/10\/mais-caminhos-2_2024-10-11_15-36-55_jpg_2024-10-11_15-36-55.webp.webp?fit=1200%2C909&ssl=1&resize=525%2C300 1.5x, https:\/\/i0.wp.com\/ismaelcolosi.com.br\/wp-content\/uploads\/2024\/10\/mais-caminhos-2_2024-10-11_15-36-55_jpg_2024-10-11_15-36-55.webp.webp?fit=1200%2C909&ssl=1&resize=700%2C400 2x, https:\/\/i0.wp.com\/ismaelcolosi.com.br\/wp-content\/uploads\/2024\/10\/mais-caminhos-2_2024-10-11_15-36-55_jpg_2024-10-11_15-36-55.webp.webp?fit=1200%2C909&ssl=1&resize=1050%2C600 3x"},"classes":[]},{"id":71972,"url":"https:\/\/ismaelcolosi.com.br\/index.php\/2024\/10\/18\/globo-reporter-exibe-coproducao-da-eptv-sobre-o-universo-dos-temperos\/","url_meta":{"origin":68334,"position":2},"title":"Globo Rep\u00f3rter exibe coprodu\u00e7\u00e3o da EPTV sobre o universo dos temperos","author":"ismaelcolosi.com.br","date":"18 de October de 2024","format":false,"excerpt":"A EPTV, emissora do Grupo EP e afiliada da TV Globo, exibe nesta sexta-feira (18), uma coprodu\u00e7\u00e3o com o Globo Rep\u00f3rter que revela o universo dos temperos nas regi\u00f5es de Ribeir\u00e3o Preto e Campinas, onde se concentram algumas das planta\u00e7\u00f5es mais importantes do pa\u00eds. A reportagem \u00e9 fruto de um\u2026","rel":"","context":"In &quot;Not\u00edcias de Ribeir\u00e3o Preto-SP e Regi\u00e3o&quot;","block_context":{"text":"Not\u00edcias de Ribeir\u00e3o Preto-SP e Regi\u00e3o","link":"https:\/\/ismaelcolosi.com.br\/index.php\/category\/noticias-de-ribeirao-preto-sp-e-regiao-ismael-colosi\/"},"img":{"alt_text":"","src":"https:\/\/i0.wp.com\/ismaelcolosi.com.br\/wp-content\/uploads\/2024\/10\/Copia-de-Copia-de-Copia-de-TAMANHO-EXATO-PARA-FOTOS-NO-SISTEMA-NOVO-2024-10-18T155300.251_2024-10-18_18-53-20_png_2024-10-18_18-53-20.webp.webp?fit=1200%2C675&ssl=1&resize=350%2C200","width":350,"height":200,"srcset":"https:\/\/i0.wp.com\/ismaelcolosi.com.br\/wp-content\/uploads\/2024\/10\/Copia-de-Copia-de-Copia-de-TAMANHO-EXATO-PARA-FOTOS-NO-SISTEMA-NOVO-2024-10-18T155300.251_2024-10-18_18-53-20_png_2024-10-18_18-53-20.webp.webp?fit=1200%2C675&ssl=1&resize=350%2C200 1x, https:\/\/i0.wp.com\/ismaelcolosi.com.br\/wp-content\/uploads\/2024\/10\/Copia-de-Copia-de-Copia-de-TAMANHO-EXATO-PARA-FOTOS-NO-SISTEMA-NOVO-2024-10-18T155300.251_2024-10-18_18-53-20_png_2024-10-18_18-53-20.webp.webp?fit=1200%2C675&ssl=1&resize=525%2C300 1.5x, https:\/\/i0.wp.com\/ismaelcolosi.com.br\/wp-content\/uploads\/2024\/10\/Copia-de-Copia-de-Copia-de-TAMANHO-EXATO-PARA-FOTOS-NO-SISTEMA-NOVO-2024-10-18T155300.251_2024-10-18_18-53-20_png_2024-10-18_18-53-20.webp.webp?fit=1200%2C675&ssl=1&resize=700%2C400 2x, https:\/\/i0.wp.com\/ismaelcolosi.com.br\/wp-content\/uploads\/2024\/10\/Copia-de-Copia-de-Copia-de-TAMANHO-EXATO-PARA-FOTOS-NO-SISTEMA-NOVO-2024-10-18T155300.251_2024-10-18_18-53-20_png_2024-10-18_18-53-20.webp.webp?fit=1200%2C675&ssl=1&resize=1050%2C600 3x"},"classes":[]},{"id":68352,"url":"https:\/\/ismaelcolosi.com.br\/index.php\/2024\/09\/29\/veja-como-comprar-ingressos-para-show-de-roberto-carlos-em-ribeirao-preto\/","url_meta":{"origin":68334,"position":3},"title":"Veja como comprar ingressos para show de Roberto Carlos em Ribeir\u00e3o Preto","author":"ismaelcolosi.com.br","date":"29 de September de 2024","format":false,"excerpt":"O cantor Roberto Carlos traz seu novo show para Ribeir\u00e3o Preto no dia 21 de dezembro e os ingressos j\u00e1 est\u00e3o dispon\u00edveis \u2013 veja abaixo. A apresenta\u00e7\u00e3o acontece no centro de eventos Multiplan Hall, no Ribeir\u00e3o Shopping, na zona Sul do munic\u00edpio. A turn\u00ea \u201cEu ofere\u00e7o flores 2024\u201d apresenta diversos\u2026","rel":"","context":"In &quot;Not\u00edcias de Ribeir\u00e3o Preto-SP e Regi\u00e3o&quot;","block_context":{"text":"Not\u00edcias de Ribeir\u00e3o Preto-SP e Regi\u00e3o","link":"https:\/\/ismaelcolosi.com.br\/index.php\/category\/noticias-de-ribeirao-preto-sp-e-regiao-ismael-colosi\/"},"img":{"alt_text":"","src":"https:\/\/i0.wp.com\/ismaelcolosi.com.br\/wp-content\/uploads\/2024\/09\/roberto-carlos-cantor.jpg?fit=1200%2C789&ssl=1&resize=350%2C200","width":350,"height":200,"srcset":"https:\/\/i0.wp.com\/ismaelcolosi.com.br\/wp-content\/uploads\/2024\/09\/roberto-carlos-cantor.jpg?fit=1200%2C789&ssl=1&resize=350%2C200 1x, https:\/\/i0.wp.com\/ismaelcolosi.com.br\/wp-content\/uploads\/2024\/09\/roberto-carlos-cantor.jpg?fit=1200%2C789&ssl=1&resize=525%2C300 1.5x, https:\/\/i0.wp.com\/ismaelcolosi.com.br\/wp-content\/uploads\/2024\/09\/roberto-carlos-cantor.jpg?fit=1200%2C789&ssl=1&resize=700%2C400 2x, https:\/\/i0.wp.com\/ismaelcolosi.com.br\/wp-content\/uploads\/2024\/09\/roberto-carlos-cantor.jpg?fit=1200%2C789&ssl=1&resize=1050%2C600 3x"},"classes":[]},{"id":68862,"url":"https:\/\/ismaelcolosi.com.br\/index.php\/2024\/10\/02\/tudo-sobre-o-debate-da-eptv-entre-os-candidatos-a-prefeitura-de-ribeirao-preto\/","url_meta":{"origin":68334,"position":4},"title":"Tudo sobre o debate da EPTV entre os candidatos \u00e0 Prefeitura de Ribeir\u00e3o Preto","author":"ismaelcolosi.com.br","date":"2 de October de 2024","format":false,"excerpt":"O debate da EPTV entre os candidatos \u00e0 Prefeitura de Ribeir\u00e3o Preto acontece nesta quinta-feira (3), \u00e0s 22h. O embate ser\u00e1 exibido ao vivo pela EPTV Ribeir\u00e3o e transmitido no portal g1 Ribeir\u00e3o Preto, CBN Ribeir\u00e3o Preto e site do portal acidade on Ribeir\u00e3o Preto. Participam do debate os candidatos\u2026","rel":"","context":"In &quot;Not\u00edcias de Ribeir\u00e3o Preto-SP e Regi\u00e3o&quot;","block_context":{"text":"Not\u00edcias de Ribeir\u00e3o Preto-SP e Regi\u00e3o","link":"https:\/\/ismaelcolosi.com.br\/index.php\/category\/noticias-de-ribeirao-preto-sp-e-regiao-ismael-colosi\/"},"img":{"alt_text":"","src":"https:\/\/i0.wp.com\/ismaelcolosi.com.br\/wp-content\/uploads\/2024\/09\/eleicoes-2024_2024-09-22_18-03-07_jpeg_2024-09-22_18-03-07.webp.webp?fit=1200%2C674&ssl=1&resize=350%2C200","width":350,"height":200,"srcset":"https:\/\/i0.wp.com\/ismaelcolosi.com.br\/wp-content\/uploads\/2024\/09\/eleicoes-2024_2024-09-22_18-03-07_jpeg_2024-09-22_18-03-07.webp.webp?fit=1200%2C674&ssl=1&resize=350%2C200 1x, https:\/\/i0.wp.com\/ismaelcolosi.com.br\/wp-content\/uploads\/2024\/09\/eleicoes-2024_2024-09-22_18-03-07_jpeg_2024-09-22_18-03-07.webp.webp?fit=1200%2C674&ssl=1&resize=525%2C300 1.5x, https:\/\/i0.wp.com\/ismaelcolosi.com.br\/wp-content\/uploads\/2024\/09\/eleicoes-2024_2024-09-22_18-03-07_jpeg_2024-09-22_18-03-07.webp.webp?fit=1200%2C674&ssl=1&resize=700%2C400 2x, https:\/\/i0.wp.com\/ismaelcolosi.com.br\/wp-content\/uploads\/2024\/09\/eleicoes-2024_2024-09-22_18-03-07_jpeg_2024-09-22_18-03-07.webp.webp?fit=1200%2C674&ssl=1&resize=1050%2C600 3x"},"classes":[]},{"id":67884,"url":"https:\/\/ismaelcolosi.com.br\/index.php\/2024\/09\/25\/confira-a-agenda-dos-candidatos-a-prefeitura-de-ribeirao-preto-nesta-quinta-feira-26\/","url_meta":{"origin":68334,"position":5},"title":"Confira a agenda dos candidatos \u00e0 Prefeitura de Ribeir\u00e3o Preto nesta quinta-feira (26)","author":"ismaelcolosi.com.br","date":"25 de September de 2024","format":false,"excerpt":"Os candidatos \u00e0\u00a0Prefeitura de Ribeir\u00e3o Preto\u00a0divulgaram suas agendas de campanha para esta quinta-feira (26). O per\u00edodo de propaganda eleitoral come\u00e7ou no dia 16 de agosto, portanto, candidatos podem apresentar \u00e0s eleitoras e aos eleitores suas ideias e propostas. A publicidade das candidaturas pode ser feita na internet, na rua, na\u2026","rel":"","context":"In &quot;Not\u00edcias de Ribeir\u00e3o Preto-SP e Regi\u00e3o&quot;","block_context":{"text":"Not\u00edcias de Ribeir\u00e3o Preto-SP e Regi\u00e3o","link":"https:\/\/ismaelcolosi.com.br\/index.php\/category\/noticias-de-ribeirao-preto-sp-e-regiao-ismael-colosi\/"},"img":{"alt_text":"","src":"https:\/\/i0.wp.com\/ismaelcolosi.com.br\/wp-content\/uploads\/2024\/09\/WhatsApp-Image-2023-12-11-at-11.28.049.jpeg?fit=1150%2C614&ssl=1&resize=350%2C200","width":350,"height":200,"srcset":"https:\/\/i0.wp.com\/ismaelcolosi.com.br\/wp-content\/uploads\/2024\/09\/WhatsApp-Image-2023-12-11-at-11.28.049.jpeg?fit=1150%2C614&ssl=1&resize=350%2C200 1x, https:\/\/i0.wp.com\/ismaelcolosi.com.br\/wp-content\/uploads\/2024\/09\/WhatsApp-Image-2023-12-11-at-11.28.049.jpeg?fit=1150%2C614&ssl=1&resize=525%2C300 1.5x, https:\/\/i0.wp.com\/ismaelcolosi.com.br\/wp-content\/uploads\/2024\/09\/WhatsApp-Image-2023-12-11-at-11.28.049.jpeg?fit=1150%2C614&ssl=1&resize=700%2C400 2x, https:\/\/i0.wp.com\/ismaelcolosi.com.br\/wp-content\/uploads\/2024\/09\/WhatsApp-Image-2023-12-11-at-11.28.049.jpeg?fit=1150%2C614&ssl=1&resize=1050%2C600 3x"},"classes":[]}],"jetpack_sharing_enabled":true,"jetpack_shortlink":"https:\/\/wp.me\/pfMlyK-hMa","_links":{"self":[{"href":"https:\/\/ismaelcolosi.com.br\/index.php\/wp-json\/wp\/v2\/posts\/68334","targetHints":{"allow":["GET"]}}],"collection":[{"href":"https:\/\/ismaelcolosi.com.br\/index.php\/wp-json\/wp\/v2\/posts"}],"about":[{"href":"https:\/\/ismaelcolosi.com.br\/index.php\/wp-json\/wp\/v2\/types\/post"}],"author":[{"embeddable":true,"href":"https:\/\/ismaelcolosi.com.br\/index.php\/wp-json\/wp\/v2\/users\/1"}],"replies":[{"embeddable":true,"href":"https:\/\/ismaelcolosi.com.br\/index.php\/wp-json\/wp\/v2\/comments?post=68334"}],"version-history":[{"count":0,"href":"https:\/\/ismaelcolosi.com.br\/index.php\/wp-json\/wp\/v2\/posts\/68334\/revisions"}],"wp:featuredmedia":[{"embeddable":true,"href":"https:\/\/ismaelcolosi.com.br\/index.php\/wp-json\/wp\/v2\/media\/68335"}],"wp:attachment":[{"href":"https:\/\/ismaelcolosi.com.br\/index.php\/wp-json\/wp\/v2\/media?parent=68334"}],"wp:term":[{"taxonomy":"category","embeddable":true,"href":"https:\/\/ismaelcolosi.com.br\/index.php\/wp-json\/wp\/v2\/categories?post=68334"},{"taxonomy":"post_tag","embeddable":true,"href":"https:\/\/ismaelcolosi.com.br\/index.php\/wp-json\/wp\/v2\/tags?post=68334"}],"curies":[{"name":"wp","href":"https:\/\/api.w.org\/{rel}","templated":true}]}}