{"id":68331,"date":"2024-09-29T08:13:09","date_gmt":"2024-09-29T11:13:09","guid":{"rendered":"https:\/\/ismaelcolosi.com.br\/index.php\/2024\/09\/29\/prevencao-de-fraudes-em-condominios-medidas-essenciais-para-garantir-a-transparencia-e-a-seguranca-financeira\/"},"modified":"2024-09-29T08:13:09","modified_gmt":"2024-09-29T11:13:09","slug":"prevencao-de-fraudes-em-condominios-medidas-essenciais-para-garantir-a-transparencia-e-a-seguranca-financeira","status":"publish","type":"post","link":"https:\/\/ismaelcolosi.com.br\/index.php\/2024\/09\/29\/prevencao-de-fraudes-em-condominios-medidas-essenciais-para-garantir-a-transparencia-e-a-seguranca-financeira\/","title":{"rendered":"Preven\u00e7\u00e3o de fraudes em condom\u00ednios: Medidas essenciais para garantir a transpar\u00eancia e a seguran\u00e7a financeira"},"content":{"rendered":"<p> <br \/>\n<\/p>\n<div>\n<p>Conforme amplamente divulgado nas m\u00eddias, um ex-s\u00edndico de um condom\u00ednio no bairro Jardim Goi\u00e1s foi preso preventivamente na \u00faltima quinta-feira (19\/09\/24), <mark style=\"background-color:#fcb900\" class=\"has-inline-color has-black-color\">acusado de desviar cerca de R$ 1,5 milh\u00e3o dos cofres do condom\u00ednio<\/mark>.\u00a0<\/p>\n<p>Segundo a Pol\u00edcia Civil, o homem, de 38 anos, utilizou documentos falsos para obter empr\u00e9stimos fraudulentos junto a institui\u00e7\u00f5es financeiras, transferindo os valores para a conta de um s\u00f3cio e utilizando-os para a compra de carros de luxo.<\/p>\n<p>Durante o per\u00edodo em que atuou como s\u00edndico, o suspeito falsificou atas de assembleias e assinaturas de moradores para simular a aprova\u00e7\u00e3o de empr\u00e9stimos banc\u00e1rios.\u00a0<\/p>\n<p><a href=\"https:\/\/g1.globo.com\/go\/goias\/noticia\/2024\/09\/20\/ex-sindico-e-preso-suspeito-de-desviar-valores-milionarios-de-condominio-em-goiania.ghtml\">As investiga\u00e7\u00f5es apontam que, entre dezembro de 2023 e junho de 2024, ele conseguiu desviar um total de R$ 3 milh\u00f5es<\/a>.\u00a0A opera\u00e7\u00e3o policial resultou na apreens\u00e3o de ve\u00edculos, celulares, computadores e documentos, al\u00e9m do sequestro de mais de R$ 4 milh\u00f5es em bens.<\/p>\n<h4 class=\"wp-block-heading\"><strong>Medidas para evitar golpes semelhantes<\/strong><\/h4>\n<p>Diante do fato, para evitar que situa\u00e7\u00f5es como essa se repitam, os cond\u00f4minos devem adotar algumas medidas preventivas, tais como:<\/p>\n<p><strong>Transpar\u00eancia e Comunica\u00e7\u00e3o: <\/strong>\u00c9 fundamental que todas as decis\u00f5es financeiras sejam comunicadas de forma clara e transparente aos moradores. Assembleias regulares e bem documentadas ajudam a manter todos informados sobre as finan\u00e7as do condom\u00ednio.<\/p>\n<p><strong>Auditorias Regulares: <\/strong>Contratar auditorias independentes para revisar as contas do condom\u00ednio periodicamente pode identificar irregularidades antes que se tornem problemas maiores.<\/p>\n<p><strong>Controle de Acesso a Documentos: <\/strong>Limitar o acesso a documentos financeiros e administrativos apenas a pessoas autorizadas e manter registros detalhados de todas as transa\u00e7\u00f5es.<\/p>\n<p><strong>Participa\u00e7\u00e3o Ativa dos Moradores e Conselho Fiscal: <\/strong>Incentivar a participa\u00e7\u00e3o dos moradores nas assembleias e nas decis\u00f5es do condom\u00ednio. Quanto mais envolvidos os moradores e conselheiros estiverem, menor a chance de fraudes passarem despercebidas.<\/p>\n<p><strong>Verifica\u00e7\u00e3o de Antecedentes: <\/strong>Antes de eleger um s\u00edndico, \u00e9 importante verificar seus antecedentes e refer\u00eancias. Um hist\u00f3rico limpo pode ser um indicativo de confiabilidade.<\/p>\n<p><strong>Uso de Tecnologia: <\/strong>Implementar sistemas de gest\u00e3o financeira que permitam o acompanhamento em tempo real das finan\u00e7as do condom\u00ednio. Softwares espec\u00edficos para administra\u00e7\u00e3o condominial podem facilitar a transpar\u00eancia e o controle.<\/p>\n<p><strong>Educa\u00e7\u00e3o Financeira: <\/strong>Promover a educa\u00e7\u00e3o financeira entre os moradores para que todos entendam a import\u00e2ncia de uma gest\u00e3o transparente e eficiente dos recursos do condom\u00ednio.<\/p>\n<p>A pris\u00e3o do ex-s\u00edndico em Goi\u00e2nia serve como um alerta para a import\u00e2ncia da transpar\u00eancia e da participa\u00e7\u00e3o ativa dos moradores na gest\u00e3o dos condom\u00ednios. Adotar medidas preventivas pode n\u00e3o apenas evitar fraudes, mas tamb\u00e9m garantir uma administra\u00e7\u00e3o mais eficiente e segura para todos.<\/p>\n<p>SAIBA MAIS<br \/>Saiba qual o estado de sa\u00fade de filhote resgatado nos inc\u00eandios do interior de SP<\/p>\n<h4 class=\"wp-block-heading\"><strong>FIQUE ON<\/strong><\/h4>\n<p>Fique ligado em tudo que acontece em Ribeir\u00e3o Preto e regi\u00e3o. Siga os perfis do <strong>acidade on<\/strong> no Instagram e no Facebook.<\/p>\n<p>Receba not\u00edcias do<strong> acidade on <\/strong>no WhatsApp. <a href=\"https:\/\/chat.whatsapp.com\/Dtv9mxhy6V5BJBotM2OQ5k\" target=\"_blank\" rel=\"noreferrer noopener nofollow\">Para entrar no grupo, basta clicar aqui.<\/a><\/p>\n<p>Fa\u00e7a uma den\u00fancia ou sugira uma reportagem sobre Ribeir\u00e3o Preto e regi\u00e3o pelo WhatsApp: 16 99117 7802.<\/p>\n<p>VEJA TAMB\u00c9M<br \/>Quais foram os cargos menos disputados do CNU?<\/p>\n<p><!-- CONTENT END 1 -->\n<\/div>\n<p><br \/>\n<br \/><a href=\"https:\/\/www.acidadeon.com\/ribeiraopreto\/cotidiano\/colunistas-ribeirao-preto\/prevencao-de-fraudes-em-condominios-medidas-essenciais-para-garantir-a-transparencia-e-a-seguranca-financeira\/\">Source link <\/a><\/p>\n","protected":false},"excerpt":{"rendered":"<p>Conforme amplamente divulgado nas m\u00eddias, um ex-s\u00edndico de um condom\u00ednio no bairro Jardim Goi\u00e1s foi preso preventivamente na \u00faltima quinta-feira (19\/09\/24), acusado de desviar cerca&#8230;<\/p>\n","protected":false},"author":1,"featured_media":40369,"comment_status":"open","ping_status":"open","sticky":false,"template":"","format":"standard","meta":{"_uag_custom_page_level_css":"","advanced_seo_description":"","jetpack_seo_html_title":"","jetpack_seo_noindex":false,"jetpack_post_was_ever_published":false,"_jetpack_newsletter_access":"","_jetpack_dont_email_post_to_subs":false,"_jetpack_newsletter_tier_id":0,"_jetpack_memberships_contains_paywalled_content":false,"_jetpack_memberships_contains_paid_content":false,"footnotes":"","jetpack_publicize_message":"","jetpack_publicize_feature_enabled":true,"jetpack_social_post_already_shared":true,"jetpack_social_options":{"image_generator_settings":{"template":"highway","default_image_id":0,"font":"","enabled":false},"version":2}},"categories":[11],"tags":[],"class_list":["post-68331","post","type-post","status-publish","format-standard","has-post-thumbnail","hentry","category-noticias-de-ribeirao-preto-sp-e-regiao-ismael-colosi"],"jetpack_publicize_connections":[],"jetpack_featured_media_url":"https:\/\/i0.wp.com\/ismaelcolosi.com.br\/wp-content\/uploads\/2024\/03\/AnyConv.com__WhatsApp-Image-2024-02-29-at-15.18.26.webp.webp?fit=640%2C405&ssl=1","uagb_featured_image_src":{"full":["https:\/\/i0.wp.com\/ismaelcolosi.com.br\/wp-content\/uploads\/2024\/03\/AnyConv.com__WhatsApp-Image-2024-02-29-at-15.18.26.webp.webp?fit=640%2C405&ssl=1",640,405,false],"thumbnail":["https:\/\/i0.wp.com\/ismaelcolosi.com.br\/wp-content\/uploads\/2024\/03\/AnyConv.com__WhatsApp-Image-2024-02-29-at-15.18.26.webp.webp?resize=150%2C150&ssl=1",150,150,true],"medium":["https:\/\/i0.wp.com\/ismaelcolosi.com.br\/wp-content\/uploads\/2024\/03\/AnyConv.com__WhatsApp-Image-2024-02-29-at-15.18.26.webp.webp?fit=300%2C190&ssl=1",300,190,true],"medium_large":["https:\/\/i0.wp.com\/ismaelcolosi.com.br\/wp-content\/uploads\/2024\/03\/AnyConv.com__WhatsApp-Image-2024-02-29-at-15.18.26.webp.webp?fit=640%2C405&ssl=1",640,405,true],"large":["https:\/\/i0.wp.com\/ismaelcolosi.com.br\/wp-content\/uploads\/2024\/03\/AnyConv.com__WhatsApp-Image-2024-02-29-at-15.18.26.webp.webp?fit=640%2C405&ssl=1",640,405,true],"1536x1536":["https:\/\/i0.wp.com\/ismaelcolosi.com.br\/wp-content\/uploads\/2024\/03\/AnyConv.com__WhatsApp-Image-2024-02-29-at-15.18.26.webp.webp?fit=640%2C405&ssl=1",640,405,true],"2048x2048":["https:\/\/i0.wp.com\/ismaelcolosi.com.br\/wp-content\/uploads\/2024\/03\/AnyConv.com__WhatsApp-Image-2024-02-29-at-15.18.26.webp.webp?fit=640%2C405&ssl=1",640,405,true],"really-simple-thumb":["https:\/\/i0.wp.com\/ismaelcolosi.com.br\/wp-content\/uploads\/2024\/03\/AnyConv.com__WhatsApp-Image-2024-02-29-at-15.18.26.webp.webp?resize=370%2C247&ssl=1",370,247,true]},"uagb_author_info":{"display_name":"ismaelcolosi.com.br","author_link":"https:\/\/ismaelcolosi.com.br\/index.php\/author\/vidareal-online\/"},"uagb_comment_info":0,"uagb_excerpt":"Conforme amplamente divulgado nas m\u00eddias, um ex-s\u00edndico de um condom\u00ednio no bairro Jardim Goi\u00e1s foi preso preventivamente na \u00faltima quinta-feira (19\/09\/24), acusado de desviar cerca...","jetpack-related-posts":[{"id":63286,"url":"https:\/\/ismaelcolosi.com.br\/index.php\/2024\/09\/01\/responsabilidade-do-sindico-com-as-correspondencias-do-condominio\/","url_meta":{"origin":68331,"position":0},"title":"Responsabilidade do s\u00edndico com as correspond\u00eancias do condom\u00ednio","author":"ismaelcolosi.com.br","date":"1 de September de 2024","format":false,"excerpt":"A figura do s\u00edndico em um condom\u00ednio \u00e9 revestida de uma s\u00e9rie de responsabilidades, as quais est\u00e3o intimamente ligadas \u00e0 administra\u00e7\u00e3o e gest\u00e3o dos interesses comuns dos cond\u00f4minos. Dentre essas responsabilidades, destaca-se o tratamento das correspond\u00eancias que chegam ao condom\u00ednio, o que envolve quest\u00f5es de seguran\u00e7a, privacidade e efici\u00eancia na\u2026","rel":"","context":"In &quot;Not\u00edcias de Ribeir\u00e3o Preto-SP e Regi\u00e3o&quot;","block_context":{"text":"Not\u00edcias de Ribeir\u00e3o Preto-SP e Regi\u00e3o","link":"https:\/\/ismaelcolosi.com.br\/index.php\/category\/noticias-de-ribeirao-preto-sp-e-regiao-ismael-colosi\/"},"img":{"alt_text":"","src":"https:\/\/i0.wp.com\/ismaelcolosi.com.br\/wp-content\/uploads\/2024\/03\/AnyConv.com__WhatsApp-Image-2024-02-29-at-15.18.26.webp.webp?fit=640%2C405&ssl=1&resize=350%2C200","width":350,"height":200,"srcset":"https:\/\/i0.wp.com\/ismaelcolosi.com.br\/wp-content\/uploads\/2024\/03\/AnyConv.com__WhatsApp-Image-2024-02-29-at-15.18.26.webp.webp?fit=640%2C405&ssl=1&resize=350%2C200 1x, https:\/\/i0.wp.com\/ismaelcolosi.com.br\/wp-content\/uploads\/2024\/03\/AnyConv.com__WhatsApp-Image-2024-02-29-at-15.18.26.webp.webp?fit=640%2C405&ssl=1&resize=525%2C300 1.5x"},"classes":[]},{"id":57408,"url":"https:\/\/ismaelcolosi.com.br\/index.php\/2024\/07\/21\/gestao-eficiente-e-sustentavel-o-papel-dos-sindicos-na-era-esg\/","url_meta":{"origin":68331,"position":1},"title":"Gest\u00e3o eficiente e sustent\u00e1vel: O papel dos s\u00edndicos na era ESG","author":"ismaelcolosi.com.br","date":"21 de July de 2024","format":false,"excerpt":"A gest\u00e3o de condom\u00ednios tem evolu\u00eddo significativamente nos \u00faltimos anos, incorporando princ\u00edpios de sustentabilidade e governan\u00e7a (ESG) que visam n\u00e3o apenas a efici\u00eancia operacional, mas tamb\u00e9m a responsabilidade ambiental e social. Este novo paradigma \u00e9 crucial para os s\u00edndicos que buscam transformar seus condom\u00ednios em modelos de excel\u00eancia e sustentabilidade.\u2026","rel":"","context":"In &quot;Not\u00edcias de Ribeir\u00e3o Preto-SP e Regi\u00e3o&quot;","block_context":{"text":"Not\u00edcias de Ribeir\u00e3o Preto-SP e Regi\u00e3o","link":"https:\/\/ismaelcolosi.com.br\/index.php\/category\/noticias-de-ribeirao-preto-sp-e-regiao-ismael-colosi\/"},"img":{"alt_text":"","src":"https:\/\/i0.wp.com\/ismaelcolosi.com.br\/wp-content\/uploads\/2024\/03\/AnyConv.com__WhatsApp-Image-2024-02-29-at-15.18.26.webp.webp?fit=640%2C405&ssl=1&resize=350%2C200","width":350,"height":200,"srcset":"https:\/\/i0.wp.com\/ismaelcolosi.com.br\/wp-content\/uploads\/2024\/03\/AnyConv.com__WhatsApp-Image-2024-02-29-at-15.18.26.webp.webp?fit=640%2C405&ssl=1&resize=350%2C200 1x, https:\/\/i0.wp.com\/ismaelcolosi.com.br\/wp-content\/uploads\/2024\/03\/AnyConv.com__WhatsApp-Image-2024-02-29-at-15.18.26.webp.webp?fit=640%2C405&ssl=1&resize=525%2C300 1.5x"},"classes":[]},{"id":45773,"url":"https:\/\/ismaelcolosi.com.br\/index.php\/2024\/04\/07\/proibicao-de-churrascos-em-varandas-de-condominios\/","url_meta":{"origin":68331,"position":2},"title":"Proibi\u00e7\u00e3o de Churrascos em Varandas de Condom\u00ednios","author":"ismaelcolosi.com.br","date":"7 de April de 2024","format":false,"excerpt":"A pr\u00e1tica de realizar churrascos em varandas de condom\u00ednios tem sido objeto de discuss\u00e3o e controv\u00e9rsia em muitas comunidades residenciais em todo o Pa\u00eds. Embora seja uma atividade comum e apreciada por muitos moradores, a falta de estrutura adequada pode gerar conflitos e representar riscos \u00e0 seguran\u00e7a e ao bem-estar\u2026","rel":"","context":"In &quot;Not\u00edcias de Ribeir\u00e3o Preto-SP e Regi\u00e3o&quot;","block_context":{"text":"Not\u00edcias de Ribeir\u00e3o Preto-SP e Regi\u00e3o","link":"https:\/\/ismaelcolosi.com.br\/index.php\/category\/noticias-de-ribeirao-preto-sp-e-regiao-ismael-colosi\/"},"img":{"alt_text":"","src":"https:\/\/i0.wp.com\/ismaelcolosi.com.br\/wp-content\/uploads\/2024\/03\/AnyConv.com__WhatsApp-Image-2024-02-29-at-15.18.26.webp.webp?fit=640%2C405&ssl=1&resize=350%2C200","width":350,"height":200,"srcset":"https:\/\/i0.wp.com\/ismaelcolosi.com.br\/wp-content\/uploads\/2024\/03\/AnyConv.com__WhatsApp-Image-2024-02-29-at-15.18.26.webp.webp?fit=640%2C405&ssl=1&resize=350%2C200 1x, https:\/\/i0.wp.com\/ismaelcolosi.com.br\/wp-content\/uploads\/2024\/03\/AnyConv.com__WhatsApp-Image-2024-02-29-at-15.18.26.webp.webp?fit=640%2C405&ssl=1&resize=525%2C300 1.5x"},"classes":[]},{"id":40368,"url":"https:\/\/ismaelcolosi.com.br\/index.php\/2024\/03\/03\/o-combate-aos-mosquitos-transmissores-de-dengue-nos-condominios\/","url_meta":{"origin":68331,"position":3},"title":"O combate aos mosquitos transmissores de dengue nos condom\u00ednios","author":"ismaelcolosi.com.br","date":"3 de March de 2024","format":false,"excerpt":"A dengue \u00e9 o maior problema de sa\u00fade p\u00fablica que temos hoje no Estado de S\u00e3o Paulo e volta a ser assunto nas assembleias e corredores dos condom\u00ednios. Trata-se de doen\u00e7a infecciosa, de origem viral, transmitida ao homem pela picada de mosquitos, especialmente o Aedes aegypti, caracterizada por febre alta,\u2026","rel":"","context":"In &quot;Not\u00edcias de Ribeir\u00e3o Preto-SP e Regi\u00e3o&quot;","block_context":{"text":"Not\u00edcias de Ribeir\u00e3o Preto-SP e Regi\u00e3o","link":"https:\/\/ismaelcolosi.com.br\/index.php\/category\/noticias-de-ribeirao-preto-sp-e-regiao-ismael-colosi\/"},"img":{"alt_text":"","src":"https:\/\/i0.wp.com\/ismaelcolosi.com.br\/wp-content\/uploads\/2024\/03\/AnyConv.com__WhatsApp-Image-2024-02-29-at-15.18.26.webp.webp?fit=640%2C405&ssl=1&resize=350%2C200","width":350,"height":200,"srcset":"https:\/\/i0.wp.com\/ismaelcolosi.com.br\/wp-content\/uploads\/2024\/03\/AnyConv.com__WhatsApp-Image-2024-02-29-at-15.18.26.webp.webp?fit=640%2C405&ssl=1&resize=350%2C200 1x, https:\/\/i0.wp.com\/ismaelcolosi.com.br\/wp-content\/uploads\/2024\/03\/AnyConv.com__WhatsApp-Image-2024-02-29-at-15.18.26.webp.webp?fit=640%2C405&ssl=1&resize=525%2C300 1.5x"},"classes":[]},{"id":17533,"url":"https:\/\/ismaelcolosi.com.br\/index.php\/2023\/12\/18\/deixar-menor-de-12-anos-sozinha-no-veiculo-ou-em-condominio-pode-dar-multa\/","url_meta":{"origin":68331,"position":4},"title":"Deixar menor de 12 anos sozinho no ve\u00edculo ou em condom\u00ednio pode dar multa","author":"ismaelcolosi.com.br","date":"18 de December de 2023","format":false,"excerpt":"18 de dezembro de 2023 | 16:0318 de dezembro de 2023 | 16:07 0Um projeto de lei que prev\u00ea o pagamento de multa por pais ou respons\u00e1veis que deixarem crian\u00e7a menor de 12 anos sozinha em ve\u00edculos ou em \u00e1reas comuns de condom\u00ednios foi aprovada em uma comiss\u00e3o da C\u00e2mara\u2026","rel":"","context":"In &quot;Not\u00edcias de Ribeir\u00e3o Preto-SP e Regi\u00e3o&quot;","block_context":{"text":"Not\u00edcias de Ribeir\u00e3o Preto-SP e Regi\u00e3o","link":"https:\/\/ismaelcolosi.com.br\/index.php\/category\/noticias-de-ribeirao-preto-sp-e-regiao-ismael-colosi\/"},"img":{"alt_text":"","src":"https:\/\/i0.wp.com\/ismaelcolosi.com.br\/wp-content\/uploads\/2023\/12\/travel_with_child.jpg?fit=600%2C360&ssl=1&resize=350%2C200","width":350,"height":200,"srcset":"https:\/\/i0.wp.com\/ismaelcolosi.com.br\/wp-content\/uploads\/2023\/12\/travel_with_child.jpg?fit=600%2C360&ssl=1&resize=350%2C200 1x, https:\/\/i0.wp.com\/ismaelcolosi.com.br\/wp-content\/uploads\/2023\/12\/travel_with_child.jpg?fit=600%2C360&ssl=1&resize=525%2C300 1.5x"},"classes":[]},{"id":54802,"url":"https:\/\/ismaelcolosi.com.br\/index.php\/2024\/06\/27\/irmao-de-idoso-que-morreu-apos-agressao-em-ribeirao-diz-que-a-vitima-foi-atraida-para-uma-emboscada\/","url_meta":{"origin":68331,"position":5},"title":"Irm\u00e3o de idoso que morreu ap\u00f3s agress\u00e3o em Ribeir\u00e3o diz que a v\u00edtima foi atra\u00edda para uma emboscada","author":"ismaelcolosi.com.br","date":"27 de June de 2024","format":false,"excerpt":"A Pol\u00edcia Civil investiga se a agress\u00e3o que provocou a morte de J\u00falio C\u00e9sar da Silva, de 60 anos, na regi\u00e3o central de Ribeir\u00e3o Preto, foi planejada pelo vizinho da v\u00edtima, o manobrista S\u00e9rgio Salom\u00e3o Fernandes, de 48 anos, principal suspeito pelo crime. O caso aconteceu no cruzamento das ruas\u2026","rel":"","context":"In &quot;Not\u00edcias de Ribeir\u00e3o Preto-SP e Regi\u00e3o&quot;","block_context":{"text":"Not\u00edcias de Ribeir\u00e3o Preto-SP e Regi\u00e3o","link":"https:\/\/ismaelcolosi.com.br\/index.php\/category\/noticias-de-ribeirao-preto-sp-e-regiao-ismael-colosi\/"},"img":{"alt_text":"","src":"https:\/\/i0.wp.com\/ismaelcolosi.com.br\/wp-content\/uploads\/2024\/06\/suspeito-agredir-idoso_2024-06-27_23-46-06_png_2024-06-27_23-46-06.webp.webp?fit=984%2C554&ssl=1&resize=350%2C200","width":350,"height":200,"srcset":"https:\/\/i0.wp.com\/ismaelcolosi.com.br\/wp-content\/uploads\/2024\/06\/suspeito-agredir-idoso_2024-06-27_23-46-06_png_2024-06-27_23-46-06.webp.webp?fit=984%2C554&ssl=1&resize=350%2C200 1x, https:\/\/i0.wp.com\/ismaelcolosi.com.br\/wp-content\/uploads\/2024\/06\/suspeito-agredir-idoso_2024-06-27_23-46-06_png_2024-06-27_23-46-06.webp.webp?fit=984%2C554&ssl=1&resize=525%2C300 1.5x, https:\/\/i0.wp.com\/ismaelcolosi.com.br\/wp-content\/uploads\/2024\/06\/suspeito-agredir-idoso_2024-06-27_23-46-06_png_2024-06-27_23-46-06.webp.webp?fit=984%2C554&ssl=1&resize=700%2C400 2x"},"classes":[]}],"jetpack_sharing_enabled":true,"jetpack_shortlink":"https:\/\/wp.me\/pfMlyK-hM7","_links":{"self":[{"href":"https:\/\/ismaelcolosi.com.br\/index.php\/wp-json\/wp\/v2\/posts\/68331","targetHints":{"allow":["GET"]}}],"collection":[{"href":"https:\/\/ismaelcolosi.com.br\/index.php\/wp-json\/wp\/v2\/posts"}],"about":[{"href":"https:\/\/ismaelcolosi.com.br\/index.php\/wp-json\/wp\/v2\/types\/post"}],"author":[{"embeddable":true,"href":"https:\/\/ismaelcolosi.com.br\/index.php\/wp-json\/wp\/v2\/users\/1"}],"replies":[{"embeddable":true,"href":"https:\/\/ismaelcolosi.com.br\/index.php\/wp-json\/wp\/v2\/comments?post=68331"}],"version-history":[{"count":0,"href":"https:\/\/ismaelcolosi.com.br\/index.php\/wp-json\/wp\/v2\/posts\/68331\/revisions"}],"wp:featuredmedia":[{"embeddable":true,"href":"https:\/\/ismaelcolosi.com.br\/index.php\/wp-json\/wp\/v2\/media\/40369"}],"wp:attachment":[{"href":"https:\/\/ismaelcolosi.com.br\/index.php\/wp-json\/wp\/v2\/media?parent=68331"}],"wp:term":[{"taxonomy":"category","embeddable":true,"href":"https:\/\/ismaelcolosi.com.br\/index.php\/wp-json\/wp\/v2\/categories?post=68331"},{"taxonomy":"post_tag","embeddable":true,"href":"https:\/\/ismaelcolosi.com.br\/index.php\/wp-json\/wp\/v2\/tags?post=68331"}],"curies":[{"name":"wp","href":"https:\/\/api.w.org\/{rel}","templated":true}]}}