{"id":68310,"date":"2024-09-28T22:50:33","date_gmt":"2024-09-29T01:50:33","guid":{"rendered":"https:\/\/ismaelcolosi.com.br\/index.php\/2024\/09\/28\/ao-vivo-acompanhe-o-debate-da-eptv-entre-os-candidatos-a-prefeitura-de-franca\/"},"modified":"2024-09-28T22:50:33","modified_gmt":"2024-09-29T01:50:33","slug":"ao-vivo-acompanhe-o-debate-da-eptv-entre-os-candidatos-a-prefeitura-de-franca","status":"publish","type":"post","link":"https:\/\/ismaelcolosi.com.br\/index.php\/2024\/09\/28\/ao-vivo-acompanhe-o-debate-da-eptv-entre-os-candidatos-a-prefeitura-de-franca\/","title":{"rendered":"AO VIVO: Acompanhe o debate da EPTV entre os candidatos \u00e0 Prefeitura de Franca"},"content":{"rendered":"<p> <br \/>\n<\/p>\n<div data-td-block-uid=\"tdi_106\">\n<div class=\"tdb-block-inner td-fix-index\">\n<p><video id=\"video\" controls=\"\" style=\"width: 100%; max-width: 100%;\"\/><\/p>\n<p>O debate da <strong>EPTV<\/strong> entre os candidatos \u00e0 <strong>Prefeitura de Franca<\/strong> acontece na noite deste <strong>s\u00e1bado (28)<\/strong>, a partir das <strong>23h20<\/strong>. O <strong>acidade on <\/strong>tamb\u00e9m transmite o debate ao vivo \u2013 veja o player acima.<\/p>\n<p>Foram convidados<strong> Alexandre Ferreira (MDB)<\/strong>, <strong>Alexandre Tabah (Novo)<\/strong>, <strong>Dr. Ubiali (PSB)<\/strong>, <strong>Guilherme Cortez (PSOL)<\/strong>, <strong>Jo\u00e3o Rocha (PL) <\/strong>e <strong>Mariana Negri (PT)<\/strong>.<\/p>\n<h4 class=\"wp-block-heading\"><strong>Veja as regras do debate: <\/strong><\/h4>\n<ul>\n<li>1\u00ba bloco com tema livre: candidato pergunta para candidato sem tema pr\u00e9-definido<\/li>\n<\/ul>\n<ul>\n<li>2\u00ba bloco com tema determinado: candidato pergunta para candidato com tema sorteado no momento do debate<\/li>\n<\/ul>\n<ul>\n<li>3\u00ba bloco com tema livre: candidato pergunta para candidato sem tema pr\u00e9-definido<\/li>\n<\/ul>\n<ul>\n<li>4\u00ba bloco com tema determinado e considera\u00e7\u00f5es finais: candidato pergunta para candidato com tema sorteado no momento do debate. Ao final, ter\u00e3o 1 minuto e 30 segundos para considera\u00e7\u00f5es finais<\/li>\n<\/ul>\n<h4 class=\"wp-block-heading\"><strong>Veja a divis\u00e3o do tempo:<\/strong><\/h4>\n<ul>\n<li>R\u00e9plica: 1 minuto e 15 segundos<\/li>\n<\/ul>\n<ul>\n<li>Tr\u00e9plica: 1 minuto e 15 segundos<\/li>\n<\/ul>\n<p>As regras do debate foram definidas\u00a0em reuni\u00e3o no dia 17 de setembro, na sede da EPTV\u00a0Ribeir\u00e3o Preto, com representantes de seis candidaturas com representatividade no Congresso Nacional.<\/p>\n<p>SAIBA MAIS<\/p>\n<p>Candidatos \u00e0 Prefeitura de Franca participam do debate da EPTV\u00a0neste\u00a0s\u00e1bado<\/p>\n<h4 class=\"wp-block-heading\"><strong>FIQUE ON<\/strong><\/h4>\n<p>Fique ligado em tudo que acontece em Ribeir\u00e3o Preto e regi\u00e3o. Siga os perfis do\u00a0<strong>acidade on\u00a0<\/strong>no\u00a0<a href=\"https:\/\/www.instagram.com\/acidadeonribeirao\" target=\"_blank\" rel=\"noreferrer noopener\">Instagram<\/a>\u00a0e no\u00a0<a href=\"https:\/\/www.facebook.com\/acidadeonribeirao\" target=\"_blank\" rel=\"noreferrer noopener\">Facebook<\/a>.<\/p>\n<p>Receba not\u00edcias do acidade on no WhatsApp. Para entrar no grupo, basta\u00a0<a href=\"https:\/\/chat.whatsapp.com\/Dtv9mxhy6V5BJBotM2OQ5k\" target=\"_blank\" rel=\"noreferrer noopener\">clicar aqui<\/a>.<\/p>\n<p>VEJA TAMB\u00c9M<\/p>\n<p>Governo vai proibir o cart\u00e3o do Bolsa Fam\u00edlia para bets?<\/p>\n<p><!-- CONTENT END 1 -->\n<\/div>\n<\/div>\n<p><script async src=\"\/\/www.instagram.com\/embed.js\"><\/script><br \/>\n<br \/><br \/>\n<br \/><a href=\"https:\/\/www.acidadeon.com\/ribeiraopreto\/politica\/eleicoes\/ao-vivo-acompanhe-o-debate-da-eptv-entre-os-candidatos-a-prefeitura-de-franca\/\">Source link <\/a><\/p>\n","protected":false},"excerpt":{"rendered":"<p>O debate da EPTV entre os candidatos \u00e0 Prefeitura de Franca acontece na noite deste s\u00e1bado (28), a partir das 23h20. O acidade on tamb\u00e9m&#8230;<\/p>\n","protected":false},"author":1,"featured_media":68311,"comment_status":"open","ping_status":"open","sticky":false,"template":"","format":"standard","meta":{"_uag_custom_page_level_css":"","advanced_seo_description":"","jetpack_seo_html_title":"","jetpack_seo_noindex":false,"jetpack_post_was_ever_published":false,"_jetpack_newsletter_access":"","_jetpack_dont_email_post_to_subs":false,"_jetpack_newsletter_tier_id":0,"_jetpack_memberships_contains_paywalled_content":false,"_jetpack_memberships_contains_paid_content":false,"footnotes":"","jetpack_publicize_message":"","jetpack_publicize_feature_enabled":true,"jetpack_social_post_already_shared":true,"jetpack_social_options":{"image_generator_settings":{"template":"highway","default_image_id":0,"font":"","enabled":false},"version":2}},"categories":[11],"tags":[],"class_list":["post-68310","post","type-post","status-publish","format-standard","has-post-thumbnail","hentry","category-noticias-de-ribeirao-preto-sp-e-regiao-ismael-colosi"],"jetpack_publicize_connections":[],"jetpack_featured_media_url":"https:\/\/i0.wp.com\/ismaelcolosi.com.br\/wp-content\/uploads\/2024\/09\/debate-franca_2024-09-28_22-20-04_jpg_2024-09-28_22-20-04.webp.webp?fit=1132%2C734&ssl=1","uagb_featured_image_src":{"full":["https:\/\/i0.wp.com\/ismaelcolosi.com.br\/wp-content\/uploads\/2024\/09\/debate-franca_2024-09-28_22-20-04_jpg_2024-09-28_22-20-04.webp.webp?fit=1132%2C734&ssl=1",1132,734,false],"thumbnail":["https:\/\/i0.wp.com\/ismaelcolosi.com.br\/wp-content\/uploads\/2024\/09\/debate-franca_2024-09-28_22-20-04_jpg_2024-09-28_22-20-04.webp.webp?resize=150%2C150&ssl=1",150,150,true],"medium":["https:\/\/i0.wp.com\/ismaelcolosi.com.br\/wp-content\/uploads\/2024\/09\/debate-franca_2024-09-28_22-20-04_jpg_2024-09-28_22-20-04.webp.webp?fit=300%2C195&ssl=1",300,195,true],"medium_large":["https:\/\/i0.wp.com\/ismaelcolosi.com.br\/wp-content\/uploads\/2024\/09\/debate-franca_2024-09-28_22-20-04_jpg_2024-09-28_22-20-04.webp.webp?fit=768%2C498&ssl=1",768,498,true],"large":["https:\/\/i0.wp.com\/ismaelcolosi.com.br\/wp-content\/uploads\/2024\/09\/debate-franca_2024-09-28_22-20-04_jpg_2024-09-28_22-20-04.webp.webp?fit=1024%2C664&ssl=1",1024,664,true],"1536x1536":["https:\/\/i0.wp.com\/ismaelcolosi.com.br\/wp-content\/uploads\/2024\/09\/debate-franca_2024-09-28_22-20-04_jpg_2024-09-28_22-20-04.webp.webp?fit=1132%2C734&ssl=1",1132,734,true],"2048x2048":["https:\/\/i0.wp.com\/ismaelcolosi.com.br\/wp-content\/uploads\/2024\/09\/debate-franca_2024-09-28_22-20-04_jpg_2024-09-28_22-20-04.webp.webp?fit=1132%2C734&ssl=1",1132,734,true],"really-simple-thumb":["https:\/\/i0.wp.com\/ismaelcolosi.com.br\/wp-content\/uploads\/2024\/09\/debate-franca_2024-09-28_22-20-04_jpg_2024-09-28_22-20-04.webp.webp?resize=370%2C247&ssl=1",370,247,true]},"uagb_author_info":{"display_name":"ismaelcolosi.com.br","author_link":"https:\/\/ismaelcolosi.com.br\/index.php\/author\/vidareal-online\/"},"uagb_comment_info":0,"uagb_excerpt":"O debate da EPTV entre os candidatos \u00e0 Prefeitura de Franca acontece na noite deste s\u00e1bado (28), a partir das 23h20. O acidade on tamb\u00e9m...","jetpack-related-posts":[{"id":68263,"url":"https:\/\/ismaelcolosi.com.br\/index.php\/2024\/09\/28\/candidatos-a-prefeitura-de-franca-participam-do-debate-da-eptv-neste-sabado\/","url_meta":{"origin":68310,"position":0},"title":"Candidatos \u00e0 Prefeitura de Franca participam do debate da EPTV\u00a0neste\u00a0s\u00e1bado","author":"ismaelcolosi.com.br","date":"28 de September de 2024","format":false,"excerpt":"Neste s\u00e1bado (28), a EPTV realiza um debate entre os candidatos \u00e0 Prefeitura de\u00a0Franca. O encontro ser\u00e1 ao vivo e est\u00e1 marcado para \u00e0s 23h20,\u00a0com transmiss\u00e3o simult\u00e2nea pelo portal acidade on, g1 Ribeir\u00e3o e CBN Ribeir\u00e3o. O debate \u00e9 mais uma etapa da maior cobertura eleitoral da hist\u00f3ria do Grupo\u2026","rel":"","context":"In &quot;Not\u00edcias de Ribeir\u00e3o Preto-SP e Regi\u00e3o&quot;","block_context":{"text":"Not\u00edcias de Ribeir\u00e3o Preto-SP e Regi\u00e3o","link":"https:\/\/ismaelcolosi.com.br\/index.php\/category\/noticias-de-ribeirao-preto-sp-e-regiao-ismael-colosi\/"},"img":{"alt_text":"","src":"https:\/\/i0.wp.com\/ismaelcolosi.com.br\/wp-content\/uploads\/2024\/08\/prefeitura-de-franca_2024-08-22_13-37-01_jpg_2024-08-22_13-37-01.webp.webp?fit=1200%2C793&ssl=1&resize=350%2C200","width":350,"height":200,"srcset":"https:\/\/i0.wp.com\/ismaelcolosi.com.br\/wp-content\/uploads\/2024\/08\/prefeitura-de-franca_2024-08-22_13-37-01_jpg_2024-08-22_13-37-01.webp.webp?fit=1200%2C793&ssl=1&resize=350%2C200 1x, https:\/\/i0.wp.com\/ismaelcolosi.com.br\/wp-content\/uploads\/2024\/08\/prefeitura-de-franca_2024-08-22_13-37-01_jpg_2024-08-22_13-37-01.webp.webp?fit=1200%2C793&ssl=1&resize=525%2C300 1.5x, https:\/\/i0.wp.com\/ismaelcolosi.com.br\/wp-content\/uploads\/2024\/08\/prefeitura-de-franca_2024-08-22_13-37-01_jpg_2024-08-22_13-37-01.webp.webp?fit=1200%2C793&ssl=1&resize=700%2C400 2x, https:\/\/i0.wp.com\/ismaelcolosi.com.br\/wp-content\/uploads\/2024\/08\/prefeitura-de-franca_2024-08-22_13-37-01_jpg_2024-08-22_13-37-01.webp.webp?fit=1200%2C793&ssl=1&resize=1050%2C600 3x"},"classes":[]},{"id":72167,"url":"https:\/\/ismaelcolosi.com.br\/index.php\/2024\/10\/20\/eptv-transmite-debate-em-novo-formato-com-os-candidatos-a-prefeitura-de-franca\/","url_meta":{"origin":68310,"position":1},"title":"EPTV transmite debate em novo formato com os candidatos \u00e0 Prefeitura de Franca","author":"ismaelcolosi.com.br","date":"20 de October de 2024","format":false,"excerpt":"O Grupo EP realiza neste domingo (20) o debate do segundo turno das elei\u00e7\u00f5es 2024 entre os candidatos \u00e0 Prefeitura de Franca, Alexandre Ferreira (MDB) e Jo\u00e3o Rocha (PL). O embate ser\u00e1 transmitido ao vivo pela EPTV Ribeir\u00e3o Preto ap\u00f3s o programa Fant\u00e1stico, \u00e0s 23h30. Em novo formato, o debate\u2026","rel":"","context":"In &quot;Not\u00edcias de Ribeir\u00e3o Preto-SP e Regi\u00e3o&quot;","block_context":{"text":"Not\u00edcias de Ribeir\u00e3o Preto-SP e Regi\u00e3o","link":"https:\/\/ismaelcolosi.com.br\/index.php\/category\/noticias-de-ribeirao-preto-sp-e-regiao-ismael-colosi\/"},"img":{"alt_text":"","src":"https:\/\/i0.wp.com\/ismaelcolosi.com.br\/wp-content\/uploads\/2024\/10\/Copia-de-Copia-de-Copia-de-TAMANHO-EXATO-PARA-FOTOS-NO-SISTEMA-NOVO-20_2024-10-06_22-39-25_jpg_2024-10-06_22-39-25.webp.webp?fit=1200%2C675&ssl=1&resize=350%2C200","width":350,"height":200,"srcset":"https:\/\/i0.wp.com\/ismaelcolosi.com.br\/wp-content\/uploads\/2024\/10\/Copia-de-Copia-de-Copia-de-TAMANHO-EXATO-PARA-FOTOS-NO-SISTEMA-NOVO-20_2024-10-06_22-39-25_jpg_2024-10-06_22-39-25.webp.webp?fit=1200%2C675&ssl=1&resize=350%2C200 1x, https:\/\/i0.wp.com\/ismaelcolosi.com.br\/wp-content\/uploads\/2024\/10\/Copia-de-Copia-de-Copia-de-TAMANHO-EXATO-PARA-FOTOS-NO-SISTEMA-NOVO-20_2024-10-06_22-39-25_jpg_2024-10-06_22-39-25.webp.webp?fit=1200%2C675&ssl=1&resize=525%2C300 1.5x, https:\/\/i0.wp.com\/ismaelcolosi.com.br\/wp-content\/uploads\/2024\/10\/Copia-de-Copia-de-Copia-de-TAMANHO-EXATO-PARA-FOTOS-NO-SISTEMA-NOVO-20_2024-10-06_22-39-25_jpg_2024-10-06_22-39-25.webp.webp?fit=1200%2C675&ssl=1&resize=700%2C400 2x, https:\/\/i0.wp.com\/ismaelcolosi.com.br\/wp-content\/uploads\/2024\/10\/Copia-de-Copia-de-Copia-de-TAMANHO-EXATO-PARA-FOTOS-NO-SISTEMA-NOVO-20_2024-10-06_22-39-25_jpg_2024-10-06_22-39-25.webp.webp?fit=1200%2C675&ssl=1&resize=1050%2C600 3x"},"classes":[]},{"id":62613,"url":"https:\/\/ismaelcolosi.com.br\/index.php\/2024\/08\/28\/ao-vivo-acompanhe-o-debate-entre-os-candidatos-a-prefeitura-de-jaboticabal\/","url_meta":{"origin":68310,"position":2},"title":"AO VIVO: Acompanhe o debate entre os candidatos \u00e0 Prefeitura de Jaboticabal","author":"ismaelcolosi.com.br","date":"28 de August de 2024","format":false,"excerpt":"Os candidatos \u00e0 Prefeitura de Jaboticabal participam, nesta quarta-feira (28), a partir das 14h30, do debate realizado pelo Grupo EP. O embate ser\u00e1 transmitido ao vivo pelo portal e canal no YouTube do acidade on Ribeir\u00e3o, pelo portal g1 Ribeir\u00e3o Preto e Franca e pela r\u00e1dio CBN Ribeir\u00e3o Preto (r\u00e1dio\u2026","rel":"","context":"In &quot;Not\u00edcias de Ribeir\u00e3o Preto-SP e Regi\u00e3o&quot;","block_context":{"text":"Not\u00edcias de Ribeir\u00e3o Preto-SP e Regi\u00e3o","link":"https:\/\/ismaelcolosi.com.br\/index.php\/category\/noticias-de-ribeirao-preto-sp-e-regiao-ismael-colosi\/"},"img":{"alt_text":"","src":"https:\/\/i0.wp.com\/ismaelcolosi.com.br\/wp-content\/uploads\/2024\/08\/debate-jaboticabal_2024-08-27_15-05-01_jpeg_2024-08-27_15-05-01.webp.webp?fit=1200%2C674&ssl=1&resize=350%2C200","width":350,"height":200,"srcset":"https:\/\/i0.wp.com\/ismaelcolosi.com.br\/wp-content\/uploads\/2024\/08\/debate-jaboticabal_2024-08-27_15-05-01_jpeg_2024-08-27_15-05-01.webp.webp?fit=1200%2C674&ssl=1&resize=350%2C200 1x, https:\/\/i0.wp.com\/ismaelcolosi.com.br\/wp-content\/uploads\/2024\/08\/debate-jaboticabal_2024-08-27_15-05-01_jpeg_2024-08-27_15-05-01.webp.webp?fit=1200%2C674&ssl=1&resize=525%2C300 1.5x, https:\/\/i0.wp.com\/ismaelcolosi.com.br\/wp-content\/uploads\/2024\/08\/debate-jaboticabal_2024-08-27_15-05-01_jpeg_2024-08-27_15-05-01.webp.webp?fit=1200%2C674&ssl=1&resize=700%2C400 2x, https:\/\/i0.wp.com\/ismaelcolosi.com.br\/wp-content\/uploads\/2024\/08\/debate-jaboticabal_2024-08-27_15-05-01_jpeg_2024-08-27_15-05-01.webp.webp?fit=1200%2C674&ssl=1&resize=1050%2C600 3x"},"classes":[]},{"id":65252,"url":"https:\/\/ismaelcolosi.com.br\/index.php\/2024\/09\/11\/ao-vivo-acompanhe-o-debate-entre-os-candidatos-a-prefeitura-de-barretos\/","url_meta":{"origin":68310,"position":3},"title":"AO VIVO: Acompanhe o debate entre os candidatos \u00e0 Prefeitura de Barretos","author":"ismaelcolosi.com.br","date":"11 de September de 2024","format":false,"excerpt":"Nesta quarta-feira (11), a partir das 14h30, os candidatos \u00e0 Prefeitura de Barretos participam do debate realizado pelo Grupo EP. O embate ser\u00e1 transmitido ao vivo pelo portal e canal no YouTube do acidade on Ribeir\u00e3o, pelo portal g1 Ribeir\u00e3o Preto e Franca e pela r\u00e1dio CBN Ribeir\u00e3o Preto (r\u00e1dio\u2026","rel":"","context":"In &quot;Not\u00edcias de Ribeir\u00e3o Preto-SP e Regi\u00e3o&quot;","block_context":{"text":"Not\u00edcias de Ribeir\u00e3o Preto-SP e Regi\u00e3o","link":"https:\/\/ismaelcolosi.com.br\/index.php\/category\/noticias-de-ribeirao-preto-sp-e-regiao-ismael-colosi\/"},"img":{"alt_text":"","src":"https:\/\/i0.wp.com\/ismaelcolosi.com.br\/wp-content\/uploads\/2024\/09\/barretos_2024-09-10_22-06-18_jpeg_2024-09-10_22-06-19.webp.webp?fit=1200%2C674&ssl=1&resize=350%2C200","width":350,"height":200,"srcset":"https:\/\/i0.wp.com\/ismaelcolosi.com.br\/wp-content\/uploads\/2024\/09\/barretos_2024-09-10_22-06-18_jpeg_2024-09-10_22-06-19.webp.webp?fit=1200%2C674&ssl=1&resize=350%2C200 1x, https:\/\/i0.wp.com\/ismaelcolosi.com.br\/wp-content\/uploads\/2024\/09\/barretos_2024-09-10_22-06-18_jpeg_2024-09-10_22-06-19.webp.webp?fit=1200%2C674&ssl=1&resize=525%2C300 1.5x, https:\/\/i0.wp.com\/ismaelcolosi.com.br\/wp-content\/uploads\/2024\/09\/barretos_2024-09-10_22-06-18_jpeg_2024-09-10_22-06-19.webp.webp?fit=1200%2C674&ssl=1&resize=700%2C400 2x, https:\/\/i0.wp.com\/ismaelcolosi.com.br\/wp-content\/uploads\/2024\/09\/barretos_2024-09-10_22-06-18_jpeg_2024-09-10_22-06-19.webp.webp?fit=1200%2C674&ssl=1&resize=1050%2C600 3x"},"classes":[]},{"id":63870,"url":"https:\/\/ismaelcolosi.com.br\/index.php\/2024\/09\/04\/ao-vivo-acompanhe-o-debate-entre-os-candidatos-a-prefeitura-de-bebedouro\/","url_meta":{"origin":68310,"position":4},"title":"AO VIVO: Acompanhe o debate entre os candidatos \u00e0 Prefeitura de Bebedouro","author":"ismaelcolosi.com.br","date":"4 de September de 2024","format":false,"excerpt":"Os candidatos \u00e0 Prefeitura de Bebedouro participam, nesta quarta-feira (4), a partir das 14h30, do debate realizado pelo Grupo EP. O embate ser\u00e1 transmitido ao vivo pelo portal e canal no YouTube do acidade on Ribeir\u00e3o, pelo portal g1 Ribeir\u00e3o Preto e Franca e pela r\u00e1dio CBN Ribeir\u00e3o Preto (r\u00e1dio\u2026","rel":"","context":"In &quot;Not\u00edcias de Ribeir\u00e3o Preto-SP e Regi\u00e3o&quot;","block_context":{"text":"Not\u00edcias de Ribeir\u00e3o Preto-SP e Regi\u00e3o","link":"https:\/\/ismaelcolosi.com.br\/index.php\/category\/noticias-de-ribeirao-preto-sp-e-regiao-ismael-colosi\/"},"img":{"alt_text":"","src":"https:\/\/i0.wp.com\/ismaelcolosi.com.br\/wp-content\/uploads\/2024\/09\/debate-bebedouro_2024-09-03_13-48-58_jpeg_2024-09-03_13-48-58.webp.webp?fit=1200%2C674&ssl=1&resize=350%2C200","width":350,"height":200,"srcset":"https:\/\/i0.wp.com\/ismaelcolosi.com.br\/wp-content\/uploads\/2024\/09\/debate-bebedouro_2024-09-03_13-48-58_jpeg_2024-09-03_13-48-58.webp.webp?fit=1200%2C674&ssl=1&resize=350%2C200 1x, https:\/\/i0.wp.com\/ismaelcolosi.com.br\/wp-content\/uploads\/2024\/09\/debate-bebedouro_2024-09-03_13-48-58_jpeg_2024-09-03_13-48-58.webp.webp?fit=1200%2C674&ssl=1&resize=525%2C300 1.5x, https:\/\/i0.wp.com\/ismaelcolosi.com.br\/wp-content\/uploads\/2024\/09\/debate-bebedouro_2024-09-03_13-48-58_jpeg_2024-09-03_13-48-58.webp.webp?fit=1200%2C674&ssl=1&resize=700%2C400 2x, https:\/\/i0.wp.com\/ismaelcolosi.com.br\/wp-content\/uploads\/2024\/09\/debate-bebedouro_2024-09-03_13-48-58_jpeg_2024-09-03_13-48-58.webp.webp?fit=1200%2C674&ssl=1&resize=1050%2C600 3x"},"classes":[]},{"id":69166,"url":"https:\/\/ismaelcolosi.com.br\/index.php\/2024\/10\/03\/eptv-transmite-debate-entre-os-candidatos-a-prefeitura-de-ribeirao-preto\/","url_meta":{"origin":68310,"position":5},"title":"EPTV transmite debate entre os candidatos \u00e0 Prefeitura de Ribeir\u00e3o Preto","author":"ismaelcolosi.com.br","date":"3 de October de 2024","format":false,"excerpt":"O debate da EPTV entre os candidatos \u00e0 Prefeitura de Ribeir\u00e3o Preto acontece nesta quinta-feira (3), \u00e0s 22h. O embate ser\u00e1 exibido ao vivo pela EPTV Ribeir\u00e3o e a cobertura completa pelo portal acidade on Ribeir\u00e3o Preto. Participam do debate os candidatos a prefeito de Ribeir\u00e3o Preto de partidos com\u2026","rel":"","context":"In &quot;Not\u00edcias de Ribeir\u00e3o Preto-SP e Regi\u00e3o&quot;","block_context":{"text":"Not\u00edcias de Ribeir\u00e3o Preto-SP e Regi\u00e3o","link":"https:\/\/ismaelcolosi.com.br\/index.php\/category\/noticias-de-ribeirao-preto-sp-e-regiao-ismael-colosi\/"},"img":{"alt_text":"","src":"https:\/\/i0.wp.com\/ismaelcolosi.com.br\/wp-content\/uploads\/2024\/09\/eleicoes-2024_2024-09-22_18-03-07_jpeg_2024-09-22_18-03-07.webp.webp?fit=1200%2C674&ssl=1&resize=350%2C200","width":350,"height":200,"srcset":"https:\/\/i0.wp.com\/ismaelcolosi.com.br\/wp-content\/uploads\/2024\/09\/eleicoes-2024_2024-09-22_18-03-07_jpeg_2024-09-22_18-03-07.webp.webp?fit=1200%2C674&ssl=1&resize=350%2C200 1x, https:\/\/i0.wp.com\/ismaelcolosi.com.br\/wp-content\/uploads\/2024\/09\/eleicoes-2024_2024-09-22_18-03-07_jpeg_2024-09-22_18-03-07.webp.webp?fit=1200%2C674&ssl=1&resize=525%2C300 1.5x, https:\/\/i0.wp.com\/ismaelcolosi.com.br\/wp-content\/uploads\/2024\/09\/eleicoes-2024_2024-09-22_18-03-07_jpeg_2024-09-22_18-03-07.webp.webp?fit=1200%2C674&ssl=1&resize=700%2C400 2x, https:\/\/i0.wp.com\/ismaelcolosi.com.br\/wp-content\/uploads\/2024\/09\/eleicoes-2024_2024-09-22_18-03-07_jpeg_2024-09-22_18-03-07.webp.webp?fit=1200%2C674&ssl=1&resize=1050%2C600 3x"},"classes":[]}],"jetpack_sharing_enabled":true,"jetpack_shortlink":"https:\/\/wp.me\/pfMlyK-hLM","_links":{"self":[{"href":"https:\/\/ismaelcolosi.com.br\/index.php\/wp-json\/wp\/v2\/posts\/68310","targetHints":{"allow":["GET"]}}],"collection":[{"href":"https:\/\/ismaelcolosi.com.br\/index.php\/wp-json\/wp\/v2\/posts"}],"about":[{"href":"https:\/\/ismaelcolosi.com.br\/index.php\/wp-json\/wp\/v2\/types\/post"}],"author":[{"embeddable":true,"href":"https:\/\/ismaelcolosi.com.br\/index.php\/wp-json\/wp\/v2\/users\/1"}],"replies":[{"embeddable":true,"href":"https:\/\/ismaelcolosi.com.br\/index.php\/wp-json\/wp\/v2\/comments?post=68310"}],"version-history":[{"count":0,"href":"https:\/\/ismaelcolosi.com.br\/index.php\/wp-json\/wp\/v2\/posts\/68310\/revisions"}],"wp:featuredmedia":[{"embeddable":true,"href":"https:\/\/ismaelcolosi.com.br\/index.php\/wp-json\/wp\/v2\/media\/68311"}],"wp:attachment":[{"href":"https:\/\/ismaelcolosi.com.br\/index.php\/wp-json\/wp\/v2\/media?parent=68310"}],"wp:term":[{"taxonomy":"category","embeddable":true,"href":"https:\/\/ismaelcolosi.com.br\/index.php\/wp-json\/wp\/v2\/categories?post=68310"},{"taxonomy":"post_tag","embeddable":true,"href":"https:\/\/ismaelcolosi.com.br\/index.php\/wp-json\/wp\/v2\/tags?post=68310"}],"curies":[{"name":"wp","href":"https:\/\/api.w.org\/{rel}","templated":true}]}}