{"id":68234,"date":"2024-09-27T21:27:39","date_gmt":"2024-09-28T00:27:39","guid":{"rendered":"https:\/\/ismaelcolosi.com.br\/index.php\/2024\/09\/27\/justica-prende-e-bloqueia-r-3-milhoes-de-suspeito-de-provocar-incendios-na-regiao-de-ribeirao\/"},"modified":"2024-09-27T21:27:39","modified_gmt":"2024-09-28T00:27:39","slug":"justica-prende-e-bloqueia-r-3-milhoes-de-suspeito-de-provocar-incendios-na-regiao-de-ribeirao","status":"publish","type":"post","link":"https:\/\/ismaelcolosi.com.br\/index.php\/2024\/09\/27\/justica-prende-e-bloqueia-r-3-milhoes-de-suspeito-de-provocar-incendios-na-regiao-de-ribeirao\/","title":{"rendered":"Justi\u00e7a prende e bloqueia R$ 3 milh\u00f5es de suspeito de provocar inc\u00eandios na regi\u00e3o de Ribeir\u00e3o"},"content":{"rendered":"<p> <br \/>\n<\/p>\n<div>\n<p>A <strong>Justi\u00e7a <\/strong>decretou a <strong>pris\u00e3o preventiva<\/strong> de um<strong> homem acusado de realizar inc\u00eandios criminosos<\/strong> na zona rural de <strong>Patroc\u00ednio Paulista<\/strong> e <strong>Itirapu\u00e3<\/strong>, cidades na regi\u00e3o de <strong>Ribeir\u00e3o Preto<\/strong>.<\/p>\n<p>Conforme a decis\u00e3o, <strong>foram bloqueados R$ 3 milh\u00f5es em bens<\/strong> de Alessandro dos Reis Batista J\u00fanior para <mark style=\"background-color:#fcb900\" class=\"has-inline-color\">garantir a repara\u00e7\u00e3o por eventuais danos causados a fazendeiros e \u00e0 Fazenda P\u00fabica.<\/mark><\/p>\n<p>De acordo com o<strong> Minist\u00e9rio P\u00fablico (MP)<\/strong>, Alessandro tamb\u00e9m estaria envolvido em <strong>outros crimes de elevada gravidade<\/strong>, como associa\u00e7\u00e3o criminosa para roubo de maquin\u00e1rio agr\u00edcola.<\/p>\n<p>O juiz Afonso Marinho Catisti de Andrade determinou a <strong>pris\u00e3o cautelar<\/strong>, afirmando que <strong>outras medidas seriam insuficientes para impedir novos delitos e garantir a ordem p\u00fablica<\/strong>, dada a natureza dos crimes e suas consequ\u00eancias.<\/p>\n<p>Vale ressaltar que a investiga\u00e7\u00e3o prossegue para identificar outros participantes e os mandantes das queimadas. <strong>A defesa de Alessandro n\u00e3o foi localizada.<\/strong><\/p>\n<h3 class=\"wp-block-heading\"><strong>O crime<\/strong><\/h3>\n<p>A den\u00fancia realizada pela Promotoria indica que <strong>Alessandro se associou a tr\u00eas homens<\/strong> para praticar crimes de inc\u00eandio em fazendas da regi\u00e3o. \u00a0A quadrilha escolhia a \u00e1rea que iria incendiar e se dividiam em dois grupos.<\/p>\n<p>Em uma das a\u00e7\u00f5es, Alessandro e um comparsa utilizaram um carro para colocar fogo em uma fazenda pr\u00f3ximo ao km 14 da<strong> rodovia Engenheiro Ronan Rocha (SP-345)<\/strong>, em Patroc\u00ednio Paulista. <mark style=\"background-color:#fcb900\" class=\"has-inline-color\">Ele teria utilizado um l\u00edquido inflam\u00e1vel e um isqueiro para iniciar uma queimada.<\/mark><\/p>\n<p><strong>O fogo destruiu nove hectares de mata em uma \u00e1rea de preserva\u00e7\u00e3o permanente<\/strong>. Al\u00e9m disso, as chamas se espalharam para uma \u00e1rea de pastagem e foi necess\u00e1rio interven\u00e7\u00e3o de vizinhos, equipes do munic\u00edpio e do estado, e de empresas pr\u00f3ximas para conter o fogo.<\/p>\n<p>Segundo o MP, Alessandro continuou ateando fogo nas propriedades vizinhas. O <strong>preju\u00edzo<\/strong> causado pelo homem foi de <strong>R$ 1,2 milh\u00e3o<\/strong> em <strong>planta\u00e7\u00f5es de caf\u00e9 e cana de a\u00e7\u00facar, \u00e1reas de preserva\u00e7\u00e3o permanente e reservas florestais.<\/strong><\/p>\n<hr class=\"wp-block-separator has-alpha-channel-opacity\"\/>\n<p>SAIBA MAIS<\/p>\n<p>Blitz da Lei Seca autua 48 motoristas em Ribeir\u00e3o Preto e regi\u00e3o<\/p>\n<h4 class=\"wp-block-heading\"><strong>FIQUE ON<\/strong><\/h4>\n<p>Fique ligado em tudo que acontece em Ribeir\u00e3o Preto e regi\u00e3o. Siga os perfis do\u00a0<strong>acidade on\u00a0<\/strong>no\u00a0<a href=\"https:\/\/www.instagram.com\/acidadeonribeirao\" target=\"_blank\" rel=\"noreferrer noopener\">Instagram\u00a0<\/a>e no\u00a0<a href=\"https:\/\/www.facebook.com\/acidadeonribeirao\/\" target=\"_blank\" rel=\"noreferrer noopener\">Facebook<\/a>.<\/p>\n<p>Receba not\u00edcias do\u00a0<strong>acidade on<\/strong>\u00a0no WhatsApp.\u00a0<a href=\"https:\/\/chat.whatsapp.com\/Dtv9mxhy6V5BJBotM2OQ5k\" target=\"_blank\" rel=\"noreferrer noopener\">Para entrar no grupo, basta clicar aqui.<\/a><\/p>\n<p>Fa\u00e7a uma den\u00fancia ou sugira uma reportagem sobre Ribeir\u00e3o Preto e regi\u00e3o pelo WhatsApp: 16 99117 7802.<\/p>\n<p>VEJA TAMB\u00c9M<\/p>\n<p>Bolinho de arroz do \u2018Mais Voc\u00ea\u2019; aprenda a fazer<\/p>\n<p><!-- CONTENT END 1 -->\n<\/div>\n<p><script async src=\"\/\/www.instagram.com\/embed.js\"><\/script><br \/>\n<br \/><br \/>\n<br \/><a href=\"https:\/\/www.acidadeon.com\/ribeiraopreto\/cotidiano\/justica-prende-e-bloqueia-r-3-milhoes-de-suspeito-de-provocar-incendios-na-regiao-de-ribeirao\/\">Source link <\/a><\/p>\n","protected":false},"excerpt":{"rendered":"<p>A Justi\u00e7a decretou a pris\u00e3o preventiva de um homem acusado de realizar inc\u00eandios criminosos na zona rural de Patroc\u00ednio Paulista e Itirapu\u00e3, cidades na regi\u00e3o&#8230;<\/p>\n","protected":false},"author":1,"featured_media":68235,"comment_status":"open","ping_status":"open","sticky":false,"template":"","format":"standard","meta":{"_uag_custom_page_level_css":"","advanced_seo_description":"","jetpack_seo_html_title":"","jetpack_seo_noindex":false,"jetpack_post_was_ever_published":false,"_jetpack_newsletter_access":"","_jetpack_dont_email_post_to_subs":false,"_jetpack_newsletter_tier_id":0,"_jetpack_memberships_contains_paywalled_content":false,"_jetpack_memberships_contains_paid_content":false,"footnotes":"","jetpack_publicize_message":"","jetpack_publicize_feature_enabled":true,"jetpack_social_post_already_shared":true,"jetpack_social_options":{"image_generator_settings":{"template":"highway","default_image_id":0,"font":"","enabled":false},"version":2}},"categories":[11],"tags":[],"class_list":["post-68234","post","type-post","status-publish","format-standard","has-post-thumbnail","hentry","category-noticias-de-ribeirao-preto-sp-e-regiao-ismael-colosi"],"jetpack_publicize_connections":[],"jetpack_featured_media_url":"https:\/\/i0.wp.com\/ismaelcolosi.com.br\/wp-content\/uploads\/2024\/09\/Copia-de-Copia-de-Copia-de-TAMANHO-EXATO-PARA-FOTOS-NO-SISTEMA-NOVO-78_2024-09-28_00-13-06_png_2024-09-28_00-13-06.webp.webp?fit=1200%2C675&ssl=1","uagb_featured_image_src":{"full":["https:\/\/i0.wp.com\/ismaelcolosi.com.br\/wp-content\/uploads\/2024\/09\/Copia-de-Copia-de-Copia-de-TAMANHO-EXATO-PARA-FOTOS-NO-SISTEMA-NOVO-78_2024-09-28_00-13-06_png_2024-09-28_00-13-06.webp.webp?fit=1200%2C675&ssl=1",1200,675,false],"thumbnail":["https:\/\/i0.wp.com\/ismaelcolosi.com.br\/wp-content\/uploads\/2024\/09\/Copia-de-Copia-de-Copia-de-TAMANHO-EXATO-PARA-FOTOS-NO-SISTEMA-NOVO-78_2024-09-28_00-13-06_png_2024-09-28_00-13-06.webp.webp?resize=150%2C150&ssl=1",150,150,true],"medium":["https:\/\/i0.wp.com\/ismaelcolosi.com.br\/wp-content\/uploads\/2024\/09\/Copia-de-Copia-de-Copia-de-TAMANHO-EXATO-PARA-FOTOS-NO-SISTEMA-NOVO-78_2024-09-28_00-13-06_png_2024-09-28_00-13-06.webp.webp?fit=300%2C169&ssl=1",300,169,true],"medium_large":["https:\/\/i0.wp.com\/ismaelcolosi.com.br\/wp-content\/uploads\/2024\/09\/Copia-de-Copia-de-Copia-de-TAMANHO-EXATO-PARA-FOTOS-NO-SISTEMA-NOVO-78_2024-09-28_00-13-06_png_2024-09-28_00-13-06.webp.webp?fit=768%2C432&ssl=1",768,432,true],"large":["https:\/\/i0.wp.com\/ismaelcolosi.com.br\/wp-content\/uploads\/2024\/09\/Copia-de-Copia-de-Copia-de-TAMANHO-EXATO-PARA-FOTOS-NO-SISTEMA-NOVO-78_2024-09-28_00-13-06_png_2024-09-28_00-13-06.webp.webp?fit=1024%2C576&ssl=1",1024,576,true],"1536x1536":["https:\/\/i0.wp.com\/ismaelcolosi.com.br\/wp-content\/uploads\/2024\/09\/Copia-de-Copia-de-Copia-de-TAMANHO-EXATO-PARA-FOTOS-NO-SISTEMA-NOVO-78_2024-09-28_00-13-06_png_2024-09-28_00-13-06.webp.webp?fit=1200%2C675&ssl=1",1200,675,true],"2048x2048":["https:\/\/i0.wp.com\/ismaelcolosi.com.br\/wp-content\/uploads\/2024\/09\/Copia-de-Copia-de-Copia-de-TAMANHO-EXATO-PARA-FOTOS-NO-SISTEMA-NOVO-78_2024-09-28_00-13-06_png_2024-09-28_00-13-06.webp.webp?fit=1200%2C675&ssl=1",1200,675,true],"really-simple-thumb":["https:\/\/i0.wp.com\/ismaelcolosi.com.br\/wp-content\/uploads\/2024\/09\/Copia-de-Copia-de-Copia-de-TAMANHO-EXATO-PARA-FOTOS-NO-SISTEMA-NOVO-78_2024-09-28_00-13-06_png_2024-09-28_00-13-06.webp.webp?resize=370%2C247&ssl=1",370,247,true]},"uagb_author_info":{"display_name":"ismaelcolosi.com.br","author_link":"https:\/\/ismaelcolosi.com.br\/index.php\/author\/vidareal-online\/"},"uagb_comment_info":0,"uagb_excerpt":"A Justi\u00e7a decretou a pris\u00e3o preventiva de um homem acusado de realizar inc\u00eandios criminosos na zona rural de Patroc\u00ednio Paulista e Itirapu\u00e3, cidades na regi\u00e3o...","jetpack-related-posts":[{"id":62315,"url":"https:\/\/ismaelcolosi.com.br\/index.php\/2024\/08\/26\/o-que-se-sabe-sobre-presos-por-incendios-na-regiao-de-ribeirao-preto\/","url_meta":{"origin":68234,"position":0},"title":"O que se sabe sobre presos por inc\u00eandios na regi\u00e3o de Ribeir\u00e3o Preto","author":"ismaelcolosi.com.br","date":"26 de August de 2024","format":false,"excerpt":"At\u00e9 a noite desta segunda-feira (26), ao menos quatro pessoas foram presas suspeitas de terem iniciados inc\u00eandios em \u00e1reas de vegeta\u00e7\u00e3o no interior de S\u00e3o Paulo, sendo dois deles em Batatais, na regi\u00e3o de Ribeir\u00e3o Preto. Um deles \u00e9 Alessandro Arantes, de 42 anos, preso no domingo (25). Segundo a\u2026","rel":"","context":"In &quot;Not\u00edcias de Ribeir\u00e3o Preto-SP e Regi\u00e3o&quot;","block_context":{"text":"Not\u00edcias de Ribeir\u00e3o Preto-SP e Regi\u00e3o","link":"https:\/\/ismaelcolosi.com.br\/index.php\/category\/noticias-de-ribeirao-preto-sp-e-regiao-ismael-colosi\/"},"img":{"alt_text":"","src":"https:\/\/i0.wp.com\/ismaelcolosi.com.br\/wp-content\/uploads\/2024\/08\/alessandro_2024-08-26_23-13-14_jpg_2024-08-26_23-13-14.webp.webp?fit=942%2C663&ssl=1&resize=350%2C200","width":350,"height":200,"srcset":"https:\/\/i0.wp.com\/ismaelcolosi.com.br\/wp-content\/uploads\/2024\/08\/alessandro_2024-08-26_23-13-14_jpg_2024-08-26_23-13-14.webp.webp?fit=942%2C663&ssl=1&resize=350%2C200 1x, https:\/\/i0.wp.com\/ismaelcolosi.com.br\/wp-content\/uploads\/2024\/08\/alessandro_2024-08-26_23-13-14_jpg_2024-08-26_23-13-14.webp.webp?fit=942%2C663&ssl=1&resize=525%2C300 1.5x, https:\/\/i0.wp.com\/ismaelcolosi.com.br\/wp-content\/uploads\/2024\/08\/alessandro_2024-08-26_23-13-14_jpg_2024-08-26_23-13-14.webp.webp?fit=942%2C663&ssl=1&resize=700%2C400 2x"},"classes":[]},{"id":58047,"url":"https:\/\/ismaelcolosi.com.br\/index.php\/2024\/07\/26\/justica-diminui-penas-de-condenados-no-mega-assalto-da-prosegur-em-ribeirao-preto\/","url_meta":{"origin":68234,"position":1},"title":"Justi\u00e7a diminui penas de condenados no mega-assalto da Prosegur em Ribeir\u00e3o Preto","author":"ismaelcolosi.com.br","date":"26 de July de 2024","format":false,"excerpt":"O 8\u00ba Grupo de Direito Criminal do Tribunal de Justi\u00e7a de S\u00e3o Paulo (TJ-SP) diminui as penas aos quatro condendos por participa\u00e7\u00e3o no mega-assalto da Prosegur, ocorrido em 2016, em Ribeir\u00e3o Preto. Foram roubados mais de R$ 51 milh\u00f5es da empresa de transporte de valores. O pedido de revis\u00e3o, acatado\u2026","rel":"","context":"In &quot;Not\u00edcias de Ribeir\u00e3o Preto-SP e Regi\u00e3o&quot;","block_context":{"text":"Not\u00edcias de Ribeir\u00e3o Preto-SP e Regi\u00e3o","link":"https:\/\/ismaelcolosi.com.br\/index.php\/category\/noticias-de-ribeirao-preto-sp-e-regiao-ismael-colosi\/"},"img":{"alt_text":"","src":"https:\/\/i0.wp.com\/ismaelcolosi.com.br\/wp-content\/uploads\/2024\/07\/PROSEGUR_2024-07-26_17-05-25_jpg_2024-07-26_17-05-25.webp.webp?fit=1200%2C641&ssl=1&resize=350%2C200","width":350,"height":200,"srcset":"https:\/\/i0.wp.com\/ismaelcolosi.com.br\/wp-content\/uploads\/2024\/07\/PROSEGUR_2024-07-26_17-05-25_jpg_2024-07-26_17-05-25.webp.webp?fit=1200%2C641&ssl=1&resize=350%2C200 1x, https:\/\/i0.wp.com\/ismaelcolosi.com.br\/wp-content\/uploads\/2024\/07\/PROSEGUR_2024-07-26_17-05-25_jpg_2024-07-26_17-05-25.webp.webp?fit=1200%2C641&ssl=1&resize=525%2C300 1.5x, https:\/\/i0.wp.com\/ismaelcolosi.com.br\/wp-content\/uploads\/2024\/07\/PROSEGUR_2024-07-26_17-05-25_jpg_2024-07-26_17-05-25.webp.webp?fit=1200%2C641&ssl=1&resize=700%2C400 2x, https:\/\/i0.wp.com\/ismaelcolosi.com.br\/wp-content\/uploads\/2024\/07\/PROSEGUR_2024-07-26_17-05-25_jpg_2024-07-26_17-05-25.webp.webp?fit=1200%2C641&ssl=1&resize=1050%2C600 3x"},"classes":[]},{"id":62234,"url":"https:\/\/ismaelcolosi.com.br\/index.php\/2024\/08\/26\/governo-confirma-terceira-prisao-por-incendios-criminosos-na-regiao-de-ribeirao\/","url_meta":{"origin":68234,"position":2},"title":"Governo confirma terceira pris\u00e3o por inc\u00eandios criminosos na regi\u00e3o de Ribeir\u00e3o","author":"ismaelcolosi.com.br","date":"26 de August de 2024","format":false,"excerpt":"O governador Tarc\u00edsio de Freitas declarou, na manh\u00e3 desta segunda-feira (26), que tr\u00eas pessoas foram presas em flagrante suspeitas de inc\u00eandio criminoso, no interior do Estado \u2013 uma das pris\u00f5es aconteceu na regi\u00e3o de Ribeir\u00e3o Preto. As pris\u00f5es foram efetuadas em S\u00e3o Jos\u00e9 do Rio Preto, Batatais e Porto Ferreira.\u2026","rel":"","context":"In &quot;Not\u00edcias de Ribeir\u00e3o Preto-SP e Regi\u00e3o&quot;","block_context":{"text":"Not\u00edcias de Ribeir\u00e3o Preto-SP e Regi\u00e3o","link":"https:\/\/ismaelcolosi.com.br\/index.php\/category\/noticias-de-ribeirao-preto-sp-e-regiao-ismael-colosi\/"},"img":{"alt_text":"","src":"https:\/\/i0.wp.com\/ismaelcolosi.com.br\/wp-content\/uploads\/2024\/08\/Copia-de-Copia-de-Copia-de-TAMANHO-EXATO-PARA-FOTOS-NO-SISTEMA-NOVO_2024-08-26_15-51-20_png_2024-08-26_15-51-20.webp.webp?fit=1200%2C675&ssl=1&resize=350%2C200","width":350,"height":200,"srcset":"https:\/\/i0.wp.com\/ismaelcolosi.com.br\/wp-content\/uploads\/2024\/08\/Copia-de-Copia-de-Copia-de-TAMANHO-EXATO-PARA-FOTOS-NO-SISTEMA-NOVO_2024-08-26_15-51-20_png_2024-08-26_15-51-20.webp.webp?fit=1200%2C675&ssl=1&resize=350%2C200 1x, https:\/\/i0.wp.com\/ismaelcolosi.com.br\/wp-content\/uploads\/2024\/08\/Copia-de-Copia-de-Copia-de-TAMANHO-EXATO-PARA-FOTOS-NO-SISTEMA-NOVO_2024-08-26_15-51-20_png_2024-08-26_15-51-20.webp.webp?fit=1200%2C675&ssl=1&resize=525%2C300 1.5x, https:\/\/i0.wp.com\/ismaelcolosi.com.br\/wp-content\/uploads\/2024\/08\/Copia-de-Copia-de-Copia-de-TAMANHO-EXATO-PARA-FOTOS-NO-SISTEMA-NOVO_2024-08-26_15-51-20_png_2024-08-26_15-51-20.webp.webp?fit=1200%2C675&ssl=1&resize=700%2C400 2x, https:\/\/i0.wp.com\/ismaelcolosi.com.br\/wp-content\/uploads\/2024\/08\/Copia-de-Copia-de-Copia-de-TAMANHO-EXATO-PARA-FOTOS-NO-SISTEMA-NOVO_2024-08-26_15-51-20_png_2024-08-26_15-51-20.webp.webp?fit=1200%2C675&ssl=1&resize=1050%2C600 3x"},"classes":[]},{"id":16962,"url":"https:\/\/ismaelcolosi.com.br\/index.php\/2023\/12\/17\/utm_sourcerssutm_mediumrssutm_campaignempresa-de-ribeirao-preto-e-investigada-por-exploracao-de-garimpo-ilegal-em-roraima\/","url_meta":{"origin":68234,"position":3},"title":"Empresa de Ribeir\u00e3o Preto \u00e9 investigada por explora\u00e7\u00e3o de garimpo ilegal em Roraima \u2013 X Tudo Ribeir\u00e3o","author":"ismaelcolosi.com.br","date":"17 de December de 2023","format":false,"excerpt":"Uma empresa de Ribeir\u00e3o Preto foi um dos alvos, na manh\u00e3 da \u00faltima quinta-feira (12\/12), de uma opera\u00e7\u00e3o realizada pela Pol\u00edcia Federal em duas cidades da regi\u00e3o Norte do Brasil e no estado de S\u00e3o Paulo. A Opera\u00e7\u00e3o Forja de Hefesto foi realizada para desarticular um esquema de financiamento e\u2026","rel":"","context":"In &quot;Not\u00edcias de Ribeir\u00e3o Preto-SP e Regi\u00e3o&quot;","block_context":{"text":"Not\u00edcias de Ribeir\u00e3o Preto-SP e Regi\u00e3o","link":"https:\/\/ismaelcolosi.com.br\/index.php\/category\/noticias-de-ribeirao-preto-sp-e-regiao-ismael-colosi\/"},"img":{"alt_text":"","src":"https:\/\/i0.wp.com\/ismaelcolosi.com.br\/wp-content\/uploads\/2023\/12\/gazeta-do-povo-blog-concurseiros-pf-900x600.jpg?fit=900%2C600&ssl=1&resize=350%2C200","width":350,"height":200,"srcset":"https:\/\/i0.wp.com\/ismaelcolosi.com.br\/wp-content\/uploads\/2023\/12\/gazeta-do-povo-blog-concurseiros-pf-900x600.jpg?fit=900%2C600&ssl=1&resize=350%2C200 1x, https:\/\/i0.wp.com\/ismaelcolosi.com.br\/wp-content\/uploads\/2023\/12\/gazeta-do-povo-blog-concurseiros-pf-900x600.jpg?fit=900%2C600&ssl=1&resize=525%2C300 1.5x, https:\/\/i0.wp.com\/ismaelcolosi.com.br\/wp-content\/uploads\/2023\/12\/gazeta-do-povo-blog-concurseiros-pf-900x600.jpg?fit=900%2C600&ssl=1&resize=700%2C400 2x"},"classes":[]},{"id":15951,"url":"https:\/\/ismaelcolosi.com.br\/index.php\/2023\/12\/14\/empresa-ribeirao-pretana-e-investigada-por-exploracao-de-garimpo-ilegal-em-roraima\/","url_meta":{"origin":68234,"position":4},"title":"Empresa ribeir\u00e3o-pretana \u00e9 investigada por explora\u00e7\u00e3o de garimpo ilegal em Roraima","author":"ismaelcolosi.com.br","date":"14 de December de 2023","format":false,"excerpt":"A\u00e7\u00e3o fez parte da opera\u00e7\u00e3o Forja de Hefesto, para combater a venda de cassiterita extra\u00edda ilegalmente na Terra Ind\u00edgena Yanomami 14 de dezembro de 2023 | 16:29 2Por: Adalberto LuqueUma empresa de Ribeir\u00e3o Preto foi um dos alvos, na manh\u00e3 desta quinta-feira (12), de uma opera\u00e7\u00e3o realizada pela Pol\u00edcia Federal\u2026","rel":"","context":"In &quot;Not\u00edcias de Ribeir\u00e3o Preto-SP e Regi\u00e3o&quot;","block_context":{"text":"Not\u00edcias de Ribeir\u00e3o Preto-SP e Regi\u00e3o","link":"https:\/\/ismaelcolosi.com.br\/index.php\/category\/noticias-de-ribeirao-preto-sp-e-regiao-ismael-colosi\/"},"img":{"alt_text":"","src":"https:\/\/i0.wp.com\/ismaelcolosi.com.br\/wp-content\/uploads\/2023\/12\/00-14-dez-2023-garimpo-ilegal-foto-pf.jpg?fit=768%2C576&ssl=1&resize=350%2C200","width":350,"height":200,"srcset":"https:\/\/i0.wp.com\/ismaelcolosi.com.br\/wp-content\/uploads\/2023\/12\/00-14-dez-2023-garimpo-ilegal-foto-pf.jpg?fit=768%2C576&ssl=1&resize=350%2C200 1x, https:\/\/i0.wp.com\/ismaelcolosi.com.br\/wp-content\/uploads\/2023\/12\/00-14-dez-2023-garimpo-ilegal-foto-pf.jpg?fit=768%2C576&ssl=1&resize=525%2C300 1.5x, https:\/\/i0.wp.com\/ismaelcolosi.com.br\/wp-content\/uploads\/2023\/12\/00-14-dez-2023-garimpo-ilegal-foto-pf.jpg?fit=768%2C576&ssl=1&resize=700%2C400 2x"},"classes":[]},{"id":2821,"url":"https:\/\/ismaelcolosi.com.br\/index.php\/2023\/11\/16\/policia-pede-prisao-de-empresario-suspeito-de-golpe-em-ribeirao-preto\/","url_meta":{"origin":68234,"position":5},"title":"Pol\u00edcia pede pris\u00e3o de empres\u00e1rio suspeito de golpe em Ribeir\u00e3o Preto","author":"ismaelcolosi.com.br","date":"16 de November de 2023","format":false,"excerpt":"O delegado Gustavo Andr\u00e9 Alves, da Pol\u00edcia Civil, pediu a pris\u00e3o preventiva de Andr\u00e9 Luiz de Jesus Rosa, empres\u00e1rio suspeito de aplicar um golpe de mais de R$ 40 milh\u00f5es em clientes de uma empresa de investimentos de Ribeir\u00e3o Preto. Ele est\u00e1 foragido desde o \u00faltimo m\u00eas de mar\u00e7o. O\u2026","rel":"","context":"In &quot;Not\u00edcias de Ribeir\u00e3o Preto-SP e Regi\u00e3o&quot;","block_context":{"text":"Not\u00edcias de Ribeir\u00e3o Preto-SP e Regi\u00e3o","link":"https:\/\/ismaelcolosi.com.br\/index.php\/category\/noticias-de-ribeirao-preto-sp-e-regiao-ismael-colosi\/"},"img":{"alt_text":"","src":"https:\/\/i0.wp.com\/ismaelcolosi.com.br\/wp-content\/uploads\/2023\/11\/andre-luiz-rosa.jpg?fit=1200%2C934&ssl=1&resize=350%2C200","width":350,"height":200,"srcset":"https:\/\/i0.wp.com\/ismaelcolosi.com.br\/wp-content\/uploads\/2023\/11\/andre-luiz-rosa.jpg?fit=1200%2C934&ssl=1&resize=350%2C200 1x, https:\/\/i0.wp.com\/ismaelcolosi.com.br\/wp-content\/uploads\/2023\/11\/andre-luiz-rosa.jpg?fit=1200%2C934&ssl=1&resize=525%2C300 1.5x, https:\/\/i0.wp.com\/ismaelcolosi.com.br\/wp-content\/uploads\/2023\/11\/andre-luiz-rosa.jpg?fit=1200%2C934&ssl=1&resize=700%2C400 2x, https:\/\/i0.wp.com\/ismaelcolosi.com.br\/wp-content\/uploads\/2023\/11\/andre-luiz-rosa.jpg?fit=1200%2C934&ssl=1&resize=1050%2C600 3x"},"classes":[]}],"jetpack_sharing_enabled":true,"jetpack_shortlink":"https:\/\/wp.me\/pfMlyK-hKy","_links":{"self":[{"href":"https:\/\/ismaelcolosi.com.br\/index.php\/wp-json\/wp\/v2\/posts\/68234","targetHints":{"allow":["GET"]}}],"collection":[{"href":"https:\/\/ismaelcolosi.com.br\/index.php\/wp-json\/wp\/v2\/posts"}],"about":[{"href":"https:\/\/ismaelcolosi.com.br\/index.php\/wp-json\/wp\/v2\/types\/post"}],"author":[{"embeddable":true,"href":"https:\/\/ismaelcolosi.com.br\/index.php\/wp-json\/wp\/v2\/users\/1"}],"replies":[{"embeddable":true,"href":"https:\/\/ismaelcolosi.com.br\/index.php\/wp-json\/wp\/v2\/comments?post=68234"}],"version-history":[{"count":0,"href":"https:\/\/ismaelcolosi.com.br\/index.php\/wp-json\/wp\/v2\/posts\/68234\/revisions"}],"wp:featuredmedia":[{"embeddable":true,"href":"https:\/\/ismaelcolosi.com.br\/index.php\/wp-json\/wp\/v2\/media\/68235"}],"wp:attachment":[{"href":"https:\/\/ismaelcolosi.com.br\/index.php\/wp-json\/wp\/v2\/media?parent=68234"}],"wp:term":[{"taxonomy":"category","embeddable":true,"href":"https:\/\/ismaelcolosi.com.br\/index.php\/wp-json\/wp\/v2\/categories?post=68234"},{"taxonomy":"post_tag","embeddable":true,"href":"https:\/\/ismaelcolosi.com.br\/index.php\/wp-json\/wp\/v2\/tags?post=68234"}],"curies":[{"name":"wp","href":"https:\/\/api.w.org\/{rel}","templated":true}]}}