{"id":68226,"date":"2024-09-27T20:31:20","date_gmt":"2024-09-27T23:31:20","guid":{"rendered":"https:\/\/ismaelcolosi.com.br\/index.php\/2024\/09\/27\/o-que-esperar-da-frente-fria-que-atinge-o-interior-de-sp-no-fim-de-semana-2\/"},"modified":"2024-09-27T20:31:20","modified_gmt":"2024-09-27T23:31:20","slug":"o-que-esperar-da-frente-fria-que-atinge-o-interior-de-sp-no-fim-de-semana-2","status":"publish","type":"post","link":"https:\/\/ismaelcolosi.com.br\/index.php\/2024\/09\/27\/o-que-esperar-da-frente-fria-que-atinge-o-interior-de-sp-no-fim-de-semana-2\/","title":{"rendered":"O que esperar da frente fria que atinge o interior de SP no fim de semana?"},"content":{"rendered":"<p> <br \/>\n<\/p>\n<div>\n<p>Uma <strong>frente fria<\/strong> avan\u00e7a sobre <strong>Sudeste <\/strong>e pode <strong>provocar chuva<\/strong> e <strong>queda da temperatura<\/strong> em algumas regi\u00f5es do <strong>interior de S\u00e3o Paulo<\/strong>, de acordo com a meteorologia. <mark style=\"background-color:#fcb900\" class=\"has-inline-color\">A regi\u00e3o tem enfrentado um <strong>longo per\u00edodo de estiagem<\/strong>, com cidades <strong>sem registro de chuva<\/strong> h\u00e1 pelo menos <strong>tr\u00eas meses<\/strong>.<\/mark><\/p>\n<p>Em meio a uma <strong>intensa onda de calor<\/strong>, a previs\u00e3o aponta para a <strong>possibilidade de chuva<\/strong> no i<strong>nterior paulista<\/strong> neste s\u00e1bado (28), entretanto, <strong><mark style=\"background-color:#fcb900\" class=\"has-inline-color\">\u00e9 importante lembrar que o fen\u00f4meno n\u00e3o vai chegar para todo mundo.<\/mark><\/strong> Al\u00e9m disso, essa <strong>frente fria<\/strong> n\u00e3o ser\u00e1 o \u2018start\u2019 do <strong>per\u00edodo \u00famido<\/strong> da <strong>primavera <\/strong>\u2013 saiba mais abaixo.<\/p>\n<h2 class=\"wp-block-heading\"><strong>Frente fria traz chuva<\/strong><\/h2>\n<p>De acordo com a meteorologista<strong> Amanda Souza<\/strong>, do <strong><a href=\"https:\/\/www.tempo.com\/noticias\/previsao\/frente-fria-no-sudeste-ajudara-a-causar-chuvas-no-centro-do-brasil-neste-sabado-saiba-o-que-esperar.html\" target=\"_blank\" rel=\"noreferrer noopener\">Meteored<\/a><\/strong>, o sistema que pode gerar essa mudan\u00e7a no tempo \u00e9 uma <strong>frente fria que vai chegar at\u00e9 a regi\u00e3o Sudeste<\/strong> e provocar um <strong>canal de umidade <\/strong>que tende a atravessar o Brasil.<\/p>\n<p>Esse cen\u00e1rio pode resultar em algumas <mark style=\"background-color:#fcb900\" class=\"has-inline-color\"><strong>pancadas de chuva<\/strong> de maneira r\u00e1pida, irregular, mal distribu\u00edda e sem altos volumes de precipita\u00e7\u00e3o<\/mark>, ou seja, <strong>chuvas insuficientes para reverter o d\u00e9ficit h\u00eddrico<\/strong>.<\/p>\n<figure class=\"wp-block-pullquote\">\n<blockquote>\n<p>Apesar de ser uma chuva que n\u00e3o reverte o quadro de d\u00e9ficit h\u00eddrico na regi\u00e3o e uma chuva tamb\u00e9m que ser\u00e1 muito pontual e irregular, as pancadas j\u00e1 podem trazer certo al\u00edvio frente ao longo per\u00edodo de estiagem<\/p>\n<p><cite>Amanda Souza, do Meteored<\/cite><\/p><\/blockquote>\n<\/figure>\n<p>O <strong>calor\u00e3o continua<\/strong>, contudo, as <strong>primeiras pancadas de chuva da primavera<\/strong> j\u00e1 trazem certo al\u00edvio ao <strong>interior paulista<\/strong>, que vem enfrentando temperaturas de <strong>40\u00baC nos \u00faltimos dias<\/strong>. <mark style=\"background-color:#fcb900\" class=\"has-inline-color\">Na pr\u00f3xima semana, <strong>as temperaturas devem subir novamente<\/strong>. <\/mark><\/p>\n<h3 class=\"wp-block-heading\"><strong>Alerta de tempestade para o interior de SP<\/strong><\/h3>\n<p>Os meteorologistas dizem que ainda existem chances de chover nesta <strong>sexta-feira (27)<\/strong>. O <strong><a href=\"https:\/\/alertas2.inmet.gov.br\/48550\" target=\"_blank\" rel=\"noreferrer noopener\">Inmet (Instituto Nacional de Meteorologia)<\/a><\/strong> emitiu um alerta que indica \u201c<strong>perigo<\/strong> <strong>potencial<\/strong>\u201d para <strong>tempestade <\/strong>em parte do <strong>interior de S\u00e3o Paulo<\/strong>, por causa do avan\u00e7o dessa<strong> frente fria<\/strong>.<\/p>\n<p><mark style=\"background-color:#fcb900\" class=\"has-inline-color\">O comunicado come\u00e7ou a valer ao meio-dia e vai at\u00e9 as 23h59.<\/mark> Ele aponta o risco de <strong>chuva <\/strong>entre 20 e 30 mil\u00edmetros por hora, al\u00e9m de <strong>ventos intensos<\/strong>. Confira as regi\u00f5es afetadas pelo alerta de tempestade:<\/p>\n<ul>\n<li>S\u00e3o Jos\u00e9 do Rio Preto, Campinas, Bauru, Piracicaba, Itapetininga, <strong>Ribeir\u00e3o Preto<\/strong>, Ara\u00e7atuba, Mar\u00edlia, Araraquara, Assis e Presidente Prudente.<\/li>\n<\/ul>\n<h4 class=\"wp-block-heading\"><strong>Vai chover em outubro?<\/strong><\/h4>\n<p>Ainda de acordo com a meteorologista do <strong>Meteored<\/strong>, no per\u00edodo entre 07 e 14 de outubro <strong>ainda n\u00e3o h\u00e1 proje\u00e7\u00e3o de anomalias positivas de precipita\u00e7\u00e3o<\/strong>. <\/p>\n<p><mark style=\"background-color:#fcb900\" class=\"has-inline-color\">Contudo, na <strong>segunda quinzena de outubro<\/strong>, a tend\u00eancia \u00e9 de chuvas mais espalhadas pelo Centro-Oeste e Sudeste, maior avan\u00e7o das instabilidades e maiores volumes de precipita\u00e7\u00e3o.<\/mark><\/p>\n<figure class=\"wp-block-pullquote\">\n<blockquote>\n<p>Ainda \u00e9 cedo para falar em regulariza\u00e7\u00e3o e recupera\u00e7\u00e3o total da umidade, mas outubro vai chegar trazendo mais al\u00edvio e mais esperan\u00e7a de melhorias sobre o Centro do Brasil. Com a maior frequ\u00eancia de chuvas, a expectativa \u00e9 que ondas de calor \u00e1 n\u00e3o atinjam a regi\u00e3o como tem acontecido<\/p>\n<p><cite>Amanda Souza, do Meteored<\/cite><\/p><\/blockquote>\n<\/figure>\n<hr class=\"wp-block-separator has-alpha-channel-opacity\"\/>\n<p>SAIBA MAIS<\/p>\n<p>Saerp alerta para falta d\u2019\u00e1gua em Ribeir\u00e3o Preto; Veja onde <mark style=\"background-color:#ffffff\" class=\"has-inline-color has-white-color\">entretanto,<\/mark><\/p>\n<h4 class=\"wp-block-heading\"><strong>FIQUE ON<\/strong><\/h4>\n<p>Fique ligado em tudo que acontece em Ribeir\u00e3o Preto e regi\u00e3o. Siga os perfis do\u00a0<strong>acidade on\u00a0<\/strong>no\u00a0<a href=\"https:\/\/www.instagram.com\/acidadeonribeirao\" target=\"_blank\" rel=\"noreferrer noopener\">Instagram\u00a0<\/a>e no\u00a0<a href=\"https:\/\/www.facebook.com\/acidadeonribeirao\/\" target=\"_blank\" rel=\"noreferrer noopener\">Facebook<\/a>.<\/p>\n<p>Receba not\u00edcias do\u00a0<strong>acidade on<\/strong>\u00a0no WhatsApp.\u00a0<a href=\"https:\/\/chat.whatsapp.com\/Dtv9mxhy6V5BJBotM2OQ5k\" target=\"_blank\" rel=\"noreferrer noopener\">Para entrar no grupo, basta clicar aqui.<\/a><\/p>\n<p>Fa\u00e7a uma den\u00fancia ou sugira uma reportagem sobre Ribeir\u00e3o Preto e regi\u00e3o pelo WhatsApp: 16 99117 7802.<\/p>\n<p>VEJA TAMB\u00c9M<\/p>\n<p>J\u00e1 come\u00e7aram as vendas do iPhone 16 no Brasil? <mark style=\"background-color:#ffffff\" class=\"has-inline-color has-white-color\">entretanto,<\/mark><\/p>\n<p><!-- CONTENT END 1 -->\n<\/div>\n<p><script async src=\"\/\/www.instagram.com\/embed.js\"><\/script><br \/>\n<br \/><br \/>\n<br \/><a href=\"https:\/\/www.acidadeon.com\/ribeiraopreto\/cotidiano\/o-que-esperar-da-frente-fria-que-atinge-o-interior-de-sp-no-fim-de-semana\/\">Source link <\/a><\/p>\n","protected":false},"excerpt":{"rendered":"<p>Uma frente fria avan\u00e7a sobre Sudeste e pode provocar chuva e queda da temperatura em algumas regi\u00f5es do interior de S\u00e3o Paulo, de acordo com&#8230;<\/p>\n","protected":false},"author":1,"featured_media":68227,"comment_status":"open","ping_status":"open","sticky":false,"template":"","format":"standard","meta":{"_uag_custom_page_level_css":"","advanced_seo_description":"","jetpack_seo_html_title":"","jetpack_seo_noindex":false,"jetpack_post_was_ever_published":false,"_jetpack_newsletter_access":"","_jetpack_dont_email_post_to_subs":false,"_jetpack_newsletter_tier_id":0,"_jetpack_memberships_contains_paywalled_content":false,"_jetpack_memberships_contains_paid_content":false,"footnotes":"","jetpack_publicize_message":"","jetpack_publicize_feature_enabled":true,"jetpack_social_post_already_shared":true,"jetpack_social_options":{"image_generator_settings":{"template":"highway","default_image_id":0,"font":"","enabled":false},"version":2}},"categories":[11],"tags":[],"class_list":["post-68226","post","type-post","status-publish","format-standard","has-post-thumbnail","hentry","category-noticias-de-ribeirao-preto-sp-e-regiao-ismael-colosi"],"jetpack_publicize_connections":[],"jetpack_featured_media_url":"https:\/\/i0.wp.com\/ismaelcolosi.com.br\/wp-content\/uploads\/2024\/09\/1727479880_chuva_guardachuva_500x320_12022019150254.jpg?fit=500%2C322&ssl=1","uagb_featured_image_src":{"full":["https:\/\/i0.wp.com\/ismaelcolosi.com.br\/wp-content\/uploads\/2024\/09\/1727479880_chuva_guardachuva_500x320_12022019150254.jpg?fit=500%2C322&ssl=1",500,322,false],"thumbnail":["https:\/\/i0.wp.com\/ismaelcolosi.com.br\/wp-content\/uploads\/2024\/09\/1727479880_chuva_guardachuva_500x320_12022019150254.jpg?resize=150%2C150&ssl=1",150,150,true],"medium":["https:\/\/i0.wp.com\/ismaelcolosi.com.br\/wp-content\/uploads\/2024\/09\/1727479880_chuva_guardachuva_500x320_12022019150254.jpg?fit=300%2C193&ssl=1",300,193,true],"medium_large":["https:\/\/i0.wp.com\/ismaelcolosi.com.br\/wp-content\/uploads\/2024\/09\/1727479880_chuva_guardachuva_500x320_12022019150254.jpg?fit=500%2C322&ssl=1",500,322,true],"large":["https:\/\/i0.wp.com\/ismaelcolosi.com.br\/wp-content\/uploads\/2024\/09\/1727479880_chuva_guardachuva_500x320_12022019150254.jpg?fit=500%2C322&ssl=1",500,322,true],"1536x1536":["https:\/\/i0.wp.com\/ismaelcolosi.com.br\/wp-content\/uploads\/2024\/09\/1727479880_chuva_guardachuva_500x320_12022019150254.jpg?fit=500%2C322&ssl=1",500,322,true],"2048x2048":["https:\/\/i0.wp.com\/ismaelcolosi.com.br\/wp-content\/uploads\/2024\/09\/1727479880_chuva_guardachuva_500x320_12022019150254.jpg?fit=500%2C322&ssl=1",500,322,true],"really-simple-thumb":["https:\/\/i0.wp.com\/ismaelcolosi.com.br\/wp-content\/uploads\/2024\/09\/1727479880_chuva_guardachuva_500x320_12022019150254.jpg?resize=370%2C247&ssl=1",370,247,true]},"uagb_author_info":{"display_name":"ismaelcolosi.com.br","author_link":"https:\/\/ismaelcolosi.com.br\/index.php\/author\/vidareal-online\/"},"uagb_comment_info":0,"uagb_excerpt":"Uma frente fria avan\u00e7a sobre Sudeste e pode provocar chuva e queda da temperatura em algumas regi\u00f5es do interior de S\u00e3o Paulo, de acordo com...","jetpack-related-posts":[{"id":21140,"url":"https:\/\/ismaelcolosi.com.br\/index.php\/2023\/12\/27\/frente-fria-veja-se-ha-previsao-de-chuva-no-interior-de-sp\/","url_meta":{"origin":68226,"position":0},"title":"Frente fria? Veja se h\u00e1 previs\u00e3o de chuva no interior de SP","author":"ismaelcolosi.com.br","date":"27 de December de 2023","format":false,"excerpt":"A frente fria que chegou no in\u00edcio da semana come\u00e7ou a se afastar para alto mar, segundo a Climatempo. Por\u00e9m, a frente fria ainda pode provocar pancadas de chuva no interior de S\u00e3o Paulo nesta quarta-feira (27). De acordo com os meteorologistas, o dia come\u00e7a nublado em S\u00e3o Paulo, com\u2026","rel":"","context":"In &quot;Not\u00edcias de Ribeir\u00e3o Preto-SP e Regi\u00e3o&quot;","block_context":{"text":"Not\u00edcias de Ribeir\u00e3o Preto-SP e Regi\u00e3o","link":"https:\/\/ismaelcolosi.com.br\/index.php\/category\/noticias-de-ribeirao-preto-sp-e-regiao-ismael-colosi\/"},"img":{"alt_text":"","src":"https:\/\/i0.wp.com\/ismaelcolosi.com.br\/wp-content\/uploads\/2023\/12\/1703674916_WhatsApp-Image-2023-11-24-at-11.08.54.jpeg?fit=1200%2C523&ssl=1&resize=350%2C200","width":350,"height":200,"srcset":"https:\/\/i0.wp.com\/ismaelcolosi.com.br\/wp-content\/uploads\/2023\/12\/1703674916_WhatsApp-Image-2023-11-24-at-11.08.54.jpeg?fit=1200%2C523&ssl=1&resize=350%2C200 1x, https:\/\/i0.wp.com\/ismaelcolosi.com.br\/wp-content\/uploads\/2023\/12\/1703674916_WhatsApp-Image-2023-11-24-at-11.08.54.jpeg?fit=1200%2C523&ssl=1&resize=525%2C300 1.5x, https:\/\/i0.wp.com\/ismaelcolosi.com.br\/wp-content\/uploads\/2023\/12\/1703674916_WhatsApp-Image-2023-11-24-at-11.08.54.jpeg?fit=1200%2C523&ssl=1&resize=700%2C400 2x, https:\/\/i0.wp.com\/ismaelcolosi.com.br\/wp-content\/uploads\/2023\/12\/1703674916_WhatsApp-Image-2023-11-24-at-11.08.54.jpeg?fit=1200%2C523&ssl=1&resize=1050%2C600 3x"},"classes":[]},{"id":68222,"url":"https:\/\/ismaelcolosi.com.br\/index.php\/2024\/09\/27\/o-que-esperar-da-frente-fria-que-atinge-o-interior-de-sp-no-fim-de-semana\/","url_meta":{"origin":68226,"position":1},"title":"O que esperar da frente fria que atinge o interior de SP no fim de semana?","author":"ismaelcolosi.com.br","date":"27 de September de 2024","format":false,"excerpt":"Uma frente fria avan\u00e7a sobre Sudeste e pode provocar chuva e queda da temperatura em algumas regi\u00f5es do interior de S\u00e3o Paulo, de acordo com a meteorologia. A regi\u00e3o tem enfrentado um longo per\u00edodo de estiagem, com cidades sem registro de chuva h\u00e1 pelo menos tr\u00eas meses. Em meio a\u2026","rel":"","context":"In &quot;Not\u00edcias de Ribeir\u00e3o Preto-SP e Regi\u00e3o&quot;","block_context":{"text":"Not\u00edcias de Ribeir\u00e3o Preto-SP e Regi\u00e3o","link":"https:\/\/ismaelcolosi.com.br\/index.php\/category\/noticias-de-ribeirao-preto-sp-e-regiao-ismael-colosi\/"},"img":{"alt_text":"","src":"https:\/\/i0.wp.com\/ismaelcolosi.com.br\/wp-content\/uploads\/2024\/09\/1727477670_chuva_guardachuva_500x320_12022019150254.jpg?fit=500%2C322&ssl=1&resize=350%2C200","width":350,"height":200},"classes":[]},{"id":65097,"url":"https:\/\/ismaelcolosi.com.br\/index.php\/2024\/09\/10\/frente-fria-se-aproxima-e-deve-trazer-chuva-preta-ao-interior-de-sp-veja-previsao\/","url_meta":{"origin":68226,"position":2},"title":"Frente fria se aproxima e deve trazer chuva preta ao interior de SP; Veja previs\u00e3o","author":"ismaelcolosi.com.br","date":"10 de September de 2024","format":false,"excerpt":"Uma nova frente fria se desloca em dire\u00e7\u00e3o \u00e0 regi\u00e3o central do pa\u00eds nesta semana e pode provocar chuva preta em diversas regi\u00f5es do interior de S\u00e3o Paulo. Conforme a meteorologia, esse sistema pode trazer um al\u00edvio tempor\u00e1rio para algumas regi\u00f5es afetadas pelo calor extremo e fuma\u00e7a densa, contudo, n\u00e3o\u2026","rel":"","context":"In &quot;Not\u00edcias de Ribeir\u00e3o Preto-SP e Regi\u00e3o&quot;","block_context":{"text":"Not\u00edcias de Ribeir\u00e3o Preto-SP e Regi\u00e3o","link":"https:\/\/ismaelcolosi.com.br\/index.php\/category\/noticias-de-ribeirao-preto-sp-e-regiao-ismael-colosi\/"},"img":{"alt_text":"","src":"https:\/\/i0.wp.com\/ismaelcolosi.com.br\/wp-content\/uploads\/2024\/08\/NUVEM-POEIRA_2024-08-24_20-57-24_jpg_2024-08-24_20-57-24.webp.webp?fit=1200%2C913&ssl=1&resize=350%2C200","width":350,"height":200,"srcset":"https:\/\/i0.wp.com\/ismaelcolosi.com.br\/wp-content\/uploads\/2024\/08\/NUVEM-POEIRA_2024-08-24_20-57-24_jpg_2024-08-24_20-57-24.webp.webp?fit=1200%2C913&ssl=1&resize=350%2C200 1x, https:\/\/i0.wp.com\/ismaelcolosi.com.br\/wp-content\/uploads\/2024\/08\/NUVEM-POEIRA_2024-08-24_20-57-24_jpg_2024-08-24_20-57-24.webp.webp?fit=1200%2C913&ssl=1&resize=525%2C300 1.5x, https:\/\/i0.wp.com\/ismaelcolosi.com.br\/wp-content\/uploads\/2024\/08\/NUVEM-POEIRA_2024-08-24_20-57-24_jpg_2024-08-24_20-57-24.webp.webp?fit=1200%2C913&ssl=1&resize=700%2C400 2x, https:\/\/i0.wp.com\/ismaelcolosi.com.br\/wp-content\/uploads\/2024\/08\/NUVEM-POEIRA_2024-08-24_20-57-24_jpg_2024-08-24_20-57-24.webp.webp?fit=1200%2C913&ssl=1&resize=1050%2C600 3x"},"classes":[]},{"id":57607,"url":"https:\/\/ismaelcolosi.com.br\/index.php\/2024\/07\/23\/chuva-no-interior-de-sp-veja-quando-tem-previsao-de-frente-fria\/","url_meta":{"origin":68226,"position":3},"title":"Chuva no interior de SP? Veja quando tem previs\u00e3o de frente fria","author":"ismaelcolosi.com.br","date":"23 de July de 2024","format":false,"excerpt":"Uma frente fria est\u00e1 prevista para passar pela costa da regi\u00e3o Sudeste nos pr\u00f3ximos dias. Segundo a meteorologista Jos\u00e9lia Pegorim, da Climatempo, este sistema tem previs\u00e3o para chegar no final deste m\u00eas de julho. Contudo, esta frente fria n\u00e3o deve levar chuva ao interior de regi\u00e3o. Assista ao v\u00eddeo abaixo.\u2026","rel":"","context":"In &quot;Not\u00edcias de Ribeir\u00e3o Preto-SP e Regi\u00e3o&quot;","block_context":{"text":"Not\u00edcias de Ribeir\u00e3o Preto-SP e Regi\u00e3o","link":"https:\/\/ismaelcolosi.com.br\/index.php\/category\/noticias-de-ribeirao-preto-sp-e-regiao-ismael-colosi\/"},"img":{"alt_text":"","src":"https:\/\/i0.wp.com\/ismaelcolosi.com.br\/wp-content\/uploads\/2024\/07\/WhatsApp-Image-2024-03-22-at-12.17.55.jpeg?fit=1200%2C540&ssl=1&resize=350%2C200","width":350,"height":200,"srcset":"https:\/\/i0.wp.com\/ismaelcolosi.com.br\/wp-content\/uploads\/2024\/07\/WhatsApp-Image-2024-03-22-at-12.17.55.jpeg?fit=1200%2C540&ssl=1&resize=350%2C200 1x, https:\/\/i0.wp.com\/ismaelcolosi.com.br\/wp-content\/uploads\/2024\/07\/WhatsApp-Image-2024-03-22-at-12.17.55.jpeg?fit=1200%2C540&ssl=1&resize=525%2C300 1.5x, https:\/\/i0.wp.com\/ismaelcolosi.com.br\/wp-content\/uploads\/2024\/07\/WhatsApp-Image-2024-03-22-at-12.17.55.jpeg?fit=1200%2C540&ssl=1&resize=700%2C400 2x, https:\/\/i0.wp.com\/ismaelcolosi.com.br\/wp-content\/uploads\/2024\/07\/WhatsApp-Image-2024-03-22-at-12.17.55.jpeg?fit=1200%2C540&ssl=1&resize=1050%2C600 3x"},"classes":[]},{"id":67912,"url":"https:\/\/ismaelcolosi.com.br\/index.php\/2024\/09\/26\/veja-quando-a-frente-fria-traz-chuva-ao-interior-de-sp-e-alivio-no-calor\/","url_meta":{"origin":68226,"position":4},"title":"Veja quando a frente fria traz chuva ao interior de SP e al\u00edvio no calor","author":"ismaelcolosi.com.br","date":"26 de September de 2024","format":false,"excerpt":"O avan\u00e7o de instabilidades associadas ao deslocamento de um frente fria deve favorecer a ocorr\u00eancia de pancadas de chuva isoladas no interior de S\u00e3o Paulo. Segundo a Climatempo, esta nova frente fria deve avan\u00e7ar sobre as regi\u00f5es de Campinas, S\u00e3o Carlos e Ribeir\u00e3o Preto nesta sexta-feira (27). Por causa da\u2026","rel":"","context":"In &quot;Not\u00edcias de Ribeir\u00e3o Preto-SP e Regi\u00e3o&quot;","block_context":{"text":"Not\u00edcias de Ribeir\u00e3o Preto-SP e Regi\u00e3o","link":"https:\/\/ismaelcolosi.com.br\/index.php\/category\/noticias-de-ribeirao-preto-sp-e-regiao-ismael-colosi\/"},"img":{"alt_text":"","src":"https:\/\/i0.wp.com\/ismaelcolosi.com.br\/wp-content\/uploads\/2024\/09\/chuva.jpeg?fit=1200%2C903&ssl=1&resize=350%2C200","width":350,"height":200,"srcset":"https:\/\/i0.wp.com\/ismaelcolosi.com.br\/wp-content\/uploads\/2024\/09\/chuva.jpeg?fit=1200%2C903&ssl=1&resize=350%2C200 1x, https:\/\/i0.wp.com\/ismaelcolosi.com.br\/wp-content\/uploads\/2024\/09\/chuva.jpeg?fit=1200%2C903&ssl=1&resize=525%2C300 1.5x, https:\/\/i0.wp.com\/ismaelcolosi.com.br\/wp-content\/uploads\/2024\/09\/chuva.jpeg?fit=1200%2C903&ssl=1&resize=700%2C400 2x, https:\/\/i0.wp.com\/ismaelcolosi.com.br\/wp-content\/uploads\/2024\/09\/chuva.jpeg?fit=1200%2C903&ssl=1&resize=1050%2C600 3x"},"classes":[]},{"id":67920,"url":"https:\/\/ismaelcolosi.com.br\/index.php\/2024\/09\/26\/veja-quando-a-frente-fria-traz-chuva-e-alivio-no-calor-para-o-interior-de-sp\/","url_meta":{"origin":68226,"position":5},"title":"Veja quando a frente fria traz chuva e al\u00edvio no calor para o interior de SP","author":"ismaelcolosi.com.br","date":"26 de September de 2024","format":false,"excerpt":"O avan\u00e7o de instabilidades associadas ao deslocamento de um frente fria deve favorecer a ocorr\u00eancia de pancadas de chuva isoladas no interior de S\u00e3o Paulo. Segundo a Climatempo, esta nova frente fria deve avan\u00e7ar sobre as regi\u00f5es de Campinas, S\u00e3o Carlos e Ribeir\u00e3o Preto nesta sexta-feira (27). Por causa da\u2026","rel":"","context":"In &quot;Not\u00edcias de Ribeir\u00e3o Preto-SP e Regi\u00e3o&quot;","block_context":{"text":"Not\u00edcias de Ribeir\u00e3o Preto-SP e Regi\u00e3o","link":"https:\/\/ismaelcolosi.com.br\/index.php\/category\/noticias-de-ribeirao-preto-sp-e-regiao-ismael-colosi\/"},"img":{"alt_text":"","src":"https:\/\/i0.wp.com\/ismaelcolosi.com.br\/wp-content\/uploads\/2024\/09\/1727352619_chuva.jpeg?fit=1200%2C903&ssl=1&resize=350%2C200","width":350,"height":200,"srcset":"https:\/\/i0.wp.com\/ismaelcolosi.com.br\/wp-content\/uploads\/2024\/09\/1727352619_chuva.jpeg?fit=1200%2C903&ssl=1&resize=350%2C200 1x, https:\/\/i0.wp.com\/ismaelcolosi.com.br\/wp-content\/uploads\/2024\/09\/1727352619_chuva.jpeg?fit=1200%2C903&ssl=1&resize=525%2C300 1.5x, https:\/\/i0.wp.com\/ismaelcolosi.com.br\/wp-content\/uploads\/2024\/09\/1727352619_chuva.jpeg?fit=1200%2C903&ssl=1&resize=700%2C400 2x, https:\/\/i0.wp.com\/ismaelcolosi.com.br\/wp-content\/uploads\/2024\/09\/1727352619_chuva.jpeg?fit=1200%2C903&ssl=1&resize=1050%2C600 3x"},"classes":[]}],"jetpack_sharing_enabled":true,"jetpack_shortlink":"https:\/\/wp.me\/pfMlyK-hKq","_links":{"self":[{"href":"https:\/\/ismaelcolosi.com.br\/index.php\/wp-json\/wp\/v2\/posts\/68226","targetHints":{"allow":["GET"]}}],"collection":[{"href":"https:\/\/ismaelcolosi.com.br\/index.php\/wp-json\/wp\/v2\/posts"}],"about":[{"href":"https:\/\/ismaelcolosi.com.br\/index.php\/wp-json\/wp\/v2\/types\/post"}],"author":[{"embeddable":true,"href":"https:\/\/ismaelcolosi.com.br\/index.php\/wp-json\/wp\/v2\/users\/1"}],"replies":[{"embeddable":true,"href":"https:\/\/ismaelcolosi.com.br\/index.php\/wp-json\/wp\/v2\/comments?post=68226"}],"version-history":[{"count":0,"href":"https:\/\/ismaelcolosi.com.br\/index.php\/wp-json\/wp\/v2\/posts\/68226\/revisions"}],"wp:featuredmedia":[{"embeddable":true,"href":"https:\/\/ismaelcolosi.com.br\/index.php\/wp-json\/wp\/v2\/media\/68227"}],"wp:attachment":[{"href":"https:\/\/ismaelcolosi.com.br\/index.php\/wp-json\/wp\/v2\/media?parent=68226"}],"wp:term":[{"taxonomy":"category","embeddable":true,"href":"https:\/\/ismaelcolosi.com.br\/index.php\/wp-json\/wp\/v2\/categories?post=68226"},{"taxonomy":"post_tag","embeddable":true,"href":"https:\/\/ismaelcolosi.com.br\/index.php\/wp-json\/wp\/v2\/tags?post=68226"}],"curies":[{"name":"wp","href":"https:\/\/api.w.org\/{rel}","templated":true}]}}