{"id":68214,"date":"2024-09-27T18:50:51","date_gmt":"2024-09-27T21:50:51","guid":{"rendered":"https:\/\/ismaelcolosi.com.br\/index.php\/2024\/09\/27\/ubds-central-e-reestruturacao-da-cohab-veja-as-promessas-de-ricardo-silva-para-ribeirao-preto\/"},"modified":"2024-09-27T18:50:51","modified_gmt":"2024-09-27T21:50:51","slug":"ubds-central-e-reestruturacao-da-cohab-veja-as-promessas-de-ricardo-silva-para-ribeirao-preto","status":"publish","type":"post","link":"https:\/\/ismaelcolosi.com.br\/index.php\/2024\/09\/27\/ubds-central-e-reestruturacao-da-cohab-veja-as-promessas-de-ricardo-silva-para-ribeirao-preto\/","title":{"rendered":"UBDS Central e reestrutura\u00e7\u00e3o da Cohab: Veja as promessas de Ricardo Silva para Ribeir\u00e3o Preto"},"content":{"rendered":"<p> <br \/>\n<\/p>\n<div data-td-block-uid=\"tdi_106\">\n<div class=\"tdb-block-inner td-fix-index\">\n<figure class=\"wp-block-embed is-type-video is-provider-youtube wp-block-embed-youtube wp-embed-aspect-4-3 wp-has-aspect-ratio\">\n<div class=\"wp-block-embed__wrapper\">\n<p><iframe loading=\"lazy\" title=\"Entrevista com o candidato \u00e0 Prefeitura de Ribeir\u00e3o Preto Ricardo Silva (PSD)\" width=\"500\" height=\"375\" src=\"https:\/\/www.youtube.com\/embed\/K4rOPw2gUWg?feature=oembed\" frameborder=\"0\" allow=\"accelerometer; autoplay; clipboard-write; encrypted-media; gyroscope; picture-in-picture; web-share\" referrerpolicy=\"strict-origin-when-cross-origin\" allowfullscreen><\/iframe><\/p>\n<\/div>\n<\/figure>\n<p>O<strong> acidade on Ribeir\u00e3o<\/strong> realizou nesta semana uma s\u00e9rie de entrevistas com os candidatos \u00e0 <strong>Prefeitura de Ribeir\u00e3o Pret<\/strong>o nas <strong>elei\u00e7\u00f5es 2024<\/strong>. Nesta sexta-feira (27) o entrevistado foi o deputado federal <strong>Ricardo Silva (PSD) <\/strong>\u2013 veja o player acima.<\/p>\n<p>Ricardo Silva \u00e9 candidato pela coliga\u00e7\u00e3o Pra Ribeir\u00e3o Avan\u00e7ar, formada por PSD\/PRD\/Solidariedade\/PDT\/Republicanos\/PP\/MDB\/PL\/Avante\/PSB. O candidato a vice na chapa \u00e9 Alessandro Maraca, do MDB.<\/p>\n<p>A ordem dos entrevistados foi definida de acordo com o resultado da pesquisa estimulada <strong>EPTV\/Quaest (SP-07293\/2024) <\/strong>divulgada no dia de 18 setembro. Foram convidados os quatro primeiros colocados, que ser\u00e3o sabatinados ao vivo por 12 minutos. O candidato do DC, Matheus Coelho, que entrou na disputa ap\u00f3s a pesquisa eleitoral, ter\u00e1 veiculada entrevista de 2 minutos.<\/p>\n<p><strong>Uma de suas propostas \u00e9 voltar a UBDS Central onde hoje funciona o Caps IV desde novembro 2022. Por que reimplantar a UBDS Central e para onde ir\u00e1 o Caps IV?<\/strong><\/p>\n<ul>\n<li>Muito bom. A sua pergunta \u00e9 \u00f3tima, porque nos d\u00e1 a chance de falar sobre sa\u00fade mental e sobre o atendimento 24 horas. Foi um erro do atual governo fechar a UBDS Central, uma distrital de sa\u00fade 24 horas que atendia urg\u00eancias e emerg\u00eancias de muitos bairros da cidade. Vila Tib\u00e9rio, por exemplo, com a popula\u00e7\u00e3o idosa, o Centro da cidade. Foi um erro muito grande. Temos que ter cinco unidades 24 horas. \u00c9 o que diz a Lei Org\u00e2nica do Munic\u00edpio e eles reduziram em uma com a promessa de colocar ali um centro de sa\u00fade mental, que me permita apenas afirmar que ali n\u00e3o \u00e9 um Caps. N\u00e3o tem o reconhecimento oficial do governo como Caps. Ali \u00e9 um centro de sa\u00fade que nem nomenclatura tem pelos \u00f3rg\u00e3os oficiais do Governo Federal. Tinham 10 leitos de sa\u00fade mental, agora disseram que colocaram um pouco mais, s\u00f3 que ainda \u00e9 muito t\u00edmido. Ribeir\u00e3o Preto n\u00e3o pode depender apenas daquele centro como a pol\u00edtica sua de sa\u00fade mental. O que \u00e9 que n\u00f3s vamos fazer? Vamos reativar a UBDS Central, colocar m\u00e9dicos 24 horas, voltar no processo de revitaliza\u00e7\u00e3o do Centro, e o atendimento de sa\u00fade mental, a\u00ed sim, levar para um local adequado. N\u00f3s temos hoje. Existe o hospital municipal S\u00e3o Francisco de Assis, que \u00e9 um hospital que hoje trata de cuidados paliativos, \u00e9 um local amplo, tem espa\u00e7o para tratamento de sa\u00fade mental, hoje, com 37 leitos. Ent\u00e3o, perceba, n\u00f3s vamos quase que dobrar o atendimento em sa\u00fade mental. \u00c9 um local que tem gramado, que tem espa\u00e7o para terapia, no Centro n\u00e3o tem. Ent\u00e3o, n\u00f3s temos que cuidar do paciente grave em sa\u00fade mental e dos casos mais leves. Mas, tamb\u00e9m, esse \u00e9 o local exato para que n\u00f3s possamos fazer. Vamos fazer os cuidados paliativos que l\u00e1 est\u00e3o. Eu me preocupo com tudo. N\u00f3s vamos utilizar o [hospital] Santa Lydia, na sua capacidade ociosa, que tem. N\u00f3s vamos criar em Ribeir\u00e3o Preto um centro de cuidados paliativos, tamb\u00e9m, muita gente que t\u00eam c\u00e2ncer, que n\u00e3o tem mais o tratamento da medicina, n\u00e3o tem em Ribeir\u00e3o Preto um local para esse atendimento. Nas pr\u00f3prias unidades b\u00e1sicas de sa\u00fade existem salas ociosas, que a gente vai dar o atendimento multidisciplinar, o atendimento com carinho, com cuidado para esses pacientes tamb\u00e9m.<\/li>\n<\/ul>\n<p><strong>Ricardo, a gente continua aqui na \u00e1rea da sa\u00fade. Sobre a nova Unidade de Emerg\u00eancia do Hospital das Cl\u00ednicas. O senhor tem falado muito durante a campanha. Qual que \u00e9 o papel da prefeitura na implanta\u00e7\u00e3o desse hospital aqui em Ribeir\u00e3o Preto?<\/strong><\/p>\n<ul>\n<li> Essa \u00e9 uma conquista minha como deputado. Eu, at\u00e9 o final do ano de 2024, se for eleito prefeito, ainda continuo como deputado. Foi um trabalho meu como deputado. Eu consegui R$ 30 milh\u00f5es em emendas impositivas publicadas no Di\u00e1rio Oficial, no portal da transpar\u00eancia. O governador Tarc\u00edsio [de Freitas] mais R$ 50 milh\u00f5es para fazer essa primeira fase que j\u00e1 vai funcionar. J\u00e1 vamos ter o atendimento do HC e vamos desafogar a unidade do Centro. Vamos dobrar os leitos, porque vai funcionar o Centro com 200 leitos e o novo HC com mais 200. Vamos para 400 leitos, \u00e9 o que n\u00f3s pretendemos hoje. O projeto executivo, feito pela superintend\u00eancia do hospital j\u00e1 sendo entregue agora no dia 30 de setembro. At\u00e9, numa entrevista para EPTV, acompanhou esse projeto executivo j\u00e1 pronto. Recurso liberado e o governador Tarc\u00edsio, que gravou, inclusive, sobre isso. \u00c9 um cara muito s\u00e9rio. Alguns advers\u00e1rios tentam falar: \u2018ah, n\u00e3o vai acontecer\u2019. Gente, onde j\u00e1 se viu, um governador de estado, liberar R$ 50 milh\u00f5es, um deputado federal mais R$ 30 milh\u00f5es. Vamos fazer essa obra, que depois, ter\u00e1 outras fases para que n\u00f3s possamos ter ali os 400 leitos e, para que a unidade do Centro seja um centro de refer\u00eancia em traumatologia. Isso, o pr\u00f3prio governador j\u00e1 disse publicamente. Vamos fazer e a prefeitura se beneficia disso, porque n\u00f3s vamos desafogar os outros hospitais. E busca por vagas \u00e9 algo constante. N\u00f3s vamos desafogar. Apesar de ser um trabalho meu como deputado e, que eu estou entregando para Ribeir\u00e3o Preto, com muito orgulho, com muito carinho, como prefeito de Ribeir\u00e3o n\u00f3s vamos ter a\u00ed, com ele funcionando, mais facilidade para encontrar vaga na urg\u00eancia, emerg\u00eancia, para ampliar o atendimento dos filantr\u00f3picos, Santa Casa, Bene [Benefic\u00eancia Portuguesa] e por a\u00ed vai.<\/li>\n<\/ul>\n<p><strong>Como seria a reestrutura\u00e7\u00e3o dos corredores de \u00f4nibus que est\u00e1 entre as suas propostas de governo?<\/strong><\/p>\n<ul>\n<li>N\u00f3s temos que olhar para voca\u00e7\u00e3o de Ribeir\u00e3o. Ribeir\u00e3o \u00e9 uma cidade que vive do com\u00e9rcio, do setor de servi\u00e7os. N\u00f3s temos 255 mil pessoas com carteira registrada em Ribeir\u00e3o, das quais 205 mil pessoas est\u00e3o no com\u00e9rcio ou no setor de servi\u00e7os. Obras que foram mal planejadas trouxeram preju\u00edzo ao com\u00e9rcio. Eu sou a favor do corredor de \u00f4nibus, mas que ele exista junto com a realidade de uma cidade como Ribeir\u00e3o Preto. Se voc\u00ea for para [avenida] Dom Pedro, por exemplo, no hor\u00e1rio do meio do dia, \u00e0s 15h, passa um \u00f4nibus a cada 25 minutos. Isso n\u00e3o d\u00e1 para aceitar e fica ali parado com o comerciante quebrando. Ent\u00e3o, d\u00e1 para compatibilizar. A gente ter o corredor de \u00f4nibus na hora que precisa, que \u00e9 o hor\u00e1rio de pico, de manh\u00e3zinha e de tardezinha para noite. Durante o dia compatibiliza onde der com o com\u00e9rcio, para que n\u00f3s possamos permitir a parada de ve\u00edculos, garantindo um fluxo de tr\u00e2nsito melhor, porque n\u00e3o faz sentido a Dom Pedro uma via parada para o \u00f4nibus e a outra com tr\u00e2nsito infernal. N\u00f3s temos que mudar a l\u00f3gica do transporte coletivo para que as pessoas cheguem onde elas t\u00eam que chegar. Hoje n\u00e3o h\u00e1 liga\u00e7\u00e3o bairro a bairro. Vamos reestruturar isso tudo e garantir mobilidade urbana, garantir o corredor de \u00f4nibus, mas de um jeito que eles n\u00e3o atrapalhem a vida da cidade.<\/li>\n<\/ul>\n<p><strong>O senhor quer realizar um diagn\u00f3stico com o objetivo de resolver a falta de \u00e1gua em Ribeir\u00e3o. Como isso seria feito?<\/strong><\/p>\n<ul>\n<li>N\u00f3s temos em Ribeir\u00e3o Preto uma perda de \u00e1guas na casa de 44% da \u00e1gua que \u00e9 captada. \u00c9 um dado alarmante esse. \u00c9 muito grande. N\u00e3o d\u00e1 para prefeitura vendo jogar fora a \u00e1gua do aqu\u00edfero e ficar parada. N\u00e3o. N\u00f3s vamos iniciar um processo. Iniciar, porque \u00e9 um longo processo, vai demorar, talvez v\u00e1 passar at\u00e9 de governos, de troca da rede de \u00e1gua subterr\u00e2nea. Tem que come\u00e7ar a fazer isso. N\u00f3s gastamos por ano R$ 100 milh\u00f5es de energia el\u00e9trica com bombas que captam \u00e1gua e jogam quase metade da \u00e1gua fora. N\u00e3o faz sentido isso. N\u00f3s vamos mudar essa l\u00f3gica, iniciar um processo de obras nos bairros onde h\u00e1 mais falta de \u00e1gua e, a partir da\u00ed, a gente come\u00e7ar uma transforma\u00e7\u00e3o das redes de \u00e1gua, para que n\u00e3o falte \u00e1gua, para que a \u00e1gua n\u00e3o se perca. \u00c9 uma contradi\u00e7\u00e3o, um bairro com vazamento de \u00e1gua e faltar \u00e1gua na torneira. No Centro est\u00e1 acontecendo isso agora na rua Tibiri\u00e7\u00e1. Tive informa\u00e7\u00f5es nesse momento, no [Jardim] Paiva, no Ipiranga, no Monte Alegre. Vamos mudar isso com gest\u00e3o s\u00e9ria, profissional e capacitada.<\/li>\n<\/ul>\n<p><strong>Como \u00e9 o seu plano de macrodrenagem para Ribeir\u00e3o Preto?<\/strong><\/p>\n<ul>\n<li> Ribeir\u00e3o Preto passou por algumas obras de macrodrenagem, n\u00f3s tivemos a obra da [avenida] Jer\u00f4nimo [Gon\u00e7alves], as enchentes que n\u00f3s t\u00ednhamos na Vila Virg\u00ednia e muita coisa foi caminhando para solu\u00e7\u00e3o. S\u00f3 que problemas de microdrenagem e, eu dou um exemplo aqui, a Dom Pedro. A Dom Pedro, antes da obra do corredor de \u00f4nibus n\u00e3o tinha problema de drenagem ou n\u00e3o como \u00e9 hoje. Hoje chove e alaga a Dom Pedro. Esses problemas de microdrenagem v\u00e3o trazer um problema de macrodrenagem, que s\u00e3o grandes enchentes que voltam a ter em Ribeir\u00e3o Preto. E, fa\u00e7o um alerta aqui p\u00fablico durante a elei\u00e7\u00e3o. As obras na [avenida] Nove de Julho, que v\u00e3o canalizar \u00e1gua para o c\u00f3rrego Retiro Saudoso, elas podem gerar um problema de macrodrenagem, na [avenida] Francisco Junqueira gigantesco. A \u00e1gua que demora para chegar no rio em quest\u00e3o de duas horas, com as chuvas vai ser canalisada em 20 minutos. N\u00f3s vamos ter uma alta vaz\u00e3o de \u00e1gua com o ch\u00e3o da [avenida] Nove de Julho impermeabilizado e com a canaliza\u00e7\u00e3o para o Retiro Saudoso. Toda \u00e1gua que vem do Alto da Boa Vista, zona Sul da cidade, vai descer e vai desaguar ali. Falei com t\u00e9cnicos. Isso veio da minha cabe\u00e7a? N\u00e3o. Isso \u00e9 constru\u00e7\u00e3o de plano de governo com t\u00e9cnicos. N\u00f3s precisamos agir em problemas de microdrenagem e nessas situa\u00e7\u00f5es, j\u00e1 pr\u00e9-anunciadas por t\u00e9cnicos, para que n\u00e3o aconte\u00e7a uma situa\u00e7\u00e3o mais grave ainda em Ribeir\u00e3o Preto.<\/li>\n<\/ul>\n<p><strong>Na parte de habita\u00e7\u00e3o o senhor cita que quer conseguir recursos reorganizando o or\u00e7amento. Como \u00e9 que seria?<\/strong><\/p>\n<ul>\n<li>N\u00f3s temos a Cohab hoje que \u00e9 um \u00f3rg\u00e3o que n\u00e3o constr\u00f3i casas h\u00e1 d\u00e9cadas. Isso porque, ela tem uma d\u00edvida que ultrapassa R$ 15 milh\u00f5es. \u00c9 uma d\u00edvida que n\u00e3o \u00e9 s\u00f3 de Ribeir\u00e3o Preto, porque a Cohab \u00e9 regional. Mas, que descredenciou de programas habitacionais da Caixa Econ\u00f4mica Federal. Ent\u00e3o, n\u00f3s temos um departamento de habita\u00e7\u00e3o que n\u00e3o funciona. Temos que mudar isso. N\u00f3s temos que reorganizar a Cohab, fazer com que n\u00f3s tenhamos um departamento que volte a se credenciar na Caixa Econ\u00f4mica Federal, s\u00f3 que com gest\u00e3o. Para que n\u00f3s possamos a voltar a construir casas, por exemplo, no molde de lotes urbanizados, como j\u00e1 teve em Ribeir\u00e3o Preto, como teve em Rio Preto. Ali\u00e1s, em S\u00e3o Jos\u00e9 do Rio Preto n\u00e3o tem favelas, ou muito menos do que aqui. N\u00f3s tivemos uma explos\u00e3o de mais de 120 n\u00facleos de comunidades, de favelas. Tem que mudar isso reestruturando a Cohab. A partir da\u00ed, programas do Governo Federal existem e \u00e9 s\u00f3 ir buscar. Tem que ter projeto. Uma equipe boa de projeto, com \u00f3rg\u00e3o credenciado, o que hoje n\u00e3o \u00e9, e, olha s\u00f3 como \u00e9 o descaso, passa prefeito, entra prefeito, passa prefeito, entra prefeito. N\u00e3o \u00e9 nem cr\u00edtica ao atual n\u00e3o. \u00c9 uma cr\u00edtica geral, ningu\u00e9m resolve isso. N\u00f3s vamos iniciar um processo para resolver, para que Ribeir\u00e3o volte a construir casas.<\/li>\n<\/ul>\n<p>SAIBA MAIS<\/p>\n<p>Saerp alerta para falta d\u2019\u00e1gua em Ribeir\u00e3o Preto; Veja onde<\/p>\n<h4 class=\"wp-block-heading\"><strong>FIQUE ON<\/strong><\/h4>\n<p>Fique ligado em tudo que acontece em Ribeir\u00e3o Preto e regi\u00e3o. Siga os perfis do\u00a0<strong>acidade on\u00a0<\/strong>no\u00a0<a href=\"https:\/\/www.instagram.com\/acidadeonribeirao\" target=\"_blank\" rel=\"noreferrer noopener\">Instagram\u00a0<\/a>e no\u00a0<a href=\"https:\/\/www.facebook.com\/acidadeonribeirao\/\" target=\"_blank\" rel=\"noreferrer noopener\">Facebook<\/a>.<\/p>\n<p>Receba not\u00edcias do\u00a0<strong>acidade on<\/strong>\u00a0no WhatsApp.\u00a0<a href=\"https:\/\/chat.whatsapp.com\/Dtv9mxhy6V5BJBotM2OQ5k\" target=\"_blank\" rel=\"noreferrer noopener\">Para entrar no grupo, basta clicar aqui.<\/a><\/p>\n<p>Fa\u00e7a uma den\u00fancia ou sugira uma reportagem sobre Ribeir\u00e3o Preto e regi\u00e3o pelo WhatsApp: 16 99117 7802.<\/p>\n<p>VEJA TAMB\u00c9M<br \/>Vai ter frente fria em outubro no Brasil?<\/p>\n<p><!-- CONTENT END 1 -->\n<\/div>\n<\/div>\n<p><script async src=\"\/\/www.instagram.com\/embed.js\"><\/script><br \/>\n<br \/><br \/>\n<br \/><a href=\"https:\/\/www.acidadeon.com\/ribeiraopreto\/politica\/eleicoes\/ubds-central-e-reestruturacao-da-cohab-veja-as-promessas-de-ricardo-silva-para-ribeirao-preto\/\">Source link <\/a><\/p>\n","protected":false},"excerpt":{"rendered":"<p>O acidade on Ribeir\u00e3o realizou nesta semana uma s\u00e9rie de entrevistas com os candidatos \u00e0 Prefeitura de Ribeir\u00e3o Preto nas elei\u00e7\u00f5es 2024. Nesta sexta-feira (27)&#8230;<\/p>\n","protected":false},"author":1,"featured_media":68215,"comment_status":"open","ping_status":"open","sticky":false,"template":"","format":"standard","meta":{"_uag_custom_page_level_css":"","advanced_seo_description":"","jetpack_seo_html_title":"","jetpack_seo_noindex":false,"jetpack_post_was_ever_published":false,"_jetpack_newsletter_access":"","_jetpack_dont_email_post_to_subs":false,"_jetpack_newsletter_tier_id":0,"_jetpack_memberships_contains_paywalled_content":false,"_jetpack_memberships_contains_paid_content":false,"footnotes":"","jetpack_publicize_message":"","jetpack_publicize_feature_enabled":true,"jetpack_social_post_already_shared":true,"jetpack_social_options":{"image_generator_settings":{"template":"highway","default_image_id":0,"font":"","enabled":false},"version":2}},"categories":[11],"tags":[],"class_list":["post-68214","post","type-post","status-publish","format-standard","has-post-thumbnail","hentry","category-noticias-de-ribeirao-preto-sp-e-regiao-ismael-colosi"],"jetpack_publicize_connections":[],"jetpack_featured_media_url":"https:\/\/i0.wp.com\/ismaelcolosi.com.br\/wp-content\/uploads\/2024\/09\/ricardo-silva_2024-09-27_21-37-36_jpg_2024-09-27_21-37-36.webp.webp?fit=1500%2C879&ssl=1","uagb_featured_image_src":{"full":["https:\/\/i0.wp.com\/ismaelcolosi.com.br\/wp-content\/uploads\/2024\/09\/ricardo-silva_2024-09-27_21-37-36_jpg_2024-09-27_21-37-36.webp.webp?fit=1500%2C879&ssl=1",1500,879,false],"thumbnail":["https:\/\/i0.wp.com\/ismaelcolosi.com.br\/wp-content\/uploads\/2024\/09\/ricardo-silva_2024-09-27_21-37-36_jpg_2024-09-27_21-37-36.webp.webp?resize=150%2C150&ssl=1",150,150,true],"medium":["https:\/\/i0.wp.com\/ismaelcolosi.com.br\/wp-content\/uploads\/2024\/09\/ricardo-silva_2024-09-27_21-37-36_jpg_2024-09-27_21-37-36.webp.webp?fit=300%2C176&ssl=1",300,176,true],"medium_large":["https:\/\/i0.wp.com\/ismaelcolosi.com.br\/wp-content\/uploads\/2024\/09\/ricardo-silva_2024-09-27_21-37-36_jpg_2024-09-27_21-37-36.webp.webp?fit=768%2C450&ssl=1",768,450,true],"large":["https:\/\/i0.wp.com\/ismaelcolosi.com.br\/wp-content\/uploads\/2024\/09\/ricardo-silva_2024-09-27_21-37-36_jpg_2024-09-27_21-37-36.webp.webp?fit=1024%2C600&ssl=1",1024,600,true],"1536x1536":["https:\/\/i0.wp.com\/ismaelcolosi.com.br\/wp-content\/uploads\/2024\/09\/ricardo-silva_2024-09-27_21-37-36_jpg_2024-09-27_21-37-36.webp.webp?fit=1500%2C879&ssl=1",1500,879,true],"2048x2048":["https:\/\/i0.wp.com\/ismaelcolosi.com.br\/wp-content\/uploads\/2024\/09\/ricardo-silva_2024-09-27_21-37-36_jpg_2024-09-27_21-37-36.webp.webp?fit=1500%2C879&ssl=1",1500,879,true],"really-simple-thumb":["https:\/\/i0.wp.com\/ismaelcolosi.com.br\/wp-content\/uploads\/2024\/09\/ricardo-silva_2024-09-27_21-37-36_jpg_2024-09-27_21-37-36.webp.webp?resize=370%2C247&ssl=1",370,247,true]},"uagb_author_info":{"display_name":"ismaelcolosi.com.br","author_link":"https:\/\/ismaelcolosi.com.br\/index.php\/author\/vidareal-online\/"},"uagb_comment_info":0,"uagb_excerpt":"O acidade on Ribeir\u00e3o realizou nesta semana uma s\u00e9rie de entrevistas com os candidatos \u00e0 Prefeitura de Ribeir\u00e3o Preto nas elei\u00e7\u00f5es 2024. Nesta sexta-feira (27)...","jetpack-related-posts":[{"id":71075,"url":"https:\/\/ismaelcolosi.com.br\/index.php\/2024\/10\/14\/ao-vivo-acidade-on-ribeirao-entrevista-ricardo-silva-nesta-segunda-feira\/","url_meta":{"origin":68214,"position":0},"title":"AO VIVO: acidade on Ribeir\u00e3o entrevista Ricardo Silva nesta segunda-feira","author":"ismaelcolosi.com.br","date":"14 de October de 2024","format":false,"excerpt":"O acidade on Ribeir\u00e3o entrevista o candidato Ricardo Silva (PSD), que est\u00e1 no segundo turno das elei\u00e7\u00f5es 2024 na disputa pela Prefeitura de Ribeir\u00e3o Preto. A sabatina ser\u00e1 transmitida ao vivo no canal no YouTube do acidade on \u2013 veja o player acima \u2013 ap\u00f3s a participa\u00e7\u00e3o do candidato no\u2026","rel":"","context":"In &quot;Not\u00edcias de Ribeir\u00e3o Preto-SP e Regi\u00e3o&quot;","block_context":{"text":"Not\u00edcias de Ribeir\u00e3o Preto-SP e Regi\u00e3o","link":"https:\/\/ismaelcolosi.com.br\/index.php\/category\/noticias-de-ribeirao-preto-sp-e-regiao-ismael-colosi\/"},"img":{"alt_text":"","src":"https:\/\/i0.wp.com\/ismaelcolosi.com.br\/wp-content\/uploads\/2024\/09\/ricardo-silva_2024-09-27_14-05-41_jpg_2024-09-27_14-05-41.webp.webp?fit=1200%2C863&ssl=1&resize=350%2C200","width":350,"height":200,"srcset":"https:\/\/i0.wp.com\/ismaelcolosi.com.br\/wp-content\/uploads\/2024\/09\/ricardo-silva_2024-09-27_14-05-41_jpg_2024-09-27_14-05-41.webp.webp?fit=1200%2C863&ssl=1&resize=350%2C200 1x, https:\/\/i0.wp.com\/ismaelcolosi.com.br\/wp-content\/uploads\/2024\/09\/ricardo-silva_2024-09-27_14-05-41_jpg_2024-09-27_14-05-41.webp.webp?fit=1200%2C863&ssl=1&resize=525%2C300 1.5x, https:\/\/i0.wp.com\/ismaelcolosi.com.br\/wp-content\/uploads\/2024\/09\/ricardo-silva_2024-09-27_14-05-41_jpg_2024-09-27_14-05-41.webp.webp?fit=1200%2C863&ssl=1&resize=700%2C400 2x, https:\/\/i0.wp.com\/ismaelcolosi.com.br\/wp-content\/uploads\/2024\/09\/ricardo-silva_2024-09-27_14-05-41_jpg_2024-09-27_14-05-41.webp.webp?fit=1200%2C863&ssl=1&resize=1050%2C600 3x"},"classes":[]},{"id":68138,"url":"https:\/\/ismaelcolosi.com.br\/index.php\/2024\/09\/27\/ricardo-silva-participa-nesta-sexta-da-serie-de-entrevistas-com-candidatos-a-prefeitura-de-ribeirao-preto\/","url_meta":{"origin":68214,"position":1},"title":"Ricardo Silva participa nesta sexta da s\u00e9rie de entrevistas com candidatos \u00e0 Prefeitura de Ribeir\u00e3o Preto","author":"ismaelcolosi.com.br","date":"27 de September de 2024","format":false,"excerpt":"O acidade on Ribeir\u00e3o realiza nesta semana uma s\u00e9rie de entrevistas com os candidatos \u00e0 Prefeitura de Ribeir\u00e3o Preto nas elei\u00e7\u00f5es 2024. Nesta sexta-feira (27) \u00e9 a vez da sabatina do deputado federal Ricardo Silva (PSD) \u2013 veja o player acima. A entrevista, que encerra as transmiss\u00f5es ao vivo, ter\u00e1\u2026","rel":"","context":"In &quot;Not\u00edcias de Ribeir\u00e3o Preto-SP e Regi\u00e3o&quot;","block_context":{"text":"Not\u00edcias de Ribeir\u00e3o Preto-SP e Regi\u00e3o","link":"https:\/\/ismaelcolosi.com.br\/index.php\/category\/noticias-de-ribeirao-preto-sp-e-regiao-ismael-colosi\/"},"img":{"alt_text":"","src":"https:\/\/i0.wp.com\/ismaelcolosi.com.br\/wp-content\/uploads\/2024\/09\/ricardo-silva_2024-09-27_14-05-41_jpg_2024-09-27_14-05-41.webp.webp?fit=1200%2C863&ssl=1&resize=350%2C200","width":350,"height":200,"srcset":"https:\/\/i0.wp.com\/ismaelcolosi.com.br\/wp-content\/uploads\/2024\/09\/ricardo-silva_2024-09-27_14-05-41_jpg_2024-09-27_14-05-41.webp.webp?fit=1200%2C863&ssl=1&resize=350%2C200 1x, https:\/\/i0.wp.com\/ismaelcolosi.com.br\/wp-content\/uploads\/2024\/09\/ricardo-silva_2024-09-27_14-05-41_jpg_2024-09-27_14-05-41.webp.webp?fit=1200%2C863&ssl=1&resize=525%2C300 1.5x, https:\/\/i0.wp.com\/ismaelcolosi.com.br\/wp-content\/uploads\/2024\/09\/ricardo-silva_2024-09-27_14-05-41_jpg_2024-09-27_14-05-41.webp.webp?fit=1200%2C863&ssl=1&resize=700%2C400 2x, https:\/\/i0.wp.com\/ismaelcolosi.com.br\/wp-content\/uploads\/2024\/09\/ricardo-silva_2024-09-27_14-05-41_jpg_2024-09-27_14-05-41.webp.webp?fit=1200%2C863&ssl=1&resize=1050%2C600 3x"},"classes":[]},{"id":58131,"url":"https:\/\/ismaelcolosi.com.br\/index.php\/2024\/07\/28\/psd-confirma-ricardo-silva-como-candidato-a-prefeitura-de-ribeirao-preto\/","url_meta":{"origin":68214,"position":2},"title":"PSD confirma Ricardo Silva como candidato \u00e0 Prefeitura de Ribeir\u00e3o Preto","author":"ismaelcolosi.com.br","date":"28 de July de 2024","format":false,"excerpt":"O PSD oficializou o deputado federal Ricardo Silva como candidato \u00e0 Prefeitura de Ribeir\u00e3o Preto. O an\u00fancio aconteceu durante conven\u00e7\u00e3o partid\u00e1ria neste domingo (28) na C\u00e2mara Municipal. O candidato a vice-prefeito ser\u00e1 Alessandro Maraca, do MDB. \u201cFoi lindo ver a C\u00e2mara lotada por quem quer uma Ribeir\u00e3o mais humana, ouvindo\u2026","rel":"","context":"In &quot;Not\u00edcias de Ribeir\u00e3o Preto-SP e Regi\u00e3o&quot;","block_context":{"text":"Not\u00edcias de Ribeir\u00e3o Preto-SP e Regi\u00e3o","link":"https:\/\/ismaelcolosi.com.br\/index.php\/category\/noticias-de-ribeirao-preto-sp-e-regiao-ismael-colosi\/"},"img":{"alt_text":"","src":"https:\/\/i0.wp.com\/ismaelcolosi.com.br\/wp-content\/uploads\/2024\/07\/ricardo-silva_2024-07-28_16-54-00_jpeg_2024-07-28_16-54-02-scaled.webp.webp?fit=1200%2C675&ssl=1&resize=350%2C200","width":350,"height":200,"srcset":"https:\/\/i0.wp.com\/ismaelcolosi.com.br\/wp-content\/uploads\/2024\/07\/ricardo-silva_2024-07-28_16-54-00_jpeg_2024-07-28_16-54-02-scaled.webp.webp?fit=1200%2C675&ssl=1&resize=350%2C200 1x, https:\/\/i0.wp.com\/ismaelcolosi.com.br\/wp-content\/uploads\/2024\/07\/ricardo-silva_2024-07-28_16-54-00_jpeg_2024-07-28_16-54-02-scaled.webp.webp?fit=1200%2C675&ssl=1&resize=525%2C300 1.5x, https:\/\/i0.wp.com\/ismaelcolosi.com.br\/wp-content\/uploads\/2024\/07\/ricardo-silva_2024-07-28_16-54-00_jpeg_2024-07-28_16-54-02-scaled.webp.webp?fit=1200%2C675&ssl=1&resize=700%2C400 2x, https:\/\/i0.wp.com\/ismaelcolosi.com.br\/wp-content\/uploads\/2024\/07\/ricardo-silva_2024-07-28_16-54-00_jpeg_2024-07-28_16-54-02-scaled.webp.webp?fit=1200%2C675&ssl=1&resize=1050%2C600 3x"},"classes":[]},{"id":71102,"url":"https:\/\/ismaelcolosi.com.br\/index.php\/2024\/10\/14\/vamos-manter-a-prefeitura-no-centro-diz-ricardo-silva-assista\/","url_meta":{"origin":68214,"position":3},"title":"&#8216;Vamos manter a prefeitura no Centro&#8217;, diz Ricardo Silva; assista","author":"ismaelcolosi.com.br","date":"14 de October de 2024","format":false,"excerpt":"O acidade on Ribeir\u00e3o realiza, nesta semana, entrevistas com os candidatos \u00e0 Prefeitura de Ribeir\u00e3o Preto no segundo turno das elei\u00e7\u00f5es 2024. Nesta segunda-feira (14), o entrevistado foi o deputado federal Ricardo Silva (PSD) \u2013 veja o player acima. Ricardo Silva \u00e9 candidato pela coliga\u00e7\u00e3o Pra Ribeir\u00e3o Avan\u00e7ar, formada por\u2026","rel":"","context":"In &quot;Not\u00edcias de Ribeir\u00e3o Preto-SP e Regi\u00e3o&quot;","block_context":{"text":"Not\u00edcias de Ribeir\u00e3o Preto-SP e Regi\u00e3o","link":"https:\/\/ismaelcolosi.com.br\/index.php\/category\/noticias-de-ribeirao-preto-sp-e-regiao-ismael-colosi\/"},"img":{"alt_text":"","src":"https:\/\/i0.wp.com\/ismaelcolosi.com.br\/wp-content\/uploads\/2024\/10\/Copia-de-Copia-de-Copia-de-TAMANHO-EXATO-PARA-FOTOS-NO-SISTEMA-NOVO-17_2024-10-14_23-57-47_png_2024-10-14_23-57-47.webp.webp?fit=1200%2C675&ssl=1&resize=350%2C200","width":350,"height":200,"srcset":"https:\/\/i0.wp.com\/ismaelcolosi.com.br\/wp-content\/uploads\/2024\/10\/Copia-de-Copia-de-Copia-de-TAMANHO-EXATO-PARA-FOTOS-NO-SISTEMA-NOVO-17_2024-10-14_23-57-47_png_2024-10-14_23-57-47.webp.webp?fit=1200%2C675&ssl=1&resize=350%2C200 1x, https:\/\/i0.wp.com\/ismaelcolosi.com.br\/wp-content\/uploads\/2024\/10\/Copia-de-Copia-de-Copia-de-TAMANHO-EXATO-PARA-FOTOS-NO-SISTEMA-NOVO-17_2024-10-14_23-57-47_png_2024-10-14_23-57-47.webp.webp?fit=1200%2C675&ssl=1&resize=525%2C300 1.5x, https:\/\/i0.wp.com\/ismaelcolosi.com.br\/wp-content\/uploads\/2024\/10\/Copia-de-Copia-de-Copia-de-TAMANHO-EXATO-PARA-FOTOS-NO-SISTEMA-NOVO-17_2024-10-14_23-57-47_png_2024-10-14_23-57-47.webp.webp?fit=1200%2C675&ssl=1&resize=700%2C400 2x, https:\/\/i0.wp.com\/ismaelcolosi.com.br\/wp-content\/uploads\/2024\/10\/Copia-de-Copia-de-Copia-de-TAMANHO-EXATO-PARA-FOTOS-NO-SISTEMA-NOVO-17_2024-10-14_23-57-47_png_2024-10-14_23-57-47.webp.webp?fit=1200%2C675&ssl=1&resize=1050%2C600 3x"},"classes":[]},{"id":56595,"url":"https:\/\/ismaelcolosi.com.br\/index.php\/2024\/07\/12\/pl-e-mdb-anunciam-apoio-a-pre-candidatura-de-ricardo-silva-em-ribeirao-veja-os-pre-candidatos\/","url_meta":{"origin":68214,"position":4},"title":"PL e MDB anunciam apoio \u00e0 pr\u00e9-candidatura de Ricardo Silva em Ribeir\u00e3o; Veja os pr\u00e9-candidatos","author":"ismaelcolosi.com.br","date":"12 de July de 2024","format":false,"excerpt":"O PL e o MDB anunciaram nesta sexta-feira (12), ap\u00f3s reuni\u00e3o no Pal\u00e1cio dos Bandeirantes, em S\u00e3o Paulo, apoio \u00e0 pr\u00e9-candidatura do deputado federal Ricardo Silva (PSD) para Prefeitura de Ribeir\u00e3o Preto. Com isso, o vereador Isaac Antunes (PL), tamb\u00e9m sai da disputa pelo Executivo ribeir\u00e3o-pretano. Segundo o apurado pelo\u2026","rel":"","context":"In &quot;Not\u00edcias de Ribeir\u00e3o Preto-SP e Regi\u00e3o&quot;","block_context":{"text":"Not\u00edcias de Ribeir\u00e3o Preto-SP e Regi\u00e3o","link":"https:\/\/ismaelcolosi.com.br\/index.php\/category\/noticias-de-ribeirao-preto-sp-e-regiao-ismael-colosi\/"},"img":{"alt_text":"","src":"https:\/\/i0.wp.com\/ismaelcolosi.com.br\/wp-content\/uploads\/2024\/07\/Copia-de-Copia-de-TAMANHO-EXATO-PARA-FOTOS-NO-SISTEMA-NOVO-2024-07-12T174124.317_2024-07-12_20-41-33_png_2024-07-12_20-41-33.webp.webp?fit=1200%2C675&ssl=1&resize=350%2C200","width":350,"height":200,"srcset":"https:\/\/i0.wp.com\/ismaelcolosi.com.br\/wp-content\/uploads\/2024\/07\/Copia-de-Copia-de-TAMANHO-EXATO-PARA-FOTOS-NO-SISTEMA-NOVO-2024-07-12T174124.317_2024-07-12_20-41-33_png_2024-07-12_20-41-33.webp.webp?fit=1200%2C675&ssl=1&resize=350%2C200 1x, https:\/\/i0.wp.com\/ismaelcolosi.com.br\/wp-content\/uploads\/2024\/07\/Copia-de-Copia-de-TAMANHO-EXATO-PARA-FOTOS-NO-SISTEMA-NOVO-2024-07-12T174124.317_2024-07-12_20-41-33_png_2024-07-12_20-41-33.webp.webp?fit=1200%2C675&ssl=1&resize=525%2C300 1.5x, https:\/\/i0.wp.com\/ismaelcolosi.com.br\/wp-content\/uploads\/2024\/07\/Copia-de-Copia-de-TAMANHO-EXATO-PARA-FOTOS-NO-SISTEMA-NOVO-2024-07-12T174124.317_2024-07-12_20-41-33_png_2024-07-12_20-41-33.webp.webp?fit=1200%2C675&ssl=1&resize=700%2C400 2x, https:\/\/i0.wp.com\/ismaelcolosi.com.br\/wp-content\/uploads\/2024\/07\/Copia-de-Copia-de-TAMANHO-EXATO-PARA-FOTOS-NO-SISTEMA-NOVO-2024-07-12T174124.317_2024-07-12_20-41-33_png_2024-07-12_20-41-33.webp.webp?fit=1200%2C675&ssl=1&resize=1050%2C600 3x"},"classes":[]},{"id":57819,"url":"https:\/\/ismaelcolosi.com.br\/index.php\/2024\/07\/24\/veja-quem-apoia-quem-na-corrida-pela-prefeitura-de-ribeirao-preto\/","url_meta":{"origin":68214,"position":5},"title":"Veja quem apoia quem na corrida pela Prefeitura de Ribeir\u00e3o Preto","author":"ismaelcolosi.com.br","date":"24 de July de 2024","format":false,"excerpt":"A ex-reitora da USP (Universidade de S\u00e3o Paulo) Suely Vilela anunciou nesta quarta-feira (24) que deixou a corrida pela Prefeitura de Ribeir\u00e3o Preto nas elei\u00e7\u00f5es de 2024. Agora, a disputa pelo Executivo Municipal a partir de 2025 conta com seis pretendentes. Em nota, Suely, que foi ao segundo turno nas\u2026","rel":"","context":"In &quot;Not\u00edcias de Ribeir\u00e3o Preto-SP e Regi\u00e3o&quot;","block_context":{"text":"Not\u00edcias de Ribeir\u00e3o Preto-SP e Regi\u00e3o","link":"https:\/\/ismaelcolosi.com.br\/index.php\/category\/noticias-de-ribeirao-preto-sp-e-regiao-ismael-colosi\/"},"img":{"alt_text":"","src":"https:\/\/i0.wp.com\/ismaelcolosi.com.br\/wp-content\/uploads\/2024\/07\/candidatos-ribeirao-preto_2024-07-24_20-15-44_jpeg_2024-07-24_20-15-44.webp.webp?fit=1200%2C674&ssl=1&resize=350%2C200","width":350,"height":200,"srcset":"https:\/\/i0.wp.com\/ismaelcolosi.com.br\/wp-content\/uploads\/2024\/07\/candidatos-ribeirao-preto_2024-07-24_20-15-44_jpeg_2024-07-24_20-15-44.webp.webp?fit=1200%2C674&ssl=1&resize=350%2C200 1x, https:\/\/i0.wp.com\/ismaelcolosi.com.br\/wp-content\/uploads\/2024\/07\/candidatos-ribeirao-preto_2024-07-24_20-15-44_jpeg_2024-07-24_20-15-44.webp.webp?fit=1200%2C674&ssl=1&resize=525%2C300 1.5x, https:\/\/i0.wp.com\/ismaelcolosi.com.br\/wp-content\/uploads\/2024\/07\/candidatos-ribeirao-preto_2024-07-24_20-15-44_jpeg_2024-07-24_20-15-44.webp.webp?fit=1200%2C674&ssl=1&resize=700%2C400 2x, https:\/\/i0.wp.com\/ismaelcolosi.com.br\/wp-content\/uploads\/2024\/07\/candidatos-ribeirao-preto_2024-07-24_20-15-44_jpeg_2024-07-24_20-15-44.webp.webp?fit=1200%2C674&ssl=1&resize=1050%2C600 3x"},"classes":[]}],"jetpack_sharing_enabled":true,"jetpack_shortlink":"https:\/\/wp.me\/pfMlyK-hKe","_links":{"self":[{"href":"https:\/\/ismaelcolosi.com.br\/index.php\/wp-json\/wp\/v2\/posts\/68214","targetHints":{"allow":["GET"]}}],"collection":[{"href":"https:\/\/ismaelcolosi.com.br\/index.php\/wp-json\/wp\/v2\/posts"}],"about":[{"href":"https:\/\/ismaelcolosi.com.br\/index.php\/wp-json\/wp\/v2\/types\/post"}],"author":[{"embeddable":true,"href":"https:\/\/ismaelcolosi.com.br\/index.php\/wp-json\/wp\/v2\/users\/1"}],"replies":[{"embeddable":true,"href":"https:\/\/ismaelcolosi.com.br\/index.php\/wp-json\/wp\/v2\/comments?post=68214"}],"version-history":[{"count":0,"href":"https:\/\/ismaelcolosi.com.br\/index.php\/wp-json\/wp\/v2\/posts\/68214\/revisions"}],"wp:featuredmedia":[{"embeddable":true,"href":"https:\/\/ismaelcolosi.com.br\/index.php\/wp-json\/wp\/v2\/media\/68215"}],"wp:attachment":[{"href":"https:\/\/ismaelcolosi.com.br\/index.php\/wp-json\/wp\/v2\/media?parent=68214"}],"wp:term":[{"taxonomy":"category","embeddable":true,"href":"https:\/\/ismaelcolosi.com.br\/index.php\/wp-json\/wp\/v2\/categories?post=68214"},{"taxonomy":"post_tag","embeddable":true,"href":"https:\/\/ismaelcolosi.com.br\/index.php\/wp-json\/wp\/v2\/tags?post=68214"}],"curies":[{"name":"wp","href":"https:\/\/api.w.org\/{rel}","templated":true}]}}