{"id":68202,"date":"2024-09-27T17:41:25","date_gmt":"2024-09-27T20:41:25","guid":{"rendered":"https:\/\/ismaelcolosi.com.br\/index.php\/2024\/09\/27\/estiagem-severa-fecha-represa-da-prainha-na-regiao-de-ribeirao\/"},"modified":"2024-09-27T17:41:25","modified_gmt":"2024-09-27T20:41:25","slug":"estiagem-severa-fecha-represa-da-prainha-na-regiao-de-ribeirao","status":"publish","type":"post","link":"https:\/\/ismaelcolosi.com.br\/index.php\/2024\/09\/27\/estiagem-severa-fecha-represa-da-prainha-na-regiao-de-ribeirao\/","title":{"rendered":"Estiagem severa fecha represa da prainha na regi\u00e3o de Ribeir\u00e3o"},"content":{"rendered":"<p> <br \/>\n<\/p>\n<div data-td-block-uid=\"tdi_106\">\n<div class=\"tdb-block-inner td-fix-index\">\n<p><strong>A represa do Parque Ecol\u00f3gico e de Lazer Gustavo Simioni<\/strong>, <mark style=\"background-color:#fcb900\" class=\"has-inline-color\">tamb\u00e9m conhecida como \u2018prainha\u2019<\/mark>, em <strong>Sert\u00e3ozinho<\/strong>, <strong>na regi\u00e3o de Ribeir\u00e3o Preto<\/strong>, <mark style=\"background-color:#fcb900\" class=\"has-inline-color\">est\u00e1 fechada por tempo interderminado devido a estiagem severa.<\/mark><\/p>\n<p>De acordo <strong>com nota emitida pela Secretaria Municipal de Cultura e Turismo da cidade<\/strong>, o local recebe \u00e1gua de dois c\u00f3rregos e <strong>foi diretamente afetada pela falta de chuva na regi\u00e3o<\/strong> <mark style=\"background-color:#fcb900\" class=\"has-inline-color\">resultando em uma redu\u00e7\u00e3o dr\u00e1stica no volume de \u00e1gua<\/mark>. <\/p>\n<p>\u201cPor quest\u00f5es de seguran\u00e7a,<mark style=\"background-color:#fcb900\" class=\"has-inline-color\"> as \u00e1reas de pesca e banho est\u00e3o temporariamente interditadas.<\/mark>\u201d diz a nota. <\/p>\n<p>SAIBA MAIS<br \/>Lu\u00edsa Sonza, Oktoberfest e muita coxinha: Veja agenda do fim de semana em Ribeir\u00e3o Preto<\/p>\n<h4 class=\"wp-block-heading\"><strong>FIQUE ON<\/strong><\/h4>\n<p>Fique ligado em tudo que acontece em Ribeir\u00e3o Preto e regi\u00e3o. Siga os perfis do\u00a0<strong>acidade on\u00a0<\/strong>no\u00a0<a href=\"https:\/\/www.instagram.com\/acidadeonribeirao\" target=\"_blank\" rel=\"noreferrer noopener\">Instagram\u00a0<\/a>e no\u00a0<a href=\"https:\/\/www.facebook.com\/acidadeonribeirao\/\" target=\"_blank\" rel=\"noreferrer noopener\">Facebook<\/a>.<\/p>\n<p>Receba not\u00edcias do\u00a0<strong>acidade on<\/strong>\u00a0no WhatsApp.\u00a0<a href=\"https:\/\/chat.whatsapp.com\/Dtv9mxhy6V5BJBotM2OQ5k\" target=\"_blank\" rel=\"noreferrer noopener\">Para entrar no grupo, basta clicar aqui.<\/a><\/p>\n<p>Fa\u00e7a uma den\u00fancia ou sugira uma reportagem sobre Ribeir\u00e3o Preto e regi\u00e3o pelo WhatsApp: 16 99117 7802.<\/p>\n<p>VEJA TAMB\u00c9M<br \/>Vai ter frente fria em outubro no Brasil?<\/p>\n<p><!-- CONTENT END 1 -->\n<\/div>\n<\/div>\n<p><script async src=\"\/\/www.instagram.com\/embed.js\"><\/script><br \/>\n<br \/><br \/>\n<br \/><a href=\"https:\/\/www.acidadeon.com\/ribeiraopreto\/cotidiano\/estiagem-sevra-fecha-represa-de-parque-ecologico-na-regiao-de-ribeirao\/\">Source link <\/a><\/p>\n","protected":false},"excerpt":{"rendered":"<p>A represa do Parque Ecol\u00f3gico e de Lazer Gustavo Simioni, tamb\u00e9m conhecida como \u2018prainha\u2019, em Sert\u00e3ozinho, na regi\u00e3o de Ribeir\u00e3o Preto, est\u00e1 fechada por tempo&#8230;<\/p>\n","protected":false},"author":1,"featured_media":68203,"comment_status":"open","ping_status":"open","sticky":false,"template":"","format":"standard","meta":{"_uag_custom_page_level_css":"","advanced_seo_description":"","jetpack_seo_html_title":"","jetpack_seo_noindex":false,"jetpack_post_was_ever_published":false,"_jetpack_newsletter_access":"","_jetpack_dont_email_post_to_subs":false,"_jetpack_newsletter_tier_id":0,"_jetpack_memberships_contains_paywalled_content":false,"_jetpack_memberships_contains_paid_content":false,"footnotes":"","jetpack_publicize_message":"","jetpack_publicize_feature_enabled":true,"jetpack_social_post_already_shared":true,"jetpack_social_options":{"image_generator_settings":{"template":"highway","default_image_id":0,"font":"","enabled":false},"version":2}},"categories":[11],"tags":[],"class_list":["post-68202","post","type-post","status-publish","format-standard","has-post-thumbnail","hentry","category-noticias-de-ribeirao-preto-sp-e-regiao-ismael-colosi"],"jetpack_publicize_connections":[],"jetpack_featured_media_url":"https:\/\/i0.wp.com\/ismaelcolosi.com.br\/wp-content\/uploads\/2024\/09\/Copia-de-Copia-de-Copia-de-TAMANHO-EXATO-PARA-FOTOS-NO-SISTEMA-NOVO-50_2024-09-27_20-04-29_png_2024-09-27_20-04-29.webp.webp?fit=1200%2C675&ssl=1","uagb_featured_image_src":{"full":["https:\/\/i0.wp.com\/ismaelcolosi.com.br\/wp-content\/uploads\/2024\/09\/Copia-de-Copia-de-Copia-de-TAMANHO-EXATO-PARA-FOTOS-NO-SISTEMA-NOVO-50_2024-09-27_20-04-29_png_2024-09-27_20-04-29.webp.webp?fit=1200%2C675&ssl=1",1200,675,false],"thumbnail":["https:\/\/i0.wp.com\/ismaelcolosi.com.br\/wp-content\/uploads\/2024\/09\/Copia-de-Copia-de-Copia-de-TAMANHO-EXATO-PARA-FOTOS-NO-SISTEMA-NOVO-50_2024-09-27_20-04-29_png_2024-09-27_20-04-29.webp.webp?resize=150%2C150&ssl=1",150,150,true],"medium":["https:\/\/i0.wp.com\/ismaelcolosi.com.br\/wp-content\/uploads\/2024\/09\/Copia-de-Copia-de-Copia-de-TAMANHO-EXATO-PARA-FOTOS-NO-SISTEMA-NOVO-50_2024-09-27_20-04-29_png_2024-09-27_20-04-29.webp.webp?fit=300%2C169&ssl=1",300,169,true],"medium_large":["https:\/\/i0.wp.com\/ismaelcolosi.com.br\/wp-content\/uploads\/2024\/09\/Copia-de-Copia-de-Copia-de-TAMANHO-EXATO-PARA-FOTOS-NO-SISTEMA-NOVO-50_2024-09-27_20-04-29_png_2024-09-27_20-04-29.webp.webp?fit=768%2C432&ssl=1",768,432,true],"large":["https:\/\/i0.wp.com\/ismaelcolosi.com.br\/wp-content\/uploads\/2024\/09\/Copia-de-Copia-de-Copia-de-TAMANHO-EXATO-PARA-FOTOS-NO-SISTEMA-NOVO-50_2024-09-27_20-04-29_png_2024-09-27_20-04-29.webp.webp?fit=1024%2C576&ssl=1",1024,576,true],"1536x1536":["https:\/\/i0.wp.com\/ismaelcolosi.com.br\/wp-content\/uploads\/2024\/09\/Copia-de-Copia-de-Copia-de-TAMANHO-EXATO-PARA-FOTOS-NO-SISTEMA-NOVO-50_2024-09-27_20-04-29_png_2024-09-27_20-04-29.webp.webp?fit=1200%2C675&ssl=1",1200,675,true],"2048x2048":["https:\/\/i0.wp.com\/ismaelcolosi.com.br\/wp-content\/uploads\/2024\/09\/Copia-de-Copia-de-Copia-de-TAMANHO-EXATO-PARA-FOTOS-NO-SISTEMA-NOVO-50_2024-09-27_20-04-29_png_2024-09-27_20-04-29.webp.webp?fit=1200%2C675&ssl=1",1200,675,true],"really-simple-thumb":["https:\/\/i0.wp.com\/ismaelcolosi.com.br\/wp-content\/uploads\/2024\/09\/Copia-de-Copia-de-Copia-de-TAMANHO-EXATO-PARA-FOTOS-NO-SISTEMA-NOVO-50_2024-09-27_20-04-29_png_2024-09-27_20-04-29.webp.webp?resize=370%2C247&ssl=1",370,247,true]},"uagb_author_info":{"display_name":"ismaelcolosi.com.br","author_link":"https:\/\/ismaelcolosi.com.br\/index.php\/author\/vidareal-online\/"},"uagb_comment_info":0,"uagb_excerpt":"A represa do Parque Ecol\u00f3gico e de Lazer Gustavo Simioni, tamb\u00e9m conhecida como \u2018prainha\u2019, em Sert\u00e3ozinho, na regi\u00e3o de Ribeir\u00e3o Preto, est\u00e1 fechada por tempo...","jetpack-related-posts":[{"id":40670,"url":"https:\/\/ismaelcolosi.com.br\/index.php\/2024\/03\/05\/homem-morre-afogado-em-represa-na-regiao-de-ribeirao\/","url_meta":{"origin":68202,"position":0},"title":"Homem morre afogado em represa na regi\u00e3o de Ribeir\u00e3o","author":"ismaelcolosi.com.br","date":"5 de March de 2024","format":false,"excerpt":"Um homem de 43 anos morreu afogado na represa de uma ch\u00e1cara no \u00faltimo domingo (3), nas proximidades da rodovia F\u00e1bio Talarico, em S\u00e3o Jos\u00e9 da Bela Vista, cidade a 85 quil\u00f4metros de Ribeir\u00e3o Preto. O corpo s\u00f3 foi encontrado na segunda-feira (4), boiando na represa. De acordo com o\u2026","rel":"","context":"In &quot;Not\u00edcias de Ribeir\u00e3o Preto-SP e Regi\u00e3o&quot;","block_context":{"text":"Not\u00edcias de Ribeir\u00e3o Preto-SP e Regi\u00e3o","link":"https:\/\/ismaelcolosi.com.br\/index.php\/category\/noticias-de-ribeirao-preto-sp-e-regiao-ismael-colosi\/"},"img":{"alt_text":"","src":"https:\/\/i0.wp.com\/ismaelcolosi.com.br\/wp-content\/uploads\/2024\/03\/AnyConv.com__eloisio.webp.webp?fit=1200%2C674&ssl=1&resize=350%2C200","width":350,"height":200,"srcset":"https:\/\/i0.wp.com\/ismaelcolosi.com.br\/wp-content\/uploads\/2024\/03\/AnyConv.com__eloisio.webp.webp?fit=1200%2C674&ssl=1&resize=350%2C200 1x, https:\/\/i0.wp.com\/ismaelcolosi.com.br\/wp-content\/uploads\/2024\/03\/AnyConv.com__eloisio.webp.webp?fit=1200%2C674&ssl=1&resize=525%2C300 1.5x, https:\/\/i0.wp.com\/ismaelcolosi.com.br\/wp-content\/uploads\/2024\/03\/AnyConv.com__eloisio.webp.webp?fit=1200%2C674&ssl=1&resize=700%2C400 2x, https:\/\/i0.wp.com\/ismaelcolosi.com.br\/wp-content\/uploads\/2024\/03\/AnyConv.com__eloisio.webp.webp?fit=1200%2C674&ssl=1&resize=1050%2C600 3x"},"classes":[]},{"id":40772,"url":"https:\/\/ismaelcolosi.com.br\/index.php\/2024\/03\/05\/homem-morre-afogado-em-represa-na-regiao-de-ribeirao-2\/","url_meta":{"origin":68202,"position":1},"title":"Homem morre afogado em represa na regi\u00e3o de Ribeir\u00e3o","author":"ismaelcolosi.com.br","date":"5 de March de 2024","format":false,"excerpt":"Um homem de 43 anos morreu afogado na represa de uma ch\u00e1cara no \u00faltimo domingo (3), nas proximidades da rodovia F\u00e1bio Talarico, em S\u00e3o Jos\u00e9 da Bela Vista, cidade a 85 quil\u00f4metros de Ribeir\u00e3o Preto. O corpo s\u00f3 foi encontrado na segunda-feira (4), boiando na represa. De acordo com o\u2026","rel":"","context":"In &quot;Not\u00edcias de Ribeir\u00e3o Preto-SP e Regi\u00e3o&quot;","block_context":{"text":"Not\u00edcias de Ribeir\u00e3o Preto-SP e Regi\u00e3o","link":"https:\/\/ismaelcolosi.com.br\/index.php\/category\/noticias-de-ribeirao-preto-sp-e-regiao-ismael-colosi\/"},"img":{"alt_text":"","src":"https:\/\/i0.wp.com\/ismaelcolosi.com.br\/wp-content\/uploads\/2024\/03\/AnyConv.com__eloisio.webp.webp?fit=1200%2C674&ssl=1&resize=350%2C200","width":350,"height":200,"srcset":"https:\/\/i0.wp.com\/ismaelcolosi.com.br\/wp-content\/uploads\/2024\/03\/AnyConv.com__eloisio.webp.webp?fit=1200%2C674&ssl=1&resize=350%2C200 1x, https:\/\/i0.wp.com\/ismaelcolosi.com.br\/wp-content\/uploads\/2024\/03\/AnyConv.com__eloisio.webp.webp?fit=1200%2C674&ssl=1&resize=525%2C300 1.5x, https:\/\/i0.wp.com\/ismaelcolosi.com.br\/wp-content\/uploads\/2024\/03\/AnyConv.com__eloisio.webp.webp?fit=1200%2C674&ssl=1&resize=700%2C400 2x, https:\/\/i0.wp.com\/ismaelcolosi.com.br\/wp-content\/uploads\/2024\/03\/AnyConv.com__eloisio.webp.webp?fit=1200%2C674&ssl=1&resize=1050%2C600 3x"},"classes":[]},{"id":59180,"url":"https:\/\/ismaelcolosi.com.br\/index.php\/2024\/08\/06\/homem-morre-apos-cair-em-represa-durante-pescaria-no-interior-de-sp\/","url_meta":{"origin":68202,"position":2},"title":"Homem morre ap\u00f3s cair em represa durante pescaria no interior de SP","author":"ismaelcolosi.com.br","date":"6 de August de 2024","format":false,"excerpt":"Um homem de 38 anos morreu enquanto pescava em uma represa em Rifaina, no interior de S\u00e3o Paulo. O caso aconteceu na \u00faltima segunda-feira (5), por volta das 12h. Segundo o BO (boletim de ocorr\u00eancia), Deusimar dos Reis de Souza estava pescando com a esposa e com o amigo, em\u2026","rel":"","context":"In &quot;Not\u00edcias de Ribeir\u00e3o Preto-SP e Regi\u00e3o&quot;","block_context":{"text":"Not\u00edcias de Ribeir\u00e3o Preto-SP e Regi\u00e3o","link":"https:\/\/ismaelcolosi.com.br\/index.php\/category\/noticias-de-ribeirao-preto-sp-e-regiao-ismael-colosi\/"},"img":{"alt_text":"","src":"https:\/\/i0.wp.com\/ismaelcolosi.com.br\/wp-content\/uploads\/2024\/08\/represa-rifaina_2024-08-06_19-09-21_jpg_2024-08-06_19-09-22.webp.webp?fit=1200%2C900&ssl=1&resize=350%2C200","width":350,"height":200,"srcset":"https:\/\/i0.wp.com\/ismaelcolosi.com.br\/wp-content\/uploads\/2024\/08\/represa-rifaina_2024-08-06_19-09-21_jpg_2024-08-06_19-09-22.webp.webp?fit=1200%2C900&ssl=1&resize=350%2C200 1x, https:\/\/i0.wp.com\/ismaelcolosi.com.br\/wp-content\/uploads\/2024\/08\/represa-rifaina_2024-08-06_19-09-21_jpg_2024-08-06_19-09-22.webp.webp?fit=1200%2C900&ssl=1&resize=525%2C300 1.5x, https:\/\/i0.wp.com\/ismaelcolosi.com.br\/wp-content\/uploads\/2024\/08\/represa-rifaina_2024-08-06_19-09-21_jpg_2024-08-06_19-09-22.webp.webp?fit=1200%2C900&ssl=1&resize=700%2C400 2x, https:\/\/i0.wp.com\/ismaelcolosi.com.br\/wp-content\/uploads\/2024\/08\/represa-rifaina_2024-08-06_19-09-21_jpg_2024-08-06_19-09-22.webp.webp?fit=1200%2C900&ssl=1&resize=1050%2C600 3x"},"classes":[]},{"id":21181,"url":"https:\/\/ismaelcolosi.com.br\/index.php\/2023\/12\/27\/prainha-do-riacho-grande-esta-impropria-para-banho\/","url_meta":{"origin":68202,"position":3},"title":"Prainha do Riacho Grande est\u00e1 impr\u00f3pria para banho","author":"ismaelcolosi.com.br","date":"27 de December de 2023","format":false,"excerpt":"O Vila Mundo \u00e9 uma iniciativa do Instituto Acqua em parceria com a Catraca Livre 27 de dezembro de 2023 \u00e0s 10:00 Por: Reda\u00e7\u00e3o A\u00a0Prainha do Riacho Grande, localizada \u00e0 beira da Represa Billings, em S\u00e3o Bernardo do Campo, tem \u00e1gua impr\u00f3pria para banho, segundo boletim da Cetesb (Companhia Ambiental\u2026","rel":"","context":"In &quot;Variedades&quot;","block_context":{"text":"Variedades","link":"https:\/\/ismaelcolosi.com.br\/index.php\/category\/variedades\/"},"img":{"alt_text":"","src":"https:\/\/i0.wp.com\/ismaelcolosi.com.br\/wp-content\/uploads\/2023\/12\/170205-vistoria-riacho-grande-01-foto-gabriel-inamine-scaled.jpg?fit=1200%2C638&ssl=1&resize=350%2C200","width":350,"height":200,"srcset":"https:\/\/i0.wp.com\/ismaelcolosi.com.br\/wp-content\/uploads\/2023\/12\/170205-vistoria-riacho-grande-01-foto-gabriel-inamine-scaled.jpg?fit=1200%2C638&ssl=1&resize=350%2C200 1x, https:\/\/i0.wp.com\/ismaelcolosi.com.br\/wp-content\/uploads\/2023\/12\/170205-vistoria-riacho-grande-01-foto-gabriel-inamine-scaled.jpg?fit=1200%2C638&ssl=1&resize=525%2C300 1.5x, https:\/\/i0.wp.com\/ismaelcolosi.com.br\/wp-content\/uploads\/2023\/12\/170205-vistoria-riacho-grande-01-foto-gabriel-inamine-scaled.jpg?fit=1200%2C638&ssl=1&resize=700%2C400 2x, https:\/\/i0.wp.com\/ismaelcolosi.com.br\/wp-content\/uploads\/2023\/12\/170205-vistoria-riacho-grande-01-foto-gabriel-inamine-scaled.jpg?fit=1200%2C638&ssl=1&resize=1050%2C600 3x"},"classes":[]},{"id":1208,"url":"https:\/\/ismaelcolosi.com.br\/index.php\/2023\/11\/10\/saerp-alerta-para-uso-consciente-de-agua-em-ribeirao-preto-durante-onda-de-calor\/","url_meta":{"origin":68202,"position":4},"title":"Saerp alerta para uso consciente de \u00e1gua em Ribeir\u00e3o Preto durante onda de calor","author":"ismaelcolosi.com.br","date":"10 de November de 2023","format":false,"excerpt":"Devido \u00e0 previs\u00e3o de altas temperaturas nos pr\u00f3ximos dias, o Saerp (Servi\u00e7o de \u00c1gua e Esgoto em Ribeir\u00e3o Preto) emitiu um alerta, nesta sexta-feira (10), para o uso consciente de \u00e1gua no munic\u00edpio durante a onda de calor. De acordo com o \u00f3rg\u00e3o, o consumo de \u00e1gua se intensifica nesse\u2026","rel":"","context":"In &quot;Not\u00edcias de Ribeir\u00e3o Preto-SP e Regi\u00e3o&quot;","block_context":{"text":"Not\u00edcias de Ribeir\u00e3o Preto-SP e Regi\u00e3o","link":"https:\/\/ismaelcolosi.com.br\/index.php\/category\/noticias-de-ribeirao-preto-sp-e-regiao-ismael-colosi\/"},"img":{"alt_text":"","src":"https:\/\/i0.wp.com\/ismaelcolosi.com.br\/wp-content\/uploads\/2023\/11\/alerta_saerp_1-1024x683.png?fit=1024%2C683&ssl=1&resize=350%2C200","width":350,"height":200,"srcset":"https:\/\/i0.wp.com\/ismaelcolosi.com.br\/wp-content\/uploads\/2023\/11\/alerta_saerp_1-1024x683.png?fit=1024%2C683&ssl=1&resize=350%2C200 1x, https:\/\/i0.wp.com\/ismaelcolosi.com.br\/wp-content\/uploads\/2023\/11\/alerta_saerp_1-1024x683.png?fit=1024%2C683&ssl=1&resize=525%2C300 1.5x, https:\/\/i0.wp.com\/ismaelcolosi.com.br\/wp-content\/uploads\/2023\/11\/alerta_saerp_1-1024x683.png?fit=1024%2C683&ssl=1&resize=700%2C400 2x"},"classes":[]},{"id":36850,"url":"https:\/\/ismaelcolosi.com.br\/index.php\/2024\/02\/12\/veja-prainhas-para-curtir-o-fim-do-carnaval-na-regiao-de-ribeirao-preto-2\/","url_meta":{"origin":68202,"position":5},"title":"Veja prainhas para curtir o fim do Carnaval na regi\u00e3o de Ribeir\u00e3o Preto","author":"ismaelcolosi.com.br","date":"12 de February de 2024","format":false,"excerpt":"Para os foli\u00f5es que querem aproveitar o fim do Carnaval em um lugar mais tranquilo e com o clima praiano. Na regi\u00e3o de Ribeir\u00e3o Preto existem algumas cidades que possuem praias artificiais e com entrada de gra\u00e7a. Confira algumas op\u00e7\u00f5es de prainhas na regi\u00e3o: Miguel\u00f3polis A cerca de 130 quil\u00f4metros\u2026","rel":"","context":"In &quot;Not\u00edcias de Ribeir\u00e3o Preto-SP e Regi\u00e3o&quot;","block_context":{"text":"Not\u00edcias de Ribeir\u00e3o Preto-SP e Regi\u00e3o","link":"https:\/\/ismaelcolosi.com.br\/index.php\/category\/noticias-de-ribeirao-preto-sp-e-regiao-ismael-colosi\/"},"img":{"alt_text":"","src":"https:\/\/i0.wp.com\/ismaelcolosi.com.br\/wp-content\/uploads\/2024\/02\/1707765124_Capturar-9.jpg?fit=736%2C546&ssl=1&resize=350%2C200","width":350,"height":200,"srcset":"https:\/\/i0.wp.com\/ismaelcolosi.com.br\/wp-content\/uploads\/2024\/02\/1707765124_Capturar-9.jpg?fit=736%2C546&ssl=1&resize=350%2C200 1x, https:\/\/i0.wp.com\/ismaelcolosi.com.br\/wp-content\/uploads\/2024\/02\/1707765124_Capturar-9.jpg?fit=736%2C546&ssl=1&resize=525%2C300 1.5x, https:\/\/i0.wp.com\/ismaelcolosi.com.br\/wp-content\/uploads\/2024\/02\/1707765124_Capturar-9.jpg?fit=736%2C546&ssl=1&resize=700%2C400 2x"},"classes":[]}],"jetpack_sharing_enabled":true,"jetpack_shortlink":"https:\/\/wp.me\/pfMlyK-hK2","_links":{"self":[{"href":"https:\/\/ismaelcolosi.com.br\/index.php\/wp-json\/wp\/v2\/posts\/68202","targetHints":{"allow":["GET"]}}],"collection":[{"href":"https:\/\/ismaelcolosi.com.br\/index.php\/wp-json\/wp\/v2\/posts"}],"about":[{"href":"https:\/\/ismaelcolosi.com.br\/index.php\/wp-json\/wp\/v2\/types\/post"}],"author":[{"embeddable":true,"href":"https:\/\/ismaelcolosi.com.br\/index.php\/wp-json\/wp\/v2\/users\/1"}],"replies":[{"embeddable":true,"href":"https:\/\/ismaelcolosi.com.br\/index.php\/wp-json\/wp\/v2\/comments?post=68202"}],"version-history":[{"count":0,"href":"https:\/\/ismaelcolosi.com.br\/index.php\/wp-json\/wp\/v2\/posts\/68202\/revisions"}],"wp:featuredmedia":[{"embeddable":true,"href":"https:\/\/ismaelcolosi.com.br\/index.php\/wp-json\/wp\/v2\/media\/68203"}],"wp:attachment":[{"href":"https:\/\/ismaelcolosi.com.br\/index.php\/wp-json\/wp\/v2\/media?parent=68202"}],"wp:term":[{"taxonomy":"category","embeddable":true,"href":"https:\/\/ismaelcolosi.com.br\/index.php\/wp-json\/wp\/v2\/categories?post=68202"},{"taxonomy":"post_tag","embeddable":true,"href":"https:\/\/ismaelcolosi.com.br\/index.php\/wp-json\/wp\/v2\/tags?post=68202"}],"curies":[{"name":"wp","href":"https:\/\/api.w.org\/{rel}","templated":true}]}}