{"id":68184,"date":"2024-09-27T16:32:34","date_gmt":"2024-09-27T19:32:34","guid":{"rendered":"https:\/\/ismaelcolosi.com.br\/index.php\/2024\/09\/27\/confira-os-horarios-de-funcionamento-dos-parques-de-ribeirao-preto\/"},"modified":"2024-09-27T16:32:34","modified_gmt":"2024-09-27T19:32:34","slug":"confira-os-horarios-de-funcionamento-dos-parques-de-ribeirao-preto","status":"publish","type":"post","link":"https:\/\/ismaelcolosi.com.br\/index.php\/2024\/09\/27\/confira-os-horarios-de-funcionamento-dos-parques-de-ribeirao-preto\/","title":{"rendered":"Confira os hor\u00e1rios de funcionamento dos parques de Ribeir\u00e3o Preto"},"content":{"rendered":"<p> <br \/>\n<\/p>\n<div>\n<p><strong>Ribeir\u00e3o Preto<\/strong>\u00a0tem <strong>seis parques<\/strong>\u00a0para quem prefere curtir ou fazer alguma atividade ao ar livre, pela cidade. <\/p>\n<h4 class=\"wp-block-heading\">Confira mais detalhes sobre os parques do munic\u00edpio<\/h4>\n<div class=\"wp-block-image\">\n<figure class=\"aligncenter size-large\"><img data-recalc-dims=\"1\" loading=\"lazy\" decoding=\"async\" width=\"1024\" height=\"576\" src=\"https:\/\/i0.wp.com\/www.acidadeon.com\/ribeiraopreto\/wp-content\/uploads\/sites\/3\/2023\/10\/img_20230525_101645713-1024x576.jpg?resize=1024%2C576&#038;ssl=1\" alt=\"Parque Dr. Luis Carlos Raya em Ribeir\u00e3o Preto\" class=\"wp-image-56814\" srcset=\"https:\/\/www.acidadeon.com\/ribeiraopreto\/wp-content\/uploads\/sites\/3\/2023\/10\/img_20230525_101645713-1024x576.jpg 1024w, https:\/\/www.acidadeon.com\/ribeiraopreto\/wp-content\/uploads\/sites\/3\/2023\/10\/img_20230525_101645713-300x169.jpg 300w, https:\/\/www.acidadeon.com\/ribeiraopreto\/wp-content\/uploads\/sites\/3\/2023\/10\/img_20230525_101645713-768x432.jpg 768w, https:\/\/www.acidadeon.com\/ribeiraopreto\/wp-content\/uploads\/sites\/3\/2023\/10\/img_20230525_101645713-1536x864.jpg 1536w, https:\/\/www.acidadeon.com\/ribeiraopreto\/wp-content\/uploads\/sites\/3\/2023\/10\/img_20230525_101645713-2048x1152.jpg 2048w, https:\/\/www.acidadeon.com\/ribeiraopreto\/wp-content\/uploads\/sites\/3\/2023\/10\/img_20230525_101645713-696x392.jpg 696w, https:\/\/www.acidadeon.com\/ribeiraopreto\/wp-content\/uploads\/sites\/3\/2023\/10\/img_20230525_101645713-1068x601.jpg 1068w, https:\/\/www.acidadeon.com\/ribeiraopreto\/wp-content\/uploads\/sites\/3\/2023\/10\/img_20230525_101645713-1920x1080.jpg 1920w\" sizes=\"auto, (max-width: 1024px) 100vw, 1024px\"\/><figcaption class=\"wp-element-caption\">O Parque Raya fica na zona Sul de Ribeir\u00e3o Preto (Foto de arquivo: Marcelo Fontes \/ acidade on)<\/figcaption><\/figure>\n<\/div>\n<h4 class=\"wp-block-heading\"><strong>Parque Luis Carlos Raya<\/strong><\/h4>\n<p>O parque fica localizado no<strong> bairro Jardim Bot\u00e2nico<\/strong> e conta com\u00a0<strong>40 mil<\/strong>\u00a0metros quadrados. O local possui lagos, cachoeiras e pistas para caminhadas. Importante lembrar que, <strong>neste final de semana<\/strong>, <mark style=\"background-color:#fcb900\" class=\"has-inline-color\">no Parque Raya acontece a Oktoberfest<\/mark>. O evento acontece a partir das 16h. <\/p>\n<p><strong>Endere\u00e7o<\/strong>: R. Severiano Amaro dos Santos, s\/n \u2013 Jardim Bot\u00e2nico<\/p>\n<p><strong>Hor\u00e1rio de Funcionamento<\/strong>: das 6h \u00e0s 21h.<\/p>\n<div class=\"wp-block-image\">\n<figure class=\"aligncenter size-large\"><img data-recalc-dims=\"1\" decoding=\"async\" loading=\"lazy\" width=\"1024\" height=\"576\" src=\"https:\/\/i0.wp.com\/www.acidadeon.com\/ribeiraopreto\/wp-content\/uploads\/sites\/3\/2024\/01\/parque-curupira-1024x576.jpeg?resize=1024%2C576&#038;ssl=1\" alt=\"confira como fica o tempo em ribeir\u00e3o preto\" class=\"wp-image-65869\" srcset=\"https:\/\/www.acidadeon.com\/ribeiraopreto\/wp-content\/uploads\/sites\/3\/2024\/01\/parque-curupira-1024x576.jpeg 1024w, https:\/\/www.acidadeon.com\/ribeiraopreto\/wp-content\/uploads\/sites\/3\/2024\/01\/parque-curupira-300x169.jpeg 300w, https:\/\/www.acidadeon.com\/ribeiraopreto\/wp-content\/uploads\/sites\/3\/2024\/01\/parque-curupira-768x432.jpeg 768w, https:\/\/www.acidadeon.com\/ribeiraopreto\/wp-content\/uploads\/sites\/3\/2024\/01\/parque-curupira-1536x863.jpeg 1536w, https:\/\/www.acidadeon.com\/ribeiraopreto\/wp-content\/uploads\/sites\/3\/2024\/01\/parque-curupira-2048x1151.jpeg 2048w, https:\/\/www.acidadeon.com\/ribeiraopreto\/wp-content\/uploads\/sites\/3\/2024\/01\/parque-curupira-696x391.jpeg 696w, https:\/\/www.acidadeon.com\/ribeiraopreto\/wp-content\/uploads\/sites\/3\/2024\/01\/parque-curupira-1068x600.jpeg 1068w, https:\/\/www.acidadeon.com\/ribeiraopreto\/wp-content\/uploads\/sites\/3\/2024\/01\/parque-curupira-1920x1079.jpeg 1920w\" sizes=\"auto, (max-width: 1024px) 100vw, 1024px\"\/><figcaption class=\"wp-element-caption\">O Parque Curupira, em Ribeir\u00e3o Preto \u2013 Foto: Marcelo Fontes<\/figcaption><\/figure>\n<\/div>\n<h4 class=\"wp-block-heading\"><strong>Parque Prefeito Luiz\u00a0Roberto J\u00e1bali\u00a0 (Curupira)<\/strong><\/h4>\n<p>O parque, que \u00e9 considerada a maior \u00e1rea de lazer do munic\u00edpio, tem mais de duas d\u00e9cadas de hist\u00f3ria. S\u00e3o\u00a0<strong>152 mil\u00a0metros quadrados <\/strong>compostos por lagos artificiais, cachoeiras e trilhas asfaltadas para passeios de bicicletas ou caminhadas. Al\u00e9m de uma\u00a0<strong>pra\u00e7a de eventos<\/strong>\u00a0com capacidade para\u00a0<strong>20 mil pessoas<\/strong>.<\/p>\n<p><strong>Endere\u00e7o<\/strong>: Av. Cost\u00e1bile Romano, S\/n \u2013 Ribeir\u00e2nia<\/p>\n<p><strong>Hor\u00e1rio de funcionamento<\/strong>: das\u00a0<strong>6h \u00e0s 20h<\/strong><\/p>\n<div class=\"wp-block-image\">\n<figure class=\"aligncenter size-full\"><img data-recalc-dims=\"1\" decoding=\"async\" src=\"https:\/\/i0.wp.com\/www.acidadeon.com\/ribeiraopreto\/wp-content\/uploads\/sites\/3\/2023\/09\/parque_das_1024x576_25072021092846.jpg?ssl=1\" alt=\"\" class=\"wp-image-45175\"\/><figcaption class=\"wp-element-caption\">Parque das Artes em Ribeir\u00e3o Preto \u2013 Foto: Marcelo Fontes <\/figcaption><\/figure>\n<\/div>\n<h4 class=\"wp-block-heading\"><strong>Parque Dr. Fernando de Freitas Monteiro da Silva \u2013 \u201cParque das Artes\u201d<\/strong><\/h4>\n<p>Localizado no bairro <strong>Jardim Nova Alian\u00e7a<\/strong>, o parque tem quase <strong>70 mil\u00a0<\/strong>metros quadrados. A \u00e1rea possui lagos artificias, pista de corridas e uma grande \u00e1rea de vegeta\u00e7\u00e3o.<\/p>\n<p><strong>Endere\u00e7o: <\/strong>R. Joaquim Sim\u00f5es Gomes, 420 \u2013 Nova Alian\u00e7a<\/p>\n<p><strong>Hor\u00e1rio de funcionamento<\/strong>: das\u00a0<strong>6h \u00e0s 21h<\/strong>.<\/p>\n<div class=\"wp-block-image\">\n<figure class=\"aligncenter size-large\"><img data-recalc-dims=\"1\" decoding=\"async\" loading=\"lazy\" width=\"1024\" height=\"572\" src=\"https:\/\/i0.wp.com\/www.acidadeon.com\/ribeiraopreto\/wp-content\/uploads\/sites\/3\/2024\/08\/pista-skate-maurilio_2024-08-12_16-22-21_jpeg_2024-08-12_16-22-21-1024x572.webp?resize=1024%2C572&#038;ssl=1\" alt=\"pista de skate parque maurilio biagi\" class=\"wp-image-90232\" srcset=\"https:\/\/www.acidadeon.com\/ribeiraopreto\/wp-content\/uploads\/sites\/3\/2024\/08\/pista-skate-maurilio_2024-08-12_16-22-21_jpeg_2024-08-12_16-22-21-1024x572.webp 1024w, https:\/\/www.acidadeon.com\/ribeiraopreto\/wp-content\/uploads\/sites\/3\/2024\/08\/pista-skate-maurilio_2024-08-12_16-22-21_jpeg_2024-08-12_16-22-21-300x167.webp 300w, https:\/\/www.acidadeon.com\/ribeiraopreto\/wp-content\/uploads\/sites\/3\/2024\/08\/pista-skate-maurilio_2024-08-12_16-22-21_jpeg_2024-08-12_16-22-21-768x429.webp 768w, https:\/\/www.acidadeon.com\/ribeiraopreto\/wp-content\/uploads\/sites\/3\/2024\/08\/pista-skate-maurilio_2024-08-12_16-22-21_jpeg_2024-08-12_16-22-21-696x388.webp 696w, https:\/\/www.acidadeon.com\/ribeiraopreto\/wp-content\/uploads\/sites\/3\/2024\/08\/pista-skate-maurilio_2024-08-12_16-22-21_jpeg_2024-08-12_16-22-21-1068x596.webp 1068w, https:\/\/www.acidadeon.com\/ribeiraopreto\/wp-content\/uploads\/sites\/3\/2024\/08\/pista-skate-maurilio_2024-08-12_16-22-21_jpeg_2024-08-12_16-22-21.webp 1118w\" sizes=\"auto, (max-width: 1024px) 100vw, 1024px\"\/><figcaption class=\"wp-element-caption\">Pista de skate do Parque Maur\u00edlio Biagi, em Ribeir\u00e3o Preto (Foto: divulga\u00e7\u00e3o)<\/figcaption><\/figure>\n<\/div>\n<h4 class=\"wp-block-heading\"><strong>Parque Maur\u00edlio Biagi<\/strong><\/h4>\n<p>O parque\u00a0<strong>Maur\u00edlio Biagi<\/strong>\u00a0fica localizado entre os bairros do\u00a0<strong>Centro\u00a0<\/strong>e <strong>Vila Tib\u00e9rio<\/strong>. Ele possui\u00a0<strong>70 mil<\/strong>\u00a0<strong>metros quadrados<\/strong> onde s\u00e3o distribu\u00eddas quadras esportivas, rampa de skate, academia ao ar livre, ponto de leitura, lanchonete, sanit\u00e1rios, pistas de passeios em concreto e ciclovia, al\u00e9m de equipamentos para gin\u00e1stica. <\/p>\n<p><strong>Endere\u00e7o:<\/strong> Av. Elp\u00eddio Gomes, 327 \u2013 Vila Amelia <\/p>\n<p><strong>Hor\u00e1rio de funcionamento<\/strong>: das <strong>6h \u00e0s 21h<\/strong>.<\/p>\n<div class=\"wp-block-image\">\n<figure class=\"aligncenter size-full\"><img data-recalc-dims=\"1\" decoding=\"async\" src=\"https:\/\/i0.wp.com\/www.acidadeon.com\/ribeiraopreto\/wp-content\/uploads\/sites\/3\/2023\/09\/parque_tom_1024x576_09082021102858.jpg?ssl=1\" alt=\"\" class=\"wp-image-44226\"\/><figcaption class=\"wp-element-caption\">Parque Tom Jobim, na zona Oeste de Ribeir\u00e3o Preto (Foto: Marcelo Fontes \/ ACidade ON)<\/figcaption><\/figure>\n<\/div>\n<h4 class=\"wp-block-heading\"><strong>Parque Tom Jobim<\/strong><\/h4>\n<p>O local \u00e9 a principal \u00e1rea verde p\u00fablica na zona\u00a0<strong>Norte<\/strong> da cidade. Ele tem\u00a0<strong>64 mil<\/strong>\u00a0<strong>metros quadrados<\/strong>, um lago de\u00a0<strong>oito mil<\/strong>\u00a0metros quadrados, quadra poliesportiva coberta, campo de futebol, vesti\u00e1rios e playground com brinquedos.<\/p>\n<p><strong>Endere\u00e7o:<\/strong> R. Cel. Am\u00e9rico Batista \u2013 Ipiranga<\/p>\n<p><strong>Hor\u00e1rio de funcionamento<\/strong>: das\u00a0<strong>6h \u00e0s 18h<\/strong>.<\/p>\n<div class=\"wp-block-image\">\n<figure class=\"aligncenter size-large\"><img data-recalc-dims=\"1\" decoding=\"async\" loading=\"lazy\" width=\"1024\" height=\"576\" src=\"https:\/\/i0.wp.com\/www.acidadeon.com\/ribeiraopreto\/wp-content\/uploads\/sites\/3\/2024\/09\/WhatsApp-Image-2024-09-21-at-10.56.00_2024-09-21_14-36-31_jpeg_2024-09-21_14-36-31-1024x576.webp?resize=1024%2C576&#038;ssl=1\" alt=\"\" class=\"wp-image-94043\" srcset=\"https:\/\/www.acidadeon.com\/ribeiraopreto\/wp-content\/uploads\/sites\/3\/2024\/09\/WhatsApp-Image-2024-09-21-at-10.56.00_2024-09-21_14-36-31_jpeg_2024-09-21_14-36-31-1024x576.webp 1024w, https:\/\/www.acidadeon.com\/ribeiraopreto\/wp-content\/uploads\/sites\/3\/2024\/09\/WhatsApp-Image-2024-09-21-at-10.56.00_2024-09-21_14-36-31_jpeg_2024-09-21_14-36-31-300x169.webp 300w, https:\/\/www.acidadeon.com\/ribeiraopreto\/wp-content\/uploads\/sites\/3\/2024\/09\/WhatsApp-Image-2024-09-21-at-10.56.00_2024-09-21_14-36-31_jpeg_2024-09-21_14-36-31-768x432.webp 768w, https:\/\/www.acidadeon.com\/ribeiraopreto\/wp-content\/uploads\/sites\/3\/2024\/09\/WhatsApp-Image-2024-09-21-at-10.56.00_2024-09-21_14-36-31_jpeg_2024-09-21_14-36-31-1536x864.webp 1536w, https:\/\/www.acidadeon.com\/ribeiraopreto\/wp-content\/uploads\/sites\/3\/2024\/09\/WhatsApp-Image-2024-09-21-at-10.56.00_2024-09-21_14-36-31_jpeg_2024-09-21_14-36-31-696x392.webp 696w, https:\/\/www.acidadeon.com\/ribeiraopreto\/wp-content\/uploads\/sites\/3\/2024\/09\/WhatsApp-Image-2024-09-21-at-10.56.00_2024-09-21_14-36-31_jpeg_2024-09-21_14-36-31-1068x601.webp 1068w, https:\/\/www.acidadeon.com\/ribeiraopreto\/wp-content\/uploads\/sites\/3\/2024\/09\/WhatsApp-Image-2024-09-21-at-10.56.00_2024-09-21_14-36-31_jpeg_2024-09-21_14-36-31.webp 1600w\" sizes=\"auto, (max-width: 1024px) 100vw, 1024px\"\/><figcaption class=\"wp-element-caption\">Parque Primavera \u00e9 inaugurado em Ribeir\u00e3o Preto. (Foto: Mariana Queiroz\/ acidade on)<\/figcaption><\/figure>\n<\/div>\n<h4 class=\"wp-block-heading\"><strong>Parque Primavera Vera L\u00facia Amorim Biagi<\/strong><\/h4>\n<p>Inaugurado h\u00e1 uma semana, o parque conta com\u00a0<strong>sanit\u00e1rios<\/strong>,\u00a0<strong>equipamentos para lazer<\/strong>,\u00a0<strong>bancos<\/strong>,\u00a0<strong>ilumina\u00e7\u00e3o<\/strong>\u00a0e\u00a0<strong>guarita de vigil\u00e2ncia 24h<\/strong>. O local recebeu esse nome em homenagem a <strong>Vera L\u00facia de Amorim Biagi<\/strong>, uma das incentivadoras da restaura\u00e7\u00e3o do\u00a0<strong>Theatro Pedro II<\/strong>, nos anos 1990.<\/p>\n<p>SAIBA MAIS<br \/>Lu\u00edsa Sonza, Oktoberfest e muita coxinha: Veja agenda do fim de semana em Ribeir\u00e3o Preto<\/p>\n<h4 class=\"wp-block-heading\"><strong>FIQUE ON<\/strong><\/h4>\n<p>Fique ligado em tudo que acontece em Ribeir\u00e3o Preto e regi\u00e3o. Siga os perfis do\u00a0<strong>acidade on\u00a0<\/strong>no\u00a0<a href=\"https:\/\/www.instagram.com\/acidadeonribeirao\" target=\"_blank\" rel=\"noreferrer noopener\">Instagram\u00a0<\/a>e no\u00a0<a href=\"https:\/\/www.facebook.com\/acidadeonribeirao\/\" target=\"_blank\" rel=\"noreferrer noopener\">Facebook<\/a>.<\/p>\n<p>Receba not\u00edcias do\u00a0<strong>acidade on<\/strong>\u00a0no WhatsApp.\u00a0<a href=\"https:\/\/chat.whatsapp.com\/Dtv9mxhy6V5BJBotM2OQ5k\" target=\"_blank\" rel=\"noreferrer noopener\">Para entrar no grupo, basta clicar aqui.<\/a><\/p>\n<p>Fa\u00e7a uma den\u00fancia ou sugira uma reportagem sobre Ribeir\u00e3o Preto e regi\u00e3o pelo WhatsApp: 16 99117 7802.<\/p>\n<p>VEJA TAMB\u00c9M<br \/>Vai ter frente fria em outubro no Brasil?<\/p>\n<p><!-- CONTENT END 1 -->\n<\/div>\n<p><script async src=\"\/\/www.instagram.com\/embed.js\"><\/script><br \/>\n<br \/><br \/>\n<br \/><a href=\"https:\/\/www.acidadeon.com\/ribeiraopreto\/lazer-e-cultura\/confira-os-horarios-de-funcionamento-dos-parques-de-ribeirao-preto\/\">Source link <\/a><\/p>\n","protected":false},"excerpt":{"rendered":"<p>Ribeir\u00e3o Preto\u00a0tem seis parques\u00a0para quem prefere curtir ou fazer alguma atividade ao ar livre, pela cidade. Confira mais detalhes sobre os parques do munic\u00edpio O&#8230;<\/p>\n","protected":false},"author":1,"featured_media":68185,"comment_status":"open","ping_status":"open","sticky":false,"template":"","format":"standard","meta":{"_uag_custom_page_level_css":"","advanced_seo_description":"","jetpack_seo_html_title":"","jetpack_seo_noindex":false,"jetpack_post_was_ever_published":false,"_jetpack_newsletter_access":"","_jetpack_dont_email_post_to_subs":false,"_jetpack_newsletter_tier_id":0,"_jetpack_memberships_contains_paywalled_content":false,"_jetpack_memberships_contains_paid_content":false,"footnotes":"","jetpack_publicize_message":"","jetpack_publicize_feature_enabled":true,"jetpack_social_post_already_shared":true,"jetpack_social_options":{"image_generator_settings":{"template":"highway","default_image_id":0,"font":"","enabled":false},"version":2}},"categories":[11],"tags":[],"class_list":["post-68184","post","type-post","status-publish","format-standard","has-post-thumbnail","hentry","category-noticias-de-ribeirao-preto-sp-e-regiao-ismael-colosi"],"jetpack_publicize_connections":[],"jetpack_featured_media_url":"https:\/\/i0.wp.com\/ismaelcolosi.com.br\/wp-content\/uploads\/2024\/09\/Copia-de-Copia-de-Copia-de-TAMANHO-EXATO-PARA-FOTOS-NO-SISTEMA-NOVO-49_2024-09-27_19-16-30_png_2024-09-27_19-16-30.webp.webp?fit=1200%2C675&ssl=1","uagb_featured_image_src":{"full":["https:\/\/i0.wp.com\/ismaelcolosi.com.br\/wp-content\/uploads\/2024\/09\/Copia-de-Copia-de-Copia-de-TAMANHO-EXATO-PARA-FOTOS-NO-SISTEMA-NOVO-49_2024-09-27_19-16-30_png_2024-09-27_19-16-30.webp.webp?fit=1200%2C675&ssl=1",1200,675,false],"thumbnail":["https:\/\/i0.wp.com\/ismaelcolosi.com.br\/wp-content\/uploads\/2024\/09\/Copia-de-Copia-de-Copia-de-TAMANHO-EXATO-PARA-FOTOS-NO-SISTEMA-NOVO-49_2024-09-27_19-16-30_png_2024-09-27_19-16-30.webp.webp?resize=150%2C150&ssl=1",150,150,true],"medium":["https:\/\/i0.wp.com\/ismaelcolosi.com.br\/wp-content\/uploads\/2024\/09\/Copia-de-Copia-de-Copia-de-TAMANHO-EXATO-PARA-FOTOS-NO-SISTEMA-NOVO-49_2024-09-27_19-16-30_png_2024-09-27_19-16-30.webp.webp?fit=300%2C169&ssl=1",300,169,true],"medium_large":["https:\/\/i0.wp.com\/ismaelcolosi.com.br\/wp-content\/uploads\/2024\/09\/Copia-de-Copia-de-Copia-de-TAMANHO-EXATO-PARA-FOTOS-NO-SISTEMA-NOVO-49_2024-09-27_19-16-30_png_2024-09-27_19-16-30.webp.webp?fit=768%2C432&ssl=1",768,432,true],"large":["https:\/\/i0.wp.com\/ismaelcolosi.com.br\/wp-content\/uploads\/2024\/09\/Copia-de-Copia-de-Copia-de-TAMANHO-EXATO-PARA-FOTOS-NO-SISTEMA-NOVO-49_2024-09-27_19-16-30_png_2024-09-27_19-16-30.webp.webp?fit=1024%2C576&ssl=1",1024,576,true],"1536x1536":["https:\/\/i0.wp.com\/ismaelcolosi.com.br\/wp-content\/uploads\/2024\/09\/Copia-de-Copia-de-Copia-de-TAMANHO-EXATO-PARA-FOTOS-NO-SISTEMA-NOVO-49_2024-09-27_19-16-30_png_2024-09-27_19-16-30.webp.webp?fit=1200%2C675&ssl=1",1200,675,true],"2048x2048":["https:\/\/i0.wp.com\/ismaelcolosi.com.br\/wp-content\/uploads\/2024\/09\/Copia-de-Copia-de-Copia-de-TAMANHO-EXATO-PARA-FOTOS-NO-SISTEMA-NOVO-49_2024-09-27_19-16-30_png_2024-09-27_19-16-30.webp.webp?fit=1200%2C675&ssl=1",1200,675,true],"really-simple-thumb":["https:\/\/i0.wp.com\/ismaelcolosi.com.br\/wp-content\/uploads\/2024\/09\/Copia-de-Copia-de-Copia-de-TAMANHO-EXATO-PARA-FOTOS-NO-SISTEMA-NOVO-49_2024-09-27_19-16-30_png_2024-09-27_19-16-30.webp.webp?resize=370%2C247&ssl=1",370,247,true]},"uagb_author_info":{"display_name":"ismaelcolosi.com.br","author_link":"https:\/\/ismaelcolosi.com.br\/index.php\/author\/vidareal-online\/"},"uagb_comment_info":0,"uagb_excerpt":"Ribeir\u00e3o Preto\u00a0tem seis parques\u00a0para quem prefere curtir ou fazer alguma atividade ao ar livre, pela cidade. Confira mais detalhes sobre os parques do munic\u00edpio O...","jetpack-related-posts":[{"id":18054,"url":"https:\/\/ismaelcolosi.com.br\/index.php\/2023\/12\/19\/prefeito-de-ribeirao-preto-fala-sobre-obras-falta-dagua-museus-e-parques-veja-video\/","url_meta":{"origin":68184,"position":0},"title":"Prefeito de Ribeir\u00e3o Preto fala sobre obras, falta d\u2019\u00e1gua, museus e parques; Veja v\u00eddeo","author":"ismaelcolosi.com.br","date":"19 de December de 2023","format":false,"excerpt":"O acidade on Ribeir\u00e3o Preto e a r\u00e1dio CBN realizaram uma sabatina com o prefeito de Ribeir\u00e3o Preto, Duarte Nogueira (PSDB). O tucano, que comanda o poder Executivo da cidade desde janeiro de 2017 \u2013 foi eleito e reeleito \u2013 falou sobre os temas que est\u00e3o em evid\u00eancia na cidade:\u2026","rel":"","context":"In &quot;Not\u00edcias de Ribeir\u00e3o Preto-SP e Regi\u00e3o&quot;","block_context":{"text":"Not\u00edcias de Ribeir\u00e3o Preto-SP e Regi\u00e3o","link":"https:\/\/ismaelcolosi.com.br\/index.php\/category\/noticias-de-ribeirao-preto-sp-e-regiao-ismael-colosi\/"},"img":{"alt_text":"","src":"https:\/\/i0.wp.com\/ismaelcolosi.com.br\/wp-content\/uploads\/2023\/12\/Nogueira.jpg?fit=1200%2C675&ssl=1&resize=350%2C200","width":350,"height":200,"srcset":"https:\/\/i0.wp.com\/ismaelcolosi.com.br\/wp-content\/uploads\/2023\/12\/Nogueira.jpg?fit=1200%2C675&ssl=1&resize=350%2C200 1x, https:\/\/i0.wp.com\/ismaelcolosi.com.br\/wp-content\/uploads\/2023\/12\/Nogueira.jpg?fit=1200%2C675&ssl=1&resize=525%2C300 1.5x, https:\/\/i0.wp.com\/ismaelcolosi.com.br\/wp-content\/uploads\/2023\/12\/Nogueira.jpg?fit=1200%2C675&ssl=1&resize=700%2C400 2x, https:\/\/i0.wp.com\/ismaelcolosi.com.br\/wp-content\/uploads\/2023\/12\/Nogueira.jpg?fit=1200%2C675&ssl=1&resize=1050%2C600 3x"},"classes":[]},{"id":68193,"url":"https:\/\/ismaelcolosi.com.br\/index.php\/2024\/09\/27\/confira-os-horarios-de-funcionamento-dos-parques-de-ribeirao-preto-2\/","url_meta":{"origin":68184,"position":1},"title":"Confira os hor\u00e1rios de funcionamento dos parques de Ribeir\u00e3o Preto","author":"ismaelcolosi.com.br","date":"27 de September de 2024","format":false,"excerpt":"Ribeir\u00e3o Preto\u00a0tem seis parques\u00a0para quem prefere curtir ou fazer alguma atividade ao ar livre, pela cidade. Confira mais detalhes sobre os parques do munic\u00edpio O Parque Raya fica na zona Sul de Ribeir\u00e3o Preto (Foto de arquivo: Marcelo Fontes \/ acidade on) Parque Luis Carlos Raya O parque fica localizado\u2026","rel":"","context":"In &quot;Not\u00edcias de Ribeir\u00e3o Preto-SP e Regi\u00e3o&quot;","block_context":{"text":"Not\u00edcias de Ribeir\u00e3o Preto-SP e Regi\u00e3o","link":"https:\/\/ismaelcolosi.com.br\/index.php\/category\/noticias-de-ribeirao-preto-sp-e-regiao-ismael-colosi\/"},"img":{"alt_text":"","src":"https:\/\/i0.wp.com\/ismaelcolosi.com.br\/wp-content\/uploads\/2024\/09\/Copia-de-Copia-de-Copia-de-TAMANHO-EXATO-PARA-FOTOS-NO-SISTEMA-NOVO-49_2024-09-27_19-16-30_png_2024-09-27_19-16-30.webp.webp?fit=1200%2C675&ssl=1&resize=350%2C200","width":350,"height":200,"srcset":"https:\/\/i0.wp.com\/ismaelcolosi.com.br\/wp-content\/uploads\/2024\/09\/Copia-de-Copia-de-Copia-de-TAMANHO-EXATO-PARA-FOTOS-NO-SISTEMA-NOVO-49_2024-09-27_19-16-30_png_2024-09-27_19-16-30.webp.webp?fit=1200%2C675&ssl=1&resize=350%2C200 1x, https:\/\/i0.wp.com\/ismaelcolosi.com.br\/wp-content\/uploads\/2024\/09\/Copia-de-Copia-de-Copia-de-TAMANHO-EXATO-PARA-FOTOS-NO-SISTEMA-NOVO-49_2024-09-27_19-16-30_png_2024-09-27_19-16-30.webp.webp?fit=1200%2C675&ssl=1&resize=525%2C300 1.5x, https:\/\/i0.wp.com\/ismaelcolosi.com.br\/wp-content\/uploads\/2024\/09\/Copia-de-Copia-de-Copia-de-TAMANHO-EXATO-PARA-FOTOS-NO-SISTEMA-NOVO-49_2024-09-27_19-16-30_png_2024-09-27_19-16-30.webp.webp?fit=1200%2C675&ssl=1&resize=700%2C400 2x, https:\/\/i0.wp.com\/ismaelcolosi.com.br\/wp-content\/uploads\/2024\/09\/Copia-de-Copia-de-Copia-de-TAMANHO-EXATO-PARA-FOTOS-NO-SISTEMA-NOVO-49_2024-09-27_19-16-30_png_2024-09-27_19-16-30.webp.webp?fit=1200%2C675&ssl=1&resize=1050%2C600 3x"},"classes":[]},{"id":49571,"url":"https:\/\/ismaelcolosi.com.br\/index.php\/2024\/05\/11\/parques-aquaticos-da-regiao-terao-entrada-gratuita-no-dia-das-maes-veja-quais-sao\/","url_meta":{"origin":68184,"position":2},"title":"Parques aqu\u00e1ticos da regi\u00e3o ter\u00e3o entrada gratuita no Dia das M\u00e3es; Veja quais s\u00e3o","author":"ismaelcolosi.com.br","date":"11 de May de 2024","format":false,"excerpt":"Para celebrar o Dia das M\u00e3es, dois parques aqu\u00e1ticos da regi\u00e3o de Ribeir\u00e3o Preto ter\u00e3o entrada gratuita, neste domingo (12), para as mulheres que possu\u00edrem filhos \u2013 veja abaixo. A promo\u00e7\u00e3o \u00e9 v\u00e1lida para Hot Beach, na cidade de Ol\u00edmpia, e para o Barretos Country Park, que fica em Barretos.\u2026","rel":"","context":"In &quot;Not\u00edcias de Ribeir\u00e3o Preto-SP e Regi\u00e3o&quot;","block_context":{"text":"Not\u00edcias de Ribeir\u00e3o Preto-SP e Regi\u00e3o","link":"https:\/\/ismaelcolosi.com.br\/index.php\/category\/noticias-de-ribeirao-preto-sp-e-regiao-ismael-colosi\/"},"img":{"alt_text":"","src":"https:\/\/i0.wp.com\/ismaelcolosi.com.br\/wp-content\/uploads\/2024\/05\/parents-teaching-theri-daughter-swim-looking-involved_2024-05-11_15-47-08_jpg_2024-05-11_15-47-11-scaled.webp.webp?fit=1200%2C798&ssl=1&resize=350%2C200","width":350,"height":200,"srcset":"https:\/\/i0.wp.com\/ismaelcolosi.com.br\/wp-content\/uploads\/2024\/05\/parents-teaching-theri-daughter-swim-looking-involved_2024-05-11_15-47-08_jpg_2024-05-11_15-47-11-scaled.webp.webp?fit=1200%2C798&ssl=1&resize=350%2C200 1x, https:\/\/i0.wp.com\/ismaelcolosi.com.br\/wp-content\/uploads\/2024\/05\/parents-teaching-theri-daughter-swim-looking-involved_2024-05-11_15-47-08_jpg_2024-05-11_15-47-11-scaled.webp.webp?fit=1200%2C798&ssl=1&resize=525%2C300 1.5x, https:\/\/i0.wp.com\/ismaelcolosi.com.br\/wp-content\/uploads\/2024\/05\/parents-teaching-theri-daughter-swim-looking-involved_2024-05-11_15-47-08_jpg_2024-05-11_15-47-11-scaled.webp.webp?fit=1200%2C798&ssl=1&resize=700%2C400 2x, https:\/\/i0.wp.com\/ismaelcolosi.com.br\/wp-content\/uploads\/2024\/05\/parents-teaching-theri-daughter-swim-looking-involved_2024-05-11_15-47-08_jpg_2024-05-11_15-47-11-scaled.webp.webp?fit=1200%2C798&ssl=1&resize=1050%2C600 3x"},"classes":[]},{"id":70125,"url":"https:\/\/ismaelcolosi.com.br\/index.php\/2024\/10\/09\/ao-vivo-confira-a-passagem-do-furacao-milton-pela-florida-nos-estados-unidos\/","url_meta":{"origin":68184,"position":3},"title":"AO VIVO: Confira a passagem do furac\u00e3o Milton pela Fl\u00f3rida, nos Estados Unidos","author":"ismaelcolosi.com.br","date":"9 de October de 2024","format":false,"excerpt":"Chuvas constantes e ventos atingem a Ba\u00eda de Tampa, na Fl\u00f3rida, nos Estados Unidos, na manh\u00e3 de quarta-feira (9). Esses s\u00e3o os reflexos do furac\u00e3o Milton \u2013 a chegada da tempestade pode ser vista ao vivo. A regi\u00e3o da Ba\u00eda de Tampa \u00e9 o lar de mais de 3,3 milh\u00f5es\u2026","rel":"","context":"In &quot;Not\u00edcias de Ribeir\u00e3o Preto-SP e Regi\u00e3o&quot;","block_context":{"text":"Not\u00edcias de Ribeir\u00e3o Preto-SP e Regi\u00e3o","link":"https:\/\/ismaelcolosi.com.br\/index.php\/category\/noticias-de-ribeirao-preto-sp-e-regiao-ismael-colosi\/"},"img":{"alt_text":"","src":"https:\/\/i0.wp.com\/ismaelcolosi.com.br\/wp-content\/uploads\/2024\/10\/furacao-milton_2024-10-09_18-43-43_jpg_2024-10-09_18-43-43.webp.webp?fit=1060%2C595&ssl=1&resize=350%2C200","width":350,"height":200,"srcset":"https:\/\/i0.wp.com\/ismaelcolosi.com.br\/wp-content\/uploads\/2024\/10\/furacao-milton_2024-10-09_18-43-43_jpg_2024-10-09_18-43-43.webp.webp?fit=1060%2C595&ssl=1&resize=350%2C200 1x, https:\/\/i0.wp.com\/ismaelcolosi.com.br\/wp-content\/uploads\/2024\/10\/furacao-milton_2024-10-09_18-43-43_jpg_2024-10-09_18-43-43.webp.webp?fit=1060%2C595&ssl=1&resize=525%2C300 1.5x, https:\/\/i0.wp.com\/ismaelcolosi.com.br\/wp-content\/uploads\/2024\/10\/furacao-milton_2024-10-09_18-43-43_jpg_2024-10-09_18-43-43.webp.webp?fit=1060%2C595&ssl=1&resize=700%2C400 2x, https:\/\/i0.wp.com\/ismaelcolosi.com.br\/wp-content\/uploads\/2024\/10\/furacao-milton_2024-10-09_18-43-43_jpg_2024-10-09_18-43-43.webp.webp?fit=1060%2C595&ssl=1&resize=1050%2C600 3x"},"classes":[]},{"id":50625,"url":"https:\/\/ismaelcolosi.com.br\/index.php\/2024\/05\/17\/pracas-e-parques-de-ribeirao-preto-podem-ganhar-dog-park-entenda\/","url_meta":{"origin":68184,"position":4},"title":"Pra\u00e7as e parques de Ribeir\u00e3o Preto podem ganhar \u2018Dog Park\u2019; Entenda","author":"ismaelcolosi.com.br","date":"17 de May de 2024","format":false,"excerpt":"O prefeito Duarte Nogueira (PSDB) publicou decreto na \u00faltima quinta-feira (16) que regulamenta lei que cria o programa \u201cDog Park\u201d em pra\u00e7as e parques de Ribeir\u00e3o Preto. A lei foi aprovada pela C\u00e2mara Municipal e sancionada pelo Executivo em 2011. De acordo com o decreto 105\/2024, que regulamenta a lei\u2026","rel":"","context":"In &quot;Not\u00edcias de Ribeir\u00e3o Preto-SP e Regi\u00e3o&quot;","block_context":{"text":"Not\u00edcias de Ribeir\u00e3o Preto-SP e Regi\u00e3o","link":"https:\/\/ismaelcolosi.com.br\/index.php\/category\/noticias-de-ribeirao-preto-sp-e-regiao-ismael-colosi\/"},"img":{"alt_text":"","src":"https:\/\/i0.wp.com\/ismaelcolosi.com.br\/wp-content\/uploads\/2024\/05\/AnyConv.com__cao-parque_2024-05-17_14-01-46.webp.webp?fit=1195%2C856&ssl=1&resize=350%2C200","width":350,"height":200,"srcset":"https:\/\/i0.wp.com\/ismaelcolosi.com.br\/wp-content\/uploads\/2024\/05\/AnyConv.com__cao-parque_2024-05-17_14-01-46.webp.webp?fit=1195%2C856&ssl=1&resize=350%2C200 1x, https:\/\/i0.wp.com\/ismaelcolosi.com.br\/wp-content\/uploads\/2024\/05\/AnyConv.com__cao-parque_2024-05-17_14-01-46.webp.webp?fit=1195%2C856&ssl=1&resize=525%2C300 1.5x, https:\/\/i0.wp.com\/ismaelcolosi.com.br\/wp-content\/uploads\/2024\/05\/AnyConv.com__cao-parque_2024-05-17_14-01-46.webp.webp?fit=1195%2C856&ssl=1&resize=700%2C400 2x, https:\/\/i0.wp.com\/ismaelcolosi.com.br\/wp-content\/uploads\/2024\/05\/AnyConv.com__cao-parque_2024-05-17_14-01-46.webp.webp?fit=1195%2C856&ssl=1&resize=1050%2C600 3x"},"classes":[]},{"id":60529,"url":"https:\/\/ismaelcolosi.com.br\/index.php\/2024\/08\/16\/veja-seis-parques-de-ribeirao-preto-para-curtir-um-dia-ao-ar-livre\/","url_meta":{"origin":68184,"position":5},"title":"Veja seis parques de Ribeir\u00e3o Preto para curtir um dia ao ar livre","author":"ismaelcolosi.com.br","date":"16 de August de 2024","format":false,"excerpt":"Atualmente, Ribeir\u00e3o Preto conta com seis parques para aqueles que desejam curtir um dia ao ar livre pela cidade. Veja um guia com as melhores \u00e1reas verdes em Ribeir\u00e3o Preto: Parque Luis Carlos Raya O parque conta com 40 mil metros quadrados no Jardim Bot\u00e2nico, em uma antiga \u00e1rea de\u2026","rel":"","context":"In &quot;Not\u00edcias de Ribeir\u00e3o Preto-SP e Regi\u00e3o&quot;","block_context":{"text":"Not\u00edcias de Ribeir\u00e3o Preto-SP e Regi\u00e3o","link":"https:\/\/ismaelcolosi.com.br\/index.php\/category\/noticias-de-ribeirao-preto-sp-e-regiao-ismael-colosi\/"},"img":{"alt_text":"","src":"https:\/\/i0.wp.com\/ismaelcolosi.com.br\/wp-content\/uploads\/2024\/08\/WhatsApp-Image-2024-03-31-at-09.03.50.jpeg?fit=1200%2C660&ssl=1&resize=350%2C200","width":350,"height":200,"srcset":"https:\/\/i0.wp.com\/ismaelcolosi.com.br\/wp-content\/uploads\/2024\/08\/WhatsApp-Image-2024-03-31-at-09.03.50.jpeg?fit=1200%2C660&ssl=1&resize=350%2C200 1x, https:\/\/i0.wp.com\/ismaelcolosi.com.br\/wp-content\/uploads\/2024\/08\/WhatsApp-Image-2024-03-31-at-09.03.50.jpeg?fit=1200%2C660&ssl=1&resize=525%2C300 1.5x, https:\/\/i0.wp.com\/ismaelcolosi.com.br\/wp-content\/uploads\/2024\/08\/WhatsApp-Image-2024-03-31-at-09.03.50.jpeg?fit=1200%2C660&ssl=1&resize=700%2C400 2x, https:\/\/i0.wp.com\/ismaelcolosi.com.br\/wp-content\/uploads\/2024\/08\/WhatsApp-Image-2024-03-31-at-09.03.50.jpeg?fit=1200%2C660&ssl=1&resize=1050%2C600 3x"},"classes":[]}],"jetpack_sharing_enabled":true,"jetpack_shortlink":"https:\/\/wp.me\/pfMlyK-hJK","_links":{"self":[{"href":"https:\/\/ismaelcolosi.com.br\/index.php\/wp-json\/wp\/v2\/posts\/68184","targetHints":{"allow":["GET"]}}],"collection":[{"href":"https:\/\/ismaelcolosi.com.br\/index.php\/wp-json\/wp\/v2\/posts"}],"about":[{"href":"https:\/\/ismaelcolosi.com.br\/index.php\/wp-json\/wp\/v2\/types\/post"}],"author":[{"embeddable":true,"href":"https:\/\/ismaelcolosi.com.br\/index.php\/wp-json\/wp\/v2\/users\/1"}],"replies":[{"embeddable":true,"href":"https:\/\/ismaelcolosi.com.br\/index.php\/wp-json\/wp\/v2\/comments?post=68184"}],"version-history":[{"count":0,"href":"https:\/\/ismaelcolosi.com.br\/index.php\/wp-json\/wp\/v2\/posts\/68184\/revisions"}],"wp:featuredmedia":[{"embeddable":true,"href":"https:\/\/ismaelcolosi.com.br\/index.php\/wp-json\/wp\/v2\/media\/68185"}],"wp:attachment":[{"href":"https:\/\/ismaelcolosi.com.br\/index.php\/wp-json\/wp\/v2\/media?parent=68184"}],"wp:term":[{"taxonomy":"category","embeddable":true,"href":"https:\/\/ismaelcolosi.com.br\/index.php\/wp-json\/wp\/v2\/categories?post=68184"},{"taxonomy":"post_tag","embeddable":true,"href":"https:\/\/ismaelcolosi.com.br\/index.php\/wp-json\/wp\/v2\/tags?post=68184"}],"curies":[{"name":"wp","href":"https:\/\/api.w.org\/{rel}","templated":true}]}}