{"id":68172,"date":"2024-09-27T15:25:44","date_gmt":"2024-09-27T18:25:44","guid":{"rendered":"https:\/\/ismaelcolosi.com.br\/index.php\/2024\/09\/27\/tudo-sobre-o-ipa-day-em-ribeirao-preto\/"},"modified":"2024-09-27T15:25:44","modified_gmt":"2024-09-27T18:25:44","slug":"tudo-sobre-o-ipa-day-em-ribeirao-preto","status":"publish","type":"post","link":"https:\/\/ismaelcolosi.com.br\/index.php\/2024\/09\/27\/tudo-sobre-o-ipa-day-em-ribeirao-preto\/","title":{"rendered":"Tudo sobre o IPA Day em Ribeir\u00e3o Preto"},"content":{"rendered":"<p> <br \/>\n<\/p>\n<div>\n<p>Um dos <strong>principais eventos de cervejas artesanais de Ribeir\u00e3o Preto<\/strong> j\u00e1 tem data e local para edi\u00e7\u00e3o de 2024. O <strong>IPA Day Brasil<\/strong> vai realizar a sua <strong>11\u00aa edi\u00e7\u00e3o<\/strong> no dia <strong>16 de novembro<\/strong>, no Vict\u00f3ria Hill Centro de Eventos, das 14h \u00e0s 22h.<\/p>\n<p>O festival \u00e9 dedicado \u00e0s <strong>cervejas India Pale Ale<\/strong> e conta no cat\u00e1logo com mais de 30 cervejarias de todo o Pa\u00eds. No total, s\u00e3o mais de <strong>40 op\u00e7\u00f5es de IPAs <\/strong>em seus diversos estilos e subestilos.<\/p>\n<p>O evento contar\u00e1 com a apresenta\u00e7\u00e3o de <strong>10 dez bandas<\/strong> e <strong>seis DJs<\/strong>, ao longo de oito horas de open bar de cerveja e \u00e1gua.<\/p>\n<p>O <strong>primeiro lote de ingressos j\u00e1 se esgotou<\/strong>, por\u00e9m, o segundo lote ser\u00e1 aberto exclusivamente para <mark style=\"background-color:#fcb900\" class=\"has-inline-color\">membros do <strong>Grupo VIP<\/strong> do <strong>IPA Day Brasil 2024<\/strong> no dia <strong>09 de outubro<\/strong>.<\/mark> O valor ser\u00e1 de <strong>R$ 249,90<\/strong>.<\/p>\n<figure class=\"wp-block-pullquote\">\n<blockquote>\n<p>Vamos ter tr\u00eas espa\u00e7os de \u2018harmonizasom\u2019: o palco Session IPA, na \u00e1rea da piscina, ter\u00e1 cervejas menos alco\u00f3licas e as m\u00fasicas mais suaves. O palco principal ser\u00e1 o American IPA onde vai ficar a maior parte dos r\u00f3tulos, as IPAs de intensidade intermedi\u00e1ria que harmonizam com pop rock, rock e folk music. O palco Double IPA ser\u00e1 o espa\u00e7o com as cervejas mais alco\u00f3licas e mais intensas que harmonizam, por exemplo, com heavy metal<\/p>\n<p><cite>explica o fundador do festival e sommelier de cervejas, Rafa Moschetta<\/cite><\/p><\/blockquote>\n<\/figure>\n<h3 class=\"wp-block-heading\"><strong>Novo local<\/strong><\/h3>\n<p>O <strong>IPA Day Brasil<\/strong> ser\u00e1 realizado pela primeira fez no Vit\u00f3ria Hill Centro de Eventos, e ter\u00e1 uma experi\u00eancia de <mark style=\"background-color:#fcb900\" class=\"has-inline-color\"><strong>imers\u00e3o total<\/strong> com a <strong>hospedagem \u2018Casa da IPA\u2019<\/strong>, na qual os participantes ficar\u00e3o hospedados no pr\u00f3prio local do evento.<\/mark><\/p>\n<p>\u201cOs quartos da Casa da IPA se esgotaram rapidamente, pois \u00e9 uma oportunidade \u00fanica de viver intensamente o ambiente do festival com conforto total\u201d, explica Moschetta. Ele destaca ainda que a estrutura do espa\u00e7o, que mescla <strong>grandes \u00e1reas arborizadas<\/strong> e espa\u00e7os cobertos, permitiu a cria\u00e7\u00e3o dos tr\u00eas palcos distintos.<\/p>\n<h4 class=\"wp-block-heading\"><strong>Grupo VIP<\/strong><\/h4>\n<p>De acordo com a organiza\u00e7\u00e3o, o grupo VIP foi feito para os amantes do l\u00fapulo e cervejas lupuladas. <strong>Os participantes poder\u00e3o adquirir ingressos com prioridade sobre o p\u00fablico geral.<\/strong><\/p>\n<p>Al\u00e9m de garantir ingressos para o evento, os membros o grupo poder\u00e3o, nas primeiras 2<strong>4 horas de venda<\/strong>, parcelar o ingresso em at\u00e9 tr\u00eas vezes sem juros. <\/p>\n<p><mark style=\"background-color:#fcb900\" class=\"has-inline-color\"><strong>Os membro tamb\u00e9m receber\u00e3o brindes exclusivos<\/strong><\/mark> e ter\u00e3o 5% em produtos de merchandising e na assinatura do clube de cervejas IPA Day Everyday.<\/p>\n<h4 class=\"wp-block-heading\"><strong>Servi\u00e7o<\/strong><\/h4>\n<p><em>IPA Day Brasil<\/em><\/p>\n<p>Data: 16 de novembro<\/p>\n<p>Hor\u00e1rio: 14h \u00e0s 22h<\/p>\n<p>Local: Vit\u00f3ria Hill Centro de Eventos \u2013 Rodovia C\u00e2ndido Portinari, km 325<\/p>\n<p>Ingressos com desconto: <a href=\"https:\/\/app.gruposinteligentes.com\/r\/IPADayBrasil\" target=\"_blank\" rel=\"noreferrer noopener\">clique aqui para entrar no Grupo VIP<\/a><\/p>\n<hr class=\"wp-block-separator has-alpha-channel-opacity\"\/>\n<p>SAIBA MAIS<\/p>\n<p>Lu\u00edsa Sonza, Oktoberfest e muita coxinha: Veja agenda do fim de semana em Ribeir\u00e3o Preto<\/p>\n<h4 class=\"wp-block-heading\"><strong>FIQUE ON<\/strong><\/h4>\n<p>Fique ligado em tudo que acontece em Ribeir\u00e3o Preto e regi\u00e3o. Siga os perfis do\u00a0<strong>acidade on\u00a0<\/strong>no\u00a0<a href=\"https:\/\/www.instagram.com\/acidadeonribeirao\" target=\"_blank\" rel=\"noreferrer noopener\">Instagram<\/a>\u00a0e no\u00a0<a href=\"https:\/\/www.facebook.com\/acidadeonribeirao\" target=\"_blank\" rel=\"noreferrer noopener\">Facebook<\/a>.<\/p>\n<p>Receba not\u00edcias do\u00a0<strong>acidade on<\/strong>\u00a0no WhatsApp. Para entrar no grupo, basta\u00a0<a href=\"https:\/\/chat.whatsapp.com\/Dtv9mxhy6V5BJBotM2OQ5k\" target=\"_blank\" rel=\"noreferrer noopener\">clicar aqui<\/a>.<\/p>\n<p>Fa\u00e7a uma den\u00fancia ou sugira uma reportagem sobre Ribeir\u00e3o Preto e regi\u00e3o pelo WhatsApp: 16 99117 7802.<\/p>\n<p>VEJA TAMB\u00c9M<\/p>\n<p>O que Diddy tem a ver com Renato Arag\u00e3o?<\/p>\n<p><!-- CONTENT END 1 -->\n<\/div>\n<p><script async src=\"\/\/www.instagram.com\/embed.js\"><\/script><br \/>\n<br \/><br \/>\n<br \/><a href=\"https:\/\/www.acidadeon.com\/ribeiraopreto\/lazer-e-cultura\/tudo-sobre-o-ipa-day-em-ribeirao-preto\/\">Source link <\/a><\/p>\n","protected":false},"excerpt":{"rendered":"<p>Um dos principais eventos de cervejas artesanais de Ribeir\u00e3o Preto j\u00e1 tem data e local para edi\u00e7\u00e3o de 2024. O IPA Day Brasil vai realizar&#8230;<\/p>\n","protected":false},"author":1,"featured_media":68173,"comment_status":"open","ping_status":"open","sticky":false,"template":"","format":"standard","meta":{"_uag_custom_page_level_css":"","advanced_seo_description":"","jetpack_seo_html_title":"","jetpack_seo_noindex":false,"jetpack_post_was_ever_published":false,"_jetpack_newsletter_access":"","_jetpack_dont_email_post_to_subs":false,"_jetpack_newsletter_tier_id":0,"_jetpack_memberships_contains_paywalled_content":false,"_jetpack_memberships_contains_paid_content":false,"footnotes":"","jetpack_publicize_message":"","jetpack_publicize_feature_enabled":true,"jetpack_social_post_already_shared":true,"jetpack_social_options":{"image_generator_settings":{"template":"highway","default_image_id":0,"font":"","enabled":false},"version":2}},"categories":[11],"tags":[],"class_list":["post-68172","post","type-post","status-publish","format-standard","has-post-thumbnail","hentry","category-noticias-de-ribeirao-preto-sp-e-regiao-ismael-colosi"],"jetpack_publicize_connections":[],"jetpack_featured_media_url":"https:\/\/i0.wp.com\/ismaelcolosi.com.br\/wp-content\/uploads\/2024\/09\/Copia-de-Copia-de-Copia-de-TAMANHO-EXATO-PARA-FOTOS-NO-SISTEMA-NOVO-77_2024-09-27_18-06-42_png_2024-09-27_18-06-42.webp.webp?fit=1200%2C675&ssl=1","uagb_featured_image_src":{"full":["https:\/\/i0.wp.com\/ismaelcolosi.com.br\/wp-content\/uploads\/2024\/09\/Copia-de-Copia-de-Copia-de-TAMANHO-EXATO-PARA-FOTOS-NO-SISTEMA-NOVO-77_2024-09-27_18-06-42_png_2024-09-27_18-06-42.webp.webp?fit=1200%2C675&ssl=1",1200,675,false],"thumbnail":["https:\/\/i0.wp.com\/ismaelcolosi.com.br\/wp-content\/uploads\/2024\/09\/Copia-de-Copia-de-Copia-de-TAMANHO-EXATO-PARA-FOTOS-NO-SISTEMA-NOVO-77_2024-09-27_18-06-42_png_2024-09-27_18-06-42.webp.webp?resize=150%2C150&ssl=1",150,150,true],"medium":["https:\/\/i0.wp.com\/ismaelcolosi.com.br\/wp-content\/uploads\/2024\/09\/Copia-de-Copia-de-Copia-de-TAMANHO-EXATO-PARA-FOTOS-NO-SISTEMA-NOVO-77_2024-09-27_18-06-42_png_2024-09-27_18-06-42.webp.webp?fit=300%2C169&ssl=1",300,169,true],"medium_large":["https:\/\/i0.wp.com\/ismaelcolosi.com.br\/wp-content\/uploads\/2024\/09\/Copia-de-Copia-de-Copia-de-TAMANHO-EXATO-PARA-FOTOS-NO-SISTEMA-NOVO-77_2024-09-27_18-06-42_png_2024-09-27_18-06-42.webp.webp?fit=768%2C432&ssl=1",768,432,true],"large":["https:\/\/i0.wp.com\/ismaelcolosi.com.br\/wp-content\/uploads\/2024\/09\/Copia-de-Copia-de-Copia-de-TAMANHO-EXATO-PARA-FOTOS-NO-SISTEMA-NOVO-77_2024-09-27_18-06-42_png_2024-09-27_18-06-42.webp.webp?fit=1024%2C576&ssl=1",1024,576,true],"1536x1536":["https:\/\/i0.wp.com\/ismaelcolosi.com.br\/wp-content\/uploads\/2024\/09\/Copia-de-Copia-de-Copia-de-TAMANHO-EXATO-PARA-FOTOS-NO-SISTEMA-NOVO-77_2024-09-27_18-06-42_png_2024-09-27_18-06-42.webp.webp?fit=1200%2C675&ssl=1",1200,675,true],"2048x2048":["https:\/\/i0.wp.com\/ismaelcolosi.com.br\/wp-content\/uploads\/2024\/09\/Copia-de-Copia-de-Copia-de-TAMANHO-EXATO-PARA-FOTOS-NO-SISTEMA-NOVO-77_2024-09-27_18-06-42_png_2024-09-27_18-06-42.webp.webp?fit=1200%2C675&ssl=1",1200,675,true],"really-simple-thumb":["https:\/\/i0.wp.com\/ismaelcolosi.com.br\/wp-content\/uploads\/2024\/09\/Copia-de-Copia-de-Copia-de-TAMANHO-EXATO-PARA-FOTOS-NO-SISTEMA-NOVO-77_2024-09-27_18-06-42_png_2024-09-27_18-06-42.webp.webp?resize=370%2C247&ssl=1",370,247,true]},"uagb_author_info":{"display_name":"ismaelcolosi.com.br","author_link":"https:\/\/ismaelcolosi.com.br\/index.php\/author\/vidareal-online\/"},"uagb_comment_info":0,"uagb_excerpt":"Um dos principais eventos de cervejas artesanais de Ribeir\u00e3o Preto j\u00e1 tem data e local para edi\u00e7\u00e3o de 2024. O IPA Day Brasil vai realizar...","jetpack-related-posts":[{"id":37862,"url":"https:\/\/ismaelcolosi.com.br\/index.php\/2024\/02\/18\/primeiro-lote-para-meia-maratona-internacional-de-ribeirao-termina-em-6-horas\/","url_meta":{"origin":68172,"position":0},"title":"Primeiro lote para Meia Maratona Internacional de Ribeir\u00e3o termina em 6 horas\u00a0","author":"ismaelcolosi.com.br","date":"18 de February de 2024","format":false,"excerpt":"18 de fevereiro de 2024 | 12:0017 de fevereiro de 2024 | 11:18 1O primeiro lote de inscri\u00e7\u00f5es da Meia Maratona Internacional de Ribeir\u00e3o Preto (MMIRP), aberto na \u00faltima sexta-feira, dia 16 de fevereiro, durou apenas 6 horas. Foi o primeiro recorde quebrado na edi\u00e7\u00e3o 2024 da prova. Um novo\u2026","rel":"","context":"In &quot;Not\u00edcias de Ribeir\u00e3o Preto-SP e Regi\u00e3o&quot;","block_context":{"text":"Not\u00edcias de Ribeir\u00e3o Preto-SP e Regi\u00e3o","link":"https:\/\/ismaelcolosi.com.br\/index.php\/category\/noticias-de-ribeirao-preto-sp-e-regiao-ismael-colosi\/"},"img":{"alt_text":"","src":"https:\/\/i0.wp.com\/ismaelcolosi.com.br\/wp-content\/uploads\/2024\/02\/1-meia-2-%40mariofortefotos-2557-scaled.jpg?fit=430%2C645&ssl=1&resize=350%2C200","width":350,"height":200},"classes":[]},{"id":44778,"url":"https:\/\/ismaelcolosi.com.br\/index.php\/2024\/03\/30\/tiee-vitinho-e-turma-do-pagode-fazem-show-em-ribeirao-preto-saiba-mais\/","url_meta":{"origin":68172,"position":1},"title":"Tiee, Vitinho e Turma do Pagode fazem show em Ribeir\u00e3o Preto; Saiba mais","author":"ismaelcolosi.com.br","date":"30 de March de 2024","format":false,"excerpt":"Os cantores Tiee, Vitinho e a banda Turma do Pagode fazem show em Ribeir\u00e3o Preto no dia 26 de maio, durante a 4\u00aa edi\u00e7\u00e3o da \u201cFeijoada do Bamba\u201d. O evento come\u00e7a ao meio-dia e ser\u00e1 no Centro de Eventos Quinta Linda, que fica na rodovia Anhanguera quil\u00f4metro 303. Os ingressos\u2026","rel":"","context":"In &quot;Not\u00edcias de Ribeir\u00e3o Preto-SP e Regi\u00e3o&quot;","block_context":{"text":"Not\u00edcias de Ribeir\u00e3o Preto-SP e Regi\u00e3o","link":"https:\/\/ismaelcolosi.com.br\/index.php\/category\/noticias-de-ribeirao-preto-sp-e-regiao-ismael-colosi\/"},"img":{"alt_text":"","src":"https:\/\/i0.wp.com\/ismaelcolosi.com.br\/wp-content\/uploads\/2024\/03\/LRN-2-scaled.jpg?fit=1200%2C728&ssl=1&resize=350%2C200","width":350,"height":200,"srcset":"https:\/\/i0.wp.com\/ismaelcolosi.com.br\/wp-content\/uploads\/2024\/03\/LRN-2-scaled.jpg?fit=1200%2C728&ssl=1&resize=350%2C200 1x, https:\/\/i0.wp.com\/ismaelcolosi.com.br\/wp-content\/uploads\/2024\/03\/LRN-2-scaled.jpg?fit=1200%2C728&ssl=1&resize=525%2C300 1.5x, https:\/\/i0.wp.com\/ismaelcolosi.com.br\/wp-content\/uploads\/2024\/03\/LRN-2-scaled.jpg?fit=1200%2C728&ssl=1&resize=700%2C400 2x, https:\/\/i0.wp.com\/ismaelcolosi.com.br\/wp-content\/uploads\/2024\/03\/LRN-2-scaled.jpg?fit=1200%2C728&ssl=1&resize=1050%2C600 3x"},"classes":[]},{"id":38539,"url":"https:\/\/ismaelcolosi.com.br\/index.php\/2024\/02\/20\/teatro-de-arena-de-ribeirao-recebe-festival-de-djs-veja-data-e-como-comprar-ingressos\/","url_meta":{"origin":68172,"position":2},"title":"Teatro de Arena de Ribeir\u00e3o recebe festival de DJs; Veja data e como comprar ingressos","author":"ismaelcolosi.com.br","date":"20 de February de 2024","format":false,"excerpt":"A 1\u00aa edi\u00e7\u00e3o do Tutu DJs Fest ser\u00e1 realizada no Teatro de Arena de Ribeir\u00e3o Preto, em mar\u00e7o. Em comemora\u00e7\u00e3o ao Dia Mundial do DJ, em 9 de mar\u00e7o, o festival ir\u00e1 reunir nesta data v\u00e1rios DJs atuantes, com m\u00fasica das 15h \u00e0s 22h. Os ingressos j\u00e1 est\u00e3o dispon\u00edveis por\u2026","rel":"","context":"In &quot;Not\u00edcias de Ribeir\u00e3o Preto-SP e Regi\u00e3o&quot;","block_context":{"text":"Not\u00edcias de Ribeir\u00e3o Preto-SP e Regi\u00e3o","link":"https:\/\/ismaelcolosi.com.br\/index.php\/category\/noticias-de-ribeirao-preto-sp-e-regiao-ismael-colosi\/"},"img":{"alt_text":"","src":"https:\/\/i0.wp.com\/ismaelcolosi.com.br\/wp-content\/uploads\/2024\/02\/Foto-DJ-Taui.jpg?fit=1200%2C800&ssl=1&resize=350%2C200","width":350,"height":200,"srcset":"https:\/\/i0.wp.com\/ismaelcolosi.com.br\/wp-content\/uploads\/2024\/02\/Foto-DJ-Taui.jpg?fit=1200%2C800&ssl=1&resize=350%2C200 1x, https:\/\/i0.wp.com\/ismaelcolosi.com.br\/wp-content\/uploads\/2024\/02\/Foto-DJ-Taui.jpg?fit=1200%2C800&ssl=1&resize=525%2C300 1.5x, https:\/\/i0.wp.com\/ismaelcolosi.com.br\/wp-content\/uploads\/2024\/02\/Foto-DJ-Taui.jpg?fit=1200%2C800&ssl=1&resize=700%2C400 2x, https:\/\/i0.wp.com\/ismaelcolosi.com.br\/wp-content\/uploads\/2024\/02\/Foto-DJ-Taui.jpg?fit=1200%2C800&ssl=1&resize=1050%2C600 3x"},"classes":[]},{"id":36744,"url":"https:\/\/ismaelcolosi.com.br\/index.php\/2024\/02\/11\/meia-maratona-internacional-de-ribeirao-preto-edicao-de-2024-promete-superar-expectativas\/","url_meta":{"origin":68172,"position":3},"title":"Meia Maratona Internacional de Ribeir\u00e3o Preto edi\u00e7\u00e3o de 2024 promete superar expectativas\u00a0","author":"ismaelcolosi.com.br","date":"11 de February de 2024","format":false,"excerpt":"11 de fevereiro de 2024 | 13:0011 de fevereiro de 2024 | 13:55 0O primeiro lote de inscri\u00e7\u00f5es da Meia Maratona Internacional de Ribeir\u00e3o Preto (MMIRP) ser\u00e1 aberto na pr\u00f3xima sexta-feira, dia 16 de fevereiro. Os organizadores preparam uma oferta especial com 100 vagas promocionais. As inscri\u00e7\u00f5es poder\u00e3o ser feitas\u2026","rel":"","context":"In &quot;Not\u00edcias de Ribeir\u00e3o Preto-SP e Regi\u00e3o&quot;","block_context":{"text":"Not\u00edcias de Ribeir\u00e3o Preto-SP e Regi\u00e3o","link":"https:\/\/ismaelcolosi.com.br\/index.php\/category\/noticias-de-ribeirao-preto-sp-e-regiao-ismael-colosi\/"},"img":{"alt_text":"","src":"https:\/\/i0.wp.com\/ismaelcolosi.com.br\/wp-content\/uploads\/2024\/02\/1-geral-alfredo-risk-site-scaled.jpg?fit=967%2C645&ssl=1&resize=350%2C200","width":350,"height":200,"srcset":"https:\/\/i0.wp.com\/ismaelcolosi.com.br\/wp-content\/uploads\/2024\/02\/1-geral-alfredo-risk-site-scaled.jpg?fit=967%2C645&ssl=1&resize=350%2C200 1x, https:\/\/i0.wp.com\/ismaelcolosi.com.br\/wp-content\/uploads\/2024\/02\/1-geral-alfredo-risk-site-scaled.jpg?fit=967%2C645&ssl=1&resize=525%2C300 1.5x, https:\/\/i0.wp.com\/ismaelcolosi.com.br\/wp-content\/uploads\/2024\/02\/1-geral-alfredo-risk-site-scaled.jpg?fit=967%2C645&ssl=1&resize=700%2C400 2x"},"classes":[]},{"id":63065,"url":"https:\/\/ismaelcolosi.com.br\/index.php\/2024\/08\/30\/parque-de-ribeirao-preto-vai-receber-edicao-da-oktoberfest\/","url_meta":{"origin":68172,"position":4},"title":"Parque de Ribeir\u00e3o Preto vai receber edi\u00e7\u00e3o da Oktoberfest","author":"ismaelcolosi.com.br","date":"30 de August de 2024","format":false,"excerpt":"Entre os dias 26 e 29 de setembro, o Parque Municipal Dr. Luis Carlos Raya, na zona Sul de Ribeir\u00e3o Preto, vai receber a edi\u00e7\u00e3o de 2024 da Oktoberfest, estilo de festa cervejeira da cultura alem\u00e3. A entrada no evento ser\u00e1 totalmente gratuita e contar\u00e1 com dan\u00e7as e brincadeiras tradicionais,\u2026","rel":"","context":"In &quot;Not\u00edcias de Ribeir\u00e3o Preto-SP e Regi\u00e3o&quot;","block_context":{"text":"Not\u00edcias de Ribeir\u00e3o Preto-SP e Regi\u00e3o","link":"https:\/\/ismaelcolosi.com.br\/index.php\/category\/noticias-de-ribeirao-preto-sp-e-regiao-ismael-colosi\/"},"img":{"alt_text":"","src":"https:\/\/i0.wp.com\/ismaelcolosi.com.br\/wp-content\/uploads\/2024\/08\/celebration-oktoberfest-with-lots-beer_2024-08-30_18-26-53_jpg_2024-08-30_18-26-53-scaled.webp.webp?fit=1200%2C800&ssl=1&resize=350%2C200","width":350,"height":200,"srcset":"https:\/\/i0.wp.com\/ismaelcolosi.com.br\/wp-content\/uploads\/2024\/08\/celebration-oktoberfest-with-lots-beer_2024-08-30_18-26-53_jpg_2024-08-30_18-26-53-scaled.webp.webp?fit=1200%2C800&ssl=1&resize=350%2C200 1x, https:\/\/i0.wp.com\/ismaelcolosi.com.br\/wp-content\/uploads\/2024\/08\/celebration-oktoberfest-with-lots-beer_2024-08-30_18-26-53_jpg_2024-08-30_18-26-53-scaled.webp.webp?fit=1200%2C800&ssl=1&resize=525%2C300 1.5x, https:\/\/i0.wp.com\/ismaelcolosi.com.br\/wp-content\/uploads\/2024\/08\/celebration-oktoberfest-with-lots-beer_2024-08-30_18-26-53_jpg_2024-08-30_18-26-53-scaled.webp.webp?fit=1200%2C800&ssl=1&resize=700%2C400 2x, https:\/\/i0.wp.com\/ismaelcolosi.com.br\/wp-content\/uploads\/2024\/08\/celebration-oktoberfest-with-lots-beer_2024-08-30_18-26-53_jpg_2024-08-30_18-26-53-scaled.webp.webp?fit=1200%2C800&ssl=1&resize=1050%2C600 3x"},"classes":[]},{"id":13921,"url":"https:\/\/ismaelcolosi.com.br\/index.php\/2023\/12\/11\/ribeirao-rodeo-music-abre-lote-especial-de-ingressos-para-edicao-de-18-anos\/","url_meta":{"origin":68172,"position":5},"title":"Ribeir\u00e3o Rodeo Music abre lote especial de ingressos para edi\u00e7\u00e3o de 18 anos","author":"ismaelcolosi.com.br","date":"11 de December de 2023","format":false,"excerpt":"O Ribeir\u00e3o Rodeo Music completa 18 edi\u00e7\u00f5es em 2024 e lan\u00e7ou um lote \u201cRaiz\u201d especial de ingressos v\u00e1lido para os quatro dias de evento. O rodeio acontece nos dias 20, 26, 27 e 30 de abril de 2024 no Parque Permanente de Exposi\u00e7\u00f5es, em Ribeir\u00e3o Preto. A venda de ingressos\u2026","rel":"","context":"In &quot;Not\u00edcias de Ribeir\u00e3o Preto-SP e Regi\u00e3o&quot;","block_context":{"text":"Not\u00edcias de Ribeir\u00e3o Preto-SP e Regi\u00e3o","link":"https:\/\/ismaelcolosi.com.br\/index.php\/category\/noticias-de-ribeirao-preto-sp-e-regiao-ismael-colosi\/"},"img":{"alt_text":"","src":"https:\/\/i0.wp.com\/ismaelcolosi.com.br\/wp-content\/uploads\/2023\/12\/Ribeirao-Rodeo-Music.jpeg?fit=1200%2C800&ssl=1&resize=350%2C200","width":350,"height":200,"srcset":"https:\/\/i0.wp.com\/ismaelcolosi.com.br\/wp-content\/uploads\/2023\/12\/Ribeirao-Rodeo-Music.jpeg?fit=1200%2C800&ssl=1&resize=350%2C200 1x, https:\/\/i0.wp.com\/ismaelcolosi.com.br\/wp-content\/uploads\/2023\/12\/Ribeirao-Rodeo-Music.jpeg?fit=1200%2C800&ssl=1&resize=525%2C300 1.5x, https:\/\/i0.wp.com\/ismaelcolosi.com.br\/wp-content\/uploads\/2023\/12\/Ribeirao-Rodeo-Music.jpeg?fit=1200%2C800&ssl=1&resize=700%2C400 2x, https:\/\/i0.wp.com\/ismaelcolosi.com.br\/wp-content\/uploads\/2023\/12\/Ribeirao-Rodeo-Music.jpeg?fit=1200%2C800&ssl=1&resize=1050%2C600 3x"},"classes":[]}],"jetpack_sharing_enabled":true,"jetpack_shortlink":"https:\/\/wp.me\/pfMlyK-hJy","_links":{"self":[{"href":"https:\/\/ismaelcolosi.com.br\/index.php\/wp-json\/wp\/v2\/posts\/68172","targetHints":{"allow":["GET"]}}],"collection":[{"href":"https:\/\/ismaelcolosi.com.br\/index.php\/wp-json\/wp\/v2\/posts"}],"about":[{"href":"https:\/\/ismaelcolosi.com.br\/index.php\/wp-json\/wp\/v2\/types\/post"}],"author":[{"embeddable":true,"href":"https:\/\/ismaelcolosi.com.br\/index.php\/wp-json\/wp\/v2\/users\/1"}],"replies":[{"embeddable":true,"href":"https:\/\/ismaelcolosi.com.br\/index.php\/wp-json\/wp\/v2\/comments?post=68172"}],"version-history":[{"count":0,"href":"https:\/\/ismaelcolosi.com.br\/index.php\/wp-json\/wp\/v2\/posts\/68172\/revisions"}],"wp:featuredmedia":[{"embeddable":true,"href":"https:\/\/ismaelcolosi.com.br\/index.php\/wp-json\/wp\/v2\/media\/68173"}],"wp:attachment":[{"href":"https:\/\/ismaelcolosi.com.br\/index.php\/wp-json\/wp\/v2\/media?parent=68172"}],"wp:term":[{"taxonomy":"category","embeddable":true,"href":"https:\/\/ismaelcolosi.com.br\/index.php\/wp-json\/wp\/v2\/categories?post=68172"},{"taxonomy":"post_tag","embeddable":true,"href":"https:\/\/ismaelcolosi.com.br\/index.php\/wp-json\/wp\/v2\/tags?post=68172"}],"curies":[{"name":"wp","href":"https:\/\/api.w.org\/{rel}","templated":true}]}}