{"id":68161,"date":"2024-09-27T14:23:02","date_gmt":"2024-09-27T17:23:02","guid":{"rendered":"https:\/\/ismaelcolosi.com.br\/index.php\/2024\/09\/27\/botafogo-anuncia-marcio-zanardi-como-novo-tecnico\/"},"modified":"2024-09-27T14:23:02","modified_gmt":"2024-09-27T17:23:02","slug":"botafogo-anuncia-marcio-zanardi-como-novo-tecnico","status":"publish","type":"post","link":"https:\/\/ismaelcolosi.com.br\/index.php\/2024\/09\/27\/botafogo-anuncia-marcio-zanardi-como-novo-tecnico\/","title":{"rendered":"Botafogo anuncia M\u00e1rcio Zanardi como novo t\u00e9cnico"},"content":{"rendered":"<p> <br \/>\n<\/p>\n<div>\n<p><mark style=\"background-color:#fcb900\" class=\"has-inline-color has-black-color\">O <strong>Botafogo<\/strong> anunciou no in\u00edcio da tarde desta sexta-feira (27) <strong>M\u00e1rcio Zanardi<\/strong> como novo t\u00e9cnico. <\/mark>Zanardi chega para substituir o portugu\u00eas Paulo Gomes, demitido da equipe de Ribeir\u00e3o Preto ap\u00f3s o empate com o CRB, pelo <strong>Campeonato Brasileiro da S\u00e9rie B<\/strong>.<\/p>\n<p>Segundo o Botafogo, <mark style=\"background-color:#fcb900\" class=\"has-inline-color has-black-color\">o novo comandante assinou v\u00ednculo com o Tricolor at\u00e9 o final da pr\u00f3xima temporada.<\/mark> Ele viajar\u00e1 para Goi\u00e2nia, onde acompanhar\u00e1 o confronto do Pantera diante do Vila Nova-GO, no s\u00e1bado (28), \u00e0s 17h, pela 29\u00aa rodada da S\u00e9rie B.<\/p>\n<p>Na partida, a equipe ser\u00e1 dirigida por Ivan Izzo, auxiliar t\u00e9cnico do clube.<\/p>\n<h4 class=\"wp-block-heading\"><strong>Quem \u00e9 M\u00e1rcio Zanardi?<\/strong><\/h4>\n<p>Com passagens pelas categorias de base do Corinthians, Guarani e Santos, M\u00e1rcio Zanardi, de 46 anos, ganhou a primeira chance como treinador no profissional no S\u00e3o Bernardo em 2021.<\/p>\n<p>Logo na primeira competi\u00e7\u00e3o, sagrou-se campe\u00e3o da Copa Paulista. Ainda na equipe do ABC, o treinador conquistou o acesso para a S\u00e9rie C do Brasileiro de 2022 e o Trof\u00e9u Independ\u00eancia (antigo Trof\u00e9u do Interior) de 2023.<\/p>\n<p>No Campeonato Paulista de 2022 e 2023, o novo comandante do Pantera chegou \u00e0s quartas de final. Neste ano, fez a quinta melhor campanha da primeira fase na classifica\u00e7\u00e3o geral, mas n\u00e3o obteve a vaga nas quartas de final.<\/p>\n<p>Com o desempenho, o treinador foi contratado pelo Goi\u00e1s, onde ficou at\u00e9 o final do primeiro turno da S\u00e9rie B.<\/p>\n<p>M\u00e1rcio Zanardi chega ao Pantera juntamente com os auxiliares Caco Espinoza e Bebeto Sauthier.<\/p>\n<h4 class=\"wp-block-heading\"><strong>CONFIRA A FICHA T\u00c9CNICA DE M\u00c1RCIO ZANARD<\/strong><\/h4>\n<p>NOME: M\u00e1rcio Zanardi Gomes da Silva<\/p>\n<p>DATA DE NASCIMENTO: 11\/7\/1978<\/p>\n<p>CIDADE DE NASCIMENTO: S\u00e3o Paulo<\/p>\n<p>CLUBES: Goi\u00e1s, S\u00e3o Bernardo, Santos, Guarani, Portuguesa, Corinthians, Al-Nasr e Audax<\/p>\n<p>SAIBA MAIS<br \/>Lu\u00edsa Sonza, Oktoberfest e muita coxinha: Veja agenda do fim de semana em Ribeir\u00e3o Preto<\/p>\n<h4 class=\"wp-block-heading\"><strong>FIQUE ON<\/strong><\/h4>\n<p>Fique ligado em tudo que acontece em Ribeir\u00e3o Preto e regi\u00e3o. Siga os perfis do <strong>acidade on <\/strong>no <a href=\"https:\/\/www.instagram.com\/acidadeonribeirao\" target=\"_blank\" rel=\"noreferrer noopener nofollow\">Instagram <\/a>e no <a href=\"https:\/\/www.facebook.com\/acidadeonribeirao\/\" target=\"_blank\" rel=\"noreferrer noopener nofollow\">Facebook<\/a>.<\/p>\n<p>Receba not\u00edcias do <strong>acidade on<\/strong> no WhatsApp. <a href=\"https:\/\/chat.whatsapp.com\/Dtv9mxhy6V5BJBotM2OQ5k\" target=\"_blank\" rel=\"noreferrer noopener nofollow\">Para entrar no grupo, basta clicar aqui.<\/a><\/p>\n<p>Fa\u00e7a uma den\u00fancia ou sugira uma reportagem sobre Ribeir\u00e3o Preto e regi\u00e3o pelo WhatsApp: 16 99117 7802.<\/p>\n<p>VEJA TAMB\u00c9M<br \/>Vai ter frente fria em outubro no Brasil?<\/p>\n<p><!-- CONTENT END 1 -->\n<\/div>\n<p><script async src=\"\/\/www.instagram.com\/embed.js\"><\/script><br \/>\n<br \/><br \/>\n<br \/><a href=\"https:\/\/www.acidadeon.com\/ribeiraopreto\/esportes\/botafogo-anuncia-marcio-zanardi-como-novo-tecnico\/\">Source link <\/a><\/p>\n","protected":false},"excerpt":{"rendered":"<p>O Botafogo anunciou no in\u00edcio da tarde desta sexta-feira (27) M\u00e1rcio Zanardi como novo t\u00e9cnico. Zanardi chega para substituir o portugu\u00eas Paulo Gomes, demitido da&#8230;<\/p>\n","protected":false},"author":1,"featured_media":68162,"comment_status":"open","ping_status":"open","sticky":false,"template":"","format":"standard","meta":{"_uag_custom_page_level_css":"","advanced_seo_description":"","jetpack_seo_html_title":"","jetpack_seo_noindex":false,"jetpack_post_was_ever_published":false,"_jetpack_newsletter_access":"","_jetpack_dont_email_post_to_subs":false,"_jetpack_newsletter_tier_id":0,"_jetpack_memberships_contains_paywalled_content":false,"_jetpack_memberships_contains_paid_content":false,"footnotes":"","jetpack_publicize_message":"","jetpack_publicize_feature_enabled":true,"jetpack_social_post_already_shared":true,"jetpack_social_options":{"image_generator_settings":{"template":"highway","default_image_id":0,"font":"","enabled":false},"version":2}},"categories":[11],"tags":[],"class_list":["post-68161","post","type-post","status-publish","format-standard","has-post-thumbnail","hentry","category-noticias-de-ribeirao-preto-sp-e-regiao-ismael-colosi"],"jetpack_publicize_connections":[],"jetpack_featured_media_url":"https:\/\/i0.wp.com\/ismaelcolosi.com.br\/wp-content\/uploads\/2024\/09\/zanardi_2024-09-27_16-42-43_jpg_2024-09-27_16-42-43.webp.webp?fit=984%2C655&ssl=1","uagb_featured_image_src":{"full":["https:\/\/i0.wp.com\/ismaelcolosi.com.br\/wp-content\/uploads\/2024\/09\/zanardi_2024-09-27_16-42-43_jpg_2024-09-27_16-42-43.webp.webp?fit=984%2C655&ssl=1",984,655,false],"thumbnail":["https:\/\/i0.wp.com\/ismaelcolosi.com.br\/wp-content\/uploads\/2024\/09\/zanardi_2024-09-27_16-42-43_jpg_2024-09-27_16-42-43.webp.webp?resize=150%2C150&ssl=1",150,150,true],"medium":["https:\/\/i0.wp.com\/ismaelcolosi.com.br\/wp-content\/uploads\/2024\/09\/zanardi_2024-09-27_16-42-43_jpg_2024-09-27_16-42-43.webp.webp?fit=300%2C200&ssl=1",300,200,true],"medium_large":["https:\/\/i0.wp.com\/ismaelcolosi.com.br\/wp-content\/uploads\/2024\/09\/zanardi_2024-09-27_16-42-43_jpg_2024-09-27_16-42-43.webp.webp?fit=768%2C511&ssl=1",768,511,true],"large":["https:\/\/i0.wp.com\/ismaelcolosi.com.br\/wp-content\/uploads\/2024\/09\/zanardi_2024-09-27_16-42-43_jpg_2024-09-27_16-42-43.webp.webp?fit=984%2C655&ssl=1",984,655,true],"1536x1536":["https:\/\/i0.wp.com\/ismaelcolosi.com.br\/wp-content\/uploads\/2024\/09\/zanardi_2024-09-27_16-42-43_jpg_2024-09-27_16-42-43.webp.webp?fit=984%2C655&ssl=1",984,655,true],"2048x2048":["https:\/\/i0.wp.com\/ismaelcolosi.com.br\/wp-content\/uploads\/2024\/09\/zanardi_2024-09-27_16-42-43_jpg_2024-09-27_16-42-43.webp.webp?fit=984%2C655&ssl=1",984,655,true],"really-simple-thumb":["https:\/\/i0.wp.com\/ismaelcolosi.com.br\/wp-content\/uploads\/2024\/09\/zanardi_2024-09-27_16-42-43_jpg_2024-09-27_16-42-43.webp.webp?resize=370%2C247&ssl=1",370,247,true]},"uagb_author_info":{"display_name":"ismaelcolosi.com.br","author_link":"https:\/\/ismaelcolosi.com.br\/index.php\/author\/vidareal-online\/"},"uagb_comment_info":0,"uagb_excerpt":"O Botafogo anunciou no in\u00edcio da tarde desta sexta-feira (27) M\u00e1rcio Zanardi como novo t\u00e9cnico. Zanardi chega para substituir o portugu\u00eas Paulo Gomes, demitido da...","jetpack-related-posts":[{"id":68302,"url":"https:\/\/ismaelcolosi.com.br\/index.php\/2024\/09\/28\/botafogo-marca-apos-lambanca-e-empata-com-o-vila-nova-na-serie-b\/","url_meta":{"origin":68161,"position":0},"title":"Botafogo marca ap\u00f3s lamban\u00e7a e empata com o Vila Nova na S\u00e9rie B","author":"ismaelcolosi.com.br","date":"28 de September de 2024","format":false,"excerpt":"Ainda sem o t\u00e9cnico M\u00e1rcio Zanardi no banco de reservas, o Botafogo empatou em 1 a 1 com o Vila Nova na tarde deste s\u00e1bado (28). A partida v\u00e1lida pela 29\u00aa rodada do Campeonato Brasileiro da S\u00e9rie B foi disputada no est\u00e1dio On\u00e9sio Brasileiro Alvarenga, em Goi\u00e2nia.O Vila Nova abriu\u2026","rel":"","context":"In &quot;Not\u00edcias de Ribeir\u00e3o Preto-SP e Regi\u00e3o&quot;","block_context":{"text":"Not\u00edcias de Ribeir\u00e3o Preto-SP e Regi\u00e3o","link":"https:\/\/ismaelcolosi.com.br\/index.php\/category\/noticias-de-ribeirao-preto-sp-e-regiao-ismael-colosi\/"},"img":{"alt_text":"","src":"https:\/\/i0.wp.com\/ismaelcolosi.com.br\/wp-content\/uploads\/2024\/09\/botafogo-vila-nova_2024-09-28_21-56-13_jpeg_2024-09-28_21-56-13.webp.webp?fit=1200%2C861&ssl=1&resize=350%2C200","width":350,"height":200,"srcset":"https:\/\/i0.wp.com\/ismaelcolosi.com.br\/wp-content\/uploads\/2024\/09\/botafogo-vila-nova_2024-09-28_21-56-13_jpeg_2024-09-28_21-56-13.webp.webp?fit=1200%2C861&ssl=1&resize=350%2C200 1x, https:\/\/i0.wp.com\/ismaelcolosi.com.br\/wp-content\/uploads\/2024\/09\/botafogo-vila-nova_2024-09-28_21-56-13_jpeg_2024-09-28_21-56-13.webp.webp?fit=1200%2C861&ssl=1&resize=525%2C300 1.5x, https:\/\/i0.wp.com\/ismaelcolosi.com.br\/wp-content\/uploads\/2024\/09\/botafogo-vila-nova_2024-09-28_21-56-13_jpeg_2024-09-28_21-56-13.webp.webp?fit=1200%2C861&ssl=1&resize=700%2C400 2x, https:\/\/i0.wp.com\/ismaelcolosi.com.br\/wp-content\/uploads\/2024\/09\/botafogo-vila-nova_2024-09-28_21-56-13_jpeg_2024-09-28_21-56-13.webp.webp?fit=1200%2C861&ssl=1&resize=1050%2C600 3x"},"classes":[]},{"id":25544,"url":"https:\/\/ismaelcolosi.com.br\/index.php\/2024\/01\/07\/com-reforcos-gringos-bota-se-prepara-para-temporada\/","url_meta":{"origin":68161,"position":1},"title":"Com refor\u00e7os gringos, Bota se prepara para temporada\u00a0\u00a0","author":"ismaelcolosi.com.br","date":"7 de January de 2024","format":false,"excerpt":"Ano novo, vida nova e tudo come\u00e7a outra vez. Assim \u00e9 a vida e assim \u00e9 para os clubes de futebol. No Botafogo n\u00e3o \u00e9 diferente e a prepara\u00e7\u00e3o para a temporada de 2024 est\u00e1 a todo vapor. O clube vai participar do Paulist\u00e3o, Copa do Brasil e S\u00e9rie B.\u2026","rel":"","context":"In &quot;Not\u00edcias de Ribeir\u00e3o Preto-SP e Regi\u00e3o&quot;","block_context":{"text":"Not\u00edcias de Ribeir\u00e3o Preto-SP e Regi\u00e3o","link":"https:\/\/ismaelcolosi.com.br\/index.php\/category\/noticias-de-ribeirao-preto-sp-e-regiao-ismael-colosi\/"},"img":{"alt_text":"","src":"https:\/\/i0.wp.com\/ismaelcolosi.com.br\/wp-content\/uploads\/2024\/01\/Botafogo-Leandro-Maciel-1-scaled.jpg?fit=967%2C645&ssl=1&resize=350%2C200","width":350,"height":200,"srcset":"https:\/\/i0.wp.com\/ismaelcolosi.com.br\/wp-content\/uploads\/2024\/01\/Botafogo-Leandro-Maciel-1-scaled.jpg?fit=967%2C645&ssl=1&resize=350%2C200 1x, https:\/\/i0.wp.com\/ismaelcolosi.com.br\/wp-content\/uploads\/2024\/01\/Botafogo-Leandro-Maciel-1-scaled.jpg?fit=967%2C645&ssl=1&resize=525%2C300 1.5x, https:\/\/i0.wp.com\/ismaelcolosi.com.br\/wp-content\/uploads\/2024\/01\/Botafogo-Leandro-Maciel-1-scaled.jpg?fit=967%2C645&ssl=1&resize=700%2C400 2x"},"classes":[]},{"id":1273,"url":"https:\/\/ismaelcolosi.com.br\/index.php\/2023\/11\/11\/botafogo-visita-a-chapecoense-repleto-de-desfalques\/","url_meta":{"origin":68161,"position":2},"title":"Botafogo visita a Chapecoense repleto de desfalques\u00a0\u00a0","author":"ismaelcolosi.com.br","date":"11 de November de 2023","format":false,"excerpt":"Apenas cumprindo tabela na S\u00e9rie B, o Botafogo est\u00e1 pronto para mais um duelo na competi\u00e7\u00e3o. O advers\u00e1rio da vez \u00e9 a Chapecoense. O jogo acontece \u00e0s 17h, na Arena Cond\u00e1, em Chapec\u00f3 e \u00e9 v\u00e1lido pela 36\u00aa rodada da competi\u00e7\u00e3o. \u00a0Para a partida o t\u00e9cnico Marcelo Chamusca ter\u00e1 um\u2026","rel":"","context":"In &quot;Not\u00edcias de Ribeir\u00e3o Preto-SP e Regi\u00e3o&quot;","block_context":{"text":"Not\u00edcias de Ribeir\u00e3o Preto-SP e Regi\u00e3o","link":"https:\/\/ismaelcolosi.com.br\/index.php\/category\/noticias-de-ribeirao-preto-sp-e-regiao-ismael-colosi\/"},"img":{"alt_text":"","src":"https:\/\/i0.wp.com\/ismaelcolosi.com.br\/wp-content\/uploads\/2023\/11\/Botafogo-2-24-scaled.jpg?fit=967%2C645&ssl=1&resize=350%2C200","width":350,"height":200,"srcset":"https:\/\/i0.wp.com\/ismaelcolosi.com.br\/wp-content\/uploads\/2023\/11\/Botafogo-2-24-scaled.jpg?fit=967%2C645&ssl=1&resize=350%2C200 1x, https:\/\/i0.wp.com\/ismaelcolosi.com.br\/wp-content\/uploads\/2023\/11\/Botafogo-2-24-scaled.jpg?fit=967%2C645&ssl=1&resize=525%2C300 1.5x, https:\/\/i0.wp.com\/ismaelcolosi.com.br\/wp-content\/uploads\/2023\/11\/Botafogo-2-24-scaled.jpg?fit=967%2C645&ssl=1&resize=700%2C400 2x"},"classes":[]},{"id":67818,"url":"https:\/\/ismaelcolosi.com.br\/index.php\/2024\/09\/25\/perto-da-zona-de-rebaixamento-botafogo-demite-paulo-gomes\/","url_meta":{"origin":68161,"position":3},"title":"Perto da zona de rebaixamento, Botafogo demite Paulo Gomes","author":"ismaelcolosi.com.br","date":"25 de September de 2024","format":false,"excerpt":"O Botafogo anunciou a sa\u00edda do treinador Paulo Gomes, na tarde desta quarta-feira (25). O t\u00e9cnico portugu\u00eas chegou ao Pantera em novembro de 2023. O an\u00fancio da demiss\u00e3o foi realizado ap\u00f3s o time empatar com o CRB, na noite desta ter\u00e7a-feira (24), pela 28\u00aa rodada do Campeonato Brasileiro da S\u00e9rie\u2026","rel":"","context":"In &quot;Not\u00edcias de Ribeir\u00e3o Preto-SP e Regi\u00e3o&quot;","block_context":{"text":"Not\u00edcias de Ribeir\u00e3o Preto-SP e Regi\u00e3o","link":"https:\/\/ismaelcolosi.com.br\/index.php\/category\/noticias-de-ribeirao-preto-sp-e-regiao-ismael-colosi\/"},"img":{"alt_text":"","src":"https:\/\/i0.wp.com\/ismaelcolosi.com.br\/wp-content\/uploads\/2024\/09\/s-Molde-Midias-tec_2024-09-25_18-33-15_jpg_2024-09-25_18-33-16.webp.webp?fit=960%2C539&ssl=1&resize=350%2C200","width":350,"height":200,"srcset":"https:\/\/i0.wp.com\/ismaelcolosi.com.br\/wp-content\/uploads\/2024\/09\/s-Molde-Midias-tec_2024-09-25_18-33-15_jpg_2024-09-25_18-33-16.webp.webp?fit=960%2C539&ssl=1&resize=350%2C200 1x, https:\/\/i0.wp.com\/ismaelcolosi.com.br\/wp-content\/uploads\/2024\/09\/s-Molde-Midias-tec_2024-09-25_18-33-15_jpg_2024-09-25_18-33-16.webp.webp?fit=960%2C539&ssl=1&resize=525%2C300 1.5x, https:\/\/i0.wp.com\/ismaelcolosi.com.br\/wp-content\/uploads\/2024\/09\/s-Molde-Midias-tec_2024-09-25_18-33-15_jpg_2024-09-25_18-33-16.webp.webp?fit=960%2C539&ssl=1&resize=700%2C400 2x"},"classes":[]},{"id":3497,"url":"https:\/\/ismaelcolosi.com.br\/index.php\/2023\/11\/18\/botafogo-perde-para-o-criciuma-na-serie-b-e-equipe-catarinense-conquista-o-acesso\/","url_meta":{"origin":68161,"position":4},"title":"Botafogo perde para o Crici\u00fama na S\u00e9rie B e equipe catarinense conquista o acesso","author":"ismaelcolosi.com.br","date":"18 de November de 2023","format":false,"excerpt":"J\u00e1 sem objetivos no Campeonato Brasileiro da S\u00e9rie B, o Botafogo foi derrotado por 3 a 0 pelo Crici\u00fama, na tarde deste s\u00e1bado (18). A partida foi realizada no est\u00e1dio Heriberto Hulse, em Crici\u00fama-SC, e garantiu o acesso da equipe da casa no Campeonato Brasileiro da S\u00e9rie A em 2024.\u2026","rel":"","context":"In &quot;Not\u00edcias de Ribeir\u00e3o Preto-SP e Regi\u00e3o&quot;","block_context":{"text":"Not\u00edcias de Ribeir\u00e3o Preto-SP e Regi\u00e3o","link":"https:\/\/ismaelcolosi.com.br\/index.php\/category\/noticias-de-ribeirao-preto-sp-e-regiao-ismael-colosi\/"},"img":{"alt_text":"","src":"https:\/\/i0.wp.com\/ismaelcolosi.com.br\/wp-content\/uploads\/2023\/11\/botafogo-criciuma-scaled.jpg?fit=1200%2C800&ssl=1&resize=350%2C200","width":350,"height":200,"srcset":"https:\/\/i0.wp.com\/ismaelcolosi.com.br\/wp-content\/uploads\/2023\/11\/botafogo-criciuma-scaled.jpg?fit=1200%2C800&ssl=1&resize=350%2C200 1x, https:\/\/i0.wp.com\/ismaelcolosi.com.br\/wp-content\/uploads\/2023\/11\/botafogo-criciuma-scaled.jpg?fit=1200%2C800&ssl=1&resize=525%2C300 1.5x, https:\/\/i0.wp.com\/ismaelcolosi.com.br\/wp-content\/uploads\/2023\/11\/botafogo-criciuma-scaled.jpg?fit=1200%2C800&ssl=1&resize=700%2C400 2x, https:\/\/i0.wp.com\/ismaelcolosi.com.br\/wp-content\/uploads\/2023\/11\/botafogo-criciuma-scaled.jpg?fit=1200%2C800&ssl=1&resize=1050%2C600 3x"},"classes":[]},{"id":37530,"url":"https:\/\/ismaelcolosi.com.br\/index.php\/2024\/02\/16\/cbf-define-local-da-estreia-do-botafogo-na-copa-do-brasil-2024\/","url_meta":{"origin":68161,"position":5},"title":"CBF define local da estreia do Botafogo na Copa do Brasil 2024","author":"ismaelcolosi.com.br","date":"16 de February de 2024","format":false,"excerpt":"A CBF (Confedera\u00e7\u00e3o Brasileira de Futebol) definiu o local da partida entre Botafogo e Nova Ven\u00e9cia, pela primeira fase da Copa do Brasil 2024. O confronto ser\u00e1 realizado no est\u00e1dio Jos\u00e9 Ol\u00edmpio da Rocha, em \u00c1guia Branca-ES, na pr\u00f3xima ter\u00e7a-feira (20), a partir das 20h. A partida ter\u00e1 transmiss\u00e3o do\u2026","rel":"","context":"In &quot;Not\u00edcias de Ribeir\u00e3o Preto-SP e Regi\u00e3o&quot;","block_context":{"text":"Not\u00edcias de Ribeir\u00e3o Preto-SP e Regi\u00e3o","link":"https:\/\/ismaelcolosi.com.br\/index.php\/category\/noticias-de-ribeirao-preto-sp-e-regiao-ismael-colosi\/"},"img":{"alt_text":"","src":"https:\/\/i0.wp.com\/ismaelcolosi.com.br\/wp-content\/uploads\/2024\/02\/botafogo.jpg?fit=1200%2C800&ssl=1&resize=350%2C200","width":350,"height":200,"srcset":"https:\/\/i0.wp.com\/ismaelcolosi.com.br\/wp-content\/uploads\/2024\/02\/botafogo.jpg?fit=1200%2C800&ssl=1&resize=350%2C200 1x, https:\/\/i0.wp.com\/ismaelcolosi.com.br\/wp-content\/uploads\/2024\/02\/botafogo.jpg?fit=1200%2C800&ssl=1&resize=525%2C300 1.5x, https:\/\/i0.wp.com\/ismaelcolosi.com.br\/wp-content\/uploads\/2024\/02\/botafogo.jpg?fit=1200%2C800&ssl=1&resize=700%2C400 2x, https:\/\/i0.wp.com\/ismaelcolosi.com.br\/wp-content\/uploads\/2024\/02\/botafogo.jpg?fit=1200%2C800&ssl=1&resize=1050%2C600 3x"},"classes":[]}],"jetpack_sharing_enabled":true,"jetpack_shortlink":"https:\/\/wp.me\/pfMlyK-hJn","_links":{"self":[{"href":"https:\/\/ismaelcolosi.com.br\/index.php\/wp-json\/wp\/v2\/posts\/68161","targetHints":{"allow":["GET"]}}],"collection":[{"href":"https:\/\/ismaelcolosi.com.br\/index.php\/wp-json\/wp\/v2\/posts"}],"about":[{"href":"https:\/\/ismaelcolosi.com.br\/index.php\/wp-json\/wp\/v2\/types\/post"}],"author":[{"embeddable":true,"href":"https:\/\/ismaelcolosi.com.br\/index.php\/wp-json\/wp\/v2\/users\/1"}],"replies":[{"embeddable":true,"href":"https:\/\/ismaelcolosi.com.br\/index.php\/wp-json\/wp\/v2\/comments?post=68161"}],"version-history":[{"count":0,"href":"https:\/\/ismaelcolosi.com.br\/index.php\/wp-json\/wp\/v2\/posts\/68161\/revisions"}],"wp:featuredmedia":[{"embeddable":true,"href":"https:\/\/ismaelcolosi.com.br\/index.php\/wp-json\/wp\/v2\/media\/68162"}],"wp:attachment":[{"href":"https:\/\/ismaelcolosi.com.br\/index.php\/wp-json\/wp\/v2\/media?parent=68161"}],"wp:term":[{"taxonomy":"category","embeddable":true,"href":"https:\/\/ismaelcolosi.com.br\/index.php\/wp-json\/wp\/v2\/categories?post=68161"},{"taxonomy":"post_tag","embeddable":true,"href":"https:\/\/ismaelcolosi.com.br\/index.php\/wp-json\/wp\/v2\/tags?post=68161"}],"curies":[{"name":"wp","href":"https:\/\/api.w.org\/{rel}","templated":true}]}}