{"id":68148,"date":"2024-09-27T12:56:13","date_gmt":"2024-09-27T15:56:13","guid":{"rendered":"https:\/\/ismaelcolosi.com.br\/index.php\/2024\/09\/27\/paciente-e-acusado-de-dar-cadeirada-em-vigia-de-ubds-em-ribeirao-preto\/"},"modified":"2024-09-27T12:56:13","modified_gmt":"2024-09-27T15:56:13","slug":"paciente-e-acusado-de-dar-cadeirada-em-vigia-de-ubds-em-ribeirao-preto","status":"publish","type":"post","link":"https:\/\/ismaelcolosi.com.br\/index.php\/2024\/09\/27\/paciente-e-acusado-de-dar-cadeirada-em-vigia-de-ubds-em-ribeirao-preto\/","title":{"rendered":"Paciente \u00e9 acusado de dar cadeirada em vigia de UBDS em Ribeir\u00e3o Preto"},"content":{"rendered":"<p> <br \/>\n<\/p>\n<div data-td-block-uid=\"tdi_106\">\n<div class=\"tdb-block-inner td-fix-index\">\n<p><strong>Um paciente de 38 anos \u00e9 suspeito de agredir uma vigia da UBDS da Vila Virg\u00ednia com uma cadeira e uma lixeira <strong>na madrugada desta sexta-feira (27),<\/strong> na zona Oeste de Ribeir\u00e3o Preto.<\/strong><\/p>\n<p>Segundo o boletim de ocorr\u00eancia (BO), o paciente e a v\u00edtima, que tem 33 anos e presta servi\u00e7o na unidade de sa\u00fade, teriam se desentendido. O motivo, contudo, n\u00e3o foi informado.<\/p>\n<p>Ainda consta no BO que, durante a confus\u00e3o,\u00a0o paciente teria atirado uma lixeira contra a v\u00edtima\u00a0e desferido golpes com\u00a0uma cadeira contra a profissional, al\u00e9m de fazer xingamentos e amea\u00e7as.<\/p>\n<p>A vigia precisou usar spray de pimenta para conter o paciente.<\/p>\n<p>N\u00e3o h\u00e1, contudo, informa\u00e7\u00f5es sobre o estado de sa\u00fade da v\u00edtima.<\/p>\n<p>O caso foi registrado na CPJ (Central de Pol\u00edcia Judici\u00e1ria) Permanente como les\u00e3o corporal, sem flagrante. <\/p>\n<p>SAIBA MAIS<\/p>\n<p>Caminh\u00e3o arrebenta fia\u00e7\u00e3o e desliga sem\u00e1foros em Ribeir\u00e3o Preto<\/p>\n<p><strong>FIQUE ON<\/strong><\/p>\n<p>Fique ligado em tudo que acontece em Ribeir\u00e3o Preto e regi\u00e3o. Siga os perfis do\u00a0<strong>acidade on\u00a0<\/strong>no\u00a0<a href=\"https:\/\/www.instagram.com\/acidadeonribeirao\" target=\"_blank\" rel=\"noreferrer noopener\">Instagram<\/a>\u00a0e no\u00a0<a href=\"https:\/\/www.facebook.com\/acidadeonribeirao\" target=\"_blank\" rel=\"noreferrer noopener\">Facebook<\/a>.<\/p>\n<p>Receba not\u00edcias do\u00a0<strong>acidade on<\/strong>\u00a0no WhatsApp. Para entrar no grupo, basta\u00a0<a href=\"https:\/\/chat.whatsapp.com\/Dtv9mxhy6V5BJBotM2OQ5k\" target=\"_blank\" rel=\"noreferrer noopener\">clicar aqui<\/a>.<\/p>\n<p>VEJA TAMB\u00c9M<\/p>\n<p>Quantas ondas de calor teve no Brasil esse ano?<\/p>\n<p><!-- CONTENT END 3 -->\n<\/div>\n<\/div>\n<p><script async src=\"\/\/www.instagram.com\/embed.js\"><\/script><br \/>\n<br \/><br \/>\n<br \/><a href=\"https:\/\/www.acidadeon.com\/ribeiraopreto\/cotidiano\/paciente-e-acusado-de-dar-cadeirada-em-vigia-de-ubds-em-ribeirao-preto\/\">Source link <\/a><\/p>\n","protected":false},"excerpt":{"rendered":"<p>Um paciente de 38 anos \u00e9 suspeito de agredir uma vigia da UBDS da Vila Virg\u00ednia com uma cadeira e uma lixeira na madrugada desta&#8230;<\/p>\n","protected":false},"author":1,"featured_media":47493,"comment_status":"open","ping_status":"open","sticky":false,"template":"","format":"standard","meta":{"_uag_custom_page_level_css":"","advanced_seo_description":"","jetpack_seo_html_title":"","jetpack_seo_noindex":false,"jetpack_post_was_ever_published":false,"_jetpack_newsletter_access":"","_jetpack_dont_email_post_to_subs":false,"_jetpack_newsletter_tier_id":0,"_jetpack_memberships_contains_paywalled_content":false,"_jetpack_memberships_contains_paid_content":false,"footnotes":"","jetpack_publicize_message":"","jetpack_publicize_feature_enabled":true,"jetpack_social_post_already_shared":true,"jetpack_social_options":{"image_generator_settings":{"template":"highway","default_image_id":0,"font":"","enabled":false},"version":2}},"categories":[11],"tags":[],"class_list":["post-68148","post","type-post","status-publish","format-standard","has-post-thumbnail","hentry","category-noticias-de-ribeirao-preto-sp-e-regiao-ismael-colosi"],"jetpack_publicize_connections":[],"jetpack_featured_media_url":"https:\/\/i0.wp.com\/ismaelcolosi.com.br\/wp-content\/uploads\/2024\/04\/Copia-de-Copia-de-TAMANHO-EXATO-PARA-FOTOS-NO-SISTEMA-NOVO-10-1_2024-04-25_22-07-57_jpg.webp.webp?fit=1200%2C675&ssl=1","uagb_featured_image_src":{"full":["https:\/\/i0.wp.com\/ismaelcolosi.com.br\/wp-content\/uploads\/2024\/04\/Copia-de-Copia-de-TAMANHO-EXATO-PARA-FOTOS-NO-SISTEMA-NOVO-10-1_2024-04-25_22-07-57_jpg.webp.webp?fit=1200%2C675&ssl=1",1200,675,false],"thumbnail":["https:\/\/i0.wp.com\/ismaelcolosi.com.br\/wp-content\/uploads\/2024\/04\/Copia-de-Copia-de-TAMANHO-EXATO-PARA-FOTOS-NO-SISTEMA-NOVO-10-1_2024-04-25_22-07-57_jpg.webp.webp?resize=150%2C150&ssl=1",150,150,true],"medium":["https:\/\/i0.wp.com\/ismaelcolosi.com.br\/wp-content\/uploads\/2024\/04\/Copia-de-Copia-de-TAMANHO-EXATO-PARA-FOTOS-NO-SISTEMA-NOVO-10-1_2024-04-25_22-07-57_jpg.webp.webp?fit=300%2C169&ssl=1",300,169,true],"medium_large":["https:\/\/i0.wp.com\/ismaelcolosi.com.br\/wp-content\/uploads\/2024\/04\/Copia-de-Copia-de-TAMANHO-EXATO-PARA-FOTOS-NO-SISTEMA-NOVO-10-1_2024-04-25_22-07-57_jpg.webp.webp?fit=768%2C432&ssl=1",768,432,true],"large":["https:\/\/i0.wp.com\/ismaelcolosi.com.br\/wp-content\/uploads\/2024\/04\/Copia-de-Copia-de-TAMANHO-EXATO-PARA-FOTOS-NO-SISTEMA-NOVO-10-1_2024-04-25_22-07-57_jpg.webp.webp?fit=1024%2C576&ssl=1",1024,576,true],"1536x1536":["https:\/\/i0.wp.com\/ismaelcolosi.com.br\/wp-content\/uploads\/2024\/04\/Copia-de-Copia-de-TAMANHO-EXATO-PARA-FOTOS-NO-SISTEMA-NOVO-10-1_2024-04-25_22-07-57_jpg.webp.webp?fit=1200%2C675&ssl=1",1200,675,true],"2048x2048":["https:\/\/i0.wp.com\/ismaelcolosi.com.br\/wp-content\/uploads\/2024\/04\/Copia-de-Copia-de-TAMANHO-EXATO-PARA-FOTOS-NO-SISTEMA-NOVO-10-1_2024-04-25_22-07-57_jpg.webp.webp?fit=1200%2C675&ssl=1",1200,675,true],"really-simple-thumb":["https:\/\/i0.wp.com\/ismaelcolosi.com.br\/wp-content\/uploads\/2024\/04\/Copia-de-Copia-de-TAMANHO-EXATO-PARA-FOTOS-NO-SISTEMA-NOVO-10-1_2024-04-25_22-07-57_jpg.webp.webp?resize=370%2C247&ssl=1",370,247,true]},"uagb_author_info":{"display_name":"ismaelcolosi.com.br","author_link":"https:\/\/ismaelcolosi.com.br\/index.php\/author\/vidareal-online\/"},"uagb_comment_info":0,"uagb_excerpt":"Um paciente de 38 anos \u00e9 suspeito de agredir uma vigia da UBDS da Vila Virg\u00ednia com uma cadeira e uma lixeira na madrugada desta...","jetpack-related-posts":[{"id":47486,"url":"https:\/\/ismaelcolosi.com.br\/index.php\/2024\/04\/25\/prefeitura-e-condenada-a-pagar-r-200-mil-por-morte-apos-atendimento-em-ubds-de-ribeirao\/","url_meta":{"origin":68148,"position":0},"title":"Prefeitura \u00e9 condenada a pagar R$ 200 mil por morte ap\u00f3s atendimento em UBDS de Ribeir\u00e3o","author":"ismaelcolosi.com.br","date":"25 de April de 2024","format":false,"excerpt":"A Prefeitura de Ribeir\u00e3o Preto foi condenada nesta quinta-feira (25) a pagar indeniza\u00e7\u00e3o de R$ 200 mil ao vi\u00favo de uma paciente que morreu ap\u00f3s falha no atendimento na UBDS (Unidade B\u00e1sica Distrital de Sa\u00fade) Vila Virg\u00ednia. O caso aconteceu em fevereiro de 2018. Segundo a decis\u00e3o da ju\u00edza Luisa\u2026","rel":"","context":"In &quot;Not\u00edcias de Ribeir\u00e3o Preto-SP e Regi\u00e3o&quot;","block_context":{"text":"Not\u00edcias de Ribeir\u00e3o Preto-SP e Regi\u00e3o","link":"https:\/\/ismaelcolosi.com.br\/index.php\/category\/noticias-de-ribeirao-preto-sp-e-regiao-ismael-colosi\/"},"img":{"alt_text":"","src":"https:\/\/i0.wp.com\/ismaelcolosi.com.br\/wp-content\/uploads\/2024\/04\/Copia-de-Copia-de-TAMANHO-EXATO-PARA-FOTOS-NO-SISTEMA-NOVO-9-2_2024-04-25_21-12-22_jpg.webp.webp?fit=1200%2C675&ssl=1&resize=350%2C200","width":350,"height":200,"srcset":"https:\/\/i0.wp.com\/ismaelcolosi.com.br\/wp-content\/uploads\/2024\/04\/Copia-de-Copia-de-TAMANHO-EXATO-PARA-FOTOS-NO-SISTEMA-NOVO-9-2_2024-04-25_21-12-22_jpg.webp.webp?fit=1200%2C675&ssl=1&resize=350%2C200 1x, https:\/\/i0.wp.com\/ismaelcolosi.com.br\/wp-content\/uploads\/2024\/04\/Copia-de-Copia-de-TAMANHO-EXATO-PARA-FOTOS-NO-SISTEMA-NOVO-9-2_2024-04-25_21-12-22_jpg.webp.webp?fit=1200%2C675&ssl=1&resize=525%2C300 1.5x, https:\/\/i0.wp.com\/ismaelcolosi.com.br\/wp-content\/uploads\/2024\/04\/Copia-de-Copia-de-TAMANHO-EXATO-PARA-FOTOS-NO-SISTEMA-NOVO-9-2_2024-04-25_21-12-22_jpg.webp.webp?fit=1200%2C675&ssl=1&resize=700%2C400 2x, https:\/\/i0.wp.com\/ismaelcolosi.com.br\/wp-content\/uploads\/2024\/04\/Copia-de-Copia-de-TAMANHO-EXATO-PARA-FOTOS-NO-SISTEMA-NOVO-9-2_2024-04-25_21-12-22_jpg.webp.webp?fit=1200%2C675&ssl=1&resize=1050%2C600 3x"},"classes":[]},{"id":47492,"url":"https:\/\/ismaelcolosi.com.br\/index.php\/2024\/04\/25\/prefeitura-e-condenada-a-pagar-r-200-mil-por-morte-apos-atendimento-em-ubds-de-ribeirao-2\/","url_meta":{"origin":68148,"position":1},"title":"Prefeitura \u00e9 condenada a pagar R$ 200 mil por morte ap\u00f3s atendimento em UBDS de Ribeir\u00e3o","author":"ismaelcolosi.com.br","date":"25 de April de 2024","format":false,"excerpt":"A Prefeitura de Ribeir\u00e3o Preto foi condenada nesta quinta-feira (25) a pagar indeniza\u00e7\u00e3o de R$ 200 mil ao vi\u00favo de uma paciente que morreu ap\u00f3s falha no atendimento na UBDS (Unidade B\u00e1sica Distrital de Sa\u00fade) Vila Virg\u00ednia. O caso aconteceu em fevereiro de 2018. Segundo a decis\u00e3o da ju\u00edza Luisa\u2026","rel":"","context":"In &quot;Not\u00edcias de Ribeir\u00e3o Preto-SP e Regi\u00e3o&quot;","block_context":{"text":"Not\u00edcias de Ribeir\u00e3o Preto-SP e Regi\u00e3o","link":"https:\/\/ismaelcolosi.com.br\/index.php\/category\/noticias-de-ribeirao-preto-sp-e-regiao-ismael-colosi\/"},"img":{"alt_text":"","src":"https:\/\/i0.wp.com\/ismaelcolosi.com.br\/wp-content\/uploads\/2024\/04\/Copia-de-Copia-de-TAMANHO-EXATO-PARA-FOTOS-NO-SISTEMA-NOVO-10-1_2024-04-25_22-07-57_jpg.webp.webp?fit=1200%2C675&ssl=1&resize=350%2C200","width":350,"height":200,"srcset":"https:\/\/i0.wp.com\/ismaelcolosi.com.br\/wp-content\/uploads\/2024\/04\/Copia-de-Copia-de-TAMANHO-EXATO-PARA-FOTOS-NO-SISTEMA-NOVO-10-1_2024-04-25_22-07-57_jpg.webp.webp?fit=1200%2C675&ssl=1&resize=350%2C200 1x, https:\/\/i0.wp.com\/ismaelcolosi.com.br\/wp-content\/uploads\/2024\/04\/Copia-de-Copia-de-TAMANHO-EXATO-PARA-FOTOS-NO-SISTEMA-NOVO-10-1_2024-04-25_22-07-57_jpg.webp.webp?fit=1200%2C675&ssl=1&resize=525%2C300 1.5x, https:\/\/i0.wp.com\/ismaelcolosi.com.br\/wp-content\/uploads\/2024\/04\/Copia-de-Copia-de-TAMANHO-EXATO-PARA-FOTOS-NO-SISTEMA-NOVO-10-1_2024-04-25_22-07-57_jpg.webp.webp?fit=1200%2C675&ssl=1&resize=700%2C400 2x, https:\/\/i0.wp.com\/ismaelcolosi.com.br\/wp-content\/uploads\/2024\/04\/Copia-de-Copia-de-TAMANHO-EXATO-PARA-FOTOS-NO-SISTEMA-NOVO-10-1_2024-04-25_22-07-57_jpg.webp.webp?fit=1200%2C675&ssl=1&resize=1050%2C600 3x"},"classes":[]},{"id":49970,"url":"https:\/\/ismaelcolosi.com.br\/index.php\/2024\/05\/14\/paciente-de-81-anos-e-preso-por-importunacao-sexual-em-posto-de-saude-de-ribeirao-preto\/","url_meta":{"origin":68148,"position":2},"title":"Paciente de 81 anos \u00e9 preso por importuna\u00e7\u00e3o sexual em posto de sa\u00fade de Ribeir\u00e3o Preto","author":"ismaelcolosi.com.br","date":"14 de May de 2024","format":false,"excerpt":"Um homem de 81 anos foi preso nesta segunda-feira (13) suspeito de importuna\u00e7\u00e3o sexual contra uma auxiliar de enfermagem, durante atendimento na UBS (Unidade B\u00e1sica de Sa\u00fade) da Vila Tib\u00e9rio, na zona Oeste de Ribeir\u00e3o Preto. Segundo o boletim de ocorr\u00eancia (BO), a v\u00edtima, de 53 anos, aformou \u00e0 GCM\u2026","rel":"","context":"In &quot;Not\u00edcias de Ribeir\u00e3o Preto-SP e Regi\u00e3o&quot;","block_context":{"text":"Not\u00edcias de Ribeir\u00e3o Preto-SP e Regi\u00e3o","link":"https:\/\/ismaelcolosi.com.br\/index.php\/category\/noticias-de-ribeirao-preto-sp-e-regiao-ismael-colosi\/"},"img":{"alt_text":"","src":"https:\/\/i0.wp.com\/ismaelcolosi.com.br\/wp-content\/uploads\/2024\/05\/GCM-1_2024-05-14_11-49-29_jpg_2024-05-14_11-49-29.webp.webp?fit=1200%2C871&ssl=1&resize=350%2C200","width":350,"height":200,"srcset":"https:\/\/i0.wp.com\/ismaelcolosi.com.br\/wp-content\/uploads\/2024\/05\/GCM-1_2024-05-14_11-49-29_jpg_2024-05-14_11-49-29.webp.webp?fit=1200%2C871&ssl=1&resize=350%2C200 1x, https:\/\/i0.wp.com\/ismaelcolosi.com.br\/wp-content\/uploads\/2024\/05\/GCM-1_2024-05-14_11-49-29_jpg_2024-05-14_11-49-29.webp.webp?fit=1200%2C871&ssl=1&resize=525%2C300 1.5x, https:\/\/i0.wp.com\/ismaelcolosi.com.br\/wp-content\/uploads\/2024\/05\/GCM-1_2024-05-14_11-49-29_jpg_2024-05-14_11-49-29.webp.webp?fit=1200%2C871&ssl=1&resize=700%2C400 2x, https:\/\/i0.wp.com\/ismaelcolosi.com.br\/wp-content\/uploads\/2024\/05\/GCM-1_2024-05-14_11-49-29_jpg_2024-05-14_11-49-29.webp.webp?fit=1200%2C871&ssl=1&resize=1050%2C600 3x"},"classes":[]},{"id":33386,"url":"https:\/\/ismaelcolosi.com.br\/index.php\/2024\/01\/29\/vigia-e-trancado-em-banheiro-durante-assalto-em-ribeirao-preto\/","url_meta":{"origin":68148,"position":3},"title":"Vigia \u00e9 trancado em banheiro durante assalto em Ribeir\u00e3o Preto","author":"ismaelcolosi.com.br","date":"29 de January de 2024","format":false,"excerpt":"Um vigilante de 57 anos foi trancado em um banheiro durante assalto a um posto de combust\u00edveis na madrugada desta segunda-feira (29), na Vila Virg\u00ednia, zona Oeste de Ribeir\u00e3o Preto. Os criminosos levaram um aparelho celular e conseguiram invadir a sala onde fica o cofre da empresa. N\u00e3o foi o\u2026","rel":"","context":"In &quot;Not\u00edcias de Ribeir\u00e3o Preto-SP e Regi\u00e3o&quot;","block_context":{"text":"Not\u00edcias de Ribeir\u00e3o Preto-SP e Regi\u00e3o","link":"https:\/\/ismaelcolosi.com.br\/index.php\/category\/noticias-de-ribeirao-preto-sp-e-regiao-ismael-colosi\/"},"img":{"alt_text":"","src":"https:\/\/i0.wp.com\/ismaelcolosi.com.br\/wp-content\/uploads\/2024\/01\/policia_qru_1024x576_05012021161940.jpg?fit=1024%2C576&ssl=1&resize=350%2C200","width":350,"height":200,"srcset":"https:\/\/i0.wp.com\/ismaelcolosi.com.br\/wp-content\/uploads\/2024\/01\/policia_qru_1024x576_05012021161940.jpg?fit=1024%2C576&ssl=1&resize=350%2C200 1x, https:\/\/i0.wp.com\/ismaelcolosi.com.br\/wp-content\/uploads\/2024\/01\/policia_qru_1024x576_05012021161940.jpg?fit=1024%2C576&ssl=1&resize=525%2C300 1.5x, https:\/\/i0.wp.com\/ismaelcolosi.com.br\/wp-content\/uploads\/2024\/01\/policia_qru_1024x576_05012021161940.jpg?fit=1024%2C576&ssl=1&resize=700%2C400 2x"},"classes":[]},{"id":47643,"url":"https:\/\/ismaelcolosi.com.br\/index.php\/2024\/04\/26\/estado-de-sao-paulo-registra-primeira-morte-por-febre-amarela-de-2024-vitima-era-do-interior\/","url_meta":{"origin":68148,"position":4},"title":"Estado de S\u00e3o Paulo registra primeira morte por febre amarela de 2024; V\u00edtima era do interior","author":"ismaelcolosi.com.br","date":"26 de April de 2024","format":false,"excerpt":"O estado de S\u00e3o Paulo registrou a primeira morte por febre amarela de 2024. De acordo com a Secretaria Estadual de Sa\u00fade (SES), o registro aconteceu no \u00faltimo dia 29 de mar\u00e7o. A v\u00edtima era um homem de 50 anos, morador de \u00c1guas de Lind\u00f3ia, interior de S\u00e3o Paulo, que\u2026","rel":"","context":"In &quot;Not\u00edcias de Ribeir\u00e3o Preto-SP e Regi\u00e3o&quot;","block_context":{"text":"Not\u00edcias de Ribeir\u00e3o Preto-SP e Regi\u00e3o","link":"https:\/\/ismaelcolosi.com.br\/index.php\/category\/noticias-de-ribeirao-preto-sp-e-regiao-ismael-colosi\/"},"img":{"alt_text":"","src":"https:\/\/i0.wp.com\/ismaelcolosi.com.br\/wp-content\/uploads\/2024\/04\/1112114-rj_tmazs_abr_031420188964.webp.webp?fit=1170%2C700&ssl=1&resize=350%2C200","width":350,"height":200,"srcset":"https:\/\/i0.wp.com\/ismaelcolosi.com.br\/wp-content\/uploads\/2024\/04\/1112114-rj_tmazs_abr_031420188964.webp.webp?fit=1170%2C700&ssl=1&resize=350%2C200 1x, https:\/\/i0.wp.com\/ismaelcolosi.com.br\/wp-content\/uploads\/2024\/04\/1112114-rj_tmazs_abr_031420188964.webp.webp?fit=1170%2C700&ssl=1&resize=525%2C300 1.5x, https:\/\/i0.wp.com\/ismaelcolosi.com.br\/wp-content\/uploads\/2024\/04\/1112114-rj_tmazs_abr_031420188964.webp.webp?fit=1170%2C700&ssl=1&resize=700%2C400 2x, https:\/\/i0.wp.com\/ismaelcolosi.com.br\/wp-content\/uploads\/2024\/04\/1112114-rj_tmazs_abr_031420188964.webp.webp?fit=1170%2C700&ssl=1&resize=1050%2C600 3x"},"classes":[]},{"id":71159,"url":"https:\/\/ismaelcolosi.com.br\/index.php\/2024\/10\/15\/idoso-morre-em-ribeirao-preto-apos-se-engasgar-com-comida\/","url_meta":{"origin":68148,"position":5},"title":"Idoso morre em Ribeir\u00e3o Preto ap\u00f3s se engasgar com comida","author":"ismaelcolosi.com.br","date":"15 de October de 2024","format":false,"excerpt":"Um homem de 60 anos morreu na manh\u00e3 desta segunda-feira (14), em Ribeir\u00e3o Preto, depois de se engasgar com alimento. Segundo o boletim de ocorr\u00eancia (BO), a v\u00edtima estava na resid\u00eancia onde morava, quando se engasgou e foi socorrida at\u00e9 a UPA Oeste. A declarante \u00e9 uma cuidadora. N\u00e3o foi\u2026","rel":"","context":"In &quot;Not\u00edcias de Ribeir\u00e3o Preto-SP e Regi\u00e3o&quot;","block_context":{"text":"Not\u00edcias de Ribeir\u00e3o Preto-SP e Regi\u00e3o","link":"https:\/\/ismaelcolosi.com.br\/index.php\/category\/noticias-de-ribeirao-preto-sp-e-regiao-ismael-colosi\/"},"img":{"alt_text":"","src":"https:\/\/i0.wp.com\/ismaelcolosi.com.br\/wp-content\/uploads\/2024\/10\/1728997523_cpj_policia_1200x675_30012022162443.jpg?fit=1200%2C675&ssl=1&resize=350%2C200","width":350,"height":200,"srcset":"https:\/\/i0.wp.com\/ismaelcolosi.com.br\/wp-content\/uploads\/2024\/10\/1728997523_cpj_policia_1200x675_30012022162443.jpg?fit=1200%2C675&ssl=1&resize=350%2C200 1x, https:\/\/i0.wp.com\/ismaelcolosi.com.br\/wp-content\/uploads\/2024\/10\/1728997523_cpj_policia_1200x675_30012022162443.jpg?fit=1200%2C675&ssl=1&resize=525%2C300 1.5x, https:\/\/i0.wp.com\/ismaelcolosi.com.br\/wp-content\/uploads\/2024\/10\/1728997523_cpj_policia_1200x675_30012022162443.jpg?fit=1200%2C675&ssl=1&resize=700%2C400 2x, https:\/\/i0.wp.com\/ismaelcolosi.com.br\/wp-content\/uploads\/2024\/10\/1728997523_cpj_policia_1200x675_30012022162443.jpg?fit=1200%2C675&ssl=1&resize=1050%2C600 3x"},"classes":[]}],"jetpack_sharing_enabled":true,"jetpack_shortlink":"https:\/\/wp.me\/pfMlyK-hJa","_links":{"self":[{"href":"https:\/\/ismaelcolosi.com.br\/index.php\/wp-json\/wp\/v2\/posts\/68148","targetHints":{"allow":["GET"]}}],"collection":[{"href":"https:\/\/ismaelcolosi.com.br\/index.php\/wp-json\/wp\/v2\/posts"}],"about":[{"href":"https:\/\/ismaelcolosi.com.br\/index.php\/wp-json\/wp\/v2\/types\/post"}],"author":[{"embeddable":true,"href":"https:\/\/ismaelcolosi.com.br\/index.php\/wp-json\/wp\/v2\/users\/1"}],"replies":[{"embeddable":true,"href":"https:\/\/ismaelcolosi.com.br\/index.php\/wp-json\/wp\/v2\/comments?post=68148"}],"version-history":[{"count":0,"href":"https:\/\/ismaelcolosi.com.br\/index.php\/wp-json\/wp\/v2\/posts\/68148\/revisions"}],"wp:featuredmedia":[{"embeddable":true,"href":"https:\/\/ismaelcolosi.com.br\/index.php\/wp-json\/wp\/v2\/media\/47493"}],"wp:attachment":[{"href":"https:\/\/ismaelcolosi.com.br\/index.php\/wp-json\/wp\/v2\/media?parent=68148"}],"wp:term":[{"taxonomy":"category","embeddable":true,"href":"https:\/\/ismaelcolosi.com.br\/index.php\/wp-json\/wp\/v2\/categories?post=68148"},{"taxonomy":"post_tag","embeddable":true,"href":"https:\/\/ismaelcolosi.com.br\/index.php\/wp-json\/wp\/v2\/tags?post=68148"}],"curies":[{"name":"wp","href":"https:\/\/api.w.org\/{rel}","templated":true}]}}