{"id":68143,"date":"2024-09-27T12:36:48","date_gmt":"2024-09-27T15:36:48","guid":{"rendered":"https:\/\/ismaelcolosi.com.br\/index.php\/2024\/09\/27\/policial-penal-fica-gravemente-ferido-apos-acidente-no-centro-de-ribeirao\/"},"modified":"2024-09-27T12:36:48","modified_gmt":"2024-09-27T15:36:48","slug":"policial-penal-fica-gravemente-ferido-apos-acidente-no-centro-de-ribeirao","status":"publish","type":"post","link":"https:\/\/ismaelcolosi.com.br\/index.php\/2024\/09\/27\/policial-penal-fica-gravemente-ferido-apos-acidente-no-centro-de-ribeirao\/","title":{"rendered":"Policial penal fica gravemente ferido ap\u00f3s acidente no Centro de Ribeir\u00e3o"},"content":{"rendered":"<p> <br \/>\n<\/p>\n<div data-td-block-uid=\"tdi_106\">\n<div class=\"tdb-block-inner td-fix-index\">\n<p><strong>Um policial penal ficou gravemente ferido<\/strong>, na manh\u00e3 desta sexta-feira (27), <mark style=\"background-color:#fcb900\" class=\"has-inline-color\">ap\u00f3s colidir a moto que pilotava na lateral de um \u00f4nibus<\/mark>, no cruzamento da <strong>rua Flor\u00eancio de Abreu<\/strong> com a <strong>avenida Jer\u00f4nimo Gon\u00e7alves<\/strong>, no <strong>Centro de Ribeir\u00e3o Preto<\/strong>. <\/p>\n<p><strong>No transporte coletivo tinha oito passageiros<\/strong>, <mark style=\"background-color:#fcb900\" class=\"has-inline-color\">mas nenhum ficou ferido.<\/mark> <mark style=\"background-color:#fcb900\" class=\"has-inline-color\">O motociclista, que n\u00e3o teve a identidade divulgada, foi socorrido em estado grave<\/mark> para o <strong>Hospital das Cl\u00ednicas \u2013 Unidade de Emerg\u00eancia (HC-UE).<\/strong><\/p>\n<p><strong>Em nota<\/strong>, <mark style=\"background-color:#fcb900\" class=\"has-inline-color\">a RP Mobi lamenta o ocorrido e aguarda o resultado da per\u00edcia.<\/mark> Informou tamb\u00e9m que populares que presenciaram o acidente afirmam que o motociclista teria avan\u00e7ado o sinal vermelho e colidido na lateral do \u00f4nibus.<\/p>\n<p>SAIBA MAIS<br \/>Vigilante menor de 18 anos recebe indeniza\u00e7\u00e3o de R$ 70 mil em Ribeir\u00e3o<\/p>\n<h4 class=\"wp-block-heading\"><strong>FIQUE ON<\/strong><\/h4>\n<p>Fique ligado em tudo que acontece em Ribeir\u00e3o Preto e regi\u00e3o. Siga os perfis do <strong>acidade on <\/strong>no <a href=\"https:\/\/www.instagram.com\/acidadeonribeirao\" target=\"_blank\" rel=\"noreferrer noopener\">Instagram<\/a> e no <a href=\"https:\/\/www.facebook.com\/acidadeonribeirao\" target=\"_blank\" rel=\"noreferrer noopener\">Facebook<\/a>.<\/p>\n<p>Receba not\u00edcias do acidade on no WhatsApp. Para entrar no grupo, basta <a href=\"https:\/\/chat.whatsapp.com\/Dtv9mxhy6V5BJBotM2OQ5k\" target=\"_blank\" rel=\"noreferrer noopener\">clicar aqui<\/a>.<\/p>\n<p>Fa\u00e7a uma den\u00fancia ou sugira uma reportagem sobre Ribeir\u00e3o Preto e regi\u00e3o pelo WhatsApp: 16 99117 7802.<\/p>\n<p>VEJA TAMB\u00c9M<br \/>O que vai acontecer com a Luma em \u2018Mania de Voc\u00ea\u2019?<\/p>\n<p><!-- CONTENT END 1 -->\n<\/div>\n<\/div>\n<p><script async src=\"\/\/www.instagram.com\/embed.js\"><\/script><br \/>\n<br \/><br \/>\n<br \/><a href=\"https:\/\/www.acidadeon.com\/ribeiraopreto\/cotidiano\/agente-fica-ferido-apos-acidente-no-centro-de-ribeirao\/\">Source link <\/a><\/p>\n","protected":false},"excerpt":{"rendered":"<p>Um policial penal ficou gravemente ferido, na manh\u00e3 desta sexta-feira (27), ap\u00f3s colidir a moto que pilotava na lateral de um \u00f4nibus, no cruzamento da&#8230;<\/p>\n","protected":false},"author":1,"featured_media":68135,"comment_status":"open","ping_status":"open","sticky":false,"template":"","format":"standard","meta":{"_uag_custom_page_level_css":"","advanced_seo_description":"","jetpack_seo_html_title":"","jetpack_seo_noindex":false,"jetpack_post_was_ever_published":false,"_jetpack_newsletter_access":"","_jetpack_dont_email_post_to_subs":false,"_jetpack_newsletter_tier_id":0,"_jetpack_memberships_contains_paywalled_content":false,"_jetpack_memberships_contains_paid_content":false,"footnotes":"","jetpack_publicize_message":"","jetpack_publicize_feature_enabled":true,"jetpack_social_post_already_shared":true,"jetpack_social_options":{"image_generator_settings":{"template":"highway","default_image_id":0,"font":"","enabled":false},"version":2}},"categories":[11],"tags":[],"class_list":["post-68143","post","type-post","status-publish","format-standard","has-post-thumbnail","hentry","category-noticias-de-ribeirao-preto-sp-e-regiao-ismael-colosi"],"jetpack_publicize_connections":[],"jetpack_featured_media_url":"https:\/\/i0.wp.com\/ismaelcolosi.com.br\/wp-content\/uploads\/2024\/09\/Imagem-do-WhatsApp-de-2024-09-27-as-11.46.13_2a6420db_2024-09-27_14-48-39_jpg_2024-09-27_14-48-39.webp.webp?fit=1179%2C664&ssl=1","uagb_featured_image_src":{"full":["https:\/\/i0.wp.com\/ismaelcolosi.com.br\/wp-content\/uploads\/2024\/09\/Imagem-do-WhatsApp-de-2024-09-27-as-11.46.13_2a6420db_2024-09-27_14-48-39_jpg_2024-09-27_14-48-39.webp.webp?fit=1179%2C664&ssl=1",1179,664,false],"thumbnail":["https:\/\/i0.wp.com\/ismaelcolosi.com.br\/wp-content\/uploads\/2024\/09\/Imagem-do-WhatsApp-de-2024-09-27-as-11.46.13_2a6420db_2024-09-27_14-48-39_jpg_2024-09-27_14-48-39.webp.webp?resize=150%2C150&ssl=1",150,150,true],"medium":["https:\/\/i0.wp.com\/ismaelcolosi.com.br\/wp-content\/uploads\/2024\/09\/Imagem-do-WhatsApp-de-2024-09-27-as-11.46.13_2a6420db_2024-09-27_14-48-39_jpg_2024-09-27_14-48-39.webp.webp?fit=300%2C169&ssl=1",300,169,true],"medium_large":["https:\/\/i0.wp.com\/ismaelcolosi.com.br\/wp-content\/uploads\/2024\/09\/Imagem-do-WhatsApp-de-2024-09-27-as-11.46.13_2a6420db_2024-09-27_14-48-39_jpg_2024-09-27_14-48-39.webp.webp?fit=768%2C433&ssl=1",768,433,true],"large":["https:\/\/i0.wp.com\/ismaelcolosi.com.br\/wp-content\/uploads\/2024\/09\/Imagem-do-WhatsApp-de-2024-09-27-as-11.46.13_2a6420db_2024-09-27_14-48-39_jpg_2024-09-27_14-48-39.webp.webp?fit=1024%2C577&ssl=1",1024,577,true],"1536x1536":["https:\/\/i0.wp.com\/ismaelcolosi.com.br\/wp-content\/uploads\/2024\/09\/Imagem-do-WhatsApp-de-2024-09-27-as-11.46.13_2a6420db_2024-09-27_14-48-39_jpg_2024-09-27_14-48-39.webp.webp?fit=1179%2C664&ssl=1",1179,664,true],"2048x2048":["https:\/\/i0.wp.com\/ismaelcolosi.com.br\/wp-content\/uploads\/2024\/09\/Imagem-do-WhatsApp-de-2024-09-27-as-11.46.13_2a6420db_2024-09-27_14-48-39_jpg_2024-09-27_14-48-39.webp.webp?fit=1179%2C664&ssl=1",1179,664,true],"really-simple-thumb":["https:\/\/i0.wp.com\/ismaelcolosi.com.br\/wp-content\/uploads\/2024\/09\/Imagem-do-WhatsApp-de-2024-09-27-as-11.46.13_2a6420db_2024-09-27_14-48-39_jpg_2024-09-27_14-48-39.webp.webp?resize=370%2C247&ssl=1",370,247,true]},"uagb_author_info":{"display_name":"ismaelcolosi.com.br","author_link":"https:\/\/ismaelcolosi.com.br\/index.php\/author\/vidareal-online\/"},"uagb_comment_info":0,"uagb_excerpt":"Um policial penal ficou gravemente ferido, na manh\u00e3 desta sexta-feira (27), ap\u00f3s colidir a moto que pilotava na lateral de um \u00f4nibus, no cruzamento da...","jetpack-related-posts":[{"id":61761,"url":"https:\/\/ismaelcolosi.com.br\/index.php\/2024\/08\/23\/acidente-com-viatura-deixa-policial-do-baep-gravemente-ferido-em-ribeirao\/","url_meta":{"origin":68143,"position":0},"title":"Acidente com viatura deixa policial do Baep gravemente ferido em Ribeir\u00e3o","author":"ismaelcolosi.com.br","date":"23 de August de 2024","format":false,"excerpt":"Um policial militar do Baep ficou gravemente ferido ap\u00f3s acidente, na noite desta quinta-feira (22), no Campos El\u00edseos, zona Norte de Ribeir\u00e3o Preto. De acordo com o boletim de ocorr\u00eancia, a viatura transitava pela avenida Saudade quando colidiu com outro ve\u00edculo que seguia pela rua Fl\u00e1vio Uchoa. No momento do\u2026","rel":"","context":"In &quot;Not\u00edcias de Ribeir\u00e3o Preto-SP e Regi\u00e3o&quot;","block_context":{"text":"Not\u00edcias de Ribeir\u00e3o Preto-SP e Regi\u00e3o","link":"https:\/\/ismaelcolosi.com.br\/index.php\/category\/noticias-de-ribeirao-preto-sp-e-regiao-ismael-colosi\/"},"img":{"alt_text":"","src":"https:\/\/i0.wp.com\/ismaelcolosi.com.br\/wp-content\/uploads\/2024\/08\/viatura-baep1_2024-08-23_12-48-11_jpg_2024-08-23_12-48-11.webp.webp?fit=891%2C561&ssl=1&resize=350%2C200","width":350,"height":200,"srcset":"https:\/\/i0.wp.com\/ismaelcolosi.com.br\/wp-content\/uploads\/2024\/08\/viatura-baep1_2024-08-23_12-48-11_jpg_2024-08-23_12-48-11.webp.webp?fit=891%2C561&ssl=1&resize=350%2C200 1x, https:\/\/i0.wp.com\/ismaelcolosi.com.br\/wp-content\/uploads\/2024\/08\/viatura-baep1_2024-08-23_12-48-11_jpg_2024-08-23_12-48-11.webp.webp?fit=891%2C561&ssl=1&resize=525%2C300 1.5x, https:\/\/i0.wp.com\/ismaelcolosi.com.br\/wp-content\/uploads\/2024\/08\/viatura-baep1_2024-08-23_12-48-11_jpg_2024-08-23_12-48-11.webp.webp?fit=891%2C561&ssl=1&resize=700%2C400 2x"},"classes":[]},{"id":68134,"url":"https:\/\/ismaelcolosi.com.br\/index.php\/2024\/09\/27\/agente-penitenciario-fica-gravemente-ferido-apos-acidente-no-centro-de-ribeirao\/","url_meta":{"origin":68143,"position":1},"title":"Agente penitenci\u00e1rio fica gravemente ferido ap\u00f3s acidente no Centro de Ribeir\u00e3o","author":"ismaelcolosi.com.br","date":"27 de September de 2024","format":false,"excerpt":"Um agente penitenci\u00e1rio ficou gravemente ferido, na manh\u00e3 desta sexta-feira (27), ap\u00f3s colidir a moto que pilotava na lateral de um \u00f4nibus, no cruzamento da rua Flor\u00eancio de Abreu com a avenida Jer\u00f4nimo Gon\u00e7alves, no Centro de Ribeir\u00e3o Preto. No transporte coletivo tinha oito passageiros, mas nenhum ficou ferido. O\u2026","rel":"","context":"In &quot;Not\u00edcias de Ribeir\u00e3o Preto-SP e Regi\u00e3o&quot;","block_context":{"text":"Not\u00edcias de Ribeir\u00e3o Preto-SP e Regi\u00e3o","link":"https:\/\/ismaelcolosi.com.br\/index.php\/category\/noticias-de-ribeirao-preto-sp-e-regiao-ismael-colosi\/"},"img":{"alt_text":"","src":"https:\/\/i0.wp.com\/ismaelcolosi.com.br\/wp-content\/uploads\/2024\/09\/Imagem-do-WhatsApp-de-2024-09-27-as-11.46.13_2a6420db_2024-09-27_14-48-39_jpg_2024-09-27_14-48-39.webp.webp?fit=1179%2C664&ssl=1&resize=350%2C200","width":350,"height":200,"srcset":"https:\/\/i0.wp.com\/ismaelcolosi.com.br\/wp-content\/uploads\/2024\/09\/Imagem-do-WhatsApp-de-2024-09-27-as-11.46.13_2a6420db_2024-09-27_14-48-39_jpg_2024-09-27_14-48-39.webp.webp?fit=1179%2C664&ssl=1&resize=350%2C200 1x, https:\/\/i0.wp.com\/ismaelcolosi.com.br\/wp-content\/uploads\/2024\/09\/Imagem-do-WhatsApp-de-2024-09-27-as-11.46.13_2a6420db_2024-09-27_14-48-39_jpg_2024-09-27_14-48-39.webp.webp?fit=1179%2C664&ssl=1&resize=525%2C300 1.5x, https:\/\/i0.wp.com\/ismaelcolosi.com.br\/wp-content\/uploads\/2024\/09\/Imagem-do-WhatsApp-de-2024-09-27-as-11.46.13_2a6420db_2024-09-27_14-48-39_jpg_2024-09-27_14-48-39.webp.webp?fit=1179%2C664&ssl=1&resize=700%2C400 2x, https:\/\/i0.wp.com\/ismaelcolosi.com.br\/wp-content\/uploads\/2024\/09\/Imagem-do-WhatsApp-de-2024-09-27-as-11.46.13_2a6420db_2024-09-27_14-48-39_jpg_2024-09-27_14-48-39.webp.webp?fit=1179%2C664&ssl=1&resize=1050%2C600 3x"},"classes":[]},{"id":21497,"url":"https:\/\/ismaelcolosi.com.br\/index.php\/2023\/12\/27\/utm_sourcerssutm_mediumrssutm_campaignmotoqueiro-morre-e-menor-fica-ferido-apos-fugir-da-pm-com-ducati-pela-anhaguera-em-rp\/","url_meta":{"origin":68143,"position":2},"title":"Motoqueiro morre e menor fica ferido ap\u00f3s fugir da PM com Ducati pela Anhaguera em RP \u2013 X Tudo Ribeir\u00e3o","author":"ismaelcolosi.com.br","date":"27 de December de 2023","format":false,"excerpt":"Um motoqueiro morreu e um menor de 14 anos ficou gravemente ferido ap\u00f3s fugir de uma abordagem Policial no come\u00e7o da tarde desta quarta-feira (27\/12), na Marginal da Rodovia Anhanguera, na zona Norte de Ribeir\u00e3o Preto.\u00a0 Segundo informa\u00e7\u00f5es da PM, durante o patrulhamento ostensivo pela regi\u00e3o, os Policiais Militares da\u2026","rel":"","context":"In &quot;Not\u00edcias de Ribeir\u00e3o Preto-SP e Regi\u00e3o&quot;","block_context":{"text":"Not\u00edcias de Ribeir\u00e3o Preto-SP e Regi\u00e3o","link":"https:\/\/ismaelcolosi.com.br\/index.php\/category\/noticias-de-ribeirao-preto-sp-e-regiao-ismael-colosi\/"},"img":{"alt_text":"","src":"https:\/\/i0.wp.com\/ismaelcolosi.com.br\/wp-content\/uploads\/2023\/12\/WhatsApp-Image-2023-12-27-at-21.05.56-1.jpeg?fit=1070%2C508&ssl=1&resize=350%2C200","width":350,"height":200,"srcset":"https:\/\/i0.wp.com\/ismaelcolosi.com.br\/wp-content\/uploads\/2023\/12\/WhatsApp-Image-2023-12-27-at-21.05.56-1.jpeg?fit=1070%2C508&ssl=1&resize=350%2C200 1x, https:\/\/i0.wp.com\/ismaelcolosi.com.br\/wp-content\/uploads\/2023\/12\/WhatsApp-Image-2023-12-27-at-21.05.56-1.jpeg?fit=1070%2C508&ssl=1&resize=525%2C300 1.5x, https:\/\/i0.wp.com\/ismaelcolosi.com.br\/wp-content\/uploads\/2023\/12\/WhatsApp-Image-2023-12-27-at-21.05.56-1.jpeg?fit=1070%2C508&ssl=1&resize=700%2C400 2x, https:\/\/i0.wp.com\/ismaelcolosi.com.br\/wp-content\/uploads\/2023\/12\/WhatsApp-Image-2023-12-27-at-21.05.56-1.jpeg?fit=1070%2C508&ssl=1&resize=1050%2C600 3x"},"classes":[]},{"id":56635,"url":"https:\/\/ismaelcolosi.com.br\/index.php\/2024\/07\/13\/motociclista-fica-gravemente-ferido-apos-batida-com-caminhao-guincho-em-ribeirao-preto\/","url_meta":{"origin":68143,"position":3},"title":"Motociclista fica gravemente ferido ap\u00f3s batida com caminh\u00e3o guincho em Ribeir\u00e3o Preto","author":"ismaelcolosi.com.br","date":"13 de July de 2024","format":false,"excerpt":"Um motociclista ficou gravemente ferido na tarde deste s\u00e1bado (13), depois de se envolver em uma batida com um caminh\u00e3o guincho, no Planalto Verde, zona Oeste de Ribeir\u00e3o Preto. A colis\u00e3o ocorreu no cruzamento das ruas Maria Tereza Braga Cerri e Senador Teotonio Vilela. A v\u00edtima foi socorrida pelo Corpo\u2026","rel":"","context":"In &quot;Not\u00edcias de Ribeir\u00e3o Preto-SP e Regi\u00e3o&quot;","block_context":{"text":"Not\u00edcias de Ribeir\u00e3o Preto-SP e Regi\u00e3o","link":"https:\/\/ismaelcolosi.com.br\/index.php\/category\/noticias-de-ribeirao-preto-sp-e-regiao-ismael-colosi\/"},"img":{"alt_text":"","src":"https:\/\/i0.wp.com\/ismaelcolosi.com.br\/wp-content\/uploads\/2024\/05\/BOMBEIROS-1024x575-1_2024-05-31_13-44-44_jpg_2024-05-31_13-44-44.webp.webp?fit=1024%2C575&ssl=1&resize=350%2C200","width":350,"height":200,"srcset":"https:\/\/i0.wp.com\/ismaelcolosi.com.br\/wp-content\/uploads\/2024\/05\/BOMBEIROS-1024x575-1_2024-05-31_13-44-44_jpg_2024-05-31_13-44-44.webp.webp?fit=1024%2C575&ssl=1&resize=350%2C200 1x, https:\/\/i0.wp.com\/ismaelcolosi.com.br\/wp-content\/uploads\/2024\/05\/BOMBEIROS-1024x575-1_2024-05-31_13-44-44_jpg_2024-05-31_13-44-44.webp.webp?fit=1024%2C575&ssl=1&resize=525%2C300 1.5x, https:\/\/i0.wp.com\/ismaelcolosi.com.br\/wp-content\/uploads\/2024\/05\/BOMBEIROS-1024x575-1_2024-05-31_13-44-44_jpg_2024-05-31_13-44-44.webp.webp?fit=1024%2C575&ssl=1&resize=700%2C400 2x"},"classes":[]},{"id":68661,"url":"https:\/\/ismaelcolosi.com.br\/index.php\/2024\/10\/01\/policial-penal-vitima-de-acidente-precisa-de-doacao-de-sangue-em-ribeirao\/","url_meta":{"origin":68143,"position":4},"title":"Policial penal v\u00edtima de acidente precisa de doa\u00e7\u00e3o de sangue em Ribeir\u00e3o","author":"ismaelcolosi.com.br","date":"1 de October de 2024","format":false,"excerpt":"O policial penal Adaias Emanoel Flausino, de 43 anos, precisa de doa\u00e7\u00e3o de sangue, em Ribeir\u00e3o Preto. Ele sofreu um acidente de moto na \u00faltima sexta-feira (27) e segue internado no Hospital das Cl\u00ednicas \u2013 Unidade de Emerg\u00eancia (HC-UE). Segundo a fam\u00edlia, o sangue \u00e9 O positivo, mas pode ser\u2026","rel":"","context":"In &quot;Not\u00edcias de Ribeir\u00e3o Preto-SP e Regi\u00e3o&quot;","block_context":{"text":"Not\u00edcias de Ribeir\u00e3o Preto-SP e Regi\u00e3o","link":"https:\/\/ismaelcolosi.com.br\/index.php\/category\/noticias-de-ribeirao-preto-sp-e-regiao-ismael-colosi\/"},"img":{"alt_text":"","src":"https:\/\/i0.wp.com\/ismaelcolosi.com.br\/wp-content\/uploads\/2024\/10\/WhatsApp-Image-2024-10-01-at-12.08.58_2024-10-01_15-10-15_jpeg_2024-10-01_15-10-15.webp.webp?fit=1200%2C675&ssl=1&resize=350%2C200","width":350,"height":200,"srcset":"https:\/\/i0.wp.com\/ismaelcolosi.com.br\/wp-content\/uploads\/2024\/10\/WhatsApp-Image-2024-10-01-at-12.08.58_2024-10-01_15-10-15_jpeg_2024-10-01_15-10-15.webp.webp?fit=1200%2C675&ssl=1&resize=350%2C200 1x, https:\/\/i0.wp.com\/ismaelcolosi.com.br\/wp-content\/uploads\/2024\/10\/WhatsApp-Image-2024-10-01-at-12.08.58_2024-10-01_15-10-15_jpeg_2024-10-01_15-10-15.webp.webp?fit=1200%2C675&ssl=1&resize=525%2C300 1.5x, https:\/\/i0.wp.com\/ismaelcolosi.com.br\/wp-content\/uploads\/2024\/10\/WhatsApp-Image-2024-10-01-at-12.08.58_2024-10-01_15-10-15_jpeg_2024-10-01_15-10-15.webp.webp?fit=1200%2C675&ssl=1&resize=700%2C400 2x, https:\/\/i0.wp.com\/ismaelcolosi.com.br\/wp-content\/uploads\/2024\/10\/WhatsApp-Image-2024-10-01-at-12.08.58_2024-10-01_15-10-15_jpeg_2024-10-01_15-10-15.webp.webp?fit=1200%2C675&ssl=1&resize=1050%2C600 3x"},"classes":[]},{"id":58721,"url":"https:\/\/ismaelcolosi.com.br\/index.php\/2024\/08\/02\/ciclista-fica-gravemente-ferido-apos-ser-atropelado-por-carro-em-ribeirao-preto\/","url_meta":{"origin":68143,"position":5},"title":"Ciclista fica gravemente ferido ap\u00f3s ser atropelado por carro em Ribeir\u00e3o Preto","author":"ismaelcolosi.com.br","date":"2 de August de 2024","format":false,"excerpt":"Um ciclista ficou gravemente ferido na manh\u00e3 desta sexta-feira (2), ap\u00f3s ser atropelado por um carro na rotat\u00f3ria da avenida Castelo Branco, na zona Leste de Ribeir\u00e3o Preto. Segundo as primeiras informa\u00e7\u00f5es, a bicicleta foi atingida na traseira, no acesso para a avenida Treze de Maio, e acabou arremessada no\u2026","rel":"","context":"In &quot;Not\u00edcias de Ribeir\u00e3o Preto-SP e Regi\u00e3o&quot;","block_context":{"text":"Not\u00edcias de Ribeir\u00e3o Preto-SP e Regi\u00e3o","link":"https:\/\/ismaelcolosi.com.br\/index.php\/category\/noticias-de-ribeirao-preto-sp-e-regiao-ismael-colosi\/"},"img":{"alt_text":"","src":"https:\/\/i0.wp.com\/ismaelcolosi.com.br\/wp-content\/uploads\/2024\/08\/ATROPELAMENTO_2024-08-02_11-17-23_jpg_2024-08-02_11-17-24.webp.webp?fit=1200%2C710&ssl=1&resize=350%2C200","width":350,"height":200,"srcset":"https:\/\/i0.wp.com\/ismaelcolosi.com.br\/wp-content\/uploads\/2024\/08\/ATROPELAMENTO_2024-08-02_11-17-23_jpg_2024-08-02_11-17-24.webp.webp?fit=1200%2C710&ssl=1&resize=350%2C200 1x, https:\/\/i0.wp.com\/ismaelcolosi.com.br\/wp-content\/uploads\/2024\/08\/ATROPELAMENTO_2024-08-02_11-17-23_jpg_2024-08-02_11-17-24.webp.webp?fit=1200%2C710&ssl=1&resize=525%2C300 1.5x, https:\/\/i0.wp.com\/ismaelcolosi.com.br\/wp-content\/uploads\/2024\/08\/ATROPELAMENTO_2024-08-02_11-17-23_jpg_2024-08-02_11-17-24.webp.webp?fit=1200%2C710&ssl=1&resize=700%2C400 2x, https:\/\/i0.wp.com\/ismaelcolosi.com.br\/wp-content\/uploads\/2024\/08\/ATROPELAMENTO_2024-08-02_11-17-23_jpg_2024-08-02_11-17-24.webp.webp?fit=1200%2C710&ssl=1&resize=1050%2C600 3x"},"classes":[]}],"jetpack_sharing_enabled":true,"jetpack_shortlink":"https:\/\/wp.me\/pfMlyK-hJ5","_links":{"self":[{"href":"https:\/\/ismaelcolosi.com.br\/index.php\/wp-json\/wp\/v2\/posts\/68143","targetHints":{"allow":["GET"]}}],"collection":[{"href":"https:\/\/ismaelcolosi.com.br\/index.php\/wp-json\/wp\/v2\/posts"}],"about":[{"href":"https:\/\/ismaelcolosi.com.br\/index.php\/wp-json\/wp\/v2\/types\/post"}],"author":[{"embeddable":true,"href":"https:\/\/ismaelcolosi.com.br\/index.php\/wp-json\/wp\/v2\/users\/1"}],"replies":[{"embeddable":true,"href":"https:\/\/ismaelcolosi.com.br\/index.php\/wp-json\/wp\/v2\/comments?post=68143"}],"version-history":[{"count":0,"href":"https:\/\/ismaelcolosi.com.br\/index.php\/wp-json\/wp\/v2\/posts\/68143\/revisions"}],"wp:featuredmedia":[{"embeddable":true,"href":"https:\/\/ismaelcolosi.com.br\/index.php\/wp-json\/wp\/v2\/media\/68135"}],"wp:attachment":[{"href":"https:\/\/ismaelcolosi.com.br\/index.php\/wp-json\/wp\/v2\/media?parent=68143"}],"wp:term":[{"taxonomy":"category","embeddable":true,"href":"https:\/\/ismaelcolosi.com.br\/index.php\/wp-json\/wp\/v2\/categories?post=68143"},{"taxonomy":"post_tag","embeddable":true,"href":"https:\/\/ismaelcolosi.com.br\/index.php\/wp-json\/wp\/v2\/tags?post=68143"}],"curies":[{"name":"wp","href":"https:\/\/api.w.org\/{rel}","templated":true}]}}