{"id":68130,"date":"2024-09-27T11:54:08","date_gmt":"2024-09-27T14:54:08","guid":{"rendered":"https:\/\/ismaelcolosi.com.br\/index.php\/2024\/09\/27\/taxa-de-desemprego-no-brasil-cai-a-66-patamar-mais-baixo-desde-2014\/"},"modified":"2024-09-27T11:54:08","modified_gmt":"2024-09-27T14:54:08","slug":"taxa-de-desemprego-no-brasil-cai-a-66-patamar-mais-baixo-desde-2014","status":"publish","type":"post","link":"https:\/\/ismaelcolosi.com.br\/index.php\/2024\/09\/27\/taxa-de-desemprego-no-brasil-cai-a-66-patamar-mais-baixo-desde-2014\/","title":{"rendered":"Taxa de Desemprego no Brasil Cai a 6,6%, Patamar Mais Baixo desde 2014"},"content":{"rendered":"<p> <br \/>\n<\/p>\n<div>\n<p><span style=\"font-weight: 400;\">A taxa de desemprego no Brasil atingiu 6,6% nos tr\u00eas meses at\u00e9 agosto, o menor n\u00edvel desde o final de 2014, informou o Instituto Brasileiro de Geografia e Estat\u00edstica (IBGE) nesta sexta-feira (27). Al\u00e9m disso, o indicador aponta que o pa\u00eds alcan\u00e7ou um novo recorde no n\u00famero de pessoas ocupadas.\u00a0<\/span><\/p>\n<div class=\"accessibility\">\n<p>Acessibilidade<\/p>\n<p>\n<button onclick=\"alterFont1()\" id=\"btn1\" class=\"btn\">L<\/button><br \/>\n<button onclick=\"alterFont2()\" id=\"btn2\" class=\"btn\" style=\"font-family: Merriweather\">L<\/button><br \/>\n<button onclick=\"alterFontSmallerSize()\" id=\"btn3\" class=\"btn\">A-<\/button><br \/>\n<button onclick=\"alterFontBiggerSize()\" id=\"btn4\" class=\"btn\">A+<\/button><\/p>\n<p><button onclick=\"alterBackground()\" id=\"btn6\" class=\"btn\">\u25d0<\/button><\/p>\n<\/div>\n<h2>Leia tamb\u00e9m<\/h2>\n<p><span style=\"font-weight: 400;\">Esse resultado \u00e9 o mais baixo registrado para trimestres encerrados em agosto na s\u00e9rie hist\u00f3rica da Pesquisa Nacional por Amostra de Domic\u00edlios (Pnad) Cont\u00ednua, iniciada em 2012. Ele tamb\u00e9m igualou a taxa observada no trimestre encerrado em dezembro de 2014. Al\u00e9m disso, o n\u00famero ficou ligeiramente abaixo da expectativa de 6,7%, conforme pesquisa da Reuters.<\/span><\/p>\n<p><span style=\"font-weight: 400;\">Comparando com o trimestre anterior, encerrado em maio, a taxa de desemprego recuou de 7,1% para 6,6%. Em rela\u00e7\u00e3o ao mesmo per\u00edodo do ano passado, quando a taxa era de 7,8%, o desemprego tamb\u00e9m caiu, atingindo o menor patamar.<\/span><\/p>\n<div id=\"attachment_471483\" class=\"wp-caption alignnone style=\" max-width:=\"\"><img data-recalc-dims=\"1\" fetchpriority=\"high\" decoding=\"async\" class=\"alignnone alignnone size-medium wp-image-471483\" src=\"https:\/\/i0.wp.com\/forbes.com.br\/wp-content\/uploads\/2022\/05\/desemprego-brasil-carteira-de-trabalho-768x512.jpg?resize=678%2C452&#038;ssl=1\" alt=\"Amanda Perobelli\/Reuters\" width=\"678\" height=\"452\"\/><\/p>\n<p>Amanda Perobelli\/Reuters<\/p>\n<p class=\"wp-caption-text\">Leitura do desemprego no Brasil \u00e9 a mais baixa desde 2014<\/p>\n<\/div>\n<p><span style=\"font-weight: 400;\">O mercado de trabalho brasileiro tem se mantido aquecido ao longo deste ano, mantendo a taxa de desemprego em n\u00edveis historicamente baixos, e essa tend\u00eancia deve continuar nos pr\u00f3ximos meses.<\/span><\/p>\n<p><span style=\"font-weight: 400;\">\u201cA baixa desocupa\u00e7\u00e3o reflete a crescente demanda por trabalhadores em diversas atividades econ\u00f4micas, levando a taxa de desocupa\u00e7\u00e3o a valores pr\u00f3ximos aos de 2013, quando o indicador estava em seu n\u00edvel mais baixo\u201d, afirmou Adriana Beringuy, coordenadora de pesquisas domiciliares do IBGE.<\/span><\/p>\n<h2><span style=\"font-weight: 400;\">Desemprego e infla\u00e7\u00e3o<\/span><\/h2>\n<p><span style=\"font-weight: 400;\">No entanto, esse cen\u00e1rio, aliado ao aumento cont\u00ednuo da renda, gera preocupa\u00e7\u00f5es com a infla\u00e7\u00e3o, especialmente nos pre\u00e7os de servi\u00e7os. O Banco Central j\u00e1 emitiu um alerta inflacion\u00e1rio, elevando a taxa b\u00e1sica de juros, a Selic, em 0,25 ponto percentual na semana passada, agora em 10,75% ao ano.<\/span><\/p>\n<p><span style=\"font-weight: 400;\">Nos tr\u00eas meses at\u00e9 agosto, o n\u00famero de desempregados caiu 6,5% em rela\u00e7\u00e3o ao trimestre at\u00e9 maio e recuou 13,4% em compara\u00e7\u00e3o ao mesmo per\u00edodo de 2023, chegando a 7,281 milh\u00f5es de pessoas, o menor n\u00famero de desempregados desde o trimestre encerrado em janeiro de 2015.<\/span><\/p>\n<p><span style=\"font-weight: 400;\">Por outro lado, o n\u00famero total de pessoas ocupadas cresceu 1,2% em compara\u00e7\u00e3o ao trimestre anterior e 2,9% em rela\u00e7\u00e3o ao mesmo per\u00edodo do ano passado, alcan\u00e7ando 102,517 milh\u00f5es de trabalhadores, um recorde na s\u00e9rie hist\u00f3rica do IBGE.<\/span><\/p>\n<p><span style=\"font-weight: 400;\">Os trabalhadores com carteira assinada no setor privado aumentaram 0,8% em rela\u00e7\u00e3o ao trimestre at\u00e9 maio, somando 38,642 milh\u00f5es. J\u00e1 o n\u00famero de trabalhadores sem carteira assinada cresceu 4,1%, atingindo 14,239 milh\u00f5es, ambos recordes.<\/span><\/p>\n<ul>\n<li><strong>Siga o canal da <a href=\"https:\/\/whatsapp.com\/channel\/0029Va9gQKwBFLgM96cJnu0u\" target=\"_blank\" rel=\"noopener\">Forbes<\/a> e de <a href=\"https:\/\/whatsapp.com\/channel\/0029VaAZk57JuyA9F4UwQc2I\" target=\"_blank\" rel=\"noopener\">Forbes Money<\/a> no WhatsApp e receba as principais not\u00edcias sobre neg\u00f3cios, carreira, tecnologia e estilo de vida<\/strong><\/li>\n<\/ul>\n<p><span style=\"font-weight: 400;\">Nos tr\u00eas meses at\u00e9 agosto, o rendimento m\u00e9dio real dos trabalhadores ocupados foi de R$ 3.228, acima dos R$ 3.209 registrados no trimestre at\u00e9 maio e dos R$ 3.073 no mesmo per\u00edodo do ano anterior.<\/span><\/p>\n<h2>Escolhas do editor<\/h2>\n<\/div>\n<p><script type=\"rocketlazyloadscript\">\n\t\t\t\t(function(d, s, id){\n\t\t\t\t\tvar js, fjs = d.getElementsByTagName(s)[0];\n\t\t\t\t\tif (d.getElementById(id)) return;\n\t\t\t\t\tjs = d.createElement(s); js.id = id;\n\t\t\t\t\tjs.src = \"\/\/connect.facebook.net\/pt_BR\/sdk.js#xfbml=1&version=v2.9\";\n\t\t\t\t\tfjs.parentNode.insertBefore(js, fjs);\n\t\t\t\t}(document, 'script', 'facebook-jssdk'));\n\t\t\t<\/script><br \/>\n<br \/><br \/>\n<br \/><a href=\"https:\/\/forbes.com.br\/forbes-money\/2024\/09\/taxa-de-desemprego-no-brasil-cai-a-66-patamar-mais-baixo-desde-2014\/\">Source link <\/a><\/p>\n<div class='code-block code-block-4' style='margin: 8px auto 8px 0; text-align: left; display: block; clear: both;'>\n\ud83d\udce2 Aviso Legal\n\nO site ismaelcolosi.com.br atua apenas como um canal de divulga\u00e7\u00e3o de oportunidades de emprego e n\u00e3o se responsabiliza pelo processo seletivo, contrata\u00e7\u00e3o ou qualquer outra etapa relacionada \u00e0s vagas publicadas. Todas as informa\u00e7\u00f5es s\u00e3o de responsabilidade dos anunciantes.\n\n\u26a0\ufe0f Aten\u00e7\u00e3o! Nunca pague por promessas de emprego nem compre cursos que garantam contrata\u00e7\u00e3o. Desconfie de qualquer cobran\u00e7a para participar de sele\u00e7\u00f5es.\n\n\n\n<\/div>\n<!-- CONTENT END 1 -->\n","protected":false},"excerpt":{"rendered":"<p>A taxa de desemprego no Brasil atingiu 6,6% nos tr\u00eas meses at\u00e9 agosto, o menor n\u00edvel desde o final de 2014, informou o Instituto Brasileiro&#8230;<\/p>\n","protected":false},"author":1,"featured_media":68131,"comment_status":"open","ping_status":"open","sticky":false,"template":"","format":"standard","meta":{"_uag_custom_page_level_css":"","advanced_seo_description":"","jetpack_seo_html_title":"","jetpack_seo_noindex":false,"jetpack_post_was_ever_published":false,"_jetpack_newsletter_access":"","_jetpack_dont_email_post_to_subs":false,"_jetpack_newsletter_tier_id":0,"_jetpack_memberships_contains_paywalled_content":false,"_jetpack_memberships_contains_paid_content":false,"footnotes":"","jetpack_publicize_message":"","jetpack_publicize_feature_enabled":true,"jetpack_social_post_already_shared":true,"jetpack_social_options":{"image_generator_settings":{"template":"highway","default_image_id":0,"font":"","enabled":false},"version":2}},"categories":[1964],"tags":[],"class_list":["post-68130","post","type-post","status-publish","format-standard","has-post-thumbnail","hentry","category-carreira-e-sucesso-dicas-para-carreira"],"jetpack_publicize_connections":[],"jetpack_featured_media_url":"https:\/\/i0.wp.com\/ismaelcolosi.com.br\/wp-content\/uploads\/2024\/09\/desemprego-brasil-carteira-de-trabalho-1024x683.jpg?fit=1024%2C683&ssl=1","uagb_featured_image_src":{"full":["https:\/\/i0.wp.com\/ismaelcolosi.com.br\/wp-content\/uploads\/2024\/09\/desemprego-brasil-carteira-de-trabalho-1024x683.jpg?fit=1024%2C683&ssl=1",1024,683,false],"thumbnail":["https:\/\/i0.wp.com\/ismaelcolosi.com.br\/wp-content\/uploads\/2024\/09\/desemprego-brasil-carteira-de-trabalho-1024x683.jpg?resize=150%2C150&ssl=1",150,150,true],"medium":["https:\/\/i0.wp.com\/ismaelcolosi.com.br\/wp-content\/uploads\/2024\/09\/desemprego-brasil-carteira-de-trabalho-1024x683.jpg?fit=300%2C200&ssl=1",300,200,true],"medium_large":["https:\/\/i0.wp.com\/ismaelcolosi.com.br\/wp-content\/uploads\/2024\/09\/desemprego-brasil-carteira-de-trabalho-1024x683.jpg?fit=768%2C512&ssl=1",768,512,true],"large":["https:\/\/i0.wp.com\/ismaelcolosi.com.br\/wp-content\/uploads\/2024\/09\/desemprego-brasil-carteira-de-trabalho-1024x683.jpg?fit=1024%2C683&ssl=1",1024,683,true],"1536x1536":["https:\/\/i0.wp.com\/ismaelcolosi.com.br\/wp-content\/uploads\/2024\/09\/desemprego-brasil-carteira-de-trabalho-1024x683.jpg?fit=1024%2C683&ssl=1",1024,683,true],"2048x2048":["https:\/\/i0.wp.com\/ismaelcolosi.com.br\/wp-content\/uploads\/2024\/09\/desemprego-brasil-carteira-de-trabalho-1024x683.jpg?fit=1024%2C683&ssl=1",1024,683,true],"really-simple-thumb":["https:\/\/i0.wp.com\/ismaelcolosi.com.br\/wp-content\/uploads\/2024\/09\/desemprego-brasil-carteira-de-trabalho-1024x683.jpg?resize=370%2C247&ssl=1",370,247,true]},"uagb_author_info":{"display_name":"ismaelcolosi.com.br","author_link":"https:\/\/ismaelcolosi.com.br\/index.php\/author\/vidareal-online\/"},"uagb_comment_info":0,"uagb_excerpt":"A taxa de desemprego no Brasil atingiu 6,6% nos tr\u00eas meses at\u00e9 agosto, o menor n\u00edvel desde o final de 2014, informou o Instituto Brasileiro...","jetpack-related-posts":[{"id":87749,"url":"https:\/\/ismaelcolosi.com.br\/index.php\/2025\/09\/30\/desemprego-no-brasil-fica-estavel-no-trimestre-ate-agosto\/","url_meta":{"origin":68130,"position":0},"title":"Desemprego no Brasil Fica Est\u00e1vel no Trimestre at\u00e9 Agosto","author":"ismaelcolosi.com.br","date":"30 de September de 2025","format":false,"excerpt":"\r Paulo Whitaker\/Reuters\r Comparado ao trimestre anterior (at\u00e9 maio), o n\u00famero teve uma redu\u00e7\u00e3o de 0,6 ponto percentual.\r Acessibilidade \r L\r L\r A-\r A+\r \r \u25d0\r \r No \u00faltimo trimestre at\u00e9 agosto, a taxa de desemprego permaneceu em 5,6%, a mesma dos tr\u00eas meses at\u00e9 julho. O resultado interrompe a\u2026","rel":"","context":"In &quot;Carreira e Sucesso&quot;","block_context":{"text":"Carreira e Sucesso","link":"https:\/\/ismaelcolosi.com.br\/index.php\/category\/carreira-e-sucesso-dicas-para-carreira\/"},"img":{"alt_text":"","src":"https:\/\/i0.wp.com\/ismaelcolosi.com.br\/wp-content\/uploads\/2025\/09\/servicos-ibge-transportes-economia-Money-1200x675.png?fit=1200%2C675&ssl=1&resize=350%2C200","width":350,"height":200,"srcset":"https:\/\/i0.wp.com\/ismaelcolosi.com.br\/wp-content\/uploads\/2025\/09\/servicos-ibge-transportes-economia-Money-1200x675.png?fit=1200%2C675&ssl=1&resize=350%2C200 1x, https:\/\/i0.wp.com\/ismaelcolosi.com.br\/wp-content\/uploads\/2025\/09\/servicos-ibge-transportes-economia-Money-1200x675.png?fit=1200%2C675&ssl=1&resize=525%2C300 1.5x, https:\/\/i0.wp.com\/ismaelcolosi.com.br\/wp-content\/uploads\/2025\/09\/servicos-ibge-transportes-economia-Money-1200x675.png?fit=1200%2C675&ssl=1&resize=700%2C400 2x, https:\/\/i0.wp.com\/ismaelcolosi.com.br\/wp-content\/uploads\/2025\/09\/servicos-ibge-transportes-economia-Money-1200x675.png?fit=1200%2C675&ssl=1&resize=1050%2C600 3x"},"classes":[]},{"id":22399,"url":"https:\/\/ismaelcolosi.com.br\/index.php\/2023\/12\/29\/taxa-de-desocupacao-no-trimestre-ate-novembro-e-a-menor-desde-fevereiro-de-2015\/","url_meta":{"origin":68130,"position":1},"title":"Taxa de desocupa\u00e7\u00e3o no trimestre at\u00e9 novembro \u00e9 a menor desde fevereiro de 2015","author":"ismaelcolosi.com.br","date":"29 de December de 2023","format":false,"excerpt":"29 de dezembro de 2023 | 17:0029 de dezembro de 2023 | 11:41 0A taxa de desocupa\u00e7\u00e3o caiu de 7,8% no trimestre terminado em agosto para 7,5% no trimestre encerrado em novembro, menor resultado desde fevereiro de 2015, quando tamb\u00e9m foi de 7,5%. Os dados s\u00e3o da Pesquisa Nacional por\u2026","rel":"","context":"In &quot;Not\u00edcias de Ribeir\u00e3o Preto-SP e Regi\u00e3o&quot;","block_context":{"text":"Not\u00edcias de Ribeir\u00e3o Preto-SP e Regi\u00e3o","link":"https:\/\/ismaelcolosi.com.br\/index.php\/category\/noticias-de-ribeirao-preto-sp-e-regiao-ismael-colosi\/"},"img":{"alt_text":"","src":"https:\/\/i0.wp.com\/ismaelcolosi.com.br\/wp-content\/uploads\/2023\/12\/CagedRP-Marcelo-Camargo-Ag.Br_-scaled.jpg?fit=1000%2C598&ssl=1&resize=350%2C200","width":350,"height":200,"srcset":"https:\/\/i0.wp.com\/ismaelcolosi.com.br\/wp-content\/uploads\/2023\/12\/CagedRP-Marcelo-Camargo-Ag.Br_-scaled.jpg?fit=1000%2C598&ssl=1&resize=350%2C200 1x, https:\/\/i0.wp.com\/ismaelcolosi.com.br\/wp-content\/uploads\/2023\/12\/CagedRP-Marcelo-Camargo-Ag.Br_-scaled.jpg?fit=1000%2C598&ssl=1&resize=525%2C300 1.5x, https:\/\/i0.wp.com\/ismaelcolosi.com.br\/wp-content\/uploads\/2023\/12\/CagedRP-Marcelo-Camargo-Ag.Br_-scaled.jpg?fit=1000%2C598&ssl=1&resize=700%2C400 2x"},"classes":[]},{"id":89016,"url":"https:\/\/ismaelcolosi.com.br\/index.php\/2026\/01\/30\/desemprego-no-brasil-atinge-minima-da-serie-no-4o-tri-e-bate-recorde-de-baixa-na-media-anual\/","url_meta":{"origin":68130,"position":2},"title":"Desemprego no Brasil atinge m\u00ednima da s\u00e9rie no 4\u00ba tri e bate recorde de baixa na m\u00e9dia anual","author":"ismaelcolosi.com.br","date":"30 de January de 2026","format":false,"excerpt":"A taxa de desemprego no Brasil renovou o n\u00edvel mais baixo da s\u00e9rie hist\u00f3rica do IBGE ao atingir 5,1% no quarto trimestre, batendo ainda o recorde de baixa na m\u00e9dia anual e mostrando que o mercado de trabalho seguiu aquecido no fim de 2025. O resultado dos tr\u00eas meses at\u00e9\u2026","rel":"","context":"In &quot;Carreira e Sucesso&quot;","block_context":{"text":"Carreira e Sucesso","link":"https:\/\/ismaelcolosi.com.br\/index.php\/category\/carreira-e-sucesso-dicas-para-carreira\/"},"img":{"alt_text":"","src":"https:\/\/i0.wp.com\/ismaelcolosi.com.br\/wp-content\/uploads\/2026\/01\/desemprego-1200x675.jpg?fit=1200%2C675&ssl=1&resize=350%2C200","width":350,"height":200,"srcset":"https:\/\/i0.wp.com\/ismaelcolosi.com.br\/wp-content\/uploads\/2026\/01\/desemprego-1200x675.jpg?fit=1200%2C675&ssl=1&resize=350%2C200 1x, https:\/\/i0.wp.com\/ismaelcolosi.com.br\/wp-content\/uploads\/2026\/01\/desemprego-1200x675.jpg?fit=1200%2C675&ssl=1&resize=525%2C300 1.5x, https:\/\/i0.wp.com\/ismaelcolosi.com.br\/wp-content\/uploads\/2026\/01\/desemprego-1200x675.jpg?fit=1200%2C675&ssl=1&resize=700%2C400 2x, https:\/\/i0.wp.com\/ismaelcolosi.com.br\/wp-content\/uploads\/2026\/01\/desemprego-1200x675.jpg?fit=1200%2C675&ssl=1&resize=1050%2C600 3x"},"classes":[]},{"id":85801,"url":"https:\/\/ismaelcolosi.com.br\/index.php\/2025\/05\/29\/taxa-de-desemprego-de-66-fica-abaixo-do-esperado-pelo-mercado-e-pais-tem-recorde-de-carteira-assinada\/","url_meta":{"origin":68130,"position":3},"title":"Taxa de Desemprego de 6,6% Fica Abaixo do Esperado Pelo Mercado e Pa\u00eds Tem Recorde de Carteira Assinada","author":"ismaelcolosi.com.br","date":"29 de May de 2025","format":false,"excerpt":"\r Amanda Perobelli\/Reuters\r Para analistas, o setor possivelmente seguir\u00e1 bem, mas tendendo a enfraquecer, diante do arrefecimento da economia.\r Acessibilidade \r L\r L\r A-\r A+\r \r \u25d0\r \r \u00a0 \u00a0 Nesta quinta-feira (29), o Instituto Brasileiro de Geografia e Estat\u00edstica (IBGE) publicou dados referentes ao mercado de trabalho no Brasil\u2026","rel":"","context":"In &quot;Carreira e Sucesso&quot;","block_context":{"text":"Carreira e Sucesso","link":"https:\/\/ismaelcolosi.com.br\/index.php\/category\/carreira-e-sucesso-dicas-para-carreira\/"},"img":{"alt_text":"","src":"https:\/\/i0.wp.com\/ismaelcolosi.com.br\/wp-content\/uploads\/2025\/05\/desemprego-brasil-carteira-de-trabalho-1030x438.jpg?fit=1030%2C438&ssl=1&resize=350%2C200","width":350,"height":200,"srcset":"https:\/\/i0.wp.com\/ismaelcolosi.com.br\/wp-content\/uploads\/2025\/05\/desemprego-brasil-carteira-de-trabalho-1030x438.jpg?fit=1030%2C438&ssl=1&resize=350%2C200 1x, https:\/\/i0.wp.com\/ismaelcolosi.com.br\/wp-content\/uploads\/2025\/05\/desemprego-brasil-carteira-de-trabalho-1030x438.jpg?fit=1030%2C438&ssl=1&resize=525%2C300 1.5x, https:\/\/i0.wp.com\/ismaelcolosi.com.br\/wp-content\/uploads\/2025\/05\/desemprego-brasil-carteira-de-trabalho-1030x438.jpg?fit=1030%2C438&ssl=1&resize=700%2C400 2x"},"classes":[]},{"id":33940,"url":"https:\/\/ismaelcolosi.com.br\/index.php\/2024\/01\/31\/desemprego-brasil-tem-menor-taxa-media-desde-2014\/","url_meta":{"origin":68130,"position":4},"title":"Desemprego: Brasil tem menor taxa m\u00e9dia desde 2014","author":"ismaelcolosi.com.br","date":"31 de January de 2024","format":false,"excerpt":"Getty ImagesSomente no 4\u00ba trimestre, o n\u00famero de desempregados recuou 2,8% em rela\u00e7\u00e3o ao 3\u00ba trimestre, chegando a 8,082 milh\u00f5es de pessoas O Brasil encerrou 2023 com uma taxa m\u00e9dia de desemprego de 7,8%, a menor em quase 10 anos, depois de um resultado melhor que o esperado no quarto\u2026","rel":"","context":"In &quot;Carreira e Sucesso&quot;","block_context":{"text":"Carreira e Sucesso","link":"https:\/\/ismaelcolosi.com.br\/index.php\/category\/carreira-e-sucesso-dicas-para-carreira\/"},"img":{"alt_text":"","src":"https:\/\/i0.wp.com\/ismaelcolosi.com.br\/wp-content\/uploads\/2024\/01\/carreira-contratar-brasil-1024x683.jpg?fit=1024%2C683&ssl=1&resize=350%2C200","width":350,"height":200,"srcset":"https:\/\/i0.wp.com\/ismaelcolosi.com.br\/wp-content\/uploads\/2024\/01\/carreira-contratar-brasil-1024x683.jpg?fit=1024%2C683&ssl=1&resize=350%2C200 1x, https:\/\/i0.wp.com\/ismaelcolosi.com.br\/wp-content\/uploads\/2024\/01\/carreira-contratar-brasil-1024x683.jpg?fit=1024%2C683&ssl=1&resize=525%2C300 1.5x, https:\/\/i0.wp.com\/ismaelcolosi.com.br\/wp-content\/uploads\/2024\/01\/carreira-contratar-brasil-1024x683.jpg?fit=1024%2C683&ssl=1&resize=700%2C400 2x"},"classes":[]},{"id":87529,"url":"https:\/\/ismaelcolosi.com.br\/index.php\/2025\/09\/16\/desemprego-fica-abaixo-do-esperado-com-queda-de-56-entre-maio-e-julho\/","url_meta":{"origin":68130,"position":5},"title":"Desemprego Fica Abaixo do Esperado, com Queda de 5,6% entre Maio e Julho","author":"ismaelcolosi.com.br","date":"16 de September de 2025","format":false,"excerpt":"\r \r \r \r N\u00famero \u00e9 o menor da s\u00e9rie hist\u00f3rica do IBGE, que come\u00e7ou em 2012. Per\u00edodo registrou 102,4 milh\u00f5es de trabalhadores empregados \r \r \r \r Washington Alves\/Reuters\r rendimento m\u00e9dio real habitual dos trabalhadores cresceu 1,3% no trimestre.\r Acessibilidade \r L\r L\r A-\r A+\r \r \u25d0\r \r De\u2026","rel":"","context":"In &quot;Carreira e Sucesso&quot;","block_context":{"text":"Carreira e Sucesso","link":"https:\/\/ismaelcolosi.com.br\/index.php\/category\/carreira-e-sucesso-dicas-para-carreira\/"},"img":{"alt_text":"","src":"https:\/\/i0.wp.com\/ismaelcolosi.com.br\/wp-content\/uploads\/2025\/09\/Tamanho-site-Tech-6-2-1200x675.png?fit=1200%2C675&ssl=1&resize=350%2C200","width":350,"height":200,"srcset":"https:\/\/i0.wp.com\/ismaelcolosi.com.br\/wp-content\/uploads\/2025\/09\/Tamanho-site-Tech-6-2-1200x675.png?fit=1200%2C675&ssl=1&resize=350%2C200 1x, https:\/\/i0.wp.com\/ismaelcolosi.com.br\/wp-content\/uploads\/2025\/09\/Tamanho-site-Tech-6-2-1200x675.png?fit=1200%2C675&ssl=1&resize=525%2C300 1.5x, https:\/\/i0.wp.com\/ismaelcolosi.com.br\/wp-content\/uploads\/2025\/09\/Tamanho-site-Tech-6-2-1200x675.png?fit=1200%2C675&ssl=1&resize=700%2C400 2x, https:\/\/i0.wp.com\/ismaelcolosi.com.br\/wp-content\/uploads\/2025\/09\/Tamanho-site-Tech-6-2-1200x675.png?fit=1200%2C675&ssl=1&resize=1050%2C600 3x"},"classes":[]}],"jetpack_sharing_enabled":true,"jetpack_shortlink":"https:\/\/wp.me\/pfMlyK-hIS","_links":{"self":[{"href":"https:\/\/ismaelcolosi.com.br\/index.php\/wp-json\/wp\/v2\/posts\/68130","targetHints":{"allow":["GET"]}}],"collection":[{"href":"https:\/\/ismaelcolosi.com.br\/index.php\/wp-json\/wp\/v2\/posts"}],"about":[{"href":"https:\/\/ismaelcolosi.com.br\/index.php\/wp-json\/wp\/v2\/types\/post"}],"author":[{"embeddable":true,"href":"https:\/\/ismaelcolosi.com.br\/index.php\/wp-json\/wp\/v2\/users\/1"}],"replies":[{"embeddable":true,"href":"https:\/\/ismaelcolosi.com.br\/index.php\/wp-json\/wp\/v2\/comments?post=68130"}],"version-history":[{"count":0,"href":"https:\/\/ismaelcolosi.com.br\/index.php\/wp-json\/wp\/v2\/posts\/68130\/revisions"}],"wp:featuredmedia":[{"embeddable":true,"href":"https:\/\/ismaelcolosi.com.br\/index.php\/wp-json\/wp\/v2\/media\/68131"}],"wp:attachment":[{"href":"https:\/\/ismaelcolosi.com.br\/index.php\/wp-json\/wp\/v2\/media?parent=68130"}],"wp:term":[{"taxonomy":"category","embeddable":true,"href":"https:\/\/ismaelcolosi.com.br\/index.php\/wp-json\/wp\/v2\/categories?post=68130"},{"taxonomy":"post_tag","embeddable":true,"href":"https:\/\/ismaelcolosi.com.br\/index.php\/wp-json\/wp\/v2\/tags?post=68130"}],"curies":[{"name":"wp","href":"https:\/\/api.w.org\/{rel}","templated":true}]}}