{"id":68128,"date":"2024-09-27T11:51:50","date_gmt":"2024-09-27T14:51:50","guid":{"rendered":"https:\/\/ismaelcolosi.com.br\/index.php\/2024\/09\/27\/vigilante-menor-de-18-anos-recebe-indenizacao-de-r-70-mil-em-ribeirao\/"},"modified":"2024-09-27T11:51:50","modified_gmt":"2024-09-27T14:51:50","slug":"vigilante-menor-de-18-anos-recebe-indenizacao-de-r-70-mil-em-ribeirao","status":"publish","type":"post","link":"https:\/\/ismaelcolosi.com.br\/index.php\/2024\/09\/27\/vigilante-menor-de-18-anos-recebe-indenizacao-de-r-70-mil-em-ribeirao\/","title":{"rendered":"Vigilante menor de 18 anos recebe indeniza\u00e7\u00e3o de R$ 70 mil em Ribeir\u00e3o"},"content":{"rendered":"<p> <br \/>\n<\/p>\n<div>\n<p>Uma microempresa de servi\u00e7os administrativos e de escrit\u00f3rio foi condenada, pelo <strong>Juizado Especial da Inf\u00e2ncia e Adolesc\u00eancia de Ribeir\u00e3o Preto<\/strong>, <mark style=\"background-color:#fcb900\" class=\"has-inline-color\">a pagar R$ 70 mil por danos morais a um trabalhador menor de 18 anos<\/mark>, <strong>contratado sem v\u00ednculo empregat\u00edcio para atuar como vigilante.<\/strong><\/p>\n<p>O jovem foi demitido <strong>sem receber verbas rescis\u00f3rias<\/strong>, <strong>horas extras<\/strong> ou <strong>saldo salarial de R$ 1.500, ap\u00f3s ser v\u00edtima de um assalto e ser mantido com as m\u00e3os amarradas.<\/strong> <mark style=\"background-color:#fcb900\" class=\"has-inline-color\">A senten\u00e7a determinou o registro em carteira na fun\u00e7\u00e3o de vigia, al\u00e9m do pagamento das verbas trabalhistas devidas.<\/mark><\/p>\n<p>Segundo o processo, <strong>o trabalhador foi contratado<\/strong> em 13 de fevereiro de 2023,<strong> ainda menor de idade<\/strong>, para atuar como vigilante, <strong>mas sem receber o adicional correspondente<\/strong>. Ele trabalhava das <strong>19h \u00e0s 7h<\/strong>, <strong>com intervalo de 15 minutos em dois dias<\/strong> <mark style=\"background-color:#fcb900\" class=\"has-inline-color\">e sem intervalo nos demais<\/mark>, em escala de 12\u00d736. <mark style=\"background-color:#fcb900\" class=\"has-inline-color\">A demiss\u00e3o ocorreu em 20 de dezembro de 2023, sem qualquer formaliza\u00e7\u00e3o do contrato na Carteira de Trabalho.<\/mark><\/p>\n<p><mark style=\"background-color:#fcb900\" class=\"has-inline-color\">A empresa n\u00e3o compareceu \u00e0 audi\u00eancia e n\u00e3o apresentou defesa, com isso o ju\u00edzo presumiu verdadeiras as alega\u00e7\u00f5es do trabalhador<\/mark>, que <strong>apresentou provas<\/strong>, como <strong>conversas no WhatsApp<\/strong> com o patr\u00e3o, <strong>\u00e1udios cobrando pagamentos<\/strong>, <strong>comprovantes de pagamento com o nome da empresa<\/strong>, do patr\u00e3o e de sua esposa \u2013 que \u00e9 propriet\u00e1ria, al\u00e9m de <strong>v\u00eddeos<\/strong>. O ju\u00edzo reconheceu o v\u00ednculo empregat\u00edcio no per\u00edodo alegado.<\/p>\n<p><strong>A senten\u00e7a<\/strong> afirma que o <strong>trabalho de menores em condi\u00e7\u00f5es perigosas<\/strong>, <strong>especialmente no per\u00edodo noturno e em locais de alto risco de viol\u00eancia<\/strong>, <mark style=\"background-color:#fcb900\" class=\"has-inline-color\">viola normas de prote\u00e7\u00e3o ao trabalho infantil e afeta a integridade f\u00edsica e psicol\u00f3gica do adolescente.<\/mark><\/p>\n<p>SAIBA MAIS<\/p>\n<p>Lu\u00edsa Sonza, Oktoberfest e muita coxinha: Veja agenda do fim de semana em Ribeir\u00e3o Preto<\/p>\n<h4 class=\"wp-block-heading\"><strong>FIQUE ON<\/strong><\/h4>\n<p>Fique ligado em tudo que acontece em Ribeir\u00e3o Preto e regi\u00e3o. Siga os perfis do <strong>acidade on <\/strong>no <a href=\"https:\/\/www.instagram.com\/acidadeonribeirao\" target=\"_blank\" rel=\"noreferrer noopener\">Instagram<\/a> e no <a href=\"https:\/\/www.facebook.com\/acidadeonribeirao\" target=\"_blank\" rel=\"noreferrer noopener\">Facebook<\/a>.<\/p>\n<p>Receba not\u00edcias do acidade on no WhatsApp. Para entrar no grupo, basta <a href=\"https:\/\/chat.whatsapp.com\/Dtv9mxhy6V5BJBotM2OQ5k\" target=\"_blank\" rel=\"noreferrer noopener\">clicar aqui<\/a>.<\/p>\n<p>Fa\u00e7a uma den\u00fancia ou sugira uma reportagem sobre Ribeir\u00e3o Preto e regi\u00e3o pelo WhatsApp: 16 99117 7802.<\/p>\n<p>VEJA TAMB\u00c9M<br \/>Mc Daleste era envolvido com Diddy?<\/p>\n<p><!-- CONTENT END 1 -->\n<\/div>\n<p><script async src=\"\/\/www.instagram.com\/embed.js\"><\/script><br \/>\n<br \/><br \/>\n<br \/><a href=\"https:\/\/www.acidadeon.com\/ribeiraopreto\/cotidiano\/vigilante-menor-de-18-anos-recebe-indenizacao-de-r-70-mil-em-ribeirao\/\">Source link <\/a><\/p>\n","protected":false},"excerpt":{"rendered":"<p>Uma microempresa de servi\u00e7os administrativos e de escrit\u00f3rio foi condenada, pelo Juizado Especial da Inf\u00e2ncia e Adolesc\u00eancia de Ribeir\u00e3o Preto, a pagar R$ 70 mil&#8230;<\/p>\n","protected":false},"author":1,"featured_media":68129,"comment_status":"open","ping_status":"open","sticky":false,"template":"","format":"standard","meta":{"_uag_custom_page_level_css":"","advanced_seo_description":"","jetpack_seo_html_title":"","jetpack_seo_noindex":false,"jetpack_post_was_ever_published":false,"_jetpack_newsletter_access":"","_jetpack_dont_email_post_to_subs":false,"_jetpack_newsletter_tier_id":0,"_jetpack_memberships_contains_paywalled_content":false,"_jetpack_memberships_contains_paid_content":false,"footnotes":"","jetpack_publicize_message":"","jetpack_publicize_feature_enabled":true,"jetpack_social_post_already_shared":true,"jetpack_social_options":{"image_generator_settings":{"template":"highway","default_image_id":0,"font":"","enabled":false},"version":2}},"categories":[11],"tags":[],"class_list":["post-68128","post","type-post","status-publish","format-standard","has-post-thumbnail","hentry","category-noticias-de-ribeirao-preto-sp-e-regiao-ismael-colosi"],"jetpack_publicize_connections":[],"jetpack_featured_media_url":"https:\/\/i0.wp.com\/ismaelcolosi.com.br\/wp-content\/uploads\/2024\/09\/Copia-de-Copia-de-Copia-de-TAMANHO-EXATO-PARA-FOTOS-NO-SISTEMA-NOVO-48_2024-09-27_14-09-48_png_2024-09-27_14-09-48.webp.webp?fit=1200%2C675&ssl=1","uagb_featured_image_src":{"full":["https:\/\/i0.wp.com\/ismaelcolosi.com.br\/wp-content\/uploads\/2024\/09\/Copia-de-Copia-de-Copia-de-TAMANHO-EXATO-PARA-FOTOS-NO-SISTEMA-NOVO-48_2024-09-27_14-09-48_png_2024-09-27_14-09-48.webp.webp?fit=1200%2C675&ssl=1",1200,675,false],"thumbnail":["https:\/\/i0.wp.com\/ismaelcolosi.com.br\/wp-content\/uploads\/2024\/09\/Copia-de-Copia-de-Copia-de-TAMANHO-EXATO-PARA-FOTOS-NO-SISTEMA-NOVO-48_2024-09-27_14-09-48_png_2024-09-27_14-09-48.webp.webp?resize=150%2C150&ssl=1",150,150,true],"medium":["https:\/\/i0.wp.com\/ismaelcolosi.com.br\/wp-content\/uploads\/2024\/09\/Copia-de-Copia-de-Copia-de-TAMANHO-EXATO-PARA-FOTOS-NO-SISTEMA-NOVO-48_2024-09-27_14-09-48_png_2024-09-27_14-09-48.webp.webp?fit=300%2C169&ssl=1",300,169,true],"medium_large":["https:\/\/i0.wp.com\/ismaelcolosi.com.br\/wp-content\/uploads\/2024\/09\/Copia-de-Copia-de-Copia-de-TAMANHO-EXATO-PARA-FOTOS-NO-SISTEMA-NOVO-48_2024-09-27_14-09-48_png_2024-09-27_14-09-48.webp.webp?fit=768%2C432&ssl=1",768,432,true],"large":["https:\/\/i0.wp.com\/ismaelcolosi.com.br\/wp-content\/uploads\/2024\/09\/Copia-de-Copia-de-Copia-de-TAMANHO-EXATO-PARA-FOTOS-NO-SISTEMA-NOVO-48_2024-09-27_14-09-48_png_2024-09-27_14-09-48.webp.webp?fit=1024%2C576&ssl=1",1024,576,true],"1536x1536":["https:\/\/i0.wp.com\/ismaelcolosi.com.br\/wp-content\/uploads\/2024\/09\/Copia-de-Copia-de-Copia-de-TAMANHO-EXATO-PARA-FOTOS-NO-SISTEMA-NOVO-48_2024-09-27_14-09-48_png_2024-09-27_14-09-48.webp.webp?fit=1200%2C675&ssl=1",1200,675,true],"2048x2048":["https:\/\/i0.wp.com\/ismaelcolosi.com.br\/wp-content\/uploads\/2024\/09\/Copia-de-Copia-de-Copia-de-TAMANHO-EXATO-PARA-FOTOS-NO-SISTEMA-NOVO-48_2024-09-27_14-09-48_png_2024-09-27_14-09-48.webp.webp?fit=1200%2C675&ssl=1",1200,675,true],"really-simple-thumb":["https:\/\/i0.wp.com\/ismaelcolosi.com.br\/wp-content\/uploads\/2024\/09\/Copia-de-Copia-de-Copia-de-TAMANHO-EXATO-PARA-FOTOS-NO-SISTEMA-NOVO-48_2024-09-27_14-09-48_png_2024-09-27_14-09-48.webp.webp?resize=370%2C247&ssl=1",370,247,true]},"uagb_author_info":{"display_name":"ismaelcolosi.com.br","author_link":"https:\/\/ismaelcolosi.com.br\/index.php\/author\/vidareal-online\/"},"uagb_comment_info":0,"uagb_excerpt":"Uma microempresa de servi\u00e7os administrativos e de escrit\u00f3rio foi condenada, pelo Juizado Especial da Inf\u00e2ncia e Adolesc\u00eancia de Ribeir\u00e3o Preto, a pagar R$ 70 mil...","jetpack-related-posts":[{"id":68143,"url":"https:\/\/ismaelcolosi.com.br\/index.php\/2024\/09\/27\/policial-penal-fica-gravemente-ferido-apos-acidente-no-centro-de-ribeirao\/","url_meta":{"origin":68128,"position":0},"title":"Policial penal fica gravemente ferido ap\u00f3s acidente no Centro de Ribeir\u00e3o","author":"ismaelcolosi.com.br","date":"27 de September de 2024","format":false,"excerpt":"Um policial penal ficou gravemente ferido, na manh\u00e3 desta sexta-feira (27), ap\u00f3s colidir a moto que pilotava na lateral de um \u00f4nibus, no cruzamento da rua Flor\u00eancio de Abreu com a avenida Jer\u00f4nimo Gon\u00e7alves, no Centro de Ribeir\u00e3o Preto. No transporte coletivo tinha oito passageiros, mas nenhum ficou ferido. O\u2026","rel":"","context":"In &quot;Not\u00edcias de Ribeir\u00e3o Preto-SP e Regi\u00e3o&quot;","block_context":{"text":"Not\u00edcias de Ribeir\u00e3o Preto-SP e Regi\u00e3o","link":"https:\/\/ismaelcolosi.com.br\/index.php\/category\/noticias-de-ribeirao-preto-sp-e-regiao-ismael-colosi\/"},"img":{"alt_text":"","src":"https:\/\/i0.wp.com\/ismaelcolosi.com.br\/wp-content\/uploads\/2024\/09\/Imagem-do-WhatsApp-de-2024-09-27-as-11.46.13_2a6420db_2024-09-27_14-48-39_jpg_2024-09-27_14-48-39.webp.webp?fit=1179%2C664&ssl=1&resize=350%2C200","width":350,"height":200,"srcset":"https:\/\/i0.wp.com\/ismaelcolosi.com.br\/wp-content\/uploads\/2024\/09\/Imagem-do-WhatsApp-de-2024-09-27-as-11.46.13_2a6420db_2024-09-27_14-48-39_jpg_2024-09-27_14-48-39.webp.webp?fit=1179%2C664&ssl=1&resize=350%2C200 1x, https:\/\/i0.wp.com\/ismaelcolosi.com.br\/wp-content\/uploads\/2024\/09\/Imagem-do-WhatsApp-de-2024-09-27-as-11.46.13_2a6420db_2024-09-27_14-48-39_jpg_2024-09-27_14-48-39.webp.webp?fit=1179%2C664&ssl=1&resize=525%2C300 1.5x, https:\/\/i0.wp.com\/ismaelcolosi.com.br\/wp-content\/uploads\/2024\/09\/Imagem-do-WhatsApp-de-2024-09-27-as-11.46.13_2a6420db_2024-09-27_14-48-39_jpg_2024-09-27_14-48-39.webp.webp?fit=1179%2C664&ssl=1&resize=700%2C400 2x, https:\/\/i0.wp.com\/ismaelcolosi.com.br\/wp-content\/uploads\/2024\/09\/Imagem-do-WhatsApp-de-2024-09-27-as-11.46.13_2a6420db_2024-09-27_14-48-39_jpg_2024-09-27_14-48-39.webp.webp?fit=1179%2C664&ssl=1&resize=1050%2C600 3x"},"classes":[]},{"id":68134,"url":"https:\/\/ismaelcolosi.com.br\/index.php\/2024\/09\/27\/agente-penitenciario-fica-gravemente-ferido-apos-acidente-no-centro-de-ribeirao\/","url_meta":{"origin":68128,"position":1},"title":"Agente penitenci\u00e1rio fica gravemente ferido ap\u00f3s acidente no Centro de Ribeir\u00e3o","author":"ismaelcolosi.com.br","date":"27 de September de 2024","format":false,"excerpt":"Um agente penitenci\u00e1rio ficou gravemente ferido, na manh\u00e3 desta sexta-feira (27), ap\u00f3s colidir a moto que pilotava na lateral de um \u00f4nibus, no cruzamento da rua Flor\u00eancio de Abreu com a avenida Jer\u00f4nimo Gon\u00e7alves, no Centro de Ribeir\u00e3o Preto. No transporte coletivo tinha oito passageiros, mas nenhum ficou ferido. O\u2026","rel":"","context":"In &quot;Not\u00edcias de Ribeir\u00e3o Preto-SP e Regi\u00e3o&quot;","block_context":{"text":"Not\u00edcias de Ribeir\u00e3o Preto-SP e Regi\u00e3o","link":"https:\/\/ismaelcolosi.com.br\/index.php\/category\/noticias-de-ribeirao-preto-sp-e-regiao-ismael-colosi\/"},"img":{"alt_text":"","src":"https:\/\/i0.wp.com\/ismaelcolosi.com.br\/wp-content\/uploads\/2024\/09\/Imagem-do-WhatsApp-de-2024-09-27-as-11.46.13_2a6420db_2024-09-27_14-48-39_jpg_2024-09-27_14-48-39.webp.webp?fit=1179%2C664&ssl=1&resize=350%2C200","width":350,"height":200,"srcset":"https:\/\/i0.wp.com\/ismaelcolosi.com.br\/wp-content\/uploads\/2024\/09\/Imagem-do-WhatsApp-de-2024-09-27-as-11.46.13_2a6420db_2024-09-27_14-48-39_jpg_2024-09-27_14-48-39.webp.webp?fit=1179%2C664&ssl=1&resize=350%2C200 1x, https:\/\/i0.wp.com\/ismaelcolosi.com.br\/wp-content\/uploads\/2024\/09\/Imagem-do-WhatsApp-de-2024-09-27-as-11.46.13_2a6420db_2024-09-27_14-48-39_jpg_2024-09-27_14-48-39.webp.webp?fit=1179%2C664&ssl=1&resize=525%2C300 1.5x, https:\/\/i0.wp.com\/ismaelcolosi.com.br\/wp-content\/uploads\/2024\/09\/Imagem-do-WhatsApp-de-2024-09-27-as-11.46.13_2a6420db_2024-09-27_14-48-39_jpg_2024-09-27_14-48-39.webp.webp?fit=1179%2C664&ssl=1&resize=700%2C400 2x, https:\/\/i0.wp.com\/ismaelcolosi.com.br\/wp-content\/uploads\/2024\/09\/Imagem-do-WhatsApp-de-2024-09-27-as-11.46.13_2a6420db_2024-09-27_14-48-39_jpg_2024-09-27_14-48-39.webp.webp?fit=1179%2C664&ssl=1&resize=1050%2C600 3x"},"classes":[]},{"id":44143,"url":"https:\/\/ismaelcolosi.com.br\/index.php\/2024\/03\/26\/segue-sem-definicao-licitacao-do-saerp\/","url_meta":{"origin":68128,"position":2},"title":"Segue sem defini\u00e7\u00e3o licita\u00e7\u00e3o do Saerp","author":"ismaelcolosi.com.br","date":"26 de March de 2024","format":false,"excerpt":"26 de mar\u00e7o de 2024 | 8:3025 de mar\u00e7o de 2024 | 15:37 0 A prefeitura de Ribeir\u00e3o Preto, por meio da Secretaria Municipal de \u00c1gua e Esgoto (Saerp) reabriu a licita\u00e7\u00e3o \u2013 modalidade Preg\u00e3o Eletr\u00f4nico \u2013 para a compra de 42 mil hidr\u00f4metros velocim\u00e9tricos. Este tipo de aparelho, considerado\u2026","rel":"","context":"In &quot;Not\u00edcias de Ribeir\u00e3o Preto-SP e Regi\u00e3o&quot;","block_context":{"text":"Not\u00edcias de Ribeir\u00e3o Preto-SP e Regi\u00e3o","link":"https:\/\/ismaelcolosi.com.br\/index.php\/category\/noticias-de-ribeirao-preto-sp-e-regiao-ismael-colosi\/"},"img":{"alt_text":"","src":"https:\/\/i0.wp.com\/ismaelcolosi.com.br\/wp-content\/uploads\/2024\/03\/Hidrometro-Divulgacao.png?fit=968%2C645&ssl=1&resize=350%2C200","width":350,"height":200,"srcset":"https:\/\/i0.wp.com\/ismaelcolosi.com.br\/wp-content\/uploads\/2024\/03\/Hidrometro-Divulgacao.png?fit=968%2C645&ssl=1&resize=350%2C200 1x, https:\/\/i0.wp.com\/ismaelcolosi.com.br\/wp-content\/uploads\/2024\/03\/Hidrometro-Divulgacao.png?fit=968%2C645&ssl=1&resize=525%2C300 1.5x, https:\/\/i0.wp.com\/ismaelcolosi.com.br\/wp-content\/uploads\/2024\/03\/Hidrometro-Divulgacao.png?fit=968%2C645&ssl=1&resize=700%2C400 2x"},"classes":[]},{"id":37927,"url":"https:\/\/ismaelcolosi.com.br\/index.php\/2024\/02\/19\/pedreiro-vai-receber-r-13-mil-apos-ser-atacado-por-pitbull-em-ribeirao-preto\/","url_meta":{"origin":68128,"position":3},"title":"Pedreiro vai receber R$ 13 mil ap\u00f3s ser atacado por pitbull em Ribeir\u00e3o Preto","author":"ismaelcolosi.com.br","date":"19 de February de 2024","format":false,"excerpt":"Um pedreiro vai ser indenizado em R$ 13 mil ap\u00f3s ter sido atacado por um c\u00e3o da ra\u00e7a pitbull, em Ribeir\u00e3o Preto. O caso aconteceu em 2016, mas s\u00f3 foi julgado pelo TJ-SP (Tribunal de Justi\u00e7a de S\u00e3o Paulo) no \u00faltimo m\u00eas de janeiro. A v\u00edtima foi atacada quando a\u2026","rel":"","context":"In &quot;Not\u00edcias de Ribeir\u00e3o Preto-SP e Regi\u00e3o&quot;","block_context":{"text":"Not\u00edcias de Ribeir\u00e3o Preto-SP e Regi\u00e3o","link":"https:\/\/ismaelcolosi.com.br\/index.php\/category\/noticias-de-ribeirao-preto-sp-e-regiao-ismael-colosi\/"},"img":{"alt_text":"","src":"https:\/\/i0.wp.com\/ismaelcolosi.com.br\/wp-content\/uploads\/2024\/02\/homem-atacado-pitbull.jpg?fit=1200%2C798&ssl=1&resize=350%2C200","width":350,"height":200,"srcset":"https:\/\/i0.wp.com\/ismaelcolosi.com.br\/wp-content\/uploads\/2024\/02\/homem-atacado-pitbull.jpg?fit=1200%2C798&ssl=1&resize=350%2C200 1x, https:\/\/i0.wp.com\/ismaelcolosi.com.br\/wp-content\/uploads\/2024\/02\/homem-atacado-pitbull.jpg?fit=1200%2C798&ssl=1&resize=525%2C300 1.5x, https:\/\/i0.wp.com\/ismaelcolosi.com.br\/wp-content\/uploads\/2024\/02\/homem-atacado-pitbull.jpg?fit=1200%2C798&ssl=1&resize=700%2C400 2x, https:\/\/i0.wp.com\/ismaelcolosi.com.br\/wp-content\/uploads\/2024\/02\/homem-atacado-pitbull.jpg?fit=1200%2C798&ssl=1&resize=1050%2C600 3x"},"classes":[]},{"id":33386,"url":"https:\/\/ismaelcolosi.com.br\/index.php\/2024\/01\/29\/vigia-e-trancado-em-banheiro-durante-assalto-em-ribeirao-preto\/","url_meta":{"origin":68128,"position":4},"title":"Vigia \u00e9 trancado em banheiro durante assalto em Ribeir\u00e3o Preto","author":"ismaelcolosi.com.br","date":"29 de January de 2024","format":false,"excerpt":"Um vigilante de 57 anos foi trancado em um banheiro durante assalto a um posto de combust\u00edveis na madrugada desta segunda-feira (29), na Vila Virg\u00ednia, zona Oeste de Ribeir\u00e3o Preto. Os criminosos levaram um aparelho celular e conseguiram invadir a sala onde fica o cofre da empresa. N\u00e3o foi o\u2026","rel":"","context":"In &quot;Not\u00edcias de Ribeir\u00e3o Preto-SP e Regi\u00e3o&quot;","block_context":{"text":"Not\u00edcias de Ribeir\u00e3o Preto-SP e Regi\u00e3o","link":"https:\/\/ismaelcolosi.com.br\/index.php\/category\/noticias-de-ribeirao-preto-sp-e-regiao-ismael-colosi\/"},"img":{"alt_text":"","src":"https:\/\/i0.wp.com\/ismaelcolosi.com.br\/wp-content\/uploads\/2024\/01\/policia_qru_1024x576_05012021161940.jpg?fit=1024%2C576&ssl=1&resize=350%2C200","width":350,"height":200,"srcset":"https:\/\/i0.wp.com\/ismaelcolosi.com.br\/wp-content\/uploads\/2024\/01\/policia_qru_1024x576_05012021161940.jpg?fit=1024%2C576&ssl=1&resize=350%2C200 1x, https:\/\/i0.wp.com\/ismaelcolosi.com.br\/wp-content\/uploads\/2024\/01\/policia_qru_1024x576_05012021161940.jpg?fit=1024%2C576&ssl=1&resize=525%2C300 1.5x, https:\/\/i0.wp.com\/ismaelcolosi.com.br\/wp-content\/uploads\/2024\/01\/policia_qru_1024x576_05012021161940.jpg?fit=1024%2C576&ssl=1&resize=700%2C400 2x"},"classes":[]},{"id":46365,"url":"https:\/\/ismaelcolosi.com.br\/index.php\/2024\/04\/11\/empresario-acusa-enteada-de-furto-de-joias-avaliadas-em-r-40-mil-em-ribeirao\/","url_meta":{"origin":68128,"position":5},"title":"Empres\u00e1rio acusa enteada de furto de joias avaliadas em R$ 40 mil em Ribeir\u00e3o","author":"ismaelcolosi.com.br","date":"11 de April de 2024","format":false,"excerpt":"Um empres\u00e1rio de 55 anos acusa a enteada de furtar joias avaliadas em R$ 40 mil do apartamento da fam\u00edlia, no Centro de Ribeir\u00e3o Preto. De acordo com o B.O. (boletim de ocorr\u00eancia), os furtos aconteceram no final de mar\u00e7o e na \u00faltima quarta-feira (10). O relato aponta que a\u2026","rel":"","context":"In &quot;Not\u00edcias de Ribeir\u00e3o Preto-SP e Regi\u00e3o&quot;","block_context":{"text":"Not\u00edcias de Ribeir\u00e3o Preto-SP e Regi\u00e3o","link":"https:\/\/ismaelcolosi.com.br\/index.php\/category\/noticias-de-ribeirao-preto-sp-e-regiao-ismael-colosi\/"},"img":{"alt_text":"","src":"https:\/\/i0.wp.com\/ismaelcolosi.com.br\/wp-content\/uploads\/2024\/04\/1712843395_cpj_1024x576_04082020121137.jpg?fit=1024%2C575&ssl=1&resize=350%2C200","width":350,"height":200,"srcset":"https:\/\/i0.wp.com\/ismaelcolosi.com.br\/wp-content\/uploads\/2024\/04\/1712843395_cpj_1024x576_04082020121137.jpg?fit=1024%2C575&ssl=1&resize=350%2C200 1x, https:\/\/i0.wp.com\/ismaelcolosi.com.br\/wp-content\/uploads\/2024\/04\/1712843395_cpj_1024x576_04082020121137.jpg?fit=1024%2C575&ssl=1&resize=525%2C300 1.5x, https:\/\/i0.wp.com\/ismaelcolosi.com.br\/wp-content\/uploads\/2024\/04\/1712843395_cpj_1024x576_04082020121137.jpg?fit=1024%2C575&ssl=1&resize=700%2C400 2x"},"classes":[]}],"jetpack_sharing_enabled":true,"jetpack_shortlink":"https:\/\/wp.me\/pfMlyK-hIQ","_links":{"self":[{"href":"https:\/\/ismaelcolosi.com.br\/index.php\/wp-json\/wp\/v2\/posts\/68128","targetHints":{"allow":["GET"]}}],"collection":[{"href":"https:\/\/ismaelcolosi.com.br\/index.php\/wp-json\/wp\/v2\/posts"}],"about":[{"href":"https:\/\/ismaelcolosi.com.br\/index.php\/wp-json\/wp\/v2\/types\/post"}],"author":[{"embeddable":true,"href":"https:\/\/ismaelcolosi.com.br\/index.php\/wp-json\/wp\/v2\/users\/1"}],"replies":[{"embeddable":true,"href":"https:\/\/ismaelcolosi.com.br\/index.php\/wp-json\/wp\/v2\/comments?post=68128"}],"version-history":[{"count":0,"href":"https:\/\/ismaelcolosi.com.br\/index.php\/wp-json\/wp\/v2\/posts\/68128\/revisions"}],"wp:featuredmedia":[{"embeddable":true,"href":"https:\/\/ismaelcolosi.com.br\/index.php\/wp-json\/wp\/v2\/media\/68129"}],"wp:attachment":[{"href":"https:\/\/ismaelcolosi.com.br\/index.php\/wp-json\/wp\/v2\/media?parent=68128"}],"wp:term":[{"taxonomy":"category","embeddable":true,"href":"https:\/\/ismaelcolosi.com.br\/index.php\/wp-json\/wp\/v2\/categories?post=68128"},{"taxonomy":"post_tag","embeddable":true,"href":"https:\/\/ismaelcolosi.com.br\/index.php\/wp-json\/wp\/v2\/tags?post=68128"}],"curies":[{"name":"wp","href":"https:\/\/api.w.org\/{rel}","templated":true}]}}