{"id":68124,"date":"2024-09-27T11:34:27","date_gmt":"2024-09-27T14:34:27","guid":{"rendered":"https:\/\/ismaelcolosi.com.br\/index.php\/2024\/09\/27\/maggie-smith-estrela-de-harry-potter-e-downton-abbey-morre-aos-89-anos\/"},"modified":"2024-09-27T11:34:27","modified_gmt":"2024-09-27T14:34:27","slug":"maggie-smith-estrela-de-harry-potter-e-downton-abbey-morre-aos-89-anos","status":"publish","type":"post","link":"https:\/\/ismaelcolosi.com.br\/index.php\/2024\/09\/27\/maggie-smith-estrela-de-harry-potter-e-downton-abbey-morre-aos-89-anos\/","title":{"rendered":"Maggie Smith, estrela de Harry Potter e Downton Abbey, morre aos 89 anos"},"content":{"rendered":"<p> <br \/>\n<\/p>\n<div>\n<p>A atriz <strong>Maggie Smith<\/strong>, conhecida por seus personagens em<strong> Harry Potter<\/strong> e <strong>Downton Abbey<\/strong>, morreu aos <strong>89 anos<\/strong>, na <strong>manh\u00e3 <\/strong>desta <strong>sexta-feira (27)<\/strong>. A informa\u00e7\u00e3o foi confirmada pelos filhos, contudo a causa da morte n\u00e3o foi divulgada.<\/p>\n<p>\u201cEla faleceu pacificamente no hospital na manh\u00e3 de <strong>sexta-feira, 27 de setembro<\/strong>\u201c, escreveu a fam\u00edlia em comunicado. \u201cUma pessoa intensamente reservada, ela estaca com amigos e familiares em seus dias finais. Ela deixa dois filhos e cinco netos amorosos, que est\u00e3o devastados pela perda de sua extraordin\u00e1ria m\u00e3e e av\u00f3\u201d.<\/p>\n<p>Ainda na nota, a fam\u00edlia agradeceu toda equipe m\u00e9dica que cuidou da atriz e as mensagens carinhosas e pediu privacidade neste momento. A atriz sofria de uma <strong>doen\u00e7a autoimune<\/strong> da <strong>tireoide<\/strong>, que causa o movimento do olho para fora de sua \u00f3rbita.<\/p>\n<h4 class=\"wp-block-heading\"><strong>A carreira<\/strong><\/h4>\n<p><strong>Maggie Smith<\/strong> deixa um grande legado no cinema e uma carreira memor\u00e1vel, vencedora de dois <strong>Oscar<\/strong>, quatro <strong>Emmys<\/strong>, tr\u00eas <strong>Globos de Ouro<\/strong> e sete <strong>Baftas<\/strong>. Durante sua trajet\u00f3ria, ela interpretou personagens marcantes, como a condessa <strong>Lady Violet<\/strong> na s\u00e9rie <strong>Downton Abbey<\/strong> e a professora de transfigura\u00e7\u00e3o de <strong>Hogwarts<\/strong>,<strong> Minerva McGonagall<\/strong> na saga <strong>Harry Potter<\/strong>.<\/p>\n<p>Al\u00e9m disso, tamb\u00e9m participou do elenco de<strong> Mudan\u00e7a de H\u00e1bito (1992)<\/strong>, <strong>Uma Janela para o Amor<\/strong> (1986) e <strong>A Senhora da Van (2015)<\/strong>.<\/p>\n<p>SAIBA MAIS<br \/>Ricardo Silva participa nesta sexta da s\u00e9rie de entrevistas com candidatos \u00e0 Prefeitura de Ribeir\u00e3o Preto<\/p>\n<h4 class=\"wp-block-heading\"><strong>FIQUE ON<\/strong><\/h4>\n<p>Fique ligado em tudo que acontece em Ribeir\u00e3o Preto e regi\u00e3o. Siga os perfis do <strong>acidade on <\/strong>no <a href=\"https:\/\/www.instagram.com\/acidadeonribeirao\" target=\"_blank\" rel=\"noreferrer noopener\">Instagram<\/a> e no <a href=\"https:\/\/www.facebook.com\/acidadeonribeirao\" target=\"_blank\" rel=\"noreferrer noopener\">Facebook<\/a>.<\/p>\n<p>Receba not\u00edcias do acidade on no WhatsApp. Para entrar no grupo, basta <a href=\"https:\/\/chat.whatsapp.com\/Dtv9mxhy6V5BJBotM2OQ5k\" target=\"_blank\" rel=\"noreferrer noopener\">clicar aqui<\/a>.<\/p>\n<p>Fa\u00e7a uma den\u00fancia ou sugira uma reportagem sobre Ribeir\u00e3o Preto e regi\u00e3o pelo WhatsApp: 16 99117 7802.<\/p>\n<p>VEJA TAMB\u00c9M<br \/>O que vai acontecer com a Luma em \u2018Mania de Voc\u00ea\u2019?<\/p>\n<p><!-- CONTENT END 1 -->\n<\/div>\n<p><script async src=\"\/\/www.instagram.com\/embed.js\"><\/script><br \/>\n<br \/><br \/>\n<br \/><a href=\"https:\/\/www.acidadeon.com\/ribeiraopreto\/lazer-e-cultura\/maggie-smith-estrela-de-harry-potter-e-downton-abbey-morre-aos-89-anos\/\">Source link <\/a><\/p>\n","protected":false},"excerpt":{"rendered":"<p>A atriz Maggie Smith, conhecida por seus personagens em Harry Potter e Downton Abbey, morreu aos 89 anos, na manh\u00e3 desta sexta-feira (27). A informa\u00e7\u00e3o&#8230;<\/p>\n","protected":false},"author":1,"featured_media":68125,"comment_status":"open","ping_status":"open","sticky":false,"template":"","format":"standard","meta":{"_uag_custom_page_level_css":"","advanced_seo_description":"","jetpack_seo_html_title":"","jetpack_seo_noindex":false,"jetpack_post_was_ever_published":false,"_jetpack_newsletter_access":"","_jetpack_dont_email_post_to_subs":false,"_jetpack_newsletter_tier_id":0,"_jetpack_memberships_contains_paywalled_content":false,"_jetpack_memberships_contains_paid_content":false,"footnotes":"","jetpack_publicize_message":"","jetpack_publicize_feature_enabled":true,"jetpack_social_post_already_shared":true,"jetpack_social_options":{"image_generator_settings":{"template":"highway","default_image_id":0,"font":"","enabled":false},"version":2}},"categories":[11],"tags":[],"class_list":["post-68124","post","type-post","status-publish","format-standard","has-post-thumbnail","hentry","category-noticias-de-ribeirao-preto-sp-e-regiao-ismael-colosi"],"jetpack_publicize_connections":[],"jetpack_featured_media_url":"https:\/\/i0.wp.com\/ismaelcolosi.com.br\/wp-content\/uploads\/2024\/09\/maggie-smith_wcke.960_2024-09-27_14-09-50.webp.webp?fit=960%2C540&ssl=1","uagb_featured_image_src":{"full":["https:\/\/i0.wp.com\/ismaelcolosi.com.br\/wp-content\/uploads\/2024\/09\/maggie-smith_wcke.960_2024-09-27_14-09-50.webp.webp?fit=960%2C540&ssl=1",960,540,false],"thumbnail":["https:\/\/i0.wp.com\/ismaelcolosi.com.br\/wp-content\/uploads\/2024\/09\/maggie-smith_wcke.960_2024-09-27_14-09-50.webp.webp?resize=150%2C150&ssl=1",150,150,true],"medium":["https:\/\/i0.wp.com\/ismaelcolosi.com.br\/wp-content\/uploads\/2024\/09\/maggie-smith_wcke.960_2024-09-27_14-09-50.webp.webp?fit=300%2C169&ssl=1",300,169,true],"medium_large":["https:\/\/i0.wp.com\/ismaelcolosi.com.br\/wp-content\/uploads\/2024\/09\/maggie-smith_wcke.960_2024-09-27_14-09-50.webp.webp?fit=768%2C432&ssl=1",768,432,true],"large":["https:\/\/i0.wp.com\/ismaelcolosi.com.br\/wp-content\/uploads\/2024\/09\/maggie-smith_wcke.960_2024-09-27_14-09-50.webp.webp?fit=960%2C540&ssl=1",960,540,true],"1536x1536":["https:\/\/i0.wp.com\/ismaelcolosi.com.br\/wp-content\/uploads\/2024\/09\/maggie-smith_wcke.960_2024-09-27_14-09-50.webp.webp?fit=960%2C540&ssl=1",960,540,true],"2048x2048":["https:\/\/i0.wp.com\/ismaelcolosi.com.br\/wp-content\/uploads\/2024\/09\/maggie-smith_wcke.960_2024-09-27_14-09-50.webp.webp?fit=960%2C540&ssl=1",960,540,true],"really-simple-thumb":["https:\/\/i0.wp.com\/ismaelcolosi.com.br\/wp-content\/uploads\/2024\/09\/maggie-smith_wcke.960_2024-09-27_14-09-50.webp.webp?resize=370%2C247&ssl=1",370,247,true]},"uagb_author_info":{"display_name":"ismaelcolosi.com.br","author_link":"https:\/\/ismaelcolosi.com.br\/index.php\/author\/vidareal-online\/"},"uagb_comment_info":0,"uagb_excerpt":"A atriz Maggie Smith, conhecida por seus personagens em Harry Potter e Downton Abbey, morreu aos 89 anos, na manh\u00e3 desta sexta-feira (27). A informa\u00e7\u00e3o...","jetpack-related-posts":[{"id":5380,"url":"https:\/\/ismaelcolosi.com.br\/index.php\/2023\/11\/23\/atriz-falece-poucos-meses-apos-diagnostico-de-tumor-no-cerebro-sua-ultima-publicacao-causa-comocao\/","url_meta":{"origin":68124,"position":0},"title":"Atriz falece poucos meses ap\u00f3s diagn\u00f3stico de tumor no c\u00e9rebro; sua \u00faltima publica\u00e7\u00e3o causa como\u00e7\u00e3o","author":"ismaelcolosi.com.br","date":"23 de November de 2023","format":false,"excerpt":"Uma atriz, apresentadora e modelo morreu apenas poucos meses depois de ter recebido o diagn\u00f3stico de c\u00e2ncer na regi\u00e3o de seu c\u00e9rebro. A morte dela causou como\u00e7\u00e3o por conta de sua \u00faltima publica\u00e7\u00e3o nas redes sociais.Annabel Giles partiu aos 64 anos de idade. Ela descobriu a doen\u00e7a em julho de\u2026","rel":"","context":"In &quot;Blog&quot;","block_context":{"text":"Blog","link":"https:\/\/ismaelcolosi.com.br\/index.php\/category\/blog\/"},"img":{"alt_text":"","src":"https:\/\/i0.wp.com\/ismaelcolosi.com.br\/wp-content\/uploads\/2023\/11\/postimg-655f8a8d10fd02713.jpg?fit=1200%2C628&ssl=1&resize=350%2C200","width":350,"height":200,"srcset":"https:\/\/i0.wp.com\/ismaelcolosi.com.br\/wp-content\/uploads\/2023\/11\/postimg-655f8a8d10fd02713.jpg?fit=1200%2C628&ssl=1&resize=350%2C200 1x, https:\/\/i0.wp.com\/ismaelcolosi.com.br\/wp-content\/uploads\/2023\/11\/postimg-655f8a8d10fd02713.jpg?fit=1200%2C628&ssl=1&resize=525%2C300 1.5x, https:\/\/i0.wp.com\/ismaelcolosi.com.br\/wp-content\/uploads\/2023\/11\/postimg-655f8a8d10fd02713.jpg?fit=1200%2C628&ssl=1&resize=700%2C400 2x, https:\/\/i0.wp.com\/ismaelcolosi.com.br\/wp-content\/uploads\/2023\/11\/postimg-655f8a8d10fd02713.jpg?fit=1200%2C628&ssl=1&resize=1050%2C600 3x"},"classes":[]},{"id":8352,"url":"https:\/\/ismaelcolosi.com.br\/index.php\/2023\/11\/30\/famosa-atriz-da-globo-que-fez-parte-de-diversas-novelas-como-o-cravo-e-a-rosa-tem-falecimento-confirmado\/","url_meta":{"origin":68124,"position":1},"title":"Famosa atriz da Globo que fez parte de diversas novelas como &#8216;O Cravo e a Rosa&#8217; tem falecimento confirmado","author":"ismaelcolosi.com.br","date":"30 de November de 2023","format":false,"excerpt":"Na tarde desta \u00faltima quarta-feira, dia 28 de novembro, foi confirmada a morte de uma famosa atriz que fez parte do elenco da novela \u2018O Cravo e a Rosa\u2019. O falecimento da artista chegou a ser anunciada por sua filha e muitos ficaram abalados com a not\u00edcia.Se trata da atriz\u2026","rel":"","context":"In &quot;Blog&quot;","block_context":{"text":"Blog","link":"https:\/\/ismaelcolosi.com.br\/index.php\/category\/blog\/"},"img":{"alt_text":"","src":"https:\/\/i0.wp.com\/ismaelcolosi.com.br\/wp-content\/uploads\/2023\/11\/postimg-65680121bce401429.jpg?fit=1200%2C628&ssl=1&resize=350%2C200","width":350,"height":200,"srcset":"https:\/\/i0.wp.com\/ismaelcolosi.com.br\/wp-content\/uploads\/2023\/11\/postimg-65680121bce401429.jpg?fit=1200%2C628&ssl=1&resize=350%2C200 1x, https:\/\/i0.wp.com\/ismaelcolosi.com.br\/wp-content\/uploads\/2023\/11\/postimg-65680121bce401429.jpg?fit=1200%2C628&ssl=1&resize=525%2C300 1.5x, https:\/\/i0.wp.com\/ismaelcolosi.com.br\/wp-content\/uploads\/2023\/11\/postimg-65680121bce401429.jpg?fit=1200%2C628&ssl=1&resize=700%2C400 2x, https:\/\/i0.wp.com\/ismaelcolosi.com.br\/wp-content\/uploads\/2023\/11\/postimg-65680121bce401429.jpg?fit=1200%2C628&ssl=1&resize=1050%2C600 3x"},"classes":[]},{"id":9183,"url":"https:\/\/ismaelcolosi.com.br\/index.php\/2023\/12\/01\/carolina-dieckmann-e-internada-preocupa-fas-e-deixa-alerta\/","url_meta":{"origin":68124,"position":2},"title":"Carolina Dieckmann \u00e9 internada, preocupa f\u00e3s e deixa alerta","author":"ismaelcolosi.com.br","date":"1 de December de 2023","format":false,"excerpt":"Na manh\u00e3 desta sexta-feira, dia 2 de dezembro, a famosa atriz Carolina Dieckmann publicou registros de sua interna\u00e7\u00e3o nas redes sociais. Na postagem, ela ainda aproveitou para deixar um alerta aos seus seguidores, abordando mais sobre o assunto.\u201cIsso foi ontem. J\u00e1 estou em casa e estou \u00f3tima, mas esse post\u2026","rel":"","context":"In &quot;Blog&quot;","block_context":{"text":"Blog","link":"https:\/\/ismaelcolosi.com.br\/index.php\/category\/blog\/"},"img":{"alt_text":"","src":"https:\/\/i0.wp.com\/ismaelcolosi.com.br\/wp-content\/uploads\/2023\/12\/postimg-656a1a46c8a7f3088.jpg?fit=1200%2C628&ssl=1&resize=350%2C200","width":350,"height":200,"srcset":"https:\/\/i0.wp.com\/ismaelcolosi.com.br\/wp-content\/uploads\/2023\/12\/postimg-656a1a46c8a7f3088.jpg?fit=1200%2C628&ssl=1&resize=350%2C200 1x, https:\/\/i0.wp.com\/ismaelcolosi.com.br\/wp-content\/uploads\/2023\/12\/postimg-656a1a46c8a7f3088.jpg?fit=1200%2C628&ssl=1&resize=525%2C300 1.5x, https:\/\/i0.wp.com\/ismaelcolosi.com.br\/wp-content\/uploads\/2023\/12\/postimg-656a1a46c8a7f3088.jpg?fit=1200%2C628&ssl=1&resize=700%2C400 2x, https:\/\/i0.wp.com\/ismaelcolosi.com.br\/wp-content\/uploads\/2023\/12\/postimg-656a1a46c8a7f3088.jpg?fit=1200%2C628&ssl=1&resize=1050%2C600 3x"},"classes":[]},{"id":24719,"url":"https:\/\/ismaelcolosi.com.br\/index.php\/2024\/01\/04\/filhos-de-wanessa-camargo-vao-morar-com-o-ex-e-isis-valverde-site-expoe-a-motivacao\/","url_meta":{"origin":68124,"position":3},"title":"Filhos de Wanessa Camargo v\u00e3o morar com o ex e Isis Valverde, site exp\u00f5e a motiva\u00e7\u00e3o","author":"ismaelcolosi.com.br","date":"4 de January de 2024","format":false,"excerpt":"Come\u00e7ou a circular nas redes sociais a informa\u00e7\u00e3o de que os filhos de Wanessa Camargo est\u00e3o sob os cuidados da atriz Isis Valverde, ou seja, eles est\u00e3o morando na casa da artista mineira que est\u00e1 noiva do pai das crian\u00e7as, o empres\u00e1rio Marcus Buaiz.A motiva\u00e7\u00e3o da mudan\u00e7a dos filhos de\u2026","rel":"","context":"In &quot;Blog&quot;","block_context":{"text":"Blog","link":"https:\/\/ismaelcolosi.com.br\/index.php\/category\/blog\/"},"img":{"alt_text":"","src":"https:\/\/i0.wp.com\/ismaelcolosi.com.br\/wp-content\/uploads\/2024\/01\/postimg-6597695c068655282.jpg?fit=1200%2C628&ssl=1&resize=350%2C200","width":350,"height":200,"srcset":"https:\/\/i0.wp.com\/ismaelcolosi.com.br\/wp-content\/uploads\/2024\/01\/postimg-6597695c068655282.jpg?fit=1200%2C628&ssl=1&resize=350%2C200 1x, https:\/\/i0.wp.com\/ismaelcolosi.com.br\/wp-content\/uploads\/2024\/01\/postimg-6597695c068655282.jpg?fit=1200%2C628&ssl=1&resize=525%2C300 1.5x, https:\/\/i0.wp.com\/ismaelcolosi.com.br\/wp-content\/uploads\/2024\/01\/postimg-6597695c068655282.jpg?fit=1200%2C628&ssl=1&resize=700%2C400 2x, https:\/\/i0.wp.com\/ismaelcolosi.com.br\/wp-content\/uploads\/2024\/01\/postimg-6597695c068655282.jpg?fit=1200%2C628&ssl=1&resize=1050%2C600 3x"},"classes":[]},{"id":6033,"url":"https:\/\/ismaelcolosi.com.br\/index.php\/2023\/11\/24\/mae-da-atriz-mel-maia-usa-as-redes-sociais-apos-obito-do-filho-para-fazer-uma-homenagem\/","url_meta":{"origin":68124,"position":4},"title":"M\u00e3e da atriz Mel Maia usa as redes sociais ap\u00f3s \u00f3bito do filho para fazer uma homenagem","author":"ismaelcolosi.com.br","date":"24 de November de 2023","format":false,"excerpt":"Embora a maioria das pessoas tenham a impress\u00e3o de que os famosos e suas fam\u00edlias vivem dentro de um conto de fadas, conduto na realidade esmagadora dos casos, as celebridades tamb\u00e9m enfrentam grandes problemas, como por exemplo, enfermidades, mortes em fam\u00edlia e at\u00e9 mesmo casos de viol\u00eancia dom\u00e9stica.D\u00e9bora Maia, dona\u2026","rel":"","context":"In &quot;Blog&quot;","block_context":{"text":"Blog","link":"https:\/\/ismaelcolosi.com.br\/index.php\/category\/blog\/"},"img":{"alt_text":"","src":"https:\/\/i0.wp.com\/ismaelcolosi.com.br\/wp-content\/uploads\/2023\/11\/postimg-65614c8d8de788959.jpg?fit=1200%2C628&ssl=1&resize=350%2C200","width":350,"height":200,"srcset":"https:\/\/i0.wp.com\/ismaelcolosi.com.br\/wp-content\/uploads\/2023\/11\/postimg-65614c8d8de788959.jpg?fit=1200%2C628&ssl=1&resize=350%2C200 1x, https:\/\/i0.wp.com\/ismaelcolosi.com.br\/wp-content\/uploads\/2023\/11\/postimg-65614c8d8de788959.jpg?fit=1200%2C628&ssl=1&resize=525%2C300 1.5x, https:\/\/i0.wp.com\/ismaelcolosi.com.br\/wp-content\/uploads\/2023\/11\/postimg-65614c8d8de788959.jpg?fit=1200%2C628&ssl=1&resize=700%2C400 2x, https:\/\/i0.wp.com\/ismaelcolosi.com.br\/wp-content\/uploads\/2023\/11\/postimg-65614c8d8de788959.jpg?fit=1200%2C628&ssl=1&resize=1050%2C600 3x"},"classes":[]},{"id":25810,"url":"https:\/\/ismaelcolosi.com.br\/index.php\/2024\/01\/08\/atriz-que-viveu-romance-com-alexandre-frota-tem-falecimento-confirmado-e-ator-lamenta\/","url_meta":{"origin":68124,"position":5},"title":"Atriz que viveu romance com Alexandre Frota tem falecimento confirmado e ator lamenta","author":"ismaelcolosi.com.br","date":"8 de January de 2024","format":false,"excerpt":"De forma recente, no dia 4 de janeiro, foi confirmado o falecimento da atriz portuguesa Ana Afonso. Ela morreu aos 47 anos de idade, e at\u00e9 o momento, a causa de sua morte n\u00e3o foi exposta.Com uma carreira que abrangeu a moda e a televis\u00e3o, Ana, nascida no Algarve, destacou-se\u2026","rel":"","context":"In &quot;Blog&quot;","block_context":{"text":"Blog","link":"https:\/\/ismaelcolosi.com.br\/index.php\/category\/blog\/"},"img":{"alt_text":"","src":"https:\/\/i0.wp.com\/ismaelcolosi.com.br\/wp-content\/uploads\/2024\/01\/postimg-659c349fda8443608.jpg?fit=1200%2C628&ssl=1&resize=350%2C200","width":350,"height":200,"srcset":"https:\/\/i0.wp.com\/ismaelcolosi.com.br\/wp-content\/uploads\/2024\/01\/postimg-659c349fda8443608.jpg?fit=1200%2C628&ssl=1&resize=350%2C200 1x, https:\/\/i0.wp.com\/ismaelcolosi.com.br\/wp-content\/uploads\/2024\/01\/postimg-659c349fda8443608.jpg?fit=1200%2C628&ssl=1&resize=525%2C300 1.5x, https:\/\/i0.wp.com\/ismaelcolosi.com.br\/wp-content\/uploads\/2024\/01\/postimg-659c349fda8443608.jpg?fit=1200%2C628&ssl=1&resize=700%2C400 2x, https:\/\/i0.wp.com\/ismaelcolosi.com.br\/wp-content\/uploads\/2024\/01\/postimg-659c349fda8443608.jpg?fit=1200%2C628&ssl=1&resize=1050%2C600 3x"},"classes":[]}],"jetpack_sharing_enabled":true,"jetpack_shortlink":"https:\/\/wp.me\/pfMlyK-hIM","_links":{"self":[{"href":"https:\/\/ismaelcolosi.com.br\/index.php\/wp-json\/wp\/v2\/posts\/68124","targetHints":{"allow":["GET"]}}],"collection":[{"href":"https:\/\/ismaelcolosi.com.br\/index.php\/wp-json\/wp\/v2\/posts"}],"about":[{"href":"https:\/\/ismaelcolosi.com.br\/index.php\/wp-json\/wp\/v2\/types\/post"}],"author":[{"embeddable":true,"href":"https:\/\/ismaelcolosi.com.br\/index.php\/wp-json\/wp\/v2\/users\/1"}],"replies":[{"embeddable":true,"href":"https:\/\/ismaelcolosi.com.br\/index.php\/wp-json\/wp\/v2\/comments?post=68124"}],"version-history":[{"count":0,"href":"https:\/\/ismaelcolosi.com.br\/index.php\/wp-json\/wp\/v2\/posts\/68124\/revisions"}],"wp:featuredmedia":[{"embeddable":true,"href":"https:\/\/ismaelcolosi.com.br\/index.php\/wp-json\/wp\/v2\/media\/68125"}],"wp:attachment":[{"href":"https:\/\/ismaelcolosi.com.br\/index.php\/wp-json\/wp\/v2\/media?parent=68124"}],"wp:term":[{"taxonomy":"category","embeddable":true,"href":"https:\/\/ismaelcolosi.com.br\/index.php\/wp-json\/wp\/v2\/categories?post=68124"},{"taxonomy":"post_tag","embeddable":true,"href":"https:\/\/ismaelcolosi.com.br\/index.php\/wp-json\/wp\/v2\/tags?post=68124"}],"curies":[{"name":"wp","href":"https:\/\/api.w.org\/{rel}","templated":true}]}}