{"id":68112,"date":"2024-09-27T10:28:08","date_gmt":"2024-09-27T13:28:08","guid":{"rendered":"https:\/\/ismaelcolosi.com.br\/index.php\/2024\/09\/27\/caminhao-arrebenta-fiacao-e-desliga-semaforos-em-ribeirao-preto\/"},"modified":"2024-09-27T10:28:08","modified_gmt":"2024-09-27T13:28:08","slug":"caminhao-arrebenta-fiacao-e-desliga-semaforos-em-ribeirao-preto","status":"publish","type":"post","link":"https:\/\/ismaelcolosi.com.br\/index.php\/2024\/09\/27\/caminhao-arrebenta-fiacao-e-desliga-semaforos-em-ribeirao-preto\/","title":{"rendered":"Caminh\u00e3o arrebenta fia\u00e7\u00e3o e desliga sem\u00e1foros em Ribeir\u00e3o Preto"},"content":{"rendered":"<p> <br \/>\n<\/p>\n<div data-td-block-uid=\"tdi_106\">\n<div class=\"tdb-block-inner td-fix-index\">\n<p><strong>Sem\u00e1foros est\u00e3o fora de opera\u00e7\u00e3o nesta sexta-feira (27) em tr\u00eas cruzamentos da rua Rio Maroni, no Ipiranga, zona Norte de Ribeir\u00e3o Preto.<\/strong><\/p>\n<p>A RP Mobi informou que o problema ocorre nos cruzamentos com as ruas Porto Seguro, General C\u00e2mara e Tapaj\u00f3s, ap\u00f3s um caminh\u00e3o arrebentar a fia\u00e7\u00e3o. Assista ao v\u00eddeo abaixo.<\/p>\n<p>O equipamento na Rio Maroni com a Porto Seguro chegou a ficar pendurado pelo fio. Os cruzamentos da rua Rio Maroni com General C\u00e2mara e Tapaj\u00f3s tiveram o sistema desligdo, pois pertencem ao mesmo controlador.<\/p>\n<p>A RP Mobi disse que uma equipe atua para restabelecer o funcionamento e que agentes orientam o tr\u00e2nsito.<\/p>\n<p>A empresa, contudo, n\u00e3o informaou um prazo para concluir o reparo.<\/p>\n<blockquote class=\"instagram-media\" data-instgrm-permalink=\"https:\/\/www.instagram.com\/reel\/DAa-ufMN1Xq\/?utm_source=ig_embed&amp;utm_campaign=loading\" data-instgrm-version=\"14\" style=\" background:#FFF; border:0; border-radius:3px; box-shadow:0 0 1px 0 rgba(0,0,0,0.5),0 1px 10px 0 rgba(0,0,0,0.15); margin: 1px; max-width:540px; min-width:326px; padding:0; width:99.375%; width:-webkit-calc(100% - 2px); width:calc(100% - 2px);\"\/>\n<p>SAIBA MAIS<\/p>\n<p>Interior de SP segue com alerta de perigo para tempestade; Veja regi\u00f5es<\/p>\n<p><strong>FIQUE ON<\/strong><\/p>\n<p>Fique ligado em tudo que acontece em Ribeir\u00e3o Preto e regi\u00e3o. Siga os perfis do\u00a0<strong>acidade on\u00a0<\/strong>no\u00a0<a href=\"https:\/\/www.instagram.com\/acidadeonribeirao\" target=\"_blank\" rel=\"noreferrer noopener\">Instagram<\/a>\u00a0e no\u00a0<a href=\"https:\/\/www.facebook.com\/acidadeonribeirao\" target=\"_blank\" rel=\"noreferrer noopener\">Facebook<\/a>.<\/p>\n<p>Receba not\u00edcias do\u00a0<strong>acidade on<\/strong>\u00a0no WhatsApp. Para entrar no grupo, basta\u00a0<a href=\"https:\/\/chat.whatsapp.com\/Dtv9mxhy6V5BJBotM2OQ5k\" target=\"_blank\" rel=\"noreferrer noopener\">clicar aqui<\/a>.<\/p>\n<p>VEJA TAMB\u00c9M<\/p>\n<p>Quantas ondas de calor teve no Brasil esse ano?<\/p>\n<p><!-- CONTENT END 3 -->\n<\/div>\n<\/div>\n<p><script async src=\"\/\/www.instagram.com\/embed.js\"><\/script><br \/>\n<br \/><br \/>\n<br \/><a href=\"https:\/\/www.acidadeon.com\/ribeiraopreto\/cotidiano\/caminhao-arrebenta-fiacao-e-desliga-semaforos-em-ribeirao-preto\/\">Source link <\/a><\/p>\n","protected":false},"excerpt":{"rendered":"<p>Sem\u00e1foros est\u00e3o fora de opera\u00e7\u00e3o nesta sexta-feira (27) em tr\u00eas cruzamentos da rua Rio Maroni, no Ipiranga, zona Norte de Ribeir\u00e3o Preto. A RP Mobi&#8230;<\/p>\n","protected":false},"author":1,"featured_media":68113,"comment_status":"open","ping_status":"open","sticky":false,"template":"","format":"standard","meta":{"_uag_custom_page_level_css":"","advanced_seo_description":"","jetpack_seo_html_title":"","jetpack_seo_noindex":false,"jetpack_post_was_ever_published":false,"_jetpack_newsletter_access":"","_jetpack_dont_email_post_to_subs":false,"_jetpack_newsletter_tier_id":0,"_jetpack_memberships_contains_paywalled_content":false,"_jetpack_memberships_contains_paid_content":false,"footnotes":"","jetpack_publicize_message":"","jetpack_publicize_feature_enabled":true,"jetpack_social_post_already_shared":true,"jetpack_social_options":{"image_generator_settings":{"template":"highway","default_image_id":0,"font":"","enabled":false},"version":2}},"categories":[11],"tags":[],"class_list":["post-68112","post","type-post","status-publish","format-standard","has-post-thumbnail","hentry","category-noticias-de-ribeirao-preto-sp-e-regiao-ismael-colosi"],"jetpack_publicize_connections":[],"jetpack_featured_media_url":"https:\/\/i0.wp.com\/ismaelcolosi.com.br\/wp-content\/uploads\/2024\/09\/WhatsApp-Image-2024-09-27-at-10.16.17-1_2024-09-27_13-17-15_jpeg_2024-09-27_13-17-15.webp.webp?fit=475%2C396&ssl=1","uagb_featured_image_src":{"full":["https:\/\/i0.wp.com\/ismaelcolosi.com.br\/wp-content\/uploads\/2024\/09\/WhatsApp-Image-2024-09-27-at-10.16.17-1_2024-09-27_13-17-15_jpeg_2024-09-27_13-17-15.webp.webp?fit=475%2C396&ssl=1",475,396,false],"thumbnail":["https:\/\/i0.wp.com\/ismaelcolosi.com.br\/wp-content\/uploads\/2024\/09\/WhatsApp-Image-2024-09-27-at-10.16.17-1_2024-09-27_13-17-15_jpeg_2024-09-27_13-17-15.webp.webp?resize=150%2C150&ssl=1",150,150,true],"medium":["https:\/\/i0.wp.com\/ismaelcolosi.com.br\/wp-content\/uploads\/2024\/09\/WhatsApp-Image-2024-09-27-at-10.16.17-1_2024-09-27_13-17-15_jpeg_2024-09-27_13-17-15.webp.webp?fit=300%2C250&ssl=1",300,250,true],"medium_large":["https:\/\/i0.wp.com\/ismaelcolosi.com.br\/wp-content\/uploads\/2024\/09\/WhatsApp-Image-2024-09-27-at-10.16.17-1_2024-09-27_13-17-15_jpeg_2024-09-27_13-17-15.webp.webp?fit=475%2C396&ssl=1",475,396,true],"large":["https:\/\/i0.wp.com\/ismaelcolosi.com.br\/wp-content\/uploads\/2024\/09\/WhatsApp-Image-2024-09-27-at-10.16.17-1_2024-09-27_13-17-15_jpeg_2024-09-27_13-17-15.webp.webp?fit=475%2C396&ssl=1",475,396,true],"1536x1536":["https:\/\/i0.wp.com\/ismaelcolosi.com.br\/wp-content\/uploads\/2024\/09\/WhatsApp-Image-2024-09-27-at-10.16.17-1_2024-09-27_13-17-15_jpeg_2024-09-27_13-17-15.webp.webp?fit=475%2C396&ssl=1",475,396,true],"2048x2048":["https:\/\/i0.wp.com\/ismaelcolosi.com.br\/wp-content\/uploads\/2024\/09\/WhatsApp-Image-2024-09-27-at-10.16.17-1_2024-09-27_13-17-15_jpeg_2024-09-27_13-17-15.webp.webp?fit=475%2C396&ssl=1",475,396,true],"really-simple-thumb":["https:\/\/i0.wp.com\/ismaelcolosi.com.br\/wp-content\/uploads\/2024\/09\/WhatsApp-Image-2024-09-27-at-10.16.17-1_2024-09-27_13-17-15_jpeg_2024-09-27_13-17-15.webp.webp?resize=370%2C247&ssl=1",370,247,true]},"uagb_author_info":{"display_name":"ismaelcolosi.com.br","author_link":"https:\/\/ismaelcolosi.com.br\/index.php\/author\/vidareal-online\/"},"uagb_comment_info":0,"uagb_excerpt":"Sem\u00e1foros est\u00e3o fora de opera\u00e7\u00e3o nesta sexta-feira (27) em tr\u00eas cruzamentos da rua Rio Maroni, no Ipiranga, zona Norte de Ribeir\u00e3o Preto. A RP Mobi...","jetpack-related-posts":[{"id":46968,"url":"https:\/\/ismaelcolosi.com.br\/index.php\/2024\/04\/16\/pela-4a-vez-no-ano-furto-de-fios-prejudica-funcionamento-de-semaforos-na-zona-norte-de-ribeirao\/","url_meta":{"origin":68112,"position":0},"title":"Pela 4\u00aa vez no ano, furto de fios prejudica funcionamento de sem\u00e1foros na zona Norte de Ribeir\u00e3o","author":"ismaelcolosi.com.br","date":"16 de April de 2024","format":false,"excerpt":"O furto de fios voltou a afetar o funcionamento de sem\u00e1foros nesta ter\u00e7a-feira (16) em ao menos tr\u00eas cruzamentos na zona Norte de Ribeir\u00e3o Preto. Veja as ruas com problemas na sinaliza\u00e7\u00e3o de sem\u00e1foro: Rio Maroni com Porto Seguro Rio Maroni com General C\u00e2mara Rio Maroni com Tapaj\u00f3s O que\u2026","rel":"","context":"In &quot;Not\u00edcias de Ribeir\u00e3o Preto-SP e Regi\u00e3o&quot;","block_context":{"text":"Not\u00edcias de Ribeir\u00e3o Preto-SP e Regi\u00e3o","link":"https:\/\/ismaelcolosi.com.br\/index.php\/category\/noticias-de-ribeirao-preto-sp-e-regiao-ismael-colosi\/"},"img":{"alt_text":"","src":"https:\/\/i0.wp.com\/ismaelcolosi.com.br\/wp-content\/uploads\/2024\/04\/semaforo-2.webp.webp?fit=1200%2C737&ssl=1&resize=350%2C200","width":350,"height":200,"srcset":"https:\/\/i0.wp.com\/ismaelcolosi.com.br\/wp-content\/uploads\/2024\/04\/semaforo-2.webp.webp?fit=1200%2C737&ssl=1&resize=350%2C200 1x, https:\/\/i0.wp.com\/ismaelcolosi.com.br\/wp-content\/uploads\/2024\/04\/semaforo-2.webp.webp?fit=1200%2C737&ssl=1&resize=525%2C300 1.5x, https:\/\/i0.wp.com\/ismaelcolosi.com.br\/wp-content\/uploads\/2024\/04\/semaforo-2.webp.webp?fit=1200%2C737&ssl=1&resize=700%2C400 2x, https:\/\/i0.wp.com\/ismaelcolosi.com.br\/wp-content\/uploads\/2024\/04\/semaforo-2.webp.webp?fit=1200%2C737&ssl=1&resize=1050%2C600 3x"},"classes":[]},{"id":33906,"url":"https:\/\/ismaelcolosi.com.br\/index.php\/2024\/01\/31\/furto-de-fios-interrompe-funcionamento-de-semaforos-na-zona-norte-de-ribeirao\/","url_meta":{"origin":68112,"position":1},"title":"Furto de fios interrompe funcionamento de sem\u00e1foros na zona Norte de Ribeir\u00e3o","author":"ismaelcolosi.com.br","date":"31 de January de 2024","format":false,"excerpt":"O furto de fios de energia el\u00e9trica prejudicou o funcionamento de sem\u00e1foros na manh\u00e3 desta quarta-feira (31), no bairro Ipiranga, zona Norte de Ribeir\u00e3o Preto. O problema ocorre nos seguintes cruzamentos: rua Rio Maroni com rua Porto Seguro, Rio Maroni com General C\u00e2mara e Rio Maroni com Tapaj\u00f3s. A RP\u2026","rel":"","context":"In &quot;Not\u00edcias de Ribeir\u00e3o Preto-SP e Regi\u00e3o&quot;","block_context":{"text":"Not\u00edcias de Ribeir\u00e3o Preto-SP e Regi\u00e3o","link":"https:\/\/ismaelcolosi.com.br\/index.php\/category\/noticias-de-ribeirao-preto-sp-e-regiao-ismael-colosi\/"},"img":{"alt_text":"","src":"https:\/\/i0.wp.com\/ismaelcolosi.com.br\/wp-content\/uploads\/2024\/01\/SEMAFORO.jpg?fit=1200%2C671&ssl=1&resize=350%2C200","width":350,"height":200,"srcset":"https:\/\/i0.wp.com\/ismaelcolosi.com.br\/wp-content\/uploads\/2024\/01\/SEMAFORO.jpg?fit=1200%2C671&ssl=1&resize=350%2C200 1x, https:\/\/i0.wp.com\/ismaelcolosi.com.br\/wp-content\/uploads\/2024\/01\/SEMAFORO.jpg?fit=1200%2C671&ssl=1&resize=525%2C300 1.5x, https:\/\/i0.wp.com\/ismaelcolosi.com.br\/wp-content\/uploads\/2024\/01\/SEMAFORO.jpg?fit=1200%2C671&ssl=1&resize=700%2C400 2x, https:\/\/i0.wp.com\/ismaelcolosi.com.br\/wp-content\/uploads\/2024\/01\/SEMAFORO.jpg?fit=1200%2C671&ssl=1&resize=1050%2C600 3x"},"classes":[]},{"id":46746,"url":"https:\/\/ismaelcolosi.com.br\/index.php\/2024\/04\/14\/semaforos-em-rua-da-zona-norte-de-ribeirao-preto-apresentam-pane-saiba-o-motivo-2\/","url_meta":{"origin":68112,"position":2},"title":"Sem\u00e1foros em rua da zona Norte de Ribeir\u00e3o Preto apresentam pane; Saiba o motivo","author":"ismaelcolosi.com.br","date":"14 de April de 2024","format":false,"excerpt":"Os motoristas que passarem por toda extens\u00e3o da rua Rio Maroni, na zona Norte de Ribeir\u00e3o Preto devem ter aten\u00e7\u00e3o redobrada nos cruzamentos. A sinaliza\u00e7\u00e3o semaf\u00f3rica da rua n\u00e3o est\u00e1 funcionando normalmente. O motivo foi que fios foram furtados na madrugada deste domingo (14), segundo a RP Mobi, empresa que\u2026","rel":"","context":"In &quot;Not\u00edcias de Ribeir\u00e3o Preto-SP e Regi\u00e3o&quot;","block_context":{"text":"Not\u00edcias de Ribeir\u00e3o Preto-SP e Regi\u00e3o","link":"https:\/\/ismaelcolosi.com.br\/index.php\/category\/noticias-de-ribeirao-preto-sp-e-regiao-ismael-colosi\/"},"img":{"alt_text":"","src":"https:\/\/i0.wp.com\/ismaelcolosi.com.br\/wp-content\/uploads\/2024\/04\/Copia-de-Copia-de-TAMANHO-EXATO-PARA-FOTOS-NO-SISTEMA-NOVO-32.webp.webp?fit=1200%2C675&ssl=1&resize=350%2C200","width":350,"height":200,"srcset":"https:\/\/i0.wp.com\/ismaelcolosi.com.br\/wp-content\/uploads\/2024\/04\/Copia-de-Copia-de-TAMANHO-EXATO-PARA-FOTOS-NO-SISTEMA-NOVO-32.webp.webp?fit=1200%2C675&ssl=1&resize=350%2C200 1x, https:\/\/i0.wp.com\/ismaelcolosi.com.br\/wp-content\/uploads\/2024\/04\/Copia-de-Copia-de-TAMANHO-EXATO-PARA-FOTOS-NO-SISTEMA-NOVO-32.webp.webp?fit=1200%2C675&ssl=1&resize=525%2C300 1.5x, https:\/\/i0.wp.com\/ismaelcolosi.com.br\/wp-content\/uploads\/2024\/04\/Copia-de-Copia-de-TAMANHO-EXATO-PARA-FOTOS-NO-SISTEMA-NOVO-32.webp.webp?fit=1200%2C675&ssl=1&resize=700%2C400 2x, https:\/\/i0.wp.com\/ismaelcolosi.com.br\/wp-content\/uploads\/2024\/04\/Copia-de-Copia-de-TAMANHO-EXATO-PARA-FOTOS-NO-SISTEMA-NOVO-32.webp.webp?fit=1200%2C675&ssl=1&resize=1050%2C600 3x"},"classes":[]},{"id":46744,"url":"https:\/\/ismaelcolosi.com.br\/index.php\/2024\/04\/14\/semaforos-em-rua-da-zona-norte-de-ribeirao-preto-apresentam-pane-saiba-o-motivo\/","url_meta":{"origin":68112,"position":3},"title":"Sem\u00e1foros em rua da zona Norte de Ribeir\u00e3o Preto apresentam pane; Saiba o motivo","author":"ismaelcolosi.com.br","date":"14 de April de 2024","format":false,"excerpt":"Os motoristas que passarem por toda extens\u00e3o da rua Rio Maroni, na zona Norte de Ribeir\u00e3o Preto devem ter aten\u00e7\u00e3o redobrada nos cruzamentos. A sinaliza\u00e7\u00e3o semaf\u00f3rica da rua n\u00e3o est\u00e1 funcionando normalmente. O motivo ainda deve ser confirmado pela RP Mobi, empresa que gerencia o tr\u00e2nsito e o transporte coletivo\u2026","rel":"","context":"In &quot;Not\u00edcias de Ribeir\u00e3o Preto-SP e Regi\u00e3o&quot;","block_context":{"text":"Not\u00edcias de Ribeir\u00e3o Preto-SP e Regi\u00e3o","link":"https:\/\/ismaelcolosi.com.br\/index.php\/category\/noticias-de-ribeirao-preto-sp-e-regiao-ismael-colosi\/"},"img":{"alt_text":"","src":"https:\/\/i0.wp.com\/ismaelcolosi.com.br\/wp-content\/uploads\/2024\/04\/Copia-de-Copia-de-TAMANHO-EXATO-PARA-FOTOS-NO-SISTEMA-NOVO-32.webp.webp?fit=1200%2C675&ssl=1&resize=350%2C200","width":350,"height":200,"srcset":"https:\/\/i0.wp.com\/ismaelcolosi.com.br\/wp-content\/uploads\/2024\/04\/Copia-de-Copia-de-TAMANHO-EXATO-PARA-FOTOS-NO-SISTEMA-NOVO-32.webp.webp?fit=1200%2C675&ssl=1&resize=350%2C200 1x, https:\/\/i0.wp.com\/ismaelcolosi.com.br\/wp-content\/uploads\/2024\/04\/Copia-de-Copia-de-TAMANHO-EXATO-PARA-FOTOS-NO-SISTEMA-NOVO-32.webp.webp?fit=1200%2C675&ssl=1&resize=525%2C300 1.5x, https:\/\/i0.wp.com\/ismaelcolosi.com.br\/wp-content\/uploads\/2024\/04\/Copia-de-Copia-de-TAMANHO-EXATO-PARA-FOTOS-NO-SISTEMA-NOVO-32.webp.webp?fit=1200%2C675&ssl=1&resize=700%2C400 2x, https:\/\/i0.wp.com\/ismaelcolosi.com.br\/wp-content\/uploads\/2024\/04\/Copia-de-Copia-de-TAMANHO-EXATO-PARA-FOTOS-NO-SISTEMA-NOVO-32.webp.webp?fit=1200%2C675&ssl=1&resize=1050%2C600 3x"},"classes":[]},{"id":36193,"url":"https:\/\/ismaelcolosi.com.br\/index.php\/2024\/02\/08\/chuva-provoca-enxurrada-e-pontos-de-alagamento-em-ribeirao-preto\/","url_meta":{"origin":68112,"position":4},"title":"Chuva provoca enxurrada e pontos de alagamento em Ribeir\u00e3o Preto","author":"ismaelcolosi.com.br","date":"8 de February de 2024","format":false,"excerpt":"A chuva que atingiu Ribeir\u00e3o Preto na tarde desta quinta-feira (8) provocou pontos de alagamento e enxurradas \u2013 veja o v\u00eddeo abaixo. Entre os locais afetados est\u00e3o ruas do Centro e a avenida Caramuru. Entre os pontos de alagamento, est\u00e1 o cruzamento das ruas Bernardino de Campos e S\u00e3o Jos\u00e9,\u2026","rel":"","context":"In &quot;Not\u00edcias de Ribeir\u00e3o Preto-SP e Regi\u00e3o&quot;","block_context":{"text":"Not\u00edcias de Ribeir\u00e3o Preto-SP e Regi\u00e3o","link":"https:\/\/ismaelcolosi.com.br\/index.php\/category\/noticias-de-ribeirao-preto-sp-e-regiao-ismael-colosi\/"},"img":{"alt_text":"","src":"https:\/\/i0.wp.com\/ismaelcolosi.com.br\/wp-content\/uploads\/2024\/02\/chuva-centro.jpg?fit=1029%2C582&ssl=1&resize=350%2C200","width":350,"height":200,"srcset":"https:\/\/i0.wp.com\/ismaelcolosi.com.br\/wp-content\/uploads\/2024\/02\/chuva-centro.jpg?fit=1029%2C582&ssl=1&resize=350%2C200 1x, https:\/\/i0.wp.com\/ismaelcolosi.com.br\/wp-content\/uploads\/2024\/02\/chuva-centro.jpg?fit=1029%2C582&ssl=1&resize=525%2C300 1.5x, https:\/\/i0.wp.com\/ismaelcolosi.com.br\/wp-content\/uploads\/2024\/02\/chuva-centro.jpg?fit=1029%2C582&ssl=1&resize=700%2C400 2x"},"classes":[]},{"id":61423,"url":"https:\/\/ismaelcolosi.com.br\/index.php\/2024\/08\/21\/veja-quando-sera-concluida-a-primeira-fase-de-contrato-milionario-em-ribeirao-preto\/","url_meta":{"origin":68112,"position":5},"title":"Veja quando ser\u00e1 conclu\u00edda a primeira fase de contrato milion\u00e1rio em Ribeir\u00e3o Preto","author":"ismaelcolosi.com.br","date":"21 de August de 2024","format":false,"excerpt":"A RP Mobi, empresa respons\u00e1vel pelo gerenciamento do tr\u00e2nsito em Ribeir\u00e3o Preto, informou que a primeira fase da implanta\u00e7\u00e3o do ITS (Sistema Inteligente de Transporte), os sem\u00e1foros inteligentes, deve ser conclu\u00edda apenas em 2025. Segundo a empresa, o trabalho \u00e9 \u201ccomplexo\u201d. Ao todo, o sistema vai custar R$ 19.499.892,02 aos\u2026","rel":"","context":"In &quot;Not\u00edcias de Ribeir\u00e3o Preto-SP e Regi\u00e3o&quot;","block_context":{"text":"Not\u00edcias de Ribeir\u00e3o Preto-SP e Regi\u00e3o","link":"https:\/\/ismaelcolosi.com.br\/index.php\/category\/noticias-de-ribeirao-preto-sp-e-regiao-ismael-colosi\/"},"img":{"alt_text":"","src":"https:\/\/i0.wp.com\/ismaelcolosi.com.br\/wp-content\/uploads\/2024\/08\/avenida-presidente-vargas_2024-08-21_19-31-33_jpg_2024-08-21_19-31-33.webp.webp?fit=977%2C607&ssl=1&resize=350%2C200","width":350,"height":200,"srcset":"https:\/\/i0.wp.com\/ismaelcolosi.com.br\/wp-content\/uploads\/2024\/08\/avenida-presidente-vargas_2024-08-21_19-31-33_jpg_2024-08-21_19-31-33.webp.webp?fit=977%2C607&ssl=1&resize=350%2C200 1x, https:\/\/i0.wp.com\/ismaelcolosi.com.br\/wp-content\/uploads\/2024\/08\/avenida-presidente-vargas_2024-08-21_19-31-33_jpg_2024-08-21_19-31-33.webp.webp?fit=977%2C607&ssl=1&resize=525%2C300 1.5x, https:\/\/i0.wp.com\/ismaelcolosi.com.br\/wp-content\/uploads\/2024\/08\/avenida-presidente-vargas_2024-08-21_19-31-33_jpg_2024-08-21_19-31-33.webp.webp?fit=977%2C607&ssl=1&resize=700%2C400 2x"},"classes":[]}],"jetpack_sharing_enabled":true,"jetpack_shortlink":"https:\/\/wp.me\/pfMlyK-hIA","_links":{"self":[{"href":"https:\/\/ismaelcolosi.com.br\/index.php\/wp-json\/wp\/v2\/posts\/68112","targetHints":{"allow":["GET"]}}],"collection":[{"href":"https:\/\/ismaelcolosi.com.br\/index.php\/wp-json\/wp\/v2\/posts"}],"about":[{"href":"https:\/\/ismaelcolosi.com.br\/index.php\/wp-json\/wp\/v2\/types\/post"}],"author":[{"embeddable":true,"href":"https:\/\/ismaelcolosi.com.br\/index.php\/wp-json\/wp\/v2\/users\/1"}],"replies":[{"embeddable":true,"href":"https:\/\/ismaelcolosi.com.br\/index.php\/wp-json\/wp\/v2\/comments?post=68112"}],"version-history":[{"count":0,"href":"https:\/\/ismaelcolosi.com.br\/index.php\/wp-json\/wp\/v2\/posts\/68112\/revisions"}],"wp:featuredmedia":[{"embeddable":true,"href":"https:\/\/ismaelcolosi.com.br\/index.php\/wp-json\/wp\/v2\/media\/68113"}],"wp:attachment":[{"href":"https:\/\/ismaelcolosi.com.br\/index.php\/wp-json\/wp\/v2\/media?parent=68112"}],"wp:term":[{"taxonomy":"category","embeddable":true,"href":"https:\/\/ismaelcolosi.com.br\/index.php\/wp-json\/wp\/v2\/categories?post=68112"},{"taxonomy":"post_tag","embeddable":true,"href":"https:\/\/ismaelcolosi.com.br\/index.php\/wp-json\/wp\/v2\/tags?post=68112"}],"curies":[{"name":"wp","href":"https:\/\/api.w.org\/{rel}","templated":true}]}}