{"id":68103,"date":"2024-09-27T09:58:29","date_gmt":"2024-09-27T12:58:29","guid":{"rendered":"https:\/\/ismaelcolosi.com.br\/index.php\/2024\/09\/27\/luisa-sonza-oktobefest-e-muita-coxinha-veja-agenda-do-fim-de-semana-em-ribeirao-preto\/"},"modified":"2024-09-27T09:58:29","modified_gmt":"2024-09-27T12:58:29","slug":"luisa-sonza-oktobefest-e-muita-coxinha-veja-agenda-do-fim-de-semana-em-ribeirao-preto","status":"publish","type":"post","link":"https:\/\/ismaelcolosi.com.br\/index.php\/2024\/09\/27\/luisa-sonza-oktobefest-e-muita-coxinha-veja-agenda-do-fim-de-semana-em-ribeirao-preto\/","title":{"rendered":"Lu\u00edsa Sonza, Oktobefest e muita coxinha: Veja agenda do fim de semana em Ribeir\u00e3o Preto"},"content":{"rendered":"<p> <br \/>\n<\/p>\n<div>\n<p>Para encerrar setembro com muita agita\u00e7\u00e3o, a <strong>agenda cultural<\/strong> deste fim de semana em <strong>Ribeir\u00e3o Preto<\/strong> conta com diversas atividades para diferentes idades e gostos. Entre os destaques, tem show da cantora <strong>Lu\u00edsa Sonza<\/strong>, <strong>Oktoberfest Ribeir\u00e3o<\/strong>, o<strong> Vila Dion\u00edsio Festival <\/strong>e a pe\u00e7a <strong>Mem\u00f3rias do Vinho<\/strong>. Confira.<\/p>\n<h4 class=\"wp-block-heading\"><strong>Festival Vira Copos<\/strong><\/h4>\n<p>Neste <strong>s\u00e1bado (28)<\/strong>, a cantora pop <strong>Lu\u00edsa Sonza<\/strong> sobe ao palco do <strong>Festival Vira Copos<\/strong>. O evento tem in\u00edcio \u00e0s <strong>16h <\/strong>e os ingressos podem ser adquiridos <strong>on-line<\/strong> (<a href=\"https:\/\/www.oticket.com.br\/event\/3491?commissioner=255436\" target=\"_blank\" rel=\"noreferrer noopener\">clique aqui<\/a>), a partir de <strong>R$ 100<\/strong> <strong>(meia-entrada)<\/strong>. O festival segue com <strong>mais de 13 horas de m\u00fasica<\/strong>, entre os ritmos de trap, funk e eletr\u00f4nica, entre as atra\u00e7\u00f5es est\u00e3o: <strong>MC Hariel, MC PH, Wiu e DJ Topo<\/strong>.<\/p>\n<h4 class=\"wp-block-heading\"><strong>Oktoberfest Ribeir\u00e3o 2024<\/strong><\/h4>\n<p>Com a proposta de proporcionar uma verdadeira imers\u00e3o no universo alem\u00e3o, o evento que integra a programa\u00e7\u00e3o da agenda cultural de <strong>Ribeir\u00e3o Preto<\/strong>, conta com pratos t\u00edpicos e\u00a0<em>food trucks<\/em>\u00a0de hamb\u00farguer, pastel e pizza, al\u00e9m de programa\u00e7\u00e3o musical. O <strong>Oktoberfest <\/strong>acontece no <strong>parque Lu\u00eds Carlos Raya<\/strong> e conta com<strong> entrada gratuita<\/strong>. A abertura nesta <strong>sexta-feira (27)<\/strong> \u00e9 \u00e0s <strong>16h<\/strong>, e, no <strong>s\u00e1bado (28)<\/strong> e <strong>domingo (29)<\/strong>, \u00e0s <strong>12h<\/strong>.\u00a0<\/p>\n<h4 class=\"wp-block-heading\"><strong>Vila Dion\u00edsio Festival<\/strong><\/h4>\n<p>O shopping\u00a0<strong>Iguatemi de Ribeir\u00e3o Preto<\/strong>\u00a0recebe desde a \u00faltima quinta-feira (26) o <strong>Vila Dion\u00edsio Festival<\/strong>, que segue at\u00e9 o\u00a0<strong>domingo (29)<\/strong>. O evento acontece no estacionamento do<strong>\u00a0shopping<\/strong>\u00a0e contar\u00e1 com\u00a0<strong>17 sabores de coxinha<\/strong>,\u00a0<strong>atra\u00e7\u00f5es musicais<\/strong>\u00a0e muito chope. A entrada \u00e9 gratuita, a partir das 16h.<\/p>\n<h4 class=\"wp-block-heading\"><strong>Mem\u00f3rias do Vinho<\/strong><\/h4>\n<p>A pe\u00e7a <strong>Mem\u00f3rias do Vinho<\/strong> tamb\u00e9m faz parte da programa\u00e7\u00e3o cultural do fim de semana em Ribeir\u00e3o Preto, os atores <strong>Caio Blat<\/strong> e <strong>Herson Capri<\/strong> interpretam pai e filho, que est\u00e3o h\u00e1 anos afastados e acabem se reunindo por necessidade. A apresenta\u00e7\u00e3o est\u00e1 prevista para \u00e0s<strong> 20h<\/strong>, neste <strong>s\u00e1bado (28)<\/strong>. Os ingressos podem ser adquiridos <strong>on-line<\/strong> (<a href=\"https:\/\/www.megabilheteria.com\/evento?id=20240809165620\" target=\"_blank\" rel=\"noreferrer noopener\">clique aqui<\/a>), a partir de<strong> R$ 60 (meia-entrada)<\/strong>.<\/p>\n<h4 class=\"wp-block-heading\"><strong>Dilatados<\/strong><\/h4>\n<p>Um dos destaques da programa\u00e7\u00e3o deste fim de semana \u00e9 a apresenta\u00e7\u00e3o do humorista <strong>Marco Luque<\/strong> com \u201c<strong>Dilatados<\/strong>\u201d, no<strong> Theatro Pedro II<\/strong>. O espet\u00e1culo apresenta <strong>Mustafary<\/strong>, um vegetariano ir\u00f4nico e controverso, que prega a sustentabilidade do planeta, ama os animais, a natureza e, principalmente, seu cachorro \u2018<strong>Serumaninho<\/strong>\u2019.<\/p>\n<p>Al\u00e9m dele, o humorista tamb\u00e9m traz <strong>Jackson Faive<\/strong> aos palcos, o motoboy paulistano mais famoso do <strong>Brasil<\/strong>, que vai conversar sobre tudo de mais dilatado que vem acontecendo nesta biosfera terrestre. A apresenta\u00e7\u00e3o \u00e9 \u00e0s <strong>20h<\/strong>, nesta <strong>sexta-feira (27)<\/strong>. Ingressos podem ser comprados <strong>on-line<\/strong> <strong>(<\/strong><a href=\"https:\/\/www.ingressodigital.com\/evento\/12119\/Marco_Luque__Dilatados\" target=\"_blank\" rel=\"noreferrer noopener\"><strong>clique aqui<\/strong><\/a><strong>)<\/strong>, a partir de<strong> R$ 50 (meia-entrada)<\/strong>.<\/p>\n<figure class=\"wp-block-image size-large is-resized\"><img data-recalc-dims=\"1\" loading=\"lazy\" decoding=\"async\" src=\"https:\/\/i0.wp.com\/www.acidadeon.com\/ribeiraopreto\/wp-content\/uploads\/sites\/3\/2024\/08\/438844151_18429265822027693_9171717195427343944_n_2024-08-18_15-01-42_jpg_2024-08-18_15-01-42-1024x683.webp?resize=674%2C467&#038;ssl=1\" alt=\"\" class=\"wp-image-90612\" width=\"674\" height=\"467\"\/><figcaption class=\"wp-element-caption\">Marco Luqe interpreta Jackson Faive, o motoboy paulistano mais famoso do Brasil. (Foto: Reprodu\u00e7\u00e3o\/ Redes sociais\/ Marco Luque)<\/figcaption><\/figure>\n<h4 class=\"wp-block-heading\"><strong>V\u00e1 Idosas<\/strong><\/h4>\n<p>Neste espet\u00e1culo, as personagens <strong>Geni (Cleber Parpinelli)<\/strong> e <strong>Lurdes (Roy Degrossoli)<\/strong>, duas senhorinhas cheias de energia, abordam assuntos atuais e de relev\u00e2ncia nacional de forma bem humorada e descontra\u00edda. Os <strong>ingressos<\/strong> podem ser adquiridos <strong>on-line (<a href=\"https:\/\/megabilheteria.com\/evento?id=20240715151312\">clique aqui<\/a>)<\/strong>, a partir de <strong>R$ 30 (meia-entrada)<\/strong>. A apresenta\u00e7\u00e3o pode ser vista a partir das<strong> 20h<\/strong>, desta <strong>sexta-feira (27)<\/strong>, no <strong>Teatro Municipal<\/strong>.<\/p>\n<h4 class=\"wp-block-heading\"><strong>Arena Prog<\/strong><\/h4>\n<p>O evento proporciona uma imers\u00e3o total no universo do rock progressivo, celebrando os cl\u00e1ssicos da banda <strong>Pink Floyd<\/strong> em <strong>tr\u00eas atos<\/strong>, sendo o primeiro a reprodu\u00e7\u00e3o na integra do espet\u00e1culo realizado na <strong>Arena de Pomp\u00e9ia<\/strong>, em <strong>1972<\/strong>. O ato <strong>2<\/strong>, celebra os <strong>50 anos<\/strong> do \u00e1lbum <strong>The Dark Side Of The Moon<\/strong>, de<strong> 1973<\/strong>. E por \u00faltimo, uma viagem pelas grandes m\u00fasicas da banda de todos os tempos.<\/p>\n<p>A abertura fica por conta do <strong>DJ Freddy<\/strong>, que far\u00e1 discotecagem em vinil de rock progressivo. O evento acontece das <strong>17h \u00e0s 22h<\/strong>, neste <strong>s\u00e1bado (28)<\/strong>, no <strong>Teatro de Arena \u2018Jaime Zeiger\u2019<\/strong>. Menores de idade s\u00f3 podem entrar se estiverem acompanhados dos pais ou respons\u00e1vel. Ingressos a partir de <strong>R$ 50 (promocional e meia-entrada)<\/strong>, no site<strong> (<a href=\"https:\/\/www.bilheto.com.br\/comprar\/2678\/arena-prog-%E2%96-celebracao-pink-floyd-em-3-atos\">clique aqui<\/a>)<\/strong>.<\/p>\n<h4 class=\"wp-block-heading\"><strong>3x Teatro Infantil<\/strong><\/h4>\n<p>Para a crian\u00e7ada, a agenda cultural conta com a programa\u00e7\u00e3o do <strong>Theatro Pedro II<\/strong>, que ser\u00e1 palco de\u00a0<strong>tr\u00eas pe\u00e7as de teatro infantis<\/strong>\u00a0neste <strong>domingo (29)<\/strong>, sendo \u00e0s<strong> 11h<\/strong>, \u00e0s <strong>16h<\/strong> e \u00e0s <strong>19h<\/strong>. As pe\u00e7as escolhidas foram \u201c<strong>O Casamento da Dona Baratinha<\/strong>\u201d, \u201c<strong>Os Tr\u00eas Porquinhos<\/strong>\u201d e \u201c<strong>Aventuras da Turma do S\u00edtio<\/strong>\u201d. Embora todas as apresenta\u00e7\u00f5es acontecerem no mesmo dia, cada espet\u00e1culo conta com um ingresso diferente.<\/p>\n<p>Os bilhetes podem ser adquiridos\u00a0<strong>on-line\u00a0<\/strong>(<a href=\"https:\/\/www.megabilheteria.com\/agenda\/ribeirao-preto\" target=\"_blank\" rel=\"noreferrer noopener\">clique aqui<\/a>) e variam entre<strong>\u00a0R$ 10<\/strong>\u00a0a\u00a0<strong>R$ 30<\/strong>, dependendo do setor escolhido.\u00a0Crian\u00e7as de at\u00e9 <strong>1 ano n\u00e3o pagam<\/strong> e de<strong> 2 anos ou mais pagam meia-entrada<\/strong>.<\/p>\n<h4 class=\"wp-block-heading\"><strong>N\u00e3o Aprendi Dizer Adeus<\/strong><\/h4>\n<p>O <strong>Teatro SantaRosa<\/strong> conta com a apresenta\u00e7\u00e3o gratuita da pe\u00e7a \u201c<strong>N\u00e3o Aprendi Dizer Adeus<\/strong>\u201d, nesta <strong>sexta-feira (27)<\/strong>, \u00e0s<strong> 20h<\/strong>. Na hist\u00f3ria, <strong>Leila<\/strong> est\u00e1 entre a vida e a morte, e de maneira atrapalhada, ela tenta escapar do inevit\u00e1vel.<\/p>\n<p>Ao lidar com seu apego, convida o p\u00fablico a fazer o mesmo e, como num ritual, tentar\u00e3o juntos aprender a dizer adeus. Para participar, \u00e9 necess\u00e1rio retirar os ingressos uma hora antes do espet\u00e1culo come\u00e7ar.<\/p>\n<figure class=\"wp-block-image size-full is-resized\"><img data-recalc-dims=\"1\" decoding=\"async\" loading=\"lazy\" src=\"https:\/\/i0.wp.com\/www.acidadeon.com\/ribeiraopreto\/wp-content\/uploads\/sites\/3\/2024\/09\/Capturar_2024-09-27_11-49-47_jpg_2024-09-27_11-49-47.webp?resize=520%2C363&#038;ssl=1\" alt=\"\" class=\"wp-image-94545\" width=\"520\" height=\"363\"\/><\/figure>\n<h4 class=\"wp-block-heading\"><strong>Cabar\u00e9 Noite de Palha\u00e7aria<\/strong><\/h4>\n<p>A programa\u00e7\u00e3o cultural do <strong>Teatro Santarosa <\/strong>segue no <strong>s\u00e1bado (28)<\/strong>, com uma noite de palha\u00e7aria em que diversos personagens c\u00f4micos dividem o mesmo palco. A apresenta\u00e7\u00e3o acontece \u00e0s <strong>20h<\/strong> e conta com <strong>entrada gratuita<\/strong>, por\u00e9m, \u00e9 necess\u00e1rio <mark style=\"background-color:#fcb900\" class=\"has-inline-color has-black-color\">retirar ingressos com uma hora de anteced\u00eancia.<\/mark> <\/p>\n<h4 class=\"wp-block-heading\"><strong>Bruno Del Rey &amp; A Corte Retr\u00f4<\/strong><\/h4>\n<p>Este show traz ao palco sons de metais e <em>groove<\/em>, o repert\u00f3rio apresenta m\u00fasicas autorais e de artistas como <strong>Marvin Gaye<\/strong>, <strong>James Brown<\/strong>, <strong>Al Green<\/strong>, <strong>Roberto Carlos<\/strong>, <strong>Tim Maia<\/strong> e <strong>Caetano Veloso<\/strong>.<\/p>\n<p>O show acontece no <strong>domingo (29)<\/strong>, \u00e0s<strong> 16h<\/strong>, na \u00e1rea de <strong>Conviv\u00eancia do Sesc Ribeir\u00e3o Preto<\/strong> e conta com <strong>entrada gratuita<\/strong>.<\/p>\n<h4 class=\"wp-block-heading\"><strong>Anivers\u00e1rio do Mercad\u00e3o de Ribeir\u00e3o Preto<\/strong><\/h4>\n<p>O\u00a0<strong>Mercad\u00e3o Central de Ribeir\u00e3o Preto<\/strong>\u00a0completa o seu\u00a0<strong>124\u00ba anivers\u00e1rio<\/strong>\u00a0neste final de semana e\u00a0as comemora\u00e7\u00f5es acontecem\u00a0<strong>nesta sexta-feira (27)<\/strong>, das\u00a0<strong>8h<\/strong>\u00a0\u00e0s\u00a0<strong>17h30<\/strong>. A programa\u00e7\u00e3o conta com bolo gigante, atra\u00e7\u00f5es musicais e distribui\u00e7\u00e3o de pipoca. <\/p>\n<h4 class=\"wp-block-heading\"><strong>Pantera Sessions<\/strong><\/h4>\n<p>Outra op\u00e7\u00e3o desta agenda cultural \u00e9 a mais nova edi\u00e7\u00e3o do <strong>Pantera Sessions<\/strong>, que acontece no <strong>Shopping Santa \u00darsula<\/strong>, neste <strong>s\u00e1bado (28)<\/strong>. O evento conta com show da banda de jazz instrumental\u00a0<strong>P\u00f3 de Caf\u00e9<\/strong>\u00a0com o rapper\u00a0<strong>Leser MC<\/strong>\u00a0e\u00a0<strong>DJ Goforit<\/strong> e tamb\u00e9m discotecagem com a <strong>DJ Gab Hebling<\/strong>.<\/p>\n<p>Os ingressos s\u00e3o<strong> limitados<\/strong> e precisam ser solicitados com anteced\u00eancia pelo aplicativo do <strong>Mult<\/strong>i, para fazer o download, basta acessar o <strong>link (<a href=\"https:\/\/www.meumulti.com.br\/\" target=\"_blank\" rel=\"noreferrer noopener\">clique aqui<\/a>)<\/strong>.<\/p>\n<p>SAIBA MAIS<br \/>Interior de SP segue com alerta de perigo para tempestade; Veja regi\u00f5es<\/p>\n<h4 class=\"wp-block-heading\"><strong>FIQUE ON<\/strong><\/h4>\n<p>Fique ligado em tudo que acontece em Ribeir\u00e3o Preto e regi\u00e3o. Siga os perfis do <strong>acidade on <\/strong>no <a href=\"https:\/\/www.instagram.com\/acidadeonribeirao\" target=\"_blank\" rel=\"noreferrer noopener\">Instagram<\/a> e no <a href=\"https:\/\/www.facebook.com\/acidadeonribeirao\" target=\"_blank\" rel=\"noreferrer noopener\">Facebook<\/a>.<\/p>\n<p>Receba not\u00edcias do <strong>acidade on<\/strong> no WhatsApp. Para entrar no grupo, basta <a href=\"https:\/\/chat.whatsapp.com\/Dtv9mxhy6V5BJBotM2OQ5k\" target=\"_blank\" rel=\"noreferrer noopener\">clicar aqui<\/a>.<\/p>\n<p>Fa\u00e7a uma den\u00fancia ou sugira uma reportagem sobre Ribeir\u00e3o Preto e regi\u00e3o pelo WhatsApp: 16 99117 7802.<\/p>\n<p>VEJA TAMB\u00c9M<br \/>Por que Diddy vai afetar no lan\u00e7amento da nova m\u00fasica de Anitta?<\/p>\n<p><!-- CONTENT END 1 -->\n<\/div>\n<p><script async src=\"\/\/www.instagram.com\/embed.js\"><\/script><br \/>\n<br \/><br \/>\n<br \/><a href=\"https:\/\/www.acidadeon.com\/ribeiraopreto\/lazer-e-cultura\/luisa-sonza-oktobefest-coxinha-veja-agenda-fim-de-semana-em-ribeirao\/\">Source link <\/a><\/p>\n","protected":false},"excerpt":{"rendered":"<p>Para encerrar setembro com muita agita\u00e7\u00e3o, a agenda cultural deste fim de semana em Ribeir\u00e3o Preto conta com diversas atividades para diferentes idades e gostos&#8230;.<\/p>\n","protected":false},"author":1,"featured_media":68104,"comment_status":"open","ping_status":"open","sticky":false,"template":"","format":"standard","meta":{"_uag_custom_page_level_css":"","advanced_seo_description":"","jetpack_seo_html_title":"","jetpack_seo_noindex":false,"jetpack_post_was_ever_published":false,"_jetpack_newsletter_access":"","_jetpack_dont_email_post_to_subs":false,"_jetpack_newsletter_tier_id":0,"_jetpack_memberships_contains_paywalled_content":false,"_jetpack_memberships_contains_paid_content":false,"footnotes":"","jetpack_publicize_message":"","jetpack_publicize_feature_enabled":true,"jetpack_social_post_already_shared":true,"jetpack_social_options":{"image_generator_settings":{"template":"highway","default_image_id":0,"font":"","enabled":false},"version":2}},"categories":[11],"tags":[],"class_list":["post-68103","post","type-post","status-publish","format-standard","has-post-thumbnail","hentry","category-noticias-de-ribeirao-preto-sp-e-regiao-ismael-colosi"],"jetpack_publicize_connections":[],"jetpack_featured_media_url":"https:\/\/i0.wp.com\/ismaelcolosi.com.br\/wp-content\/uploads\/2024\/09\/sextou_2024-09-27_12-48-40_jpeg_2024-09-27_12-48-40.webp.webp?fit=1200%2C675&ssl=1","uagb_featured_image_src":{"full":["https:\/\/i0.wp.com\/ismaelcolosi.com.br\/wp-content\/uploads\/2024\/09\/sextou_2024-09-27_12-48-40_jpeg_2024-09-27_12-48-40.webp.webp?fit=1200%2C675&ssl=1",1200,675,false],"thumbnail":["https:\/\/i0.wp.com\/ismaelcolosi.com.br\/wp-content\/uploads\/2024\/09\/sextou_2024-09-27_12-48-40_jpeg_2024-09-27_12-48-40.webp.webp?resize=150%2C150&ssl=1",150,150,true],"medium":["https:\/\/i0.wp.com\/ismaelcolosi.com.br\/wp-content\/uploads\/2024\/09\/sextou_2024-09-27_12-48-40_jpeg_2024-09-27_12-48-40.webp.webp?fit=300%2C169&ssl=1",300,169,true],"medium_large":["https:\/\/i0.wp.com\/ismaelcolosi.com.br\/wp-content\/uploads\/2024\/09\/sextou_2024-09-27_12-48-40_jpeg_2024-09-27_12-48-40.webp.webp?fit=768%2C432&ssl=1",768,432,true],"large":["https:\/\/i0.wp.com\/ismaelcolosi.com.br\/wp-content\/uploads\/2024\/09\/sextou_2024-09-27_12-48-40_jpeg_2024-09-27_12-48-40.webp.webp?fit=1024%2C576&ssl=1",1024,576,true],"1536x1536":["https:\/\/i0.wp.com\/ismaelcolosi.com.br\/wp-content\/uploads\/2024\/09\/sextou_2024-09-27_12-48-40_jpeg_2024-09-27_12-48-40.webp.webp?fit=1200%2C675&ssl=1",1200,675,true],"2048x2048":["https:\/\/i0.wp.com\/ismaelcolosi.com.br\/wp-content\/uploads\/2024\/09\/sextou_2024-09-27_12-48-40_jpeg_2024-09-27_12-48-40.webp.webp?fit=1200%2C675&ssl=1",1200,675,true],"really-simple-thumb":["https:\/\/i0.wp.com\/ismaelcolosi.com.br\/wp-content\/uploads\/2024\/09\/sextou_2024-09-27_12-48-40_jpeg_2024-09-27_12-48-40.webp.webp?resize=370%2C247&ssl=1",370,247,true]},"uagb_author_info":{"display_name":"ismaelcolosi.com.br","author_link":"https:\/\/ismaelcolosi.com.br\/index.php\/author\/vidareal-online\/"},"uagb_comment_info":0,"uagb_excerpt":"Para encerrar setembro com muita agita\u00e7\u00e3o, a agenda cultural deste fim de semana em Ribeir\u00e3o Preto conta com diversas atividades para diferentes idades e gostos....","jetpack-related-posts":[{"id":67967,"url":"https:\/\/ismaelcolosi.com.br\/index.php\/2024\/09\/26\/luisa-sonza-se-apresenta-em-festival-em-ribeirao-preto-neste-fim-de-semana\/","url_meta":{"origin":68103,"position":0},"title":"Lu\u00edsa Sonza se apresenta em festival em Ribeir\u00e3o Preto neste fim de semana","author":"ismaelcolosi.com.br","date":"26 de September de 2024","format":false,"excerpt":"A cantora pop Lu\u00edsa Sonza se apresenta neste s\u00e1bado (28), em Ribeir\u00e3o Preto. Ela \u00e9 uma das atra\u00e7\u00f5es do Festival Vira Copos, que acontece este fim de semana, no Espa\u00e7o CHF, a partir das 16h. O evento promete mais de 13 horas de m\u00fasica, com diversas atra\u00e7\u00f5es, entre elas MC\u2026","rel":"","context":"In &quot;Not\u00edcias de Ribeir\u00e3o Preto-SP e Regi\u00e3o&quot;","block_context":{"text":"Not\u00edcias de Ribeir\u00e3o Preto-SP e Regi\u00e3o","link":"https:\/\/ismaelcolosi.com.br\/index.php\/category\/noticias-de-ribeirao-preto-sp-e-regiao-ismael-colosi\/"},"img":{"alt_text":"","src":"https:\/\/i0.wp.com\/ismaelcolosi.com.br\/wp-content\/uploads\/2024\/09\/1_luisa_sonza___cre__dito_divulgacao_-10644449_2024-09-26_13-57-49_jpg_2024-09-26_13-57-49.webp.webp?fit=760%2C541&ssl=1&resize=350%2C200","width":350,"height":200,"srcset":"https:\/\/i0.wp.com\/ismaelcolosi.com.br\/wp-content\/uploads\/2024\/09\/1_luisa_sonza___cre__dito_divulgacao_-10644449_2024-09-26_13-57-49_jpg_2024-09-26_13-57-49.webp.webp?fit=760%2C541&ssl=1&resize=350%2C200 1x, https:\/\/i0.wp.com\/ismaelcolosi.com.br\/wp-content\/uploads\/2024\/09\/1_luisa_sonza___cre__dito_divulgacao_-10644449_2024-09-26_13-57-49_jpg_2024-09-26_13-57-49.webp.webp?fit=760%2C541&ssl=1&resize=525%2C300 1.5x, https:\/\/i0.wp.com\/ismaelcolosi.com.br\/wp-content\/uploads\/2024\/09\/1_luisa_sonza___cre__dito_divulgacao_-10644449_2024-09-26_13-57-49_jpg_2024-09-26_13-57-49.webp.webp?fit=760%2C541&ssl=1&resize=700%2C400 2x"},"classes":[]},{"id":68209,"url":"https:\/\/ismaelcolosi.com.br\/index.php\/2024\/09\/27\/saerp-alerta-para-falta-dagua-em-ribeirao-preto-veja-onde-3\/","url_meta":{"origin":68103,"position":1},"title":"Saerp alerta para falta d\u2019\u00e1gua em Ribeir\u00e3o Preto; Veja onde","author":"ismaelcolosi.com.br","date":"27 de September de 2024","format":false,"excerpt":"A Saerp (Secretaria de \u00c1gua e Esgoto de Ribeir\u00e3o Preto) informou, nesta sexta-feira (27), que ser\u00e1 realizada a troca emergencial da bomba no Po\u00e7o Pacaembu 2, podendo afetar o abastecimento do bairro Jardim Cristo Redentor, na zona Norte de Ribeir\u00e3o Preto. Por causa da complexidade do servi\u00e7o, a previs\u00e3o para\u2026","rel":"","context":"In &quot;Not\u00edcias de Ribeir\u00e3o Preto-SP e Regi\u00e3o&quot;","block_context":{"text":"Not\u00edcias de Ribeir\u00e3o Preto-SP e Regi\u00e3o","link":"https:\/\/ismaelcolosi.com.br\/index.php\/category\/noticias-de-ribeirao-preto-sp-e-regiao-ismael-colosi\/"},"img":{"alt_text":"","src":"https:\/\/i0.wp.com\/ismaelcolosi.com.br\/wp-content\/uploads\/2024\/08\/Copia-de-Copia-de-Copia-de-TAMANHO-EXATO-PARA-FOTOS-NO-SISTEMA-NOVO-10_2024-08-19_12-12-48_jpg_2024-08-19_12-12-48.webp.webp?fit=1200%2C675&ssl=1&resize=350%2C200","width":350,"height":200,"srcset":"https:\/\/i0.wp.com\/ismaelcolosi.com.br\/wp-content\/uploads\/2024\/08\/Copia-de-Copia-de-Copia-de-TAMANHO-EXATO-PARA-FOTOS-NO-SISTEMA-NOVO-10_2024-08-19_12-12-48_jpg_2024-08-19_12-12-48.webp.webp?fit=1200%2C675&ssl=1&resize=350%2C200 1x, https:\/\/i0.wp.com\/ismaelcolosi.com.br\/wp-content\/uploads\/2024\/08\/Copia-de-Copia-de-Copia-de-TAMANHO-EXATO-PARA-FOTOS-NO-SISTEMA-NOVO-10_2024-08-19_12-12-48_jpg_2024-08-19_12-12-48.webp.webp?fit=1200%2C675&ssl=1&resize=525%2C300 1.5x, https:\/\/i0.wp.com\/ismaelcolosi.com.br\/wp-content\/uploads\/2024\/08\/Copia-de-Copia-de-Copia-de-TAMANHO-EXATO-PARA-FOTOS-NO-SISTEMA-NOVO-10_2024-08-19_12-12-48_jpg_2024-08-19_12-12-48.webp.webp?fit=1200%2C675&ssl=1&resize=700%2C400 2x, https:\/\/i0.wp.com\/ismaelcolosi.com.br\/wp-content\/uploads\/2024\/08\/Copia-de-Copia-de-Copia-de-TAMANHO-EXATO-PARA-FOTOS-NO-SISTEMA-NOVO-10_2024-08-19_12-12-48_jpg_2024-08-19_12-12-48.webp.webp?fit=1200%2C675&ssl=1&resize=1050%2C600 3x"},"classes":[]},{"id":7721,"url":"https:\/\/ismaelcolosi.com.br\/index.php\/2023\/11\/28\/melody-detona-luisa-sonza-apos-deboche-feito-pela-cantora-com-seu-nome\/","url_meta":{"origin":68103,"position":2},"title":"Melody detona Lu\u00edsa Sonza ap\u00f3s &#8216;deboche&#8217; feito pela cantora com seu nome","author":"ismaelcolosi.com.br","date":"28 de November de 2023","format":false,"excerpt":"N\u00e3o \u00e9 atoa que a apresentadora, personagem de Bruno Matos, Blogueirinha, est\u00e1 entre um dos nomes da emissora de Silvio Santos. A cada programa, a personagem traz uma pol\u00eamica.A convidada da vez foi Lu\u00edsa Sonza. Em uma das din\u00e2micas do programa, a apresentadora faz um jogo de perguntas e respostas\u2026","rel":"","context":"In &quot;Blog&quot;","block_context":{"text":"Blog","link":"https:\/\/ismaelcolosi.com.br\/index.php\/category\/blog\/"},"img":{"alt_text":"","src":"https:\/\/i0.wp.com\/ismaelcolosi.com.br\/wp-content\/uploads\/2023\/11\/postimg-6566398bee3ff3926.jpg?fit=1200%2C628&ssl=1&resize=350%2C200","width":350,"height":200,"srcset":"https:\/\/i0.wp.com\/ismaelcolosi.com.br\/wp-content\/uploads\/2023\/11\/postimg-6566398bee3ff3926.jpg?fit=1200%2C628&ssl=1&resize=350%2C200 1x, https:\/\/i0.wp.com\/ismaelcolosi.com.br\/wp-content\/uploads\/2023\/11\/postimg-6566398bee3ff3926.jpg?fit=1200%2C628&ssl=1&resize=525%2C300 1.5x, https:\/\/i0.wp.com\/ismaelcolosi.com.br\/wp-content\/uploads\/2023\/11\/postimg-6566398bee3ff3926.jpg?fit=1200%2C628&ssl=1&resize=700%2C400 2x, https:\/\/i0.wp.com\/ismaelcolosi.com.br\/wp-content\/uploads\/2023\/11\/postimg-6566398bee3ff3926.jpg?fit=1200%2C628&ssl=1&resize=1050%2C600 3x"},"classes":[]},{"id":15826,"url":"https:\/\/ismaelcolosi.com.br\/index.php\/2023\/12\/14\/luisa-sonza-mostrou-bastidores-de-seu-novo-documentario\/","url_meta":{"origin":68103,"position":3},"title":"Lu\u00edsa Sonza mostrou bastidores de seu novo document\u00e1rio","author":"ismaelcolosi.com.br","date":"14 de December de 2023","format":false,"excerpt":"\u201cSe eu fosse Lu\u00edsa Sonza\u201d lan\u00e7ou na \u00faltima quarta feira, 13 dezembro, na Netflix. O document\u00e1rio da cantora fala sobre quest\u00f5es particulares nunca publicadas ou faladas pela cantora.A cantora fez uma lista de 7 acontecimentos marcantes que passou durante certo per\u00edodo da sua vida. Entre eles, ela fala sobre o\u2026","rel":"","context":"In &quot;Blog&quot;","block_context":{"text":"Blog","link":"https:\/\/ismaelcolosi.com.br\/index.php\/category\/blog\/"},"img":{"alt_text":"","src":"https:\/\/i0.wp.com\/ismaelcolosi.com.br\/wp-content\/uploads\/2023\/12\/postimg-657b21ff3f7827043.jpg?fit=1200%2C628&ssl=1&resize=350%2C200","width":350,"height":200,"srcset":"https:\/\/i0.wp.com\/ismaelcolosi.com.br\/wp-content\/uploads\/2023\/12\/postimg-657b21ff3f7827043.jpg?fit=1200%2C628&ssl=1&resize=350%2C200 1x, https:\/\/i0.wp.com\/ismaelcolosi.com.br\/wp-content\/uploads\/2023\/12\/postimg-657b21ff3f7827043.jpg?fit=1200%2C628&ssl=1&resize=525%2C300 1.5x, https:\/\/i0.wp.com\/ismaelcolosi.com.br\/wp-content\/uploads\/2023\/12\/postimg-657b21ff3f7827043.jpg?fit=1200%2C628&ssl=1&resize=700%2C400 2x, https:\/\/i0.wp.com\/ismaelcolosi.com.br\/wp-content\/uploads\/2023\/12\/postimg-657b21ff3f7827043.jpg?fit=1200%2C628&ssl=1&resize=1050%2C600 3x"},"classes":[]},{"id":68202,"url":"https:\/\/ismaelcolosi.com.br\/index.php\/2024\/09\/27\/estiagem-severa-fecha-represa-da-prainha-na-regiao-de-ribeirao\/","url_meta":{"origin":68103,"position":4},"title":"Estiagem severa fecha represa da prainha na regi\u00e3o de Ribeir\u00e3o","author":"ismaelcolosi.com.br","date":"27 de September de 2024","format":false,"excerpt":"A represa do Parque Ecol\u00f3gico e de Lazer Gustavo Simioni, tamb\u00e9m conhecida como \u2018prainha\u2019, em Sert\u00e3ozinho, na regi\u00e3o de Ribeir\u00e3o Preto, est\u00e1 fechada por tempo interderminado devido a estiagem severa. De acordo com nota emitida pela Secretaria Municipal de Cultura e Turismo da cidade, o local recebe \u00e1gua de dois\u2026","rel":"","context":"In &quot;Not\u00edcias de Ribeir\u00e3o Preto-SP e Regi\u00e3o&quot;","block_context":{"text":"Not\u00edcias de Ribeir\u00e3o Preto-SP e Regi\u00e3o","link":"https:\/\/ismaelcolosi.com.br\/index.php\/category\/noticias-de-ribeirao-preto-sp-e-regiao-ismael-colosi\/"},"img":{"alt_text":"","src":"https:\/\/i0.wp.com\/ismaelcolosi.com.br\/wp-content\/uploads\/2024\/09\/Copia-de-Copia-de-Copia-de-TAMANHO-EXATO-PARA-FOTOS-NO-SISTEMA-NOVO-50_2024-09-27_20-04-29_png_2024-09-27_20-04-29.webp.webp?fit=1200%2C675&ssl=1&resize=350%2C200","width":350,"height":200,"srcset":"https:\/\/i0.wp.com\/ismaelcolosi.com.br\/wp-content\/uploads\/2024\/09\/Copia-de-Copia-de-Copia-de-TAMANHO-EXATO-PARA-FOTOS-NO-SISTEMA-NOVO-50_2024-09-27_20-04-29_png_2024-09-27_20-04-29.webp.webp?fit=1200%2C675&ssl=1&resize=350%2C200 1x, https:\/\/i0.wp.com\/ismaelcolosi.com.br\/wp-content\/uploads\/2024\/09\/Copia-de-Copia-de-Copia-de-TAMANHO-EXATO-PARA-FOTOS-NO-SISTEMA-NOVO-50_2024-09-27_20-04-29_png_2024-09-27_20-04-29.webp.webp?fit=1200%2C675&ssl=1&resize=525%2C300 1.5x, https:\/\/i0.wp.com\/ismaelcolosi.com.br\/wp-content\/uploads\/2024\/09\/Copia-de-Copia-de-Copia-de-TAMANHO-EXATO-PARA-FOTOS-NO-SISTEMA-NOVO-50_2024-09-27_20-04-29_png_2024-09-27_20-04-29.webp.webp?fit=1200%2C675&ssl=1&resize=700%2C400 2x, https:\/\/i0.wp.com\/ismaelcolosi.com.br\/wp-content\/uploads\/2024\/09\/Copia-de-Copia-de-Copia-de-TAMANHO-EXATO-PARA-FOTOS-NO-SISTEMA-NOVO-50_2024-09-27_20-04-29_png_2024-09-27_20-04-29.webp.webp?fit=1200%2C675&ssl=1&resize=1050%2C600 3x"},"classes":[]},{"id":42701,"url":"https:\/\/ismaelcolosi.com.br\/index.php\/2024\/03\/16\/ultimo-fim-de-semana-do-verao-com-calor-excessivo-no-interior-de-sp-confira\/","url_meta":{"origin":68103,"position":5},"title":"\u00daltimo fim de semana do ver\u00e3o com calor excessivo no interior de SP; Confira","author":"ismaelcolosi.com.br","date":"16 de March de 2024","format":false,"excerpt":"O \u00faltimo fim de semana do ver\u00e3o \u2013 que termina \u00e0 0h06 do dia 20 de mar\u00e7o \u2013 deve ser de calor excessivo em todo Estado de S\u00e3o Paulo. Ribeir\u00e3o Preto pode registrar neste s\u00e1bado (16) temperatura m\u00e1xima de 36 graus, considerada acima da m\u00e9dia normal para mar\u00e7o, segundo meteorologistas,\u2026","rel":"","context":"In &quot;Not\u00edcias de Ribeir\u00e3o Preto-SP e Regi\u00e3o&quot;","block_context":{"text":"Not\u00edcias de Ribeir\u00e3o Preto-SP e Regi\u00e3o","link":"https:\/\/ismaelcolosi.com.br\/index.php\/category\/noticias-de-ribeirao-preto-sp-e-regiao-ismael-colosi\/"},"img":{"alt_text":"","src":"https:\/\/i0.wp.com\/ismaelcolosi.com.br\/wp-content\/uploads\/2024\/03\/Copia-de-Copia-de-TAMANHO-EXATO-PARA-FOTOS-NO-SISTEMA-NOVO-57.jpg?fit=1200%2C675&ssl=1&resize=350%2C200","width":350,"height":200,"srcset":"https:\/\/i0.wp.com\/ismaelcolosi.com.br\/wp-content\/uploads\/2024\/03\/Copia-de-Copia-de-TAMANHO-EXATO-PARA-FOTOS-NO-SISTEMA-NOVO-57.jpg?fit=1200%2C675&ssl=1&resize=350%2C200 1x, https:\/\/i0.wp.com\/ismaelcolosi.com.br\/wp-content\/uploads\/2024\/03\/Copia-de-Copia-de-TAMANHO-EXATO-PARA-FOTOS-NO-SISTEMA-NOVO-57.jpg?fit=1200%2C675&ssl=1&resize=525%2C300 1.5x, https:\/\/i0.wp.com\/ismaelcolosi.com.br\/wp-content\/uploads\/2024\/03\/Copia-de-Copia-de-TAMANHO-EXATO-PARA-FOTOS-NO-SISTEMA-NOVO-57.jpg?fit=1200%2C675&ssl=1&resize=700%2C400 2x, https:\/\/i0.wp.com\/ismaelcolosi.com.br\/wp-content\/uploads\/2024\/03\/Copia-de-Copia-de-TAMANHO-EXATO-PARA-FOTOS-NO-SISTEMA-NOVO-57.jpg?fit=1200%2C675&ssl=1&resize=1050%2C600 3x"},"classes":[]}],"jetpack_sharing_enabled":true,"jetpack_shortlink":"https:\/\/wp.me\/pfMlyK-hIr","_links":{"self":[{"href":"https:\/\/ismaelcolosi.com.br\/index.php\/wp-json\/wp\/v2\/posts\/68103","targetHints":{"allow":["GET"]}}],"collection":[{"href":"https:\/\/ismaelcolosi.com.br\/index.php\/wp-json\/wp\/v2\/posts"}],"about":[{"href":"https:\/\/ismaelcolosi.com.br\/index.php\/wp-json\/wp\/v2\/types\/post"}],"author":[{"embeddable":true,"href":"https:\/\/ismaelcolosi.com.br\/index.php\/wp-json\/wp\/v2\/users\/1"}],"replies":[{"embeddable":true,"href":"https:\/\/ismaelcolosi.com.br\/index.php\/wp-json\/wp\/v2\/comments?post=68103"}],"version-history":[{"count":0,"href":"https:\/\/ismaelcolosi.com.br\/index.php\/wp-json\/wp\/v2\/posts\/68103\/revisions"}],"wp:featuredmedia":[{"embeddable":true,"href":"https:\/\/ismaelcolosi.com.br\/index.php\/wp-json\/wp\/v2\/media\/68104"}],"wp:attachment":[{"href":"https:\/\/ismaelcolosi.com.br\/index.php\/wp-json\/wp\/v2\/media?parent=68103"}],"wp:term":[{"taxonomy":"category","embeddable":true,"href":"https:\/\/ismaelcolosi.com.br\/index.php\/wp-json\/wp\/v2\/categories?post=68103"},{"taxonomy":"post_tag","embeddable":true,"href":"https:\/\/ismaelcolosi.com.br\/index.php\/wp-json\/wp\/v2\/tags?post=68103"}],"curies":[{"name":"wp","href":"https:\/\/api.w.org\/{rel}","templated":true}]}}