{"id":68083,"date":"2024-09-27T06:39:58","date_gmt":"2024-09-27T09:39:58","guid":{"rendered":"https:\/\/ismaelcolosi.com.br\/index.php\/2024\/09\/27\/discussoes-politicas-no-trabalho-podem-resultar-em-demissoes\/"},"modified":"2024-09-27T06:39:58","modified_gmt":"2024-09-27T09:39:58","slug":"discussoes-politicas-no-trabalho-podem-resultar-em-demissoes","status":"publish","type":"post","link":"https:\/\/ismaelcolosi.com.br\/index.php\/2024\/09\/27\/discussoes-politicas-no-trabalho-podem-resultar-em-demissoes\/","title":{"rendered":"Discuss\u00f5es pol\u00edticas no trabalho podem resultar em demiss\u00f5es"},"content":{"rendered":"<p> <br \/>\n<\/p>\n<div>\n<p>\u00a0<\/p>\n<div class=\"accessibility\">\n<p>Acessibilidade<\/p>\n<p>\n<button onclick=\"alterFont1()\" id=\"btn1\" class=\"btn\">L<\/button><br \/>\n<button onclick=\"alterFont2()\" id=\"btn2\" class=\"btn\" style=\"font-family: Merriweather\">L<\/button><br \/>\n<button onclick=\"alterFontSmallerSize()\" id=\"btn3\" class=\"btn\">A-<\/button><br \/>\n<button onclick=\"alterFontBiggerSize()\" id=\"btn4\" class=\"btn\">A+<\/button><\/p>\n<p><button onclick=\"alterBackground()\" id=\"btn6\" class=\"btn\">\u25d0<\/button><\/p>\n<\/div>\n<p>\u00a0<\/p>\n<p>Com a proximidade das elei\u00e7\u00f5es, as discuss\u00f5es sobre pol\u00edtica tendem a ficar mais frequentes, seja no almo\u00e7o de fam\u00edlia ou no grupo da firma.<\/p>\n<p>Para manter a harmonia e evitar problemas de relacionamento dentro do ambiente corporativo, os l\u00edderes devem promover um ambiente que respeite opini\u00f5es diversas, ao mesmo tempo em que mant\u00e9m uma atmosfera profissional.<\/p>\n<h2>Leia tamb\u00e9m<\/h2>\n<p>Falar sobre pol\u00edtica pode ser tentador, especialmente quando esse \u00e9 o assunto mais quente do momento. No entanto, h\u00e1 muitos motivos para evitar o tema no ambiente de trabalho. \u201cDiscuss\u00f5es pol\u00edticas podem, de fato,<strong> levar ao pedido de demiss\u00e3o<\/strong> quando o funcion\u00e1rio n\u00e3o se sente mais integrado, dependendo das situa\u00e7\u00f5es vividas no trabalho\u201d, afirma Lucas Rizzardo, diretor de vendas do site de empregos Indeed no Brasil.<\/p>\n<p>Entre os profissionais brasileiros, <strong>48% s\u00e3o contra expressar opini\u00f5es pol\u00edticas no trabalho<\/strong>, enquanto 40% s\u00e3o a favor, segundo uma pesquisa recente realizada pelo Indeed com mais de 1.000 pessoas. Para 21% dos respondentes, as <strong>diferen\u00e7as pol\u00edticas com colegas seriam motivo suficiente para deixar seus empregos<\/strong>.<\/p>\n<p>Al\u00e9m disso, 23% tamb\u00e9m considerariam sair se o<strong> CEO da empresa expressasse opini\u00f5es pol\u00edticas das quais discordam<\/strong>. Nesse sentido, 50% preferem trabalhar em uma empresa em que o l\u00edder tenha opini\u00f5es pol\u00edticas semelhantes \u00e0s suas.<\/p>\n<div id=\"attachment_637544\" class=\"wp-caption alignnone style=\" max-width:=\"\"><img data-recalc-dims=\"1\" fetchpriority=\"high\" decoding=\"async\" class=\"alignnone wp-image-637544 size-full\" src=\"https:\/\/i0.wp.com\/forbes.com.br\/wp-content\/uploads\/2024\/09\/carreira-networking-trabalho-768x512.jpg?resize=678%2C452&#038;ssl=1\" alt=\"Getty Images\" width=\"678\" height=\"452\"\/><\/p>\n<p>Getty Images<\/p>\n<p class=\"wp-caption-text\">Discuss\u00f5es e desconfortos envolvendo opini\u00f5es pol\u00edticas podem se tornar motivo para deixar o emprego<\/p>\n<\/div>\n<h2>Como lidar com discuss\u00f5es sobre pol\u00edtica no ambiente de trabalho<\/h2>\n<p>Embora proibir conversas sobre pol\u00edtica possa parecer o caminho mais f\u00e1cil, eliminar completamente as discuss\u00f5es pode n\u00e3o ser pr\u00e1tico ou desej\u00e1vel. \u201cCriar regras pode parecer autorit\u00e1rio demais, mas os l\u00edderes devem repassar os posicionamentos da empresa quanto \u00e0 sua participa\u00e7\u00e3o em campanhas pol\u00edticas\u201d, diz a especialista em comunica\u00e7\u00e3o corporativa Juliana Algodoal.<\/p>\n<p>Todos os profissionais devem ficar atentos \u00e0s diretrizes e <strong>evitar expor posi\u00e7\u00f5es pol\u00edticas na empresa<\/strong>, entre colegas e chefes, em plataformas como o LinkedIn e at\u00e9 mesmo nas suas pr\u00f3prias redes sociais.<\/p>\n<p>Abaixo, veja dicas de como manter a paz corporativa durante o per\u00edodo de elei\u00e7\u00f5es.<\/p>\n<p>1. Conhe\u00e7a e divulgue as regras da companhia sobre apoios pol\u00edticos. \u00c9 papel do l\u00edder acalmar os \u00e2nimos e repassar as diretrizes aos seus funcion\u00e1rios.<\/p>\n<p>2. Pessoas que ocupam cargos de lideran\u00e7a em uma empresa s\u00e3o muito mais que um CPF. Representam um CNPJ e sua conduta com a equipe tamb\u00e9m pode revelar o comportamento da pr\u00f3pria empresa.<\/p>\n<p>3. Quando se trata de porta-vozes, contrate profissionais de media training pode ser um investimento importante para que a empresa controle melhor as mensagens que ir\u00e3o chegar ao p\u00fablico.<\/p>\n<p>4. Respeite as diferen\u00e7as de ideias e estar sempre atento para nunca invadir a liberdade de express\u00e3o de ningu\u00e9m.<\/p>\n<p>5. N\u00e3o use seu cargo para influenciar seus liderados a votar nesse ou naquele candidato.<\/p>\n<h2>Escolhas do editor<\/h2>\n<\/div>\n<p><script type=\"rocketlazyloadscript\">\n\t\t\t\t(function(d, s, id){\n\t\t\t\t\tvar js, fjs = d.getElementsByTagName(s)[0];\n\t\t\t\t\tif (d.getElementById(id)) return;\n\t\t\t\t\tjs = d.createElement(s); js.id = id;\n\t\t\t\t\tjs.src = \"\/\/connect.facebook.net\/pt_BR\/sdk.js#xfbml=1&version=v2.9\";\n\t\t\t\t\tfjs.parentNode.insertBefore(js, fjs);\n\t\t\t\t}(document, 'script', 'facebook-jssdk'));\n\t\t\t<\/script><br \/>\n<br \/><br \/>\n<br \/><a href=\"https:\/\/forbes.com.br\/carreira\/2024\/09\/discussoes-politicas-trabalho-em-tempos-de-eleicao-pedidos-demissao\/\">Source link <\/a><\/p>\n<div class='code-block code-block-4' style='margin: 8px auto 8px 0; text-align: left; display: block; clear: both;'>\n\ud83d\udce2 Aviso Legal\n\nO site ismaelcolosi.com.br atua apenas como um canal de divulga\u00e7\u00e3o de oportunidades de emprego e n\u00e3o se responsabiliza pelo processo seletivo, contrata\u00e7\u00e3o ou qualquer outra etapa relacionada \u00e0s vagas publicadas. Todas as informa\u00e7\u00f5es s\u00e3o de responsabilidade dos anunciantes.\n\n\u26a0\ufe0f Aten\u00e7\u00e3o! Nunca pague por promessas de emprego nem compre cursos que garantam contrata\u00e7\u00e3o. Desconfie de qualquer cobran\u00e7a para participar de sele\u00e7\u00f5es.\n\n\n\n<\/div>\n<!-- CONTENT END 1 -->\n","protected":false},"excerpt":{"rendered":"<p>\u00a0 Acessibilidade L L A- A+ \u25d0 \u00a0 Com a proximidade das elei\u00e7\u00f5es, as discuss\u00f5es sobre pol\u00edtica tendem a ficar mais frequentes, seja no almo\u00e7o&#8230;<\/p>\n","protected":false},"author":1,"featured_media":68084,"comment_status":"open","ping_status":"open","sticky":false,"template":"","format":"standard","meta":{"_uag_custom_page_level_css":"","advanced_seo_description":"","jetpack_seo_html_title":"","jetpack_seo_noindex":false,"jetpack_post_was_ever_published":false,"_jetpack_newsletter_access":"","_jetpack_dont_email_post_to_subs":false,"_jetpack_newsletter_tier_id":0,"_jetpack_memberships_contains_paywalled_content":false,"_jetpack_memberships_contains_paid_content":false,"footnotes":"","jetpack_publicize_message":"","jetpack_publicize_feature_enabled":true,"jetpack_social_post_already_shared":true,"jetpack_social_options":{"image_generator_settings":{"template":"highway","default_image_id":0,"font":"","enabled":false},"version":2}},"categories":[1964],"tags":[],"class_list":["post-68083","post","type-post","status-publish","format-standard","has-post-thumbnail","hentry","category-carreira-e-sucesso-dicas-para-carreira"],"jetpack_publicize_connections":[],"jetpack_featured_media_url":"https:\/\/i0.wp.com\/ismaelcolosi.com.br\/wp-content\/uploads\/2024\/09\/carreira-networking-trabalho-1024x683.jpg?fit=1024%2C683&ssl=1","uagb_featured_image_src":{"full":["https:\/\/i0.wp.com\/ismaelcolosi.com.br\/wp-content\/uploads\/2024\/09\/carreira-networking-trabalho-1024x683.jpg?fit=1024%2C683&ssl=1",1024,683,false],"thumbnail":["https:\/\/i0.wp.com\/ismaelcolosi.com.br\/wp-content\/uploads\/2024\/09\/carreira-networking-trabalho-1024x683.jpg?resize=150%2C150&ssl=1",150,150,true],"medium":["https:\/\/i0.wp.com\/ismaelcolosi.com.br\/wp-content\/uploads\/2024\/09\/carreira-networking-trabalho-1024x683.jpg?fit=300%2C200&ssl=1",300,200,true],"medium_large":["https:\/\/i0.wp.com\/ismaelcolosi.com.br\/wp-content\/uploads\/2024\/09\/carreira-networking-trabalho-1024x683.jpg?fit=768%2C512&ssl=1",768,512,true],"large":["https:\/\/i0.wp.com\/ismaelcolosi.com.br\/wp-content\/uploads\/2024\/09\/carreira-networking-trabalho-1024x683.jpg?fit=1024%2C683&ssl=1",1024,683,true],"1536x1536":["https:\/\/i0.wp.com\/ismaelcolosi.com.br\/wp-content\/uploads\/2024\/09\/carreira-networking-trabalho-1024x683.jpg?fit=1024%2C683&ssl=1",1024,683,true],"2048x2048":["https:\/\/i0.wp.com\/ismaelcolosi.com.br\/wp-content\/uploads\/2024\/09\/carreira-networking-trabalho-1024x683.jpg?fit=1024%2C683&ssl=1",1024,683,true],"really-simple-thumb":["https:\/\/i0.wp.com\/ismaelcolosi.com.br\/wp-content\/uploads\/2024\/09\/carreira-networking-trabalho-1024x683.jpg?resize=370%2C247&ssl=1",370,247,true]},"uagb_author_info":{"display_name":"ismaelcolosi.com.br","author_link":"https:\/\/ismaelcolosi.com.br\/index.php\/author\/vidareal-online\/"},"uagb_comment_info":0,"uagb_excerpt":"\u00a0 Acessibilidade L L A- A+ \u25d0 \u00a0 Com a proximidade das elei\u00e7\u00f5es, as discuss\u00f5es sobre pol\u00edtica tendem a ficar mais frequentes, seja no almo\u00e7o...","jetpack-related-posts":[{"id":86164,"url":"https:\/\/ismaelcolosi.com.br\/index.php\/2025\/06\/16\/ia-e-remuneracao-estrategica-mudam-os-rumos-da-gestao-de-talentos\/","url_meta":{"origin":68083,"position":0},"title":"IA e Remunera\u00e7\u00e3o Estrat\u00e9gica Mudam os Rumos da Gest\u00e3o de Talentos","author":"ismaelcolosi.com.br","date":"16 de June de 2025","format":false,"excerpt":"\r Getty Images\r Transpar\u00eancia e criatividade est\u00e3o no centro das estrat\u00e9gias para atrair e reter talentos no novo mercado de trabalho com IA\r Acessibilidade \r L\r L\r A-\r A+\r \r \u25d0\r \r \u00a0 No m\u00eas de maio, mais de 2 mil profissionais de RH e de remunera\u00e7\u00e3o de todo o\u2026","rel":"","context":"In &quot;Carreira e Sucesso&quot;","block_context":{"text":"Carreira e Sucesso","link":"https:\/\/ismaelcolosi.com.br\/index.php\/category\/carreira-e-sucesso-dicas-para-carreira\/"},"img":{"alt_text":"","src":"https:\/\/i0.wp.com\/ismaelcolosi.com.br\/wp-content\/uploads\/2025\/06\/forbes-ia-remuneracao-carreira-1200x675.jpg?fit=1200%2C675&ssl=1&resize=350%2C200","width":350,"height":200,"srcset":"https:\/\/i0.wp.com\/ismaelcolosi.com.br\/wp-content\/uploads\/2025\/06\/forbes-ia-remuneracao-carreira-1200x675.jpg?fit=1200%2C675&ssl=1&resize=350%2C200 1x, https:\/\/i0.wp.com\/ismaelcolosi.com.br\/wp-content\/uploads\/2025\/06\/forbes-ia-remuneracao-carreira-1200x675.jpg?fit=1200%2C675&ssl=1&resize=525%2C300 1.5x, https:\/\/i0.wp.com\/ismaelcolosi.com.br\/wp-content\/uploads\/2025\/06\/forbes-ia-remuneracao-carreira-1200x675.jpg?fit=1200%2C675&ssl=1&resize=700%2C400 2x, https:\/\/i0.wp.com\/ismaelcolosi.com.br\/wp-content\/uploads\/2025\/06\/forbes-ia-remuneracao-carreira-1200x675.jpg?fit=1200%2C675&ssl=1&resize=1050%2C600 3x"},"classes":[]},{"id":86088,"url":"https:\/\/ismaelcolosi.com.br\/index.php\/2025\/06\/12\/como-lidar-com-romances-no-trabalho-sem-comprometer-a-carreira\/","url_meta":{"origin":68083,"position":1},"title":"Como Lidar com Romances no Trabalho sem Comprometer a Carreira","author":"ismaelcolosi.com.br","date":"12 de June de 2025","format":false,"excerpt":"\r Getty Images\r Neste Dia dos Namorados, especialistas alertam: romances no trabalho exigem consentimento, discri\u00e7\u00e3o e respeito \u00e0s regras da empresa para n\u00e3o afetar a carreira\r Acessibilidade \r L\r L\r A-\r A+\r \r \u25d0\r \r Se voc\u00ea est\u00e1 pensando em dar um presente de Dia dos Namorados para seu colega\u2026","rel":"","context":"In &quot;Carreira e Sucesso&quot;","block_context":{"text":"Carreira e Sucesso","link":"https:\/\/ismaelcolosi.com.br\/index.php\/category\/carreira-e-sucesso-dicas-para-carreira\/"},"img":{"alt_text":"","src":"https:\/\/i0.wp.com\/ismaelcolosi.com.br\/wp-content\/uploads\/2025\/06\/forbes-romance-namoro-trabalho-dia-dos-namorados-1200x675.jpg?fit=1200%2C675&ssl=1&resize=350%2C200","width":350,"height":200,"srcset":"https:\/\/i0.wp.com\/ismaelcolosi.com.br\/wp-content\/uploads\/2025\/06\/forbes-romance-namoro-trabalho-dia-dos-namorados-1200x675.jpg?fit=1200%2C675&ssl=1&resize=350%2C200 1x, https:\/\/i0.wp.com\/ismaelcolosi.com.br\/wp-content\/uploads\/2025\/06\/forbes-romance-namoro-trabalho-dia-dos-namorados-1200x675.jpg?fit=1200%2C675&ssl=1&resize=525%2C300 1.5x, https:\/\/i0.wp.com\/ismaelcolosi.com.br\/wp-content\/uploads\/2025\/06\/forbes-romance-namoro-trabalho-dia-dos-namorados-1200x675.jpg?fit=1200%2C675&ssl=1&resize=700%2C400 2x, https:\/\/i0.wp.com\/ismaelcolosi.com.br\/wp-content\/uploads\/2025\/06\/forbes-romance-namoro-trabalho-dia-dos-namorados-1200x675.jpg?fit=1200%2C675&ssl=1&resize=1050%2C600 3x"},"classes":[]},{"id":88999,"url":"https:\/\/ismaelcolosi.com.br\/index.php\/2026\/01\/28\/profissionais-pulam-reunioes-e-mandam-assistentes-de-ia-no-seu-lugar\/","url_meta":{"origin":68083,"position":2},"title":"Profissionais Pulam Reuni\u00f5es e Mandam Assistentes de IA no Seu Lugar","author":"ismaelcolosi.com.br","date":"28 de January de 2026","format":false,"excerpt":"Assistentes de reuni\u00e3o baseados em intelig\u00eancia artificial se tornaram a mais nova ferramenta queridinha do ambiente de trabalho. De acordo com uma pesquisa da plataforma Software Finder, 1 em cada 5 profissionais j\u00e1 utiliza recursos de IA para gerar anota\u00e7\u00f5es autom\u00e1ticas durante as videoconfer\u00eancias. Mais do que isso, 30% admitem\u2026","rel":"","context":"In &quot;Carreira e Sucesso&quot;","block_context":{"text":"Carreira e Sucesso","link":"https:\/\/ismaelcolosi.com.br\/index.php\/category\/carreira-e-sucesso-dicas-para-carreira\/"},"img":{"alt_text":"","src":"https:\/\/i0.wp.com\/ismaelcolosi.com.br\/wp-content\/uploads\/2026\/01\/carreira-gol-aviao-2-1200x675.jpg?fit=1200%2C675&ssl=1&resize=350%2C200","width":350,"height":200,"srcset":"https:\/\/i0.wp.com\/ismaelcolosi.com.br\/wp-content\/uploads\/2026\/01\/carreira-gol-aviao-2-1200x675.jpg?fit=1200%2C675&ssl=1&resize=350%2C200 1x, https:\/\/i0.wp.com\/ismaelcolosi.com.br\/wp-content\/uploads\/2026\/01\/carreira-gol-aviao-2-1200x675.jpg?fit=1200%2C675&ssl=1&resize=525%2C300 1.5x, https:\/\/i0.wp.com\/ismaelcolosi.com.br\/wp-content\/uploads\/2026\/01\/carreira-gol-aviao-2-1200x675.jpg?fit=1200%2C675&ssl=1&resize=700%2C400 2x, https:\/\/i0.wp.com\/ismaelcolosi.com.br\/wp-content\/uploads\/2026\/01\/carreira-gol-aviao-2-1200x675.jpg?fit=1200%2C675&ssl=1&resize=1050%2C600 3x"},"classes":[]},{"id":86912,"url":"https:\/\/ismaelcolosi.com.br\/index.php\/2025\/08\/04\/como-a-ia-pode-resolver-a-sobrecarga-de-reunioes\/","url_meta":{"origin":68083,"position":3},"title":"Como a IA Pode Resolver a Sobrecarga de Reuni\u00f5es","author":"ismaelcolosi.com.br","date":"4 de August de 2025","format":false,"excerpt":"\r Skynesher\/Getty Images\r Reuni\u00f5es improdutivas est\u00e3o entre as maiores frustra\u00e7\u00f5es dos profissionais\r Acessibilidade \r L\r L\r A-\r A+\r \r \u25d0\r \r A sobrecarga de reuni\u00f5es atingiu n\u00edveis alarmantes. O tempo gasto em encontros virtuais semanais no Microsoft Teams aumentou 252% desde fevereiro de 2020, segundo um relat\u00f3rio da big tech.\u2026","rel":"","context":"In &quot;Carreira e Sucesso&quot;","block_context":{"text":"Carreira e Sucesso","link":"https:\/\/ismaelcolosi.com.br\/index.php\/category\/carreira-e-sucesso-dicas-para-carreira\/"},"img":{"alt_text":"","src":"https:\/\/i0.wp.com\/ismaelcolosi.com.br\/wp-content\/uploads\/2025\/08\/carreira-ia-reunioes-1200x675.jpg?fit=1200%2C675&ssl=1&resize=350%2C200","width":350,"height":200,"srcset":"https:\/\/i0.wp.com\/ismaelcolosi.com.br\/wp-content\/uploads\/2025\/08\/carreira-ia-reunioes-1200x675.jpg?fit=1200%2C675&ssl=1&resize=350%2C200 1x, https:\/\/i0.wp.com\/ismaelcolosi.com.br\/wp-content\/uploads\/2025\/08\/carreira-ia-reunioes-1200x675.jpg?fit=1200%2C675&ssl=1&resize=525%2C300 1.5x, https:\/\/i0.wp.com\/ismaelcolosi.com.br\/wp-content\/uploads\/2025\/08\/carreira-ia-reunioes-1200x675.jpg?fit=1200%2C675&ssl=1&resize=700%2C400 2x, https:\/\/i0.wp.com\/ismaelcolosi.com.br\/wp-content\/uploads\/2025\/08\/carreira-ia-reunioes-1200x675.jpg?fit=1200%2C675&ssl=1&resize=1050%2C600 3x"},"classes":[]},{"id":88960,"url":"https:\/\/ismaelcolosi.com.br\/index.php\/2026\/01\/27\/insights-sobre-lideranca-feminina-e-futuro-do-trabalho-no-centro-da-agenda-global\/","url_meta":{"origin":68083,"position":4},"title":"Insights sobre Lideran\u00e7a Feminina e Futuro do Trabalho no Centro da Agenda Global","author":"ismaelcolosi.com.br","date":"27 de January de 2026","format":false,"excerpt":"Em um mundo fragmentado, marcado pela escalada das tens\u00f5es globais e pelo ritmo acelerado das transforma\u00e7\u00f5es tecnol\u00f3gicas, l\u00edderes do setor empresarial, de governos, da sociedade civil e dos campos cient\u00edfico e cultural se reuniram em Davos, na Su\u00ed\u00e7a, para a 56\u00aa edi\u00e7\u00e3o do encontro anual do F\u00f3rum Econ\u00f4mico Mundial, realizada\u2026","rel":"","context":"In &quot;Carreira e Sucesso&quot;","block_context":{"text":"Carreira e Sucesso","link":"https:\/\/ismaelcolosi.com.br\/index.php\/category\/carreira-e-sucesso-dicas-para-carreira\/"},"img":{"alt_text":"","src":"https:\/\/i0.wp.com\/ismaelcolosi.com.br\/wp-content\/uploads\/2026\/01\/davos-wef.jpg?fit=860%2C484&ssl=1&resize=350%2C200","width":350,"height":200,"srcset":"https:\/\/i0.wp.com\/ismaelcolosi.com.br\/wp-content\/uploads\/2026\/01\/davos-wef.jpg?fit=860%2C484&ssl=1&resize=350%2C200 1x, https:\/\/i0.wp.com\/ismaelcolosi.com.br\/wp-content\/uploads\/2026\/01\/davos-wef.jpg?fit=860%2C484&ssl=1&resize=525%2C300 1.5x, https:\/\/i0.wp.com\/ismaelcolosi.com.br\/wp-content\/uploads\/2026\/01\/davos-wef.jpg?fit=860%2C484&ssl=1&resize=700%2C400 2x"},"classes":[]},{"id":74132,"url":"https:\/\/ismaelcolosi.com.br\/index.php\/2024\/10\/30\/utm_sourcerssutm_mediumrssutm_campaigncamara-de-ribeirao-preto-aprova-programa-para-prevencao-e-seguranca-na-saude-dos-servidores-municipais\/","url_meta":{"origin":68083,"position":5},"title":"C\u00e2mara de Ribeir\u00e3o Preto Aprova Programa para Preven\u00e7\u00e3o e Seguran\u00e7a na Sa\u00fade dos Servidores Municipais","author":"ismaelcolosi.com.br","date":"30 de October de 2024","format":false,"excerpt":"A C\u00e2mara Municipal de Ribeir\u00e3o Preto aprovou, em sess\u00e3o recente, um projeto de lei que institui o Programa de Preven\u00e7\u00e3o e Seguran\u00e7a da Sa\u00fade do Servidor. Esse programa visa promover a sa\u00fade e o bem-estar dos servidores municipais, al\u00e9m de garantir melhores condi\u00e7\u00f5es de trabalho e prote\u00e7\u00e3o contra riscos ocupacionais.\u2026","rel":"","context":"In &quot;Not\u00edcias de Ribeir\u00e3o Preto-SP e Regi\u00e3o&quot;","block_context":{"text":"Not\u00edcias de Ribeir\u00e3o Preto-SP e Regi\u00e3o","link":"https:\/\/ismaelcolosi.com.br\/index.php\/category\/noticias-de-ribeirao-preto-sp-e-regiao-ismael-colosi\/"},"img":{"alt_text":"","src":"https:\/\/i0.wp.com\/ismaelcolosi.com.br\/wp-content\/uploads\/2024\/10\/DSC7400-scaled.jpg?fit=1200%2C800&ssl=1&resize=350%2C200","width":350,"height":200,"srcset":"https:\/\/i0.wp.com\/ismaelcolosi.com.br\/wp-content\/uploads\/2024\/10\/DSC7400-scaled.jpg?fit=1200%2C800&ssl=1&resize=350%2C200 1x, https:\/\/i0.wp.com\/ismaelcolosi.com.br\/wp-content\/uploads\/2024\/10\/DSC7400-scaled.jpg?fit=1200%2C800&ssl=1&resize=525%2C300 1.5x, https:\/\/i0.wp.com\/ismaelcolosi.com.br\/wp-content\/uploads\/2024\/10\/DSC7400-scaled.jpg?fit=1200%2C800&ssl=1&resize=700%2C400 2x, https:\/\/i0.wp.com\/ismaelcolosi.com.br\/wp-content\/uploads\/2024\/10\/DSC7400-scaled.jpg?fit=1200%2C800&ssl=1&resize=1050%2C600 3x"},"classes":[]}],"jetpack_sharing_enabled":true,"jetpack_shortlink":"https:\/\/wp.me\/pfMlyK-hI7","_links":{"self":[{"href":"https:\/\/ismaelcolosi.com.br\/index.php\/wp-json\/wp\/v2\/posts\/68083","targetHints":{"allow":["GET"]}}],"collection":[{"href":"https:\/\/ismaelcolosi.com.br\/index.php\/wp-json\/wp\/v2\/posts"}],"about":[{"href":"https:\/\/ismaelcolosi.com.br\/index.php\/wp-json\/wp\/v2\/types\/post"}],"author":[{"embeddable":true,"href":"https:\/\/ismaelcolosi.com.br\/index.php\/wp-json\/wp\/v2\/users\/1"}],"replies":[{"embeddable":true,"href":"https:\/\/ismaelcolosi.com.br\/index.php\/wp-json\/wp\/v2\/comments?post=68083"}],"version-history":[{"count":0,"href":"https:\/\/ismaelcolosi.com.br\/index.php\/wp-json\/wp\/v2\/posts\/68083\/revisions"}],"wp:featuredmedia":[{"embeddable":true,"href":"https:\/\/ismaelcolosi.com.br\/index.php\/wp-json\/wp\/v2\/media\/68084"}],"wp:attachment":[{"href":"https:\/\/ismaelcolosi.com.br\/index.php\/wp-json\/wp\/v2\/media?parent=68083"}],"wp:term":[{"taxonomy":"category","embeddable":true,"href":"https:\/\/ismaelcolosi.com.br\/index.php\/wp-json\/wp\/v2\/categories?post=68083"},{"taxonomy":"post_tag","embeddable":true,"href":"https:\/\/ismaelcolosi.com.br\/index.php\/wp-json\/wp\/v2\/tags?post=68083"}],"curies":[{"name":"wp","href":"https:\/\/api.w.org\/{rel}","templated":true}]}}