{"id":68070,"date":"2024-09-26T22:44:38","date_gmt":"2024-09-27T01:44:38","guid":{"rendered":"https:\/\/ismaelcolosi.com.br\/index.php\/2024\/09\/26\/confira-a-agenda-dos-candidatos-a-prefeitura-de-ribeirao-preto-nesta-sexta-feira-27\/"},"modified":"2024-09-26T22:44:38","modified_gmt":"2024-09-27T01:44:38","slug":"confira-a-agenda-dos-candidatos-a-prefeitura-de-ribeirao-preto-nesta-sexta-feira-27","status":"publish","type":"post","link":"https:\/\/ismaelcolosi.com.br\/index.php\/2024\/09\/26\/confira-a-agenda-dos-candidatos-a-prefeitura-de-ribeirao-preto-nesta-sexta-feira-27\/","title":{"rendered":"Confira a agenda dos candidatos \u00e0 Prefeitura de Ribeir\u00e3o Preto nesta sexta-feira (27)"},"content":{"rendered":"<p> <br \/>\n<\/p>\n<div data-td-block-uid=\"tdi_106\">\n<div class=\"tdb-block-inner td-fix-index\">\n<p>Os candidatos \u00e0\u00a0<strong>Prefeitura de Ribeir\u00e3o Preto<\/strong>\u00a0divulgaram suas agendas de campanha para esta sexta-feira (27).<\/p>\n<p>O per\u00edodo de propaganda eleitoral come\u00e7ou no dia 16 de agosto, portanto, candidatos podem apresentar \u00e0s eleitoras e aos eleitores suas ideias e propostas.<\/p>\n<p><strong><mark style=\"background-color:#fcb900\" class=\"has-inline-color\">A publicidade das candidaturas pode ser feita na internet, na rua, na imprensa escrita, em casas, ve\u00edculos e outros bens particulares.<\/mark><\/strong><\/p>\n<p>Entre os dias 30 de agosto e 3 de outubro tamb\u00e9m ser\u00e1 veiculado o hor\u00e1rio eleitoral gratuito, exibido nas emissoras de r\u00e1dio e de televis\u00e3o \u2013\u00a0clique aqui e veja o que pode e n\u00e3o pode durante o per\u00edodo de propaganda eleitoral.<\/p>\n<h3 class=\"wp-block-heading\"><strong>Veja a agenda dos candidatos \u00e0 Prefeitura de Ribeir\u00e3o Preto:<\/strong><\/h3>\n<h4 class=\"wp-block-heading\"><strong>Andr\u00e9 Trindade (Uni\u00e3o)<\/strong><\/h4>\n<ul>\n<li>Per\u00edodo da manh\u00e3: visita empresa do ramo da constru\u00e7\u00e3o civil para falar com funcion\u00e1rios, na zona sul da cidade<\/li>\n<\/ul>\n<ul>\n<li>Per\u00edodo da tarde: acompanha o anivers\u00e1rio de 124 anos do Mercad\u00e3o Central da cidade<\/li>\n<\/ul>\n<ul>\n<li>Per\u00edodo da noite: mobiliza\u00e7\u00e3o com apoiadores da campanha na avenida Jo\u00e3o Fi\u00fasa com Presidente Vargas<\/li>\n<\/ul>\n<h4 class=\"wp-block-heading\"><strong>Jorge Roque (PT)<\/strong><\/h4>\n<ul>\n<li>Per\u00edodo da manh\u00e3: \u00e0s 9h30, com a candidata a vereadora Perla, participa de reuni\u00e3o com apoiadoras (es), no Jardim Independ\u00eancia<\/li>\n<\/ul>\n<ul>\n<li>Per\u00edodo da tarde: \u00e0s 13h30 faz panfletagem no Parque Industrial Lagoinha (Rua Ant\u00f4nio Fernandes Figuer\u00f4a, 1.400); e \u00e0s 17h participa de bandeira\u00e7o na Vila Abranches (nas imedia\u00e7\u00f5es do viaduto do bairro, com concentra\u00e7\u00e3o no Posto Shell)<\/li>\n<\/ul>\n<ul>\n<li>Per\u00edodo da noite: \u00e0s 19h, com a candidata \u00e0 verean\u00e7a Sonia Borges e Gilberto Abreu, participa de podcast sobre mudan\u00e7as clim\u00e1ticas; e \u00e0s 21h30, com o candidato a vereador Jorge Parada, participa de reuni\u00e3o com apoiadoras(es) no Jardim Piratininga (Rua Cruz e Souza, 402)<\/li>\n<\/ul>\n<h4 class=\"wp-block-heading\"><strong>Marco Aur\u00e9lio (Novo)<\/strong><\/h4>\n<ul>\n<li>Per\u00edodo da manh\u00e3: visita a empreendedores da zona norte<\/li>\n<\/ul>\n<ul>\n<li>Per\u00edodo da tarde: palestra a For\u00e7a do Agro com Governador Romeu Zema<\/li>\n<\/ul>\n<ul>\n<li>Per\u00edodo da noite: happy 30 com apoiadores, vereadores e a presen\u00e7a do Deputado Estadual L\u00e9o Siqueira<\/li>\n<\/ul>\n<h4 class=\"wp-block-heading\"><strong>Matheus Coelho (DC)<\/strong><\/h4>\n<p>A assessoria do candidato informou que a agenda n\u00e3o ser\u00e1 divulgada.<\/p>\n<h4 class=\"wp-block-heading\"><strong>Ricardo Silva (PSD)<\/strong><\/h4>\n<ul>\n<li>Per\u00edodo da manh\u00e3: reuni\u00e3o setorial sobre Plano de Arboriza\u00e7\u00e3o; Visita a empresa da zona Leste de Ribeir\u00e3o Preto<\/li>\n<\/ul>\n<ul>\n<li>Per\u00edodo da tarde: entrevista com a EPTV e portal acidade on; visita a comerciantes da zona Oeste<\/li>\n<\/ul>\n<ul>\n<li>Per\u00edodo da noite: grava\u00e7\u00e3o de r\u00e1dio e TV<\/li>\n<\/ul>\n<hr class=\"wp-block-separator has-alpha-channel-opacity\"\/>\n<p>SAIBA MAIS<\/p>\n<p>Distrito Empresarial de Ribeir\u00e3o Preto receber\u00e1 guaritas de seguran\u00e7a<\/p>\n<h4 class=\"wp-block-heading\"><strong>FIQUE ON<\/strong><\/h4>\n<p>Fique ligado em tudo que acontece em Ribeir\u00e3o Preto e regi\u00e3o. Siga os perfis do\u00a0<strong>acidade on<\/strong>\u00a0no\u00a0<a href=\"https:\/\/www.instagram.com\/acidadeonribeirao\" target=\"_blank\" rel=\"noreferrer noopener\">Instagram\u00a0<\/a>e no\u00a0<a href=\"https:\/\/www.facebook.com\/acidadeonribeirao\/\" target=\"_blank\" rel=\"noreferrer noopener\">Facebook<\/a>.<\/p>\n<p>Receba not\u00edcias do<strong>\u00a0acidade on<\/strong>\u00a0no WhatsApp.\u00a0<a href=\"https:\/\/chat.whatsapp.com\/Dtv9mxhy6V5BJBotM2OQ5k\" target=\"_blank\" rel=\"noreferrer noopener\">Para entrar no grupo, basta clicar aqui.<\/a><\/p>\n<p>Fa\u00e7a uma den\u00fancia ou sugira uma reportagem sobre Ribeir\u00e3o Preto e regi\u00e3o pelo WhatsApp: 16 99117 7802.<\/p>\n<p>VEJA TAMB\u00c9M<\/p>\n<p>Quantas ondas de calor teve no Brasil esse ano?<\/p>\n<p><!-- CONTENT END 1 -->\n<\/div>\n<\/div>\n<p><script async src=\"\/\/www.instagram.com\/embed.js\"><\/script><br \/>\n<br \/><br \/>\n<br \/><a href=\"https:\/\/www.acidadeon.com\/ribeiraopreto\/politica\/eleicoes\/confira-a-agenda-dos-candidatos-a-prefeitura-de-ribeirao-preto-nesta-sexta-feira-27\/\">Source link <\/a><\/p>\n","protected":false},"excerpt":{"rendered":"<p>Os candidatos \u00e0\u00a0Prefeitura de Ribeir\u00e3o Preto\u00a0divulgaram suas agendas de campanha para esta sexta-feira (27). O per\u00edodo de propaganda eleitoral come\u00e7ou no dia 16 de agosto,&#8230;<\/p>\n","protected":false},"author":1,"featured_media":68071,"comment_status":"open","ping_status":"open","sticky":false,"template":"","format":"standard","meta":{"_uag_custom_page_level_css":"","advanced_seo_description":"","jetpack_seo_html_title":"","jetpack_seo_noindex":false,"jetpack_post_was_ever_published":false,"_jetpack_newsletter_access":"","_jetpack_dont_email_post_to_subs":false,"_jetpack_newsletter_tier_id":0,"_jetpack_memberships_contains_paywalled_content":false,"_jetpack_memberships_contains_paid_content":false,"footnotes":"","jetpack_publicize_message":"","jetpack_publicize_feature_enabled":true,"jetpack_social_post_already_shared":true,"jetpack_social_options":{"image_generator_settings":{"template":"highway","default_image_id":0,"font":"","enabled":false},"version":2}},"categories":[11],"tags":[],"class_list":["post-68070","post","type-post","status-publish","format-standard","has-post-thumbnail","hentry","category-noticias-de-ribeirao-preto-sp-e-regiao-ismael-colosi"],"jetpack_publicize_connections":[],"jetpack_featured_media_url":"https:\/\/i0.wp.com\/ismaelcolosi.com.br\/wp-content\/uploads\/2024\/09\/1727401478_ribeirao-preto.jpg?fit=1620%2C1080&ssl=1","uagb_featured_image_src":{"full":["https:\/\/i0.wp.com\/ismaelcolosi.com.br\/wp-content\/uploads\/2024\/09\/1727401478_ribeirao-preto.jpg?fit=1620%2C1080&ssl=1",1620,1080,false],"thumbnail":["https:\/\/i0.wp.com\/ismaelcolosi.com.br\/wp-content\/uploads\/2024\/09\/1727401478_ribeirao-preto.jpg?resize=150%2C150&ssl=1",150,150,true],"medium":["https:\/\/i0.wp.com\/ismaelcolosi.com.br\/wp-content\/uploads\/2024\/09\/1727401478_ribeirao-preto.jpg?fit=300%2C200&ssl=1",300,200,true],"medium_large":["https:\/\/i0.wp.com\/ismaelcolosi.com.br\/wp-content\/uploads\/2024\/09\/1727401478_ribeirao-preto.jpg?fit=768%2C512&ssl=1",768,512,true],"large":["https:\/\/i0.wp.com\/ismaelcolosi.com.br\/wp-content\/uploads\/2024\/09\/1727401478_ribeirao-preto.jpg?fit=1024%2C683&ssl=1",1024,683,true],"1536x1536":["https:\/\/i0.wp.com\/ismaelcolosi.com.br\/wp-content\/uploads\/2024\/09\/1727401478_ribeirao-preto.jpg?fit=1536%2C1024&ssl=1",1536,1024,true],"2048x2048":["https:\/\/i0.wp.com\/ismaelcolosi.com.br\/wp-content\/uploads\/2024\/09\/1727401478_ribeirao-preto.jpg?fit=1620%2C1080&ssl=1",1620,1080,true],"really-simple-thumb":["https:\/\/i0.wp.com\/ismaelcolosi.com.br\/wp-content\/uploads\/2024\/09\/1727401478_ribeirao-preto.jpg?resize=370%2C247&ssl=1",370,247,true]},"uagb_author_info":{"display_name":"ismaelcolosi.com.br","author_link":"https:\/\/ismaelcolosi.com.br\/index.php\/author\/vidareal-online\/"},"uagb_comment_info":0,"uagb_excerpt":"Os candidatos \u00e0\u00a0Prefeitura de Ribeir\u00e3o Preto\u00a0divulgaram suas agendas de campanha para esta sexta-feira (27). O per\u00edodo de propaganda eleitoral come\u00e7ou no dia 16 de agosto,...","jetpack-related-posts":[{"id":73144,"url":"https:\/\/ismaelcolosi.com.br\/index.php\/2024\/10\/24\/confira-a-agenda-dos-candidatos-a-prefeitura-de-ribeirao-preto-nesta-sexta-25\/","url_meta":{"origin":68070,"position":0},"title":"Confira a agenda dos candidatos \u00e0 Prefeitura de Ribeir\u00e3o Preto nesta sexta (25)","author":"ismaelcolosi.com.br","date":"24 de October de 2024","format":false,"excerpt":"Os candidatos \u00e0\u00a0Prefeitura de Ribeir\u00e3o Preto\u00a0divulgaram suas agendas de campanha\u00a0para esta sexta-feira (25). O per\u00edodo de propaganda eleitoral no segundo turno come\u00e7ou no dia 7 de outubro, portanto,\u00a0candidatos podem apresentar \u00e0s eleitoras e aos eleitores suas ideias e propostas. A publicidade das candidaturas pode ser feita na internet, na rua,\u2026","rel":"","context":"In &quot;Not\u00edcias de Ribeir\u00e3o Preto-SP e Regi\u00e3o&quot;","block_context":{"text":"Not\u00edcias de Ribeir\u00e3o Preto-SP e Regi\u00e3o","link":"https:\/\/ismaelcolosi.com.br\/index.php\/category\/noticias-de-ribeirao-preto-sp-e-regiao-ismael-colosi\/"},"img":{"alt_text":"","src":"https:\/\/i0.wp.com\/ismaelcolosi.com.br\/wp-content\/uploads\/2024\/10\/ricardo-silva-marco-aurelio-entrevista_2024-10-12_22-13-15_jpeg_2024-10-12_22-13-15.webp.webp?fit=1200%2C674&ssl=1&resize=350%2C200","width":350,"height":200,"srcset":"https:\/\/i0.wp.com\/ismaelcolosi.com.br\/wp-content\/uploads\/2024\/10\/ricardo-silva-marco-aurelio-entrevista_2024-10-12_22-13-15_jpeg_2024-10-12_22-13-15.webp.webp?fit=1200%2C674&ssl=1&resize=350%2C200 1x, https:\/\/i0.wp.com\/ismaelcolosi.com.br\/wp-content\/uploads\/2024\/10\/ricardo-silva-marco-aurelio-entrevista_2024-10-12_22-13-15_jpeg_2024-10-12_22-13-15.webp.webp?fit=1200%2C674&ssl=1&resize=525%2C300 1.5x, https:\/\/i0.wp.com\/ismaelcolosi.com.br\/wp-content\/uploads\/2024\/10\/ricardo-silva-marco-aurelio-entrevista_2024-10-12_22-13-15_jpeg_2024-10-12_22-13-15.webp.webp?fit=1200%2C674&ssl=1&resize=700%2C400 2x, https:\/\/i0.wp.com\/ismaelcolosi.com.br\/wp-content\/uploads\/2024\/10\/ricardo-silva-marco-aurelio-entrevista_2024-10-12_22-13-15_jpeg_2024-10-12_22-13-15.webp.webp?fit=1200%2C674&ssl=1&resize=1050%2C600 3x"},"classes":[]},{"id":69190,"url":"https:\/\/ismaelcolosi.com.br\/index.php\/2024\/10\/04\/confira-a-agenda-dos-candidatos-a-prefeitura-de-ribeirao-preto-nesta-sexta-feira-4\/","url_meta":{"origin":68070,"position":1},"title":"Confira a agenda dos candidatos \u00e0 Prefeitura de Ribeir\u00e3o Preto nesta sexta-feira (4)","author":"ismaelcolosi.com.br","date":"4 de October de 2024","format":false,"excerpt":"Os candidatos \u00e0\u00a0Prefeitura de Ribeir\u00e3o Preto\u00a0divulgaram suas agendas de campanha para esta sexta-feira (4). O per\u00edodo de propaganda eleitoral come\u00e7ou no dia 16 de agosto, portanto, candidatos podem apresentar \u00e0s eleitoras e aos eleitores suas ideias e propostas. A publicidade das candidaturas pode ser feita na internet, na rua, na\u2026","rel":"","context":"In &quot;Not\u00edcias de Ribeir\u00e3o Preto-SP e Regi\u00e3o&quot;","block_context":{"text":"Not\u00edcias de Ribeir\u00e3o Preto-SP e Regi\u00e3o","link":"https:\/\/ismaelcolosi.com.br\/index.php\/category\/noticias-de-ribeirao-preto-sp-e-regiao-ismael-colosi\/"},"img":{"alt_text":"","src":"https:\/\/i0.wp.com\/ismaelcolosi.com.br\/wp-content\/uploads\/2024\/09\/trevao-ribeirao-preto_2024-09-12_17-08-13_jpeg_2024-09-12_17-08-13.webp.webp?fit=1200%2C652&ssl=1&resize=350%2C200","width":350,"height":200,"srcset":"https:\/\/i0.wp.com\/ismaelcolosi.com.br\/wp-content\/uploads\/2024\/09\/trevao-ribeirao-preto_2024-09-12_17-08-13_jpeg_2024-09-12_17-08-13.webp.webp?fit=1200%2C652&ssl=1&resize=350%2C200 1x, https:\/\/i0.wp.com\/ismaelcolosi.com.br\/wp-content\/uploads\/2024\/09\/trevao-ribeirao-preto_2024-09-12_17-08-13_jpeg_2024-09-12_17-08-13.webp.webp?fit=1200%2C652&ssl=1&resize=525%2C300 1.5x, https:\/\/i0.wp.com\/ismaelcolosi.com.br\/wp-content\/uploads\/2024\/09\/trevao-ribeirao-preto_2024-09-12_17-08-13_jpeg_2024-09-12_17-08-13.webp.webp?fit=1200%2C652&ssl=1&resize=700%2C400 2x, https:\/\/i0.wp.com\/ismaelcolosi.com.br\/wp-content\/uploads\/2024\/09\/trevao-ribeirao-preto_2024-09-12_17-08-13_jpeg_2024-09-12_17-08-13.webp.webp?fit=1200%2C652&ssl=1&resize=1050%2C600 3x"},"classes":[]},{"id":71790,"url":"https:\/\/ismaelcolosi.com.br\/index.php\/2024\/10\/17\/confira-a-agenda-dos-candidatos-a-prefeitura-de-ribeirao-preto-nesta-sexta-feira-18\/","url_meta":{"origin":68070,"position":2},"title":"Confira a agenda dos candidatos \u00e0 Prefeitura de Ribeir\u00e3o Preto nesta sexta-feira (18)","author":"ismaelcolosi.com.br","date":"17 de October de 2024","format":false,"excerpt":"Os candidatos \u00e0\u00a0Prefeitura de Ribeir\u00e3o Preto\u00a0divulgaram suas agendas de campanha para esta sexta-feira (18) O per\u00edodo de propaganda eleitoral, para o segundo turno, come\u00e7ou no dia 7 de outubro, portanto,\u00a0candidatos podem apresentar \u00e0s eleitoras e aos eleitores suas ideias e propostas. A publicidade das candidaturas pode ser feita na internet,\u2026","rel":"","context":"In &quot;Not\u00edcias de Ribeir\u00e3o Preto-SP e Regi\u00e3o&quot;","block_context":{"text":"Not\u00edcias de Ribeir\u00e3o Preto-SP e Regi\u00e3o","link":"https:\/\/ismaelcolosi.com.br\/index.php\/category\/noticias-de-ribeirao-preto-sp-e-regiao-ismael-colosi\/"},"img":{"alt_text":"","src":"https:\/\/i0.wp.com\/ismaelcolosi.com.br\/wp-content\/uploads\/2024\/10\/Copia-de-Copia-de-Copia-de-TAMANHO-EXATO-PARA-FOTOS-NO-SISTEMA-NOVO-95_2024-10-06_22-19-13_png_2024-10-06_22-19-13.webp.webp?fit=1200%2C675&ssl=1&resize=350%2C200","width":350,"height":200,"srcset":"https:\/\/i0.wp.com\/ismaelcolosi.com.br\/wp-content\/uploads\/2024\/10\/Copia-de-Copia-de-Copia-de-TAMANHO-EXATO-PARA-FOTOS-NO-SISTEMA-NOVO-95_2024-10-06_22-19-13_png_2024-10-06_22-19-13.webp.webp?fit=1200%2C675&ssl=1&resize=350%2C200 1x, https:\/\/i0.wp.com\/ismaelcolosi.com.br\/wp-content\/uploads\/2024\/10\/Copia-de-Copia-de-Copia-de-TAMANHO-EXATO-PARA-FOTOS-NO-SISTEMA-NOVO-95_2024-10-06_22-19-13_png_2024-10-06_22-19-13.webp.webp?fit=1200%2C675&ssl=1&resize=525%2C300 1.5x, https:\/\/i0.wp.com\/ismaelcolosi.com.br\/wp-content\/uploads\/2024\/10\/Copia-de-Copia-de-Copia-de-TAMANHO-EXATO-PARA-FOTOS-NO-SISTEMA-NOVO-95_2024-10-06_22-19-13_png_2024-10-06_22-19-13.webp.webp?fit=1200%2C675&ssl=1&resize=700%2C400 2x, https:\/\/i0.wp.com\/ismaelcolosi.com.br\/wp-content\/uploads\/2024\/10\/Copia-de-Copia-de-Copia-de-TAMANHO-EXATO-PARA-FOTOS-NO-SISTEMA-NOVO-95_2024-10-06_22-19-13_png_2024-10-06_22-19-13.webp.webp?fit=1200%2C675&ssl=1&resize=1050%2C600 3x"},"classes":[]},{"id":61693,"url":"https:\/\/ismaelcolosi.com.br\/index.php\/2024\/08\/22\/confira-a-agenda-dos-candidatos-a-prefeitura-de-ribeirao-preto-nesta-sexta-feira-23\/","url_meta":{"origin":68070,"position":3},"title":"Confira a agenda dos candidatos \u00e0 Prefeitura de Ribeir\u00e3o Preto nesta sexta-feira (23)","author":"ismaelcolosi.com.br","date":"22 de August de 2024","format":false,"excerpt":"Os candidatos \u00e0 Prefeitura de Ribeir\u00e3o Preto divulgaram suas agendas de campanha para a sexta-feira (23). O per\u00edodo de\u00a0propaganda eleitoral\u00a0come\u00e7ou no dia 16 de agosto, portanto, candidatos podem apresentar \u00e0s eleitoras e aos eleitores suas\u00a0ideias\u00a0e\u00a0propostas. A\u00a0publicidade das candidaturas\u00a0pode ser feita na\u00a0internet, na\u00a0rua, na\u00a0imprensa escrita, em\u00a0casas,\u00a0ve\u00edculos\u00a0e\u00a0outros bens particulares. Entre os dias\u2026","rel":"","context":"In &quot;Not\u00edcias de Ribeir\u00e3o Preto-SP e Regi\u00e3o&quot;","block_context":{"text":"Not\u00edcias de Ribeir\u00e3o Preto-SP e Regi\u00e3o","link":"https:\/\/ismaelcolosi.com.br\/index.php\/category\/noticias-de-ribeirao-preto-sp-e-regiao-ismael-colosi\/"},"img":{"alt_text":"","src":"https:\/\/i0.wp.com\/ismaelcolosi.com.br\/wp-content\/uploads\/2024\/08\/ribeirxo_preto_x2x.jpg_227640085-1.png?fit=600%2C404&ssl=1&resize=350%2C200","width":350,"height":200,"srcset":"https:\/\/i0.wp.com\/ismaelcolosi.com.br\/wp-content\/uploads\/2024\/08\/ribeirxo_preto_x2x.jpg_227640085-1.png?fit=600%2C404&ssl=1&resize=350%2C200 1x, https:\/\/i0.wp.com\/ismaelcolosi.com.br\/wp-content\/uploads\/2024\/08\/ribeirxo_preto_x2x.jpg_227640085-1.png?fit=600%2C404&ssl=1&resize=525%2C300 1.5x"},"classes":[]},{"id":70446,"url":"https:\/\/ismaelcolosi.com.br\/index.php\/2024\/10\/10\/confira-a-agenda-dos-candidatos-a-prefeitura-de-ribeirao-preto-nesta-sexta-feira-11\/","url_meta":{"origin":68070,"position":4},"title":"Confira a agenda dos candidatos \u00e0 Prefeitura de Ribeir\u00e3o Preto nesta sexta-feira (11)","author":"ismaelcolosi.com.br","date":"10 de October de 2024","format":false,"excerpt":"Os candidatos \u00e0\u00a0Prefeitura de Ribeir\u00e3o Preto\u00a0divulgaram suas agendas de campanha para\u00a0esta sexta-feira (11). O per\u00edodo de propaganda eleitoral, para o segundo turno, come\u00e7ou no dia 7 de outubro, portanto, candidatos podem apresentar \u00e0s eleitoras e aos eleitores suas ideias e propostas. A publicidade das candidaturas pode ser feita na internet,\u2026","rel":"","context":"In &quot;Not\u00edcias de Ribeir\u00e3o Preto-SP e Regi\u00e3o&quot;","block_context":{"text":"Not\u00edcias de Ribeir\u00e3o Preto-SP e Regi\u00e3o","link":"https:\/\/ismaelcolosi.com.br\/index.php\/category\/noticias-de-ribeirao-preto-sp-e-regiao-ismael-colosi\/"},"img":{"alt_text":"","src":"https:\/\/i0.wp.com\/ismaelcolosi.com.br\/wp-content\/uploads\/2024\/10\/Copia-de-Copia-de-Copia-de-TAMANHO-EXATO-PARA-FOTOS-NO-SISTEMA-NOVO-95_2024-10-06_22-19-13_png_2024-10-06_22-19-13.webp.webp?fit=1200%2C675&ssl=1&resize=350%2C200","width":350,"height":200,"srcset":"https:\/\/i0.wp.com\/ismaelcolosi.com.br\/wp-content\/uploads\/2024\/10\/Copia-de-Copia-de-Copia-de-TAMANHO-EXATO-PARA-FOTOS-NO-SISTEMA-NOVO-95_2024-10-06_22-19-13_png_2024-10-06_22-19-13.webp.webp?fit=1200%2C675&ssl=1&resize=350%2C200 1x, https:\/\/i0.wp.com\/ismaelcolosi.com.br\/wp-content\/uploads\/2024\/10\/Copia-de-Copia-de-Copia-de-TAMANHO-EXATO-PARA-FOTOS-NO-SISTEMA-NOVO-95_2024-10-06_22-19-13_png_2024-10-06_22-19-13.webp.webp?fit=1200%2C675&ssl=1&resize=525%2C300 1.5x, https:\/\/i0.wp.com\/ismaelcolosi.com.br\/wp-content\/uploads\/2024\/10\/Copia-de-Copia-de-Copia-de-TAMANHO-EXATO-PARA-FOTOS-NO-SISTEMA-NOVO-95_2024-10-06_22-19-13_png_2024-10-06_22-19-13.webp.webp?fit=1200%2C675&ssl=1&resize=700%2C400 2x, https:\/\/i0.wp.com\/ismaelcolosi.com.br\/wp-content\/uploads\/2024\/10\/Copia-de-Copia-de-Copia-de-TAMANHO-EXATO-PARA-FOTOS-NO-SISTEMA-NOVO-95_2024-10-06_22-19-13_png_2024-10-06_22-19-13.webp.webp?fit=1200%2C675&ssl=1&resize=1050%2C600 3x"},"classes":[]},{"id":62913,"url":"https:\/\/ismaelcolosi.com.br\/index.php\/2024\/08\/29\/confira-a-agenda-dos-candidatos-a-prefeitura-de-ribeirao-preto-nesta-sexta-feira-30\/","url_meta":{"origin":68070,"position":5},"title":"Confira a agenda dos candidatos \u00e0 Prefeitura de Ribeir\u00e3o Preto nesta sexta-feira (30)","author":"ismaelcolosi.com.br","date":"29 de August de 2024","format":false,"excerpt":"Os\u00a0candidatos\u00a0\u00e0\u00a0Prefeitura de Ribeir\u00e3o Preto\u00a0divulgaram suas\u00a0agendas de campanha\u00a0para a\u00a0sexta-feira (30). O per\u00edodo de\u00a0propaganda eleitoral\u00a0come\u00e7ou no dia 16 de agosto, portanto, candidatos podem apresentar \u00e0s eleitoras e aos eleitores suas\u00a0ideias\u00a0e\u00a0propostas. A\u00a0publicidade das candidaturas\u00a0pode ser feita na\u00a0internet, na\u00a0rua, na\u00a0imprensa escrita, em\u00a0casas,\u00a0ve\u00edculos\u00a0e\u00a0outros bens particulares. Entre os dias 30 de agosto e 3 de outubro\u2026","rel":"","context":"In &quot;Not\u00edcias de Ribeir\u00e3o Preto-SP e Regi\u00e3o&quot;","block_context":{"text":"Not\u00edcias de Ribeir\u00e3o Preto-SP e Regi\u00e3o","link":"https:\/\/ismaelcolosi.com.br\/index.php\/category\/noticias-de-ribeirao-preto-sp-e-regiao-ismael-colosi\/"},"img":{"alt_text":"","src":"https:\/\/i0.wp.com\/ismaelcolosi.com.br\/wp-content\/uploads\/2024\/08\/WhatsApp-Image-2024-03-14-at-07.06.23.jpeg?fit=1200%2C540&ssl=1&resize=350%2C200","width":350,"height":200,"srcset":"https:\/\/i0.wp.com\/ismaelcolosi.com.br\/wp-content\/uploads\/2024\/08\/WhatsApp-Image-2024-03-14-at-07.06.23.jpeg?fit=1200%2C540&ssl=1&resize=350%2C200 1x, https:\/\/i0.wp.com\/ismaelcolosi.com.br\/wp-content\/uploads\/2024\/08\/WhatsApp-Image-2024-03-14-at-07.06.23.jpeg?fit=1200%2C540&ssl=1&resize=525%2C300 1.5x, https:\/\/i0.wp.com\/ismaelcolosi.com.br\/wp-content\/uploads\/2024\/08\/WhatsApp-Image-2024-03-14-at-07.06.23.jpeg?fit=1200%2C540&ssl=1&resize=700%2C400 2x, https:\/\/i0.wp.com\/ismaelcolosi.com.br\/wp-content\/uploads\/2024\/08\/WhatsApp-Image-2024-03-14-at-07.06.23.jpeg?fit=1200%2C540&ssl=1&resize=1050%2C600 3x"},"classes":[]}],"jetpack_sharing_enabled":true,"jetpack_shortlink":"https:\/\/wp.me\/pfMlyK-hHU","_links":{"self":[{"href":"https:\/\/ismaelcolosi.com.br\/index.php\/wp-json\/wp\/v2\/posts\/68070","targetHints":{"allow":["GET"]}}],"collection":[{"href":"https:\/\/ismaelcolosi.com.br\/index.php\/wp-json\/wp\/v2\/posts"}],"about":[{"href":"https:\/\/ismaelcolosi.com.br\/index.php\/wp-json\/wp\/v2\/types\/post"}],"author":[{"embeddable":true,"href":"https:\/\/ismaelcolosi.com.br\/index.php\/wp-json\/wp\/v2\/users\/1"}],"replies":[{"embeddable":true,"href":"https:\/\/ismaelcolosi.com.br\/index.php\/wp-json\/wp\/v2\/comments?post=68070"}],"version-history":[{"count":0,"href":"https:\/\/ismaelcolosi.com.br\/index.php\/wp-json\/wp\/v2\/posts\/68070\/revisions"}],"wp:featuredmedia":[{"embeddable":true,"href":"https:\/\/ismaelcolosi.com.br\/index.php\/wp-json\/wp\/v2\/media\/68071"}],"wp:attachment":[{"href":"https:\/\/ismaelcolosi.com.br\/index.php\/wp-json\/wp\/v2\/media?parent=68070"}],"wp:term":[{"taxonomy":"category","embeddable":true,"href":"https:\/\/ismaelcolosi.com.br\/index.php\/wp-json\/wp\/v2\/categories?post=68070"},{"taxonomy":"post_tag","embeddable":true,"href":"https:\/\/ismaelcolosi.com.br\/index.php\/wp-json\/wp\/v2\/tags?post=68070"}],"curies":[{"name":"wp","href":"https:\/\/api.w.org\/{rel}","templated":true}]}}