{"id":68066,"date":"2024-09-26T22:14:37","date_gmt":"2024-09-27T01:14:37","guid":{"rendered":"https:\/\/ismaelcolosi.com.br\/index.php\/2024\/09\/26\/mercadao-de-ribeirao-celebra-124-anos-com-musica-ao-vivo-e-tradicional-bolo-gigante\/"},"modified":"2024-09-26T22:14:37","modified_gmt":"2024-09-27T01:14:37","slug":"mercadao-de-ribeirao-celebra-124-anos-com-musica-ao-vivo-e-tradicional-bolo-gigante","status":"publish","type":"post","link":"https:\/\/ismaelcolosi.com.br\/index.php\/2024\/09\/26\/mercadao-de-ribeirao-celebra-124-anos-com-musica-ao-vivo-e-tradicional-bolo-gigante\/","title":{"rendered":"Mercad\u00e3o de Ribeir\u00e3o celebra 124 anos com m\u00fasica ao vivo e tradicional bolo gigante"},"content":{"rendered":"<p> <br \/>\n<\/p>\n<div>\n<p>O <strong>Mercad\u00e3o Central de Ribeir\u00e3o Preto<\/strong> completa o seu <strong>124\u00ba anivers\u00e1rio<\/strong> neste final de semana e <mark style=\"background-color:#fcb900\" class=\"has-inline-color\">as comemora\u00e7\u00f5es acontecem <strong>nesta sexta-feira (27)<\/strong>, das <strong>8h<\/strong> \u00e0s <strong>17h30<\/strong><\/mark>.<\/p>\n<p>O<strong> pr\u00e9dio hist\u00f3rico<\/strong> ter\u00e1 um dia especial com <strong>m\u00fasica ao vivo<\/strong> e <strong>atividades para todas as idades<\/strong> \u2013 veja programa\u00e7\u00e3o abaixo.<\/p>\n<p>Neste ano, o <strong>tradicional bolo de anivers\u00e1rio do Mercad\u00e3o<\/strong> deve ter aproximadamente <strong>120 quilos<\/strong> e <strong>12 metros de comprimento<\/strong>, superando o do ano passado.<\/p>\n<p>O local est\u00e1 localizado no quadril\u00e1tero entre as ruas S\u00e3o Sebasti\u00e3o, Jos\u00e9 Bonif\u00e1cio, Am\u00e9rico Brasiliense e avenida Jer\u00f4nimo Gon\u00e7alves, no Centro de <strong>Ribeir\u00e3o Preto<\/strong>.<\/p>\n<h3 class=\"wp-block-heading\"><strong>Confira a programa\u00e7\u00e3o do 124\u00ba anivers\u00e1rio do Mercad\u00e3o<\/strong><\/h3>\n<ul>\n<li>08h \u00e0s 09h \u2013 Ato ecum\u00eanico<\/li>\n<\/ul>\n<ul>\n<li>09h30 \u00e0s 17h \u2013 Carrinhos de pipoca<\/li>\n<\/ul>\n<ul>\n<li>09h \u00e0s 11h \u2013 M\u00fasica ao vivo com a dupla In\u00e1cio e Giba<\/li>\n<\/ul>\n<ul>\n<li>10h \u00e0s 14h \u2013 Esculturas de Bexigas e Pintura Facial<\/li>\n<\/ul>\n<ul>\n<li>11h \u00e0s 13h30 \u2013 M\u00fasica ao vivo com Robertinho &amp; Banda<\/li>\n<\/ul>\n<ul>\n<li><strong>13h \u00e0s 13h40 \u2013 Montagem do bolo de anivers\u00e1rio<\/strong><\/li>\n<\/ul>\n<ul>\n<li>13h30 \u00e0s 14h \u2013 Apresenta\u00e7\u00e3o de Kung Fu com o Mestre Severino<\/li>\n<\/ul>\n<ul>\n<li><strong>14h10 \u2013 Corte e Distribui\u00e7\u00e3o de bolo e refrigerantes<\/strong><\/li>\n<\/ul>\n<ul>\n<li>15h \u00e0s 17h30 \u2013 M\u00fasica ao vivo com o Grupo G2<\/li>\n<\/ul>\n<h4 class=\"wp-block-heading\"><strong>Hist\u00f3ria do Mercad\u00e3o<\/strong><\/h4>\n<p>Constru\u00eddo em 1899 e inaugurado em 1900, o local se tornou um <strong>importante marco para a cidade<\/strong>, pois abastecia diversas fam\u00edlias de todas as classes sociais do munic\u00edpio e da regi\u00e3o. <strong>O Mercad\u00e3o foi constru\u00eddo com tijolos de barro e cobertura envidra\u00e7ada.<\/strong><\/p>\n<p>No entanto, o pr\u00e9dio que conhecemos atualmente est\u00e1 <strong>bem diferente da arquitetura original<\/strong>, isso porque, <mark style=\"background-color:#fcb900\" class=\"has-inline-color\">em <strong>1942<\/strong>, por causa de um curto circuito, <strong>um grande inc\u00eandio atingiu o im\u00f3vel e destruiu o local<\/strong>, tornando-o inabit\u00e1vel.<\/mark><\/p>\n<p>Contudo, em <strong>1956<\/strong>, um projeto para <strong>constru\u00e7\u00e3o de um novo Mercad\u00e3o<\/strong> surgiu. No dia 28 de setembro de 1958, o ent\u00e3o prefeito <strong>Cost\u00e1bile Romano<\/strong>, inaugurou o novo pr\u00e9dio. Mesmo ap\u00f3s 16 anos da trag\u00e9dia, o novo pr\u00e9dio do <strong>Mercado Municipal<\/strong> retomou impulso econ\u00f4mico.<\/p>\n<hr class=\"wp-block-separator has-alpha-channel-opacity\"\/>\n<p>SAIBA MAIS<\/p>\n<p>Ribeir\u00e3o Preto recebe 1\u00ba Festival Internacional de Cinema; Veja quando<\/p>\n<h4 class=\"wp-block-heading\"><strong>FIQUE ON<\/strong><\/h4>\n<p>Fique ligado em tudo que acontece em Ribeir\u00e3o Preto e regi\u00e3o. Siga os perfis do\u00a0<strong>acidade on<\/strong>\u00a0no\u00a0<a href=\"https:\/\/www.instagram.com\/acidadeonribeirao\" target=\"_blank\" rel=\"noreferrer noopener\">Instagram\u00a0<\/a>e no\u00a0<a href=\"https:\/\/www.facebook.com\/acidadeonribeirao\/\" target=\"_blank\" rel=\"noreferrer noopener\">Facebook<\/a>.<\/p>\n<p>Receba not\u00edcias do<strong>\u00a0acidade on<\/strong>\u00a0no WhatsApp.\u00a0<a href=\"https:\/\/chat.whatsapp.com\/Dtv9mxhy6V5BJBotM2OQ5k\" target=\"_blank\" rel=\"noreferrer noopener\">Para entrar no grupo, basta clicar aqui.<\/a><\/p>\n<p>Fa\u00e7a uma den\u00fancia ou sugira uma reportagem sobre Ribeir\u00e3o Preto e regi\u00e3o pelo WhatsApp: 16 99117 7802.<\/p>\n<p>VEJA TAMB\u00c9M<\/p>\n<p>Por que Diddy vai afetar no lan\u00e7amento da nova m\u00fasica de Anitta?<\/p>\n<p><!-- CONTENT END 1 -->\n<\/div>\n<p><script async src=\"\/\/www.instagram.com\/embed.js\"><\/script><br \/>\n<br \/><br \/>\n<br \/><a href=\"https:\/\/www.acidadeon.com\/ribeiraopreto\/lazer-e-cultura\/mercadao-de-ribeirao-celebra-124-anos-com-musica-ao-vivo-e-tradicional-bolo-gigante\/\">Source link <\/a><\/p>\n","protected":false},"excerpt":{"rendered":"<p>O Mercad\u00e3o Central de Ribeir\u00e3o Preto completa o seu 124\u00ba anivers\u00e1rio neste final de semana e as comemora\u00e7\u00f5es acontecem nesta sexta-feira (27), das 8h \u00e0s&#8230;<\/p>\n","protected":false},"author":1,"featured_media":68067,"comment_status":"open","ping_status":"open","sticky":false,"template":"","format":"standard","meta":{"_uag_custom_page_level_css":"","advanced_seo_description":"","jetpack_seo_html_title":"","jetpack_seo_noindex":false,"jetpack_post_was_ever_published":false,"_jetpack_newsletter_access":"","_jetpack_dont_email_post_to_subs":false,"_jetpack_newsletter_tier_id":0,"_jetpack_memberships_contains_paywalled_content":false,"_jetpack_memberships_contains_paid_content":false,"footnotes":"","jetpack_publicize_message":"","jetpack_publicize_feature_enabled":true,"jetpack_social_post_already_shared":true,"jetpack_social_options":{"image_generator_settings":{"template":"highway","default_image_id":0,"font":"","enabled":false},"version":2}},"categories":[11],"tags":[],"class_list":["post-68066","post","type-post","status-publish","format-standard","has-post-thumbnail","hentry","category-noticias-de-ribeirao-preto-sp-e-regiao-ismael-colosi"],"jetpack_publicize_connections":[],"jetpack_featured_media_url":"https:\/\/i0.wp.com\/ismaelcolosi.com.br\/wp-content\/uploads\/2024\/09\/2019_27_09_aniversario_mercadao_alexandre_de_azevedo_097.jpg?fit=1620%2C1080&ssl=1","uagb_featured_image_src":{"full":["https:\/\/i0.wp.com\/ismaelcolosi.com.br\/wp-content\/uploads\/2024\/09\/2019_27_09_aniversario_mercadao_alexandre_de_azevedo_097.jpg?fit=1620%2C1080&ssl=1",1620,1080,false],"thumbnail":["https:\/\/i0.wp.com\/ismaelcolosi.com.br\/wp-content\/uploads\/2024\/09\/2019_27_09_aniversario_mercadao_alexandre_de_azevedo_097.jpg?resize=150%2C150&ssl=1",150,150,true],"medium":["https:\/\/i0.wp.com\/ismaelcolosi.com.br\/wp-content\/uploads\/2024\/09\/2019_27_09_aniversario_mercadao_alexandre_de_azevedo_097.jpg?fit=300%2C200&ssl=1",300,200,true],"medium_large":["https:\/\/i0.wp.com\/ismaelcolosi.com.br\/wp-content\/uploads\/2024\/09\/2019_27_09_aniversario_mercadao_alexandre_de_azevedo_097.jpg?fit=768%2C512&ssl=1",768,512,true],"large":["https:\/\/i0.wp.com\/ismaelcolosi.com.br\/wp-content\/uploads\/2024\/09\/2019_27_09_aniversario_mercadao_alexandre_de_azevedo_097.jpg?fit=1024%2C683&ssl=1",1024,683,true],"1536x1536":["https:\/\/i0.wp.com\/ismaelcolosi.com.br\/wp-content\/uploads\/2024\/09\/2019_27_09_aniversario_mercadao_alexandre_de_azevedo_097.jpg?fit=1536%2C1024&ssl=1",1536,1024,true],"2048x2048":["https:\/\/i0.wp.com\/ismaelcolosi.com.br\/wp-content\/uploads\/2024\/09\/2019_27_09_aniversario_mercadao_alexandre_de_azevedo_097.jpg?fit=1620%2C1080&ssl=1",1620,1080,true],"really-simple-thumb":["https:\/\/i0.wp.com\/ismaelcolosi.com.br\/wp-content\/uploads\/2024\/09\/2019_27_09_aniversario_mercadao_alexandre_de_azevedo_097.jpg?resize=370%2C247&ssl=1",370,247,true]},"uagb_author_info":{"display_name":"ismaelcolosi.com.br","author_link":"https:\/\/ismaelcolosi.com.br\/index.php\/author\/vidareal-online\/"},"uagb_comment_info":0,"uagb_excerpt":"O Mercad\u00e3o Central de Ribeir\u00e3o Preto completa o seu 124\u00ba anivers\u00e1rio neste final de semana e as comemora\u00e7\u00f5es acontecem nesta sexta-feira (27), das 8h \u00e0s...","jetpack-related-posts":[{"id":68103,"url":"https:\/\/ismaelcolosi.com.br\/index.php\/2024\/09\/27\/luisa-sonza-oktobefest-e-muita-coxinha-veja-agenda-do-fim-de-semana-em-ribeirao-preto\/","url_meta":{"origin":68066,"position":0},"title":"Lu\u00edsa Sonza, Oktobefest e muita coxinha: Veja agenda do fim de semana em Ribeir\u00e3o Preto","author":"ismaelcolosi.com.br","date":"27 de September de 2024","format":false,"excerpt":"Para encerrar setembro com muita agita\u00e7\u00e3o, a agenda cultural deste fim de semana em Ribeir\u00e3o Preto conta com diversas atividades para diferentes idades e gostos. Entre os destaques, tem show da cantora Lu\u00edsa Sonza, Oktoberfest Ribeir\u00e3o, o Vila Dion\u00edsio Festival e a pe\u00e7a Mem\u00f3rias do Vinho. Confira. Festival Vira Copos\u2026","rel":"","context":"In &quot;Not\u00edcias de Ribeir\u00e3o Preto-SP e Regi\u00e3o&quot;","block_context":{"text":"Not\u00edcias de Ribeir\u00e3o Preto-SP e Regi\u00e3o","link":"https:\/\/ismaelcolosi.com.br\/index.php\/category\/noticias-de-ribeirao-preto-sp-e-regiao-ismael-colosi\/"},"img":{"alt_text":"","src":"https:\/\/i0.wp.com\/ismaelcolosi.com.br\/wp-content\/uploads\/2024\/09\/sextou_2024-09-27_12-48-40_jpeg_2024-09-27_12-48-40.webp.webp?fit=1200%2C675&ssl=1&resize=350%2C200","width":350,"height":200,"srcset":"https:\/\/i0.wp.com\/ismaelcolosi.com.br\/wp-content\/uploads\/2024\/09\/sextou_2024-09-27_12-48-40_jpeg_2024-09-27_12-48-40.webp.webp?fit=1200%2C675&ssl=1&resize=350%2C200 1x, https:\/\/i0.wp.com\/ismaelcolosi.com.br\/wp-content\/uploads\/2024\/09\/sextou_2024-09-27_12-48-40_jpeg_2024-09-27_12-48-40.webp.webp?fit=1200%2C675&ssl=1&resize=525%2C300 1.5x, https:\/\/i0.wp.com\/ismaelcolosi.com.br\/wp-content\/uploads\/2024\/09\/sextou_2024-09-27_12-48-40_jpeg_2024-09-27_12-48-40.webp.webp?fit=1200%2C675&ssl=1&resize=700%2C400 2x, https:\/\/i0.wp.com\/ismaelcolosi.com.br\/wp-content\/uploads\/2024\/09\/sextou_2024-09-27_12-48-40_jpeg_2024-09-27_12-48-40.webp.webp?fit=1200%2C675&ssl=1&resize=1050%2C600 3x"},"classes":[]},{"id":68138,"url":"https:\/\/ismaelcolosi.com.br\/index.php\/2024\/09\/27\/ricardo-silva-participa-nesta-sexta-da-serie-de-entrevistas-com-candidatos-a-prefeitura-de-ribeirao-preto\/","url_meta":{"origin":68066,"position":1},"title":"Ricardo Silva participa nesta sexta da s\u00e9rie de entrevistas com candidatos \u00e0 Prefeitura de Ribeir\u00e3o Preto","author":"ismaelcolosi.com.br","date":"27 de September de 2024","format":false,"excerpt":"O acidade on Ribeir\u00e3o realiza nesta semana uma s\u00e9rie de entrevistas com os candidatos \u00e0 Prefeitura de Ribeir\u00e3o Preto nas elei\u00e7\u00f5es 2024. Nesta sexta-feira (27) \u00e9 a vez da sabatina do deputado federal Ricardo Silva (PSD) \u2013 veja o player acima. A entrevista, que encerra as transmiss\u00f5es ao vivo, ter\u00e1\u2026","rel":"","context":"In &quot;Not\u00edcias de Ribeir\u00e3o Preto-SP e Regi\u00e3o&quot;","block_context":{"text":"Not\u00edcias de Ribeir\u00e3o Preto-SP e Regi\u00e3o","link":"https:\/\/ismaelcolosi.com.br\/index.php\/category\/noticias-de-ribeirao-preto-sp-e-regiao-ismael-colosi\/"},"img":{"alt_text":"","src":"https:\/\/i0.wp.com\/ismaelcolosi.com.br\/wp-content\/uploads\/2024\/09\/ricardo-silva_2024-09-27_14-05-41_jpg_2024-09-27_14-05-41.webp.webp?fit=1200%2C863&ssl=1&resize=350%2C200","width":350,"height":200,"srcset":"https:\/\/i0.wp.com\/ismaelcolosi.com.br\/wp-content\/uploads\/2024\/09\/ricardo-silva_2024-09-27_14-05-41_jpg_2024-09-27_14-05-41.webp.webp?fit=1200%2C863&ssl=1&resize=350%2C200 1x, https:\/\/i0.wp.com\/ismaelcolosi.com.br\/wp-content\/uploads\/2024\/09\/ricardo-silva_2024-09-27_14-05-41_jpg_2024-09-27_14-05-41.webp.webp?fit=1200%2C863&ssl=1&resize=525%2C300 1.5x, https:\/\/i0.wp.com\/ismaelcolosi.com.br\/wp-content\/uploads\/2024\/09\/ricardo-silva_2024-09-27_14-05-41_jpg_2024-09-27_14-05-41.webp.webp?fit=1200%2C863&ssl=1&resize=700%2C400 2x, https:\/\/i0.wp.com\/ismaelcolosi.com.br\/wp-content\/uploads\/2024\/09\/ricardo-silva_2024-09-27_14-05-41_jpg_2024-09-27_14-05-41.webp.webp?fit=1200%2C863&ssl=1&resize=1050%2C600 3x"},"classes":[]},{"id":53662,"url":"https:\/\/ismaelcolosi.com.br\/index.php\/2024\/06\/18\/veja-os-horarios-dos-shoppings-comercio-e-bancos-durante-o-aniversario-de-ribeirao-preto\/","url_meta":{"origin":68066,"position":2},"title":"Veja os hor\u00e1rios dos shoppings, com\u00e9rcio e bancos durante o anivers\u00e1rio de Ribeir\u00e3o Preto","author":"ismaelcolosi.com.br","date":"18 de June de 2024","format":false,"excerpt":"O feriado em celebra\u00e7\u00e3o aos 168 anos de Ribeir\u00e3o Preto, comemorado nesta quarta-feira (19), vai alterar o hor\u00e1rio de funcionamento dos shoppings, bancos e com\u00e9rcio de rua do munic\u00edpio. Al\u00e9m da mudan\u00e7a, a cidade possui uma programa\u00e7\u00e3o com shows, exposi\u00e7\u00e3o e at\u00e9 passeio tur\u00edstico de forma gratuita \u2013 clique aqui\u2026","rel":"","context":"In &quot;Not\u00edcias de Ribeir\u00e3o Preto-SP e Regi\u00e3o&quot;","block_context":{"text":"Not\u00edcias de Ribeir\u00e3o Preto-SP e Regi\u00e3o","link":"https:\/\/ismaelcolosi.com.br\/index.php\/category\/noticias-de-ribeirao-preto-sp-e-regiao-ismael-colosi\/"},"img":{"alt_text":"","src":"https:\/\/i0.wp.com\/ismaelcolosi.com.br\/wp-content\/uploads\/2024\/06\/CALCADAO_2024-06-18_13-51-25_jpg_2024-06-18_13-51-25.webp.webp?fit=1200%2C756&ssl=1&resize=350%2C200","width":350,"height":200,"srcset":"https:\/\/i0.wp.com\/ismaelcolosi.com.br\/wp-content\/uploads\/2024\/06\/CALCADAO_2024-06-18_13-51-25_jpg_2024-06-18_13-51-25.webp.webp?fit=1200%2C756&ssl=1&resize=350%2C200 1x, https:\/\/i0.wp.com\/ismaelcolosi.com.br\/wp-content\/uploads\/2024\/06\/CALCADAO_2024-06-18_13-51-25_jpg_2024-06-18_13-51-25.webp.webp?fit=1200%2C756&ssl=1&resize=525%2C300 1.5x, https:\/\/i0.wp.com\/ismaelcolosi.com.br\/wp-content\/uploads\/2024\/06\/CALCADAO_2024-06-18_13-51-25_jpg_2024-06-18_13-51-25.webp.webp?fit=1200%2C756&ssl=1&resize=700%2C400 2x, https:\/\/i0.wp.com\/ismaelcolosi.com.br\/wp-content\/uploads\/2024\/06\/CALCADAO_2024-06-18_13-51-25_jpg_2024-06-18_13-51-25.webp.webp?fit=1200%2C756&ssl=1&resize=1050%2C600 3x"},"classes":[]},{"id":22192,"url":"https:\/\/ismaelcolosi.com.br\/index.php\/2023\/12\/29\/mercadao-de-ribeirao-tem-horario-especial-neste-final-de-semana-veja-como-fica\/","url_meta":{"origin":68066,"position":3},"title":"Mercad\u00e3o de Ribeir\u00e3o tem hor\u00e1rio especial neste final de semana; Veja como fica","author":"ismaelcolosi.com.br","date":"29 de December de 2023","format":false,"excerpt":"O Mercad\u00e3o Central de Ribeir\u00e3o Preto informou que, devido \u00e0s celebra\u00e7\u00f5es de ano novo, o hor\u00e1rio de atendimento ao p\u00fablico foi alterado neste \u00faltimo final de semana de 2023. Um dos mais movimentados pontos de com\u00e9rcio da cidade, o mercad\u00e3o est\u00e1 localizado no quadril\u00e1tero entre as ruas S\u00e3o Sebasti\u00e3o, Jos\u00e9\u2026","rel":"","context":"In &quot;Not\u00edcias de Ribeir\u00e3o Preto-SP e Regi\u00e3o&quot;","block_context":{"text":"Not\u00edcias de Ribeir\u00e3o Preto-SP e Regi\u00e3o","link":"https:\/\/ismaelcolosi.com.br\/index.php\/category\/noticias-de-ribeirao-preto-sp-e-regiao-ismael-colosi\/"},"img":{"alt_text":"","src":"https:\/\/i0.wp.com\/ismaelcolosi.com.br\/wp-content\/uploads\/2023\/12\/2019_27_09_aniversario_mercadao_alexandre_de_azevedo_097.jpg?fit=1200%2C800&ssl=1&resize=350%2C200","width":350,"height":200,"srcset":"https:\/\/i0.wp.com\/ismaelcolosi.com.br\/wp-content\/uploads\/2023\/12\/2019_27_09_aniversario_mercadao_alexandre_de_azevedo_097.jpg?fit=1200%2C800&ssl=1&resize=350%2C200 1x, https:\/\/i0.wp.com\/ismaelcolosi.com.br\/wp-content\/uploads\/2023\/12\/2019_27_09_aniversario_mercadao_alexandre_de_azevedo_097.jpg?fit=1200%2C800&ssl=1&resize=525%2C300 1.5x, https:\/\/i0.wp.com\/ismaelcolosi.com.br\/wp-content\/uploads\/2023\/12\/2019_27_09_aniversario_mercadao_alexandre_de_azevedo_097.jpg?fit=1200%2C800&ssl=1&resize=700%2C400 2x, https:\/\/i0.wp.com\/ismaelcolosi.com.br\/wp-content\/uploads\/2023\/12\/2019_27_09_aniversario_mercadao_alexandre_de_azevedo_097.jpg?fit=1200%2C800&ssl=1&resize=1050%2C600 3x"},"classes":[]},{"id":7461,"url":"https:\/\/ismaelcolosi.com.br\/index.php\/2023\/11\/28\/franca-comemora-aniversario-de-199-anos-com-bolo-de-80-metros\/","url_meta":{"origin":68066,"position":4},"title":"Franca comemora anivers\u00e1rio de 199 anos com bolo de 80 metros","author":"ismaelcolosi.com.br","date":"28 de November de 2023","format":false,"excerpt":"O anivers\u00e1rio de 199 anos de Franca, cidade a aproximandamente 80 quil\u00f4metros de Ribeir\u00e3o Preto, \u00e9 celebrado nesta ter\u00e7a-feira (28), no Parque de Exposi\u00e7\u00f5es Fernando Costa. A entrada \u00e9 gratuita a partir das 8h30.\u00a0 A programa\u00e7\u00e3o conta com bolo de 80 metros de comprimento, m\u00fasica ao vivo e atividades para\u2026","rel":"","context":"In &quot;Not\u00edcias de Ribeir\u00e3o Preto-SP e Regi\u00e3o&quot;","block_context":{"text":"Not\u00edcias de Ribeir\u00e3o Preto-SP e Regi\u00e3o","link":"https:\/\/ismaelcolosi.com.br\/index.php\/category\/noticias-de-ribeirao-preto-sp-e-regiao-ismael-colosi\/"},"img":{"alt_text":"","src":"https:\/\/i0.wp.com\/ismaelcolosi.com.br\/wp-content\/uploads\/2023\/11\/Bolo_aniversaio_original.jpg?fit=1200%2C794&ssl=1&resize=350%2C200","width":350,"height":200,"srcset":"https:\/\/i0.wp.com\/ismaelcolosi.com.br\/wp-content\/uploads\/2023\/11\/Bolo_aniversaio_original.jpg?fit=1200%2C794&ssl=1&resize=350%2C200 1x, https:\/\/i0.wp.com\/ismaelcolosi.com.br\/wp-content\/uploads\/2023\/11\/Bolo_aniversaio_original.jpg?fit=1200%2C794&ssl=1&resize=525%2C300 1.5x, https:\/\/i0.wp.com\/ismaelcolosi.com.br\/wp-content\/uploads\/2023\/11\/Bolo_aniversaio_original.jpg?fit=1200%2C794&ssl=1&resize=700%2C400 2x, https:\/\/i0.wp.com\/ismaelcolosi.com.br\/wp-content\/uploads\/2023\/11\/Bolo_aniversaio_original.jpg?fit=1200%2C794&ssl=1&resize=1050%2C600 3x"},"classes":[]},{"id":44431,"url":"https:\/\/ismaelcolosi.com.br\/index.php\/2024\/03\/27\/mercadao-de-ribeirao-estende-horario-de-funcionamento-na-semana-santa-veja-como-fica\/","url_meta":{"origin":68066,"position":5},"title":"Mercad\u00e3o de Ribeir\u00e3o estende hor\u00e1rio de funcionamento na Semana Santa; Veja como fica","author":"ismaelcolosi.com.br","date":"27 de March de 2024","format":false,"excerpt":"O Mercad\u00e3o Central de Ribeir\u00e3o Preto estendeu o hor\u00e1rio de funcionamento, nesta quarta (27) e quinta-feira (28), devido \u00e0 alta procura de peixes para o card\u00e1pio da Sexta-feira Santa. O local \u00e9 um dos pontos mais movimentados da cidade nesta \u00e9poca e est\u00e1 localizado no quadril\u00e1tero entre as ruas S\u00e3o\u2026","rel":"","context":"In &quot;Not\u00edcias de Ribeir\u00e3o Preto-SP e Regi\u00e3o&quot;","block_context":{"text":"Not\u00edcias de Ribeir\u00e3o Preto-SP e Regi\u00e3o","link":"https:\/\/ismaelcolosi.com.br\/index.php\/category\/noticias-de-ribeirao-preto-sp-e-regiao-ismael-colosi\/"},"img":{"alt_text":"","src":"https:\/\/i0.wp.com\/ismaelcolosi.com.br\/wp-content\/uploads\/2024\/03\/2019_27_09_aniversario_mercadao_alexandre_de_azevedo_097.jpg?fit=1200%2C800&ssl=1&resize=350%2C200","width":350,"height":200,"srcset":"https:\/\/i0.wp.com\/ismaelcolosi.com.br\/wp-content\/uploads\/2024\/03\/2019_27_09_aniversario_mercadao_alexandre_de_azevedo_097.jpg?fit=1200%2C800&ssl=1&resize=350%2C200 1x, https:\/\/i0.wp.com\/ismaelcolosi.com.br\/wp-content\/uploads\/2024\/03\/2019_27_09_aniversario_mercadao_alexandre_de_azevedo_097.jpg?fit=1200%2C800&ssl=1&resize=525%2C300 1.5x, https:\/\/i0.wp.com\/ismaelcolosi.com.br\/wp-content\/uploads\/2024\/03\/2019_27_09_aniversario_mercadao_alexandre_de_azevedo_097.jpg?fit=1200%2C800&ssl=1&resize=700%2C400 2x, https:\/\/i0.wp.com\/ismaelcolosi.com.br\/wp-content\/uploads\/2024\/03\/2019_27_09_aniversario_mercadao_alexandre_de_azevedo_097.jpg?fit=1200%2C800&ssl=1&resize=1050%2C600 3x"},"classes":[]}],"jetpack_sharing_enabled":true,"jetpack_shortlink":"https:\/\/wp.me\/pfMlyK-hHQ","_links":{"self":[{"href":"https:\/\/ismaelcolosi.com.br\/index.php\/wp-json\/wp\/v2\/posts\/68066","targetHints":{"allow":["GET"]}}],"collection":[{"href":"https:\/\/ismaelcolosi.com.br\/index.php\/wp-json\/wp\/v2\/posts"}],"about":[{"href":"https:\/\/ismaelcolosi.com.br\/index.php\/wp-json\/wp\/v2\/types\/post"}],"author":[{"embeddable":true,"href":"https:\/\/ismaelcolosi.com.br\/index.php\/wp-json\/wp\/v2\/users\/1"}],"replies":[{"embeddable":true,"href":"https:\/\/ismaelcolosi.com.br\/index.php\/wp-json\/wp\/v2\/comments?post=68066"}],"version-history":[{"count":0,"href":"https:\/\/ismaelcolosi.com.br\/index.php\/wp-json\/wp\/v2\/posts\/68066\/revisions"}],"wp:featuredmedia":[{"embeddable":true,"href":"https:\/\/ismaelcolosi.com.br\/index.php\/wp-json\/wp\/v2\/media\/68067"}],"wp:attachment":[{"href":"https:\/\/ismaelcolosi.com.br\/index.php\/wp-json\/wp\/v2\/media?parent=68066"}],"wp:term":[{"taxonomy":"category","embeddable":true,"href":"https:\/\/ismaelcolosi.com.br\/index.php\/wp-json\/wp\/v2\/categories?post=68066"},{"taxonomy":"post_tag","embeddable":true,"href":"https:\/\/ismaelcolosi.com.br\/index.php\/wp-json\/wp\/v2\/tags?post=68066"}],"curies":[{"name":"wp","href":"https:\/\/api.w.org\/{rel}","templated":true}]}}