{"id":68061,"date":"2024-09-26T20:39:23","date_gmt":"2024-09-26T23:39:23","guid":{"rendered":"https:\/\/ismaelcolosi.com.br\/index.php\/2024\/09\/26\/juri-inocenta-acusado-de-transportar-atirador-que-matou-empresario-em-ribeirao\/"},"modified":"2024-09-26T20:39:23","modified_gmt":"2024-09-26T23:39:23","slug":"juri-inocenta-acusado-de-transportar-atirador-que-matou-empresario-em-ribeirao","status":"publish","type":"post","link":"https:\/\/ismaelcolosi.com.br\/index.php\/2024\/09\/26\/juri-inocenta-acusado-de-transportar-atirador-que-matou-empresario-em-ribeirao\/","title":{"rendered":"J\u00fari inocenta acusado de transportar atirador que matou empres\u00e1rio em Ribeir\u00e3o"},"content":{"rendered":"<p> <br \/>\n<\/p>\n<div>\n<p>Foi inocentado, nesta quinta-feira (26),<mark style=\"background-color:#fcb900\" class=\"has-inline-color\"> o <strong>homem que era suspeito <\/strong>de <strong>transportar o atirador<\/strong> que matou o empres\u00e1rio <strong>Tiago Pereira Fernandes<\/strong><\/mark>, em <strong>Ribeir\u00e3o Preto<\/strong>. O crime aconteceu em mar\u00e7o de 2022, dentro de um centro comercial.<\/p>\n<p>O julgamento aconteceu no<strong> F\u00f3rum de Ribeir\u00e3o Preto<\/strong> e contou com a participa\u00e7\u00e3o de <strong>25 jurados<\/strong>, por\u00e9m, apenas <strong>sete formaram o conselho de senten\u00e7a<\/strong>.<\/p>\n<p><strong>Elson Aparecido Batista<\/strong> era acusado de <strong>homic\u00eddio triplamente qualificado<\/strong> \u2013 por motivo torpe, recurso que dificultou a defesa da v\u00edtima e emprego de arma de fogo de uso restrito.<\/p>\n<p>Em nota encaminhada \u00e0 <strong><em>EPTV<\/em><\/strong>, o advogado de defesa <strong>Augusto Jos\u00e9 Costa Clemente da Silva<\/strong>, informou que \u201cos jurados reconheceram que Elson n\u00e3o foi o autor de nenhum dos crimes que lhe foram imputados\u201d.<\/p>\n<p>Ainda de acordo com a defesa, Elson deixou o <strong>CDP (Centro de Deten\u00e7\u00e3o Provis\u00f3ria) de Ribeir\u00e3o Preto<\/strong> no final da tarde, depois de 2 anos, 6 meses e 15 dias preso.<\/p>\n<h3 class=\"wp-block-heading\"><strong>O crime<\/strong><\/h3>\n<p>O empres\u00e1rio<strong> Tiago Pereira Fernandes<\/strong>, de 40 anos, <mark style=\"background-color:#fcb900\" class=\"has-inline-color\">foi morto a tiros na<strong> frente da filha e da mulher<\/strong><\/mark>, enquanto estava em um estacionamento do centro comercial de um hotel na avenida Presidente Kennedy, em <strong>Ribeir\u00e3o Preto<\/strong>.<\/p>\n<p><strong>C\u00e2meras de seguran\u00e7a flagraram toda a a\u00e7\u00e3o<\/strong>. Nas imagens \u00e9 poss\u00edvel ver o atirado se aproximando e <strong>atirando pelo menos nove vezes contra a v\u00edtima<\/strong>. Na ocasi\u00e3o, o homem que chega ao local caminhando aparece de camiseta preta e bon\u00e9 branco.<\/p>\n<p>Conforme as investiga\u00e7\u00f5es, <strong>a camiseta utilizada pelo atirador<\/strong> <strong>foi encontrada com Elson Aparecido Batista<\/strong>, inocentado nesta quinta. Na \u00e9poca, Elson foi preso horas depois dos disparos, ap\u00f3s ser parado pela pol\u00edcia, em <strong>Cravinhos<\/strong>, regi\u00e3o de <strong>Ribeir\u00e3o Preto<\/strong>, <mark style=\"background-color:#fcb900\" class=\"has-inline-color\">porque dirigia o carro que teria sido usado na fuga do crime.<\/mark><\/p>\n<p>No ve\u00edculo tamb\u00e9m foram encontradas <strong>duas pistolas<\/strong>, uma delas com o mesmo calibre das muni\u00e7\u00f5es que atingiram o empres\u00e1rio. Segundo a Pol\u00edcia Militar (PM) na \u00e9poca, Elson teria dito que<mark style=\"background-color:#fcb900\" class=\"has-inline-color\"> foi <strong>contratado <\/strong>para levar o carro de <strong>Serrana<\/strong> para o distrito de <strong>Cruz das Posses<\/strong>, em <strong>Sert\u00e3ozinho <\/strong>e <strong>negou a participa\u00e7\u00e3o no assassinato<\/strong>.<\/mark><\/p>\n<p><strong><em>*Com informa\u00e7\u00f5es da EPTV<\/em><\/strong><\/p>\n<hr class=\"wp-block-separator has-alpha-channel-opacity\"\/>\n<p>SAIBA MAIS<\/p>\n<p>RP Mobi muda regra para utiliza\u00e7\u00e3o da faixa exclusiva de \u00f4nibus em Ribeir\u00e3o<\/p>\n<h4 class=\"wp-block-heading\"><strong>FIQUE ON<\/strong><\/h4>\n<p>Fique ligado em tudo que acontece em Ribeir\u00e3o Preto e regi\u00e3o. Siga os perfis do\u00a0<strong>acidade on<\/strong>\u00a0no\u00a0<a href=\"https:\/\/www.instagram.com\/acidadeonribeirao\" target=\"_blank\" rel=\"noreferrer noopener\">Instagram\u00a0<\/a>e no\u00a0<a href=\"https:\/\/www.facebook.com\/acidadeonribeirao\/\" target=\"_blank\" rel=\"noreferrer noopener\">Facebook<\/a>.<\/p>\n<p>Receba not\u00edcias do<strong>\u00a0acidade on<\/strong>\u00a0no WhatsApp.\u00a0<a href=\"https:\/\/chat.whatsapp.com\/Dtv9mxhy6V5BJBotM2OQ5k\" target=\"_blank\" rel=\"noreferrer noopener\">Para entrar no grupo, basta clicar aqui.<\/a><\/p>\n<p>Fa\u00e7a uma den\u00fancia ou sugira uma reportagem sobre Ribeir\u00e3o Preto e regi\u00e3o pelo WhatsApp: 16 99117 7802.<\/p>\n<p>VEJA TAMB\u00c9M<\/p>\n<p>O que aconteceu com Nathalia Urban?<\/p>\n<p><!-- CONTENT END 1 -->\n<\/div>\n<p><script async src=\"\/\/www.instagram.com\/embed.js\"><\/script><br \/>\n<br \/><br \/>\n<br \/><a href=\"https:\/\/www.acidadeon.com\/ribeiraopreto\/cotidiano\/juri-inocenta-acusado-de-transportar-atirador-que-matou-empresario-em-ribeirao\/\">Source link <\/a><\/p>\n","protected":false},"excerpt":{"rendered":"<p>Foi inocentado, nesta quinta-feira (26), o homem que era suspeito de transportar o atirador que matou o empres\u00e1rio Tiago Pereira Fernandes, em Ribeir\u00e3o Preto. O&#8230;<\/p>\n","protected":false},"author":1,"featured_media":67978,"comment_status":"open","ping_status":"open","sticky":false,"template":"","format":"standard","meta":{"_uag_custom_page_level_css":"","advanced_seo_description":"","jetpack_seo_html_title":"","jetpack_seo_noindex":false,"jetpack_post_was_ever_published":false,"_jetpack_newsletter_access":"","_jetpack_dont_email_post_to_subs":false,"_jetpack_newsletter_tier_id":0,"_jetpack_memberships_contains_paywalled_content":false,"_jetpack_memberships_contains_paid_content":false,"footnotes":"","jetpack_publicize_message":"","jetpack_publicize_feature_enabled":true,"jetpack_social_post_already_shared":true,"jetpack_social_options":{"image_generator_settings":{"template":"highway","default_image_id":0,"font":"","enabled":false},"version":2}},"categories":[11],"tags":[],"class_list":["post-68061","post","type-post","status-publish","format-standard","has-post-thumbnail","hentry","category-noticias-de-ribeirao-preto-sp-e-regiao-ismael-colosi"],"jetpack_publicize_connections":[],"jetpack_featured_media_url":"https:\/\/i0.wp.com\/ismaelcolosi.com.br\/wp-content\/uploads\/2024\/09\/Copia-de-Copia-de-Copia-de-TAMANHO-EXATO-PARA-FOTOS-NO-SISTEMA-NOVO-47_2024-09-26_16-06-41_png_2024-09-26_16-06-41.webp.webp?fit=1200%2C675&ssl=1","uagb_featured_image_src":{"full":["https:\/\/i0.wp.com\/ismaelcolosi.com.br\/wp-content\/uploads\/2024\/09\/Copia-de-Copia-de-Copia-de-TAMANHO-EXATO-PARA-FOTOS-NO-SISTEMA-NOVO-47_2024-09-26_16-06-41_png_2024-09-26_16-06-41.webp.webp?fit=1200%2C675&ssl=1",1200,675,false],"thumbnail":["https:\/\/i0.wp.com\/ismaelcolosi.com.br\/wp-content\/uploads\/2024\/09\/Copia-de-Copia-de-Copia-de-TAMANHO-EXATO-PARA-FOTOS-NO-SISTEMA-NOVO-47_2024-09-26_16-06-41_png_2024-09-26_16-06-41.webp.webp?resize=150%2C150&ssl=1",150,150,true],"medium":["https:\/\/i0.wp.com\/ismaelcolosi.com.br\/wp-content\/uploads\/2024\/09\/Copia-de-Copia-de-Copia-de-TAMANHO-EXATO-PARA-FOTOS-NO-SISTEMA-NOVO-47_2024-09-26_16-06-41_png_2024-09-26_16-06-41.webp.webp?fit=300%2C169&ssl=1",300,169,true],"medium_large":["https:\/\/i0.wp.com\/ismaelcolosi.com.br\/wp-content\/uploads\/2024\/09\/Copia-de-Copia-de-Copia-de-TAMANHO-EXATO-PARA-FOTOS-NO-SISTEMA-NOVO-47_2024-09-26_16-06-41_png_2024-09-26_16-06-41.webp.webp?fit=768%2C432&ssl=1",768,432,true],"large":["https:\/\/i0.wp.com\/ismaelcolosi.com.br\/wp-content\/uploads\/2024\/09\/Copia-de-Copia-de-Copia-de-TAMANHO-EXATO-PARA-FOTOS-NO-SISTEMA-NOVO-47_2024-09-26_16-06-41_png_2024-09-26_16-06-41.webp.webp?fit=1024%2C576&ssl=1",1024,576,true],"1536x1536":["https:\/\/i0.wp.com\/ismaelcolosi.com.br\/wp-content\/uploads\/2024\/09\/Copia-de-Copia-de-Copia-de-TAMANHO-EXATO-PARA-FOTOS-NO-SISTEMA-NOVO-47_2024-09-26_16-06-41_png_2024-09-26_16-06-41.webp.webp?fit=1200%2C675&ssl=1",1200,675,true],"2048x2048":["https:\/\/i0.wp.com\/ismaelcolosi.com.br\/wp-content\/uploads\/2024\/09\/Copia-de-Copia-de-Copia-de-TAMANHO-EXATO-PARA-FOTOS-NO-SISTEMA-NOVO-47_2024-09-26_16-06-41_png_2024-09-26_16-06-41.webp.webp?fit=1200%2C675&ssl=1",1200,675,true],"really-simple-thumb":["https:\/\/i0.wp.com\/ismaelcolosi.com.br\/wp-content\/uploads\/2024\/09\/Copia-de-Copia-de-Copia-de-TAMANHO-EXATO-PARA-FOTOS-NO-SISTEMA-NOVO-47_2024-09-26_16-06-41_png_2024-09-26_16-06-41.webp.webp?resize=370%2C247&ssl=1",370,247,true]},"uagb_author_info":{"display_name":"ismaelcolosi.com.br","author_link":"https:\/\/ismaelcolosi.com.br\/index.php\/author\/vidareal-online\/"},"uagb_comment_info":0,"uagb_excerpt":"Foi inocentado, nesta quinta-feira (26), o homem que era suspeito de transportar o atirador que matou o empres\u00e1rio Tiago Pereira Fernandes, em Ribeir\u00e3o Preto. O...","jetpack-related-posts":[{"id":68072,"url":"https:\/\/ismaelcolosi.com.br\/index.php\/2024\/09\/26\/juri-inocenta-acusado-de-matar-homem-em-estacionamento-de-hotel-de-ribeirao\/","url_meta":{"origin":68061,"position":0},"title":"J\u00fari inocenta acusado de matar homem em estacionamento de hotel de Ribeir\u00e3o","author":"ismaelcolosi.com.br","date":"26 de September de 2024","format":false,"excerpt":"Foi inocentado, nesta quinta-feira (26), o homem que era suspeito de transportar o atirador que matou Tiago Pereira Fernandes, em Ribeir\u00e3o Preto. O crime aconteceu em mar\u00e7o de 2022, dentro de um centro comercial. O julgamento aconteceu no F\u00f3rum de Ribeir\u00e3o Preto e contou com a participa\u00e7\u00e3o de 25 jurados,\u2026","rel":"","context":"In &quot;Not\u00edcias de Ribeir\u00e3o Preto-SP e Regi\u00e3o&quot;","block_context":{"text":"Not\u00edcias de Ribeir\u00e3o Preto-SP e Regi\u00e3o","link":"https:\/\/ismaelcolosi.com.br\/index.php\/category\/noticias-de-ribeirao-preto-sp-e-regiao-ismael-colosi\/"},"img":{"alt_text":"","src":"https:\/\/i0.wp.com\/ismaelcolosi.com.br\/wp-content\/uploads\/2024\/09\/Copia-de-Copia-de-Copia-de-TAMANHO-EXATO-PARA-FOTOS-NO-SISTEMA-NOVO-47_2024-09-26_16-06-41_png_2024-09-26_16-06-41.webp.webp?fit=1200%2C675&ssl=1&resize=350%2C200","width":350,"height":200,"srcset":"https:\/\/i0.wp.com\/ismaelcolosi.com.br\/wp-content\/uploads\/2024\/09\/Copia-de-Copia-de-Copia-de-TAMANHO-EXATO-PARA-FOTOS-NO-SISTEMA-NOVO-47_2024-09-26_16-06-41_png_2024-09-26_16-06-41.webp.webp?fit=1200%2C675&ssl=1&resize=350%2C200 1x, https:\/\/i0.wp.com\/ismaelcolosi.com.br\/wp-content\/uploads\/2024\/09\/Copia-de-Copia-de-Copia-de-TAMANHO-EXATO-PARA-FOTOS-NO-SISTEMA-NOVO-47_2024-09-26_16-06-41_png_2024-09-26_16-06-41.webp.webp?fit=1200%2C675&ssl=1&resize=525%2C300 1.5x, https:\/\/i0.wp.com\/ismaelcolosi.com.br\/wp-content\/uploads\/2024\/09\/Copia-de-Copia-de-Copia-de-TAMANHO-EXATO-PARA-FOTOS-NO-SISTEMA-NOVO-47_2024-09-26_16-06-41_png_2024-09-26_16-06-41.webp.webp?fit=1200%2C675&ssl=1&resize=700%2C400 2x, https:\/\/i0.wp.com\/ismaelcolosi.com.br\/wp-content\/uploads\/2024\/09\/Copia-de-Copia-de-Copia-de-TAMANHO-EXATO-PARA-FOTOS-NO-SISTEMA-NOVO-47_2024-09-26_16-06-41_png_2024-09-26_16-06-41.webp.webp?fit=1200%2C675&ssl=1&resize=1050%2C600 3x"},"classes":[]},{"id":67977,"url":"https:\/\/ismaelcolosi.com.br\/index.php\/2024\/09\/26\/acusado-de-participar-do-assassinato-de-homem-na-frente-da-filha-vai-a-juri\/","url_meta":{"origin":68061,"position":1},"title":"Acusado de participar do assassinato de homem na frente da filha vai \u00e0 juri","author":"ismaelcolosi.com.br","date":"26 de September de 2024","format":false,"excerpt":"Um dos acusados de participar do assassinato de Tiago Pereira Fernandes,\u00a0morto a tiros na frente da filha e da mulher, em\u00a0Ribeir\u00e3o Preto, vai a j\u00fari popular nesta quinta-feira (26). O crime aconteceu em mar\u00e7o de 2022, dentro de um centro comercial. Est\u00e3o presentes 25 jurados, no F\u00f3rum de Ribeir\u00e3o Preto,\u2026","rel":"","context":"In &quot;Not\u00edcias de Ribeir\u00e3o Preto-SP e Regi\u00e3o&quot;","block_context":{"text":"Not\u00edcias de Ribeir\u00e3o Preto-SP e Regi\u00e3o","link":"https:\/\/ismaelcolosi.com.br\/index.php\/category\/noticias-de-ribeirao-preto-sp-e-regiao-ismael-colosi\/"},"img":{"alt_text":"","src":"https:\/\/i0.wp.com\/ismaelcolosi.com.br\/wp-content\/uploads\/2024\/09\/Copia-de-Copia-de-Copia-de-TAMANHO-EXATO-PARA-FOTOS-NO-SISTEMA-NOVO-47_2024-09-26_16-06-41_png_2024-09-26_16-06-41.webp.webp?fit=1200%2C675&ssl=1&resize=350%2C200","width":350,"height":200,"srcset":"https:\/\/i0.wp.com\/ismaelcolosi.com.br\/wp-content\/uploads\/2024\/09\/Copia-de-Copia-de-Copia-de-TAMANHO-EXATO-PARA-FOTOS-NO-SISTEMA-NOVO-47_2024-09-26_16-06-41_png_2024-09-26_16-06-41.webp.webp?fit=1200%2C675&ssl=1&resize=350%2C200 1x, https:\/\/i0.wp.com\/ismaelcolosi.com.br\/wp-content\/uploads\/2024\/09\/Copia-de-Copia-de-Copia-de-TAMANHO-EXATO-PARA-FOTOS-NO-SISTEMA-NOVO-47_2024-09-26_16-06-41_png_2024-09-26_16-06-41.webp.webp?fit=1200%2C675&ssl=1&resize=525%2C300 1.5x, https:\/\/i0.wp.com\/ismaelcolosi.com.br\/wp-content\/uploads\/2024\/09\/Copia-de-Copia-de-Copia-de-TAMANHO-EXATO-PARA-FOTOS-NO-SISTEMA-NOVO-47_2024-09-26_16-06-41_png_2024-09-26_16-06-41.webp.webp?fit=1200%2C675&ssl=1&resize=700%2C400 2x, https:\/\/i0.wp.com\/ismaelcolosi.com.br\/wp-content\/uploads\/2024\/09\/Copia-de-Copia-de-Copia-de-TAMANHO-EXATO-PARA-FOTOS-NO-SISTEMA-NOVO-47_2024-09-26_16-06-41_png_2024-09-26_16-06-41.webp.webp?fit=1200%2C675&ssl=1&resize=1050%2C600 3x"},"classes":[]},{"id":43553,"url":"https:\/\/ismaelcolosi.com.br\/index.php\/2024\/03\/21\/homem-que-matou-a-mulher-e-fugiu-com-o-filho-em-ribeirao-e-condenado-a-36-anos-de-prisao\/","url_meta":{"origin":68061,"position":2},"title":"Homem que matou a mulher e fugiu com o filho em Ribeir\u00e3o \u00e9 condenado a 36 anos de pris\u00e3o","author":"ismaelcolosi.com.br","date":"21 de March de 2024","format":false,"excerpt":"O vendedor Ivan Nogueira, de 34 anos, foi condenado a 36 anos de pris\u00e3o em regime fechado pela morte da mulher dele, a manicure Regiane Carneiro de Moura Silva, que tinha 26 anos. O J\u00fari Popular come\u00e7ou a ser realizado no F\u00f3rum de Ribeir\u00e3o Preto, nesta quinta-feira (21), por volta\u2026","rel":"","context":"In &quot;Not\u00edcias de Ribeir\u00e3o Preto-SP e Regi\u00e3o&quot;","block_context":{"text":"Not\u00edcias de Ribeir\u00e3o Preto-SP e Regi\u00e3o","link":"https:\/\/ismaelcolosi.com.br\/index.php\/category\/noticias-de-ribeirao-preto-sp-e-regiao-ismael-colosi\/"},"img":{"alt_text":"","src":"https:\/\/i0.wp.com\/ismaelcolosi.com.br\/wp-content\/uploads\/2024\/03\/AnyConv.com__ivan-regiane.webp.webp?fit=1200%2C675&ssl=1&resize=350%2C200","width":350,"height":200,"srcset":"https:\/\/i0.wp.com\/ismaelcolosi.com.br\/wp-content\/uploads\/2024\/03\/AnyConv.com__ivan-regiane.webp.webp?fit=1200%2C675&ssl=1&resize=350%2C200 1x, https:\/\/i0.wp.com\/ismaelcolosi.com.br\/wp-content\/uploads\/2024\/03\/AnyConv.com__ivan-regiane.webp.webp?fit=1200%2C675&ssl=1&resize=525%2C300 1.5x, https:\/\/i0.wp.com\/ismaelcolosi.com.br\/wp-content\/uploads\/2024\/03\/AnyConv.com__ivan-regiane.webp.webp?fit=1200%2C675&ssl=1&resize=700%2C400 2x, https:\/\/i0.wp.com\/ismaelcolosi.com.br\/wp-content\/uploads\/2024\/03\/AnyConv.com__ivan-regiane.webp.webp?fit=1200%2C675&ssl=1&resize=1050%2C600 3x"},"classes":[]},{"id":66277,"url":"https:\/\/ismaelcolosi.com.br\/index.php\/2024\/09\/16\/juri-inocenta-ex-pm-acusado-de-atirar-em-jovem-na-porta-de-boate-em-ribeirao\/","url_meta":{"origin":68061,"position":3},"title":"J\u00fari inocenta ex-PM acusado de atirar em jovem na porta de boate em Ribeir\u00e3o","author":"ismaelcolosi.com.br","date":"16 de September de 2024","format":false,"excerpt":"O ex-Policial Militar Vin\u00edcius Fernando Seraphin, acusado de matar a tiros Nikson Campos Davi, de 26 anos, em frente a uma boate de Ribeir\u00e3o Preto, em 2017, foi absolvido pelo j\u00fari, nesta segunda-feira (16). Conforme a defesa do acusado, Vin\u00edcius foi absolvido de forma un\u00e2nime por sete jurados. O julgamento\u2026","rel":"","context":"In &quot;Not\u00edcias de Ribeir\u00e3o Preto-SP e Regi\u00e3o&quot;","block_context":{"text":"Not\u00edcias de Ribeir\u00e3o Preto-SP e Regi\u00e3o","link":"https:\/\/ismaelcolosi.com.br\/index.php\/category\/noticias-de-ribeirao-preto-sp-e-regiao-ismael-colosi\/"},"img":{"alt_text":"","src":"https:\/\/i0.wp.com\/ismaelcolosi.com.br\/wp-content\/uploads\/2024\/09\/Copia-de-Copia-de-Copia-de-TAMANHO-EXATO-PARA-FOTOS-NO-SISTEMA-NOVO-52_2024-09-16_22-33-43_png_2024-09-16_22-33-43.webp.webp?fit=1200%2C675&ssl=1&resize=350%2C200","width":350,"height":200,"srcset":"https:\/\/i0.wp.com\/ismaelcolosi.com.br\/wp-content\/uploads\/2024\/09\/Copia-de-Copia-de-Copia-de-TAMANHO-EXATO-PARA-FOTOS-NO-SISTEMA-NOVO-52_2024-09-16_22-33-43_png_2024-09-16_22-33-43.webp.webp?fit=1200%2C675&ssl=1&resize=350%2C200 1x, https:\/\/i0.wp.com\/ismaelcolosi.com.br\/wp-content\/uploads\/2024\/09\/Copia-de-Copia-de-Copia-de-TAMANHO-EXATO-PARA-FOTOS-NO-SISTEMA-NOVO-52_2024-09-16_22-33-43_png_2024-09-16_22-33-43.webp.webp?fit=1200%2C675&ssl=1&resize=525%2C300 1.5x, https:\/\/i0.wp.com\/ismaelcolosi.com.br\/wp-content\/uploads\/2024\/09\/Copia-de-Copia-de-Copia-de-TAMANHO-EXATO-PARA-FOTOS-NO-SISTEMA-NOVO-52_2024-09-16_22-33-43_png_2024-09-16_22-33-43.webp.webp?fit=1200%2C675&ssl=1&resize=700%2C400 2x, https:\/\/i0.wp.com\/ismaelcolosi.com.br\/wp-content\/uploads\/2024\/09\/Copia-de-Copia-de-Copia-de-TAMANHO-EXATO-PARA-FOTOS-NO-SISTEMA-NOVO-52_2024-09-16_22-33-43_png_2024-09-16_22-33-43.webp.webp?fit=1200%2C675&ssl=1&resize=1050%2C600 3x"},"classes":[]},{"id":71645,"url":"https:\/\/ismaelcolosi.com.br\/index.php\/2024\/10\/17\/lider-de-quadrilha-na-mira-da-pf-e-acusado-de-ser-mandante-de-homicidio-em-ribeirao\/","url_meta":{"origin":68061,"position":4},"title":"L\u00edder de quadrilha na mira da PF \u00e9 acusado de ser mandante de homic\u00eddio em Ribeir\u00e3o","author":"ismaelcolosi.com.br","date":"17 de October de 2024","format":false,"excerpt":"Um homem apontado por liderar uma quadrilha de roubo de carga, tr\u00e1fico de drogas, crimes violentos e lavagem de dinheiro \u00e9 suspeito de ser o mandante de um homic\u00eddio em Ribeir\u00e3o Preto. O crime ocorreu em mar\u00e7o de 2022, no estacionamento de um hotel da avenida Presidente Kennedy, zona Leste\u2026","rel":"","context":"In &quot;Not\u00edcias de Ribeir\u00e3o Preto-SP e Regi\u00e3o&quot;","block_context":{"text":"Not\u00edcias de Ribeir\u00e3o Preto-SP e Regi\u00e3o","link":"https:\/\/ismaelcolosi.com.br\/index.php\/category\/noticias-de-ribeirao-preto-sp-e-regiao-ismael-colosi\/"},"img":{"alt_text":"","src":"https:\/\/i0.wp.com\/ismaelcolosi.com.br\/wp-content\/uploads\/2024\/10\/OPERACAO-PF_2024-10-17_13-48-29_jpg_2024-10-17_13-48-29.webp.webp?fit=1200%2C689&ssl=1&resize=350%2C200","width":350,"height":200,"srcset":"https:\/\/i0.wp.com\/ismaelcolosi.com.br\/wp-content\/uploads\/2024\/10\/OPERACAO-PF_2024-10-17_13-48-29_jpg_2024-10-17_13-48-29.webp.webp?fit=1200%2C689&ssl=1&resize=350%2C200 1x, https:\/\/i0.wp.com\/ismaelcolosi.com.br\/wp-content\/uploads\/2024\/10\/OPERACAO-PF_2024-10-17_13-48-29_jpg_2024-10-17_13-48-29.webp.webp?fit=1200%2C689&ssl=1&resize=525%2C300 1.5x, https:\/\/i0.wp.com\/ismaelcolosi.com.br\/wp-content\/uploads\/2024\/10\/OPERACAO-PF_2024-10-17_13-48-29_jpg_2024-10-17_13-48-29.webp.webp?fit=1200%2C689&ssl=1&resize=700%2C400 2x, https:\/\/i0.wp.com\/ismaelcolosi.com.br\/wp-content\/uploads\/2024\/10\/OPERACAO-PF_2024-10-17_13-48-29_jpg_2024-10-17_13-48-29.webp.webp?fit=1200%2C689&ssl=1&resize=1050%2C600 3x"},"classes":[]},{"id":42959,"url":"https:\/\/ismaelcolosi.com.br\/index.php\/2024\/03\/18\/acusado-de-feminicidio-em-ribeirao-segue-foragido-apos-2-anos-juri-e-nesta-semana\/","url_meta":{"origin":68061,"position":5},"title":"Acusado de feminic\u00eddio em Ribeir\u00e3o segue foragido ap\u00f3s 2 anos; J\u00fari \u00e9 nesta semana","author":"ismaelcolosi.com.br","date":"18 de March de 2024","format":false,"excerpt":"Acontece na pr\u00f3xima quinta-feira (21) o J\u00fari Popular do homem acusado de matar a mulher e fugir com o filho do casal, em maio de 2022, em Ribeir\u00e3o Preto. Ivan Nogueira, de 34 anos, segue foragido quase dois anos ap\u00f3s o crime. O J\u00fari Popular ser\u00e1 realizado no F\u00f3rum de\u2026","rel":"","context":"In &quot;Not\u00edcias de Ribeir\u00e3o Preto-SP e Regi\u00e3o&quot;","block_context":{"text":"Not\u00edcias de Ribeir\u00e3o Preto-SP e Regi\u00e3o","link":"https:\/\/ismaelcolosi.com.br\/index.php\/category\/noticias-de-ribeirao-preto-sp-e-regiao-ismael-colosi\/"},"img":{"alt_text":"","src":"https:\/\/i0.wp.com\/ismaelcolosi.com.br\/wp-content\/uploads\/2024\/03\/AnyConv.com__ivan-regiane.webp.webp?fit=1200%2C675&ssl=1&resize=350%2C200","width":350,"height":200,"srcset":"https:\/\/i0.wp.com\/ismaelcolosi.com.br\/wp-content\/uploads\/2024\/03\/AnyConv.com__ivan-regiane.webp.webp?fit=1200%2C675&ssl=1&resize=350%2C200 1x, https:\/\/i0.wp.com\/ismaelcolosi.com.br\/wp-content\/uploads\/2024\/03\/AnyConv.com__ivan-regiane.webp.webp?fit=1200%2C675&ssl=1&resize=525%2C300 1.5x, https:\/\/i0.wp.com\/ismaelcolosi.com.br\/wp-content\/uploads\/2024\/03\/AnyConv.com__ivan-regiane.webp.webp?fit=1200%2C675&ssl=1&resize=700%2C400 2x, https:\/\/i0.wp.com\/ismaelcolosi.com.br\/wp-content\/uploads\/2024\/03\/AnyConv.com__ivan-regiane.webp.webp?fit=1200%2C675&ssl=1&resize=1050%2C600 3x"},"classes":[]}],"jetpack_sharing_enabled":true,"jetpack_shortlink":"https:\/\/wp.me\/pfMlyK-hHL","_links":{"self":[{"href":"https:\/\/ismaelcolosi.com.br\/index.php\/wp-json\/wp\/v2\/posts\/68061","targetHints":{"allow":["GET"]}}],"collection":[{"href":"https:\/\/ismaelcolosi.com.br\/index.php\/wp-json\/wp\/v2\/posts"}],"about":[{"href":"https:\/\/ismaelcolosi.com.br\/index.php\/wp-json\/wp\/v2\/types\/post"}],"author":[{"embeddable":true,"href":"https:\/\/ismaelcolosi.com.br\/index.php\/wp-json\/wp\/v2\/users\/1"}],"replies":[{"embeddable":true,"href":"https:\/\/ismaelcolosi.com.br\/index.php\/wp-json\/wp\/v2\/comments?post=68061"}],"version-history":[{"count":0,"href":"https:\/\/ismaelcolosi.com.br\/index.php\/wp-json\/wp\/v2\/posts\/68061\/revisions"}],"wp:featuredmedia":[{"embeddable":true,"href":"https:\/\/ismaelcolosi.com.br\/index.php\/wp-json\/wp\/v2\/media\/67978"}],"wp:attachment":[{"href":"https:\/\/ismaelcolosi.com.br\/index.php\/wp-json\/wp\/v2\/media?parent=68061"}],"wp:term":[{"taxonomy":"category","embeddable":true,"href":"https:\/\/ismaelcolosi.com.br\/index.php\/wp-json\/wp\/v2\/categories?post=68061"},{"taxonomy":"post_tag","embeddable":true,"href":"https:\/\/ismaelcolosi.com.br\/index.php\/wp-json\/wp\/v2\/tags?post=68061"}],"curies":[{"name":"wp","href":"https:\/\/api.w.org\/{rel}","templated":true}]}}