{"id":6759,"date":"2023-11-26T20:36:30","date_gmt":"2023-11-26T23:36:30","guid":{"rendered":"https:\/\/ismaelcolosi.com.br\/index.php\/2023\/11\/26\/fundacao-obama-oferece-bolsas-de-estudo-para-brasileiros\/"},"modified":"2023-11-26T20:36:30","modified_gmt":"2023-11-26T23:36:30","slug":"fundacao-obama-oferece-bolsas-de-estudo-para-brasileiros","status":"publish","type":"post","link":"https:\/\/ismaelcolosi.com.br\/index.php\/2023\/11\/26\/fundacao-obama-oferece-bolsas-de-estudo-para-brasileiros\/","title":{"rendered":"Funda\u00e7\u00e3o Obama oferece bolsas de estudo para brasileiros"},"content":{"rendered":"<p> <br \/>\n<\/p>\n<div>\n<p>A Obama Foundation, criada pelo ex-presidente americano Barack Obama e pela ex-primeira-dama Michelle Obama, anunciou mais uma edi\u00e7\u00e3o do programa de bolsas de estudos focado em <a href=\"https:\/\/catracalivre.com.br\/educacao\/alemanha-oferece-intercambio-gratuito-para-brasileiros\/\">jovens l\u00edderes<\/a>.<\/p>\n<p>A iniciativa da Obama Foundation engajar\u00e1 jovens do mundo todo em uma <a href=\"https:\/\/www.estudarfora.org.br\/apoio-financeiro?_ga=2.236601414.676525558.1700794872-1535382963.1686795351&amp;_gl=1*xpfwoy*_ga*MTUzNTM4Mjk2My4xNjg2Nzk1MzUx*_ga_7WBS7RLRD9*MTcwMDc5NDg3MS4xNC4wLjE3MDA3OTQ4NzEuNjAuMC4w\" target=\"_blank\" rel=\"noopener\">fellowship<\/a>. Trata-se de um programa de lideran\u00e7a e aprendizado acad\u00eamico de um ano de dura\u00e7\u00e3o, na Universidade Columbia. As inscri\u00e7\u00f5es v\u00e3o at\u00e9 12 de dezembro.<\/p>\n<div id=\"attachment_2313792\" class=\"wp-caption aligncenter\">\n<div class=\"d-flex justify-content-center\" data-attachment-id=\"2313792\">\n<div class=\"position-relative d-inline-block\"><img data-recalc-dims=\"1\" data-portal-copyright=\"jianhaoguan\/iStock\" decoding=\"async\" fetchpriority=\"high\" class=\"wp-image-2313792 size-large\" src=\"https:\/\/i0.wp.com\/catracalivre.com.br\/wp-content\/uploads\/2023\/11\/universidade-de-columbia-cursos-910x605.jpg?resize=910%2C605&#038;ssl=1\" alt=\"Funda\u00e7\u00e3o Obama oferece bolsas de estudo na Universidade de Columbia\" width=\"910\" height=\"605\" srcset=\"https:\/\/catracalivre.com.br\/wp-content\/uploads\/2023\/11\/universidade-de-columbia-cursos-910x605.jpg 910w, https:\/\/catracalivre.com.br\/wp-content\/uploads\/2023\/11\/universidade-de-columbia-cursos-450x299.jpg 450w, https:\/\/catracalivre.com.br\/wp-content\/uploads\/2023\/11\/universidade-de-columbia-cursos-768x511.jpg 768w\" sizes=\"(max-width: 910px) 100vw, 910px\"\/><\/p>\n<p>Cr\u00e9ditos: jianhaoguan\/iStock<\/p>\n<\/div>\n<\/div>\n<p><span class=\"post-imagem__legenda\">Funda\u00e7\u00e3o Obama oferece bolsas de estudo na Universidade de Columbia<\/span><\/p>\n<\/div>\n<p>O curso inclui workshops em temas como gest\u00e3o e resolu\u00e7\u00e3o de conflitos, an\u00e1lise e interpreta\u00e7\u00e3o de dados, falar em p\u00fablico e resili\u00eancia. Al\u00e9m desses temas e outros abordados no curso, os bolsistas tamb\u00e9m podem se inscrever em outros cursos da Columbia.<\/p>\n<p>A Obama Foundation tamb\u00e9m promove encontros entre seus bolsistas e l\u00edderes da cidade de Nova York, bem como mentoria e oportunidades de networking.<\/p>\n<p>Os bolsistas ganhar\u00e3o um valor mensal (n\u00e3o especificado) para ajudar com o custo de vida em Nova York, um apartamento mobiliado a uma caminhada de dist\u00e2ncia de Columbia, passagens a\u00e9reas, seguro de sa\u00fade, os custos de do programa e de at\u00e9 mais quatro mat\u00e9rias em Columbia.<\/p>\n<h2>Quem pode se candidatar \u00e0s bolsas da Obama Foundation?<\/h2>\n<p>O programa \u00e9 voltado para profissionais mais experientes, que tenham \u201cprovado seu comprometimento com servi\u00e7o e lideran\u00e7a dentro de uma comunidade\u201d, bem como \u201co compromisso demonstrado de retornar a essas comunidades ao fim do programa\u201d.<\/p>\n<p>Os candidatos ideais, segundo a funda\u00e7\u00e3o, s\u00e3o \u201cl\u00edderes emergentes que j\u00e1 tenham feito contribui\u00e7\u00f5es importantes ao seu campo e que est\u00e3o agora no \u2018ponto de virada\u2019 de suas carreiras\u201d.<\/p>\n<p>Tamb\u00e9m \u00e9 necess\u00e1rio ter profici\u00eancia em ingl\u00eas, comprovada por meio de certificados de profici\u00eancia.<\/p>\n<p>S\u00e3o aceitos os exames TOEFL (com nota m\u00ednima de 100 no teste internet-based ou 600 no paper-based), IELTS (com nota m\u00ednima de 7), Duolingo English Test m\u00ednimo de 120) ou Pearson Test of English Academic (m\u00ednimo de 68 pontos)<\/p>\n<h3>Como se candidatar<\/h3>\n<p>Para se candidatar \u00e0s bolsas da Obama Foundation, \u00e9 necess\u00e1rio preencher o formul\u00e1rio de candidatura dispon\u00edvel <a href=\"https:\/\/cwp.embark.com\/auth\/login\" target=\"_blank\" rel=\"noopener\">aqui<\/a>. Como parte da candidatura, ser\u00e1 necess\u00e1rio responder a perguntas curtas no formato de essay (sobre sua motiva\u00e7\u00e3o para entrar no programa), fazer upload do curr\u00edculo atualizado em ingl\u00eas e enviar tr\u00eas <a href=\"https:\/\/www.estudarfora.org.br\/carta-de-recomendacao\/?_ga=2.159682554.676525558.1700794872-1535382963.1686795351&amp;_gl=1*848048*_ga*MTUzNTM4Mjk2My4xNjg2Nzk1MzUx*_ga_7WBS7RLRD9*MTcwMDc5NDg3MS4xNC4wLjE3MDA3OTQ4NzEuNjAuMC4w\" target=\"_blank\" rel=\"noopener\">cartas de recomenda\u00e7\u00e3o<\/a> de pessoas familiares com o trabalho do candidato.<\/p>\n<p>Al\u00e9m disso, o candidato tamb\u00e9m dever\u00e1 enviar documento que comprove sua profici\u00eancia em ingl\u00eas (com as provas e notas listadas acima) e gravar um\u00a0personal statement\u00a0em v\u00eddeo.<\/p>\n<p>O v\u00eddeo deve ter at\u00e9 tr\u00eas minutos de dura\u00e7\u00e3o, e deve apresentar o candidato e seu trabalho ao comit\u00ea de sele\u00e7\u00e3o. Ele deve ser colocado em uma plataforma como YouTube ou Vimeo, e o link deve ser enviado no formul\u00e1rio de candidatura. Esses procedimentos devem ser feitos\u00a0at\u00e9 o dia 12 de dezembro.<\/p>\n<\/div>\n<p><script>\n\t\t! function(f, b, e, v, n, t, s) {\n\t\t\tif (f.fbq) return;\n\t\t\tn = f.fbq = function() {\n\t\t\t\tn.callMethod ?\n\t\t\t\t\tn.callMethod.apply(n, arguments) : n.queue.push(arguments)\n\t\t\t};\n\t\t\tif (!f._fbq) f._fbq = n;\n\t\t\tn.push = n;\n\t\t\tn.loaded = !0;\n\t\t\tn.version = '2.0';\n\t\t\tn.queue = [];\n\t\t\tt = b.createElement(e);\n\t\t\tt.async = !0;\n\t\t\tt.src = v;\n\t\t\ts = b.getElementsByTagName(e)[0];\n\t\t\ts.parentNode.insertBefore(t, s)\n\t\t}(window, document, 'script',\n\t\t\t'https:\/\/connect.facebook.net\/en_US\/fbevents.js');\n\t\tfbq('init', '338315473262380');\n\t\tfbq('track', 'PageView');\n\t<\/script><br \/>\n<br \/><br \/>\n<br \/><a href=\"https:\/\/catracalivre.com.br\/educacao\/fundacao-obama-oferece-bolsas-de-estudo-para-brasileiros\/\">Source link <\/a><\/p>\n<div class='code-block code-block-4' style='margin: 8px auto 8px 0; text-align: left; display: block; clear: both;'>\n\ud83d\udce2 Aviso Legal\n\nO site ismaelcolosi.com.br atua apenas como um canal de divulga\u00e7\u00e3o de oportunidades de emprego e n\u00e3o se responsabiliza pelo processo seletivo, contrata\u00e7\u00e3o ou qualquer outra etapa relacionada \u00e0s vagas publicadas. Todas as informa\u00e7\u00f5es s\u00e3o de responsabilidade dos anunciantes.\n\n\u26a0\ufe0f Aten\u00e7\u00e3o! Nunca pague por promessas de emprego nem compre cursos que garantam contrata\u00e7\u00e3o. Desconfie de qualquer cobran\u00e7a para participar de sele\u00e7\u00f5es.\n\n\n\n<\/div>\n<!-- CONTENT END 1 -->\n","protected":false},"excerpt":{"rendered":"<p>A Obama Foundation, criada pelo ex-presidente americano Barack Obama e pela ex-primeira-dama Michelle Obama, anunciou mais uma edi\u00e7\u00e3o do programa de bolsas de estudos focado&#8230;<\/p>\n","protected":false},"author":1,"featured_media":6760,"comment_status":"open","ping_status":"open","sticky":false,"template":"","format":"standard","meta":{"_uag_custom_page_level_css":"","advanced_seo_description":"","jetpack_seo_html_title":"","jetpack_seo_noindex":false,"jetpack_post_was_ever_published":false,"_jetpack_newsletter_access":"","_jetpack_dont_email_post_to_subs":false,"_jetpack_newsletter_tier_id":0,"_jetpack_memberships_contains_paywalled_content":false,"_jetpack_memberships_contains_paid_content":false,"footnotes":"","jetpack_publicize_message":"","jetpack_publicize_feature_enabled":true,"jetpack_social_post_already_shared":true,"jetpack_social_options":{"image_generator_settings":{"template":"highway","default_image_id":0,"font":"","enabled":false},"version":2}},"categories":[19],"tags":[],"class_list":["post-6759","post","type-post","status-publish","format-standard","has-post-thumbnail","hentry","category-variedades"],"jetpack_publicize_connections":[],"jetpack_featured_media_url":"https:\/\/i0.wp.com\/ismaelcolosi.com.br\/wp-content\/uploads\/2023\/11\/universidade-de-columbia-cursos.jpg?fit=1200%2C638&ssl=1","uagb_featured_image_src":{"full":["https:\/\/i0.wp.com\/ismaelcolosi.com.br\/wp-content\/uploads\/2023\/11\/universidade-de-columbia-cursos.jpg?fit=1200%2C638&ssl=1",1200,638,false],"thumbnail":["https:\/\/i0.wp.com\/ismaelcolosi.com.br\/wp-content\/uploads\/2023\/11\/universidade-de-columbia-cursos.jpg?resize=150%2C150&ssl=1",150,150,true],"medium":["https:\/\/i0.wp.com\/ismaelcolosi.com.br\/wp-content\/uploads\/2023\/11\/universidade-de-columbia-cursos.jpg?fit=300%2C160&ssl=1",300,160,true],"medium_large":["https:\/\/i0.wp.com\/ismaelcolosi.com.br\/wp-content\/uploads\/2023\/11\/universidade-de-columbia-cursos.jpg?fit=768%2C408&ssl=1",768,408,true],"large":["https:\/\/i0.wp.com\/ismaelcolosi.com.br\/wp-content\/uploads\/2023\/11\/universidade-de-columbia-cursos.jpg?fit=1024%2C544&ssl=1",1024,544,true],"1536x1536":["https:\/\/i0.wp.com\/ismaelcolosi.com.br\/wp-content\/uploads\/2023\/11\/universidade-de-columbia-cursos.jpg?fit=1200%2C638&ssl=1",1200,638,true],"2048x2048":["https:\/\/i0.wp.com\/ismaelcolosi.com.br\/wp-content\/uploads\/2023\/11\/universidade-de-columbia-cursos.jpg?fit=1200%2C638&ssl=1",1200,638,true],"really-simple-thumb":["https:\/\/i0.wp.com\/ismaelcolosi.com.br\/wp-content\/uploads\/2023\/11\/universidade-de-columbia-cursos.jpg?resize=370%2C247&ssl=1",370,247,true]},"uagb_author_info":{"display_name":"ismaelcolosi.com.br","author_link":"https:\/\/ismaelcolosi.com.br\/index.php\/author\/vidareal-online\/"},"uagb_comment_info":0,"uagb_excerpt":"A Obama Foundation, criada pelo ex-presidente americano Barack Obama e pela ex-primeira-dama Michelle Obama, anunciou mais uma edi\u00e7\u00e3o do programa de bolsas de estudos focado...","jetpack-related-posts":[{"id":10844,"url":"https:\/\/ismaelcolosi.com.br\/index.php\/2023\/12\/05\/bolsas-de-100-para-brasileiros-estudarem-em-londres\/","url_meta":{"origin":6759,"position":0},"title":"Bolsas de 100% para brasileiros estudarem em Londres","author":"ismaelcolosi.com.br","date":"5 de December de 2023","format":false,"excerpt":"Jovens brasileiros que querem fazer gradua\u00e7\u00e3o em engenharia el\u00e9trica ou eletr\u00f4nica poder\u00e3o se inscrever em um programa de bolsas oferecido pela\u00a0University College London\u00a0(UCL), na Inglaterra, em parceria com a Telles Foundation.As inscri\u00e7\u00f5es se encerram em 12 de abril. As aulas do curso come\u00e7am somente em setembro de 2024.Cr\u00e9ditos: Alastair James\/iStockA\u2026","rel":"","context":"In &quot;Variedades&quot;","block_context":{"text":"Variedades","link":"https:\/\/ismaelcolosi.com.br\/index.php\/category\/variedades\/"},"img":{"alt_text":"","src":"https:\/\/i0.wp.com\/ismaelcolosi.com.br\/wp-content\/uploads\/2023\/12\/bolsas-estudos-inglaterra.jpg?fit=1200%2C638&ssl=1&resize=350%2C200","width":350,"height":200,"srcset":"https:\/\/i0.wp.com\/ismaelcolosi.com.br\/wp-content\/uploads\/2023\/12\/bolsas-estudos-inglaterra.jpg?fit=1200%2C638&ssl=1&resize=350%2C200 1x, https:\/\/i0.wp.com\/ismaelcolosi.com.br\/wp-content\/uploads\/2023\/12\/bolsas-estudos-inglaterra.jpg?fit=1200%2C638&ssl=1&resize=525%2C300 1.5x, https:\/\/i0.wp.com\/ismaelcolosi.com.br\/wp-content\/uploads\/2023\/12\/bolsas-estudos-inglaterra.jpg?fit=1200%2C638&ssl=1&resize=700%2C400 2x, https:\/\/i0.wp.com\/ismaelcolosi.com.br\/wp-content\/uploads\/2023\/12\/bolsas-estudos-inglaterra.jpg?fit=1200%2C638&ssl=1&resize=1050%2C600 3x"},"classes":[]},{"id":11716,"url":"https:\/\/ismaelcolosi.com.br\/index.php\/2023\/12\/06\/ong-oferece-cursos-gratuitos-de-ingles-e-bolsas-de-intercambio\/","url_meta":{"origin":6759,"position":1},"title":"ONG oferece cursos gratuitos de ingl\u00eas e bolsas de interc\u00e2mbio","author":"ismaelcolosi.com.br","date":"6 de December de 2023","format":false,"excerpt":"A ONG Soul Bil\u00edngue est\u00e1 inscri\u00e7\u00f5es abertas no programa de cursos gratuitos de ingl\u00eas e bolsas de interc\u00e2mbio para as turmas do primeiro semestre de 2024. S\u00e3o oferecidas 330 vagas para jovens moradores do Norte, Nordeste e Sudeste do Brasil, com idade de 18 a 26 anos, renda per capita\u2026","rel":"","context":"In &quot;Variedades&quot;","block_context":{"text":"Variedades","link":"https:\/\/ismaelcolosi.com.br\/index.php\/category\/variedades\/"},"img":{"alt_text":"","src":"https:\/\/i0.wp.com\/ismaelcolosi.com.br\/wp-content\/uploads\/2023\/12\/londres.jpg?fit=1200%2C638&ssl=1&resize=350%2C200","width":350,"height":200,"srcset":"https:\/\/i0.wp.com\/ismaelcolosi.com.br\/wp-content\/uploads\/2023\/12\/londres.jpg?fit=1200%2C638&ssl=1&resize=350%2C200 1x, https:\/\/i0.wp.com\/ismaelcolosi.com.br\/wp-content\/uploads\/2023\/12\/londres.jpg?fit=1200%2C638&ssl=1&resize=525%2C300 1.5x, https:\/\/i0.wp.com\/ismaelcolosi.com.br\/wp-content\/uploads\/2023\/12\/londres.jpg?fit=1200%2C638&ssl=1&resize=700%2C400 2x, https:\/\/i0.wp.com\/ismaelcolosi.com.br\/wp-content\/uploads\/2023\/12\/londres.jpg?fit=1200%2C638&ssl=1&resize=1050%2C600 3x"},"classes":[]},{"id":89062,"url":"https:\/\/ismaelcolosi.com.br\/index.php\/2026\/02\/05\/como-funciona-o-programa-de-bolsas-mais-concorrido-que-qualquer-vestibular-no-brasil\/","url_meta":{"origin":6759,"position":2},"title":"Como Funciona o Programa de Bolsas Mais Concorrido Que Qualquer Vestibular no Brasil","author":"ismaelcolosi.com.br","date":"5 de February de 2026","format":false,"excerpt":"Todos os anos, apenas 40 jovens s\u00e3o selecionados entre quase 40 mil inscritos para o Programa L\u00edderes Estudar, principal iniciativa da Funda\u00e7\u00e3o Estudar, que oferece bolsas de at\u00e9 90% para estudos em universidades como Harvard, Stanford e MIT. A concorr\u00eancia de 1.000 candidatos por vaga, mais alta do que a\u2026","rel":"","context":"In &quot;Carreira e Sucesso&quot;","block_context":{"text":"Carreira e Sucesso","link":"https:\/\/ismaelcolosi.com.br\/index.php\/category\/carreira-e-sucesso-dicas-para-carreira\/"},"img":{"alt_text":"","src":"https:\/\/i0.wp.com\/ismaelcolosi.com.br\/wp-content\/uploads\/2026\/02\/harvard-1200x675.jpg?fit=1200%2C675&ssl=1&resize=350%2C200","width":350,"height":200,"srcset":"https:\/\/i0.wp.com\/ismaelcolosi.com.br\/wp-content\/uploads\/2026\/02\/harvard-1200x675.jpg?fit=1200%2C675&ssl=1&resize=350%2C200 1x, https:\/\/i0.wp.com\/ismaelcolosi.com.br\/wp-content\/uploads\/2026\/02\/harvard-1200x675.jpg?fit=1200%2C675&ssl=1&resize=525%2C300 1.5x, https:\/\/i0.wp.com\/ismaelcolosi.com.br\/wp-content\/uploads\/2026\/02\/harvard-1200x675.jpg?fit=1200%2C675&ssl=1&resize=700%2C400 2x, https:\/\/i0.wp.com\/ismaelcolosi.com.br\/wp-content\/uploads\/2026\/02\/harvard-1200x675.jpg?fit=1200%2C675&ssl=1&resize=1050%2C600 3x"},"classes":[]},{"id":85887,"url":"https:\/\/ismaelcolosi.com.br\/index.php\/2025\/06\/04\/educacao-para-transformar\/","url_meta":{"origin":6759,"position":3},"title":"Educa\u00e7\u00e3o para Transformar","author":"ismaelcolosi.com.br","date":"4 de June de 2025","format":false,"excerpt":"\r Divulga\u00e7\u00e3o\r Desde seu lan\u00e7amento, o programa ajudou cerca de 11 mil pessoas na conclus\u00e3o da educa\u00e7\u00e3o b\u00e1sica\r Acessibilidade \r L\r L\r A-\r A+\r \r \u25d0\r \r Em um pa\u00eds onde completar o Ensino M\u00e9dio ainda \u00e9 um desafio, iniciativas inovadoras t\u00eam surgido para superar esse obst\u00e1culo com efic\u00e1cia. Entre\u2026","rel":"","context":"In &quot;Carreira e Sucesso&quot;","block_context":{"text":"Carreira e Sucesso","link":"https:\/\/ismaelcolosi.com.br\/index.php\/category\/carreira-e-sucesso-dicas-para-carreira\/"},"img":{"alt_text":"","src":"https:\/\/i0.wp.com\/ismaelcolosi.com.br\/wp-content\/uploads\/2025\/06\/1-1200x675.png?fit=1200%2C675&ssl=1&resize=350%2C200","width":350,"height":200,"srcset":"https:\/\/i0.wp.com\/ismaelcolosi.com.br\/wp-content\/uploads\/2025\/06\/1-1200x675.png?fit=1200%2C675&ssl=1&resize=350%2C200 1x, https:\/\/i0.wp.com\/ismaelcolosi.com.br\/wp-content\/uploads\/2025\/06\/1-1200x675.png?fit=1200%2C675&ssl=1&resize=525%2C300 1.5x, https:\/\/i0.wp.com\/ismaelcolosi.com.br\/wp-content\/uploads\/2025\/06\/1-1200x675.png?fit=1200%2C675&ssl=1&resize=700%2C400 2x, https:\/\/i0.wp.com\/ismaelcolosi.com.br\/wp-content\/uploads\/2025\/06\/1-1200x675.png?fit=1200%2C675&ssl=1&resize=1050%2C600 3x"},"classes":[]},{"id":74302,"url":"https:\/\/ismaelcolosi.com.br\/index.php\/2024\/10\/30\/brasil-tera-pe-de-meia-para-licenciaturas\/","url_meta":{"origin":6759,"position":4},"title":"Brasil ter\u00e1 P\u00e9-de-Meia para licenciaturas","author":"ismaelcolosi.com.br","date":"30 de October de 2024","format":false,"excerpt":"30 de outubro de 202430 de outubro de 202412 Compartilhar0 O governo federal dever\u00e1 apresentar, em novembro, um conjunto de a\u00e7\u00f5es para valorizar os professores brasileiros da educa\u00e7\u00e3o b\u00e1sica, de acordo com o ministro da Educa\u00e7\u00e3o, Camilo Santana. Entre as medidas est\u00e1 o Programa P\u00e9-de-Meia\u00a0para as licenciaturas, ou seja, bolsas\u2026","rel":"","context":"In &quot;Not\u00edcias de Ribeir\u00e3o Preto-SP e Regi\u00e3o&quot;","block_context":{"text":"Not\u00edcias de Ribeir\u00e3o Preto-SP e Regi\u00e3o","link":"https:\/\/ismaelcolosi.com.br\/index.php\/category\/noticias-de-ribeirao-preto-sp-e-regiao-ismael-colosi\/"},"img":{"alt_text":"","src":"https:\/\/i0.wp.com\/ismaelcolosi.com.br\/wp-content\/uploads\/2024\/10\/d37fdbbad11e58750ada366b78b5b56d81f9c74d-scaled.jpg?fit=749%2C500&ssl=1&resize=350%2C200","width":350,"height":200,"srcset":"https:\/\/i0.wp.com\/ismaelcolosi.com.br\/wp-content\/uploads\/2024\/10\/d37fdbbad11e58750ada366b78b5b56d81f9c74d-scaled.jpg?fit=749%2C500&ssl=1&resize=350%2C200 1x, https:\/\/i0.wp.com\/ismaelcolosi.com.br\/wp-content\/uploads\/2024\/10\/d37fdbbad11e58750ada366b78b5b56d81f9c74d-scaled.jpg?fit=749%2C500&ssl=1&resize=525%2C300 1.5x, https:\/\/i0.wp.com\/ismaelcolosi.com.br\/wp-content\/uploads\/2024\/10\/d37fdbbad11e58750ada366b78b5b56d81f9c74d-scaled.jpg?fit=749%2C500&ssl=1&resize=700%2C400 2x"},"classes":[]},{"id":81568,"url":"https:\/\/ismaelcolosi.com.br\/index.php\/2025\/01\/13\/curso-gratuito-de-empregabilidade-para-jovens-tem-inscricoes-abertas-em-ribeirao-preto-a-partir-de-16-de-janeiro\/","url_meta":{"origin":6759,"position":5},"title":"Curso gratuito de empregabilidade para jovens tem inscri\u00e7\u00f5es abertas em Ribeir\u00e3o Preto A partir de 16 de janeiro","author":"Arthur Tijolo","date":"13 de January de 2025","format":false,"excerpt":"Capacita\u00e7\u00e3o busca preparar jovens para o mercado de trabalho com pr\u00e1ticas corporativas; Tamb\u00e9m h\u00e1 oportunidades de contrata\u00e7\u00e3o \u00a0 Est\u00e3o abertas em Ribeir\u00e3o Preto as inscri\u00e7\u00f5es para um curso gratuito de empregabilidade para jovens de 15 a 24 anos, que cursam ou tenham conclu\u00eddo o ensino m\u00e9dio.\u00a0Clique aqui\u00a0para se inscrever. Com\u2026","rel":"","context":"In &quot;Cursos Gratuitos e Bolsas de Estudos&quot;","block_context":{"text":"Cursos Gratuitos e Bolsas de Estudos","link":"https:\/\/ismaelcolosi.com.br\/index.php\/category\/cursos-gratuitos-e-bolsas-de-estudos-ribeirao-preto\/"},"img":{"alt_text":"","src":"https:\/\/i0.wp.com\/ismaelcolosi.com.br\/wp-content\/uploads\/2025\/01\/school-classroom-blur-background-without-young-student-blurry-view-elementary-class-room-no-kid-teacher-with-chairs-tables-campus-vintage-effect-style-pictures-2-scaled.jpg?fit=1200%2C800&ssl=1&resize=350%2C200","width":350,"height":200,"srcset":"https:\/\/i0.wp.com\/ismaelcolosi.com.br\/wp-content\/uploads\/2025\/01\/school-classroom-blur-background-without-young-student-blurry-view-elementary-class-room-no-kid-teacher-with-chairs-tables-campus-vintage-effect-style-pictures-2-scaled.jpg?fit=1200%2C800&ssl=1&resize=350%2C200 1x, https:\/\/i0.wp.com\/ismaelcolosi.com.br\/wp-content\/uploads\/2025\/01\/school-classroom-blur-background-without-young-student-blurry-view-elementary-class-room-no-kid-teacher-with-chairs-tables-campus-vintage-effect-style-pictures-2-scaled.jpg?fit=1200%2C800&ssl=1&resize=525%2C300 1.5x, https:\/\/i0.wp.com\/ismaelcolosi.com.br\/wp-content\/uploads\/2025\/01\/school-classroom-blur-background-without-young-student-blurry-view-elementary-class-room-no-kid-teacher-with-chairs-tables-campus-vintage-effect-style-pictures-2-scaled.jpg?fit=1200%2C800&ssl=1&resize=700%2C400 2x, https:\/\/i0.wp.com\/ismaelcolosi.com.br\/wp-content\/uploads\/2025\/01\/school-classroom-blur-background-without-young-student-blurry-view-elementary-class-room-no-kid-teacher-with-chairs-tables-campus-vintage-effect-style-pictures-2-scaled.jpg?fit=1200%2C800&ssl=1&resize=1050%2C600 3x"},"classes":[]}],"jetpack_sharing_enabled":true,"jetpack_shortlink":"https:\/\/wp.me\/pfMlyK-1L1","_links":{"self":[{"href":"https:\/\/ismaelcolosi.com.br\/index.php\/wp-json\/wp\/v2\/posts\/6759","targetHints":{"allow":["GET"]}}],"collection":[{"href":"https:\/\/ismaelcolosi.com.br\/index.php\/wp-json\/wp\/v2\/posts"}],"about":[{"href":"https:\/\/ismaelcolosi.com.br\/index.php\/wp-json\/wp\/v2\/types\/post"}],"author":[{"embeddable":true,"href":"https:\/\/ismaelcolosi.com.br\/index.php\/wp-json\/wp\/v2\/users\/1"}],"replies":[{"embeddable":true,"href":"https:\/\/ismaelcolosi.com.br\/index.php\/wp-json\/wp\/v2\/comments?post=6759"}],"version-history":[{"count":0,"href":"https:\/\/ismaelcolosi.com.br\/index.php\/wp-json\/wp\/v2\/posts\/6759\/revisions"}],"wp:featuredmedia":[{"embeddable":true,"href":"https:\/\/ismaelcolosi.com.br\/index.php\/wp-json\/wp\/v2\/media\/6760"}],"wp:attachment":[{"href":"https:\/\/ismaelcolosi.com.br\/index.php\/wp-json\/wp\/v2\/media?parent=6759"}],"wp:term":[{"taxonomy":"category","embeddable":true,"href":"https:\/\/ismaelcolosi.com.br\/index.php\/wp-json\/wp\/v2\/categories?post=6759"},{"taxonomy":"post_tag","embeddable":true,"href":"https:\/\/ismaelcolosi.com.br\/index.php\/wp-json\/wp\/v2\/tags?post=6759"}],"curies":[{"name":"wp","href":"https:\/\/api.w.org\/{rel}","templated":true}]}}