{"id":6755,"date":"2023-11-26T20:27:27","date_gmt":"2023-11-26T23:27:27","guid":{"rendered":"https:\/\/ismaelcolosi.com.br\/index.php\/2023\/11\/26\/garota-de-12-anos-cai-da-janela-de-apartamento-de-5o-andar\/"},"modified":"2023-11-26T20:27:27","modified_gmt":"2023-11-26T23:27:27","slug":"garota-de-12-anos-cai-da-janela-de-apartamento-de-5o-andar","status":"publish","type":"post","link":"https:\/\/ismaelcolosi.com.br\/index.php\/2023\/11\/26\/garota-de-12-anos-cai-da-janela-de-apartamento-de-5o-andar\/","title":{"rendered":"Garota de 12 anos cai da janela de apartamento de 5\u00ba andar"},"content":{"rendered":"<p> <br \/>\n<\/p>\n<div itemprop=\"text\">\n<p>Um triste episodio marcou a vida de uma fam\u00edlia devido a um tr\u00e1gico acidente que aconteceu na \u00faltima sexta-feira (24).<\/p>\n<p>De acordo com as primeiras informa\u00e7\u00f5es repassadas pelas autoridades que respons\u00e1veis por atender a ocorr\u00eancia, uma pr\u00e9-adolescente de 12 anos caiu da janela do quinto andar de um edif\u00edcio.<\/p>\n<p>O caso aconteceu na cidade de Tubar\u00e3o, que fica localizada na regi\u00e3o sul do estado de Santa Catarina. Os socorristas do Corpo de Bombeiros de Santa Catarina (CBMSC), se deslocaram at\u00e9 o local do acidente para realizar o resgate da v\u00edtima por volta das 19h.<\/p>\n<p>Ainda de acordo com os socorristas do Corpo de Bombeiros, a v\u00edtima foi encontrada estirada ao solo, ela apresentava hemorragia no rosto, fratura do f\u00eamur e com uma suspeita de hemorragia interna.<\/p>\n<p>Depois que os socorristas fizeram os primeiros atendimentos e conseguiram estabilizar a garotinha, os bombeiros afirmaram que a v\u00edtima foi encaminhada para uma unidade de sa\u00fade mais pr\u00f3xima, onde deu entrada em estado bastante grave.<\/p>\n<p>As informa\u00e7\u00f5es dos socorristas do Corpo de Bombeiros foram repassadas neste domingo (26), entretanto, n\u00e3o h\u00e1 informa\u00e7\u00f5es atuais sobre o estado de sa\u00fade da garotinha.<\/p>\n<p>Os nomes dos envolvidos no caso n\u00e3o foram revelados, o que dificulta a busca por not\u00edcias sobre o estado de sa\u00fade de v\u00edtima.<\/p>\n<p><b>Bombeiros foram acionados para atender v\u00edtima de acidente de tr\u00e2nsito em Blumenau<\/b><\/p>\n<p><img data-recalc-dims=\"1\" decoding=\"async\" src=\"https:\/\/i0.wp.com\/fnmais.com\/wp-content\/uploads\/2023\/11\/postiimg-6563cf94594821619.jpeg?ssl=1\" alt=\"Acidente aconteceu na noite de sbado 25 no bairro Vila Nova mulher ficou presa dentro aps capotar o veculo\"\/><\/p>\n<p>Uma mulher de 41 anos teve que ser resgatada pela equipe do Corpo de Bombeiros Militar ap\u00f3s um incidente ocorrido na noite de s\u00e1bado (25) em Blumenau, no Vale do Itaja\u00ed.<\/p>\n<p>Depois de ser retirada do ve\u00edculo, a mulher passou por avalia\u00e7\u00e3o de um profissional m\u00e9dico e foi encaminhada. O condutor do ve\u00edculo atingido n\u00e3o estava presente no local no momento do incidente.<\/p>\n<\/div>\n<p><br \/>\n<br \/><a href=\"https:\/\/fnmais.com\/sc-garota-12-anos-cai-janela-apartamento-5o-andar\/\">Source link <\/a><\/p>\n<div class='code-block code-block-4' style='margin: 8px auto 8px 0; text-align: left; display: block; clear: both;'>\n\ud83d\udce2 Aviso Legal\n\nO site ismaelcolosi.com.br atua apenas como um canal de divulga\u00e7\u00e3o de oportunidades de emprego e n\u00e3o se responsabiliza pelo processo seletivo, contrata\u00e7\u00e3o ou qualquer outra etapa relacionada \u00e0s vagas publicadas. Todas as informa\u00e7\u00f5es s\u00e3o de responsabilidade dos anunciantes.\n\n\u26a0\ufe0f Aten\u00e7\u00e3o! Nunca pague por promessas de emprego nem compre cursos que garantam contrata\u00e7\u00e3o. Desconfie de qualquer cobran\u00e7a para participar de sele\u00e7\u00f5es.\n\n\n\n<\/div>\n<!-- CONTENT END 1 -->\n","protected":false},"excerpt":{"rendered":"<p>Um triste episodio marcou a vida de uma fam\u00edlia devido a um tr\u00e1gico acidente que aconteceu na \u00faltima sexta-feira (24). De acordo com as primeiras&#8230;<\/p>\n","protected":false},"author":1,"featured_media":6756,"comment_status":"open","ping_status":"open","sticky":false,"template":"","format":"standard","meta":{"_uag_custom_page_level_css":"","advanced_seo_description":"","jetpack_seo_html_title":"","jetpack_seo_noindex":false,"jetpack_post_was_ever_published":false,"_jetpack_newsletter_access":"","_jetpack_dont_email_post_to_subs":false,"_jetpack_newsletter_tier_id":0,"_jetpack_memberships_contains_paywalled_content":false,"_jetpack_memberships_contains_paid_content":false,"footnotes":"","jetpack_publicize_message":"","jetpack_publicize_feature_enabled":true,"jetpack_social_post_already_shared":true,"jetpack_social_options":{"image_generator_settings":{"template":"highway","default_image_id":0,"font":"","enabled":false},"version":2}},"categories":[1],"tags":[],"class_list":["post-6755","post","type-post","status-publish","format-standard","has-post-thumbnail","hentry","category-blog"],"jetpack_publicize_connections":[],"jetpack_featured_media_url":"https:\/\/i0.wp.com\/ismaelcolosi.com.br\/wp-content\/uploads\/2023\/11\/postimg-6563cf961e2b45989.jpg?fit=1200%2C628&ssl=1","uagb_featured_image_src":{"full":["https:\/\/i0.wp.com\/ismaelcolosi.com.br\/wp-content\/uploads\/2023\/11\/postimg-6563cf961e2b45989.jpg?fit=1200%2C628&ssl=1",1200,628,false],"thumbnail":["https:\/\/i0.wp.com\/ismaelcolosi.com.br\/wp-content\/uploads\/2023\/11\/postimg-6563cf961e2b45989.jpg?resize=150%2C150&ssl=1",150,150,true],"medium":["https:\/\/i0.wp.com\/ismaelcolosi.com.br\/wp-content\/uploads\/2023\/11\/postimg-6563cf961e2b45989.jpg?fit=300%2C157&ssl=1",300,157,true],"medium_large":["https:\/\/i0.wp.com\/ismaelcolosi.com.br\/wp-content\/uploads\/2023\/11\/postimg-6563cf961e2b45989.jpg?fit=768%2C402&ssl=1",768,402,true],"large":["https:\/\/i0.wp.com\/ismaelcolosi.com.br\/wp-content\/uploads\/2023\/11\/postimg-6563cf961e2b45989.jpg?fit=1024%2C536&ssl=1",1024,536,true],"1536x1536":["https:\/\/i0.wp.com\/ismaelcolosi.com.br\/wp-content\/uploads\/2023\/11\/postimg-6563cf961e2b45989.jpg?fit=1200%2C628&ssl=1",1200,628,true],"2048x2048":["https:\/\/i0.wp.com\/ismaelcolosi.com.br\/wp-content\/uploads\/2023\/11\/postimg-6563cf961e2b45989.jpg?fit=1200%2C628&ssl=1",1200,628,true],"really-simple-thumb":["https:\/\/i0.wp.com\/ismaelcolosi.com.br\/wp-content\/uploads\/2023\/11\/postimg-6563cf961e2b45989.jpg?resize=370%2C247&ssl=1",370,247,true]},"uagb_author_info":{"display_name":"ismaelcolosi.com.br","author_link":"https:\/\/ismaelcolosi.com.br\/index.php\/author\/vidareal-online\/"},"uagb_comment_info":0,"uagb_excerpt":"Um triste episodio marcou a vida de uma fam\u00edlia devido a um tr\u00e1gico acidente que aconteceu na \u00faltima sexta-feira (24). De acordo com as primeiras...","jetpack-related-posts":[{"id":4236,"url":"https:\/\/ismaelcolosi.com.br\/index.php\/2023\/11\/21\/sc-acidente-em-cidade-catarinense-deixa-vitima-fatal-e-feridos\/","url_meta":{"origin":6755,"position":0},"title":"SC: Acidente em cidade catarinense deixa v\u00edtima fatal e feridos","author":"ismaelcolosi.com.br","date":"21 de November de 2023","format":false,"excerpt":"Nesta segunda-feira (20), um grave acidente deixou uma v\u00edtima fatal e feridos em uma cidade localizada no interior do estado de Santa Catarina.Uma mulher perdeu avida em uma colis\u00e3o que aconteceu na cidade de Ilhota, que fica no Vale do Itaja\u00ed.De acordo com os socorristas do Corpo de Bombeiros Volunt\u00e1rios\u2026","rel":"","context":"In &quot;Blog&quot;","block_context":{"text":"Blog","link":"https:\/\/ismaelcolosi.com.br\/index.php\/category\/blog\/"},"img":{"alt_text":"","src":"https:\/\/i0.wp.com\/ismaelcolosi.com.br\/wp-content\/uploads\/2023\/11\/postimg-655c5dd7a030a9296.jpg?fit=1200%2C628&ssl=1&resize=350%2C200","width":350,"height":200,"srcset":"https:\/\/i0.wp.com\/ismaelcolosi.com.br\/wp-content\/uploads\/2023\/11\/postimg-655c5dd7a030a9296.jpg?fit=1200%2C628&ssl=1&resize=350%2C200 1x, https:\/\/i0.wp.com\/ismaelcolosi.com.br\/wp-content\/uploads\/2023\/11\/postimg-655c5dd7a030a9296.jpg?fit=1200%2C628&ssl=1&resize=525%2C300 1.5x, https:\/\/i0.wp.com\/ismaelcolosi.com.br\/wp-content\/uploads\/2023\/11\/postimg-655c5dd7a030a9296.jpg?fit=1200%2C628&ssl=1&resize=700%2C400 2x, https:\/\/i0.wp.com\/ismaelcolosi.com.br\/wp-content\/uploads\/2023\/11\/postimg-655c5dd7a030a9296.jpg?fit=1200%2C628&ssl=1&resize=1050%2C600 3x"},"classes":[]},{"id":20977,"url":"https:\/\/ismaelcolosi.com.br\/index.php\/2023\/12\/26\/quem-era-o-motorista-da-carreta-que-perdeu-a-vida-na-temida-curva-da-morte-da-sc-161\/","url_meta":{"origin":6755,"position":1},"title":"Quem era o motorista da carreta que perdeu a vida na temida &#8216;curva da morte&#8217; da SC-161","author":"ismaelcolosi.com.br","date":"26 de December de 2023","format":false,"excerpt":"Na manh\u00e3 desta ter\u00e7a-feira (26), um grave acidente ceifou a vida do motorista de uma carreta. O Ve\u00edculo de carga tombou, na altura do munic\u00edpio de Romel\u00e2ndia, localizado na regi\u00e3o Oeste do estado de Santa Catarina.De acordo com os socorristas do Corpo de Bombeiros do estado de Santa Catarina, o\u2026","rel":"","context":"In &quot;Blog&quot;","block_context":{"text":"Blog","link":"https:\/\/ismaelcolosi.com.br\/index.php\/category\/blog\/"},"img":{"alt_text":"","src":"https:\/\/i0.wp.com\/ismaelcolosi.com.br\/wp-content\/uploads\/2023\/12\/postimg-658b677396ef58045.jpg?fit=1200%2C628&ssl=1&resize=350%2C200","width":350,"height":200,"srcset":"https:\/\/i0.wp.com\/ismaelcolosi.com.br\/wp-content\/uploads\/2023\/12\/postimg-658b677396ef58045.jpg?fit=1200%2C628&ssl=1&resize=350%2C200 1x, https:\/\/i0.wp.com\/ismaelcolosi.com.br\/wp-content\/uploads\/2023\/12\/postimg-658b677396ef58045.jpg?fit=1200%2C628&ssl=1&resize=525%2C300 1.5x, https:\/\/i0.wp.com\/ismaelcolosi.com.br\/wp-content\/uploads\/2023\/12\/postimg-658b677396ef58045.jpg?fit=1200%2C628&ssl=1&resize=700%2C400 2x, https:\/\/i0.wp.com\/ismaelcolosi.com.br\/wp-content\/uploads\/2023\/12\/postimg-658b677396ef58045.jpg?fit=1200%2C628&ssl=1&resize=1050%2C600 3x"},"classes":[]},{"id":28326,"url":"https:\/\/ismaelcolosi.com.br\/index.php\/2024\/01\/15\/quem-e-o-piloto-de-asa-delta-que-perdeu-a-vida-apos-queda-em-area-de-mata\/","url_meta":{"origin":6755,"position":2},"title":"Quem \u00e9 o piloto de asa delta que perdeu a vida ap\u00f3s queda em \u00e1rea de mata","author":"ismaelcolosi.com.br","date":"15 de January de 2024","format":false,"excerpt":"Neste \u00faltimo domingo (14), o que era para ser um momento de pura divers\u00e3o, terminou de maneira tr\u00e1gica. Um indiv\u00edduo perdeu a vida ap\u00f3s sofrer uma queda de asa-delta.O acidente aconteceu no munic\u00edpio de Pomerode, situado no Vale do Itaja\u00ed, localizado no interior do estado de Santa Catarina. Giovanni Elizeu\u2026","rel":"","context":"In &quot;Blog&quot;","block_context":{"text":"Blog","link":"https:\/\/ismaelcolosi.com.br\/index.php\/category\/blog\/"},"img":{"alt_text":"","src":"https:\/\/i0.wp.com\/ismaelcolosi.com.br\/wp-content\/uploads\/2024\/01\/postimg-65a5760a8c9758560.jpg?fit=1200%2C628&ssl=1&resize=350%2C200","width":350,"height":200,"srcset":"https:\/\/i0.wp.com\/ismaelcolosi.com.br\/wp-content\/uploads\/2024\/01\/postimg-65a5760a8c9758560.jpg?fit=1200%2C628&ssl=1&resize=350%2C200 1x, https:\/\/i0.wp.com\/ismaelcolosi.com.br\/wp-content\/uploads\/2024\/01\/postimg-65a5760a8c9758560.jpg?fit=1200%2C628&ssl=1&resize=525%2C300 1.5x, https:\/\/i0.wp.com\/ismaelcolosi.com.br\/wp-content\/uploads\/2024\/01\/postimg-65a5760a8c9758560.jpg?fit=1200%2C628&ssl=1&resize=700%2C400 2x, https:\/\/i0.wp.com\/ismaelcolosi.com.br\/wp-content\/uploads\/2024\/01\/postimg-65a5760a8c9758560.jpg?fit=1200%2C628&ssl=1&resize=1050%2C600 3x"},"classes":[]},{"id":25865,"url":"https:\/\/ismaelcolosi.com.br\/index.php\/2024\/01\/08\/jovem-de-14-anos-perde-a-vida-apos-salvar-irma-de-afogamento-em-sc\/","url_meta":{"origin":6755,"position":3},"title":"Jovem de 14 anos perde a vida ap\u00f3s salvar irm\u00e3 de afogamento em SC","author":"ismaelcolosi.com.br","date":"8 de January de 2024","format":false,"excerpt":"Tragicamente, um jovem de 14 anos perdeu a vida por afogamento ao heroicamente tentar salvar a irm\u00e3 de 9 anos. O caso aconteceu na zona rural Marechal Bormann, que fica no munic\u00edpio de Chapec\u00f3, localizado na regi\u00e3o Oeste do estado de Santa Catarina.Os socorristas do Corpo de Bombeiros Militar foram\u2026","rel":"","context":"In &quot;Blog&quot;","block_context":{"text":"Blog","link":"https:\/\/ismaelcolosi.com.br\/index.php\/category\/blog\/"},"img":{"alt_text":"","src":"https:\/\/i0.wp.com\/ismaelcolosi.com.br\/wp-content\/uploads\/2024\/01\/postimg-659c55ce27f431735.jpg?fit=1200%2C628&ssl=1&resize=350%2C200","width":350,"height":200,"srcset":"https:\/\/i0.wp.com\/ismaelcolosi.com.br\/wp-content\/uploads\/2024\/01\/postimg-659c55ce27f431735.jpg?fit=1200%2C628&ssl=1&resize=350%2C200 1x, https:\/\/i0.wp.com\/ismaelcolosi.com.br\/wp-content\/uploads\/2024\/01\/postimg-659c55ce27f431735.jpg?fit=1200%2C628&ssl=1&resize=525%2C300 1.5x, https:\/\/i0.wp.com\/ismaelcolosi.com.br\/wp-content\/uploads\/2024\/01\/postimg-659c55ce27f431735.jpg?fit=1200%2C628&ssl=1&resize=700%2C400 2x, https:\/\/i0.wp.com\/ismaelcolosi.com.br\/wp-content\/uploads\/2024\/01\/postimg-659c55ce27f431735.jpg?fit=1200%2C628&ssl=1&resize=1050%2C600 3x"},"classes":[]},{"id":31277,"url":"https:\/\/ismaelcolosi.com.br\/index.php\/2024\/01\/21\/condutor-perde-a-vida-apos-colisao-e-carro-despencar-em-ribanceira\/","url_meta":{"origin":6755,"position":4},"title":"Condutor perde a vida ap\u00f3s colis\u00e3o e carro despencar em ribanceira","author":"ismaelcolosi.com.br","date":"21 de January de 2024","format":false,"excerpt":"Na tarde do \u00faltimo s\u00e1bado (20), uma grave acidente terminou em trag\u00e9dia. O cen\u00e1rio do acidente foi a rodovia SC-155, na altura do munic\u00edpio It\u00e1, localizado na regi\u00e3o Oeste de Santa Catarina.Dois ve\u00edculos se envolveram no acidente, um deles capotou a acabou caindo um uma ribanceira. De acordo com os\u2026","rel":"","context":"In &quot;Blog&quot;","block_context":{"text":"Blog","link":"https:\/\/ismaelcolosi.com.br\/index.php\/category\/blog\/"},"img":{"alt_text":"","src":"https:\/\/i0.wp.com\/ismaelcolosi.com.br\/wp-content\/uploads\/2024\/01\/postimg-65ad7e4824af28007.jpg?fit=1200%2C628&ssl=1&resize=350%2C200","width":350,"height":200,"srcset":"https:\/\/i0.wp.com\/ismaelcolosi.com.br\/wp-content\/uploads\/2024\/01\/postimg-65ad7e4824af28007.jpg?fit=1200%2C628&ssl=1&resize=350%2C200 1x, https:\/\/i0.wp.com\/ismaelcolosi.com.br\/wp-content\/uploads\/2024\/01\/postimg-65ad7e4824af28007.jpg?fit=1200%2C628&ssl=1&resize=525%2C300 1.5x, https:\/\/i0.wp.com\/ismaelcolosi.com.br\/wp-content\/uploads\/2024\/01\/postimg-65ad7e4824af28007.jpg?fit=1200%2C628&ssl=1&resize=700%2C400 2x, https:\/\/i0.wp.com\/ismaelcolosi.com.br\/wp-content\/uploads\/2024\/01\/postimg-65ad7e4824af28007.jpg?fit=1200%2C628&ssl=1&resize=1050%2C600 3x"},"classes":[]},{"id":13847,"url":"https:\/\/ismaelcolosi.com.br\/index.php\/2023\/12\/11\/corpo-sem-cabeca-surge-em-praia-perto-de-escola-e-deixa-moradores-assombrados\/","url_meta":{"origin":6755,"position":5},"title":"Corpo sem cabe\u00e7a surge em praia perto de escola e deixa moradores assombrados","author":"ismaelcolosi.com.br","date":"11 de December de 2023","format":false,"excerpt":"Um cen\u00e1rio que parecia ter sa\u00eddo de um filme de terror foi testemunhado por moradores de uma praia localizada no estado de Santa Catarina. O caso em que o cad\u00e1ver foi encontrado ocorreu na manh\u00e3 deste domingo (10), na cidade de Balne\u00e1rio Barra do Sul, localizado na regi\u00e3o do Litoral\u2026","rel":"","context":"In &quot;Blog&quot;","block_context":{"text":"Blog","link":"https:\/\/ismaelcolosi.com.br\/index.php\/category\/blog\/"},"img":{"alt_text":"","src":"https:\/\/i0.wp.com\/ismaelcolosi.com.br\/wp-content\/uploads\/2023\/12\/postimg-657715309d71a3496.jpg?fit=1200%2C628&ssl=1&resize=350%2C200","width":350,"height":200,"srcset":"https:\/\/i0.wp.com\/ismaelcolosi.com.br\/wp-content\/uploads\/2023\/12\/postimg-657715309d71a3496.jpg?fit=1200%2C628&ssl=1&resize=350%2C200 1x, https:\/\/i0.wp.com\/ismaelcolosi.com.br\/wp-content\/uploads\/2023\/12\/postimg-657715309d71a3496.jpg?fit=1200%2C628&ssl=1&resize=525%2C300 1.5x, https:\/\/i0.wp.com\/ismaelcolosi.com.br\/wp-content\/uploads\/2023\/12\/postimg-657715309d71a3496.jpg?fit=1200%2C628&ssl=1&resize=700%2C400 2x, https:\/\/i0.wp.com\/ismaelcolosi.com.br\/wp-content\/uploads\/2023\/12\/postimg-657715309d71a3496.jpg?fit=1200%2C628&ssl=1&resize=1050%2C600 3x"},"classes":[]}],"jetpack_sharing_enabled":true,"jetpack_shortlink":"https:\/\/wp.me\/pfMlyK-1KX","_links":{"self":[{"href":"https:\/\/ismaelcolosi.com.br\/index.php\/wp-json\/wp\/v2\/posts\/6755","targetHints":{"allow":["GET"]}}],"collection":[{"href":"https:\/\/ismaelcolosi.com.br\/index.php\/wp-json\/wp\/v2\/posts"}],"about":[{"href":"https:\/\/ismaelcolosi.com.br\/index.php\/wp-json\/wp\/v2\/types\/post"}],"author":[{"embeddable":true,"href":"https:\/\/ismaelcolosi.com.br\/index.php\/wp-json\/wp\/v2\/users\/1"}],"replies":[{"embeddable":true,"href":"https:\/\/ismaelcolosi.com.br\/index.php\/wp-json\/wp\/v2\/comments?post=6755"}],"version-history":[{"count":0,"href":"https:\/\/ismaelcolosi.com.br\/index.php\/wp-json\/wp\/v2\/posts\/6755\/revisions"}],"wp:featuredmedia":[{"embeddable":true,"href":"https:\/\/ismaelcolosi.com.br\/index.php\/wp-json\/wp\/v2\/media\/6756"}],"wp:attachment":[{"href":"https:\/\/ismaelcolosi.com.br\/index.php\/wp-json\/wp\/v2\/media?parent=6755"}],"wp:term":[{"taxonomy":"category","embeddable":true,"href":"https:\/\/ismaelcolosi.com.br\/index.php\/wp-json\/wp\/v2\/categories?post=6755"},{"taxonomy":"post_tag","embeddable":true,"href":"https:\/\/ismaelcolosi.com.br\/index.php\/wp-json\/wp\/v2\/tags?post=6755"}],"curies":[{"name":"wp","href":"https:\/\/api.w.org\/{rel}","templated":true}]}}