{"id":6751,"date":"2023-11-26T20:06:24","date_gmt":"2023-11-26T23:06:24","guid":{"rendered":"https:\/\/ismaelcolosi.com.br\/index.php\/2023\/11\/26\/5-sinais-que-nao-devem-ser-ignorados\/"},"modified":"2023-11-26T20:06:24","modified_gmt":"2023-11-26T23:06:24","slug":"5-sinais-que-nao-devem-ser-ignorados","status":"publish","type":"post","link":"https:\/\/ismaelcolosi.com.br\/index.php\/2023\/11\/26\/5-sinais-que-nao-devem-ser-ignorados\/","title":{"rendered":"5 sinais que n\u00e3o devem ser ignorados"},"content":{"rendered":"<p> <br \/>\n<\/p>\n<div>\n<div id=\"attachment_2313715\" class=\"wp-caption alignnone\">\n<div class=\"d-flex justify-content-center\" data-attachment-id=\"2313715\">\n<div class=\"position-relative d-inline-block\"><img data-recalc-dims=\"1\" data-portal-copyright=\"Getty Images\/iStockphoto\" decoding=\"async\" fetchpriority=\"high\" class=\"wp-image-2313715 size-full\" src=\"https:\/\/i0.wp.com\/catracalivre.com.br\/wp-content\/uploads\/2023\/11\/istock-1088402038.jpg?resize=1253%2C836&#038;ssl=1\" alt=\"Estudos t\u00eam mostrado que incluir mais alimentos ricos em fibras e verduras saud\u00e1veis na dieta, bem como fazer atividade f\u00edsica regular pode minimizar o risco de c\u00e2ncer \u2013 iStock\/Getty Images\" width=\"1253\" height=\"836\" srcset=\"https:\/\/catracalivre.com.br\/wp-content\/uploads\/2023\/11\/istock-1088402038.jpg 1253w, https:\/\/catracalivre.com.br\/wp-content\/uploads\/2023\/11\/istock-1088402038-450x300.jpg 450w, https:\/\/catracalivre.com.br\/wp-content\/uploads\/2023\/11\/istock-1088402038-768x512.jpg 768w\" sizes=\"(max-width: 1253px) 100vw, 1253px\"\/><\/p>\n<p>Cr\u00e9ditos: Getty Images\/iStockphoto<\/p>\n<\/div>\n<\/div>\n<p><span class=\"post-imagem__legenda\">Estudos t\u00eam mostrado que incluir mais alimentos ricos em fibras e verduras saud\u00e1veis na dieta, bem como fazer atividade f\u00edsica regular pode minimizar o risco de c\u00e2ncer \u2013 iStock\/Getty Images<\/span><\/p>\n<\/div>\n<p>Mais de 45 mil casos de c\u00e2ncer de intestino foram diagnosticados em 2022, conforme dados do<strong><a href=\"https:\/\/www.gov.br\/inca\/pt-br\" target=\"_blank\" rel=\"noopener\"> Instituto Nacional de C\u00e2ncer (INCA)<\/a><\/strong>. Embora grave, a doen\u00e7a \u00e9 trat\u00e1vel e, quando detectada precocemente, tem mais de 95% de chances de cura. J\u00e1 em em est\u00e1gios mais avan\u00e7ados, a probabilidade de <strong><a href=\"https:\/\/catracalivre.com.br\/saude-bem-estar\/estudo-remissao-do-cancer-de-participantes\/\" target=\"_blank\" rel=\"noopener\">remiss\u00e3o do tumor<\/a><\/strong> gira em torno de 60%.<\/p>\n<p>Por isso especialistas chamam a aten\u00e7\u00e3o para a import\u00e2ncia de eventuais altera\u00e7\u00f5es de h\u00e1bitos normais e a consulta de um m\u00e9dico para a identifica\u00e7\u00e3o precoce da doen\u00e7a.<\/p>\n<p>Para garantir que todos estejam atentos aos sinais dessa doen\u00e7a perigosa, \u00e9 essencial conhecer e, principalmente, n\u00e3o ignorar os principais sintomas da doen\u00e7a.<\/p>\n<h2>5 sinais de alerta de c\u00e2ncer de intestino:<\/h2>\n<p><strong>Mudan\u00e7a nos h\u00e1bitos de banheiro:<\/strong> altera\u00e7\u00f5es nos padr\u00f5es intestinais, como ir ao banheiro com mais frequ\u00eancia ou experimentar. constipa\u00e7\u00e3o, podem ser sinais de alerta.<\/p>\n<p><strong>Cansa\u00e7o excessivo:<\/strong> se voc\u00ea est\u00e1 se sentindo cansado o tempo todo, pode ser um sintoma associado ao sangramento do tumor, que causa anemia.<\/p>\n<p><strong>Sangramento da passagem de tr\u00e1s ou sangue nas fezes:<\/strong> se voc\u00ea notar sangue ao evacuar ou nas fezes, \u00e9 importante n\u00e3o ignorar esse sinal. O c\u00e2ncer de intestino pode levar ao sangramento, resultando em anemia e cansa\u00e7o extremo.<\/p>\n<p><strong>Dor ou caro\u00e7o na barriga:<\/strong> dores persistentes na regi\u00e3o abdominal ou a presen\u00e7a de um caro\u00e7o podem indicar um problema no intestino.<\/p>\n<p><strong>Perda de peso sem explica\u00e7\u00e3o:<\/strong> perder peso sem motivo aparente tamb\u00e9m precisa de seriedade.<br \/>Outros sintomas tamb\u00e9m podem estar associados ao c\u00e2ncer de intestino, como dores de aperto no abd\u00f4men, incha\u00e7o, incapacidade de passar g\u00e1s ou se sentir constantemente doente.<\/p>\n<h2>Como diminuir o risco?<\/h2>\n<p>Estudos t\u00eam mostrado que incluir mais alimentos ricos em fibras e verduras saud\u00e1veis na dieta, bem como fazer atividade f\u00edsica regular pode minimizar o risco de c\u00e2ncer.<\/p>\n<h2>Como \u00e9 o diagn\u00f3stico?<\/h2>\n<p>O exame de sangue oculto nas fezes pode identificar pequenos sangramentos nas fezes, invis\u00edveis a olho nu, causados por p\u00f3lipos e tumores de intestino. Se esse exame mostrar altera\u00e7\u00e3o, o paciente \u00e9 encaminhado para fazer uma colonoscopia, procedimento capaz de diagnosticar e mesmo tratar algumas les\u00f5es, evitando que elas se transformem em c\u00e2ncer.<\/p>\n<h2>Como \u00e9 feito o tratamento para c\u00e2ncer de intestino?<\/h2>\n<p>Os est\u00e1gios iniciais da doen\u00e7a (est\u00e1gios I a III) se referem a c\u00e2ncer de intestino localizado e geralmente tratado com cirurgia, com ou sem quimioterapia. O c\u00e2ncer em est\u00e1gio IV \u00e9 o chamado c\u00e2ncer de intestino avan\u00e7ado. O tratamento envolve a quimioterapia e terapia direcionada.<\/p>\n<\/div>\n<p><script>\n\t\t! function(f, b, e, v, n, t, s) {\n\t\t\tif (f.fbq) return;\n\t\t\tn = f.fbq = function() {\n\t\t\t\tn.callMethod ?\n\t\t\t\t\tn.callMethod.apply(n, arguments) : n.queue.push(arguments)\n\t\t\t};\n\t\t\tif (!f._fbq) f._fbq = n;\n\t\t\tn.push = n;\n\t\t\tn.loaded = !0;\n\t\t\tn.version = '2.0';\n\t\t\tn.queue = [];\n\t\t\tt = b.createElement(e);\n\t\t\tt.async = !0;\n\t\t\tt.src = v;\n\t\t\ts = b.getElementsByTagName(e)[0];\n\t\t\ts.parentNode.insertBefore(t, s)\n\t\t}(window, document, 'script',\n\t\t\t'https:\/\/connect.facebook.net\/en_US\/fbevents.js');\n\t\tfbq('init', '338315473262380');\n\t\tfbq('track', 'PageView');\n\t<\/script><br \/>\n<br \/><br \/>\n<br \/><a href=\"https:\/\/catracalivre.com.br\/saude-bem-estar\/cancer-de-intestino-5-sinais-que-nao-devem-ser-ignorados\/\">Source link <\/a><\/p>\n<div class='code-block code-block-4' style='margin: 8px auto 8px 0; text-align: left; display: block; clear: both;'>\n\ud83d\udce2 Aviso Legal\n\nO site ismaelcolosi.com.br atua apenas como um canal de divulga\u00e7\u00e3o de oportunidades de emprego e n\u00e3o se responsabiliza pelo processo seletivo, contrata\u00e7\u00e3o ou qualquer outra etapa relacionada \u00e0s vagas publicadas. Todas as informa\u00e7\u00f5es s\u00e3o de responsabilidade dos anunciantes.\n\n\u26a0\ufe0f Aten\u00e7\u00e3o! Nunca pague por promessas de emprego nem compre cursos que garantam contrata\u00e7\u00e3o. Desconfie de qualquer cobran\u00e7a para participar de sele\u00e7\u00f5es.\n\n\n\n<\/div>\n<!-- CONTENT END 1 -->\n","protected":false},"excerpt":{"rendered":"<p>Cr\u00e9ditos: Getty Images\/iStockphoto Estudos t\u00eam mostrado que incluir mais alimentos ricos em fibras e verduras saud\u00e1veis na dieta, bem como fazer atividade f\u00edsica regular pode&#8230;<\/p>\n","protected":false},"author":1,"featured_media":6752,"comment_status":"open","ping_status":"open","sticky":false,"template":"","format":"standard","meta":{"_uag_custom_page_level_css":"","advanced_seo_description":"","jetpack_seo_html_title":"","jetpack_seo_noindex":false,"jetpack_post_was_ever_published":false,"_jetpack_newsletter_access":"","_jetpack_dont_email_post_to_subs":false,"_jetpack_newsletter_tier_id":0,"_jetpack_memberships_contains_paywalled_content":false,"_jetpack_memberships_contains_paid_content":false,"footnotes":"","jetpack_publicize_message":"","jetpack_publicize_feature_enabled":true,"jetpack_social_post_already_shared":true,"jetpack_social_options":{"image_generator_settings":{"template":"highway","default_image_id":0,"font":"","enabled":false},"version":2}},"categories":[19],"tags":[],"class_list":["post-6751","post","type-post","status-publish","format-standard","has-post-thumbnail","hentry","category-variedades"],"jetpack_publicize_connections":[],"jetpack_featured_media_url":"https:\/\/i0.wp.com\/ismaelcolosi.com.br\/wp-content\/uploads\/2023\/11\/istock-1088402038.jpg?fit=1200%2C638&ssl=1","uagb_featured_image_src":{"full":["https:\/\/i0.wp.com\/ismaelcolosi.com.br\/wp-content\/uploads\/2023\/11\/istock-1088402038.jpg?fit=1200%2C638&ssl=1",1200,638,false],"thumbnail":["https:\/\/i0.wp.com\/ismaelcolosi.com.br\/wp-content\/uploads\/2023\/11\/istock-1088402038.jpg?resize=150%2C150&ssl=1",150,150,true],"medium":["https:\/\/i0.wp.com\/ismaelcolosi.com.br\/wp-content\/uploads\/2023\/11\/istock-1088402038.jpg?fit=300%2C160&ssl=1",300,160,true],"medium_large":["https:\/\/i0.wp.com\/ismaelcolosi.com.br\/wp-content\/uploads\/2023\/11\/istock-1088402038.jpg?fit=768%2C408&ssl=1",768,408,true],"large":["https:\/\/i0.wp.com\/ismaelcolosi.com.br\/wp-content\/uploads\/2023\/11\/istock-1088402038.jpg?fit=1024%2C544&ssl=1",1024,544,true],"1536x1536":["https:\/\/i0.wp.com\/ismaelcolosi.com.br\/wp-content\/uploads\/2023\/11\/istock-1088402038.jpg?fit=1200%2C638&ssl=1",1200,638,true],"2048x2048":["https:\/\/i0.wp.com\/ismaelcolosi.com.br\/wp-content\/uploads\/2023\/11\/istock-1088402038.jpg?fit=1200%2C638&ssl=1",1200,638,true],"really-simple-thumb":["https:\/\/i0.wp.com\/ismaelcolosi.com.br\/wp-content\/uploads\/2023\/11\/istock-1088402038.jpg?resize=370%2C247&ssl=1",370,247,true]},"uagb_author_info":{"display_name":"ismaelcolosi.com.br","author_link":"https:\/\/ismaelcolosi.com.br\/index.php\/author\/vidareal-online\/"},"uagb_comment_info":0,"uagb_excerpt":"Cr\u00e9ditos: Getty Images\/iStockphoto Estudos t\u00eam mostrado que incluir mais alimentos ricos em fibras e verduras saud\u00e1veis na dieta, bem como fazer atividade f\u00edsica regular pode...","jetpack-related-posts":[{"id":6427,"url":"https:\/\/ismaelcolosi.com.br\/index.php\/2023\/11\/25\/5-sinais-da-doenca-que-os-homens-mais-ignoram\/","url_meta":{"origin":6751,"position":0},"title":"5 sinais da doen\u00e7a que os homens mais ignoram","author":"ismaelcolosi.com.br","date":"25 de November de 2023","format":false,"excerpt":"Cr\u00e9ditos: Getty Images\/iStockphotoSinais de c\u00e2ncer podem se manifestar por meio de dores e queixas do dia a dia, alertam especialistas \u2013 iStock\/Getty Images O avan\u00e7o da medicina permitiu compreender que, eventualmente, alguns sinais que se manifestam em nosso corpo podem indicar sintomas de doen\u00e7as graves, como o c\u00e2ncer. Sobretudo em\u2026","rel":"","context":"In &quot;Variedades&quot;","block_context":{"text":"Variedades","link":"https:\/\/ismaelcolosi.com.br\/index.php\/category\/variedades\/"},"img":{"alt_text":"","src":"https:\/\/i0.wp.com\/ismaelcolosi.com.br\/wp-content\/uploads\/2023\/11\/istock-1417310641.jpg?fit=1200%2C638&ssl=1&resize=350%2C200","width":350,"height":200,"srcset":"https:\/\/i0.wp.com\/ismaelcolosi.com.br\/wp-content\/uploads\/2023\/11\/istock-1417310641.jpg?fit=1200%2C638&ssl=1&resize=350%2C200 1x, https:\/\/i0.wp.com\/ismaelcolosi.com.br\/wp-content\/uploads\/2023\/11\/istock-1417310641.jpg?fit=1200%2C638&ssl=1&resize=525%2C300 1.5x, https:\/\/i0.wp.com\/ismaelcolosi.com.br\/wp-content\/uploads\/2023\/11\/istock-1417310641.jpg?fit=1200%2C638&ssl=1&resize=700%2C400 2x, https:\/\/i0.wp.com\/ismaelcolosi.com.br\/wp-content\/uploads\/2023\/11\/istock-1417310641.jpg?fit=1200%2C638&ssl=1&resize=1050%2C600 3x"},"classes":[]},{"id":20311,"url":"https:\/\/ismaelcolosi.com.br\/index.php\/2023\/12\/24\/sintomas-iniciais-que-nao-devem-ser-subestimados\/","url_meta":{"origin":6751,"position":1},"title":"sintomas iniciais que n\u00e3o devem ser subestimados","author":"ismaelcolosi.com.br","date":"24 de December de 2023","format":false,"excerpt":"Cr\u00e9ditos: Getty ImagesDe acordo com a pesquisa, o mal de Parkinson afeta mais de 5 milh\u00f5es de pessoas no mundo. Saiba quais s\u00e3o os sintomas iniciais da doen\u00e7a \u2013 iStock\/Getty ImagesCondi\u00e7\u00e3o neurol\u00f3gica cr\u00f4nica que afeta principalmente o sistema motor do corpo, o Parkinson \u00e9 caracterizado por uma diminui\u00e7\u00e3o na produ\u00e7\u00e3o\u2026","rel":"","context":"In &quot;Variedades&quot;","block_context":{"text":"Variedades","link":"https:\/\/ismaelcolosi.com.br\/index.php\/category\/variedades\/"},"img":{"alt_text":"","src":"https:\/\/i0.wp.com\/ismaelcolosi.com.br\/wp-content\/uploads\/2023\/12\/istock-1423005211.jpg?fit=1200%2C638&ssl=1&resize=350%2C200","width":350,"height":200,"srcset":"https:\/\/i0.wp.com\/ismaelcolosi.com.br\/wp-content\/uploads\/2023\/12\/istock-1423005211.jpg?fit=1200%2C638&ssl=1&resize=350%2C200 1x, https:\/\/i0.wp.com\/ismaelcolosi.com.br\/wp-content\/uploads\/2023\/12\/istock-1423005211.jpg?fit=1200%2C638&ssl=1&resize=525%2C300 1.5x, https:\/\/i0.wp.com\/ismaelcolosi.com.br\/wp-content\/uploads\/2023\/12\/istock-1423005211.jpg?fit=1200%2C638&ssl=1&resize=700%2C400 2x, https:\/\/i0.wp.com\/ismaelcolosi.com.br\/wp-content\/uploads\/2023\/12\/istock-1423005211.jpg?fit=1200%2C638&ssl=1&resize=1050%2C600 3x"},"classes":[]},{"id":13269,"url":"https:\/\/ismaelcolosi.com.br\/index.php\/2023\/12\/09\/corpo-da-sinal-que-indica-danos-nos-rins\/","url_meta":{"origin":6751,"position":2},"title":"corpo d\u00e1 sinal que indica danos nos rins","author":"ismaelcolosi.com.br","date":"9 de December de 2023","format":false,"excerpt":"Cr\u00e9ditos: Getty ImagesUma das poss\u00edveis complica\u00e7\u00f5es do diabetes tipo 1 e tipo 2, a protein\u00faria \u00e9 considerada um dos primeiros sinais de deteriora\u00e7\u00e3o da fun\u00e7\u00e3o renal \u2013 iStock\/Getty Images Considerada um dos primeiros sinais de deteriora\u00e7\u00e3o da fun\u00e7\u00e3o renal, a protein\u00faria \u00e9 uma presen\u00e7a anormal de prote\u00ednas na urina, geralmente\u2026","rel":"","context":"In &quot;Variedades&quot;","block_context":{"text":"Variedades","link":"https:\/\/ismaelcolosi.com.br\/index.php\/category\/variedades\/"},"img":{"alt_text":"","src":"https:\/\/i0.wp.com\/ismaelcolosi.com.br\/wp-content\/uploads\/2023\/12\/istock-1219516944.jpg?fit=1200%2C638&ssl=1&resize=350%2C200","width":350,"height":200,"srcset":"https:\/\/i0.wp.com\/ismaelcolosi.com.br\/wp-content\/uploads\/2023\/12\/istock-1219516944.jpg?fit=1200%2C638&ssl=1&resize=350%2C200 1x, https:\/\/i0.wp.com\/ismaelcolosi.com.br\/wp-content\/uploads\/2023\/12\/istock-1219516944.jpg?fit=1200%2C638&ssl=1&resize=525%2C300 1.5x, https:\/\/i0.wp.com\/ismaelcolosi.com.br\/wp-content\/uploads\/2023\/12\/istock-1219516944.jpg?fit=1200%2C638&ssl=1&resize=700%2C400 2x, https:\/\/i0.wp.com\/ismaelcolosi.com.br\/wp-content\/uploads\/2023\/12\/istock-1219516944.jpg?fit=1200%2C638&ssl=1&resize=1050%2C600 3x"},"classes":[]},{"id":13667,"url":"https:\/\/ismaelcolosi.com.br\/index.php\/2023\/12\/10\/perda-de-peso-e-um-dos-principais-sintomas-ignorados-do-cancer\/","url_meta":{"origin":6751,"position":3},"title":"Perda de peso \u00e9 um dos principais sintomas ignorados do c\u00e2ncer","author":"ismaelcolosi.com.br","date":"10 de December de 2023","format":false,"excerpt":"Cr\u00e9ditos: Getty ImagesPerda de peso se torna mais ainda mais preocupante quando associada a tumores s\u00f3lidos \u2013 iStock\/Getty Images Embora algumas pessoas enxerguem a perda de peso como algo positivo, estudos mostram que 40% das pessoas diagnosticadas com c\u00e2ncer apresentam esse sintoma quando recebem o diagn\u00f3stico. Sendo assim, perder muito\u2026","rel":"","context":"In &quot;Variedades&quot;","block_context":{"text":"Variedades","link":"https:\/\/ismaelcolosi.com.br\/index.php\/category\/variedades\/"},"img":{"alt_text":"","src":"https:\/\/i0.wp.com\/ismaelcolosi.com.br\/wp-content\/uploads\/2023\/12\/istock-1352225167.jpg?fit=1200%2C638&ssl=1&resize=350%2C200","width":350,"height":200,"srcset":"https:\/\/i0.wp.com\/ismaelcolosi.com.br\/wp-content\/uploads\/2023\/12\/istock-1352225167.jpg?fit=1200%2C638&ssl=1&resize=350%2C200 1x, https:\/\/i0.wp.com\/ismaelcolosi.com.br\/wp-content\/uploads\/2023\/12\/istock-1352225167.jpg?fit=1200%2C638&ssl=1&resize=525%2C300 1.5x, https:\/\/i0.wp.com\/ismaelcolosi.com.br\/wp-content\/uploads\/2023\/12\/istock-1352225167.jpg?fit=1200%2C638&ssl=1&resize=700%2C400 2x, https:\/\/i0.wp.com\/ismaelcolosi.com.br\/wp-content\/uploads\/2023\/12\/istock-1352225167.jpg?fit=1200%2C638&ssl=1&resize=1050%2C600 3x"},"classes":[]},{"id":21348,"url":"https:\/\/ismaelcolosi.com.br\/index.php\/2023\/12\/27\/4-primeiros-sintomas-que-indicam-a-doenca\/","url_meta":{"origin":6751,"position":4},"title":"4 primeiros sintomas que indicam a doen\u00e7a","author":"ismaelcolosi.com.br","date":"27 de December de 2023","format":false,"excerpt":"Cr\u00e9ditos: haydenbird\/istockAtualmente, ao menos 1,76 milh\u00e3o de pessoas t\u00eam alguma forma de dem\u00eancia no Brasil. Entenda os sintomas \u2013 iStock\/Getty Images Considerado um dos sintomas mais conhecidos da dem\u00eancia, a perda de mem\u00f3ria \u00e9 apenas um dos muitos sinais manifestados pela doen\u00e7a caracterizada pela perda da fun\u00e7\u00e3o cognitiva. Atualmente, ao\u2026","rel":"","context":"In &quot;Variedades&quot;","block_context":{"text":"Variedades","link":"https:\/\/ismaelcolosi.com.br\/index.php\/category\/variedades\/"},"img":{"alt_text":"","src":"https:\/\/i0.wp.com\/ismaelcolosi.com.br\/wp-content\/uploads\/2023\/12\/1703704363_istock-97873871-1.jpg?fit=1200%2C638&ssl=1&resize=350%2C200","width":350,"height":200,"srcset":"https:\/\/i0.wp.com\/ismaelcolosi.com.br\/wp-content\/uploads\/2023\/12\/1703704363_istock-97873871-1.jpg?fit=1200%2C638&ssl=1&resize=350%2C200 1x, https:\/\/i0.wp.com\/ismaelcolosi.com.br\/wp-content\/uploads\/2023\/12\/1703704363_istock-97873871-1.jpg?fit=1200%2C638&ssl=1&resize=525%2C300 1.5x, https:\/\/i0.wp.com\/ismaelcolosi.com.br\/wp-content\/uploads\/2023\/12\/1703704363_istock-97873871-1.jpg?fit=1200%2C638&ssl=1&resize=700%2C400 2x, https:\/\/i0.wp.com\/ismaelcolosi.com.br\/wp-content\/uploads\/2023\/12\/1703704363_istock-97873871-1.jpg?fit=1200%2C638&ssl=1&resize=1050%2C600 3x"},"classes":[]},{"id":20629,"url":"https:\/\/ismaelcolosi.com.br\/index.php\/2023\/12\/26\/como-voce-dormiu-hoje-comportamento-no-sono-pode-indicar-demencia\/","url_meta":{"origin":6751,"position":5},"title":"Como voc\u00ea dormiu hoje? Comportamento no sono pode indicar dem\u00eancia","author":"ismaelcolosi.com.br","date":"26 de December de 2023","format":false,"excerpt":"Cr\u00e9ditos: iSTockComportamento agitado durante o sono REM podem ser sinais antecipados de doen\u00e7as neurodegenerativas, acreditam especialistas da Universidade de Toronto, no Canad\u00e1 \u2013 iStock\/Getty Images Considerada um dos maiores desafios da medicina nos dias atuais, a dem\u00eancia, condi\u00e7\u00e3o caracterizada pelo decl\u00ednio gradual da capacidade cognitiva, apresenta sinais que podem ser\u2026","rel":"","context":"In &quot;Variedades&quot;","block_context":{"text":"Variedades","link":"https:\/\/ismaelcolosi.com.br\/index.php\/category\/variedades\/"},"img":{"alt_text":"","src":"https:\/\/i0.wp.com\/ismaelcolosi.com.br\/wp-content\/uploads\/2023\/12\/noite-de-sono-bebida.jpg?fit=1200%2C638&ssl=1&resize=350%2C200","width":350,"height":200,"srcset":"https:\/\/i0.wp.com\/ismaelcolosi.com.br\/wp-content\/uploads\/2023\/12\/noite-de-sono-bebida.jpg?fit=1200%2C638&ssl=1&resize=350%2C200 1x, https:\/\/i0.wp.com\/ismaelcolosi.com.br\/wp-content\/uploads\/2023\/12\/noite-de-sono-bebida.jpg?fit=1200%2C638&ssl=1&resize=525%2C300 1.5x, https:\/\/i0.wp.com\/ismaelcolosi.com.br\/wp-content\/uploads\/2023\/12\/noite-de-sono-bebida.jpg?fit=1200%2C638&ssl=1&resize=700%2C400 2x, https:\/\/i0.wp.com\/ismaelcolosi.com.br\/wp-content\/uploads\/2023\/12\/noite-de-sono-bebida.jpg?fit=1200%2C638&ssl=1&resize=1050%2C600 3x"},"classes":[]}],"jetpack_sharing_enabled":true,"jetpack_shortlink":"https:\/\/wp.me\/pfMlyK-1KT","_links":{"self":[{"href":"https:\/\/ismaelcolosi.com.br\/index.php\/wp-json\/wp\/v2\/posts\/6751","targetHints":{"allow":["GET"]}}],"collection":[{"href":"https:\/\/ismaelcolosi.com.br\/index.php\/wp-json\/wp\/v2\/posts"}],"about":[{"href":"https:\/\/ismaelcolosi.com.br\/index.php\/wp-json\/wp\/v2\/types\/post"}],"author":[{"embeddable":true,"href":"https:\/\/ismaelcolosi.com.br\/index.php\/wp-json\/wp\/v2\/users\/1"}],"replies":[{"embeddable":true,"href":"https:\/\/ismaelcolosi.com.br\/index.php\/wp-json\/wp\/v2\/comments?post=6751"}],"version-history":[{"count":0,"href":"https:\/\/ismaelcolosi.com.br\/index.php\/wp-json\/wp\/v2\/posts\/6751\/revisions"}],"wp:featuredmedia":[{"embeddable":true,"href":"https:\/\/ismaelcolosi.com.br\/index.php\/wp-json\/wp\/v2\/media\/6752"}],"wp:attachment":[{"href":"https:\/\/ismaelcolosi.com.br\/index.php\/wp-json\/wp\/v2\/media?parent=6751"}],"wp:term":[{"taxonomy":"category","embeddable":true,"href":"https:\/\/ismaelcolosi.com.br\/index.php\/wp-json\/wp\/v2\/categories?post=6751"},{"taxonomy":"post_tag","embeddable":true,"href":"https:\/\/ismaelcolosi.com.br\/index.php\/wp-json\/wp\/v2\/tags?post=6751"}],"curies":[{"name":"wp","href":"https:\/\/api.w.org\/{rel}","templated":true}]}}