{"id":6747,"date":"2023-11-26T19:35:54","date_gmt":"2023-11-26T22:35:54","guid":{"rendered":"https:\/\/ismaelcolosi.com.br\/index.php\/2023\/11\/26\/entenda-como-consultar-o-bolsa-familia-pelo-celular\/"},"modified":"2023-11-26T19:35:54","modified_gmt":"2023-11-26T22:35:54","slug":"entenda-como-consultar-o-bolsa-familia-pelo-celular","status":"publish","type":"post","link":"https:\/\/ismaelcolosi.com.br\/index.php\/2023\/11\/26\/entenda-como-consultar-o-bolsa-familia-pelo-celular\/","title":{"rendered":"Entenda como consultar o Bolsa Fam\u00edlia pelo celular"},"content":{"rendered":"<p> <br \/>\n<\/p>\n<div>\n<div id=\"attachment_2292092\" class=\"wp-caption alignnone\">\n<div class=\"d-flex justify-content-center\" data-attachment-id=\"2292092\">\n<div class=\"position-relative d-inline-block\"><img data-recalc-dims=\"1\" data-portal-copyright=\"Istock\/IltonRogerio\" decoding=\"async\" fetchpriority=\"high\" class=\"size-full wp-image-2292092\" src=\"https:\/\/i0.wp.com\/catracalivre.com.br\/wp-content\/uploads\/2023\/08\/istock-992914674.jpg?resize=1032%2C1015&#038;ssl=1\" alt=\"A novidade mais aguardada do Bolsa Fam\u00edlia em outubro acaba de chegar\" width=\"1032\" height=\"1015\" srcset=\"https:\/\/catracalivre.com.br\/wp-content\/uploads\/2023\/08\/istock-992914674.jpg 1032w, https:\/\/catracalivre.com.br\/wp-content\/uploads\/2023\/08\/istock-992914674-450x443.jpg 450w, https:\/\/catracalivre.com.br\/wp-content\/uploads\/2023\/08\/istock-992914674-768x755.jpg 768w\" sizes=\"(max-width: 1032px) 100vw, 1032px\"\/><\/p>\n<p>Cr\u00e9ditos: Istock\/IltonRogerio<\/p>\n<\/div>\n<\/div>\n<p><span class=\"post-imagem__legenda\">A novidade mais aguardada do Bolsa Fam\u00edlia em outubro acaba de chegar<\/span><\/p>\n<\/div>\n<p>O <a href=\"https:\/\/catracalivre.com.br\/cidadania\/bolsa-familia-com-valor-extra-no-natal-surpreende-veja-quem-recebe\/\">Bolsa Fam\u00edlia<\/a>, um dos principais programas de transfer\u00eancia de renda do pa\u00eds, beneficia mensalmente mais de 20 milh\u00f5es de fam\u00edlias em situa\u00e7\u00e3o de vulnerabilidade social. Iniciado no dia 17 e seguindo at\u00e9 o dia 30 deste m\u00eas, o pagamento do Bolsa Fam\u00edlia \u00e9 uma importante fonte de suporte financeiro para milh\u00f5es de brasileiros. Para facilitar o acompanhamento desse benef\u00edcio, o governo disponibiliza uma maneira pr\u00e1tica e acess\u00edvel: a consulta pelo celular.<\/p>\n<h2>Como consultar o Bolsa Fam\u00edlia pelo celular<\/h2>\n<p>Para realizar a consulta do <a href=\"https:\/\/catracalivre.com.br\/cidadania\/bolsa-familia-inicia-pagamentos-em-breve-veja-quando-e-quem-recebe\/\">Bolsa Fam\u00edlia<\/a> pelo celular, os benefici\u00e1rios podem contar com a comodidade do aplicativo oficial do programa. Este aplicativo est\u00e1 dispon\u00edvel para download neste link, tornando a experi\u00eancia de acesso r\u00e1pida e descomplicada.<\/p>\n<p>O primeiro passo para acessar as informa\u00e7\u00f5es \u00e9 informar o CPF do respons\u00e1vel familiar e a senha cadastrada. O aplicativo oferece duas op\u00e7\u00f5es de login: utilizando a senha do pr\u00f3prio Bolsa Fam\u00edlia ou a senha do Caixa Tem. Essa flexibilidade facilita o acesso, garantindo que o benefici\u00e1rio escolha a op\u00e7\u00e3o mais conveniente.<\/p>\n<p>Caso o benefici\u00e1rio ainda n\u00e3o tenha realizado o cadastro, \u00e9 poss\u00edvel faz\u00ea-lo diretamente pelo aplicativo. Ao clicar na op\u00e7\u00e3o \u201cQuero me cadastrar\u201d, ser\u00e1 necess\u00e1rio confirmar informa\u00e7\u00f5es pessoais. Posteriormente, o usu\u00e1rio dever\u00e1 verificar o e-mail para obter acesso ao aplicativo.<\/p>\n<h2>Informa\u00e7\u00f5es dispon\u00edveis no aplicativo<\/h2>\n<p>Ap\u00f3s realizar o login, o respons\u00e1vel familiar ter\u00e1 acesso a diversas informa\u00e7\u00f5es relevantes sobre o benef\u00edcio, proporcionando maior controle e transpar\u00eancia. Entre as informa\u00e7\u00f5es dispon\u00edveis est\u00e3o:<\/p>\n<ul>\n<li><strong>Calend\u00e1rio de Pagamento:<\/strong> Visualize as datas exatas em que os pagamentos ser\u00e3o realizados, de acordo com o N\u00famero de Identifica\u00e7\u00e3o Social (NIS) de cada fam\u00edlia.<\/li>\n<li><strong>Valor Depositado:<\/strong> Consulte o valor que ser\u00e1 depositado em sua conta, permitindo um planejamento financeiro mais eficiente.<\/li>\n<li><strong>Poss\u00edveis Benef\u00edcios Extras: F<\/strong>ique por dentro de eventuais benef\u00edcios extras dispon\u00edveis para as fam\u00edlias, garantindo que nenhum recurso seja deixado de lado.<\/li>\n<\/ul>\n<p>A praticidade oferecida pelo aplicativo do Bolsa Fam\u00edlia permite que os benefici\u00e1rios tenham controle total sobre o seu benef\u00edcio, eliminando burocracias desnecess\u00e1rias.<\/p>\n<h2>Calend\u00e1rio do Bolsa Fam\u00edlia em novembro<\/h2>\n<p>\u00c9 importante estar atento ao calend\u00e1rio de pagamentos do Bolsa Fam\u00edlia para garantir que o benef\u00edcio seja utilizado da melhor maneira poss\u00edvel. Confira as datas de pagamento de acordo com o NIS:<\/p>\n<ul>\n<li>NIS de final 1: 17 de novembro<\/li>\n<li>NIS de final 2: 20 de novembro (pagamento antecipado para o s\u00e1bado, 18)<\/li>\n<li>NIS de final 3: 21 de novembro<\/li>\n<li>NIS de final 4: 22 de novembro<\/li>\n<li>NIS de final 5: 23 de novembroNIS de final 6: 24 de novembro<\/li>\n<li>NIS de final 7: 27 de novembro (pagamento antecipado para o s\u00e1bado, 25)<\/li>\n<li>NIS de final 8: 28 de novembro<\/li>\n<li>NIS de final 9: 29 de novembro<\/li>\n<li>NIS de final 0: 30 de novembro<\/li>\n<\/ul>\n<\/div>\n<p><script>\n\t\t! function(f, b, e, v, n, t, s) {\n\t\t\tif (f.fbq) return;\n\t\t\tn = f.fbq = function() {\n\t\t\t\tn.callMethod ?\n\t\t\t\t\tn.callMethod.apply(n, arguments) : n.queue.push(arguments)\n\t\t\t};\n\t\t\tif (!f._fbq) f._fbq = n;\n\t\t\tn.push = n;\n\t\t\tn.loaded = !0;\n\t\t\tn.version = '2.0';\n\t\t\tn.queue = [];\n\t\t\tt = b.createElement(e);\n\t\t\tt.async = !0;\n\t\t\tt.src = v;\n\t\t\ts = b.getElementsByTagName(e)[0];\n\t\t\ts.parentNode.insertBefore(t, s)\n\t\t}(window, document, 'script',\n\t\t\t'https:\/\/connect.facebook.net\/en_US\/fbevents.js');\n\t\tfbq('init', '338315473262380');\n\t\tfbq('track', 'PageView');\n\t<\/script><br \/>\n<br \/><br \/>\n<br \/><a href=\"https:\/\/catracalivre.com.br\/cidadania\/entenda-como-consultar-o-bolsa-familia-pelo-celular\/\">Source link <\/a><\/p>\n<div class='code-block code-block-4' style='margin: 8px auto 8px 0; text-align: left; display: block; clear: both;'>\n\ud83d\udce2 Aviso Legal\n\nO site ismaelcolosi.com.br atua apenas como um canal de divulga\u00e7\u00e3o de oportunidades de emprego e n\u00e3o se responsabiliza pelo processo seletivo, contrata\u00e7\u00e3o ou qualquer outra etapa relacionada \u00e0s vagas publicadas. Todas as informa\u00e7\u00f5es s\u00e3o de responsabilidade dos anunciantes.\n\n\u26a0\ufe0f Aten\u00e7\u00e3o! Nunca pague por promessas de emprego nem compre cursos que garantam contrata\u00e7\u00e3o. Desconfie de qualquer cobran\u00e7a para participar de sele\u00e7\u00f5es.\n\n\n\n<\/div>\n<!-- CONTENT END 1 -->\n","protected":false},"excerpt":{"rendered":"<p>Cr\u00e9ditos: Istock\/IltonRogerio A novidade mais aguardada do Bolsa Fam\u00edlia em outubro acaba de chegar O Bolsa Fam\u00edlia, um dos principais programas de transfer\u00eancia de renda&#8230;<\/p>\n","protected":false},"author":1,"featured_media":6748,"comment_status":"open","ping_status":"open","sticky":false,"template":"","format":"standard","meta":{"_uag_custom_page_level_css":"","advanced_seo_description":"","jetpack_seo_html_title":"","jetpack_seo_noindex":false,"jetpack_post_was_ever_published":false,"_jetpack_newsletter_access":"","_jetpack_dont_email_post_to_subs":false,"_jetpack_newsletter_tier_id":0,"_jetpack_memberships_contains_paywalled_content":false,"_jetpack_memberships_contains_paid_content":false,"footnotes":"","jetpack_publicize_message":"","jetpack_publicize_feature_enabled":true,"jetpack_social_post_already_shared":true,"jetpack_social_options":{"image_generator_settings":{"template":"highway","default_image_id":0,"font":"","enabled":false},"version":2}},"categories":[19],"tags":[],"class_list":["post-6747","post","type-post","status-publish","format-standard","has-post-thumbnail","hentry","category-variedades"],"jetpack_publicize_connections":[],"jetpack_featured_media_url":"https:\/\/i0.wp.com\/ismaelcolosi.com.br\/wp-content\/uploads\/2023\/11\/1701038158_bolsa-familia-a-noticia-mais-esperada-de-setembro-acaba-de-chegar.jpg?fit=1200%2C638&ssl=1","uagb_featured_image_src":{"full":["https:\/\/i0.wp.com\/ismaelcolosi.com.br\/wp-content\/uploads\/2023\/11\/1701038158_bolsa-familia-a-noticia-mais-esperada-de-setembro-acaba-de-chegar.jpg?fit=1200%2C638&ssl=1",1200,638,false],"thumbnail":["https:\/\/i0.wp.com\/ismaelcolosi.com.br\/wp-content\/uploads\/2023\/11\/1701038158_bolsa-familia-a-noticia-mais-esperada-de-setembro-acaba-de-chegar.jpg?resize=150%2C150&ssl=1",150,150,true],"medium":["https:\/\/i0.wp.com\/ismaelcolosi.com.br\/wp-content\/uploads\/2023\/11\/1701038158_bolsa-familia-a-noticia-mais-esperada-de-setembro-acaba-de-chegar.jpg?fit=300%2C160&ssl=1",300,160,true],"medium_large":["https:\/\/i0.wp.com\/ismaelcolosi.com.br\/wp-content\/uploads\/2023\/11\/1701038158_bolsa-familia-a-noticia-mais-esperada-de-setembro-acaba-de-chegar.jpg?fit=768%2C408&ssl=1",768,408,true],"large":["https:\/\/i0.wp.com\/ismaelcolosi.com.br\/wp-content\/uploads\/2023\/11\/1701038158_bolsa-familia-a-noticia-mais-esperada-de-setembro-acaba-de-chegar.jpg?fit=1024%2C544&ssl=1",1024,544,true],"1536x1536":["https:\/\/i0.wp.com\/ismaelcolosi.com.br\/wp-content\/uploads\/2023\/11\/1701038158_bolsa-familia-a-noticia-mais-esperada-de-setembro-acaba-de-chegar.jpg?fit=1200%2C638&ssl=1",1200,638,true],"2048x2048":["https:\/\/i0.wp.com\/ismaelcolosi.com.br\/wp-content\/uploads\/2023\/11\/1701038158_bolsa-familia-a-noticia-mais-esperada-de-setembro-acaba-de-chegar.jpg?fit=1200%2C638&ssl=1",1200,638,true],"really-simple-thumb":["https:\/\/i0.wp.com\/ismaelcolosi.com.br\/wp-content\/uploads\/2023\/11\/1701038158_bolsa-familia-a-noticia-mais-esperada-de-setembro-acaba-de-chegar.jpg?resize=370%2C247&ssl=1",370,247,true]},"uagb_author_info":{"display_name":"ismaelcolosi.com.br","author_link":"https:\/\/ismaelcolosi.com.br\/index.php\/author\/vidareal-online\/"},"uagb_comment_info":0,"uagb_excerpt":"Cr\u00e9ditos: Istock\/IltonRogerio A novidade mais aguardada do Bolsa Fam\u00edlia em outubro acaba de chegar O Bolsa Fam\u00edlia, um dos principais programas de transfer\u00eancia de renda...","jetpack-related-posts":[{"id":11487,"url":"https:\/\/ismaelcolosi.com.br\/index.php\/2023\/12\/06\/bolsa-familia-de-dezembro-tera-novidade-surpreendente-confira\/","url_meta":{"origin":6747,"position":0},"title":"Bolsa Fam\u00edlia de dezembro ter\u00e1 novidade SURPREENDENTE; confira","author":"ismaelcolosi.com.br","date":"6 de December de 2023","format":false,"excerpt":"O governo federal anunciou o calend\u00e1rio de pagamento do programa Bolsa Fam\u00edlia para o m\u00eas de dezembro. De acordo com o planejamento do Governo Federal, os pagamentos ter\u00e3o in\u00edcio no dia 11 e se estender\u00e3o at\u00e9 o dia 22, antecipando os pagamentos para o Natal.Cr\u00e9ditos: Ag\u00eancia Brasil\/Rafael Lampert ZartBolsa Fam\u00edlia\u2026","rel":"","context":"In &quot;Variedades&quot;","block_context":{"text":"Variedades","link":"https:\/\/ismaelcolosi.com.br\/index.php\/category\/variedades\/"},"img":{"alt_text":"","src":"https:\/\/i0.wp.com\/ismaelcolosi.com.br\/wp-content\/uploads\/2023\/12\/surpresa-bolsa-familia-tera-mudancas-impactantes-a-partir-de-agora.jpeg?fit=1200%2C638&ssl=1&resize=350%2C200","width":350,"height":200,"srcset":"https:\/\/i0.wp.com\/ismaelcolosi.com.br\/wp-content\/uploads\/2023\/12\/surpresa-bolsa-familia-tera-mudancas-impactantes-a-partir-de-agora.jpeg?fit=1200%2C638&ssl=1&resize=350%2C200 1x, https:\/\/i0.wp.com\/ismaelcolosi.com.br\/wp-content\/uploads\/2023\/12\/surpresa-bolsa-familia-tera-mudancas-impactantes-a-partir-de-agora.jpeg?fit=1200%2C638&ssl=1&resize=525%2C300 1.5x, https:\/\/i0.wp.com\/ismaelcolosi.com.br\/wp-content\/uploads\/2023\/12\/surpresa-bolsa-familia-tera-mudancas-impactantes-a-partir-de-agora.jpeg?fit=1200%2C638&ssl=1&resize=700%2C400 2x, https:\/\/i0.wp.com\/ismaelcolosi.com.br\/wp-content\/uploads\/2023\/12\/surpresa-bolsa-familia-tera-mudancas-impactantes-a-partir-de-agora.jpeg?fit=1200%2C638&ssl=1&resize=1050%2C600 3x"},"classes":[]},{"id":12405,"url":"https:\/\/ismaelcolosi.com.br\/index.php\/2023\/12\/07\/bolsa-familia-de-dezembro-sera-pago-com-novidade-surpreendente\/","url_meta":{"origin":6747,"position":1},"title":"Bolsa Fam\u00edlia de dezembro ser\u00e1 pago com novidade SURPREENDENTE","author":"ismaelcolosi.com.br","date":"7 de December de 2023","format":false,"excerpt":"O governo federal anunciou o calend\u00e1rio de pagamento do programa Bolsa Fam\u00edlia para o m\u00eas de dezembro. De acordo com o planejamento do Governo Federal, os pagamentos ter\u00e3o in\u00edcio no dia 11 e se estender\u00e3o at\u00e9 o dia 22, antecipando os pagamentos para o Natal.Cr\u00e9ditos: Divulga\u00e7\u00e3o\/MDSBolsa Fam\u00edlia de dezembro ser\u00e1\u2026","rel":"","context":"In &quot;Variedades&quot;","block_context":{"text":"Variedades","link":"https:\/\/ismaelcolosi.com.br\/index.php\/category\/variedades\/"},"img":{"alt_text":"","src":"https:\/\/i0.wp.com\/ismaelcolosi.com.br\/wp-content\/uploads\/2023\/12\/1702001499_bolsa-familia-governo-finalmente-libera-novo-calendario-de-julho.png?fit=1200%2C638&ssl=1&resize=350%2C200","width":350,"height":200,"srcset":"https:\/\/i0.wp.com\/ismaelcolosi.com.br\/wp-content\/uploads\/2023\/12\/1702001499_bolsa-familia-governo-finalmente-libera-novo-calendario-de-julho.png?fit=1200%2C638&ssl=1&resize=350%2C200 1x, https:\/\/i0.wp.com\/ismaelcolosi.com.br\/wp-content\/uploads\/2023\/12\/1702001499_bolsa-familia-governo-finalmente-libera-novo-calendario-de-julho.png?fit=1200%2C638&ssl=1&resize=525%2C300 1.5x, https:\/\/i0.wp.com\/ismaelcolosi.com.br\/wp-content\/uploads\/2023\/12\/1702001499_bolsa-familia-governo-finalmente-libera-novo-calendario-de-julho.png?fit=1200%2C638&ssl=1&resize=700%2C400 2x, https:\/\/i0.wp.com\/ismaelcolosi.com.br\/wp-content\/uploads\/2023\/12\/1702001499_bolsa-familia-governo-finalmente-libera-novo-calendario-de-julho.png?fit=1200%2C638&ssl=1&resize=1050%2C600 3x"},"classes":[]},{"id":11863,"url":"https:\/\/ismaelcolosi.com.br\/index.php\/2023\/12\/06\/bolsa-familia-surpreende-beneficiarios-em-dezembro-veja-as-novidades\/","url_meta":{"origin":6747,"position":2},"title":"Bolsa Fam\u00edlia surpreende benefici\u00e1rios em dezembro; veja as novidades","author":"ismaelcolosi.com.br","date":"6 de December de 2023","format":false,"excerpt":"O governo federal anunciou o calend\u00e1rio de pagamento do programa Bolsa Fam\u00edlia para o m\u00eas de dezembro. De acordo com o planejamento do Governo Federal, os pagamentos ter\u00e3o in\u00edcio no dia 11 e se estender\u00e3o at\u00e9 o dia 22, antecipando os pagamentos para o Natal.Cr\u00e9ditos: Ag\u00eancia BrasilBolsa Fam\u00edlia surpreende benefici\u00e1rios\u2026","rel":"","context":"In &quot;Variedades&quot;","block_context":{"text":"Variedades","link":"https:\/\/ismaelcolosi.com.br\/index.php\/category\/variedades\/"},"img":{"alt_text":"","src":"https:\/\/i0.wp.com\/ismaelcolosi.com.br\/wp-content\/uploads\/2023\/12\/bolsa-familia-e-reformulado-e-esta-cheio-de-grandes-novidades.jpg?fit=1200%2C638&ssl=1&resize=350%2C200","width":350,"height":200,"srcset":"https:\/\/i0.wp.com\/ismaelcolosi.com.br\/wp-content\/uploads\/2023\/12\/bolsa-familia-e-reformulado-e-esta-cheio-de-grandes-novidades.jpg?fit=1200%2C638&ssl=1&resize=350%2C200 1x, https:\/\/i0.wp.com\/ismaelcolosi.com.br\/wp-content\/uploads\/2023\/12\/bolsa-familia-e-reformulado-e-esta-cheio-de-grandes-novidades.jpg?fit=1200%2C638&ssl=1&resize=525%2C300 1.5x, https:\/\/i0.wp.com\/ismaelcolosi.com.br\/wp-content\/uploads\/2023\/12\/bolsa-familia-e-reformulado-e-esta-cheio-de-grandes-novidades.jpg?fit=1200%2C638&ssl=1&resize=700%2C400 2x, https:\/\/i0.wp.com\/ismaelcolosi.com.br\/wp-content\/uploads\/2023\/12\/bolsa-familia-e-reformulado-e-esta-cheio-de-grandes-novidades.jpg?fit=1200%2C638&ssl=1&resize=1050%2C600 3x"},"classes":[]},{"id":4436,"url":"https:\/\/ismaelcolosi.com.br\/index.php\/2023\/11\/21\/bolsa-familia-com-valor-extra-no-natal-apenas-para-estes-brasileiros\/","url_meta":{"origin":6747,"position":3},"title":"Bolsa Fam\u00edlia com valor extra no Natal apenas para estes brasileiros","author":"ismaelcolosi.com.br","date":"21 de November de 2023","format":false,"excerpt":"Recentemente, uma excelente not\u00edcia chegou aos benefici\u00e1rios do Bolsa Fam\u00edlia, com a confirma\u00e7\u00e3o do t\u00e3o aguardado abono de natal para o ano de 2023. Esta medida visa beneficiar aproximadamente 695 mil fam\u00edlias paraibanas que est\u00e3o inscritas no programa social. Infelizmente, n\u00e3o h\u00e1 previs\u00e3o para pagamento aos benefici\u00e1rios de outros estados.\u2026","rel":"","context":"In &quot;Variedades&quot;","block_context":{"text":"Variedades","link":"https:\/\/ismaelcolosi.com.br\/index.php\/category\/variedades\/"},"img":{"alt_text":"","src":"https:\/\/i0.wp.com\/ismaelcolosi.com.br\/wp-content\/uploads\/2023\/11\/bolsa-familia-governo-finalmente-libera-novo-calendario-de-julho.png?fit=1200%2C638&ssl=1&resize=350%2C200","width":350,"height":200,"srcset":"https:\/\/i0.wp.com\/ismaelcolosi.com.br\/wp-content\/uploads\/2023\/11\/bolsa-familia-governo-finalmente-libera-novo-calendario-de-julho.png?fit=1200%2C638&ssl=1&resize=350%2C200 1x, https:\/\/i0.wp.com\/ismaelcolosi.com.br\/wp-content\/uploads\/2023\/11\/bolsa-familia-governo-finalmente-libera-novo-calendario-de-julho.png?fit=1200%2C638&ssl=1&resize=525%2C300 1.5x, https:\/\/i0.wp.com\/ismaelcolosi.com.br\/wp-content\/uploads\/2023\/11\/bolsa-familia-governo-finalmente-libera-novo-calendario-de-julho.png?fit=1200%2C638&ssl=1&resize=700%2C400 2x, https:\/\/i0.wp.com\/ismaelcolosi.com.br\/wp-content\/uploads\/2023\/11\/bolsa-familia-governo-finalmente-libera-novo-calendario-de-julho.png?fit=1200%2C638&ssl=1&resize=1050%2C600 3x"},"classes":[]},{"id":2483,"url":"https:\/\/ismaelcolosi.com.br\/index.php\/2023\/11\/15\/bolsa-familia-com-valor-extra-no-natal-surpreende-veja-quem-recebe\/","url_meta":{"origin":6747,"position":4},"title":"Bolsa Fam\u00edlia com valor extra no Natal SURPREENDE; veja quem recebe","author":"ismaelcolosi.com.br","date":"15 de November de 2023","format":false,"excerpt":"Recentemente, uma excelente not\u00edcia chegou aos benefici\u00e1rios do Bolsa Fam\u00edlia, com a confirma\u00e7\u00e3o do t\u00e3o aguardado abono de natal para o ano de 2023. Esta medida visa beneficiar aproximadamente 695 mil fam\u00edlias paraibanas que est\u00e3o inscritas no programa social. Infelizmente, n\u00e3o h\u00e1 previs\u00e3o para pagamento aos benefici\u00e1rios de outros estados.\u2026","rel":"","context":"In &quot;Variedades&quot;","block_context":{"text":"Variedades","link":"https:\/\/ismaelcolosi.com.br\/index.php\/category\/variedades\/"},"img":{"alt_text":"","src":"https:\/\/i0.wp.com\/ismaelcolosi.com.br\/wp-content\/uploads\/2023\/11\/bolsa-familia-faz-ultimo-pagamento-do-mes-hoje.jpg?fit=1200%2C638&ssl=1&resize=350%2C200","width":350,"height":200,"srcset":"https:\/\/i0.wp.com\/ismaelcolosi.com.br\/wp-content\/uploads\/2023\/11\/bolsa-familia-faz-ultimo-pagamento-do-mes-hoje.jpg?fit=1200%2C638&ssl=1&resize=350%2C200 1x, https:\/\/i0.wp.com\/ismaelcolosi.com.br\/wp-content\/uploads\/2023\/11\/bolsa-familia-faz-ultimo-pagamento-do-mes-hoje.jpg?fit=1200%2C638&ssl=1&resize=525%2C300 1.5x, https:\/\/i0.wp.com\/ismaelcolosi.com.br\/wp-content\/uploads\/2023\/11\/bolsa-familia-faz-ultimo-pagamento-do-mes-hoje.jpg?fit=1200%2C638&ssl=1&resize=700%2C400 2x, https:\/\/i0.wp.com\/ismaelcolosi.com.br\/wp-content\/uploads\/2023\/11\/bolsa-familia-faz-ultimo-pagamento-do-mes-hoje.jpg?fit=1200%2C638&ssl=1&resize=1050%2C600 3x"},"classes":[]},{"id":13693,"url":"https:\/\/ismaelcolosi.com.br\/index.php\/2023\/12\/11\/o-calendario-do-bolsa-familia-de-dezembro-esta-surpreendente\/","url_meta":{"origin":6747,"position":5},"title":"O calend\u00e1rio do Bolsa Fam\u00edlia de dezembro est\u00e1 SURPREENDENTE","author":"ismaelcolosi.com.br","date":"11 de December de 2023","format":false,"excerpt":"O governo federal anunciou o calend\u00e1rio de pagamento do programa Bolsa Fam\u00edlia para o m\u00eas de dezembro. De acordo com o planejamento do Governo Federal, os pagamentos ter\u00e3o in\u00edcio no dia 11 e se estender\u00e3o at\u00e9 o dia 22, antecipando os pagamentos para o Natal.Cr\u00e9ditos: Ag\u00eancia Brasil\/Marcello Casal JrO calend\u00e1rio\u2026","rel":"","context":"In &quot;Variedades&quot;","block_context":{"text":"Variedades","link":"https:\/\/ismaelcolosi.com.br\/index.php\/category\/variedades\/"},"img":{"alt_text":"","src":"https:\/\/i0.wp.com\/ismaelcolosi.com.br\/wp-content\/uploads\/2023\/12\/governo-bloqueia-12-milhao-de-usuarios-do-bolsa-familia-hoje.png?fit=1200%2C638&ssl=1&resize=350%2C200","width":350,"height":200,"srcset":"https:\/\/i0.wp.com\/ismaelcolosi.com.br\/wp-content\/uploads\/2023\/12\/governo-bloqueia-12-milhao-de-usuarios-do-bolsa-familia-hoje.png?fit=1200%2C638&ssl=1&resize=350%2C200 1x, https:\/\/i0.wp.com\/ismaelcolosi.com.br\/wp-content\/uploads\/2023\/12\/governo-bloqueia-12-milhao-de-usuarios-do-bolsa-familia-hoje.png?fit=1200%2C638&ssl=1&resize=525%2C300 1.5x, https:\/\/i0.wp.com\/ismaelcolosi.com.br\/wp-content\/uploads\/2023\/12\/governo-bloqueia-12-milhao-de-usuarios-do-bolsa-familia-hoje.png?fit=1200%2C638&ssl=1&resize=700%2C400 2x, https:\/\/i0.wp.com\/ismaelcolosi.com.br\/wp-content\/uploads\/2023\/12\/governo-bloqueia-12-milhao-de-usuarios-do-bolsa-familia-hoje.png?fit=1200%2C638&ssl=1&resize=1050%2C600 3x"},"classes":[]}],"jetpack_sharing_enabled":true,"jetpack_shortlink":"https:\/\/wp.me\/pfMlyK-1KP","_links":{"self":[{"href":"https:\/\/ismaelcolosi.com.br\/index.php\/wp-json\/wp\/v2\/posts\/6747","targetHints":{"allow":["GET"]}}],"collection":[{"href":"https:\/\/ismaelcolosi.com.br\/index.php\/wp-json\/wp\/v2\/posts"}],"about":[{"href":"https:\/\/ismaelcolosi.com.br\/index.php\/wp-json\/wp\/v2\/types\/post"}],"author":[{"embeddable":true,"href":"https:\/\/ismaelcolosi.com.br\/index.php\/wp-json\/wp\/v2\/users\/1"}],"replies":[{"embeddable":true,"href":"https:\/\/ismaelcolosi.com.br\/index.php\/wp-json\/wp\/v2\/comments?post=6747"}],"version-history":[{"count":0,"href":"https:\/\/ismaelcolosi.com.br\/index.php\/wp-json\/wp\/v2\/posts\/6747\/revisions"}],"wp:featuredmedia":[{"embeddable":true,"href":"https:\/\/ismaelcolosi.com.br\/index.php\/wp-json\/wp\/v2\/media\/6748"}],"wp:attachment":[{"href":"https:\/\/ismaelcolosi.com.br\/index.php\/wp-json\/wp\/v2\/media?parent=6747"}],"wp:term":[{"taxonomy":"category","embeddable":true,"href":"https:\/\/ismaelcolosi.com.br\/index.php\/wp-json\/wp\/v2\/categories?post=6747"},{"taxonomy":"post_tag","embeddable":true,"href":"https:\/\/ismaelcolosi.com.br\/index.php\/wp-json\/wp\/v2\/tags?post=6747"}],"curies":[{"name":"wp","href":"https:\/\/api.w.org\/{rel}","templated":true}]}}