{"id":6741,"date":"2023-11-26T18:46:19","date_gmt":"2023-11-26T21:46:19","guid":{"rendered":"https:\/\/ismaelcolosi.com.br\/index.php\/2023\/11\/26\/mec-prorroga-inscricoes-para-vagas-remanescentes-do-fies\/"},"modified":"2023-11-26T18:46:19","modified_gmt":"2023-11-26T21:46:19","slug":"mec-prorroga-inscricoes-para-vagas-remanescentes-do-fies","status":"publish","type":"post","link":"https:\/\/ismaelcolosi.com.br\/index.php\/2023\/11\/26\/mec-prorroga-inscricoes-para-vagas-remanescentes-do-fies\/","title":{"rendered":"MEC prorroga inscri\u00e7\u00f5es para vagas remanescentes do Fies"},"content":{"rendered":"<p> <br \/>\n<\/p>\n<div>\n<p>O prazo de inscri\u00e7\u00e3o para as vagas remanescentes do <a href=\"https:\/\/catracalivre.com.br\/educacao\/fies-vagas-remanescentes\/\" target=\"_blank\" rel=\"noopener\">Fundo de Financiamento Estudantil<\/a> (Fies) foi estendido at\u00e9 30 de novembro pelo <a href=\"http:\/\/portal.mec.gov.br\/\" target=\"_blank\" rel=\"noopener\">Minist\u00e9rio da Educa\u00e7\u00e3o (MEC)<\/a>. A inscri\u00e7\u00e3o \u00e9 gratuita e deve ser efetuada exclusivamente on-line, por meio do <a href=\"https:\/\/acessounico.mec.gov.br\/fies\" target=\"_blank\" rel=\"noopener\">Portal de Acesso \u00danico ao Ensino Superior<\/a>.<\/p>\n<div id=\"attachment_2314311\" class=\"wp-caption aligncenter\">\n<div class=\"d-flex justify-content-center\" data-attachment-id=\"2314311\">\n<div class=\"position-relative d-inline-block\"><img data-recalc-dims=\"1\" data-portal-copyright=\" Divulga\u00e7\u00e3o\/ MEC\" decoding=\"async\" fetchpriority=\"high\" class=\"size-full wp-image-2314311\" src=\"https:\/\/i0.wp.com\/catracalivre.com.br\/wp-content\/uploads\/2023\/11\/fies-2.jpg?resize=825%2C514&#038;ssl=1\" alt=\"Inscri\u00e7\u00f5es para vagas remanescentes do\u202fFies v\u00e3o at\u00e9 30 de novembro\" width=\"825\" height=\"514\" srcset=\"https:\/\/catracalivre.com.br\/wp-content\/uploads\/2023\/11\/fies-2.jpg 825w, https:\/\/catracalivre.com.br\/wp-content\/uploads\/2023\/11\/fies-2-450x280.jpg 450w, https:\/\/catracalivre.com.br\/wp-content\/uploads\/2023\/11\/fies-2-768x478.jpg 768w\" sizes=\"(max-width: 825px) 100vw, 825px\"\/><\/p>\n<p>Cr\u00e9ditos: Divulga\u00e7\u00e3o\/ MEC<\/p>\n<\/div>\n<\/div>\n<p><span class=\"post-imagem__legenda\">Inscri\u00e7\u00f5es para vagas remanescentes do\u202fFies v\u00e3o at\u00e9 30 de novembro<\/span><\/p>\n<\/div>\n<p>Os resultados da pr\u00e9-sele\u00e7\u00e3o em chamada \u00fanica e da lista de espera ser\u00e3o revelados em 4 de dezembro.<\/p>\n<p>Est\u00e3o aptos a se inscrever todos os estudantes com matr\u00edcula ativa, que estejam cursando regularmente o mesmo curso, turno e localidade da institui\u00e7\u00e3o de ensino participante do Fies nesta edi\u00e7\u00e3o.<\/p>\n<p>Vale lembrar que \u00e9 necess\u00e1rio que os estudantes atendam \u00e0s demais condi\u00e7\u00f5es do programa, incluindo a exig\u00eancia de renda familiar mensal bruta per capita de at\u00e9 tr\u00eas sal\u00e1rios-m\u00ednimos.<\/p>\n<p>Os selecionados ter\u00e3o a oportunidade de contratar o financiamento a partir de julho de 2023, cobrindo todo o segundo semestre do ano.<\/p>\n<p>Segundo <a href=\"https:\/\/agenciagov.ebc.com.br\/noticias\/202311\/inscricoes-para-vagas-remanescentes-dofies-vao-ate-30-11\" target=\"_blank\" rel=\"noopener\">divulgado pelo governo<\/a>, com o Fies Vagas Remanescentes, mesmo os alunos n\u00e3o inadimplentes na institui\u00e7\u00e3o de ensino podem financiar seus estudos. Nesse cen\u00e1rio, \u00e9 poss\u00edvel at\u00e9 mesmo reaver valores j\u00e1 pagos durante esse per\u00edodo, se assim desejarem.<\/p>\n<h3>Fies<\/h3>\n<div id=\"attachment_2312820\" class=\"wp-caption alignnone\">\n<div class=\"d-flex justify-content-center\" data-attachment-id=\"2312820\">\n<div class=\"position-relative d-inline-block\"><img data-recalc-dims=\"1\" loading=\"lazy\" data-portal-copyright=\"Reprodu\u00e7\u00e3o\/Fies\" decoding=\"async\" class=\"size-full wp-image-2312820\" src=\"https:\/\/i0.wp.com\/catracalivre.com.br\/wp-content\/uploads\/2023\/11\/fies-1.jpg?resize=844%2C561&#038;ssl=1\" alt=\"As inscri\u00e7\u00f5es para as vagas remanescentes do Fundo de Financiamento Estudantil (Fies) est\u00e3o abertas at\u00e9 30 de novembro\" width=\"844\" height=\"561\" srcset=\"https:\/\/catracalivre.com.br\/wp-content\/uploads\/2023\/11\/fies-1.jpg 844w, https:\/\/catracalivre.com.br\/wp-content\/uploads\/2023\/11\/fies-1-450x299.jpg 450w, https:\/\/catracalivre.com.br\/wp-content\/uploads\/2023\/11\/fies-1-768x510.jpg 768w\" sizes=\"auto, (max-width: 844px) 100vw, 844px\"\/><\/p>\n<p>Cr\u00e9ditos: Reprodu\u00e7\u00e3o\/Fies<\/p>\n<\/div>\n<\/div>\n<p><span class=\"post-imagem__legenda\">As inscri\u00e7\u00f5es para as vagas remanescentes do Fundo de Financiamento Estudantil (Fies) est\u00e3o abertas at\u00e9 30 de novembro<\/span><\/p>\n<\/div>\n<p>Cerca de 60 mil vagas est\u00e3o dispon\u00edveis agora, marcando a retomada do Fies Vagas Remanescentes, que estava suspenso desde 2021.<\/p>\n<p>Os candidatos ser\u00e3o escolhidos com base na classifica\u00e7\u00e3o de suas notas no Exame Nacional do Ensino M\u00e9dio (Enem), considerando as edi\u00e7\u00f5es a partir de 2010.<\/p>\n<p>A pontua\u00e7\u00e3o m\u00ednima requerida \u00e9 de 450 pontos na m\u00e9dia das cinco provas do Enem, al\u00e9m de nota superior a zero na prova de reda\u00e7\u00e3o.<\/p>\n<p><em>*Com informa\u00e7\u00f5es da <a href=\"https:\/\/agenciagov.ebc.com.br\/noticias\/202311\/inscricoes-para-vagas-remanescentes-dofies-vao-ate-30-11\" target=\"_blank\" rel=\"noopener\">Ag\u00eancia Gov<\/a>.<\/em><\/p>\n<\/div>\n<p><script>\n\t\t! function(f, b, e, v, n, t, s) {\n\t\t\tif (f.fbq) return;\n\t\t\tn = f.fbq = function() {\n\t\t\t\tn.callMethod ?\n\t\t\t\t\tn.callMethod.apply(n, arguments) : n.queue.push(arguments)\n\t\t\t};\n\t\t\tif (!f._fbq) f._fbq = n;\n\t\t\tn.push = n;\n\t\t\tn.loaded = !0;\n\t\t\tn.version = '2.0';\n\t\t\tn.queue = [];\n\t\t\tt = b.createElement(e);\n\t\t\tt.async = !0;\n\t\t\tt.src = v;\n\t\t\ts = b.getElementsByTagName(e)[0];\n\t\t\ts.parentNode.insertBefore(t, s)\n\t\t}(window, document, 'script',\n\t\t\t'https:\/\/connect.facebook.net\/en_US\/fbevents.js');\n\t\tfbq('init', '338315473262380');\n\t\tfbq('track', 'PageView');\n\t<\/script><br \/>\n<br \/><br \/>\n<br \/><a href=\"https:\/\/catracalivre.com.br\/educacao\/mec-vagas-fies\/\">Source link <\/a><\/p>\n<div class='code-block code-block-4' style='margin: 8px auto 8px 0; text-align: left; display: block; clear: both;'>\n\ud83d\udce2 Aviso Legal\n\nO site ismaelcolosi.com.br atua apenas como um canal de divulga\u00e7\u00e3o de oportunidades de emprego e n\u00e3o se responsabiliza pelo processo seletivo, contrata\u00e7\u00e3o ou qualquer outra etapa relacionada \u00e0s vagas publicadas. Todas as informa\u00e7\u00f5es s\u00e3o de responsabilidade dos anunciantes.\n\n\u26a0\ufe0f Aten\u00e7\u00e3o! Nunca pague por promessas de emprego nem compre cursos que garantam contrata\u00e7\u00e3o. Desconfie de qualquer cobran\u00e7a para participar de sele\u00e7\u00f5es.\n\n\n\n<\/div>\n<!-- CONTENT END 1 -->\n","protected":false},"excerpt":{"rendered":"<p>O prazo de inscri\u00e7\u00e3o para as vagas remanescentes do Fundo de Financiamento Estudantil (Fies) foi estendido at\u00e9 30 de novembro pelo Minist\u00e9rio da Educa\u00e7\u00e3o (MEC)&#8230;.<\/p>\n","protected":false},"author":1,"featured_media":6742,"comment_status":"open","ping_status":"open","sticky":false,"template":"","format":"standard","meta":{"_uag_custom_page_level_css":"","advanced_seo_description":"","jetpack_seo_html_title":"","jetpack_seo_noindex":false,"jetpack_post_was_ever_published":false,"_jetpack_newsletter_access":"","_jetpack_dont_email_post_to_subs":false,"_jetpack_newsletter_tier_id":0,"_jetpack_memberships_contains_paywalled_content":false,"_jetpack_memberships_contains_paid_content":false,"footnotes":"","jetpack_publicize_message":"","jetpack_publicize_feature_enabled":true,"jetpack_social_post_already_shared":true,"jetpack_social_options":{"image_generator_settings":{"template":"highway","default_image_id":0,"font":"","enabled":false},"version":2}},"categories":[19],"tags":[],"class_list":["post-6741","post","type-post","status-publish","format-standard","has-post-thumbnail","hentry","category-variedades"],"jetpack_publicize_connections":[],"jetpack_featured_media_url":"https:\/\/i0.wp.com\/ismaelcolosi.com.br\/wp-content\/uploads\/2023\/11\/fies-2.jpg?fit=1200%2C638&ssl=1","uagb_featured_image_src":{"full":["https:\/\/i0.wp.com\/ismaelcolosi.com.br\/wp-content\/uploads\/2023\/11\/fies-2.jpg?fit=1200%2C638&ssl=1",1200,638,false],"thumbnail":["https:\/\/i0.wp.com\/ismaelcolosi.com.br\/wp-content\/uploads\/2023\/11\/fies-2.jpg?resize=150%2C150&ssl=1",150,150,true],"medium":["https:\/\/i0.wp.com\/ismaelcolosi.com.br\/wp-content\/uploads\/2023\/11\/fies-2.jpg?fit=300%2C160&ssl=1",300,160,true],"medium_large":["https:\/\/i0.wp.com\/ismaelcolosi.com.br\/wp-content\/uploads\/2023\/11\/fies-2.jpg?fit=768%2C408&ssl=1",768,408,true],"large":["https:\/\/i0.wp.com\/ismaelcolosi.com.br\/wp-content\/uploads\/2023\/11\/fies-2.jpg?fit=1024%2C544&ssl=1",1024,544,true],"1536x1536":["https:\/\/i0.wp.com\/ismaelcolosi.com.br\/wp-content\/uploads\/2023\/11\/fies-2.jpg?fit=1200%2C638&ssl=1",1200,638,true],"2048x2048":["https:\/\/i0.wp.com\/ismaelcolosi.com.br\/wp-content\/uploads\/2023\/11\/fies-2.jpg?fit=1200%2C638&ssl=1",1200,638,true],"really-simple-thumb":["https:\/\/i0.wp.com\/ismaelcolosi.com.br\/wp-content\/uploads\/2023\/11\/fies-2.jpg?resize=370%2C247&ssl=1",370,247,true]},"uagb_author_info":{"display_name":"ismaelcolosi.com.br","author_link":"https:\/\/ismaelcolosi.com.br\/index.php\/author\/vidareal-online\/"},"uagb_comment_info":0,"uagb_excerpt":"O prazo de inscri\u00e7\u00e3o para as vagas remanescentes do Fundo de Financiamento Estudantil (Fies) foi estendido at\u00e9 30 de novembro pelo Minist\u00e9rio da Educa\u00e7\u00e3o (MEC)....","jetpack-related-posts":[{"id":7066,"url":"https:\/\/ismaelcolosi.com.br\/index.php\/2023\/11\/27\/inscricoes-para-vagas-remanescentes-do-fies-terminam-nesta-quinta-30\/","url_meta":{"origin":6741,"position":0},"title":"Inscri\u00e7\u00f5es para vagas remanescentes do Fies terminam nesta quinta, 30","author":"ismaelcolosi.com.br","date":"27 de November de 2023","format":false,"excerpt":"27 de novembro de 2023 | 14:0027 de novembro de 2023 | 12:25 0O per\u00edodo de inscri\u00e7\u00e3o\u202fpara vagas remanescentes do Fundo de Financiamento Estudantil (Fies) termina na pr\u00f3xima quinta-feira (30). O prazo chegou a ser prorrogado pelo Minist\u00e9rio da Educa\u00e7\u00e3o (MEC). As inscri\u00e7\u00f5es\u202fs\u00e3o gratuitas e\u202fdevem ser\u202ffeitas exclusivamente por meio do\u00a0Portal\u202fde\u2026","rel":"","context":"In &quot;Not\u00edcias de Ribeir\u00e3o Preto-SP e Regi\u00e3o&quot;","block_context":{"text":"Not\u00edcias de Ribeir\u00e3o Preto-SP e Regi\u00e3o","link":"https:\/\/ismaelcolosi.com.br\/index.php\/category\/noticias-de-ribeirao-preto-sp-e-regiao-ismael-colosi\/"},"img":{"alt_text":"","src":"https:\/\/i0.wp.com\/ismaelcolosi.com.br\/wp-content\/uploads\/2023\/11\/fies.jpg?fit=1170%2C700&ssl=1&resize=350%2C200","width":350,"height":200,"srcset":"https:\/\/i0.wp.com\/ismaelcolosi.com.br\/wp-content\/uploads\/2023\/11\/fies.jpg?fit=1170%2C700&ssl=1&resize=350%2C200 1x, https:\/\/i0.wp.com\/ismaelcolosi.com.br\/wp-content\/uploads\/2023\/11\/fies.jpg?fit=1170%2C700&ssl=1&resize=525%2C300 1.5x, https:\/\/i0.wp.com\/ismaelcolosi.com.br\/wp-content\/uploads\/2023\/11\/fies.jpg?fit=1170%2C700&ssl=1&resize=700%2C400 2x, https:\/\/i0.wp.com\/ismaelcolosi.com.br\/wp-content\/uploads\/2023\/11\/fies.jpg?fit=1170%2C700&ssl=1&resize=1050%2C600 3x"},"classes":[]},{"id":77717,"url":"https:\/\/ismaelcolosi.com.br\/index.php\/2024\/11\/27\/estudante-de-ensino-superior-privado-ainda-pode-se-inscrever-no-fies\/","url_meta":{"origin":6741,"position":1},"title":"Estudante de ensino superior privado ainda pode se inscrever no Fies","author":"ismaelcolosi.com.br","date":"27 de November de 2024","format":false,"excerpt":"27 de novembro de 202427 de novembro de 202412 Compartilhar0 As inscri\u00e7\u00f5es para vagas remanescentes do Fundo de Financiamento Estudantil (Fies) do Minist\u00e9rio da Educa\u00e7\u00e3o (MEC) podem ser feitas at\u00e9 sexta-feira (29). Os interessados devem se inscrever exclusivamente pela internet, no\u00a0Portal Acesso \u00danico ao Ensino Superior, no m\u00f3dulo do Fies.\u2026","rel":"","context":"In &quot;Not\u00edcias de Ribeir\u00e3o Preto-SP e Regi\u00e3o&quot;","block_context":{"text":"Not\u00edcias de Ribeir\u00e3o Preto-SP e Regi\u00e3o","link":"https:\/\/ismaelcolosi.com.br\/index.php\/category\/noticias-de-ribeirao-preto-sp-e-regiao-ismael-colosi\/"},"img":{"alt_text":"","src":"https:\/\/i0.wp.com\/ismaelcolosi.com.br\/wp-content\/uploads\/2024\/11\/fies-app_00769119_0_-B7m7Zo-696x400-1-scaled.jpeg?fit=800%2C450&ssl=1&resize=350%2C200","width":350,"height":200,"srcset":"https:\/\/i0.wp.com\/ismaelcolosi.com.br\/wp-content\/uploads\/2024\/11\/fies-app_00769119_0_-B7m7Zo-696x400-1-scaled.jpeg?fit=800%2C450&ssl=1&resize=350%2C200 1x, https:\/\/i0.wp.com\/ismaelcolosi.com.br\/wp-content\/uploads\/2024\/11\/fies-app_00769119_0_-B7m7Zo-696x400-1-scaled.jpeg?fit=800%2C450&ssl=1&resize=525%2C300 1.5x, https:\/\/i0.wp.com\/ismaelcolosi.com.br\/wp-content\/uploads\/2024\/11\/fies-app_00769119_0_-B7m7Zo-696x400-1-scaled.jpeg?fit=800%2C450&ssl=1&resize=700%2C400 2x"},"classes":[]},{"id":37670,"url":"https:\/\/ismaelcolosi.com.br\/index.php\/2024\/02\/17\/fies-social-atendera-alunos-de-baixa-renda\/","url_meta":{"origin":6741,"position":2},"title":"Fies Social atender\u00e1 alunos de baixa renda\u00a0","author":"ismaelcolosi.com.br","date":"17 de February de 2024","format":false,"excerpt":"17 de fevereiro de 2024 | 16:0017 de fevereiro de 2024 | 9:21 0O Minist\u00e9rio da Educa\u00e7\u00e3o (MEC) lan\u00e7ou nova vers\u00e3o do Fundo de Financiamento Estudantil, o Fies Social, que vai custear 100% em institui\u00e7\u00e3o de ensino superior, aos estudantes com renda familiar de at\u00e9 meio sal\u00e1rio m\u00ednimo e inscritos\u2026","rel":"","context":"In &quot;Not\u00edcias de Ribeir\u00e3o Preto-SP e Regi\u00e3o&quot;","block_context":{"text":"Not\u00edcias de Ribeir\u00e3o Preto-SP e Regi\u00e3o","link":"https:\/\/ismaelcolosi.com.br\/index.php\/category\/noticias-de-ribeirao-preto-sp-e-regiao-ismael-colosi\/"},"img":{"alt_text":"","src":"https:\/\/i0.wp.com\/ismaelcolosi.com.br\/wp-content\/uploads\/2024\/02\/Fies-Marcos-Santos-USP-Imagens-scaled.jpg?fit=1000%2C608&ssl=1&resize=350%2C200","width":350,"height":200,"srcset":"https:\/\/i0.wp.com\/ismaelcolosi.com.br\/wp-content\/uploads\/2024\/02\/Fies-Marcos-Santos-USP-Imagens-scaled.jpg?fit=1000%2C608&ssl=1&resize=350%2C200 1x, https:\/\/i0.wp.com\/ismaelcolosi.com.br\/wp-content\/uploads\/2024\/02\/Fies-Marcos-Santos-USP-Imagens-scaled.jpg?fit=1000%2C608&ssl=1&resize=525%2C300 1.5x, https:\/\/i0.wp.com\/ismaelcolosi.com.br\/wp-content\/uploads\/2024\/02\/Fies-Marcos-Santos-USP-Imagens-scaled.jpg?fit=1000%2C608&ssl=1&resize=700%2C400 2x"},"classes":[]},{"id":42744,"url":"https:\/\/ismaelcolosi.com.br\/index.php\/2024\/03\/16\/mec-prorrogada-prazo-para-as-inscricoes-no-fies\/","url_meta":{"origin":6741,"position":3},"title":"MEC prorrogada prazo para as inscri\u00e7\u00f5es no Fies","author":"ismaelcolosi.com.br","date":"16 de March de 2024","format":false,"excerpt":"Foi prorrogado pelo MEC (Minist\u00e9rio da Educa\u00e7\u00e3o) o prazo para as inscri\u00e7\u00f5es do Fies (Fundo de Financiamento Estudantil) at\u00e9 \u00e0s 23h59 de segunda-feira (18). As inscri\u00e7\u00f5es aos estudantes que queiram financiar o curso de gradua\u00e7\u00e3o em institui\u00e7\u00f5es privadas devem ser feitas pelo Portal \u00danico de Acesso ao Ensino Superior. As\u2026","rel":"","context":"In &quot;Not\u00edcias de Ribeir\u00e3o Preto-SP e Regi\u00e3o&quot;","block_context":{"text":"Not\u00edcias de Ribeir\u00e3o Preto-SP e Regi\u00e3o","link":"https:\/\/ismaelcolosi.com.br\/index.php\/category\/noticias-de-ribeirao-preto-sp-e-regiao-ismael-colosi\/"},"img":{"alt_text":"","src":"https:\/\/i0.wp.com\/ismaelcolosi.com.br\/wp-content\/uploads\/2024\/03\/Copia-de-Copia-de-TAMANHO-EXATO-PARA-FOTOS-NO-SISTEMA-NOVO-60.jpg?fit=1200%2C675&ssl=1&resize=350%2C200","width":350,"height":200,"srcset":"https:\/\/i0.wp.com\/ismaelcolosi.com.br\/wp-content\/uploads\/2024\/03\/Copia-de-Copia-de-TAMANHO-EXATO-PARA-FOTOS-NO-SISTEMA-NOVO-60.jpg?fit=1200%2C675&ssl=1&resize=350%2C200 1x, https:\/\/i0.wp.com\/ismaelcolosi.com.br\/wp-content\/uploads\/2024\/03\/Copia-de-Copia-de-TAMANHO-EXATO-PARA-FOTOS-NO-SISTEMA-NOVO-60.jpg?fit=1200%2C675&ssl=1&resize=525%2C300 1.5x, https:\/\/i0.wp.com\/ismaelcolosi.com.br\/wp-content\/uploads\/2024\/03\/Copia-de-Copia-de-TAMANHO-EXATO-PARA-FOTOS-NO-SISTEMA-NOVO-60.jpg?fit=1200%2C675&ssl=1&resize=700%2C400 2x, https:\/\/i0.wp.com\/ismaelcolosi.com.br\/wp-content\/uploads\/2024\/03\/Copia-de-Copia-de-TAMANHO-EXATO-PARA-FOTOS-NO-SISTEMA-NOVO-60.jpg?fit=1200%2C675&ssl=1&resize=1050%2C600 3x"},"classes":[]},{"id":41986,"url":"https:\/\/ismaelcolosi.com.br\/index.php\/2024\/03\/12\/inscricoes-para-o-fies-comecam-nesta-terca-feira-veja-quem-pode-participar\/","url_meta":{"origin":6741,"position":4},"title":"Inscri\u00e7\u00f5es para o Fies come\u00e7am nesta ter\u00e7a-feira; Veja quem pode participar","author":"ismaelcolosi.com.br","date":"12 de March de 2024","format":false,"excerpt":"Come\u00e7am nesta ter\u00e7a-feira (12) as inscri\u00e7\u00f5es para estudantes que t\u00eam interesse em participarem do Fies (Fundo de Financiamento Estudantil), que oferece a oportunidade de financiar cursos de gradua\u00e7\u00e3o em institui\u00e7\u00f5es privadas. Para este ano, o MEC (Minist\u00e9rio da Educa\u00e7\u00e3o) ir\u00e1 oferecer 112.168 vagas para o processo seletivo. As inscri\u00e7\u00f5es podem\u2026","rel":"","context":"In &quot;Not\u00edcias de Ribeir\u00e3o Preto-SP e Regi\u00e3o&quot;","block_context":{"text":"Not\u00edcias de Ribeir\u00e3o Preto-SP e Regi\u00e3o","link":"https:\/\/ismaelcolosi.com.br\/index.php\/category\/noticias-de-ribeirao-preto-sp-e-regiao-ismael-colosi\/"},"img":{"alt_text":"","src":"https:\/\/i0.wp.com\/ismaelcolosi.com.br\/wp-content\/uploads\/2024\/03\/Copia-de-Copia-de-TAMANHO-EXATO-PARA-FOTOS-NO-SISTEMA-NOVO-41.jpg?fit=1200%2C675&ssl=1&resize=350%2C200","width":350,"height":200,"srcset":"https:\/\/i0.wp.com\/ismaelcolosi.com.br\/wp-content\/uploads\/2024\/03\/Copia-de-Copia-de-TAMANHO-EXATO-PARA-FOTOS-NO-SISTEMA-NOVO-41.jpg?fit=1200%2C675&ssl=1&resize=350%2C200 1x, https:\/\/i0.wp.com\/ismaelcolosi.com.br\/wp-content\/uploads\/2024\/03\/Copia-de-Copia-de-TAMANHO-EXATO-PARA-FOTOS-NO-SISTEMA-NOVO-41.jpg?fit=1200%2C675&ssl=1&resize=525%2C300 1.5x, https:\/\/i0.wp.com\/ismaelcolosi.com.br\/wp-content\/uploads\/2024\/03\/Copia-de-Copia-de-TAMANHO-EXATO-PARA-FOTOS-NO-SISTEMA-NOVO-41.jpg?fit=1200%2C675&ssl=1&resize=700%2C400 2x, https:\/\/i0.wp.com\/ismaelcolosi.com.br\/wp-content\/uploads\/2024\/03\/Copia-de-Copia-de-TAMANHO-EXATO-PARA-FOTOS-NO-SISTEMA-NOVO-41.jpg?fit=1200%2C675&ssl=1&resize=1050%2C600 3x"},"classes":[]},{"id":42476,"url":"https:\/\/ismaelcolosi.com.br\/index.php\/2024\/03\/14\/inscricoes-ao-fies-terminam-nesta-sexta15\/","url_meta":{"origin":6741,"position":5},"title":"Inscri\u00e7\u00f5es ao Fies terminam nesta sexta,15","author":"ismaelcolosi.com.br","date":"14 de March de 2024","format":false,"excerpt":"14 de mar\u00e7o de 2024 | 18:0014 de mar\u00e7o de 2024 | 9:14 0As inscri\u00e7\u00f5es para o Fundo de Financiamento Estudantil (Fies) terminam nesta sexta-feira, 15 de mar\u00e7o, prazo para que os interessados entreguem a documenta\u00e7\u00e3o. Para se inscrever, \u00e9 necess\u00e1rio que o estudante tenha participado do Exame Nacional do\u2026","rel":"","context":"In &quot;Not\u00edcias de Ribeir\u00e3o Preto-SP e Regi\u00e3o&quot;","block_context":{"text":"Not\u00edcias de Ribeir\u00e3o Preto-SP e Regi\u00e3o","link":"https:\/\/ismaelcolosi.com.br\/index.php\/category\/noticias-de-ribeirao-preto-sp-e-regiao-ismael-colosi\/"},"img":{"alt_text":"","src":"https:\/\/i0.wp.com\/ismaelcolosi.com.br\/wp-content\/uploads\/2024\/03\/Fies-Marcello-Casal-Jr.-Ag.Br_-scaled.jpg?fit=1000%2C598&ssl=1&resize=350%2C200","width":350,"height":200,"srcset":"https:\/\/i0.wp.com\/ismaelcolosi.com.br\/wp-content\/uploads\/2024\/03\/Fies-Marcello-Casal-Jr.-Ag.Br_-scaled.jpg?fit=1000%2C598&ssl=1&resize=350%2C200 1x, https:\/\/i0.wp.com\/ismaelcolosi.com.br\/wp-content\/uploads\/2024\/03\/Fies-Marcello-Casal-Jr.-Ag.Br_-scaled.jpg?fit=1000%2C598&ssl=1&resize=525%2C300 1.5x, https:\/\/i0.wp.com\/ismaelcolosi.com.br\/wp-content\/uploads\/2024\/03\/Fies-Marcello-Casal-Jr.-Ag.Br_-scaled.jpg?fit=1000%2C598&ssl=1&resize=700%2C400 2x"},"classes":[]}],"jetpack_sharing_enabled":true,"jetpack_shortlink":"https:\/\/wp.me\/pfMlyK-1KJ","_links":{"self":[{"href":"https:\/\/ismaelcolosi.com.br\/index.php\/wp-json\/wp\/v2\/posts\/6741","targetHints":{"allow":["GET"]}}],"collection":[{"href":"https:\/\/ismaelcolosi.com.br\/index.php\/wp-json\/wp\/v2\/posts"}],"about":[{"href":"https:\/\/ismaelcolosi.com.br\/index.php\/wp-json\/wp\/v2\/types\/post"}],"author":[{"embeddable":true,"href":"https:\/\/ismaelcolosi.com.br\/index.php\/wp-json\/wp\/v2\/users\/1"}],"replies":[{"embeddable":true,"href":"https:\/\/ismaelcolosi.com.br\/index.php\/wp-json\/wp\/v2\/comments?post=6741"}],"version-history":[{"count":0,"href":"https:\/\/ismaelcolosi.com.br\/index.php\/wp-json\/wp\/v2\/posts\/6741\/revisions"}],"wp:featuredmedia":[{"embeddable":true,"href":"https:\/\/ismaelcolosi.com.br\/index.php\/wp-json\/wp\/v2\/media\/6742"}],"wp:attachment":[{"href":"https:\/\/ismaelcolosi.com.br\/index.php\/wp-json\/wp\/v2\/media?parent=6741"}],"wp:term":[{"taxonomy":"category","embeddable":true,"href":"https:\/\/ismaelcolosi.com.br\/index.php\/wp-json\/wp\/v2\/categories?post=6741"},{"taxonomy":"post_tag","embeddable":true,"href":"https:\/\/ismaelcolosi.com.br\/index.php\/wp-json\/wp\/v2\/tags?post=6741"}],"curies":[{"name":"wp","href":"https:\/\/api.w.org\/{rel}","templated":true}]}}