{"id":6739,"date":"2023-11-26T18:00:15","date_gmt":"2023-11-26T21:00:15","guid":{"rendered":"https:\/\/ismaelcolosi.com.br\/index.php\/2023\/11\/26\/parque-raya-vai-fechar-para-rocada-nesta-segunda-27\/"},"modified":"2023-11-26T18:00:15","modified_gmt":"2023-11-26T21:00:15","slug":"parque-raya-vai-fechar-para-rocada-nesta-segunda-27","status":"publish","type":"post","link":"https:\/\/ismaelcolosi.com.br\/index.php\/2023\/11\/26\/parque-raya-vai-fechar-para-rocada-nesta-segunda-27\/","title":{"rendered":"Parque Raya vai fechar para ro\u00e7ada\u00a0nesta segunda (27)"},"content":{"rendered":"<p> <br \/>\n<\/p>\n<div id=\"post-365262\">\n<header class=\"entry-header penci-entry-header penci-title-center\">\n<p> <span class=\"entry-meta-item penci-posted-on\"><i class=\"fa fa-clock-o\"\/><time class=\"entry-date published\" datetime=\"2023-11-26T18:00:15-03:00\">26 de novembro de 2023 | 18:00<\/time><time class=\"updated\" datetime=\"2023-11-26T12:30:49-03:00\">26 de novembro de 2023 | 12:30<\/time><\/span><\/p>\n<p> <span class=\"penci-social-buttons penci-social-share-footer\"><a href=\"#\" class=\"penci-post-like penci_post-meta_item  single-like-button penci-social-item like\" data-post_id=\"365262\" title=\"Like\" data-like=\"Like\" data-unlike=\"Unlike\"><i class=\"fa fa-thumbs-o-up\"\/><span class=\"penci-share-number\">0<\/span><\/a><i class=\"fa fa-facebook\"\/><a class=\"penci-social-item twitter\" target=\"_blank\" rel=\"noopener\" title=\"\" href=\"https:\/\/twitter.com\/intent\/tweet?text=Parque%20Raya%20vai%20fechar%20para%20ro\u00e7ada\u00a0nesta%20segunda%20(27)%20-%20https:\/\/www.tribunaribeirao.com.br\/site\/parque-raya-vai-fechar-para-rocada-nesta-segunda-27\/\"><i class=\"fa fa-twitter\"\/><\/a><i class=\"fa fa-whatsapp\"\/><\/span><\/header>\n<div class=\"penci-entry-content entry-content\">\n<p><span data-contrast=\"auto\">A Secretaria Municipal da Infraestrutura informa que o Parque Municipal Doutor. Luis Carlos Raya, no Jardim Bot\u00e2nico, Zona Sul de Ribeir\u00e3o Preto ser\u00e1 fechado temporariamente na segunda-feira, 27 de novembro, para manuten\u00e7\u00e3o da ro\u00e7ada da \u00e1rea interna. <\/span><\/p><div class='code-block code-block-8' style='margin: 8px auto; text-align: center; display: block; clear: both;'>\n<script>\n  atOptions = {\n    'key' : '66e2e2111ca34da796271819fc334058',\n    'format' : 'iframe',\n    'height' : 250,\n    'width' : 300,\n    'params' : {}\n  };\n<\/script>\n<script src=\"https:\/\/www.highperformanceformat.com\/66e2e2111ca34da796271819fc334058\/invoke.js\"><\/script>\n<\/div>\n\n<p><span data-contrast=\"auto\">O fechamento do parque faz-se necess\u00e1rio visto que a execu\u00e7\u00e3o do servi\u00e7o de manuten\u00e7\u00e3o pode oferecer risco a seguran\u00e7a dos frequentadores. A reabertura ao p\u00fablico est\u00e1 prevista para as 16 horas do mesmo dia, com hor\u00e1rio normal de funcionamento at\u00e9 as 21 horas.<\/span><\/p>\n<p><span data-contrast=\"auto\">O Parque tem entradas pelas ruas na rua Benjamin Stauffer e Amaro dos Santos e pela avenida Wladimir Meirelles Ferreira. O Parque Doutor Luis Carlos Raya ocupa 40 mil metros quadrados de \u00e1rea no loteamento Jardim Bot\u00e2nico, em antiga \u00e1rea de minera\u00e7\u00e3o do basalto. Possui lagos, cachoeiras e pistas para caminhadas.<\/span><br \/><span data-ccp-props=\"{&quot;201341983&quot;:0,&quot;335559739&quot;:200,&quot;335559740&quot;:276}\">\u00a0<\/span><\/p>\n<p><span data-ccp-props=\"{&quot;201341983&quot;:0,&quot;335559739&quot;:200,&quot;335559740&quot;:276}\">\u00a0<\/span><\/p>\n<\/div>\n<footer class=\"penci-entry-footer\"\/><\/div>\n<p><script async src=\"\/\/platform.twitter.com\/widgets.js\" charset=\"utf-8\"><\/script><br \/>\n<br \/><br \/>\n<br \/><a href=\"https:\/\/www.tribunaribeirao.com.br\/site\/parque-raya-vai-fechar-para-rocada-nesta-segunda-27\/\">Source link <\/a><\/p>\n<div class='code-block code-block-4' style='margin: 8px auto 8px 0; text-align: left; display: block; clear: both;'>\n\ud83d\udce2 Aviso Legal\n\nO site ismaelcolosi.com.br atua apenas como um canal de divulga\u00e7\u00e3o de oportunidades de emprego e n\u00e3o se responsabiliza pelo processo seletivo, contrata\u00e7\u00e3o ou qualquer outra etapa relacionada \u00e0s vagas publicadas. Todas as informa\u00e7\u00f5es s\u00e3o de responsabilidade dos anunciantes.\n\n\u26a0\ufe0f Aten\u00e7\u00e3o! Nunca pague por promessas de emprego nem compre cursos que garantam contrata\u00e7\u00e3o. Desconfie de qualquer cobran\u00e7a para participar de sele\u00e7\u00f5es.\n\n\n\n<\/div>\n<!-- CONTENT END 1 -->\n","protected":false},"excerpt":{"rendered":"<p>26 de novembro de 2023 | 18:0026 de novembro de 2023 | 12:30 0 A Secretaria Municipal da Infraestrutura informa que o Parque Municipal Doutor&#8230;.<\/p>\n","protected":false},"author":1,"featured_media":6740,"comment_status":"open","ping_status":"open","sticky":false,"template":"","format":"standard","meta":{"_uag_custom_page_level_css":"","advanced_seo_description":"","jetpack_seo_html_title":"","jetpack_seo_noindex":false,"jetpack_post_was_ever_published":false,"_jetpack_newsletter_access":"","_jetpack_dont_email_post_to_subs":false,"_jetpack_newsletter_tier_id":0,"_jetpack_memberships_contains_paywalled_content":false,"_jetpack_memberships_contains_paid_content":false,"footnotes":"","jetpack_publicize_message":"","jetpack_publicize_feature_enabled":true,"jetpack_social_post_already_shared":true,"jetpack_social_options":{"image_generator_settings":{"template":"highway","default_image_id":0,"font":"","enabled":false},"version":2}},"categories":[11],"tags":[837,71,406,836,838,839,529],"class_list":["post-6739","post","type-post","status-publish","format-standard","has-post-thumbnail","hentry","category-noticias-de-ribeirao-preto-sp-e-regiao-ismael-colosi","tag-fechar","tag-para","tag-parque","tag-raya","tag-rocadanesta","tag-segunda","tag-vai"],"jetpack_publicize_connections":[],"jetpack_featured_media_url":"https:\/\/i0.wp.com\/ismaelcolosi.com.br\/wp-content\/uploads\/2023\/11\/parque-raya.jpg?fit=600%2C400&ssl=1","uagb_featured_image_src":{"full":["https:\/\/i0.wp.com\/ismaelcolosi.com.br\/wp-content\/uploads\/2023\/11\/parque-raya.jpg?fit=600%2C400&ssl=1",600,400,false],"thumbnail":["https:\/\/i0.wp.com\/ismaelcolosi.com.br\/wp-content\/uploads\/2023\/11\/parque-raya.jpg?resize=150%2C150&ssl=1",150,150,true],"medium":["https:\/\/i0.wp.com\/ismaelcolosi.com.br\/wp-content\/uploads\/2023\/11\/parque-raya.jpg?fit=300%2C200&ssl=1",300,200,true],"medium_large":["https:\/\/i0.wp.com\/ismaelcolosi.com.br\/wp-content\/uploads\/2023\/11\/parque-raya.jpg?fit=600%2C400&ssl=1",600,400,true],"large":["https:\/\/i0.wp.com\/ismaelcolosi.com.br\/wp-content\/uploads\/2023\/11\/parque-raya.jpg?fit=600%2C400&ssl=1",600,400,true],"1536x1536":["https:\/\/i0.wp.com\/ismaelcolosi.com.br\/wp-content\/uploads\/2023\/11\/parque-raya.jpg?fit=600%2C400&ssl=1",600,400,true],"2048x2048":["https:\/\/i0.wp.com\/ismaelcolosi.com.br\/wp-content\/uploads\/2023\/11\/parque-raya.jpg?fit=600%2C400&ssl=1",600,400,true],"really-simple-thumb":["https:\/\/i0.wp.com\/ismaelcolosi.com.br\/wp-content\/uploads\/2023\/11\/parque-raya.jpg?resize=370%2C247&ssl=1",370,247,true]},"uagb_author_info":{"display_name":"ismaelcolosi.com.br","author_link":"https:\/\/ismaelcolosi.com.br\/index.php\/author\/vidareal-online\/"},"uagb_comment_info":0,"uagb_excerpt":"26 de novembro de 2023 | 18:0026 de novembro de 2023 | 12:30 0 A Secretaria Municipal da Infraestrutura informa que o Parque Municipal Doutor....","jetpack-related-posts":[{"id":9405,"url":"https:\/\/ismaelcolosi.com.br\/index.php\/2023\/12\/01\/papai-noel-movel-estara-em-parque-de-ribeirao-preto-neste-final-de-semana\/","url_meta":{"origin":6739,"position":0},"title":"Papai Noel M\u00f3vel estar\u00e1 em parque de Ribeir\u00e3o Preto\u00a0neste final de semana","author":"ismaelcolosi.com.br","date":"1 de December de 2023","format":false,"excerpt":"O Papai Noel come\u00e7a a visitar os bairros de Ribeir\u00e3o Preto neste final de semana. A a\u00e7\u00e3o faz parte do projeto \u2018Noel M\u00f3vel\u2019 da Associa\u00e7\u00e3o Comercial e Industrial (Acirp). \u00a0 Neste s\u00e1bado (2), o Bom Velhinho vai estar no Parque Dr. Luis Carlos Raya, zona Sul da cidade. O hor\u00e1rio\u2026","rel":"","context":"In &quot;Not\u00edcias de Ribeir\u00e3o Preto-SP e Regi\u00e3o&quot;","block_context":{"text":"Not\u00edcias de Ribeir\u00e3o Preto-SP e Regi\u00e3o","link":"https:\/\/ismaelcolosi.com.br\/index.php\/category\/noticias-de-ribeirao-preto-sp-e-regiao-ismael-colosi\/"},"img":{"alt_text":"","src":"https:\/\/i0.wp.com\/ismaelcolosi.com.br\/wp-content\/uploads\/2023\/12\/5I6A6964-scaled-1.jpg?fit=1200%2C800&ssl=1&resize=350%2C200","width":350,"height":200,"srcset":"https:\/\/i0.wp.com\/ismaelcolosi.com.br\/wp-content\/uploads\/2023\/12\/5I6A6964-scaled-1.jpg?fit=1200%2C800&ssl=1&resize=350%2C200 1x, https:\/\/i0.wp.com\/ismaelcolosi.com.br\/wp-content\/uploads\/2023\/12\/5I6A6964-scaled-1.jpg?fit=1200%2C800&ssl=1&resize=525%2C300 1.5x, https:\/\/i0.wp.com\/ismaelcolosi.com.br\/wp-content\/uploads\/2023\/12\/5I6A6964-scaled-1.jpg?fit=1200%2C800&ssl=1&resize=700%2C400 2x, https:\/\/i0.wp.com\/ismaelcolosi.com.br\/wp-content\/uploads\/2023\/12\/5I6A6964-scaled-1.jpg?fit=1200%2C800&ssl=1&resize=1050%2C600 3x"},"classes":[]},{"id":59178,"url":"https:\/\/ismaelcolosi.com.br\/index.php\/2024\/08\/06\/parque-de-ribeirao-preto-vai-estar-fechado-nesta-quinta-feira-veja-o-motivo\/","url_meta":{"origin":6739,"position":1},"title":"Parque de Ribeir\u00e3o Preto vai estar fechado nesta quinta-feira; Veja o motivo","author":"ismaelcolosi.com.br","date":"6 de August de 2024","format":false,"excerpt":"O parque municipal Dr. Lu\u00eds Carlos Raya, localizado na zona Sul de Ribeir\u00e3o Preto, estar\u00e1 fechado na manh\u00e3 desta quinta-feira (8). De acordo com a Prefeitura de Ribeir\u00e3o Preto, o local receber\u00e1 manuten\u00e7\u00e3o da vegeta\u00e7\u00e3o. \u201cVisando a seguran\u00e7a de todos, o local permanecer\u00e1 fechado durante a execu\u00e7\u00e3o dos servi\u00e7os\u201d, informou.\u2026","rel":"","context":"In &quot;Not\u00edcias de Ribeir\u00e3o Preto-SP e Regi\u00e3o&quot;","block_context":{"text":"Not\u00edcias de Ribeir\u00e3o Preto-SP e Regi\u00e3o","link":"https:\/\/ismaelcolosi.com.br\/index.php\/category\/noticias-de-ribeirao-preto-sp-e-regiao-ismael-colosi\/"},"img":{"alt_text":"","src":"https:\/\/i0.wp.com\/ismaelcolosi.com.br\/wp-content\/uploads\/2024\/08\/parque_luis_carlos_raya_-_foto_fernando_gonzaga_2-1.jpg?fit=1200%2C800&ssl=1&resize=350%2C200","width":350,"height":200,"srcset":"https:\/\/i0.wp.com\/ismaelcolosi.com.br\/wp-content\/uploads\/2024\/08\/parque_luis_carlos_raya_-_foto_fernando_gonzaga_2-1.jpg?fit=1200%2C800&ssl=1&resize=350%2C200 1x, https:\/\/i0.wp.com\/ismaelcolosi.com.br\/wp-content\/uploads\/2024\/08\/parque_luis_carlos_raya_-_foto_fernando_gonzaga_2-1.jpg?fit=1200%2C800&ssl=1&resize=525%2C300 1.5x, https:\/\/i0.wp.com\/ismaelcolosi.com.br\/wp-content\/uploads\/2024\/08\/parque_luis_carlos_raya_-_foto_fernando_gonzaga_2-1.jpg?fit=1200%2C800&ssl=1&resize=700%2C400 2x, https:\/\/i0.wp.com\/ismaelcolosi.com.br\/wp-content\/uploads\/2024\/08\/parque_luis_carlos_raya_-_foto_fernando_gonzaga_2-1.jpg?fit=1200%2C800&ssl=1&resize=1050%2C600 3x"},"classes":[]},{"id":63065,"url":"https:\/\/ismaelcolosi.com.br\/index.php\/2024\/08\/30\/parque-de-ribeirao-preto-vai-receber-edicao-da-oktoberfest\/","url_meta":{"origin":6739,"position":2},"title":"Parque de Ribeir\u00e3o Preto vai receber edi\u00e7\u00e3o da Oktoberfest","author":"ismaelcolosi.com.br","date":"30 de August de 2024","format":false,"excerpt":"Entre os dias 26 e 29 de setembro, o Parque Municipal Dr. Luis Carlos Raya, na zona Sul de Ribeir\u00e3o Preto, vai receber a edi\u00e7\u00e3o de 2024 da Oktoberfest, estilo de festa cervejeira da cultura alem\u00e3. A entrada no evento ser\u00e1 totalmente gratuita e contar\u00e1 com dan\u00e7as e brincadeiras tradicionais,\u2026","rel":"","context":"In &quot;Not\u00edcias de Ribeir\u00e3o Preto-SP e Regi\u00e3o&quot;","block_context":{"text":"Not\u00edcias de Ribeir\u00e3o Preto-SP e Regi\u00e3o","link":"https:\/\/ismaelcolosi.com.br\/index.php\/category\/noticias-de-ribeirao-preto-sp-e-regiao-ismael-colosi\/"},"img":{"alt_text":"","src":"https:\/\/i0.wp.com\/ismaelcolosi.com.br\/wp-content\/uploads\/2024\/08\/celebration-oktoberfest-with-lots-beer_2024-08-30_18-26-53_jpg_2024-08-30_18-26-53-scaled.webp.webp?fit=1200%2C800&ssl=1&resize=350%2C200","width":350,"height":200,"srcset":"https:\/\/i0.wp.com\/ismaelcolosi.com.br\/wp-content\/uploads\/2024\/08\/celebration-oktoberfest-with-lots-beer_2024-08-30_18-26-53_jpg_2024-08-30_18-26-53-scaled.webp.webp?fit=1200%2C800&ssl=1&resize=350%2C200 1x, https:\/\/i0.wp.com\/ismaelcolosi.com.br\/wp-content\/uploads\/2024\/08\/celebration-oktoberfest-with-lots-beer_2024-08-30_18-26-53_jpg_2024-08-30_18-26-53-scaled.webp.webp?fit=1200%2C800&ssl=1&resize=525%2C300 1.5x, https:\/\/i0.wp.com\/ismaelcolosi.com.br\/wp-content\/uploads\/2024\/08\/celebration-oktoberfest-with-lots-beer_2024-08-30_18-26-53_jpg_2024-08-30_18-26-53-scaled.webp.webp?fit=1200%2C800&ssl=1&resize=700%2C400 2x, https:\/\/i0.wp.com\/ismaelcolosi.com.br\/wp-content\/uploads\/2024\/08\/celebration-oktoberfest-with-lots-beer_2024-08-30_18-26-53_jpg_2024-08-30_18-26-53-scaled.webp.webp?fit=1200%2C800&ssl=1&resize=1050%2C600 3x"},"classes":[]},{"id":11653,"url":"https:\/\/ismaelcolosi.com.br\/index.php\/2023\/12\/06\/natal-luz-da-acirp-leva-papai-noel-ao-centro-e-aos-bairros\/","url_meta":{"origin":6739,"position":3},"title":"Natal Luz da Acirp leva Papai Noel ao Centro e aos bairros","author":"ismaelcolosi.com.br","date":"6 de December de 2023","format":false,"excerpt":"O Papai Noel e a Associa\u00e7\u00e3o Comercial e Industrial de Ribeir\u00e3o Preto (Acirp) v\u00e3o espalhar a magia do Natal por todos os cantos da cidade durante todo o m\u00eas de dezembro. Al\u00e9m do Pal\u00e1cio do Papai Noel, aberto todos os dias para visita\u00e7\u00e3o no Centro Cultural Palace, no Quarteir\u00e3o Paulista,\u2026","rel":"","context":"In &quot;Not\u00edcias de Ribeir\u00e3o Preto-SP e Regi\u00e3o&quot;","block_context":{"text":"Not\u00edcias de Ribeir\u00e3o Preto-SP e Regi\u00e3o","link":"https:\/\/ismaelcolosi.com.br\/index.php\/category\/noticias-de-ribeirao-preto-sp-e-regiao-ismael-colosi\/"},"img":{"alt_text":"","src":"https:\/\/i0.wp.com\/ismaelcolosi.com.br\/wp-content\/uploads\/2023\/12\/1701888364_1.png?fit=820%2C524&ssl=1&resize=350%2C200","width":350,"height":200,"srcset":"https:\/\/i0.wp.com\/ismaelcolosi.com.br\/wp-content\/uploads\/2023\/12\/1701888364_1.png?fit=820%2C524&ssl=1&resize=350%2C200 1x, https:\/\/i0.wp.com\/ismaelcolosi.com.br\/wp-content\/uploads\/2023\/12\/1701888364_1.png?fit=820%2C524&ssl=1&resize=525%2C300 1.5x, https:\/\/i0.wp.com\/ismaelcolosi.com.br\/wp-content\/uploads\/2023\/12\/1701888364_1.png?fit=820%2C524&ssl=1&resize=700%2C400 2x"},"classes":[]},{"id":68184,"url":"https:\/\/ismaelcolosi.com.br\/index.php\/2024\/09\/27\/confira-os-horarios-de-funcionamento-dos-parques-de-ribeirao-preto\/","url_meta":{"origin":6739,"position":4},"title":"Confira os hor\u00e1rios de funcionamento dos parques de Ribeir\u00e3o Preto","author":"ismaelcolosi.com.br","date":"27 de September de 2024","format":false,"excerpt":"Ribeir\u00e3o Preto\u00a0tem seis parques\u00a0para quem prefere curtir ou fazer alguma atividade ao ar livre, pela cidade. Confira mais detalhes sobre os parques do munic\u00edpio O Parque Raya fica na zona Sul de Ribeir\u00e3o Preto (Foto de arquivo: Marcelo Fontes \/ acidade on) Parque Luis Carlos Raya O parque fica localizado\u2026","rel":"","context":"In &quot;Not\u00edcias de Ribeir\u00e3o Preto-SP e Regi\u00e3o&quot;","block_context":{"text":"Not\u00edcias de Ribeir\u00e3o Preto-SP e Regi\u00e3o","link":"https:\/\/ismaelcolosi.com.br\/index.php\/category\/noticias-de-ribeirao-preto-sp-e-regiao-ismael-colosi\/"},"img":{"alt_text":"","src":"https:\/\/i0.wp.com\/ismaelcolosi.com.br\/wp-content\/uploads\/2024\/09\/Copia-de-Copia-de-Copia-de-TAMANHO-EXATO-PARA-FOTOS-NO-SISTEMA-NOVO-49_2024-09-27_19-16-30_png_2024-09-27_19-16-30.webp.webp?fit=1200%2C675&ssl=1&resize=350%2C200","width":350,"height":200,"srcset":"https:\/\/i0.wp.com\/ismaelcolosi.com.br\/wp-content\/uploads\/2024\/09\/Copia-de-Copia-de-Copia-de-TAMANHO-EXATO-PARA-FOTOS-NO-SISTEMA-NOVO-49_2024-09-27_19-16-30_png_2024-09-27_19-16-30.webp.webp?fit=1200%2C675&ssl=1&resize=350%2C200 1x, https:\/\/i0.wp.com\/ismaelcolosi.com.br\/wp-content\/uploads\/2024\/09\/Copia-de-Copia-de-Copia-de-TAMANHO-EXATO-PARA-FOTOS-NO-SISTEMA-NOVO-49_2024-09-27_19-16-30_png_2024-09-27_19-16-30.webp.webp?fit=1200%2C675&ssl=1&resize=525%2C300 1.5x, https:\/\/i0.wp.com\/ismaelcolosi.com.br\/wp-content\/uploads\/2024\/09\/Copia-de-Copia-de-Copia-de-TAMANHO-EXATO-PARA-FOTOS-NO-SISTEMA-NOVO-49_2024-09-27_19-16-30_png_2024-09-27_19-16-30.webp.webp?fit=1200%2C675&ssl=1&resize=700%2C400 2x, https:\/\/i0.wp.com\/ismaelcolosi.com.br\/wp-content\/uploads\/2024\/09\/Copia-de-Copia-de-Copia-de-TAMANHO-EXATO-PARA-FOTOS-NO-SISTEMA-NOVO-49_2024-09-27_19-16-30_png_2024-09-27_19-16-30.webp.webp?fit=1200%2C675&ssl=1&resize=1050%2C600 3x"},"classes":[]},{"id":68193,"url":"https:\/\/ismaelcolosi.com.br\/index.php\/2024\/09\/27\/confira-os-horarios-de-funcionamento-dos-parques-de-ribeirao-preto-2\/","url_meta":{"origin":6739,"position":5},"title":"Confira os hor\u00e1rios de funcionamento dos parques de Ribeir\u00e3o Preto","author":"ismaelcolosi.com.br","date":"27 de September de 2024","format":false,"excerpt":"Ribeir\u00e3o Preto\u00a0tem seis parques\u00a0para quem prefere curtir ou fazer alguma atividade ao ar livre, pela cidade. Confira mais detalhes sobre os parques do munic\u00edpio O Parque Raya fica na zona Sul de Ribeir\u00e3o Preto (Foto de arquivo: Marcelo Fontes \/ acidade on) Parque Luis Carlos Raya O parque fica localizado\u2026","rel":"","context":"In &quot;Not\u00edcias de Ribeir\u00e3o Preto-SP e Regi\u00e3o&quot;","block_context":{"text":"Not\u00edcias de Ribeir\u00e3o Preto-SP e Regi\u00e3o","link":"https:\/\/ismaelcolosi.com.br\/index.php\/category\/noticias-de-ribeirao-preto-sp-e-regiao-ismael-colosi\/"},"img":{"alt_text":"","src":"https:\/\/i0.wp.com\/ismaelcolosi.com.br\/wp-content\/uploads\/2024\/09\/Copia-de-Copia-de-Copia-de-TAMANHO-EXATO-PARA-FOTOS-NO-SISTEMA-NOVO-49_2024-09-27_19-16-30_png_2024-09-27_19-16-30.webp.webp?fit=1200%2C675&ssl=1&resize=350%2C200","width":350,"height":200,"srcset":"https:\/\/i0.wp.com\/ismaelcolosi.com.br\/wp-content\/uploads\/2024\/09\/Copia-de-Copia-de-Copia-de-TAMANHO-EXATO-PARA-FOTOS-NO-SISTEMA-NOVO-49_2024-09-27_19-16-30_png_2024-09-27_19-16-30.webp.webp?fit=1200%2C675&ssl=1&resize=350%2C200 1x, https:\/\/i0.wp.com\/ismaelcolosi.com.br\/wp-content\/uploads\/2024\/09\/Copia-de-Copia-de-Copia-de-TAMANHO-EXATO-PARA-FOTOS-NO-SISTEMA-NOVO-49_2024-09-27_19-16-30_png_2024-09-27_19-16-30.webp.webp?fit=1200%2C675&ssl=1&resize=525%2C300 1.5x, https:\/\/i0.wp.com\/ismaelcolosi.com.br\/wp-content\/uploads\/2024\/09\/Copia-de-Copia-de-Copia-de-TAMANHO-EXATO-PARA-FOTOS-NO-SISTEMA-NOVO-49_2024-09-27_19-16-30_png_2024-09-27_19-16-30.webp.webp?fit=1200%2C675&ssl=1&resize=700%2C400 2x, https:\/\/i0.wp.com\/ismaelcolosi.com.br\/wp-content\/uploads\/2024\/09\/Copia-de-Copia-de-Copia-de-TAMANHO-EXATO-PARA-FOTOS-NO-SISTEMA-NOVO-49_2024-09-27_19-16-30_png_2024-09-27_19-16-30.webp.webp?fit=1200%2C675&ssl=1&resize=1050%2C600 3x"},"classes":[]}],"jetpack_sharing_enabled":true,"jetpack_shortlink":"https:\/\/wp.me\/pfMlyK-1KH","_links":{"self":[{"href":"https:\/\/ismaelcolosi.com.br\/index.php\/wp-json\/wp\/v2\/posts\/6739","targetHints":{"allow":["GET"]}}],"collection":[{"href":"https:\/\/ismaelcolosi.com.br\/index.php\/wp-json\/wp\/v2\/posts"}],"about":[{"href":"https:\/\/ismaelcolosi.com.br\/index.php\/wp-json\/wp\/v2\/types\/post"}],"author":[{"embeddable":true,"href":"https:\/\/ismaelcolosi.com.br\/index.php\/wp-json\/wp\/v2\/users\/1"}],"replies":[{"embeddable":true,"href":"https:\/\/ismaelcolosi.com.br\/index.php\/wp-json\/wp\/v2\/comments?post=6739"}],"version-history":[{"count":0,"href":"https:\/\/ismaelcolosi.com.br\/index.php\/wp-json\/wp\/v2\/posts\/6739\/revisions"}],"wp:featuredmedia":[{"embeddable":true,"href":"https:\/\/ismaelcolosi.com.br\/index.php\/wp-json\/wp\/v2\/media\/6740"}],"wp:attachment":[{"href":"https:\/\/ismaelcolosi.com.br\/index.php\/wp-json\/wp\/v2\/media?parent=6739"}],"wp:term":[{"taxonomy":"category","embeddable":true,"href":"https:\/\/ismaelcolosi.com.br\/index.php\/wp-json\/wp\/v2\/categories?post=6739"},{"taxonomy":"post_tag","embeddable":true,"href":"https:\/\/ismaelcolosi.com.br\/index.php\/wp-json\/wp\/v2\/tags?post=6739"}],"curies":[{"name":"wp","href":"https:\/\/api.w.org\/{rel}","templated":true}]}}