{"id":6731,"date":"2023-11-26T18:12:02","date_gmt":"2023-11-26T21:12:02","guid":{"rendered":"https:\/\/ismaelcolosi.com.br\/index.php\/2023\/11\/26\/anunciado-aumento-do-pis-pasep-saiba-tudo-aqui\/"},"modified":"2023-11-26T18:12:02","modified_gmt":"2023-11-26T21:12:02","slug":"anunciado-aumento-do-pis-pasep-saiba-tudo-aqui","status":"publish","type":"post","link":"https:\/\/ismaelcolosi.com.br\/index.php\/2023\/11\/26\/anunciado-aumento-do-pis-pasep-saiba-tudo-aqui\/","title":{"rendered":"Anunciado aumento do PIS\/PASEP; saiba tudo aqui"},"content":{"rendered":"<p> <br \/>\n<\/p>\n<div id=\"attachment_2285926\">\n<div class=\"d-flex justify-content-center\" data-attachment-id=\"2285926\">\n<div class=\"position-relative d-inline-block\"><img data-recalc-dims=\"1\" data-portal-copyright=\"Ag\u00eancia Brasil\/Arquivo\" decoding=\"async\" fetchpriority=\"high\" class=\"size-full wp-image-2285926\" src=\"https:\/\/i0.wp.com\/catracalivre.com.br\/wp-content\/uploads\/2023\/07\/pis-pasep-r-1-bilhao-ainda-nao-foi-sacado-saiba-como-receber.png?resize=800%2C449&#038;ssl=1\" alt=\"Trabalhador se empolga com novo valor do PIS\/Pasep\" width=\"800\" height=\"449\" srcset=\"https:\/\/catracalivre.com.br\/wp-content\/uploads\/2023\/07\/pis-pasep-r-1-bilhao-ainda-nao-foi-sacado-saiba-como-receber.png 800w, https:\/\/catracalivre.com.br\/wp-content\/uploads\/2023\/07\/pis-pasep-r-1-bilhao-ainda-nao-foi-sacado-saiba-como-receber-450x253.png 450w, https:\/\/catracalivre.com.br\/wp-content\/uploads\/2023\/07\/pis-pasep-r-1-bilhao-ainda-nao-foi-sacado-saiba-como-receber-768x431.png 768w\" sizes=\"(max-width: 800px) 100vw, 800px\"\/><\/p>\n<p>Cr\u00e9ditos: Ag\u00eancia Brasil\/Arquivo<\/p>\n<\/div>\n<\/div>\n<p><span class=\"post-imagem__legenda\">Trabalhador se empolga com novo valor do PIS\/Pasep<\/span><\/p>\n<\/div>\n<p>O<a href=\"https:\/\/catracalivre.com.br\/cidadania\/fim-do-saque-aniversario-do-fgts-em-2024-saiba-da-proposta\/\"> PIS\/PASEP<\/a>, benef\u00edcio amplamente conhecido pelos trabalhadores formais do pa\u00eds, est\u00e1 prestes a passar por um reajuste significativo em 2024. Com a previs\u00e3o de aumento no sal\u00e1rio m\u00ednimo para o pr\u00f3ximo ano, o benef\u00edcio ser\u00e1 elevado para R$1.421, proporcionando uma renda extra aos benefici\u00e1rios. Vamos explorar em detalhes o an\u00fancio, as novas regras de saque e quem ter\u00e1 direito a esse incremento no aux\u00edlio.<\/p>\n<p>O reajuste no valor do <a href=\"https:\/\/catracalivre.com.br\/cidadania\/atencao-governo-anuncia-nova-mudanca-no-fgts\/\">PIS\/PASEP<\/a> \u00e9 resultado direto da previs\u00e3o de aumento no sal\u00e1rio m\u00ednimo para 2024. A Ministra do Planejamento, Simone Tebet (MDB), apresentou a Lei Or\u00e7ament\u00e1ria Anual que prop\u00f5e um aumento de R$101 no sal\u00e1rio m\u00ednimo nacional. Com esse incremento, todos os benef\u00edcios vinculados ao piso salarial ser\u00e3o recalculados, incluindo o PIS\/PASEP.<\/p>\n<p>Para receber o PIS\/PASEP e garantir o benef\u00edcio reajustado a partir de 2024, os trabalhadores devem atender a alguns requisitos estabelecidos pelo governo federal. S\u00e3o eles:<\/p>\n<p>Al\u00e9m do PIS\/PASEP, outros programas do governo federal ser\u00e3o impactados positivamente pelo aumento do sal\u00e1rio m\u00ednimo em 2024. Dentre eles, destacam-se:<\/p>\n<p><script>\n\t\t! function(f, b, e, v, n, t, s) {\n\t\t\tif (f.fbq) return;\n\t\t\tn = f.fbq = function() {\n\t\t\t\tn.callMethod ?\n\t\t\t\t\tn.callMethod.apply(n, arguments) : n.queue.push(arguments)\n\t\t\t};\n\t\t\tif (!f._fbq) f._fbq = n;\n\t\t\tn.push = n;\n\t\t\tn.loaded = !0;\n\t\t\tn.version = '2.0';\n\t\t\tn.queue = [];\n\t\t\tt = b.createElement(e);\n\t\t\tt.async = !0;\n\t\t\tt.src = v;\n\t\t\ts = b.getElementsByTagName(e)[0];\n\t\t\ts.parentNode.insertBefore(t, s)\n\t\t}(window, document, 'script',\n\t\t\t'https:\/\/connect.facebook.net\/en_US\/fbevents.js');\n\t\tfbq('init', '338315473262380');\n\t\tfbq('track', 'PageView');\n\t<\/script><br \/>\n<br \/><br \/>\n<br \/><a href=\"https:\/\/catracalivre.com.br\/cidadania\/anunciado-aumento-do-pis-pasep-saiba-tudo-aqui\/\">Source link <\/a><\/p>\n<div class='code-block code-block-4' style='margin: 8px auto 8px 0; text-align: left; display: block; clear: both;'>\n\ud83d\udce2 Aviso Legal\n\nO site ismaelcolosi.com.br atua apenas como um canal de divulga\u00e7\u00e3o de oportunidades de emprego e n\u00e3o se responsabiliza pelo processo seletivo, contrata\u00e7\u00e3o ou qualquer outra etapa relacionada \u00e0s vagas publicadas. Todas as informa\u00e7\u00f5es s\u00e3o de responsabilidade dos anunciantes.\n\n\u26a0\ufe0f Aten\u00e7\u00e3o! Nunca pague por promessas de emprego nem compre cursos que garantam contrata\u00e7\u00e3o. Desconfie de qualquer cobran\u00e7a para participar de sele\u00e7\u00f5es.\n\n\n\n<\/div>\n<!-- CONTENT END 1 -->\n","protected":false},"excerpt":{"rendered":"<p>Cr\u00e9ditos: Ag\u00eancia Brasil\/Arquivo Trabalhador se empolga com novo valor do PIS\/Pasep O PIS\/PASEP, benef\u00edcio amplamente conhecido pelos trabalhadores formais do pa\u00eds, est\u00e1 prestes a passar&#8230;<\/p>\n","protected":false},"author":1,"featured_media":6732,"comment_status":"open","ping_status":"open","sticky":false,"template":"","format":"standard","meta":{"_uag_custom_page_level_css":"","advanced_seo_description":"","jetpack_seo_html_title":"","jetpack_seo_noindex":false,"jetpack_post_was_ever_published":false,"_jetpack_newsletter_access":"","_jetpack_dont_email_post_to_subs":false,"_jetpack_newsletter_tier_id":0,"_jetpack_memberships_contains_paywalled_content":false,"_jetpack_memberships_contains_paid_content":false,"footnotes":"","jetpack_publicize_message":"","jetpack_publicize_feature_enabled":true,"jetpack_social_post_already_shared":true,"jetpack_social_options":{"image_generator_settings":{"template":"highway","default_image_id":0,"font":"","enabled":false},"version":2}},"categories":[19],"tags":[],"class_list":["post-6731","post","type-post","status-publish","format-standard","has-post-thumbnail","hentry","category-variedades"],"jetpack_publicize_connections":[],"jetpack_featured_media_url":"https:\/\/i0.wp.com\/ismaelcolosi.com.br\/wp-content\/uploads\/2023\/11\/1701033122_istock-1491612792.jpg?fit=1200%2C638&ssl=1","uagb_featured_image_src":{"full":["https:\/\/i0.wp.com\/ismaelcolosi.com.br\/wp-content\/uploads\/2023\/11\/1701033122_istock-1491612792.jpg?fit=1200%2C638&ssl=1",1200,638,false],"thumbnail":["https:\/\/i0.wp.com\/ismaelcolosi.com.br\/wp-content\/uploads\/2023\/11\/1701033122_istock-1491612792.jpg?resize=150%2C150&ssl=1",150,150,true],"medium":["https:\/\/i0.wp.com\/ismaelcolosi.com.br\/wp-content\/uploads\/2023\/11\/1701033122_istock-1491612792.jpg?fit=300%2C160&ssl=1",300,160,true],"medium_large":["https:\/\/i0.wp.com\/ismaelcolosi.com.br\/wp-content\/uploads\/2023\/11\/1701033122_istock-1491612792.jpg?fit=768%2C408&ssl=1",768,408,true],"large":["https:\/\/i0.wp.com\/ismaelcolosi.com.br\/wp-content\/uploads\/2023\/11\/1701033122_istock-1491612792.jpg?fit=1024%2C544&ssl=1",1024,544,true],"1536x1536":["https:\/\/i0.wp.com\/ismaelcolosi.com.br\/wp-content\/uploads\/2023\/11\/1701033122_istock-1491612792.jpg?fit=1200%2C638&ssl=1",1200,638,true],"2048x2048":["https:\/\/i0.wp.com\/ismaelcolosi.com.br\/wp-content\/uploads\/2023\/11\/1701033122_istock-1491612792.jpg?fit=1200%2C638&ssl=1",1200,638,true],"really-simple-thumb":["https:\/\/i0.wp.com\/ismaelcolosi.com.br\/wp-content\/uploads\/2023\/11\/1701033122_istock-1491612792.jpg?resize=370%2C247&ssl=1",370,247,true]},"uagb_author_info":{"display_name":"ismaelcolosi.com.br","author_link":"https:\/\/ismaelcolosi.com.br\/index.php\/author\/vidareal-online\/"},"uagb_comment_info":0,"uagb_excerpt":"Cr\u00e9ditos: Ag\u00eancia Brasil\/Arquivo Trabalhador se empolga com novo valor do PIS\/Pasep O PIS\/PASEP, benef\u00edcio amplamente conhecido pelos trabalhadores formais do pa\u00eds, est\u00e1 prestes a passar...","jetpack-related-posts":[{"id":14772,"url":"https:\/\/ismaelcolosi.com.br\/index.php\/2023\/12\/12\/calendario-do-pis-pasep-2024-veja-quando-sai-seu-pagamento\/","url_meta":{"origin":6731,"position":0},"title":"Calend\u00e1rio do PIS\/PASEP 2024; veja quando sai seu pagamento!","author":"ismaelcolosi.com.br","date":"12 de December de 2023","format":false,"excerpt":"Ainda gera muitas d\u00favidas o pagamento do abono salarial do\u00a0PIS\/Pasep\u00a0para aqueles que trabalharam em 2022, principalmente ap\u00f3s o fim dos pagamentos referentes ao ano-base 2021. A garantia apresentada, no entanto, \u00e9 de que haver\u00e1 pagamento em 2024, decorrente ao ano de 2022. Cr\u00e9ditos: iSTockCalend\u00e1rio do PIS\/PASEP 2024; veja quando sai\u2026","rel":"","context":"In &quot;Variedades&quot;","block_context":{"text":"Variedades","link":"https:\/\/ismaelcolosi.com.br\/index.php\/category\/variedades\/"},"img":{"alt_text":"","src":"https:\/\/i0.wp.com\/ismaelcolosi.com.br\/wp-content\/uploads\/2023\/12\/1702399455_istock-1491612792.jpg?fit=1200%2C638&ssl=1&resize=350%2C200","width":350,"height":200,"srcset":"https:\/\/i0.wp.com\/ismaelcolosi.com.br\/wp-content\/uploads\/2023\/12\/1702399455_istock-1491612792.jpg?fit=1200%2C638&ssl=1&resize=350%2C200 1x, https:\/\/i0.wp.com\/ismaelcolosi.com.br\/wp-content\/uploads\/2023\/12\/1702399455_istock-1491612792.jpg?fit=1200%2C638&ssl=1&resize=525%2C300 1.5x, https:\/\/i0.wp.com\/ismaelcolosi.com.br\/wp-content\/uploads\/2023\/12\/1702399455_istock-1491612792.jpg?fit=1200%2C638&ssl=1&resize=700%2C400 2x, https:\/\/i0.wp.com\/ismaelcolosi.com.br\/wp-content\/uploads\/2023\/12\/1702399455_istock-1491612792.jpg?fit=1200%2C638&ssl=1&resize=1050%2C600 3x"},"classes":[]},{"id":9895,"url":"https:\/\/ismaelcolosi.com.br\/index.php\/2023\/12\/03\/veja-os-detalhes-para-o-proximo-ciclo-de-pagamento-do-pis-pasep\/","url_meta":{"origin":6731,"position":1},"title":"Veja os detalhes para o pr\u00f3ximo ciclo de pagamento do PIS\/PASEP","author":"ismaelcolosi.com.br","date":"3 de December de 2023","format":false,"excerpt":"Cr\u00e9ditos: Ag\u00eancia Brasil\/Marcello Casal JrPIS\/Pasep: saiba todos os detalhes do pr\u00f3ximo ciclo de pagamento O PIS\/PASEP, conhecido por ser uma importante fonte de aux\u00edlio financeiro para trabalhadores com carteira assinada, anuncia os detalhes do pr\u00f3ximo ciclo de pagamentos, programado para o ano de 2024. Com a expectativa de beneficiar milh\u00f5es\u2026","rel":"","context":"In &quot;Variedades&quot;","block_context":{"text":"Variedades","link":"https:\/\/ismaelcolosi.com.br\/index.php\/category\/variedades\/"},"img":{"alt_text":"","src":"https:\/\/i0.wp.com\/ismaelcolosi.com.br\/wp-content\/uploads\/2023\/12\/istock-1491612792.jpg?fit=1200%2C638&ssl=1&resize=350%2C200","width":350,"height":200,"srcset":"https:\/\/i0.wp.com\/ismaelcolosi.com.br\/wp-content\/uploads\/2023\/12\/istock-1491612792.jpg?fit=1200%2C638&ssl=1&resize=350%2C200 1x, https:\/\/i0.wp.com\/ismaelcolosi.com.br\/wp-content\/uploads\/2023\/12\/istock-1491612792.jpg?fit=1200%2C638&ssl=1&resize=525%2C300 1.5x, https:\/\/i0.wp.com\/ismaelcolosi.com.br\/wp-content\/uploads\/2023\/12\/istock-1491612792.jpg?fit=1200%2C638&ssl=1&resize=700%2C400 2x, https:\/\/i0.wp.com\/ismaelcolosi.com.br\/wp-content\/uploads\/2023\/12\/istock-1491612792.jpg?fit=1200%2C638&ssl=1&resize=1050%2C600 3x"},"classes":[]},{"id":21406,"url":"https:\/\/ismaelcolosi.com.br\/index.php\/2023\/12\/27\/trabalhadores-tem-ate-quinta-feira-para-sacar-pis-pasep-2023\/","url_meta":{"origin":6731,"position":2},"title":"Trabalhadores t\u00eam at\u00e9 quinta-feira para sacar PIS\/Pasep 2023","author":"ismaelcolosi.com.br","date":"27 de December de 2023","format":false,"excerpt":"Quem tem o direito de sacar o PIS\/Pasep 2023, referente ao ano-base 2021, precisa estar ciente de que o prazo para retirar esse dinheiro, que pode chegar a um sal\u00e1rio m\u00ednimo, termina na quinta-feira, dia 28. Cr\u00e9ditos: Ag\u00eancia Brasil\/Marcelo CamargoTrabalhadores t\u00eam at\u00e9 quinta-feira para sacar PIS\/Pasep 2023 Mais de 540\u2026","rel":"","context":"In &quot;Variedades&quot;","block_context":{"text":"Variedades","link":"https:\/\/ismaelcolosi.com.br\/index.php\/category\/variedades\/"},"img":{"alt_text":"","src":"https:\/\/i0.wp.com\/ismaelcolosi.com.br\/wp-content\/uploads\/2023\/12\/pis-pasep-e-liberado-hoje-veja-se-voce-vai-receber-r-132000.jpg?fit=1200%2C638&ssl=1&resize=350%2C200","width":350,"height":200,"srcset":"https:\/\/i0.wp.com\/ismaelcolosi.com.br\/wp-content\/uploads\/2023\/12\/pis-pasep-e-liberado-hoje-veja-se-voce-vai-receber-r-132000.jpg?fit=1200%2C638&ssl=1&resize=350%2C200 1x, https:\/\/i0.wp.com\/ismaelcolosi.com.br\/wp-content\/uploads\/2023\/12\/pis-pasep-e-liberado-hoje-veja-se-voce-vai-receber-r-132000.jpg?fit=1200%2C638&ssl=1&resize=525%2C300 1.5x, https:\/\/i0.wp.com\/ismaelcolosi.com.br\/wp-content\/uploads\/2023\/12\/pis-pasep-e-liberado-hoje-veja-se-voce-vai-receber-r-132000.jpg?fit=1200%2C638&ssl=1&resize=700%2C400 2x, https:\/\/i0.wp.com\/ismaelcolosi.com.br\/wp-content\/uploads\/2023\/12\/pis-pasep-e-liberado-hoje-veja-se-voce-vai-receber-r-132000.jpg?fit=1200%2C638&ssl=1&resize=1050%2C600 3x"},"classes":[]},{"id":21603,"url":"https:\/\/ismaelcolosi.com.br\/index.php\/2023\/12\/28\/prazo-para-sacar-pis-pasep-2023-termina-amanha-veja-como-receber\/","url_meta":{"origin":6731,"position":3},"title":"Prazo para sacar PIS\/Pasep 2023 termina amanh\u00e3; veja como receber","author":"ismaelcolosi.com.br","date":"28 de December de 2023","format":false,"excerpt":"Quem tem o direito de sacar o PIS\/Pasep 2023, referente ao ano-base 2021, precisa estar ciente de que o prazo para retirar esse dinheiro, que pode chegar a um sal\u00e1rio m\u00ednimo, termina no pr\u00f3ximo m\u00eas de dezembro. Cr\u00e9ditos: Agencia Brasil\/Marcello Casal jrPrazo para sacar PIS\/Pasep 2023 termina amanh\u00e3; veja como\u2026","rel":"","context":"In &quot;Variedades&quot;","block_context":{"text":"Variedades","link":"https:\/\/ismaelcolosi.com.br\/index.php\/category\/variedades\/"},"img":{"alt_text":"","src":"https:\/\/i0.wp.com\/ismaelcolosi.com.br\/wp-content\/uploads\/2023\/12\/1703752904_pis-pasep-liberado-veja-quanto-e-quando-voce-vai-receber.jpg?fit=1200%2C638&ssl=1&resize=350%2C200","width":350,"height":200,"srcset":"https:\/\/i0.wp.com\/ismaelcolosi.com.br\/wp-content\/uploads\/2023\/12\/1703752904_pis-pasep-liberado-veja-quanto-e-quando-voce-vai-receber.jpg?fit=1200%2C638&ssl=1&resize=350%2C200 1x, https:\/\/i0.wp.com\/ismaelcolosi.com.br\/wp-content\/uploads\/2023\/12\/1703752904_pis-pasep-liberado-veja-quanto-e-quando-voce-vai-receber.jpg?fit=1200%2C638&ssl=1&resize=525%2C300 1.5x, https:\/\/i0.wp.com\/ismaelcolosi.com.br\/wp-content\/uploads\/2023\/12\/1703752904_pis-pasep-liberado-veja-quanto-e-quando-voce-vai-receber.jpg?fit=1200%2C638&ssl=1&resize=700%2C400 2x, https:\/\/i0.wp.com\/ismaelcolosi.com.br\/wp-content\/uploads\/2023\/12\/1703752904_pis-pasep-liberado-veja-quanto-e-quando-voce-vai-receber.jpg?fit=1200%2C638&ssl=1&resize=1050%2C600 3x"},"classes":[]},{"id":16188,"url":"https:\/\/ismaelcolosi.com.br\/index.php\/2023\/12\/15\/pis-pasep-disponibiliza-pagamento-ate-o-fim-do-mes\/","url_meta":{"origin":6731,"position":4},"title":"PIS\/Pasep disponibiliza pagamento at\u00e9 o fim do m\u00eas","author":"ismaelcolosi.com.br","date":"15 de December de 2023","format":false,"excerpt":"Quem tem o direito de sacar o PIS\/Pasep 2023, referente ao ano-base 2021, precisa estar ciente de que o prazo para retirar esse dinheiro, que pode chegar a um sal\u00e1rio m\u00ednimo, termina no pr\u00f3ximo m\u00eas de dezembro. Cr\u00e9ditos: Ag\u00eancia BrasilPIS\/Pasep disponibiliza pagamento at\u00e9 o fim do m\u00eas Mais de 540\u2026","rel":"","context":"In &quot;Variedades&quot;","block_context":{"text":"Variedades","link":"https:\/\/ismaelcolosi.com.br\/index.php\/category\/variedades\/"},"img":{"alt_text":"","src":"https:\/\/i0.wp.com\/ismaelcolosi.com.br\/wp-content\/uploads\/2023\/12\/1702629509_prazo-para-sacar-cotas-do-pis-pasep.jpg?fit=1200%2C638&ssl=1&resize=350%2C200","width":350,"height":200,"srcset":"https:\/\/i0.wp.com\/ismaelcolosi.com.br\/wp-content\/uploads\/2023\/12\/1702629509_prazo-para-sacar-cotas-do-pis-pasep.jpg?fit=1200%2C638&ssl=1&resize=350%2C200 1x, https:\/\/i0.wp.com\/ismaelcolosi.com.br\/wp-content\/uploads\/2023\/12\/1702629509_prazo-para-sacar-cotas-do-pis-pasep.jpg?fit=1200%2C638&ssl=1&resize=525%2C300 1.5x, https:\/\/i0.wp.com\/ismaelcolosi.com.br\/wp-content\/uploads\/2023\/12\/1702629509_prazo-para-sacar-cotas-do-pis-pasep.jpg?fit=1200%2C638&ssl=1&resize=700%2C400 2x, https:\/\/i0.wp.com\/ismaelcolosi.com.br\/wp-content\/uploads\/2023\/12\/1702629509_prazo-para-sacar-cotas-do-pis-pasep.jpg?fit=1200%2C638&ssl=1&resize=1050%2C600 3x"},"classes":[]},{"id":4699,"url":"https:\/\/ismaelcolosi.com.br\/index.php\/2023\/11\/22\/milhares-de-brasileiros-tem-dinheiro-esperando-nas-contas-pis-pasep\/","url_meta":{"origin":6731,"position":5},"title":"Milhares de brasileiros tem dinheiro esperando nas contas PIS\/Pasep","author":"ismaelcolosi.com.br","date":"22 de November de 2023","format":false,"excerpt":"Quem tem o direito de sacar o PIS\/Pasep 2023, referente ao ano-base 2021, precisa estar ciente de que o prazo para retirar esse dinheiro, que pode chegar a um sal\u00e1rio m\u00ednimo, termina no pr\u00f3ximo m\u00eas de dezembro. Cr\u00e9ditos: Ag\u00eancia Brasil\/Jos\u00e9 CruzMilhares de brasileiros tem dinheiro esperando nas contas PIS\/Pasep Mais\u2026","rel":"","context":"In &quot;Variedades&quot;","block_context":{"text":"Variedades","link":"https:\/\/ismaelcolosi.com.br\/index.php\/category\/variedades\/"},"img":{"alt_text":"","src":"https:\/\/i0.wp.com\/ismaelcolosi.com.br\/wp-content\/uploads\/2023\/11\/pis-pasep-abono-salarial-e-pago-hoje-veja-calendario-e-quem-recebe.png?fit=1200%2C638&ssl=1&resize=350%2C200","width":350,"height":200,"srcset":"https:\/\/i0.wp.com\/ismaelcolosi.com.br\/wp-content\/uploads\/2023\/11\/pis-pasep-abono-salarial-e-pago-hoje-veja-calendario-e-quem-recebe.png?fit=1200%2C638&ssl=1&resize=350%2C200 1x, https:\/\/i0.wp.com\/ismaelcolosi.com.br\/wp-content\/uploads\/2023\/11\/pis-pasep-abono-salarial-e-pago-hoje-veja-calendario-e-quem-recebe.png?fit=1200%2C638&ssl=1&resize=525%2C300 1.5x, https:\/\/i0.wp.com\/ismaelcolosi.com.br\/wp-content\/uploads\/2023\/11\/pis-pasep-abono-salarial-e-pago-hoje-veja-calendario-e-quem-recebe.png?fit=1200%2C638&ssl=1&resize=700%2C400 2x, https:\/\/i0.wp.com\/ismaelcolosi.com.br\/wp-content\/uploads\/2023\/11\/pis-pasep-abono-salarial-e-pago-hoje-veja-calendario-e-quem-recebe.png?fit=1200%2C638&ssl=1&resize=1050%2C600 3x"},"classes":[]}],"jetpack_sharing_enabled":true,"jetpack_shortlink":"https:\/\/wp.me\/pfMlyK-1Kz","_links":{"self":[{"href":"https:\/\/ismaelcolosi.com.br\/index.php\/wp-json\/wp\/v2\/posts\/6731","targetHints":{"allow":["GET"]}}],"collection":[{"href":"https:\/\/ismaelcolosi.com.br\/index.php\/wp-json\/wp\/v2\/posts"}],"about":[{"href":"https:\/\/ismaelcolosi.com.br\/index.php\/wp-json\/wp\/v2\/types\/post"}],"author":[{"embeddable":true,"href":"https:\/\/ismaelcolosi.com.br\/index.php\/wp-json\/wp\/v2\/users\/1"}],"replies":[{"embeddable":true,"href":"https:\/\/ismaelcolosi.com.br\/index.php\/wp-json\/wp\/v2\/comments?post=6731"}],"version-history":[{"count":0,"href":"https:\/\/ismaelcolosi.com.br\/index.php\/wp-json\/wp\/v2\/posts\/6731\/revisions"}],"wp:featuredmedia":[{"embeddable":true,"href":"https:\/\/ismaelcolosi.com.br\/index.php\/wp-json\/wp\/v2\/media\/6732"}],"wp:attachment":[{"href":"https:\/\/ismaelcolosi.com.br\/index.php\/wp-json\/wp\/v2\/media?parent=6731"}],"wp:term":[{"taxonomy":"category","embeddable":true,"href":"https:\/\/ismaelcolosi.com.br\/index.php\/wp-json\/wp\/v2\/categories?post=6731"},{"taxonomy":"post_tag","embeddable":true,"href":"https:\/\/ismaelcolosi.com.br\/index.php\/wp-json\/wp\/v2\/tags?post=6731"}],"curies":[{"name":"wp","href":"https:\/\/api.w.org\/{rel}","templated":true}]}}