{"id":6723,"date":"2023-11-26T17:46:12","date_gmt":"2023-11-26T20:46:12","guid":{"rendered":"https:\/\/ismaelcolosi.com.br\/index.php\/2023\/11\/26\/estas-15-series-estreiam-ainda-em-2023-no-catalogo-da-netflix\/"},"modified":"2023-11-26T17:46:12","modified_gmt":"2023-11-26T20:46:12","slug":"estas-15-series-estreiam-ainda-em-2023-no-catalogo-da-netflix","status":"publish","type":"post","link":"https:\/\/ismaelcolosi.com.br\/index.php\/2023\/11\/26\/estas-15-series-estreiam-ainda-em-2023-no-catalogo-da-netflix\/","title":{"rendered":"Estas 15 s\u00e9ries estreiam ainda em 2023 no cat\u00e1logo da Netflix"},"content":{"rendered":"<p> <br \/>\n<\/p>\n<div>\n<div id=\"attachment_2313764\" class=\"wp-caption alignnone\">\n<div class=\"d-flex justify-content-center\" data-attachment-id=\"2313764\">\n<div class=\"position-relative d-inline-block\"><img src=\"https:\/\/catracalivre.com.br\/entretenimento\/estas-15-series-estreiam-ainda-em-2023-no-catalogo-da-netflix\/Reprodu\u00e7\u00e3o\/Netflix\" decoding=\"async\" fetchpriority=\"high\" class=\"size-full wp-image-2313764\" alt=\"S\u00e9ries que estreiam na Netflix ainda em 2023\" width=\"1200\" height=\"660\" srcset=\"https:\/\/catracalivre.com.br\/wp-content\/uploads\/2023\/11\/fotos-catraca-2023-11-23t225920206.png 1200w, https:\/\/catracalivre.com.br\/wp-content\/uploads\/2023\/11\/fotos-catraca-2023-11-23t225920206-450x248.png 450w, https:\/\/catracalivre.com.br\/wp-content\/uploads\/2023\/11\/fotos-catraca-2023-11-23t225920206-768x422.png 768w\" sizes=\"(max-width: 1200px) 100vw, 1200px\"\/><\/p>\n<p>Cr\u00e9ditos: Reprodu\u00e7\u00e3o\/Netflix<\/p><div class='code-block code-block-8' style='margin: 8px auto; text-align: center; display: block; clear: both;'>\n<script>\n  atOptions = {\n    'key' : '66e2e2111ca34da796271819fc334058',\n    'format' : 'iframe',\n    'height' : 250,\n    'width' : 300,\n    'params' : {}\n  };\n<\/script>\n<script src=\"https:\/\/www.highperformanceformat.com\/66e2e2111ca34da796271819fc334058\/invoke.js\"><\/script>\n<\/div>\n\n<\/div>\n<\/div>\n<p><span class=\"post-imagem__legenda\">S\u00e9ries que estreiam na Netflix ainda em 2023<\/span><\/p>\n<\/div>\n<p>Para fechar 2023 com chave de ouro, a <a href=\"https:\/\/www.netflix.com\/\" target=\"_blank\" rel=\"noopener\">Netflix<\/a> divulgou a lista com os <a href=\"https:\/\/catracalivre.com.br\/entretenimento\/mais-de-30-filmes-e-series-chegam-a-netflix-em-dezembro-confira\/\" target=\"_blank\" rel=\"noopener\">lan\u00e7amentos do m\u00eas de dezembro<\/a>. Com isso, abaixo, voc\u00ea ver\u00e1 quais produ\u00e7\u00f5es estreiam at\u00e9 dia 31 de dezembro.<\/p>\n<p>O destaque fica com os novos epis\u00f3dios de \u201cVirgin River\u201d e \u201cThe Crown\u201d, al\u00e9m da estreia de \u201c<a href=\"https:\/\/catracalivre.com.br\/entretenimento\/netflix-anuncia-personagens-de-la-casa-de-papel-na-serie-berlim\/\" target=\"_blank\" rel=\"noopener\">Berlim<\/a>\u201c, derivada de \u201cLa Casa de Papel\u201d, e do live-action de \u201cYu Yu Hakusho\u201d. Aproveite para maratonar os lan\u00e7amentos!<\/p>\n<hr\/>\n<h2><strong>1) \u201cComedy Royale\u201d \u2013 1\u00aa temporada<\/strong><\/h2>\n<p><strong>Data de estreia: <\/strong>28 de novembro<\/p>\n<p>Humoristas escolhidos a dedo por \u00edcones da com\u00e9dia da Coreia buscam a chance de apresentar um especial da Netflix, em uma batalha que vai fazer voc\u00ea rolar de rir.<\/p>\n<p class=\"embed-responsive embed-responsive-16by9 mb-3 d-block\"><iframe loading=\"lazy\" title=\"Comedy Royale | Official Trailer | Netflix\" width=\"500\" height=\"281\" src=\"https:\/\/www.youtube.com\/embed\/nslsWvHlPBQ?feature=oembed\" frameborder=\"0\" allow=\"accelerometer; autoplay; clipboard-write; encrypted-media; gyroscope; picture-in-picture; web-share\" referrerpolicy=\"strict-origin-when-cross-origin\" allowfullscreen><\/iframe><\/p>\n<h2><strong>2) \u201cVirgin River\u201d \u2013 Parte 2 da 5\u00aa temporada <\/strong><\/h2>\n<p><strong>Data de estreia: <\/strong>30 de novembro<\/p>\n<p>Mel se adapta a outro ritmo de vida. Jack trabalha para ampliar os neg\u00f3cios. Novas revela\u00e7\u00f5es e amea\u00e7as abalam Virgin River.<\/p>\n<p class=\"embed-responsive embed-responsive-16by9 mb-3 d-block\"><iframe loading=\"lazy\" title=\"Virgin River | Temporada 5: parte 1 | Trailer Oficial | Netflix Brasil\" width=\"500\" height=\"281\" src=\"https:\/\/www.youtube.com\/embed\/xbUo58Xb2AM?feature=oembed\" frameborder=\"0\" allow=\"accelerometer; autoplay; clipboard-write; encrypted-media; gyroscope; picture-in-picture; web-share\" referrerpolicy=\"strict-origin-when-cross-origin\" allowfullscreen><\/iframe><\/p>\n<h2><strong>3) \u201cExplosivos\u201d \u2013 1\u00aa temporada<\/strong><\/h2>\n<p><strong>Data de estreia: <\/strong>30 de novembro<\/p>\n<p>Nesta s\u00e9rie de com\u00e9dia e a\u00e7\u00e3o cheia de adrenalina dos criadores de Cobra Kai, uma equipe de elite enfrenta uma perigosa amea\u00e7a em Las Vegas.<\/p>\n<p class=\"embed-responsive embed-responsive-16by9 mb-3 d-block\"><iframe loading=\"lazy\" title=\"Explosivos | Trailer Oficial | Netflix Brasil\" width=\"500\" height=\"281\" src=\"https:\/\/www.youtube.com\/embed\/UVjg4fr-eJY?feature=oembed\" frameborder=\"0\" allow=\"accelerometer; autoplay; clipboard-write; encrypted-media; gyroscope; picture-in-picture; web-share\" referrerpolicy=\"strict-origin-when-cross-origin\" allowfullscreen><\/iframe><\/p>\n<h2><strong>4) \u201cSweet Home\u201d 2\u00aa temporada <\/strong><\/h2>\n<p><strong>Data de estreia: <\/strong>1\u00ba de dezembro<\/p>\n<p>Quem est\u00e1 batendo \u00e0 porta? Um monstro, um humano, um h\u00edbrido\u2026 Os riscos s\u00e3o maiores do que nunca, o caos toma conta e ningu\u00e9m est\u00e1 a salvo da infec\u00e7\u00e3o.<\/p>\n<p class=\"embed-responsive embed-responsive-16by9 mb-3 d-block\"><iframe loading=\"lazy\" title=\"Sweet Home 2 | Trailer oficial | Netflix\" width=\"500\" height=\"281\" src=\"https:\/\/www.youtube.com\/embed\/ottSsbJmth8?feature=oembed\" frameborder=\"0\" allow=\"accelerometer; autoplay; clipboard-write; encrypted-media; gyroscope; picture-in-picture; web-share\" referrerpolicy=\"strict-origin-when-cross-origin\" allowfullscreen><\/iframe><\/p>\n<h2><strong>5) \u201cEu Odeio Natal\u201d \u2013 2\u00aa temporada<\/strong><\/h2>\n<p><strong> Data de estreia:<\/strong> 7 de dezembro<\/p>\n<p>Ent\u00e3o, \u00e9 Natal. Agora, Gianna est\u00e1 apaixonada e pronta para deixar o esp\u00edrito natalino fluir, custe o que custar.<\/p>\n<p class=\"embed-responsive embed-responsive-16by9 mb-3 d-block\"><iframe loading=\"lazy\" title=\"Eu Odeio o Natal 2022 Trailer Oficial Dublado\" width=\"500\" height=\"281\" src=\"https:\/\/www.youtube.com\/embed\/0OTb0mZ1oA8?feature=oembed\" frameborder=\"0\" allow=\"accelerometer; autoplay; clipboard-write; encrypted-media; gyroscope; picture-in-picture; web-share\" referrerpolicy=\"strict-origin-when-cross-origin\" allowfullscreen><\/iframe><\/p>\n<h2><strong>6) \u201cSolteiros, Ilhados e Desesperados\u201d \u2013 3\u00aa temporada <\/strong><\/h2>\n<p><strong>Data de estreia: <\/strong>12 de dezembro<\/p>\n<p>Em meio a muito drama e paix\u00e3o, um novo grupo de solteiros busca encontrar o amor e uma chance de chegar ao Para\u00edso.<\/p>\n<p class=\"embed-responsive embed-responsive-16by9 mb-3 d-block\"><iframe loading=\"lazy\" title=\"Solteiros, Ilhados e Desesperados 2 | Trailer oficial | Netflix\" width=\"500\" height=\"281\" src=\"https:\/\/www.youtube.com\/embed\/i2f_H3xlF_A?feature=oembed\" frameborder=\"0\" allow=\"accelerometer; autoplay; clipboard-write; encrypted-media; gyroscope; picture-in-picture; web-share\" referrerpolicy=\"strict-origin-when-cross-origin\" allowfullscreen><\/iframe><\/p>\n<h2><strong>7) \u201cA Criatura de Gyeongseong\u201d \u2013 1\u00aa temporada<\/strong><\/h2>\n<p><strong>Data de estreia: <\/strong>12 de dezembro<\/p>\n<p>Gyeongseong, 1945. Na sombria era colonial de Seul, um homem e uma mulher lutam para sobreviver, enfrentando um monstro criado a partir da gan\u00e2ncia humana.<\/p>\n<p class=\"embed-responsive embed-responsive-16by9 mb-3 d-block\"><iframe loading=\"lazy\" title=\"A Criatura de Gyeongseong | Teaser oficial | Netflix\" width=\"500\" height=\"281\" src=\"https:\/\/www.youtube.com\/embed\/R-iGhyy5Z3w?feature=oembed\" frameborder=\"0\" allow=\"accelerometer; autoplay; clipboard-write; encrypted-media; gyroscope; picture-in-picture; web-share\" referrerpolicy=\"strict-origin-when-cross-origin\" allowfullscreen><\/iframe><\/p>\n<h2><strong>8) \u201cYu Yu Hakusho\u201d \u2013 1\u00aa temporada<\/strong><\/h2>\n<p><strong>Data de estreia: <\/strong>14 de dezembro<\/p>\n<p>Depois de perder a vida em um ato de bondade, o delinquente juvenil Yusuke Urameshi \u00e9 chamado para ser detetive espiritual e investigar casos de Yokai perigosos.<\/p>\n<p class=\"embed-responsive embed-responsive-16by9 mb-3 d-block\"><iframe loading=\"lazy\" title=\"Yu Yu Hakusho | Teaser oficial | Netflix\" width=\"500\" height=\"281\" src=\"https:\/\/www.youtube.com\/embed\/irIaIg9O6qk?feature=oembed\" frameborder=\"0\" allow=\"accelerometer; autoplay; clipboard-write; encrypted-media; gyroscope; picture-in-picture; web-share\" referrerpolicy=\"strict-origin-when-cross-origin\" allowfullscreen><\/iframe><\/p>\n<h2><strong>9) \u201cThe Crown\u201d \u2013 Parte 2 da 6\u00aa temporada <\/strong><\/h2>\n<p><strong>Data de estreia: <\/strong>14 de dezembro<\/p>\n<p>Com a Comunidade Brit\u00e2nica estremecida, a rainha Elizabeth II reflete sobre sua vida e seu legado enquanto prepara o terreno para seus sucessores, Charles e William.<\/p>\n<p class=\"embed-responsive embed-responsive-16by9 mb-3 d-block\"><iframe loading=\"lazy\" title=\"The Crown: Temporada 6 | An\u00fancio de estreia | Netflix\" width=\"500\" height=\"281\" src=\"https:\/\/www.youtube.com\/embed\/XSQ349kKcXM?feature=oembed\" frameborder=\"0\" allow=\"accelerometer; autoplay; clipboard-write; encrypted-media; gyroscope; picture-in-picture; web-share\" referrerpolicy=\"strict-origin-when-cross-origin\" allowfullscreen><\/iframe><\/p>\n<h2><strong>10) \u201cAsas da Ambi\u00e7\u00e3o\u201d \u2013 2\u00aa temporada <\/strong><\/h2>\n<p><strong>Data de estreia:\u00a0<\/strong>14 de dezembro<\/p>\n<p>Asl\u0131 e Lale precisam questionar os padr\u00f5es e encarar novos desafios para sobreviver na implac\u00e1vel ind\u00fastria da m\u00eddia.<\/p>\n<p class=\"embed-responsive embed-responsive-16by9 mb-3 d-block\"><iframe loading=\"lazy\" title=\"As the Crow Flies: Season 2 | Official Teaser | Netflix\" width=\"500\" height=\"281\" src=\"https:\/\/www.youtube.com\/embed\/zR1AfeYRFNk?feature=oembed\" frameborder=\"0\" allow=\"accelerometer; autoplay; clipboard-write; encrypted-media; gyroscope; picture-in-picture; web-share\" referrerpolicy=\"strict-origin-when-cross-origin\" allowfullscreen><\/iframe><\/p>\n<h2><strong>11) \u201cAh, o Natal\u2026\u201d \u2013 1\u00aa temporada<\/strong><\/h2>\n<p><strong>Data de estreia: <\/strong>15 de dezembro<\/p>\n<p>Solteira aos 30 anos, Thando mente para a fam\u00edlia dizendo que tem um namorado. Agora ela tem 24 dias para apresentar algu\u00e9m na noite de Natal. Ser\u00e1 que ela vai conseguir?<\/p>\n<div id=\"attachment_2313760\" class=\"wp-caption alignnone\">\n<div class=\"d-flex justify-content-center\" data-attachment-id=\"2313760\">\n<div class=\"position-relative d-inline-block\"><img src=\"https:\/\/catracalivre.com.br\/entretenimento\/estas-15-series-estreiam-ainda-em-2023-no-catalogo-da-netflix\/Reprodu\u00e7\u00e3o\/Netflix\" decoding=\"async\" loading=\"lazy\" class=\"size-full wp-image-2313760\" alt=\"\u201cYoh! Christmas\u201d estreia em dezembro\" width=\"1200\" height=\"660\" srcset=\"https:\/\/catracalivre.com.br\/wp-content\/uploads\/2023\/11\/fotos-catraca-2023-11-23t224744420.png 1200w, https:\/\/catracalivre.com.br\/wp-content\/uploads\/2023\/11\/fotos-catraca-2023-11-23t224744420-450x248.png 450w, https:\/\/catracalivre.com.br\/wp-content\/uploads\/2023\/11\/fotos-catraca-2023-11-23t224744420-768x422.png 768w\" sizes=\"auto, (max-width: 1200px) 100vw, 1200px\"\/><\/p>\n<p>Cr\u00e9ditos: Reprodu\u00e7\u00e3o\/Netflix<\/p>\n<\/div>\n<\/div>\n<p><span class=\"post-imagem__legenda\">\u201cYoh! Christmas\u201d estreia em dezembro<\/span><\/p>\n<\/div>\n<h2><strong>12) \u201c<\/strong><strong>Minha Vida com a Fam\u00edlia Walter\u201d \u2013 1\u00aa temporada<\/strong><\/h2>\n<p><strong>Data de estreia: <\/strong>22 de dezembro<\/p>\n<p>Uma trag\u00e9dia transforma a vida de uma adolescente. Agora, ela precisa morar numa cidadezinha com a fam\u00edlia de sua tutora, onde aprende sobre amor, esperan\u00e7a e amizade.<\/p>\n<p class=\"embed-responsive embed-responsive-16by9 mb-3 d-block\"><iframe loading=\"lazy\" title=\"My Life With the Walter Boys | Official Trailer | Netflix\" width=\"500\" height=\"281\" src=\"https:\/\/www.youtube.com\/embed\/pHIXtOrHF80?feature=oembed\" frameborder=\"0\" allow=\"accelerometer; autoplay; clipboard-write; encrypted-media; gyroscope; picture-in-picture; web-share\" referrerpolicy=\"strict-origin-when-cross-origin\" allowfullscreen><\/iframe><\/p>\n<h2><strong>13) \u201cStar Trek: Prodigy\u201d \u2013 1\u00aa temporada <\/strong><\/h2>\n<p><strong>Data de estreia: <\/strong>25 de dezembro<\/p>\n<p>Um grupo de jovens aventureiros encontra uma nave abandonada da Frota Estelar e decide partir em uma viagem para explorar a gal\u00e1xia.<\/p>\n<p class=\"embed-responsive embed-responsive-16by9 mb-3 d-block\"><iframe loading=\"lazy\" title=\"Star Trek Prodigy | Official Trailer | Paramount+ Australia\" width=\"500\" height=\"281\" src=\"https:\/\/www.youtube.com\/embed\/FxMRhpW_ny8?feature=oembed\" frameborder=\"0\" allow=\"accelerometer; autoplay; clipboard-write; encrypted-media; gyroscope; picture-in-picture; web-share\" referrerpolicy=\"strict-origin-when-cross-origin\" allowfullscreen><\/iframe><\/p>\n<h2><strong>14) \u201cBerlim\u201d \u2013 1\u00aa temporada<\/strong><\/h2>\n<p><strong>Data de estreia: <\/strong>29 de dezembro<\/p>\n<p>Nos tempos \u00e1ureos que antecedem os acontecimentos de \u201cLa casa de papel\u201d, Berlim e um grupo genial se encontram em Paris para planejar um de seus assaltos mais ambiciosos.<\/p>\n<p class=\"embed-responsive embed-responsive-16by9 mb-3 d-block\"><iframe loading=\"lazy\" title=\"BERLIM | Teaser oficial | Netflix\" width=\"500\" height=\"281\" src=\"https:\/\/www.youtube.com\/embed\/n5_3EYFU0y4?feature=oembed\" frameborder=\"0\" allow=\"accelerometer; autoplay; clipboard-write; encrypted-media; gyroscope; picture-in-picture; web-share\" referrerpolicy=\"strict-origin-when-cross-origin\" allowfullscreen><\/iframe><\/p>\n<h2><strong>15) \u201cDe Volta \u00e0s Ra\u00edzes\u201d \u2013 1\u00aa temporada <\/strong><\/h2>\n<p><strong>Data de estreia: <\/strong>31 de dezembro<\/p>\n<p>Ap\u00f3s chegar ao auge da carreira, Sam-dal perde tudo e volta \u00e0s suas ra\u00edzes humildes. Uma hist\u00f3ria sobre paz e reflex\u00e3o ap\u00f3s um ciclo de triunfos e reveses.<\/p>\n<p class=\"embed-responsive embed-responsive-16by9 mb-3 d-block\"><iframe loading=\"lazy\" title=\"De Volta \u00e0s Ra\u00edzes | Trailer oficial | Netflix\" width=\"500\" height=\"281\" src=\"https:\/\/www.youtube.com\/embed\/KC8_f_JFsgI?feature=oembed\" frameborder=\"0\" allow=\"accelerometer; autoplay; clipboard-write; encrypted-media; gyroscope; picture-in-picture; web-share\" referrerpolicy=\"strict-origin-when-cross-origin\" allowfullscreen><\/iframe><\/p>\n<\/div>\n<p><script>\n\t\t! function(f, b, e, v, n, t, s) {\n\t\t\tif (f.fbq) return;\n\t\t\tn = f.fbq = function() {\n\t\t\t\tn.callMethod ?\n\t\t\t\t\tn.callMethod.apply(n, arguments) : n.queue.push(arguments)\n\t\t\t};\n\t\t\tif (!f._fbq) f._fbq = n;\n\t\t\tn.push = n;\n\t\t\tn.loaded = !0;\n\t\t\tn.version = '2.0';\n\t\t\tn.queue = [];\n\t\t\tt = b.createElement(e);\n\t\t\tt.async = !0;\n\t\t\tt.src = v;\n\t\t\ts = b.getElementsByTagName(e)[0];\n\t\t\ts.parentNode.insertBefore(t, s)\n\t\t}(window, document, 'script',\n\t\t\t'https:\/\/connect.facebook.net\/en_US\/fbevents.js');\n\t\tfbq('init', '338315473262380');\n\t\tfbq('track', 'PageView');\n\t<\/script><br \/>\n<br \/><br \/>\n<br \/><a href=\"https:\/\/catracalivre.com.br\/entretenimento\/estas-15-series-estreiam-ainda-em-2023-no-catalogo-da-netflix\/\">Source link <\/a><\/p>\n<div class='code-block code-block-4' style='margin: 8px auto 8px 0; text-align: left; display: block; clear: both;'>\n\ud83d\udce2 Aviso Legal\n\nO site ismaelcolosi.com.br atua apenas como um canal de divulga\u00e7\u00e3o de oportunidades de emprego e n\u00e3o se responsabiliza pelo processo seletivo, contrata\u00e7\u00e3o ou qualquer outra etapa relacionada \u00e0s vagas publicadas. Todas as informa\u00e7\u00f5es s\u00e3o de responsabilidade dos anunciantes.\n\n\u26a0\ufe0f Aten\u00e7\u00e3o! Nunca pague por promessas de emprego nem compre cursos que garantam contrata\u00e7\u00e3o. Desconfie de qualquer cobran\u00e7a para participar de sele\u00e7\u00f5es.\n\n\n<div data-type=\"_mgwidget\" data-widget-id=\"2000896\">\n<\/div>\n<script>(function(w,q){w[q]=w[q]||[];w[q].push([\"_mgc.load\"])})(window,\"_mgq\");\n<\/script>\n<\/div>\n<!-- CONTENT END 1 -->\n","protected":false},"excerpt":{"rendered":"<p>Cr\u00e9ditos: Reprodu\u00e7\u00e3o\/Netflix S\u00e9ries que estreiam na Netflix ainda em 2023 Para fechar 2023 com chave de ouro, a Netflix divulgou a lista com os lan\u00e7amentos&#8230;<\/p>\n","protected":false},"author":1,"featured_media":6724,"comment_status":"open","ping_status":"open","sticky":false,"template":"","format":"standard","meta":{"om_disable_all_campaigns":false,"_uag_custom_page_level_css":"","jetpack_post_was_ever_published":false,"_jetpack_newsletter_access":"","_jetpack_dont_email_post_to_subs":false,"_jetpack_newsletter_tier_id":0,"_jetpack_memberships_contains_paywalled_content":false,"_jetpack_memberships_contains_paid_content":false,"_joinchat":[],"footnotes":"","jetpack_publicize_message":"","jetpack_publicize_feature_enabled":true,"jetpack_social_post_already_shared":true,"jetpack_social_options":{"image_generator_settings":{"template":"highway","default_image_id":0,"font":"","enabled":false},"version":2}},"categories":[19],"tags":[],"class_list":["post-6723","post","type-post","status-publish","format-standard","has-post-thumbnail","hentry","category-variedades"],"aioseo_notices":[],"jetpack_publicize_connections":[],"jetpack_featured_media_url":"https:\/\/i0.wp.com\/ismaelcolosi.com.br\/wp-content\/uploads\/2023\/11\/fotos-catraca-2023-11-23t225920206.png?fit=1200%2C638&ssl=1","uagb_featured_image_src":{"full":["https:\/\/i0.wp.com\/ismaelcolosi.com.br\/wp-content\/uploads\/2023\/11\/fotos-catraca-2023-11-23t225920206.png?fit=1200%2C638&ssl=1",1200,638,false],"thumbnail":["https:\/\/i0.wp.com\/ismaelcolosi.com.br\/wp-content\/uploads\/2023\/11\/fotos-catraca-2023-11-23t225920206.png?resize=150%2C150&ssl=1",150,150,true],"medium":["https:\/\/i0.wp.com\/ismaelcolosi.com.br\/wp-content\/uploads\/2023\/11\/fotos-catraca-2023-11-23t225920206.png?fit=300%2C160&ssl=1",300,160,true],"medium_large":["https:\/\/i0.wp.com\/ismaelcolosi.com.br\/wp-content\/uploads\/2023\/11\/fotos-catraca-2023-11-23t225920206.png?fit=768%2C408&ssl=1",768,408,true],"large":["https:\/\/i0.wp.com\/ismaelcolosi.com.br\/wp-content\/uploads\/2023\/11\/fotos-catraca-2023-11-23t225920206.png?fit=1024%2C544&ssl=1",1024,544,true],"1536x1536":["https:\/\/i0.wp.com\/ismaelcolosi.com.br\/wp-content\/uploads\/2023\/11\/fotos-catraca-2023-11-23t225920206.png?fit=1200%2C638&ssl=1",1200,638,true],"2048x2048":["https:\/\/i0.wp.com\/ismaelcolosi.com.br\/wp-content\/uploads\/2023\/11\/fotos-catraca-2023-11-23t225920206.png?fit=1200%2C638&ssl=1",1200,638,true],"really-simple-thumb":["https:\/\/i0.wp.com\/ismaelcolosi.com.br\/wp-content\/uploads\/2023\/11\/fotos-catraca-2023-11-23t225920206.png?resize=370%2C247&ssl=1",370,247,true]},"uagb_author_info":{"display_name":"ismaelcolosi.com.br","author_link":"https:\/\/ismaelcolosi.com.br\/index.php\/author\/vidareal-online\/"},"uagb_comment_info":0,"uagb_excerpt":"Cr\u00e9ditos: Reprodu\u00e7\u00e3o\/Netflix S\u00e9ries que estreiam na Netflix ainda em 2023 Para fechar 2023 com chave de ouro, a Netflix divulgou a lista com os lan\u00e7amentos...","jetpack-related-posts":[{"id":4024,"url":"https:\/\/ismaelcolosi.com.br\/index.php\/2023\/11\/20\/7-series-imperdiveis-estreiam-na-netflix-ainda-em-2023\/","url_meta":{"origin":6723,"position":0},"title":"7 s\u00e9ries imperd\u00edveis estreiam na Netflix ainda em 2023","author":"ismaelcolosi.com.br","date":"20 de November de 2023","format":false,"excerpt":"Cr\u00e9ditos: Unsplash\/David BalevS\u00e9ries que estreiam na Netflix ainda em 2023 2023 est\u00e1 longe do fim na Netflix! O servi\u00e7o de streaming ainda tem s\u00e9ries in\u00e9ditas para lan\u00e7ar at\u00e9 as \u00faltimas semanas do ano. Entre os destaques, os assinantes ter\u00e3o o reality show \u201cRound 6: O Desafio\u201c, novos epis\u00f3dios da 5\u00aa\u2026","rel":"","context":"In &quot;Variedades&quot;","block_context":{"text":"Variedades","link":"https:\/\/ismaelcolosi.com.br\/index.php\/category\/variedades\/"},"img":{"alt_text":"","src":"https:\/\/i0.wp.com\/ismaelcolosi.com.br\/wp-content\/uploads\/2023\/11\/david-balev-ilwdw2lsozk-unsplash-scaled-e1687794401621.jpg?fit=1200%2C638&ssl=1&resize=350%2C200","width":350,"height":200,"srcset":"https:\/\/i0.wp.com\/ismaelcolosi.com.br\/wp-content\/uploads\/2023\/11\/david-balev-ilwdw2lsozk-unsplash-scaled-e1687794401621.jpg?fit=1200%2C638&ssl=1&resize=350%2C200 1x, https:\/\/i0.wp.com\/ismaelcolosi.com.br\/wp-content\/uploads\/2023\/11\/david-balev-ilwdw2lsozk-unsplash-scaled-e1687794401621.jpg?fit=1200%2C638&ssl=1&resize=525%2C300 1.5x, https:\/\/i0.wp.com\/ismaelcolosi.com.br\/wp-content\/uploads\/2023\/11\/david-balev-ilwdw2lsozk-unsplash-scaled-e1687794401621.jpg?fit=1200%2C638&ssl=1&resize=700%2C400 2x, https:\/\/i0.wp.com\/ismaelcolosi.com.br\/wp-content\/uploads\/2023\/11\/david-balev-ilwdw2lsozk-unsplash-scaled-e1687794401621.jpg?fit=1200%2C638&ssl=1&resize=1050%2C600 3x"},"classes":[]},{"id":7206,"url":"https:\/\/ismaelcolosi.com.br\/index.php\/2023\/11\/27\/quais-filmes-e-series-estreiam-nesta-semana-nos-streamings-veja-a-lista\/","url_meta":{"origin":6723,"position":1},"title":"Quais filmes e s\u00e9ries estreiam nesta semana nos streamings? Veja a lista","author":"ismaelcolosi.com.br","date":"27 de November de 2023","format":false,"excerpt":"Cr\u00e9ditos: reprodu\u00e7\u00e3o\/DisneyNovos filmes e s\u00e9ries estreiam nos streamings; veja a llista Entre 26 de dezembro e 2 de dezembro, os streamings prometem as estreias de grandes filmes e s\u00e9ries. Para entrar em clima de Natal, \u201cRitmo de Natal\u201d, do Globoplay, e \u201cA Batalha de Natal\u201d, do Prime Video, est\u00e3o entre\u2026","rel":"","context":"In &quot;Variedades&quot;","block_context":{"text":"Variedades","link":"https:\/\/ismaelcolosi.com.br\/index.php\/category\/variedades\/"},"img":{"alt_text":"","src":"https:\/\/i0.wp.com\/ismaelcolosi.com.br\/wp-content\/uploads\/2023\/11\/fotos-catraca-2023-11-27t132847745.png?fit=1200%2C638&ssl=1&resize=350%2C200","width":350,"height":200,"srcset":"https:\/\/i0.wp.com\/ismaelcolosi.com.br\/wp-content\/uploads\/2023\/11\/fotos-catraca-2023-11-27t132847745.png?fit=1200%2C638&ssl=1&resize=350%2C200 1x, https:\/\/i0.wp.com\/ismaelcolosi.com.br\/wp-content\/uploads\/2023\/11\/fotos-catraca-2023-11-27t132847745.png?fit=1200%2C638&ssl=1&resize=525%2C300 1.5x, https:\/\/i0.wp.com\/ismaelcolosi.com.br\/wp-content\/uploads\/2023\/11\/fotos-catraca-2023-11-27t132847745.png?fit=1200%2C638&ssl=1&resize=700%2C400 2x, https:\/\/i0.wp.com\/ismaelcolosi.com.br\/wp-content\/uploads\/2023\/11\/fotos-catraca-2023-11-27t132847745.png?fit=1200%2C638&ssl=1&resize=1050%2C600 3x"},"classes":[]},{"id":7164,"url":"https:\/\/ismaelcolosi.com.br\/index.php\/2023\/11\/27\/estes-filmes-nacionais-estreiam-ainda-em-2023-nos-cinemas-e-voce-precisa-ver\/","url_meta":{"origin":6723,"position":2},"title":"Estes filmes nacionais estreiam ainda em 2023 nos cinemas e voc\u00ea precisa\u00a0ver","author":"ismaelcolosi.com.br","date":"27 de November de 2023","format":false,"excerpt":"Cr\u00e9ditos: iStock\/batuhan toker Foi aqui que pediram novidades no cinema nacional? Alguns filmes chegam ainda em 2023 e voc\u00ea n\u00e3o pode perder a chance de ir aos cinemas. Dezembro promete grandes estreias para os cin\u00e9filos e amantes dos longas brasileiros. Tem as atrizes Larissa Manoela, Ingrid Guimar\u00e3es e Tat\u00e1 Werneck\u2026","rel":"","context":"In &quot;Variedades&quot;","block_context":{"text":"Variedades","link":"https:\/\/ismaelcolosi.com.br\/index.php\/category\/variedades\/"},"img":{"alt_text":"","src":"https:\/\/i0.wp.com\/ismaelcolosi.com.br\/wp-content\/uploads\/2023\/11\/istock-1271522553-scaled.jpg?fit=1200%2C638&ssl=1&resize=350%2C200","width":350,"height":200,"srcset":"https:\/\/i0.wp.com\/ismaelcolosi.com.br\/wp-content\/uploads\/2023\/11\/istock-1271522553-scaled.jpg?fit=1200%2C638&ssl=1&resize=350%2C200 1x, https:\/\/i0.wp.com\/ismaelcolosi.com.br\/wp-content\/uploads\/2023\/11\/istock-1271522553-scaled.jpg?fit=1200%2C638&ssl=1&resize=525%2C300 1.5x, https:\/\/i0.wp.com\/ismaelcolosi.com.br\/wp-content\/uploads\/2023\/11\/istock-1271522553-scaled.jpg?fit=1200%2C638&ssl=1&resize=700%2C400 2x, https:\/\/i0.wp.com\/ismaelcolosi.com.br\/wp-content\/uploads\/2023\/11\/istock-1271522553-scaled.jpg?fit=1200%2C638&ssl=1&resize=1050%2C600 3x"},"classes":[]},{"id":22335,"url":"https:\/\/ismaelcolosi.com.br\/index.php\/2023\/12\/29\/veja-quando-botafogo-e-comercial-estreiam-na-copa-sp-de-futebol-jr-2024\/","url_meta":{"origin":6723,"position":3},"title":"Veja quando Botafogo e Comercial estreiam na Copa SP de Futebol Jr 2024","author":"ismaelcolosi.com.br","date":"29 de December de 2023","format":false,"excerpt":"O campeonato de futebol de base mais tradicional do Brasil, a Copa S\u00e3o Paulo de Futebol J\u00fanior, come\u00e7a logo no in\u00edcio de 2024 e os clubes de Ribeir\u00e3o Preto, Botafogo e Comercial, v\u00e3o representar a cidade na competi\u00e7\u00e3o. O Comercial estreia contra o Gr\u00eamio Novorizontino, na quarta-feira (3), a partir\u2026","rel":"","context":"In &quot;Not\u00edcias de Ribeir\u00e3o Preto-SP e Regi\u00e3o&quot;","block_context":{"text":"Not\u00edcias de Ribeir\u00e3o Preto-SP e Regi\u00e3o","link":"https:\/\/ismaelcolosi.com.br\/index.php\/category\/noticias-de-ribeirao-preto-sp-e-regiao-ismael-colosi\/"},"img":{"alt_text":"","src":"https:\/\/i0.wp.com\/ismaelcolosi.com.br\/wp-content\/uploads\/2023\/12\/trofeu-copinha.jpg?fit=1200%2C799&ssl=1&resize=350%2C200","width":350,"height":200,"srcset":"https:\/\/i0.wp.com\/ismaelcolosi.com.br\/wp-content\/uploads\/2023\/12\/trofeu-copinha.jpg?fit=1200%2C799&ssl=1&resize=350%2C200 1x, https:\/\/i0.wp.com\/ismaelcolosi.com.br\/wp-content\/uploads\/2023\/12\/trofeu-copinha.jpg?fit=1200%2C799&ssl=1&resize=525%2C300 1.5x, https:\/\/i0.wp.com\/ismaelcolosi.com.br\/wp-content\/uploads\/2023\/12\/trofeu-copinha.jpg?fit=1200%2C799&ssl=1&resize=700%2C400 2x, https:\/\/i0.wp.com\/ismaelcolosi.com.br\/wp-content\/uploads\/2023\/12\/trofeu-copinha.jpg?fit=1200%2C799&ssl=1&resize=1050%2C600 3x"},"classes":[]},{"id":7296,"url":"https:\/\/ismaelcolosi.com.br\/index.php\/2023\/11\/27\/estas-8-producoes-chegam-a-netflix-nesta-semana-e-voce-precisa-assistir\/","url_meta":{"origin":6723,"position":4},"title":"Estas 8 produ\u00e7\u00f5es chegam \u00e0 Netflix nesta semana e voc\u00ea precisa assistir","author":"ismaelcolosi.com.br","date":"27 de November de 2023","format":false,"excerpt":"Cr\u00e9ditos: Depositphotos\/PraneatProdu\u00e7\u00f5es que estreiam na Netflix nesta semana Mais uma semana est\u00e1 come\u00e7ando e chegou a hora de conferir os lan\u00e7amentos da Netflix para os pr\u00f3ximos dias. At\u00e9 o pr\u00f3ximo s\u00e1bado, 2 de dezembro, os assinantes ter\u00e3o muitas novidades no cat\u00e1logo. Conhe\u00e7a as novas produ\u00e7\u00f5es abaixo, que est\u00e3o acompanhadas da\u2026","rel":"","context":"In &quot;Variedades&quot;","block_context":{"text":"Variedades","link":"https:\/\/ismaelcolosi.com.br\/index.php\/category\/variedades\/"},"img":{"alt_text":"","src":"https:\/\/i0.wp.com\/ismaelcolosi.com.br\/wp-content\/uploads\/2023\/11\/depositphotos-281292160-xl-scaled-e1701043226103.jpg?fit=1200%2C638&ssl=1&resize=350%2C200","width":350,"height":200,"srcset":"https:\/\/i0.wp.com\/ismaelcolosi.com.br\/wp-content\/uploads\/2023\/11\/depositphotos-281292160-xl-scaled-e1701043226103.jpg?fit=1200%2C638&ssl=1&resize=350%2C200 1x, https:\/\/i0.wp.com\/ismaelcolosi.com.br\/wp-content\/uploads\/2023\/11\/depositphotos-281292160-xl-scaled-e1701043226103.jpg?fit=1200%2C638&ssl=1&resize=525%2C300 1.5x, https:\/\/i0.wp.com\/ismaelcolosi.com.br\/wp-content\/uploads\/2023\/11\/depositphotos-281292160-xl-scaled-e1701043226103.jpg?fit=1200%2C638&ssl=1&resize=700%2C400 2x, https:\/\/i0.wp.com\/ismaelcolosi.com.br\/wp-content\/uploads\/2023\/11\/depositphotos-281292160-xl-scaled-e1701043226103.jpg?fit=1200%2C638&ssl=1&resize=1050%2C600 3x"},"classes":[]},{"id":10666,"url":"https:\/\/ismaelcolosi.com.br\/index.php\/2023\/12\/04\/estes-11-filmes-estreiam-nos-cinemas-ainda-em-2023-veja-a-lista\/","url_meta":{"origin":6723,"position":5},"title":"Estes 11 filmes estreiam nos cinemas ainda em 2023; veja a lista","author":"ismaelcolosi.com.br","date":"4 de December de 2023","format":false,"excerpt":"Cr\u00e9ditos: Depositphotos\/SeventyFourFilmes que estreiam ainda em 2023 nos cinemas Dezembro est\u00e1 chegando e, com ele, o p\u00fablico ter\u00e1 as \u00faltimas estreias de 2023. Ainda d\u00e1 tempo de ir aos cinemas neste ano, hein?! Para os amantes dos filmes brasileiros, a lista traz diversos lan\u00e7amentos in\u00e9ditos, incluindo o\u00a0filme biogr\u00e1fico da\u00a0banda Mamonas\u2026","rel":"","context":"In &quot;Variedades&quot;","block_context":{"text":"Variedades","link":"https:\/\/ismaelcolosi.com.br\/index.php\/category\/variedades\/"},"img":{"alt_text":"","src":"https:\/\/i0.wp.com\/ismaelcolosi.com.br\/wp-content\/uploads\/2023\/12\/depositphotos-677085492-xl-scaled.jpg?fit=1200%2C638&ssl=1&resize=350%2C200","width":350,"height":200,"srcset":"https:\/\/i0.wp.com\/ismaelcolosi.com.br\/wp-content\/uploads\/2023\/12\/depositphotos-677085492-xl-scaled.jpg?fit=1200%2C638&ssl=1&resize=350%2C200 1x, https:\/\/i0.wp.com\/ismaelcolosi.com.br\/wp-content\/uploads\/2023\/12\/depositphotos-677085492-xl-scaled.jpg?fit=1200%2C638&ssl=1&resize=525%2C300 1.5x, https:\/\/i0.wp.com\/ismaelcolosi.com.br\/wp-content\/uploads\/2023\/12\/depositphotos-677085492-xl-scaled.jpg?fit=1200%2C638&ssl=1&resize=700%2C400 2x, https:\/\/i0.wp.com\/ismaelcolosi.com.br\/wp-content\/uploads\/2023\/12\/depositphotos-677085492-xl-scaled.jpg?fit=1200%2C638&ssl=1&resize=1050%2C600 3x"},"classes":[]}],"jetpack_sharing_enabled":true,"jetpack_shortlink":"https:\/\/wp.me\/pfMlyK-1Kr","_links":{"self":[{"href":"https:\/\/ismaelcolosi.com.br\/index.php\/wp-json\/wp\/v2\/posts\/6723","targetHints":{"allow":["GET"]}}],"collection":[{"href":"https:\/\/ismaelcolosi.com.br\/index.php\/wp-json\/wp\/v2\/posts"}],"about":[{"href":"https:\/\/ismaelcolosi.com.br\/index.php\/wp-json\/wp\/v2\/types\/post"}],"author":[{"embeddable":true,"href":"https:\/\/ismaelcolosi.com.br\/index.php\/wp-json\/wp\/v2\/users\/1"}],"replies":[{"embeddable":true,"href":"https:\/\/ismaelcolosi.com.br\/index.php\/wp-json\/wp\/v2\/comments?post=6723"}],"version-history":[{"count":0,"href":"https:\/\/ismaelcolosi.com.br\/index.php\/wp-json\/wp\/v2\/posts\/6723\/revisions"}],"wp:featuredmedia":[{"embeddable":true,"href":"https:\/\/ismaelcolosi.com.br\/index.php\/wp-json\/wp\/v2\/media\/6724"}],"wp:attachment":[{"href":"https:\/\/ismaelcolosi.com.br\/index.php\/wp-json\/wp\/v2\/media?parent=6723"}],"wp:term":[{"taxonomy":"category","embeddable":true,"href":"https:\/\/ismaelcolosi.com.br\/index.php\/wp-json\/wp\/v2\/categories?post=6723"},{"taxonomy":"post_tag","embeddable":true,"href":"https:\/\/ismaelcolosi.com.br\/index.php\/wp-json\/wp\/v2\/tags?post=6723"}],"curies":[{"name":"wp","href":"https:\/\/api.w.org\/{rel}","templated":true}]}}