{"id":6699,"date":"2023-11-26T16:17:35","date_gmt":"2023-11-26T19:17:35","guid":{"rendered":"https:\/\/ismaelcolosi.com.br\/index.php\/2023\/11\/26\/fui-machucada-durante-muito-tempo\/"},"modified":"2023-11-26T16:17:35","modified_gmt":"2023-11-26T19:17:35","slug":"fui-machucada-durante-muito-tempo","status":"publish","type":"post","link":"https:\/\/ismaelcolosi.com.br\/index.php\/2023\/11\/26\/fui-machucada-durante-muito-tempo\/","title":{"rendered":"&#8216;Fui machucada durante muito tempo&#8217;"},"content":{"rendered":"<p> <br \/>\n<\/p>\n<div itemprop=\"text\">\n<p>A famosa apresentadora Ana Hickmann concedeu uma entrevista para canais de comunica\u00e7\u00e3o pela primeira vez ap\u00f3s ter sido agredida pelo seu pr\u00f3prio marido, Alexandre Correa.<\/p>\n<p>Na conversa, que ser\u00e1 exibida pela emissora Record, durante o \u2019Domingo Espetacular\u2019, Ana contou que entrou com um pedido de div\u00f3rcio, al\u00e9m de ter pedido por uma medida protetiva.<\/p>\n<p>Durante a entrevista, Hickmann n\u00e3o conseguiu segurar suas l\u00e1grimas e se mostrou bastante emocionada, contando que sentiu muito medo durante o ato e que o empres\u00e1rio n\u00e3o queria a soltar de forma alguma.<\/p>\n<p><strong>\u201cSou eu que estou aqui machucada e fui machucada durante muito tempo\u201d<\/strong>, declarou ela, durante um trecho e dando a entender que a crise no casamento vem acontecendo h\u00e1 um bom tempo.<\/p>\n<p>Ana e Alexandre s\u00e3o casados h\u00e1 vinte e cinco anos. O relacionamento dos dois come\u00e7ou quando a famosa tinha apenas 16 anos de idade. Os dois terem tido uma discuss\u00e3o dentro da cozinha da mans\u00e3o em que moram e a situa\u00e7\u00e3o teria terminado em agress\u00e3o.<\/p>\n<p>De acordo com o boletim de ocorr\u00eancia, Alexandre, que luta jiu-jitsu, teria pressionado Ana contra uma parede e amea\u00e7ado dar cabe\u00e7adas. Toda a briga aconteceu em frente dos funcion\u00e1rios da fam\u00edlia e do filho de 10 anos do casal.<\/p>\n<p>Ap\u00f3s ter se gritado e se debatido, a famosa chamou a Pol\u00edcia Militar, pois estava sentindo muito medo. Quando as autoridades chegaram, Alexandre j\u00e1 teria sa\u00eddo do local, assim fugindo da pris\u00e3o em flagrante.<\/p>\n<p>Neste momento t\u00e3o complicado, muitos buscam prestar apoio para a famosa. A entrevista dever\u00e1 ir ao neste domingo, dia 26 de novembro.<\/p>\n<\/div>\n<p><br \/>\n<br \/><a href=\"https:\/\/fnmais.com\/ana-hickmann-em-primeira-entrevista-expoe-lado-sombrio-seu-casamento-fui-machucada-durante-muito-tempo\/\">Source link <\/a><\/p>\n<div class='code-block code-block-4' style='margin: 8px auto 8px 0; text-align: left; display: block; clear: both;'>\n\ud83d\udce2 Aviso Legal\n\nO site ismaelcolosi.com.br atua apenas como um canal de divulga\u00e7\u00e3o de oportunidades de emprego e n\u00e3o se responsabiliza pelo processo seletivo, contrata\u00e7\u00e3o ou qualquer outra etapa relacionada \u00e0s vagas publicadas. Todas as informa\u00e7\u00f5es s\u00e3o de responsabilidade dos anunciantes.\n\n\u26a0\ufe0f Aten\u00e7\u00e3o! Nunca pague por promessas de emprego nem compre cursos que garantam contrata\u00e7\u00e3o. Desconfie de qualquer cobran\u00e7a para participar de sele\u00e7\u00f5es.\n\n\n\n<\/div>\n<!-- CONTENT END 1 -->\n","protected":false},"excerpt":{"rendered":"<p>A famosa apresentadora Ana Hickmann concedeu uma entrevista para canais de comunica\u00e7\u00e3o pela primeira vez ap\u00f3s ter sido agredida pelo seu pr\u00f3prio marido, Alexandre Correa&#8230;.<\/p>\n","protected":false},"author":1,"featured_media":6700,"comment_status":"open","ping_status":"open","sticky":false,"template":"","format":"standard","meta":{"_uag_custom_page_level_css":"","advanced_seo_description":"","jetpack_seo_html_title":"","jetpack_seo_noindex":false,"jetpack_post_was_ever_published":false,"_jetpack_newsletter_access":"","_jetpack_dont_email_post_to_subs":false,"_jetpack_newsletter_tier_id":0,"_jetpack_memberships_contains_paywalled_content":false,"_jetpack_memberships_contains_paid_content":false,"footnotes":"","jetpack_publicize_message":"","jetpack_publicize_feature_enabled":true,"jetpack_social_post_already_shared":true,"jetpack_social_options":{"image_generator_settings":{"template":"highway","default_image_id":0,"font":"","enabled":false},"version":2}},"categories":[1],"tags":[],"class_list":["post-6699","post","type-post","status-publish","format-standard","has-post-thumbnail","hentry","category-blog"],"jetpack_publicize_connections":[],"jetpack_featured_media_url":"https:\/\/i0.wp.com\/ismaelcolosi.com.br\/wp-content\/uploads\/2023\/11\/postimg-65637eb56a7125929.jpg?fit=1200%2C628&ssl=1","uagb_featured_image_src":{"full":["https:\/\/i0.wp.com\/ismaelcolosi.com.br\/wp-content\/uploads\/2023\/11\/postimg-65637eb56a7125929.jpg?fit=1200%2C628&ssl=1",1200,628,false],"thumbnail":["https:\/\/i0.wp.com\/ismaelcolosi.com.br\/wp-content\/uploads\/2023\/11\/postimg-65637eb56a7125929.jpg?resize=150%2C150&ssl=1",150,150,true],"medium":["https:\/\/i0.wp.com\/ismaelcolosi.com.br\/wp-content\/uploads\/2023\/11\/postimg-65637eb56a7125929.jpg?fit=300%2C157&ssl=1",300,157,true],"medium_large":["https:\/\/i0.wp.com\/ismaelcolosi.com.br\/wp-content\/uploads\/2023\/11\/postimg-65637eb56a7125929.jpg?fit=768%2C402&ssl=1",768,402,true],"large":["https:\/\/i0.wp.com\/ismaelcolosi.com.br\/wp-content\/uploads\/2023\/11\/postimg-65637eb56a7125929.jpg?fit=1024%2C536&ssl=1",1024,536,true],"1536x1536":["https:\/\/i0.wp.com\/ismaelcolosi.com.br\/wp-content\/uploads\/2023\/11\/postimg-65637eb56a7125929.jpg?fit=1200%2C628&ssl=1",1200,628,true],"2048x2048":["https:\/\/i0.wp.com\/ismaelcolosi.com.br\/wp-content\/uploads\/2023\/11\/postimg-65637eb56a7125929.jpg?fit=1200%2C628&ssl=1",1200,628,true],"really-simple-thumb":["https:\/\/i0.wp.com\/ismaelcolosi.com.br\/wp-content\/uploads\/2023\/11\/postimg-65637eb56a7125929.jpg?resize=370%2C247&ssl=1",370,247,true]},"uagb_author_info":{"display_name":"ismaelcolosi.com.br","author_link":"https:\/\/ismaelcolosi.com.br\/index.php\/author\/vidareal-online\/"},"uagb_comment_info":0,"uagb_excerpt":"A famosa apresentadora Ana Hickmann concedeu uma entrevista para canais de comunica\u00e7\u00e3o pela primeira vez ap\u00f3s ter sido agredida pelo seu pr\u00f3prio marido, Alexandre Correa....","jetpack-related-posts":[{"id":10379,"url":"https:\/\/ismaelcolosi.com.br\/index.php\/2023\/12\/04\/ana-hickmann-fala-sobre-abordagem-de-mulheres-na-rua-apos-denuncia-de-agressao-contra-ex-marido\/","url_meta":{"origin":6699,"position":0},"title":"Ana Hickmann fala sobre abordagem de mulheres na rua ap\u00f3s den\u00fancia de agress\u00e3o contra ex marido","author":"ismaelcolosi.com.br","date":"4 de December de 2023","format":false,"excerpt":"A apresentadora Ana Hickmann tem sido nome de motiva\u00e7\u00e3o e exemplo para algumas mulheres. Em um relato feito pela pr\u00f3pria, ela contou que duas mulheres chegaram at\u00e9 ela para falar sobre a representatividade que tiveram com eu caso.\u201cEu n\u00e3o sabia da vida dela. Ela me disse: \u2018voc\u00ea me representou quando\u2026","rel":"","context":"In &quot;Blog&quot;","block_context":{"text":"Blog","link":"https:\/\/ismaelcolosi.com.br\/index.php\/category\/blog\/"},"img":{"alt_text":"","src":"https:\/\/i0.wp.com\/ismaelcolosi.com.br\/wp-content\/uploads\/2023\/12\/postimg-656def305ce562844.jpg?fit=1200%2C628&ssl=1&resize=350%2C200","width":350,"height":200,"srcset":"https:\/\/i0.wp.com\/ismaelcolosi.com.br\/wp-content\/uploads\/2023\/12\/postimg-656def305ce562844.jpg?fit=1200%2C628&ssl=1&resize=350%2C200 1x, https:\/\/i0.wp.com\/ismaelcolosi.com.br\/wp-content\/uploads\/2023\/12\/postimg-656def305ce562844.jpg?fit=1200%2C628&ssl=1&resize=525%2C300 1.5x, https:\/\/i0.wp.com\/ismaelcolosi.com.br\/wp-content\/uploads\/2023\/12\/postimg-656def305ce562844.jpg?fit=1200%2C628&ssl=1&resize=700%2C400 2x, https:\/\/i0.wp.com\/ismaelcolosi.com.br\/wp-content\/uploads\/2023\/12\/postimg-656def305ce562844.jpg?fit=1200%2C628&ssl=1&resize=1050%2C600 3x"},"classes":[]},{"id":8038,"url":"https:\/\/ismaelcolosi.com.br\/index.php\/2023\/11\/29\/ana-hickmann-tem-pedido-negado-pela-justica-apos-pedir-divorcio-pela-maria-da-penha-contra-marido\/","url_meta":{"origin":6699,"position":1},"title":"Ana Hickmann tem pedido negado pela justi\u00e7a ap\u00f3s pedir div\u00f3rcio pela Maria da Penha contra marido","author":"ismaelcolosi.com.br","date":"29 de November de 2023","format":false,"excerpt":"A apresentadora Ana Hickmann tem vivido dias dif\u00edceis nas \u00faltimas semanas. Isso porque a famosa, que tem 42 anos, foi agredida pelo marido, o empres\u00e1rio Alexandre Corr\u00eaa, com quem \u00e9 casada h\u00e1 15 anos.No total, Ana e Alexandre j\u00e1 estavam juntos h\u00e1 25 anos. Os dois s\u00e3o pais do pequeno\u2026","rel":"","context":"In &quot;Blog&quot;","block_context":{"text":"Blog","link":"https:\/\/ismaelcolosi.com.br\/index.php\/category\/blog\/"},"img":{"alt_text":"","src":"https:\/\/i0.wp.com\/ismaelcolosi.com.br\/wp-content\/uploads\/2023\/11\/postimg-6567392438ac57662.jpg?fit=1200%2C628&ssl=1&resize=350%2C200","width":350,"height":200,"srcset":"https:\/\/i0.wp.com\/ismaelcolosi.com.br\/wp-content\/uploads\/2023\/11\/postimg-6567392438ac57662.jpg?fit=1200%2C628&ssl=1&resize=350%2C200 1x, https:\/\/i0.wp.com\/ismaelcolosi.com.br\/wp-content\/uploads\/2023\/11\/postimg-6567392438ac57662.jpg?fit=1200%2C628&ssl=1&resize=525%2C300 1.5x, https:\/\/i0.wp.com\/ismaelcolosi.com.br\/wp-content\/uploads\/2023\/11\/postimg-6567392438ac57662.jpg?fit=1200%2C628&ssl=1&resize=700%2C400 2x, https:\/\/i0.wp.com\/ismaelcolosi.com.br\/wp-content\/uploads\/2023\/11\/postimg-6567392438ac57662.jpg?fit=1200%2C628&ssl=1&resize=1050%2C600 3x"},"classes":[]},{"id":32562,"url":"https:\/\/ismaelcolosi.com.br\/index.php\/2024\/01\/25\/alexandre-correa-se-cansa-e-fala-sobre-romance-de-ana-hickmann-com-edu-guedes-fui-corn-ver-mais\/","url_meta":{"origin":6699,"position":2},"title":"Alexandre Correa SE CANSA e fala sobre ROMANCE de Ana Hickmann com Edu Guedes: &#8220;Fui corn&#8230;Ver mais","author":"ismaelcolosi.com.br","date":"25 de January de 2024","format":false,"excerpt":"Depois de tantas pol\u00eamicas e acusa\u00e7\u00f5es s\u00e9rias entre Ana Hickmann e seu ex-marido Alexandre Correa mais atualiza\u00e7\u00f5es foram disponibilizadas pelo empres\u00e1rio. Dando a sua vers\u00e3o dos fatos, Alexandre explicou o seu ponto de vista do que estava acontecendo na rela\u00e7\u00e3o matrimonial. Segundo ele, a separa\u00e7\u00e3o foi calculada e totalmente premeditada\u2026","rel":"","context":"In &quot;Variedades&quot;","block_context":{"text":"Variedades","link":"https:\/\/ismaelcolosi.com.br\/index.php\/category\/variedades\/"},"img":{"alt_text":"","src":"https:\/\/i0.wp.com\/ismaelcolosi.com.br\/wp-content\/uploads\/2024\/01\/Apresentacao-sem-titulo.png?fit=960%2C540&ssl=1&resize=350%2C200","width":350,"height":200,"srcset":"https:\/\/i0.wp.com\/ismaelcolosi.com.br\/wp-content\/uploads\/2024\/01\/Apresentacao-sem-titulo.png?fit=960%2C540&ssl=1&resize=350%2C200 1x, https:\/\/i0.wp.com\/ismaelcolosi.com.br\/wp-content\/uploads\/2024\/01\/Apresentacao-sem-titulo.png?fit=960%2C540&ssl=1&resize=525%2C300 1.5x, https:\/\/i0.wp.com\/ismaelcolosi.com.br\/wp-content\/uploads\/2024\/01\/Apresentacao-sem-titulo.png?fit=960%2C540&ssl=1&resize=700%2C400 2x"},"classes":[]},{"id":6794,"url":"https:\/\/ismaelcolosi.com.br\/index.php\/2023\/11\/26\/jurei-que-nenhum-homem-me-faria-isso\/","url_meta":{"origin":6699,"position":3},"title":"&#8216;Jurei que nenhum homem me faria isso&#8217;","author":"ismaelcolosi.com.br","date":"26 de November de 2023","format":false,"excerpt":"Enfrentando um processo de div\u00f3rcio conturbado, ap\u00f3s ter denunciado o marido por viol\u00eancia dom\u00e9stica, Ana Hickmann quebrou o sil\u00eancio pela primeira vez. Em entrevista, a apresentadora falou abertamente sobre o caso.Ana foi casada por mais de 20 anos com Alexandre Correa, que desempenhava tamb\u00e9m papel de seu empres\u00e1rio. O t\u00e9rmino\u2026","rel":"","context":"In &quot;Blog&quot;","block_context":{"text":"Blog","link":"https:\/\/ismaelcolosi.com.br\/index.php\/category\/blog\/"},"img":{"alt_text":"","src":"https:\/\/i0.wp.com\/ismaelcolosi.com.br\/wp-content\/uploads\/2023\/11\/postimg-6563ed8c550445587.jpg?fit=1200%2C628&ssl=1&resize=350%2C200","width":350,"height":200,"srcset":"https:\/\/i0.wp.com\/ismaelcolosi.com.br\/wp-content\/uploads\/2023\/11\/postimg-6563ed8c550445587.jpg?fit=1200%2C628&ssl=1&resize=350%2C200 1x, https:\/\/i0.wp.com\/ismaelcolosi.com.br\/wp-content\/uploads\/2023\/11\/postimg-6563ed8c550445587.jpg?fit=1200%2C628&ssl=1&resize=525%2C300 1.5x, https:\/\/i0.wp.com\/ismaelcolosi.com.br\/wp-content\/uploads\/2023\/11\/postimg-6563ed8c550445587.jpg?fit=1200%2C628&ssl=1&resize=700%2C400 2x, https:\/\/i0.wp.com\/ismaelcolosi.com.br\/wp-content\/uploads\/2023\/11\/postimg-6563ed8c550445587.jpg?fit=1200%2C628&ssl=1&resize=1050%2C600 3x"},"classes":[]},{"id":7070,"url":"https:\/\/ismaelcolosi.com.br\/index.php\/2023\/11\/27\/alexandre-correa-alega-que-ana-hickmann-teria-feito-o-filho-chorar-compulsivamente-no-dia-da-briga\/","url_meta":{"origin":6699,"position":4},"title":"Alexandre Correa alega que Ana Hickmann teria feito o filho chorar compulsivamente no dia da briga","author":"ismaelcolosi.com.br","date":"27 de November de 2023","format":false,"excerpt":"O empres\u00e1rio Alexandre Correa, acusado de agredir a pr\u00f3pria esposa, Ana Hickmann, conversou com canais de comunica\u00e7\u00e3o ap\u00f3s ter se deparado com a entrevista que a esposa concedeu para canais de comunica\u00e7\u00e3o, detalhando o que teria acontecido no dia em que foi agredida dentro de sua mans\u00e3o.Agora, o casal, que\u2026","rel":"","context":"In &quot;Blog&quot;","block_context":{"text":"Blog","link":"https:\/\/ismaelcolosi.com.br\/index.php\/category\/blog\/"},"img":{"alt_text":"","src":"https:\/\/i0.wp.com\/ismaelcolosi.com.br\/wp-content\/uploads\/2023\/11\/postimg-6564cfe108f3a7181.jpg?fit=1200%2C628&ssl=1&resize=350%2C200","width":350,"height":200,"srcset":"https:\/\/i0.wp.com\/ismaelcolosi.com.br\/wp-content\/uploads\/2023\/11\/postimg-6564cfe108f3a7181.jpg?fit=1200%2C628&ssl=1&resize=350%2C200 1x, https:\/\/i0.wp.com\/ismaelcolosi.com.br\/wp-content\/uploads\/2023\/11\/postimg-6564cfe108f3a7181.jpg?fit=1200%2C628&ssl=1&resize=525%2C300 1.5x, https:\/\/i0.wp.com\/ismaelcolosi.com.br\/wp-content\/uploads\/2023\/11\/postimg-6564cfe108f3a7181.jpg?fit=1200%2C628&ssl=1&resize=700%2C400 2x, https:\/\/i0.wp.com\/ismaelcolosi.com.br\/wp-content\/uploads\/2023\/11\/postimg-6564cfe108f3a7181.jpg?fit=1200%2C628&ssl=1&resize=1050%2C600 3x"},"classes":[]},{"id":6743,"url":"https:\/\/ismaelcolosi.com.br\/index.php\/2023\/11\/26\/alexandre-correa-afirma-que-ana-hickmann-estava-bebada-no-dia-da-confusao-uma-garrafa-de-vinho\/","url_meta":{"origin":6699,"position":5},"title":"Alexandre Corr\u00eaa afirma que Ana Hickmann estava b\u00eabada no dia da confus\u00e3o: &#8216;uma garrafa de vinho&#8217;","author":"ismaelcolosi.com.br","date":"26 de November de 2023","format":false,"excerpt":"O empres\u00e1rio Alexandre Corr\u00eaa deu novos detalhes sob o seu ponto de vista das diverg\u00eancias que viveu em face de sua ent\u00e3o esposa, a apresentadora Ana Hickmann. Em entrevista concedida \u00e0 revista Quem, ele voltou a negar que tenha agredido a comunicadora.De acordo com Alexandre Corr\u00eaa, Ana Hickmann sabe muito\u2026","rel":"","context":"In &quot;Blog&quot;","block_context":{"text":"Blog","link":"https:\/\/ismaelcolosi.com.br\/index.php\/category\/blog\/"},"img":{"alt_text":"","src":"https:\/\/i0.wp.com\/ismaelcolosi.com.br\/wp-content\/uploads\/2023\/11\/postimg-6563be15783323704.jpg?fit=1200%2C628&ssl=1&resize=350%2C200","width":350,"height":200,"srcset":"https:\/\/i0.wp.com\/ismaelcolosi.com.br\/wp-content\/uploads\/2023\/11\/postimg-6563be15783323704.jpg?fit=1200%2C628&ssl=1&resize=350%2C200 1x, https:\/\/i0.wp.com\/ismaelcolosi.com.br\/wp-content\/uploads\/2023\/11\/postimg-6563be15783323704.jpg?fit=1200%2C628&ssl=1&resize=525%2C300 1.5x, https:\/\/i0.wp.com\/ismaelcolosi.com.br\/wp-content\/uploads\/2023\/11\/postimg-6563be15783323704.jpg?fit=1200%2C628&ssl=1&resize=700%2C400 2x, https:\/\/i0.wp.com\/ismaelcolosi.com.br\/wp-content\/uploads\/2023\/11\/postimg-6563be15783323704.jpg?fit=1200%2C628&ssl=1&resize=1050%2C600 3x"},"classes":[]}],"jetpack_sharing_enabled":true,"jetpack_shortlink":"https:\/\/wp.me\/pfMlyK-1K3","_links":{"self":[{"href":"https:\/\/ismaelcolosi.com.br\/index.php\/wp-json\/wp\/v2\/posts\/6699","targetHints":{"allow":["GET"]}}],"collection":[{"href":"https:\/\/ismaelcolosi.com.br\/index.php\/wp-json\/wp\/v2\/posts"}],"about":[{"href":"https:\/\/ismaelcolosi.com.br\/index.php\/wp-json\/wp\/v2\/types\/post"}],"author":[{"embeddable":true,"href":"https:\/\/ismaelcolosi.com.br\/index.php\/wp-json\/wp\/v2\/users\/1"}],"replies":[{"embeddable":true,"href":"https:\/\/ismaelcolosi.com.br\/index.php\/wp-json\/wp\/v2\/comments?post=6699"}],"version-history":[{"count":0,"href":"https:\/\/ismaelcolosi.com.br\/index.php\/wp-json\/wp\/v2\/posts\/6699\/revisions"}],"wp:featuredmedia":[{"embeddable":true,"href":"https:\/\/ismaelcolosi.com.br\/index.php\/wp-json\/wp\/v2\/media\/6700"}],"wp:attachment":[{"href":"https:\/\/ismaelcolosi.com.br\/index.php\/wp-json\/wp\/v2\/media?parent=6699"}],"wp:term":[{"taxonomy":"category","embeddable":true,"href":"https:\/\/ismaelcolosi.com.br\/index.php\/wp-json\/wp\/v2\/categories?post=6699"},{"taxonomy":"post_tag","embeddable":true,"href":"https:\/\/ismaelcolosi.com.br\/index.php\/wp-json\/wp\/v2\/tags?post=6699"}],"curies":[{"name":"wp","href":"https:\/\/api.w.org\/{rel}","templated":true}]}}