{"id":6691,"date":"2023-11-26T15:47:29","date_gmt":"2023-11-26T18:47:29","guid":{"rendered":"https:\/\/ismaelcolosi.com.br\/index.php\/2023\/11\/26\/quem-eram-as-enfermeiras-que-perderam-suas-vidas-em-tragico-acidente-na-sc-466-estavam-salvando-vidas\/"},"modified":"2023-11-26T15:47:29","modified_gmt":"2023-11-26T18:47:29","slug":"quem-eram-as-enfermeiras-que-perderam-suas-vidas-em-tragico-acidente-na-sc-466-estavam-salvando-vidas","status":"publish","type":"post","link":"https:\/\/ismaelcolosi.com.br\/index.php\/2023\/11\/26\/quem-eram-as-enfermeiras-que-perderam-suas-vidas-em-tragico-acidente-na-sc-466-estavam-salvando-vidas\/","title":{"rendered":"Quem eram as enfermeiras que perderam suas vidas em tr\u00e1gico acidente na SC-466: &#8216;Estavam salvando vidas&#8217;"},"content":{"rendered":"<p> <br \/>\n<\/p>\n<div itemprop=\"text\">\n<p>Na manh\u00e3 deste s\u00e1bado, dia 25 de novembro, chegou a ser divulgado maiores informa\u00e7\u00f5es sobre as duas v\u00edtimas que perderam suas vidas em um tr\u00e1gico acidente na SC-446, na regi\u00e3o de Treviso, em Santa Catarina.<\/p>\n<p>As v\u00edtimas foram identificadas pelos nomes de Lucilene de C\u00e1ssia Rodrigues Vieira, de 47 anos de idade, e Michele Bettiol, de 41 anos de idade. As duas trabalhavam como enfermeiras e tiveram suas mortes duramente lamentadas.<\/p>\n<p>Lucilene e Michele trabalhavam em um hospital da localidade de Crici\u00fama. E diante de seus falecimentos, diversos amigos se pronunciaram nas redes sociais e lamentaram a partida das v\u00edtimas.<\/p>\n<p>\u201cMuito triste essa trag\u00e9dia, estavam voltando de um lugar aonde estavam salvando vidas e em um triste momento perderam suas pr\u00f3prias vidas\u201d, declarou uma pessoa pr\u00f3xima, ao fazer um desabafo diante da situa\u00e7\u00e3o tr\u00e1gica.<\/p>\n<p>As enfermeiras estavam dentro de um ve\u00edculo identificado como um Ford Fiesta, quando colidiram de forma frontal com um caminh\u00e3o. Devido a gravidade da situa\u00e7\u00e3o, elas n\u00e3o conseguiram resistir e faleceram.<\/p>\n<p>De acordo com informa\u00e7\u00f5es fornecidas pelo Corpo de Bombeiros, Michele era a respons\u00e1vel por conduzir o ve\u00edculo. Ela foi encontrada sem vida, apresentando m\u00faltiplos ferimentos e fraturas em seu corpo.<\/p>\n<p>Lucilene tamb\u00e9m apresentou os mesmos ferimentos e n\u00e3o resistiu. Em rela\u00e7\u00e3o ao condutor do caminh\u00e3o, de 29 anos, ele foi encaminhado para uma unidade de sa\u00fade com ferimentos leves, assim recebendo atendimento por parte da equipe m\u00e9dica.<\/p>\n<\/div>\n<p><br \/>\n<br \/><a href=\"https:\/\/fnmais.com\/quem-eram-enfermeiras-que-perderam-suas-vidas-em-tragico-acidente-na-sc-466-estavam-salvando-vidas\/\">Source link <\/a><\/p>\n<div class='code-block code-block-4' style='margin: 8px auto 8px 0; text-align: left; display: block; clear: both;'>\n\ud83d\udce2 Aviso Legal\n\nO site ismaelcolosi.com.br atua apenas como um canal de divulga\u00e7\u00e3o de oportunidades de emprego e n\u00e3o se responsabiliza pelo processo seletivo, contrata\u00e7\u00e3o ou qualquer outra etapa relacionada \u00e0s vagas publicadas. Todas as informa\u00e7\u00f5es s\u00e3o de responsabilidade dos anunciantes.\n\n\u26a0\ufe0f Aten\u00e7\u00e3o! Nunca pague por promessas de emprego nem compre cursos que garantam contrata\u00e7\u00e3o. Desconfie de qualquer cobran\u00e7a para participar de sele\u00e7\u00f5es.\n\n\n\n<\/div>\n<!-- CONTENT END 1 -->\n","protected":false},"excerpt":{"rendered":"<p>Na manh\u00e3 deste s\u00e1bado, dia 25 de novembro, chegou a ser divulgado maiores informa\u00e7\u00f5es sobre as duas v\u00edtimas que perderam suas vidas em um tr\u00e1gico&#8230;<\/p>\n","protected":false},"author":1,"featured_media":6692,"comment_status":"open","ping_status":"open","sticky":false,"template":"","format":"standard","meta":{"_uag_custom_page_level_css":"","advanced_seo_description":"","jetpack_seo_html_title":"","jetpack_seo_noindex":false,"jetpack_post_was_ever_published":false,"_jetpack_newsletter_access":"","_jetpack_dont_email_post_to_subs":false,"_jetpack_newsletter_tier_id":0,"_jetpack_memberships_contains_paywalled_content":false,"_jetpack_memberships_contains_paid_content":false,"footnotes":"","jetpack_publicize_message":"","jetpack_publicize_feature_enabled":true,"jetpack_social_post_already_shared":true,"jetpack_social_options":{"image_generator_settings":{"template":"highway","default_image_id":0,"font":"","enabled":false},"version":2}},"categories":[1],"tags":[],"class_list":["post-6691","post","type-post","status-publish","format-standard","has-post-thumbnail","hentry","category-blog"],"jetpack_publicize_connections":[],"jetpack_featured_media_url":"https:\/\/i0.wp.com\/ismaelcolosi.com.br\/wp-content\/uploads\/2023\/11\/postimg-6563801b6c5f31551.jpg?fit=1200%2C628&ssl=1","uagb_featured_image_src":{"full":["https:\/\/i0.wp.com\/ismaelcolosi.com.br\/wp-content\/uploads\/2023\/11\/postimg-6563801b6c5f31551.jpg?fit=1200%2C628&ssl=1",1200,628,false],"thumbnail":["https:\/\/i0.wp.com\/ismaelcolosi.com.br\/wp-content\/uploads\/2023\/11\/postimg-6563801b6c5f31551.jpg?resize=150%2C150&ssl=1",150,150,true],"medium":["https:\/\/i0.wp.com\/ismaelcolosi.com.br\/wp-content\/uploads\/2023\/11\/postimg-6563801b6c5f31551.jpg?fit=300%2C157&ssl=1",300,157,true],"medium_large":["https:\/\/i0.wp.com\/ismaelcolosi.com.br\/wp-content\/uploads\/2023\/11\/postimg-6563801b6c5f31551.jpg?fit=768%2C402&ssl=1",768,402,true],"large":["https:\/\/i0.wp.com\/ismaelcolosi.com.br\/wp-content\/uploads\/2023\/11\/postimg-6563801b6c5f31551.jpg?fit=1024%2C536&ssl=1",1024,536,true],"1536x1536":["https:\/\/i0.wp.com\/ismaelcolosi.com.br\/wp-content\/uploads\/2023\/11\/postimg-6563801b6c5f31551.jpg?fit=1200%2C628&ssl=1",1200,628,true],"2048x2048":["https:\/\/i0.wp.com\/ismaelcolosi.com.br\/wp-content\/uploads\/2023\/11\/postimg-6563801b6c5f31551.jpg?fit=1200%2C628&ssl=1",1200,628,true],"really-simple-thumb":["https:\/\/i0.wp.com\/ismaelcolosi.com.br\/wp-content\/uploads\/2023\/11\/postimg-6563801b6c5f31551.jpg?resize=370%2C247&ssl=1",370,247,true]},"uagb_author_info":{"display_name":"ismaelcolosi.com.br","author_link":"https:\/\/ismaelcolosi.com.br\/index.php\/author\/vidareal-online\/"},"uagb_comment_info":0,"uagb_excerpt":"Na manh\u00e3 deste s\u00e1bado, dia 25 de novembro, chegou a ser divulgado maiores informa\u00e7\u00f5es sobre as duas v\u00edtimas que perderam suas vidas em um tr\u00e1gico...","jetpack-related-posts":[{"id":20181,"url":"https:\/\/ismaelcolosi.com.br\/index.php\/2023\/12\/24\/cinco-pessoas-perderam-suas-vidas-ao-se-envolver-em-tragico-acidente-com-viatura-na-br-010\/","url_meta":{"origin":6691,"position":0},"title":"Cinco pessoas perderam suas vidas ao se envolver em tr\u00e1gico acidente com viatura na BR-010","author":"ismaelcolosi.com.br","date":"24 de December de 2023","format":false,"excerpt":"Na tarde deste \u00faltimo s\u00e1bado, dia 23 de dezembro, na rodovia BR-010, conhecida como Bel\u00e9m-Bras\u00edlia, nas proximidades da cidade de Aurora do Par\u00e1, no nordeste paraentese, uma trag\u00e9dia aconteceu.Uma viatura da Pol\u00edcia Militar colidiu contra um ve\u00edculo de passeio, o que resultou na morte de cinco pessoas, incluindo dois policiais.\u2026","rel":"","context":"In &quot;Blog&quot;","block_context":{"text":"Blog","link":"https:\/\/ismaelcolosi.com.br\/index.php\/category\/blog\/"},"img":{"alt_text":"","src":"https:\/\/i0.wp.com\/ismaelcolosi.com.br\/wp-content\/uploads\/2023\/12\/postimg-65885ea1cf71b4419.jpg?fit=1200%2C628&ssl=1&resize=350%2C200","width":350,"height":200,"srcset":"https:\/\/i0.wp.com\/ismaelcolosi.com.br\/wp-content\/uploads\/2023\/12\/postimg-65885ea1cf71b4419.jpg?fit=1200%2C628&ssl=1&resize=350%2C200 1x, https:\/\/i0.wp.com\/ismaelcolosi.com.br\/wp-content\/uploads\/2023\/12\/postimg-65885ea1cf71b4419.jpg?fit=1200%2C628&ssl=1&resize=525%2C300 1.5x, https:\/\/i0.wp.com\/ismaelcolosi.com.br\/wp-content\/uploads\/2023\/12\/postimg-65885ea1cf71b4419.jpg?fit=1200%2C628&ssl=1&resize=700%2C400 2x, https:\/\/i0.wp.com\/ismaelcolosi.com.br\/wp-content\/uploads\/2023\/12\/postimg-65885ea1cf71b4419.jpg?fit=1200%2C628&ssl=1&resize=1050%2C600 3x"},"classes":[]},{"id":27846,"url":"https:\/\/ismaelcolosi.com.br\/index.php\/2024\/01\/13\/quem-sao-as-vitimas-da-mesma-familia-que-perderam-suas-vidas-em-tragico-acidente-na-br-116-sonhos-interrompidos\/","url_meta":{"origin":6691,"position":1},"title":"Quem s\u00e3o as v\u00edtimas da mesma fam\u00edlia que perderam suas vidas em tr\u00e1gico acidente na BR-116: &#8216;Sonhos interrompidos&#8217;","author":"ismaelcolosi.com.br","date":"13 de January de 2024","format":false,"excerpt":"Na BR-116, uma trag\u00e9dia aconteceu entre as cidades de Po\u00e7\u00f5es e Planalto, na Bahia, o que resultou na perda do casal Tainara Rabelo, de 26 anos, e Jos\u00e9 Edson J\u00fanior, de 29 anos, al\u00e9m do filho deles, Kau\u00e3 Gabriel Carvalho de Andrade, 8 anos, e o irm\u00e3o de Tainara, Jos\u00e9\u2026","rel":"","context":"In &quot;Blog&quot;","block_context":{"text":"Blog","link":"https:\/\/ismaelcolosi.com.br\/index.php\/category\/blog\/"},"img":{"alt_text":"","src":"https:\/\/i0.wp.com\/ismaelcolosi.com.br\/wp-content\/uploads\/2024\/01\/postimg-65a2c2a6957eb7613.jpg?fit=1200%2C628&ssl=1&resize=350%2C200","width":350,"height":200,"srcset":"https:\/\/i0.wp.com\/ismaelcolosi.com.br\/wp-content\/uploads\/2024\/01\/postimg-65a2c2a6957eb7613.jpg?fit=1200%2C628&ssl=1&resize=350%2C200 1x, https:\/\/i0.wp.com\/ismaelcolosi.com.br\/wp-content\/uploads\/2024\/01\/postimg-65a2c2a6957eb7613.jpg?fit=1200%2C628&ssl=1&resize=525%2C300 1.5x, https:\/\/i0.wp.com\/ismaelcolosi.com.br\/wp-content\/uploads\/2024\/01\/postimg-65a2c2a6957eb7613.jpg?fit=1200%2C628&ssl=1&resize=700%2C400 2x, https:\/\/i0.wp.com\/ismaelcolosi.com.br\/wp-content\/uploads\/2024\/01\/postimg-65a2c2a6957eb7613.jpg?fit=1200%2C628&ssl=1&resize=1050%2C600 3x"},"classes":[]},{"id":15518,"url":"https:\/\/ismaelcolosi.com.br\/index.php\/2023\/12\/13\/quem-sao-as-jovens-estudantes-e-trabalhadoras-que-perderam-suas-vidas-em-grave-acidente-envolvendo-van-escolar-no-interior-de-sp\/","url_meta":{"origin":6691,"position":2},"title":"Quem s\u00e3o as jovens estudantes e trabalhadoras que perderam suas vidas em grave acidente envolvendo van escolar no interior de SP","author":"ismaelcolosi.com.br","date":"13 de December de 2023","format":false,"excerpt":"As duas v\u00edtimas fatais de um acidente envolvendo uma van escolar foram identificadas pelos nomes de Ta\u00edsa Fernanda Teixeira Lauer Ribeiro, de 27 anos, e Yasmin Padilha de Lima, de 17 anos.Elas faleceram enquanto ainda estavam no local, devido a gravidade dos ferimentos que sofreram. O caso aconteceu nesta \u00faltima\u2026","rel":"","context":"In &quot;Blog&quot;","block_context":{"text":"Blog","link":"https:\/\/ismaelcolosi.com.br\/index.php\/category\/blog\/"},"img":{"alt_text":"","src":"https:\/\/i0.wp.com\/ismaelcolosi.com.br\/wp-content\/uploads\/2023\/12\/postimg-657a2e03acf044594.jpg?fit=1200%2C628&ssl=1&resize=350%2C200","width":350,"height":200,"srcset":"https:\/\/i0.wp.com\/ismaelcolosi.com.br\/wp-content\/uploads\/2023\/12\/postimg-657a2e03acf044594.jpg?fit=1200%2C628&ssl=1&resize=350%2C200 1x, https:\/\/i0.wp.com\/ismaelcolosi.com.br\/wp-content\/uploads\/2023\/12\/postimg-657a2e03acf044594.jpg?fit=1200%2C628&ssl=1&resize=525%2C300 1.5x, https:\/\/i0.wp.com\/ismaelcolosi.com.br\/wp-content\/uploads\/2023\/12\/postimg-657a2e03acf044594.jpg?fit=1200%2C628&ssl=1&resize=700%2C400 2x, https:\/\/i0.wp.com\/ismaelcolosi.com.br\/wp-content\/uploads\/2023\/12\/postimg-657a2e03acf044594.jpg?fit=1200%2C628&ssl=1&resize=1050%2C600 3x"},"classes":[]},{"id":5352,"url":"https:\/\/ismaelcolosi.com.br\/index.php\/2023\/11\/23\/quem-sao-pai-mae-e-filha-que-perderam-a-vida-em-grave-acidente-entre-varios-veiculos-na-br-153\/","url_meta":{"origin":6691,"position":3},"title":"Quem s\u00e3o pai, m\u00e3e e filha que perderam a vida em grave acidente entre v\u00e1rios ve\u00edculos na BR-153","author":"ismaelcolosi.com.br","date":"23 de November de 2023","format":false,"excerpt":"Nesta \u00faltima quarta-feira, dia 22 de novembro, uma fam\u00edlia morreu ap\u00f3s ter sofrido um grave acidente envolvendo v\u00e1rios ve\u00edculos na BR-153. O caso aconteceu entre as regi\u00f5es de General Carneiro e Uni\u00e3o Vit\u00f3ria, no sul do Paran\u00e1.A colis\u00e3o envolveu uma carreta bi-trem, dois caminh\u00f5es e um autom\u00f3vel. Infelizmente, as tr\u00eas\u2026","rel":"","context":"In &quot;Blog&quot;","block_context":{"text":"Blog","link":"https:\/\/ismaelcolosi.com.br\/index.php\/category\/blog\/"},"img":{"alt_text":"","src":"https:\/\/i0.wp.com\/ismaelcolosi.com.br\/wp-content\/uploads\/2023\/11\/postimg-655f78ebc5dda1386.jpg?fit=1200%2C628&ssl=1&resize=350%2C200","width":350,"height":200,"srcset":"https:\/\/i0.wp.com\/ismaelcolosi.com.br\/wp-content\/uploads\/2023\/11\/postimg-655f78ebc5dda1386.jpg?fit=1200%2C628&ssl=1&resize=350%2C200 1x, https:\/\/i0.wp.com\/ismaelcolosi.com.br\/wp-content\/uploads\/2023\/11\/postimg-655f78ebc5dda1386.jpg?fit=1200%2C628&ssl=1&resize=525%2C300 1.5x, https:\/\/i0.wp.com\/ismaelcolosi.com.br\/wp-content\/uploads\/2023\/11\/postimg-655f78ebc5dda1386.jpg?fit=1200%2C628&ssl=1&resize=700%2C400 2x, https:\/\/i0.wp.com\/ismaelcolosi.com.br\/wp-content\/uploads\/2023\/11\/postimg-655f78ebc5dda1386.jpg?fit=1200%2C628&ssl=1&resize=1050%2C600 3x"},"classes":[]},{"id":24967,"url":"https:\/\/ismaelcolosi.com.br\/index.php\/2024\/01\/05\/ator-falece-agarrado-as-suas-duas-filhas-pequenas-apos-aviao-em-que-estavam-cair-violentamente-sobre-o-mar\/","url_meta":{"origin":6691,"position":4},"title":"Ator falece agarrado \u00e0s suas duas filhas pequenas ap\u00f3s avi\u00e3o em que estavam cair violentamente sobre o mar","author":"ismaelcolosi.com.br","date":"5 de January de 2024","format":false,"excerpt":"Conhecido em todo o planeta por conta de seus pap\u00e9is de destaque em filmes de enorme sucesso de bilheteria, o ator Christian Oliver, que tinha 51 anos de idade, faleceu na companhia das duas filhas pequenas em virtude de um tr\u00e1gico acidente a\u00e9reo.Christian Oliver curtia um per\u00edodo de f\u00e9rias em\u2026","rel":"","context":"In &quot;Blog&quot;","block_context":{"text":"Blog","link":"https:\/\/ismaelcolosi.com.br\/index.php\/category\/blog\/"},"img":{"alt_text":"","src":"https:\/\/i0.wp.com\/ismaelcolosi.com.br\/wp-content\/uploads\/2024\/01\/postimg-65985038799789401.jpg?fit=1200%2C628&ssl=1&resize=350%2C200","width":350,"height":200,"srcset":"https:\/\/i0.wp.com\/ismaelcolosi.com.br\/wp-content\/uploads\/2024\/01\/postimg-65985038799789401.jpg?fit=1200%2C628&ssl=1&resize=350%2C200 1x, https:\/\/i0.wp.com\/ismaelcolosi.com.br\/wp-content\/uploads\/2024\/01\/postimg-65985038799789401.jpg?fit=1200%2C628&ssl=1&resize=525%2C300 1.5x, https:\/\/i0.wp.com\/ismaelcolosi.com.br\/wp-content\/uploads\/2024\/01\/postimg-65985038799789401.jpg?fit=1200%2C628&ssl=1&resize=700%2C400 2x, https:\/\/i0.wp.com\/ismaelcolosi.com.br\/wp-content\/uploads\/2024\/01\/postimg-65985038799789401.jpg?fit=1200%2C628&ssl=1&resize=1050%2C600 3x"},"classes":[]},{"id":6693,"url":"https:\/\/ismaelcolosi.com.br\/index.php\/2023\/11\/26\/acidente-envolvendo-dois-carros-na-rr-205-deixa-varias-vitimas-e-feridos\/","url_meta":{"origin":6691,"position":5},"title":"Acidente envolvendo dois carros na RR-205 deixa v\u00e1rias v\u00edtimas e feridos","author":"ismaelcolosi.com.br","date":"26 de November de 2023","format":false,"excerpt":"Neste \u00faltimo s\u00e1bado, dia 25 de novembro, chegou a ser divulgado por diversos canais de comunica\u00e7\u00e3o que tr\u00eas pessoas perderam suas vidas ap\u00f3s um acidente envolvendo dois carros na RR-205, na regi\u00e3o de Boa Vista, em Roraima.As v\u00edtimas foram identificadas pelos nomes de Jos\u00e9 Bastos da Silva Neto, de 43\u2026","rel":"","context":"In &quot;Blog&quot;","block_context":{"text":"Blog","link":"https:\/\/ismaelcolosi.com.br\/index.php\/category\/blog\/"},"img":{"alt_text":"","src":"https:\/\/i0.wp.com\/ismaelcolosi.com.br\/wp-content\/uploads\/2023\/11\/postimg-65637fa4230ae6656.jpg?fit=1200%2C628&ssl=1&resize=350%2C200","width":350,"height":200,"srcset":"https:\/\/i0.wp.com\/ismaelcolosi.com.br\/wp-content\/uploads\/2023\/11\/postimg-65637fa4230ae6656.jpg?fit=1200%2C628&ssl=1&resize=350%2C200 1x, https:\/\/i0.wp.com\/ismaelcolosi.com.br\/wp-content\/uploads\/2023\/11\/postimg-65637fa4230ae6656.jpg?fit=1200%2C628&ssl=1&resize=525%2C300 1.5x, https:\/\/i0.wp.com\/ismaelcolosi.com.br\/wp-content\/uploads\/2023\/11\/postimg-65637fa4230ae6656.jpg?fit=1200%2C628&ssl=1&resize=700%2C400 2x, https:\/\/i0.wp.com\/ismaelcolosi.com.br\/wp-content\/uploads\/2023\/11\/postimg-65637fa4230ae6656.jpg?fit=1200%2C628&ssl=1&resize=1050%2C600 3x"},"classes":[]}],"jetpack_sharing_enabled":true,"jetpack_shortlink":"https:\/\/wp.me\/pfMlyK-1JV","_links":{"self":[{"href":"https:\/\/ismaelcolosi.com.br\/index.php\/wp-json\/wp\/v2\/posts\/6691","targetHints":{"allow":["GET"]}}],"collection":[{"href":"https:\/\/ismaelcolosi.com.br\/index.php\/wp-json\/wp\/v2\/posts"}],"about":[{"href":"https:\/\/ismaelcolosi.com.br\/index.php\/wp-json\/wp\/v2\/types\/post"}],"author":[{"embeddable":true,"href":"https:\/\/ismaelcolosi.com.br\/index.php\/wp-json\/wp\/v2\/users\/1"}],"replies":[{"embeddable":true,"href":"https:\/\/ismaelcolosi.com.br\/index.php\/wp-json\/wp\/v2\/comments?post=6691"}],"version-history":[{"count":0,"href":"https:\/\/ismaelcolosi.com.br\/index.php\/wp-json\/wp\/v2\/posts\/6691\/revisions"}],"wp:featuredmedia":[{"embeddable":true,"href":"https:\/\/ismaelcolosi.com.br\/index.php\/wp-json\/wp\/v2\/media\/6692"}],"wp:attachment":[{"href":"https:\/\/ismaelcolosi.com.br\/index.php\/wp-json\/wp\/v2\/media?parent=6691"}],"wp:term":[{"taxonomy":"category","embeddable":true,"href":"https:\/\/ismaelcolosi.com.br\/index.php\/wp-json\/wp\/v2\/categories?post=6691"},{"taxonomy":"post_tag","embeddable":true,"href":"https:\/\/ismaelcolosi.com.br\/index.php\/wp-json\/wp\/v2\/tags?post=6691"}],"curies":[{"name":"wp","href":"https:\/\/api.w.org\/{rel}","templated":true}]}}