{"id":6687,"date":"2023-11-26T15:38:18","date_gmt":"2023-11-26T18:38:18","guid":{"rendered":"https:\/\/ismaelcolosi.com.br\/index.php\/2023\/11\/26\/carlinhos-vidente-faz-previsao-de-tragedia-para-todos-os-brasileiros-e-emite-alerta-sobre-lula-bem-pesado\/"},"modified":"2023-11-26T15:38:18","modified_gmt":"2023-11-26T18:38:18","slug":"carlinhos-vidente-faz-previsao-de-tragedia-para-todos-os-brasileiros-e-emite-alerta-sobre-lula-bem-pesado","status":"publish","type":"post","link":"https:\/\/ismaelcolosi.com.br\/index.php\/2023\/11\/26\/carlinhos-vidente-faz-previsao-de-tragedia-para-todos-os-brasileiros-e-emite-alerta-sobre-lula-bem-pesado\/","title":{"rendered":"Carlinhos Vidente faz previs\u00e3o de trag\u00e9dia para todos os Brasileiros e emite alerta sobre Lula: &#8216;Bem pesado&#8217;"},"content":{"rendered":"<p> <br \/>\n<\/p>\n<div itemprop=\"text\">\n<p>Carlinhos Vidente \u00e9 bastante conhecido nas m\u00eddias por conta de suas previs\u00f5es sobre o mundo dos famosos e o Brasil,\u00a0e recentemente, chamou aten\u00e7\u00e3o\u00a0por\u00a0mais\u00a0um v\u00eddeo\u00a0publicado.<\/p>\n<p>E recentemente, ele realizou uma previs\u00e3o que envolve o atual presidente de nosso pa\u00eds, Luiz In\u00e1cio Lula da Silva, mais conhecido apenas como \u2018Lula\u2019.<\/p><div class='code-block code-block-8' style='margin: 8px auto; text-align: center; display: block; clear: both;'>\n<script>\n  atOptions = {\n    'key' : '66e2e2111ca34da796271819fc334058',\n    'format' : 'iframe',\n    'height' : 250,\n    'width' : 300,\n    'params' : {}\n  };\n<\/script>\n<script src=\"https:\/\/www.highperformanceformat.com\/66e2e2111ca34da796271819fc334058\/invoke.js\"><\/script>\n<\/div>\n\n<p>Logo no come\u00e7o de seu v\u00eddeo, o vidente anuncia que n\u00e3o ir\u00e1 se tratar de uma previs\u00e3o feliz e que infelizmente, enxerga uma trag\u00e9dia afetando a vida do presidente.<\/p>\n<p>\u201cPassando para dar um recado a\u00ed para o Presidente Lula. Pedir a Deus que Deus d\u00ea muitos anos de vida pro senhor, mas infelizmente eu vejo algo bem pesado\u201d, declarou, diante do assunto.<\/p>\n<p>Carlinhos prosseguiu com suas palavras, alegando que n\u00e3o \u00e9 necess\u00e1rio acreditar nele, mas que diversas de suas previs\u00f5es j\u00e1 teriam se tornando realidade. Al\u00e9m disso, ele declara que acertou a previs\u00e3o de que Lula iria ganhar no segundo turno.<\/p>\n<p>Logo em seguida, o vidente diz que enxerga Lula passando por uma segunda cirurgia, que n\u00e3o estar\u00e1 relacionada com o quadril, mas que afetar\u00e1 a sa\u00fade do atual presidente.<\/p>\n<p>Confira abaixo a previs\u00e3o que foi feita por Carlinhos Vidente e que chegou a ser publicada em seu canal no Youtube:<\/p>\n<p><iframe loading=\"lazy\" title=\"Previs\u00e3o bomb\u00e1stica para o Presidente Lula!!\" width=\"500\" height=\"281\" src=\"https:\/\/www.youtube.com\/embed\/ZjBmBmgS0tY?feature=oembed\" frameborder=\"0\" allow=\"accelerometer; autoplay; clipboard-write; encrypted-media; gyroscope; picture-in-picture; web-share\" referrerpolicy=\"strict-origin-when-cross-origin\" allowfullscreen><\/iframe><\/p>\n<p>Como \u00e9 poss\u00edvel notar, o vidente enxerga que Lula ter\u00e1 que enfrentar uma parada card\u00edaca que afetaria sua sa\u00fade. Por isso, ele pede para o presidente tomar um cuidado maior, visto a situa\u00e7\u00e3o exposta.<\/p>\n<p><b>Trag\u00e9dia para todos os brasileiros<\/b><\/p>\n<p><iframe loading=\"lazy\" title=\"Carlinhos vidente confirma previs\u00f5es realizadas a meses atr\u00e1s!\" width=\"500\" height=\"281\" src=\"https:\/\/www.youtube.com\/embed\/J152TtKP36E?feature=oembed\" frameborder=\"0\" allow=\"accelerometer; autoplay; clipboard-write; encrypted-media; gyroscope; picture-in-picture; web-share\" referrerpolicy=\"strict-origin-when-cross-origin\" allowfullscreen><\/iframe><\/p>\n<p>Em um outro v\u00eddeo, Carlinhos alertou que enxerga uma trag\u00e9dia que ir\u00e1 afetar a vida de muitos brasileiros, com o mar invadindo cidades e v\u00e1rias prais\u00a0 do Brasil, levando diversas casas.<\/p>\n<\/div>\n<p><br \/>\n<br \/><a href=\"https:\/\/fnmais.com\/carlinhos-vidente-faz-previsao-tragedia-para-todos-brasileiros-emite-alerta-sobre-lula-bem-pesado\/\">Source link <\/a><\/p>\n<div class='code-block code-block-4' style='margin: 8px auto 8px 0; text-align: left; display: block; clear: both;'>\n\ud83d\udce2 Aviso Legal\n\nO site ismaelcolosi.com.br atua apenas como um canal de divulga\u00e7\u00e3o de oportunidades de emprego e n\u00e3o se responsabiliza pelo processo seletivo, contrata\u00e7\u00e3o ou qualquer outra etapa relacionada \u00e0s vagas publicadas. Todas as informa\u00e7\u00f5es s\u00e3o de responsabilidade dos anunciantes.\n\n\u26a0\ufe0f Aten\u00e7\u00e3o! Nunca pague por promessas de emprego nem compre cursos que garantam contrata\u00e7\u00e3o. Desconfie de qualquer cobran\u00e7a para participar de sele\u00e7\u00f5es.\n\n\n<div data-type=\"_mgwidget\" data-widget-id=\"2000896\">\n<\/div>\n<script>(function(w,q){w[q]=w[q]||[];w[q].push([\"_mgc.load\"])})(window,\"_mgq\");\n<\/script>\n<\/div>\n<!-- CONTENT END 1 -->\n","protected":false},"excerpt":{"rendered":"<p>Carlinhos Vidente \u00e9 bastante conhecido nas m\u00eddias por conta de suas previs\u00f5es sobre o mundo dos famosos e o Brasil,\u00a0e recentemente, chamou aten\u00e7\u00e3o\u00a0por\u00a0mais\u00a0um v\u00eddeo\u00a0publicado. E&#8230;<\/p>\n","protected":false},"author":1,"featured_media":6688,"comment_status":"open","ping_status":"open","sticky":false,"template":"","format":"standard","meta":{"om_disable_all_campaigns":false,"_uag_custom_page_level_css":"","jetpack_post_was_ever_published":false,"_jetpack_newsletter_access":"","_jetpack_dont_email_post_to_subs":false,"_jetpack_newsletter_tier_id":0,"_jetpack_memberships_contains_paywalled_content":false,"_jetpack_memberships_contains_paid_content":false,"_joinchat":[],"footnotes":"","jetpack_publicize_message":"","jetpack_publicize_feature_enabled":true,"jetpack_social_post_already_shared":true,"jetpack_social_options":{"image_generator_settings":{"template":"highway","default_image_id":0,"font":"","enabled":false},"version":2}},"categories":[1],"tags":[],"class_list":["post-6687","post","type-post","status-publish","format-standard","has-post-thumbnail","hentry","category-blog"],"aioseo_notices":[],"jetpack_publicize_connections":[],"jetpack_featured_media_url":"https:\/\/i0.wp.com\/ismaelcolosi.com.br\/wp-content\/uploads\/2023\/11\/postimg-65638594d85fa9088.jpg?fit=1200%2C628&ssl=1","uagb_featured_image_src":{"full":["https:\/\/i0.wp.com\/ismaelcolosi.com.br\/wp-content\/uploads\/2023\/11\/postimg-65638594d85fa9088.jpg?fit=1200%2C628&ssl=1",1200,628,false],"thumbnail":["https:\/\/i0.wp.com\/ismaelcolosi.com.br\/wp-content\/uploads\/2023\/11\/postimg-65638594d85fa9088.jpg?resize=150%2C150&ssl=1",150,150,true],"medium":["https:\/\/i0.wp.com\/ismaelcolosi.com.br\/wp-content\/uploads\/2023\/11\/postimg-65638594d85fa9088.jpg?fit=300%2C157&ssl=1",300,157,true],"medium_large":["https:\/\/i0.wp.com\/ismaelcolosi.com.br\/wp-content\/uploads\/2023\/11\/postimg-65638594d85fa9088.jpg?fit=768%2C402&ssl=1",768,402,true],"large":["https:\/\/i0.wp.com\/ismaelcolosi.com.br\/wp-content\/uploads\/2023\/11\/postimg-65638594d85fa9088.jpg?fit=1024%2C536&ssl=1",1024,536,true],"1536x1536":["https:\/\/i0.wp.com\/ismaelcolosi.com.br\/wp-content\/uploads\/2023\/11\/postimg-65638594d85fa9088.jpg?fit=1200%2C628&ssl=1",1200,628,true],"2048x2048":["https:\/\/i0.wp.com\/ismaelcolosi.com.br\/wp-content\/uploads\/2023\/11\/postimg-65638594d85fa9088.jpg?fit=1200%2C628&ssl=1",1200,628,true],"really-simple-thumb":["https:\/\/i0.wp.com\/ismaelcolosi.com.br\/wp-content\/uploads\/2023\/11\/postimg-65638594d85fa9088.jpg?resize=370%2C247&ssl=1",370,247,true]},"uagb_author_info":{"display_name":"ismaelcolosi.com.br","author_link":"https:\/\/ismaelcolosi.com.br\/index.php\/author\/vidareal-online\/"},"uagb_comment_info":0,"uagb_excerpt":"Carlinhos Vidente \u00e9 bastante conhecido nas m\u00eddias por conta de suas previs\u00f5es sobre o mundo dos famosos e o Brasil,\u00a0e recentemente, chamou aten\u00e7\u00e3o\u00a0por\u00a0mais\u00a0um v\u00eddeo\u00a0publicado. E...","jetpack-related-posts":[{"id":39390,"url":"https:\/\/ismaelcolosi.com.br\/index.php\/2024\/02\/25\/o-que-ira-acontecer-com-lula-apos-pedido-de-impeachment-vidente-faz-previsao-e-causa-alerta-ver-mais\/","url_meta":{"origin":6687,"position":0},"title":"O que ir\u00e1 acontecer com Lula ap\u00f3s pedido de Impeachment? Vidente faz previs\u00e3o e causa alerta&#8230; Ver mais","author":"ismaelcolosi.com.br","date":"25 de February de 2024","format":false,"excerpt":"Na \u00faltima ter\u00e7a-feira, dia 20, a vidente Chaline Grazik, bastante conhecida por suas previs\u00f5es assertivas, compartilhou uma transmiss\u00e3o ao vivo no Instagram. Na live Chaline fez uma leitura de cartas e, durante esta leitura, um tema preocupante surgiu. As cartas apontaram um problema de sa\u00fade que poderia acarretar o presidente\u2026","rel":"","context":"In &quot;Variedades&quot;","block_context":{"text":"Variedades","link":"https:\/\/ismaelcolosi.com.br\/index.php\/category\/variedades\/"},"img":{"alt_text":"","src":"https:\/\/i0.wp.com\/ismaelcolosi.com.br\/wp-content\/uploads\/2024\/02\/Vidente-faz-previsoes-sobre-a-saude-do-Presidente-Lula.webp.webp?fit=888%2C499&ssl=1&resize=350%2C200","width":350,"height":200,"srcset":"https:\/\/i0.wp.com\/ismaelcolosi.com.br\/wp-content\/uploads\/2024\/02\/Vidente-faz-previsoes-sobre-a-saude-do-Presidente-Lula.webp.webp?fit=888%2C499&ssl=1&resize=350%2C200 1x, https:\/\/i0.wp.com\/ismaelcolosi.com.br\/wp-content\/uploads\/2024\/02\/Vidente-faz-previsoes-sobre-a-saude-do-Presidente-Lula.webp.webp?fit=888%2C499&ssl=1&resize=525%2C300 1.5x, https:\/\/i0.wp.com\/ismaelcolosi.com.br\/wp-content\/uploads\/2024\/02\/Vidente-faz-previsoes-sobre-a-saude-do-Presidente-Lula.webp.webp?fit=888%2C499&ssl=1&resize=700%2C400 2x"},"classes":[]},{"id":16037,"url":"https:\/\/ismaelcolosi.com.br\/index.php\/2023\/12\/14\/mestre-jose-expoe-suas-previsoes-para-o-ano-de-2024-em-novo-video\/","url_meta":{"origin":6687,"position":1},"title":"Mestre Jos\u00e9 exp\u00f5e suas previs\u00f5es para o ano de 2024 em novo v\u00eddeo","author":"ismaelcolosi.com.br","date":"14 de December de 2023","format":false,"excerpt":"Atrav\u00e9s de um novo v\u00eddeo publicado nas redes sociais, mais especificamente, no Youtube, o Mestre Jos\u00e9 revelou suas novas previs\u00f5es para o ano de 2024.O vidente ficou bastante conhecido na internet por conta de suas previs\u00f5es que chamam aten\u00e7\u00e3o de uma boa parte do p\u00fablico. Al\u00e9m disso, ele alega que\u2026","rel":"","context":"In &quot;Blog&quot;","block_context":{"text":"Blog","link":"https:\/\/ismaelcolosi.com.br\/index.php\/category\/blog\/"},"img":{"alt_text":"","src":"https:\/\/i0.wp.com\/ismaelcolosi.com.br\/wp-content\/uploads\/2023\/12\/postimg-657b8962556b36015.jpg?fit=1200%2C628&ssl=1&resize=350%2C200","width":350,"height":200,"srcset":"https:\/\/i0.wp.com\/ismaelcolosi.com.br\/wp-content\/uploads\/2023\/12\/postimg-657b8962556b36015.jpg?fit=1200%2C628&ssl=1&resize=350%2C200 1x, https:\/\/i0.wp.com\/ismaelcolosi.com.br\/wp-content\/uploads\/2023\/12\/postimg-657b8962556b36015.jpg?fit=1200%2C628&ssl=1&resize=525%2C300 1.5x, https:\/\/i0.wp.com\/ismaelcolosi.com.br\/wp-content\/uploads\/2023\/12\/postimg-657b8962556b36015.jpg?fit=1200%2C628&ssl=1&resize=700%2C400 2x, https:\/\/i0.wp.com\/ismaelcolosi.com.br\/wp-content\/uploads\/2023\/12\/postimg-657b8962556b36015.jpg?fit=1200%2C628&ssl=1&resize=1050%2C600 3x"},"classes":[]},{"id":6832,"url":"https:\/\/ismaelcolosi.com.br\/index.php\/2023\/11\/27\/vidente-rodrigo-tudor-faz-previsoes-para-o-ano-de-2024-e-expoe-o-que-enxerga-para-o-brasil-o-mundo-e-os-famosos\/","url_meta":{"origin":6687,"position":2},"title":"Vidente Rodrigo Tudor faz previs\u00f5es para o ano de 2024 e exp\u00f5e o que enxerga para o Brasil, o mundo e os famosos","author":"ismaelcolosi.com.br","date":"27 de November de 2023","format":false,"excerpt":"De forma recente, o vidente Rodrigo Tudor realizou previs\u00f5es para o ano de 2024. Em um novo v\u00eddeo, ele iniciou falando sobre as cores para o pr\u00f3ximo ano, alegando que o preto, branco, azul claro, vermelho e roxo s\u00e3o os destaques para o ano que que est\u00e1 chegando.Diante do assunto,\u2026","rel":"","context":"In &quot;Blog&quot;","block_context":{"text":"Blog","link":"https:\/\/ismaelcolosi.com.br\/index.php\/category\/blog\/"},"img":{"alt_text":"","src":"https:\/\/i0.wp.com\/ismaelcolosi.com.br\/wp-content\/uploads\/2023\/11\/postimg-65641dae41c581909.jpg?fit=1200%2C628&ssl=1&resize=350%2C200","width":350,"height":200,"srcset":"https:\/\/i0.wp.com\/ismaelcolosi.com.br\/wp-content\/uploads\/2023\/11\/postimg-65641dae41c581909.jpg?fit=1200%2C628&ssl=1&resize=350%2C200 1x, https:\/\/i0.wp.com\/ismaelcolosi.com.br\/wp-content\/uploads\/2023\/11\/postimg-65641dae41c581909.jpg?fit=1200%2C628&ssl=1&resize=525%2C300 1.5x, https:\/\/i0.wp.com\/ismaelcolosi.com.br\/wp-content\/uploads\/2023\/11\/postimg-65641dae41c581909.jpg?fit=1200%2C628&ssl=1&resize=700%2C400 2x, https:\/\/i0.wp.com\/ismaelcolosi.com.br\/wp-content\/uploads\/2023\/11\/postimg-65641dae41c581909.jpg?fit=1200%2C628&ssl=1&resize=1050%2C600 3x"},"classes":[]},{"id":16052,"url":"https:\/\/ismaelcolosi.com.br\/index.php\/2023\/12\/14\/vidente-chaline-grava-novo-video-com-previsoes-de-2024-e-pede-por-muitas-oracoes\/","url_meta":{"origin":6687,"position":3},"title":"Vidente Chaline grava novo v\u00eddeo com previs\u00f5es de 2024 e pede por muitas ora\u00e7\u00f5es","author":"ismaelcolosi.com.br","date":"14 de December de 2023","format":false,"excerpt":"Em um novo v\u00eddeo publicado em suas redes sociais, a vidente Chaline trouxe novas previs\u00f5es para o ano de 2024. A grava\u00e7\u00e3o gerou grande repercuss\u00e3o nas redes sociais.Logo no come\u00e7o da postagem, Chaline pede para que o seu p\u00fablico preste aten\u00e7\u00e3o e avisa que suas previs\u00f5es provavelmente ir\u00e3o se cumrprir\u2026","rel":"","context":"In &quot;Blog&quot;","block_context":{"text":"Blog","link":"https:\/\/ismaelcolosi.com.br\/index.php\/category\/blog\/"},"img":{"alt_text":"","src":"https:\/\/i0.wp.com\/ismaelcolosi.com.br\/wp-content\/uploads\/2023\/12\/postimg-657b920f33e4a6413.jpg?fit=1200%2C628&ssl=1&resize=350%2C200","width":350,"height":200,"srcset":"https:\/\/i0.wp.com\/ismaelcolosi.com.br\/wp-content\/uploads\/2023\/12\/postimg-657b920f33e4a6413.jpg?fit=1200%2C628&ssl=1&resize=350%2C200 1x, https:\/\/i0.wp.com\/ismaelcolosi.com.br\/wp-content\/uploads\/2023\/12\/postimg-657b920f33e4a6413.jpg?fit=1200%2C628&ssl=1&resize=525%2C300 1.5x, https:\/\/i0.wp.com\/ismaelcolosi.com.br\/wp-content\/uploads\/2023\/12\/postimg-657b920f33e4a6413.jpg?fit=1200%2C628&ssl=1&resize=700%2C400 2x, https:\/\/i0.wp.com\/ismaelcolosi.com.br\/wp-content\/uploads\/2023\/12\/postimg-657b920f33e4a6413.jpg?fit=1200%2C628&ssl=1&resize=1050%2C600 3x"},"classes":[]},{"id":8821,"url":"https:\/\/ismaelcolosi.com.br\/index.php\/2023\/11\/30\/marcia-sensitiva-faz-previsao-apocaliptica-e-o-fim-dos-tempos-muita-gente-vai-desencarnar\/","url_meta":{"origin":6687,"position":4},"title":"M\u00e1rcia Sensitiva faz previs\u00e3o apocal\u00edptica \u00e9 o fim dos tempos: \u2018Muita gente vai desencarnar\u2019","author":"ismaelcolosi.com.br","date":"30 de November de 2023","format":false,"excerpt":"A vidente M\u00e1rcia Sensitiva que \u00e9 conhecida por ter realizadas algumas previs\u00f5es assertivas, principalmente quando se trata de famosos.M\u00e1rcia Sensitiva, a astr\u00f3loga, fez uma previs\u00e3o impactante sobre um poss\u00edvel fim dos tempos durante uma entrevista no programa de podcast \u201cPod delas\u201d.Ainda segundo M\u00e1rcia Sensitiva, o planeta terra est\u00e1 passando por\u2026","rel":"","context":"In &quot;Blog&quot;","block_context":{"text":"Blog","link":"https:\/\/ismaelcolosi.com.br\/index.php\/category\/blog\/"},"img":{"alt_text":"","src":"https:\/\/i0.wp.com\/ismaelcolosi.com.br\/wp-content\/uploads\/2023\/11\/postimg-656943805930d5452.jpg?fit=1200%2C628&ssl=1&resize=350%2C200","width":350,"height":200,"srcset":"https:\/\/i0.wp.com\/ismaelcolosi.com.br\/wp-content\/uploads\/2023\/11\/postimg-656943805930d5452.jpg?fit=1200%2C628&ssl=1&resize=350%2C200 1x, https:\/\/i0.wp.com\/ismaelcolosi.com.br\/wp-content\/uploads\/2023\/11\/postimg-656943805930d5452.jpg?fit=1200%2C628&ssl=1&resize=525%2C300 1.5x, https:\/\/i0.wp.com\/ismaelcolosi.com.br\/wp-content\/uploads\/2023\/11\/postimg-656943805930d5452.jpg?fit=1200%2C628&ssl=1&resize=700%2C400 2x, https:\/\/i0.wp.com\/ismaelcolosi.com.br\/wp-content\/uploads\/2023\/11\/postimg-656943805930d5452.jpg?fit=1200%2C628&ssl=1&resize=1050%2C600 3x"},"classes":[]},{"id":12916,"url":"https:\/\/ismaelcolosi.com.br\/index.php\/2023\/12\/08\/vidente-realiza-suas-previsoes-para-2024-e-aponta-todas-as-situacoes-que-devemos-enfrentar-no-decorrer-do-ano-video\/","url_meta":{"origin":6687,"position":5},"title":"Vidente realiza suas previs\u00f5es para 2024; e aponta todas as situa\u00e7\u00f5es que devemos enfrentar no decorrer do ano; v\u00eddeo","author":"ismaelcolosi.com.br","date":"8 de December de 2023","format":false,"excerpt":"A cigana Sulamita, vidente bastante conhecida nas redes sociais, realizou suas previs\u00f5es sobre o que poderemos esperar para o pr\u00f3ximo ano que est\u00e1 chegando, 2024. Ela realizou previs\u00f5es sobre o Brasil e o mundo.E ap\u00f3s a leitura de tr\u00eas cartas, a vidente antecipou que n\u00e3o enxerga situa\u00e7\u00f5es muito boas para\u2026","rel":"","context":"In &quot;Blog&quot;","block_context":{"text":"Blog","link":"https:\/\/ismaelcolosi.com.br\/index.php\/category\/blog\/"},"img":{"alt_text":"","src":"https:\/\/i0.wp.com\/ismaelcolosi.com.br\/wp-content\/uploads\/2023\/12\/postimg-65739a3c0def17101.jpg?fit=1200%2C628&ssl=1&resize=350%2C200","width":350,"height":200,"srcset":"https:\/\/i0.wp.com\/ismaelcolosi.com.br\/wp-content\/uploads\/2023\/12\/postimg-65739a3c0def17101.jpg?fit=1200%2C628&ssl=1&resize=350%2C200 1x, https:\/\/i0.wp.com\/ismaelcolosi.com.br\/wp-content\/uploads\/2023\/12\/postimg-65739a3c0def17101.jpg?fit=1200%2C628&ssl=1&resize=525%2C300 1.5x, https:\/\/i0.wp.com\/ismaelcolosi.com.br\/wp-content\/uploads\/2023\/12\/postimg-65739a3c0def17101.jpg?fit=1200%2C628&ssl=1&resize=700%2C400 2x, https:\/\/i0.wp.com\/ismaelcolosi.com.br\/wp-content\/uploads\/2023\/12\/postimg-65739a3c0def17101.jpg?fit=1200%2C628&ssl=1&resize=1050%2C600 3x"},"classes":[]}],"jetpack_sharing_enabled":true,"jetpack_shortlink":"https:\/\/wp.me\/pfMlyK-1JR","_links":{"self":[{"href":"https:\/\/ismaelcolosi.com.br\/index.php\/wp-json\/wp\/v2\/posts\/6687","targetHints":{"allow":["GET"]}}],"collection":[{"href":"https:\/\/ismaelcolosi.com.br\/index.php\/wp-json\/wp\/v2\/posts"}],"about":[{"href":"https:\/\/ismaelcolosi.com.br\/index.php\/wp-json\/wp\/v2\/types\/post"}],"author":[{"embeddable":true,"href":"https:\/\/ismaelcolosi.com.br\/index.php\/wp-json\/wp\/v2\/users\/1"}],"replies":[{"embeddable":true,"href":"https:\/\/ismaelcolosi.com.br\/index.php\/wp-json\/wp\/v2\/comments?post=6687"}],"version-history":[{"count":0,"href":"https:\/\/ismaelcolosi.com.br\/index.php\/wp-json\/wp\/v2\/posts\/6687\/revisions"}],"wp:featuredmedia":[{"embeddable":true,"href":"https:\/\/ismaelcolosi.com.br\/index.php\/wp-json\/wp\/v2\/media\/6688"}],"wp:attachment":[{"href":"https:\/\/ismaelcolosi.com.br\/index.php\/wp-json\/wp\/v2\/media?parent=6687"}],"wp:term":[{"taxonomy":"category","embeddable":true,"href":"https:\/\/ismaelcolosi.com.br\/index.php\/wp-json\/wp\/v2\/categories?post=6687"},{"taxonomy":"post_tag","embeddable":true,"href":"https:\/\/ismaelcolosi.com.br\/index.php\/wp-json\/wp\/v2\/tags?post=6687"}],"curies":[{"name":"wp","href":"https:\/\/api.w.org\/{rel}","templated":true}]}}