{"id":6682,"date":"2023-11-26T15:00:54","date_gmt":"2023-11-26T18:00:54","guid":{"rendered":"https:\/\/ismaelcolosi.com.br\/index.php\/2023\/11\/26\/pardinho-cenario-exuberante-e-cultura-caipira\/"},"modified":"2023-11-26T15:00:54","modified_gmt":"2023-11-26T18:00:54","slug":"pardinho-cenario-exuberante-e-cultura-caipira","status":"publish","type":"post","link":"https:\/\/ismaelcolosi.com.br\/index.php\/2023\/11\/26\/pardinho-cenario-exuberante-e-cultura-caipira\/","title":{"rendered":"Pardinho: cen\u00e1rio exuberante e cultura caipira\u00a0"},"content":{"rendered":"<p> <br \/>\n<\/p>\n<div>\n<p><span data-contrast=\"auto\">A cidade de Pardinho, com sua atmosfera acolhedora e paisagens deslumbrantes, \u00e9 um para\u00edso no centro-oeste do estado de S\u00e3o Paulo. Seja para explorar as maravilhas naturais, imergir na cultura caipira, conhecer a sua rica heran\u00e7a cultural ou simplesmente relaxar na tranquilidade do campo, oferecendo uma experi\u00eancia memor\u00e1vel que combina aventura e autenticidade. Para quem deseja conhecer a cultura local, abriga tamb\u00e9m o primeiro Centro Cultural da Am\u00e9rica latina de constru\u00e7\u00e3o sustent\u00e1vel e possui a Reserva T\u00e9cnica do Acervo do Ti\u00e3o Carreiro, \u00edcone da m\u00fasica de raiz, concedendo a cidade a denomina\u00e7\u00e3o de \u201cCapital da M\u00fasica Raiz\u201d.<\/span><span data-ccp-props=\"{&quot;201341983&quot;:0,&quot;335559739&quot;:160,&quot;335559740&quot;:259}\">\u00a0<\/span><\/p>\n<p><span data-contrast=\"auto\">J\u00e1 op\u00e7\u00f5es de hospedagem variam desde hot\u00e9is fazendas com uma experi\u00eancia r\u00fastica, atividades relacionadas \u00e0 vida rural, como passeio a cavalo e contato com animais silvestres, assim tamb\u00e9m como as pousadas de ecoturismo com pacotes que incluem passeios pela natureza, chal\u00e9s, acampamentos e casas para alugar.\u00a0<\/span><span data-ccp-props=\"{&quot;201341983&quot;:0,&quot;335559739&quot;:160,&quot;335559740&quot;:259}\">\u00a0<\/span><\/p>\n<p><span data-contrast=\"auto\">Pardinho \u00e9 beneficiado por uma beleza exuberante, vistas panor\u00e2micas de tirar o f\u00f4lego, e para quem \u00e9 adepto ao turismo de aventura, a Tirolesa do Gigante tem 800 metros, divididos em tr\u00eas lances, com uma vista incr\u00edvel para o \u201cGigante Adormecido\u2019 e uma panor\u00e2mica maravilhosa da Cuesta, cart\u00e3o postal da regi\u00e3o, com trilhas em plena mata, dentro de propriedades rurais e op\u00e7\u00f5es de passeio de quadriciclo e pau de arara.<\/span><span data-ccp-props=\"{&quot;201341983&quot;:0,&quot;335559739&quot;:160,&quot;335559740&quot;:259}\">\u00a0<\/span><\/p>\n<p><span data-contrast=\"auto\">A gastronomia tamb\u00e9m carrega prest\u00edgio. Pratos t\u00edpicos da culin\u00e1ria caipira, como galinha caipira, feij\u00e3o tropeiro, torresmo, s\u00e3o destaque nos restaurantes locais, outra op\u00e7\u00e3o s\u00e3o os queijos premiados produzidos localmente e caf\u00e9s especiais. Experimentar esses sabores tradicionais \u00e9 essencial ao visitante.\u00a0<\/span><span data-ccp-props=\"{&quot;201341983&quot;:0,&quot;335559739&quot;:160,&quot;335559740&quot;:259}\">\u00a0<\/span><\/p>\n<p><span data-ccp-props=\"{&quot;201341983&quot;:0,&quot;335559739&quot;:160,&quot;335559740&quot;:259}\">\u00a0<\/span><b><span data-contrast=\"auto\">Pardinho<\/span><\/b><span data-ccp-props=\"{&quot;201341983&quot;:0,&quot;335559739&quot;:160,&quot;335559740&quot;:259}\">\u00a0<\/span><\/p>\n<figure id=\"attachment_365330\" aria-describedby=\"caption-attachment-365330\" style=\"width: 300px\" class=\"wp-caption alignleft\"><figcaption id=\"caption-attachment-365330\" class=\"wp-caption-text\">Ken Chu \u2013 Express\u00e3o Studio<\/figcaption><\/figure>\n<p><span data-contrast=\"auto\">Com pouco mais de seis mil habitantes, Pardinho desperta seu potencial tur\u00edstico revelando, a pouco mais de dois anos, seus atrativos. Com 70% de seu territ\u00f3rio em regi\u00e3o de \u00c1rea de Preserva\u00e7\u00e3o Permanente preserva suas belezas naturais, localizada na escarpa da Cuesta a 1032 m de altitude confere vistas panor\u00e2micas de tirar o f\u00f4lego tanto dos radicais aventureiros como de amantes da medita\u00e7\u00e3o.\u00a0<\/span><span data-ccp-props=\"{&quot;201341983&quot;:0,&quot;335559739&quot;:160,&quot;335559740&quot;:259}\">\u00a0<\/span><\/p>\n<p><span data-contrast=\"auto\">Importante \u00e1rea de recarga do aqu\u00edfero Guarani com cerca de 250 nascentes e mais de 211 esp\u00e9cies de p\u00e1ssaros catalogadas tem sua fauna e flora presente no cotidiano. Tradicionalista e rural preserva a cultura caipira com um tom s\u00f3 seu vivenciado nos famosos eventos: Cavalgada do Ferreirinha, Fesmurp, Encontro de Cururueiros entre outros. De olho no futuro busca construir uma rela\u00e7\u00e3o ecol\u00f3gica, sustent\u00e1vel, empreendedora e solid\u00e1ria com o meio ambiente e o turista garantindo um lazer saud\u00e1vel e preservando suas caracter\u00edsticas de cidade do interior.<\/span><span data-ccp-props=\"{&quot;201341983&quot;:0,&quot;335559739&quot;:160,&quot;335559740&quot;:259}\">\u00a0<\/span><\/p>\n<figure id=\"attachment_365331\" aria-describedby=\"caption-attachment-365331\" style=\"width: 211px\" class=\"wp-caption alignleft\"><img data-recalc-dims=\"1\" loading=\"lazy\" decoding=\"async\" class=\"wp-image-365331 size-medium\" src=\"https:\/\/i0.wp.com\/www.tribunaribeirao.com.br\/site\/wp-content\/uploads\/2023\/11\/2-4-211x300.jpg?resize=211%2C300&#038;ssl=1\" alt=\"\" width=\"211\" height=\"300\" srcset=\"https:\/\/www.tribunaribeirao.com.br\/site\/wp-content\/uploads\/2023\/11\/2-4-211x300.jpg 211w, https:\/\/www.tribunaribeirao.com.br\/site\/wp-content\/uploads\/2023\/11\/2-4-719x1024.jpg 719w, https:\/\/www.tribunaribeirao.com.br\/site\/wp-content\/uploads\/2023\/11\/2-4-768x1094.jpg 768w, https:\/\/www.tribunaribeirao.com.br\/site\/wp-content\/uploads\/2023\/11\/2-4-1079x1536.jpg 1079w, https:\/\/www.tribunaribeirao.com.br\/site\/wp-content\/uploads\/2023\/11\/2-4-1438x2048.jpg 1438w, https:\/\/www.tribunaribeirao.com.br\/site\/wp-content\/uploads\/2023\/11\/2-4-1920x2734.jpg 1920w, https:\/\/www.tribunaribeirao.com.br\/site\/wp-content\/uploads\/2023\/11\/2-4-960x1367.jpg 960w, https:\/\/www.tribunaribeirao.com.br\/site\/wp-content\/uploads\/2023\/11\/2-4-281x400.jpg 281w, https:\/\/www.tribunaribeirao.com.br\/site\/wp-content\/uploads\/2023\/11\/2-4-585x833.jpg 585w, https:\/\/www.tribunaribeirao.com.br\/site\/wp-content\/uploads\/2023\/11\/2-4-scaled.jpg 1798w\" sizes=\"auto, (max-width: 211px) 100vw, 211px\"\/><figcaption id=\"caption-attachment-365331\" class=\"wp-caption-text\">Ken Chu \u2013 Express\u00e3o Studio<\/figcaption><\/figure>\n<p><span data-contrast=\"auto\"><strong>Monumento ao Ferreirinha<\/strong>: Expoente da cultura caipira, a cidade presta tributo, logo na entrada, com um monumento \u00e0 m\u00fasica raiz caipira pela moda de viola: Ferreirinha, que foi um homem r\u00fastico, amansador de burros e cavalos xucros para a lida, famoso la\u00e7ador e destemido nas empreitadas, mas que teve uma morte tr\u00e1gica e sua hist\u00f3ria imortalizada nesta moda de viola, regravada por dezenas de duplas tornando-se o maior fen\u00f4meno da m\u00fasica raiz caipira por ter gerado 30 outras m\u00fasicas derivadas, sagradamente presente nos eventos tradicionais locais. De autoria do famoso Carreirinho que tamb\u00e9m conquistou fama e gl\u00f3ria elevando o nome de Pardinho, Brasil a fora.<\/span><span data-ccp-props=\"{&quot;201341983&quot;:0,&quot;335559739&quot;:160,&quot;335559740&quot;:259}\">\u00a0<\/span><\/p>\n<p><span data-ccp-props=\"{&quot;201341983&quot;:0,&quot;335559739&quot;:160,&quot;335559740&quot;:259}\">\u00a0<\/span><\/p>\n<p>\u00a0<\/p>\n<p>\u00a0<\/p>\n<figure id=\"attachment_365332\" aria-describedby=\"caption-attachment-365332\" style=\"width: 300px\" class=\"wp-caption alignleft\"><img data-recalc-dims=\"1\" loading=\"lazy\" decoding=\"async\" class=\"wp-image-365332 size-medium\" src=\"https:\/\/i0.wp.com\/www.tribunaribeirao.com.br\/site\/wp-content\/uploads\/2023\/11\/3-4-300x200.jpg?resize=300%2C200&#038;ssl=1\" alt=\"\" width=\"300\" height=\"200\" srcset=\"https:\/\/www.tribunaribeirao.com.br\/site\/wp-content\/uploads\/2023\/11\/3-4-300x200.jpg 300w, https:\/\/www.tribunaribeirao.com.br\/site\/wp-content\/uploads\/2023\/11\/3-4-1024x683.jpg 1024w, https:\/\/www.tribunaribeirao.com.br\/site\/wp-content\/uploads\/2023\/11\/3-4-768x512.jpg 768w, https:\/\/www.tribunaribeirao.com.br\/site\/wp-content\/uploads\/2023\/11\/3-4-1536x1024.jpg 1536w, https:\/\/www.tribunaribeirao.com.br\/site\/wp-content\/uploads\/2023\/11\/3-4-2048x1366.jpg 2048w, https:\/\/www.tribunaribeirao.com.br\/site\/wp-content\/uploads\/2023\/11\/3-4-480x320.jpg 480w, https:\/\/www.tribunaribeirao.com.br\/site\/wp-content\/uploads\/2023\/11\/3-4-280x186.jpg 280w, https:\/\/www.tribunaribeirao.com.br\/site\/wp-content\/uploads\/2023\/11\/3-4-1920x1281.jpg 1920w, https:\/\/www.tribunaribeirao.com.br\/site\/wp-content\/uploads\/2023\/11\/3-4-960x640.jpg 960w, https:\/\/www.tribunaribeirao.com.br\/site\/wp-content\/uploads\/2023\/11\/3-4-600x400.jpg 600w, https:\/\/www.tribunaribeirao.com.br\/site\/wp-content\/uploads\/2023\/11\/3-4-585x390.jpg 585w\" sizes=\"auto, (max-width: 300px) 100vw, 300px\"\/><figcaption id=\"caption-attachment-365332\" class=\"wp-caption-text\">Ken Chu \u2013 Express\u00e3o Studio<\/figcaption><\/figure>\n<p><span data-contrast=\"auto\"><strong>Passeios pelo Gigante<\/strong>: O atrativo conduz de buggy o turista a apreciar exuberantes paisagens rurais, vista panor\u00e2micas, cachoeiras e peculiaridades da vida na Cuesta de Pardinho<\/span><span data-ccp-props=\"{&quot;201341983&quot;:0,&quot;335559739&quot;:160,&quot;335559740&quot;:259}\">\u00a0<\/span><\/p>\n<p><span data-ccp-props=\"{&quot;201341983&quot;:0,&quot;335559739&quot;:160,&quot;335559740&quot;:259}\">\u00a0<\/span><\/p>\n<p>\u00a0<\/p>\n<p>\u00a0<\/p>\n<p>\u00a0<\/p>\n<figure id=\"attachment_365333\" aria-describedby=\"caption-attachment-365333\" style=\"width: 300px\" class=\"wp-caption alignleft\"><img data-recalc-dims=\"1\" loading=\"lazy\" decoding=\"async\" class=\"wp-image-365333 size-medium\" src=\"https:\/\/i0.wp.com\/www.tribunaribeirao.com.br\/site\/wp-content\/uploads\/2023\/11\/4-2-300x194.jpg?resize=300%2C194&#038;ssl=1\" alt=\"\" width=\"300\" height=\"194\" srcset=\"https:\/\/www.tribunaribeirao.com.br\/site\/wp-content\/uploads\/2023\/11\/4-2-300x194.jpg 300w, https:\/\/www.tribunaribeirao.com.br\/site\/wp-content\/uploads\/2023\/11\/4-2-1024x662.jpg 1024w, https:\/\/www.tribunaribeirao.com.br\/site\/wp-content\/uploads\/2023\/11\/4-2-768x497.jpg 768w, https:\/\/www.tribunaribeirao.com.br\/site\/wp-content\/uploads\/2023\/11\/4-2-1536x994.jpg 1536w, https:\/\/www.tribunaribeirao.com.br\/site\/wp-content\/uploads\/2023\/11\/4-2-2048x1325.jpg 2048w, https:\/\/www.tribunaribeirao.com.br\/site\/wp-content\/uploads\/2023\/11\/4-2-1920x1242.jpg 1920w, https:\/\/www.tribunaribeirao.com.br\/site\/wp-content\/uploads\/2023\/11\/4-2-960x621.jpg 960w, https:\/\/www.tribunaribeirao.com.br\/site\/wp-content\/uploads\/2023\/11\/4-2-618x400.jpg 618w, https:\/\/www.tribunaribeirao.com.br\/site\/wp-content\/uploads\/2023\/11\/4-2-585x378.jpg 585w\" sizes=\"auto, (max-width: 300px) 100vw, 300px\"\/><figcaption id=\"caption-attachment-365333\" class=\"wp-caption-text\">Ken Chu \u2013 Express\u00e3o Studio<\/figcaption><\/figure>\n<p><span data-contrast=\"auto\"><strong>Centro Max Feffer de Cultura e Sustentabilidade<\/strong> \u2013 Primeiro centro cultural da Am\u00e9rica latina de constru\u00e7\u00e3o sustent\u00e1vel. Premiado. Espa\u00e7o p\u00fablico que tem sua gest\u00e3o terceirizada realizada pelo Instituto Jatob\u00e1s. Um espa\u00e7o conhecido pela constru\u00e7\u00e3o verde ecol\u00f3gica com sua arrojada arquitetura de bambu, materiais de demoli\u00e7\u00e3o e recicl\u00e1veis destinados a promover e ampliar a reflex\u00f5es e a\u00e7\u00f5es sobre sustentabilidade.<\/span><span data-ccp-props=\"{&quot;201341983&quot;:0,&quot;335559739&quot;:160,&quot;335559740&quot;:259}\">\u00a0<\/span><\/p>\n<p><span data-ccp-props=\"{&quot;201341983&quot;:0,&quot;335559739&quot;:160,&quot;335559740&quot;:259}\">\u00a0<\/span><\/p>\n<p><span data-ccp-props=\"{&quot;201341983&quot;:0,&quot;335559739&quot;:160,&quot;335559740&quot;:259}\">\u00a0<\/span><\/p>\n<\/div>\n<p><br \/>\n<br \/><a href=\"https:\/\/www.tribunaribeirao.com.br\/site\/pardinho-cenario-exuberante-e-cultura-caipira\/\">Source link <\/a><\/p>\n<div class='code-block code-block-4' style='margin: 8px auto 8px 0; text-align: left; display: block; clear: both;'>\n\ud83d\udce2 Aviso Legal\n\nO site ismaelcolosi.com.br atua apenas como um canal de divulga\u00e7\u00e3o de oportunidades de emprego e n\u00e3o se responsabiliza pelo processo seletivo, contrata\u00e7\u00e3o ou qualquer outra etapa relacionada \u00e0s vagas publicadas. Todas as informa\u00e7\u00f5es s\u00e3o de responsabilidade dos anunciantes.\n\n\u26a0\ufe0f Aten\u00e7\u00e3o! Nunca pague por promessas de emprego nem compre cursos que garantam contrata\u00e7\u00e3o. Desconfie de qualquer cobran\u00e7a para participar de sele\u00e7\u00f5es.\n\n\n\n<\/div>\n<!-- CONTENT END 1 -->\n","protected":false},"excerpt":{"rendered":"<p>A cidade de Pardinho, com sua atmosfera acolhedora e paisagens deslumbrantes, \u00e9 um para\u00edso no centro-oeste do estado de S\u00e3o Paulo. Seja para explorar as&#8230;<\/p>\n","protected":false},"author":1,"featured_media":6683,"comment_status":"open","ping_status":"open","sticky":false,"template":"","format":"standard","meta":{"_uag_custom_page_level_css":"","advanced_seo_description":"","jetpack_seo_html_title":"","jetpack_seo_noindex":false,"jetpack_post_was_ever_published":false,"_jetpack_newsletter_access":"","_jetpack_dont_email_post_to_subs":false,"_jetpack_newsletter_tier_id":0,"_jetpack_memberships_contains_paywalled_content":false,"_jetpack_memberships_contains_paid_content":false,"footnotes":"","jetpack_publicize_message":"","jetpack_publicize_feature_enabled":true,"jetpack_social_post_already_shared":true,"jetpack_social_options":{"image_generator_settings":{"template":"highway","default_image_id":0,"font":"","enabled":false},"version":2}},"categories":[11],"tags":[93,821,823,822,820],"class_list":["post-6682","post","type-post","status-publish","format-standard","has-post-thumbnail","hentry","category-noticias-de-ribeirao-preto-sp-e-regiao-ismael-colosi","tag-caipira","tag-cenario","tag-cultura","tag-exuberante","tag-pardinho"],"jetpack_publicize_connections":[],"jetpack_featured_media_url":"https:\/\/i0.wp.com\/ismaelcolosi.com.br\/wp-content\/uploads\/2023\/11\/pardinho-scaled.jpg?fit=2560%2C1646&ssl=1","uagb_featured_image_src":{"full":["https:\/\/i0.wp.com\/ismaelcolosi.com.br\/wp-content\/uploads\/2023\/11\/pardinho-scaled.jpg?fit=2560%2C1646&ssl=1",2560,1646,false],"thumbnail":["https:\/\/i0.wp.com\/ismaelcolosi.com.br\/wp-content\/uploads\/2023\/11\/pardinho-scaled.jpg?resize=150%2C150&ssl=1",150,150,true],"medium":["https:\/\/i0.wp.com\/ismaelcolosi.com.br\/wp-content\/uploads\/2023\/11\/pardinho-scaled.jpg?fit=300%2C193&ssl=1",300,193,true],"medium_large":["https:\/\/i0.wp.com\/ismaelcolosi.com.br\/wp-content\/uploads\/2023\/11\/pardinho-scaled.jpg?fit=768%2C494&ssl=1",768,494,true],"large":["https:\/\/i0.wp.com\/ismaelcolosi.com.br\/wp-content\/uploads\/2023\/11\/pardinho-scaled.jpg?fit=1024%2C658&ssl=1",1024,658,true],"1536x1536":["https:\/\/i0.wp.com\/ismaelcolosi.com.br\/wp-content\/uploads\/2023\/11\/pardinho-scaled.jpg?fit=1536%2C988&ssl=1",1536,988,true],"2048x2048":["https:\/\/i0.wp.com\/ismaelcolosi.com.br\/wp-content\/uploads\/2023\/11\/pardinho-scaled.jpg?fit=2048%2C1317&ssl=1",2048,1317,true],"really-simple-thumb":["https:\/\/i0.wp.com\/ismaelcolosi.com.br\/wp-content\/uploads\/2023\/11\/pardinho-scaled.jpg?resize=370%2C247&ssl=1",370,247,true]},"uagb_author_info":{"display_name":"ismaelcolosi.com.br","author_link":"https:\/\/ismaelcolosi.com.br\/index.php\/author\/vidareal-online\/"},"uagb_comment_info":0,"uagb_excerpt":"A cidade de Pardinho, com sua atmosfera acolhedora e paisagens deslumbrantes, \u00e9 um para\u00edso no centro-oeste do estado de S\u00e3o Paulo. Seja para explorar as...","jetpack-related-posts":[{"id":44732,"url":"https:\/\/ismaelcolosi.com.br\/index.php\/2024\/03\/30\/cultura-sertaneja-sera-destaque-no-ribeirao-rodeo-music-com-espaco-raiz\/","url_meta":{"origin":6682,"position":0},"title":"Cultura sertaneja ser\u00e1 destaque no Ribeir\u00e3o Rodeo Music com Espa\u00e7o Raiz","author":"ismaelcolosi.com.br","date":"30 de March de 2024","format":false,"excerpt":"A cultura sertaneja vai ganhar ainda mais destaque em uma \u00e1rea in\u00e9dita no Ribeir\u00e3o Rodeo Music. O Espa\u00e7o Raiz, totalmente dedicado para enaltecer a hist\u00f3ria, a cultura e a tradi\u00e7\u00e3o sertanejas, foi anunciado como uma das novidades do festival. O espa\u00e7o vai funcionar nos mesmos dias do evento \u2013 20,\u2026","rel":"","context":"In &quot;Not\u00edcias de Ribeir\u00e3o Preto-SP e Regi\u00e3o&quot;","block_context":{"text":"Not\u00edcias de Ribeir\u00e3o Preto-SP e Regi\u00e3o","link":"https:\/\/ismaelcolosi.com.br\/index.php\/category\/noticias-de-ribeirao-preto-sp-e-regiao-ismael-colosi\/"},"img":{"alt_text":"","src":"https:\/\/i0.wp.com\/ismaelcolosi.com.br\/wp-content\/uploads\/2024\/03\/AnyConv.com__rrm-scaled.webp.webp?fit=1200%2C800&ssl=1&resize=350%2C200","width":350,"height":200,"srcset":"https:\/\/i0.wp.com\/ismaelcolosi.com.br\/wp-content\/uploads\/2024\/03\/AnyConv.com__rrm-scaled.webp.webp?fit=1200%2C800&ssl=1&resize=350%2C200 1x, https:\/\/i0.wp.com\/ismaelcolosi.com.br\/wp-content\/uploads\/2024\/03\/AnyConv.com__rrm-scaled.webp.webp?fit=1200%2C800&ssl=1&resize=525%2C300 1.5x, https:\/\/i0.wp.com\/ismaelcolosi.com.br\/wp-content\/uploads\/2024\/03\/AnyConv.com__rrm-scaled.webp.webp?fit=1200%2C800&ssl=1&resize=700%2C400 2x, https:\/\/i0.wp.com\/ismaelcolosi.com.br\/wp-content\/uploads\/2024\/03\/AnyConv.com__rrm-scaled.webp.webp?fit=1200%2C800&ssl=1&resize=1050%2C600 3x"},"classes":[]},{"id":74407,"url":"https:\/\/ismaelcolosi.com.br\/index.php\/2024\/10\/31\/pantera-sessions-apresenta-shows-de-rapadura-e-matuto-s-a\/","url_meta":{"origin":6682,"position":1},"title":"Pantera Sessions apresenta shows de RAPadura e Matuto S.A","author":"ismaelcolosi.com.br","date":"31 de October de 2024","format":false,"excerpt":"31 de outubro de 202430 de outubro de 20249 Compartilhar0 O projeto Pantera Sessions realiza sua \u00faltima edi\u00e7\u00e3o de 2024 nesta sexta-feira (1\/11), com muita m\u00fasica e anima\u00e7\u00e3o das bandas\u00a0RAPadura Xique-Chico\u00a0e\u00a0Matuto S.A, a partir das 21h, no Espa\u00e7o Muselab, em Ribeir\u00e3o Preto (SP). Os ingressos est\u00e3o dispon\u00edveis no Sympla (https:\/\/abrir.link\/wUFdO)\u2026","rel":"","context":"In &quot;Not\u00edcias de Ribeir\u00e3o Preto-SP e Regi\u00e3o&quot;","block_context":{"text":"Not\u00edcias de Ribeir\u00e3o Preto-SP e Regi\u00e3o","link":"https:\/\/ismaelcolosi.com.br\/index.php\/category\/noticias-de-ribeirao-preto-sp-e-regiao-ismael-colosi\/"},"img":{"alt_text":"","src":"https:\/\/i0.wp.com\/ismaelcolosi.com.br\/wp-content\/uploads\/2024\/10\/rapadura1-scaled.jpeg?fit=500%2C500&ssl=1&resize=350%2C200","width":350,"height":200},"classes":[]},{"id":48113,"url":"https:\/\/ismaelcolosi.com.br\/index.php\/2024\/04\/30\/ribeirao-rodeo-music-encerra-18a-edicao-misturando-classicos-e-nova-geracao-do-sertanejo\/","url_meta":{"origin":6682,"position":2},"title":"Ribeir\u00e3o Rodeo Music encerra 18\u00aa edi\u00e7\u00e3o misturando cl\u00e1ssicos e nova gera\u00e7\u00e3o do sertanejo","author":"ismaelcolosi.com.br","date":"30 de April de 2024","format":false,"excerpt":"O Ribeir\u00e3o Rodeo Music 2024 acaba hoje, 30 de abril, v\u00e9spera de feriado, com provas esportivas da modalidade Ranch Sorting, e apresenta\u00e7\u00f5es que misturam o cl\u00e1ssico e a nova cara do sertanejo. Sobem ao palco da \u00faltima noite da 18\u00aa edi\u00e7\u00e3o Jorge & Mateus, Zez\u00e9 Di Camargo & Luciano, Gustavo\u2026","rel":"","context":"In &quot;Not\u00edcias de Ribeir\u00e3o Preto-SP e Regi\u00e3o&quot;","block_context":{"text":"Not\u00edcias de Ribeir\u00e3o Preto-SP e Regi\u00e3o","link":"https:\/\/ismaelcolosi.com.br\/index.php\/category\/noticias-de-ribeirao-preto-sp-e-regiao-ismael-colosi\/"},"img":{"alt_text":"","src":"https:\/\/i0.wp.com\/ismaelcolosi.com.br\/wp-content\/uploads\/2024\/04\/AnyConv.com__jorge-e-mateus.webp.webp?fit=1196%2C791&ssl=1&resize=350%2C200","width":350,"height":200,"srcset":"https:\/\/i0.wp.com\/ismaelcolosi.com.br\/wp-content\/uploads\/2024\/04\/AnyConv.com__jorge-e-mateus.webp.webp?fit=1196%2C791&ssl=1&resize=350%2C200 1x, https:\/\/i0.wp.com\/ismaelcolosi.com.br\/wp-content\/uploads\/2024\/04\/AnyConv.com__jorge-e-mateus.webp.webp?fit=1196%2C791&ssl=1&resize=525%2C300 1.5x, https:\/\/i0.wp.com\/ismaelcolosi.com.br\/wp-content\/uploads\/2024\/04\/AnyConv.com__jorge-e-mateus.webp.webp?fit=1196%2C791&ssl=1&resize=700%2C400 2x, https:\/\/i0.wp.com\/ismaelcolosi.com.br\/wp-content\/uploads\/2024\/04\/AnyConv.com__jorge-e-mateus.webp.webp?fit=1196%2C791&ssl=1&resize=1050%2C600 3x"},"classes":[]},{"id":55216,"url":"https:\/\/ismaelcolosi.com.br\/index.php\/2024\/07\/01\/ribeirao-preto-conta-com-exposicao-de-orquideas-em-festival-caipira\/","url_meta":{"origin":6682,"position":3},"title":"Ribeir\u00e3o Preto conta com exposi\u00e7\u00e3o de orqu\u00eddeas em festival caipira","author":"ismaelcolosi.com.br","date":"1 de July de 2024","format":false,"excerpt":"Ribeir\u00e3o Preto recebe nos dias 5, 6 e 7 de julho o 3\u00ba Festival Caipira Ribeir\u00e3o, no estacionamento do Novo Shopping, na zona Leste, com entrada gratuita. O evento contar\u00e1 com exposi\u00e7\u00e3o de orqu\u00eddeas, m\u00fasica ao vivo e queima do alho. Confira todas as tra\u00e7\u00f5es do festival. Exposi\u00e7\u00e3o de Orqu\u00eddeas\u2026","rel":"","context":"In &quot;Not\u00edcias de Ribeir\u00e3o Preto-SP e Regi\u00e3o&quot;","block_context":{"text":"Not\u00edcias de Ribeir\u00e3o Preto-SP e Regi\u00e3o","link":"https:\/\/ismaelcolosi.com.br\/index.php\/category\/noticias-de-ribeirao-preto-sp-e-regiao-ismael-colosi\/"},"img":{"alt_text":"","src":"https:\/\/i0.wp.com\/ismaelcolosi.com.br\/wp-content\/uploads\/2024\/07\/orquidea_2024-07-01_14-54-06_jpeg_2024-07-01_14-54-06.webp.webp?fit=1000%2C668&ssl=1&resize=350%2C200","width":350,"height":200,"srcset":"https:\/\/i0.wp.com\/ismaelcolosi.com.br\/wp-content\/uploads\/2024\/07\/orquidea_2024-07-01_14-54-06_jpeg_2024-07-01_14-54-06.webp.webp?fit=1000%2C668&ssl=1&resize=350%2C200 1x, https:\/\/i0.wp.com\/ismaelcolosi.com.br\/wp-content\/uploads\/2024\/07\/orquidea_2024-07-01_14-54-06_jpeg_2024-07-01_14-54-06.webp.webp?fit=1000%2C668&ssl=1&resize=525%2C300 1.5x, https:\/\/i0.wp.com\/ismaelcolosi.com.br\/wp-content\/uploads\/2024\/07\/orquidea_2024-07-01_14-54-06_jpeg_2024-07-01_14-54-06.webp.webp?fit=1000%2C668&ssl=1&resize=700%2C400 2x"},"classes":[]},{"id":912,"url":"https:\/\/ismaelcolosi.com.br\/index.php\/2023\/11\/09\/sesc-ribeirao-preto-tem-show-de-musica-caipira-com-conversa-ribeira\/","url_meta":{"origin":6682,"position":4},"title":"Sesc Ribeir\u00e3o Preto tem show de m\u00fasica caipira com Conversa Ribeira\u00a0","author":"ismaelcolosi.com.br","date":"9 de November de 2023","format":false,"excerpt":"O trio de m\u00fasica caipira Conversa Ribeira vem a Ribeir\u00e3o Preto nesta quinta-feira (9), \u00e0s 20h, no Sesc, localizado no Centro. Os ingressos podem ser adquiridos on-line ou na bilheteria. \u00a0 A banda \u00e9 formada por Jo\u00e3o Paulo Amaral, na viola, Daniel Muller no piano e o acordeom e a\u2026","rel":"","context":"In &quot;Not\u00edcias de Ribeir\u00e3o Preto-SP e Regi\u00e3o&quot;","block_context":{"text":"Not\u00edcias de Ribeir\u00e3o Preto-SP e Regi\u00e3o","link":"https:\/\/ismaelcolosi.com.br\/index.php\/category\/noticias-de-ribeirao-preto-sp-e-regiao-ismael-colosi\/"},"img":{"alt_text":"","src":"https:\/\/i0.wp.com\/ismaelcolosi.com.br\/wp-content\/uploads\/2023\/11\/04.-Conversa-Ribeira-foto-de-Omar-Paixao-1-scaled.jpg?fit=1200%2C800&ssl=1&resize=350%2C200","width":350,"height":200,"srcset":"https:\/\/i0.wp.com\/ismaelcolosi.com.br\/wp-content\/uploads\/2023\/11\/04.-Conversa-Ribeira-foto-de-Omar-Paixao-1-scaled.jpg?fit=1200%2C800&ssl=1&resize=350%2C200 1x, https:\/\/i0.wp.com\/ismaelcolosi.com.br\/wp-content\/uploads\/2023\/11\/04.-Conversa-Ribeira-foto-de-Omar-Paixao-1-scaled.jpg?fit=1200%2C800&ssl=1&resize=525%2C300 1.5x, https:\/\/i0.wp.com\/ismaelcolosi.com.br\/wp-content\/uploads\/2023\/11\/04.-Conversa-Ribeira-foto-de-Omar-Paixao-1-scaled.jpg?fit=1200%2C800&ssl=1&resize=700%2C400 2x, https:\/\/i0.wp.com\/ismaelcolosi.com.br\/wp-content\/uploads\/2023\/11\/04.-Conversa-Ribeira-foto-de-Omar-Paixao-1-scaled.jpg?fit=1200%2C800&ssl=1&resize=1050%2C600 3x"},"classes":[]},{"id":1045,"url":"https:\/\/ismaelcolosi.com.br\/index.php\/2023\/11\/10\/po-de-cafe-sexteto-lanca-novo-album\/","url_meta":{"origin":6682,"position":5},"title":"P\u00f3 de Caf\u00e9: sexteto lan\u00e7a novo \u00e1lbum\u00a0","author":"ismaelcolosi.com.br","date":"10 de November de 2023","format":false,"excerpt":"10 de novembro de 2023 | 9:039 de novembro de 2023 | 16:10 0O grupo de jazz brasileiro P\u00f3 de Caf\u00e9 lan\u00e7a nesta sexta-feira, 10 de novembro, o quinto \u00e1lbum \u201cSu\u00edte do Caf\u00e9\u201d, gravado juntamente com a orquestra USP Filarm\u00f4nica, de Ribeir\u00e3o Preto. O \u00e1lbum est\u00e1 dispon\u00edvel em todas as\u2026","rel":"","context":"In &quot;Not\u00edcias de Ribeir\u00e3o Preto-SP e Regi\u00e3o&quot;","block_context":{"text":"Not\u00edcias de Ribeir\u00e3o Preto-SP e Regi\u00e3o","link":"https:\/\/ismaelcolosi.com.br\/index.php\/category\/noticias-de-ribeirao-preto-sp-e-regiao-ismael-colosi\/"},"img":{"alt_text":"","src":"https:\/\/i0.wp.com\/ismaelcolosi.com.br\/wp-content\/uploads\/2023\/11\/sexteto-scaled.jpg?fit=1000%2C561&ssl=1&resize=350%2C200","width":350,"height":200,"srcset":"https:\/\/i0.wp.com\/ismaelcolosi.com.br\/wp-content\/uploads\/2023\/11\/sexteto-scaled.jpg?fit=1000%2C561&ssl=1&resize=350%2C200 1x, https:\/\/i0.wp.com\/ismaelcolosi.com.br\/wp-content\/uploads\/2023\/11\/sexteto-scaled.jpg?fit=1000%2C561&ssl=1&resize=525%2C300 1.5x, https:\/\/i0.wp.com\/ismaelcolosi.com.br\/wp-content\/uploads\/2023\/11\/sexteto-scaled.jpg?fit=1000%2C561&ssl=1&resize=700%2C400 2x"},"classes":[]}],"jetpack_sharing_enabled":true,"jetpack_shortlink":"https:\/\/wp.me\/pfMlyK-1JM","_links":{"self":[{"href":"https:\/\/ismaelcolosi.com.br\/index.php\/wp-json\/wp\/v2\/posts\/6682","targetHints":{"allow":["GET"]}}],"collection":[{"href":"https:\/\/ismaelcolosi.com.br\/index.php\/wp-json\/wp\/v2\/posts"}],"about":[{"href":"https:\/\/ismaelcolosi.com.br\/index.php\/wp-json\/wp\/v2\/types\/post"}],"author":[{"embeddable":true,"href":"https:\/\/ismaelcolosi.com.br\/index.php\/wp-json\/wp\/v2\/users\/1"}],"replies":[{"embeddable":true,"href":"https:\/\/ismaelcolosi.com.br\/index.php\/wp-json\/wp\/v2\/comments?post=6682"}],"version-history":[{"count":0,"href":"https:\/\/ismaelcolosi.com.br\/index.php\/wp-json\/wp\/v2\/posts\/6682\/revisions"}],"wp:featuredmedia":[{"embeddable":true,"href":"https:\/\/ismaelcolosi.com.br\/index.php\/wp-json\/wp\/v2\/media\/6683"}],"wp:attachment":[{"href":"https:\/\/ismaelcolosi.com.br\/index.php\/wp-json\/wp\/v2\/media?parent=6682"}],"wp:term":[{"taxonomy":"category","embeddable":true,"href":"https:\/\/ismaelcolosi.com.br\/index.php\/wp-json\/wp\/v2\/categories?post=6682"},{"taxonomy":"post_tag","embeddable":true,"href":"https:\/\/ismaelcolosi.com.br\/index.php\/wp-json\/wp\/v2\/tags?post=6682"}],"curies":[{"name":"wp","href":"https:\/\/api.w.org\/{rel}","templated":true}]}}