{"id":66810,"date":"2024-09-19T13:10:25","date_gmt":"2024-09-19T16:10:25","guid":{"rendered":"https:\/\/ismaelcolosi.com.br\/index.php\/2024\/09\/19\/rodovia-anhanguera-volta-a-ser-interditada-por-conta-da-fumaca\/"},"modified":"2024-09-19T13:10:25","modified_gmt":"2024-09-19T16:10:25","slug":"rodovia-anhanguera-volta-a-ser-interditada-por-conta-da-fumaca","status":"publish","type":"post","link":"https:\/\/ismaelcolosi.com.br\/index.php\/2024\/09\/19\/rodovia-anhanguera-volta-a-ser-interditada-por-conta-da-fumaca\/","title":{"rendered":"Rodovia Anhanguera volta a ser interditada por conta da fuma\u00e7a"},"content":{"rendered":"<p> <br \/>\n<\/p>\n<div data-td-block-uid=\"tdi_106\">\n<div class=\"tdb-block-inner td-fix-index\">\n<p>A <strong>rodovia Anhanguera<\/strong> foi interditada no <mark style=\"background-color:#fcb900\" class=\"has-inline-color has-black-color\">in\u00edcio da tarde desta quinta-feira (19) por conta da fuma\u00e7a nos dois sentidos da pista.<\/mark><\/p>\n<p>Segundo a <strong>Entrevias<\/strong>, a interdi\u00e7\u00e3o acontece na <mark style=\"background-color:#fcb900\" class=\"has-inline-color has-black-color\">altura do quil\u00f4metro 424<\/mark>, em <strong>Buritizal<\/strong>, no sentido Minas Gerais, e na<mark style=\"background-color:#fcb900\" class=\"has-inline-color has-black-color\"> altura do quil\u00f4metro 429<\/mark>, em<strong> Aramina<\/strong>, no sentido Ribeir\u00e3o Preto.<\/p>\n<p>O risco para inc\u00eandios permanece elevado nesta quinta-feira (19), na maior parte do interior de S\u00e3o Paulo, incluindo a regi\u00e3o de Ribeir\u00e3o Preto.<\/p>\n<p>A<strong> Climatempo<\/strong> indica a cor roxa em grande parte do interior paulista, que significa emerg\u00eancia e \u00e9 o n\u00edvel mais elevado na escala<\/p>\n<h4 class=\"wp-block-heading\"><strong>Tempo seco<\/strong><\/h4>\n<p>A condi\u00e7\u00e3o de tempo segue est\u00e1vel e n\u00e3o h\u00e1 previs\u00e3o de chuva nesta quinta em Ribeir\u00e3o Preto, conforme a Climatempo.<\/p>\n<p>A umidade relativa do ar pode atingir n\u00edveis entre 21% e 30% no per\u00edodo da tarde.<\/p>\n<p>SAIBA MAIS<br \/>HC Ribeir\u00e3o Preto abre concurso p\u00fablico; Veja como fazer a inscri\u00e7\u00e3o<\/p>\n<h4 class=\"wp-block-heading\"><strong>FIQUE ON<\/strong><\/h4>\n<p>Fique ligado em tudo que acontece em Ribeir\u00e3o Preto e regi\u00e3o. Siga os perfis do\u00a0<strong>acidade on\u00a0<\/strong>no\u00a0<a href=\"https:\/\/www.instagram.com\/acidadeonribeirao\" target=\"_blank\" rel=\"noreferrer noopener\">Instagram\u00a0<\/a>e no\u00a0<a href=\"https:\/\/www.facebook.com\/acidadeonribeirao\/\" target=\"_blank\" rel=\"noreferrer noopener\">Facebook<\/a>.<\/p>\n<p>Receba not\u00edcias do\u00a0<strong>acidade on<\/strong>\u00a0no WhatsApp.\u00a0<a href=\"https:\/\/chat.whatsapp.com\/Dtv9mxhy6V5BJBotM2OQ5k\" target=\"_blank\" rel=\"noreferrer noopener\">Para entrar no grupo, basta clicar aqui<\/a>.<\/p>\n<p>Fa\u00e7a uma den\u00fancia ou sugira uma reportagem sobre Ribeir\u00e3o Preto e regi\u00e3o pelo WhatsApp: 16 99117 7802.<\/p>\n<p>VEJA TAMB\u00c9M<br \/>Onde \u00e9 feriado em 20 de setembro?<\/p>\n<p><!-- CONTENT END 1 -->\n<\/div>\n<\/div>\n<p><script async src=\"\/\/www.instagram.com\/embed.js\"><\/script><br \/>\n<br \/><br \/>\n<br \/><a href=\"https:\/\/www.acidadeon.com\/ribeiraopreto\/cotidiano\/rodovia-anhanguera-volta-a-ser-interditada-por-conta-da-fumaca\/\">Source link <\/a><\/p>\n","protected":false},"excerpt":{"rendered":"<p>A rodovia Anhanguera foi interditada no in\u00edcio da tarde desta quinta-feira (19) por conta da fuma\u00e7a nos dois sentidos da pista. Segundo a Entrevias, a&#8230;<\/p>\n","protected":false},"author":1,"featured_media":66811,"comment_status":"open","ping_status":"open","sticky":false,"template":"","format":"standard","meta":{"_uag_custom_page_level_css":"","advanced_seo_description":"","jetpack_seo_html_title":"","jetpack_seo_noindex":false,"jetpack_post_was_ever_published":false,"_jetpack_newsletter_access":"","_jetpack_dont_email_post_to_subs":false,"_jetpack_newsletter_tier_id":0,"_jetpack_memberships_contains_paywalled_content":false,"_jetpack_memberships_contains_paid_content":false,"footnotes":"","jetpack_publicize_message":"","jetpack_publicize_feature_enabled":true,"jetpack_social_post_already_shared":true,"jetpack_social_options":{"image_generator_settings":{"template":"highway","default_image_id":0,"font":"","enabled":false},"version":2}},"categories":[11],"tags":[],"class_list":["post-66810","post","type-post","status-publish","format-standard","has-post-thumbnail","hentry","category-noticias-de-ribeirao-preto-sp-e-regiao-ismael-colosi"],"jetpack_publicize_connections":[],"jetpack_featured_media_url":"https:\/\/i0.wp.com\/ismaelcolosi.com.br\/wp-content\/uploads\/2024\/09\/anhanguera-buritizal_2024-09-19_15-47-06_jpg_2024-09-19_15-47-06.webp.webp?fit=1123%2C554&ssl=1","uagb_featured_image_src":{"full":["https:\/\/i0.wp.com\/ismaelcolosi.com.br\/wp-content\/uploads\/2024\/09\/anhanguera-buritizal_2024-09-19_15-47-06_jpg_2024-09-19_15-47-06.webp.webp?fit=1123%2C554&ssl=1",1123,554,false],"thumbnail":["https:\/\/i0.wp.com\/ismaelcolosi.com.br\/wp-content\/uploads\/2024\/09\/anhanguera-buritizal_2024-09-19_15-47-06_jpg_2024-09-19_15-47-06.webp.webp?resize=150%2C150&ssl=1",150,150,true],"medium":["https:\/\/i0.wp.com\/ismaelcolosi.com.br\/wp-content\/uploads\/2024\/09\/anhanguera-buritizal_2024-09-19_15-47-06_jpg_2024-09-19_15-47-06.webp.webp?fit=300%2C148&ssl=1",300,148,true],"medium_large":["https:\/\/i0.wp.com\/ismaelcolosi.com.br\/wp-content\/uploads\/2024\/09\/anhanguera-buritizal_2024-09-19_15-47-06_jpg_2024-09-19_15-47-06.webp.webp?fit=768%2C379&ssl=1",768,379,true],"large":["https:\/\/i0.wp.com\/ismaelcolosi.com.br\/wp-content\/uploads\/2024\/09\/anhanguera-buritizal_2024-09-19_15-47-06_jpg_2024-09-19_15-47-06.webp.webp?fit=1024%2C505&ssl=1",1024,505,true],"1536x1536":["https:\/\/i0.wp.com\/ismaelcolosi.com.br\/wp-content\/uploads\/2024\/09\/anhanguera-buritizal_2024-09-19_15-47-06_jpg_2024-09-19_15-47-06.webp.webp?fit=1123%2C554&ssl=1",1123,554,true],"2048x2048":["https:\/\/i0.wp.com\/ismaelcolosi.com.br\/wp-content\/uploads\/2024\/09\/anhanguera-buritizal_2024-09-19_15-47-06_jpg_2024-09-19_15-47-06.webp.webp?fit=1123%2C554&ssl=1",1123,554,true],"really-simple-thumb":["https:\/\/i0.wp.com\/ismaelcolosi.com.br\/wp-content\/uploads\/2024\/09\/anhanguera-buritizal_2024-09-19_15-47-06_jpg_2024-09-19_15-47-06.webp.webp?resize=370%2C247&ssl=1",370,247,true]},"uagb_author_info":{"display_name":"ismaelcolosi.com.br","author_link":"https:\/\/ismaelcolosi.com.br\/index.php\/author\/vidareal-online\/"},"uagb_comment_info":0,"uagb_excerpt":"A rodovia Anhanguera foi interditada no in\u00edcio da tarde desta quinta-feira (19) por conta da fuma\u00e7a nos dois sentidos da pista. Segundo a Entrevias, a...","jetpack-related-posts":[{"id":64437,"url":"https:\/\/ismaelcolosi.com.br\/index.php\/2024\/09\/07\/anhanguera-e-interditada-apos-acidente-na-regiao-de-ribeirao-uma-pessoa-morreu\/","url_meta":{"origin":66810,"position":0},"title":"Anhanguera \u00e9 interditada ap\u00f3s acidente na regi\u00e3o de Ribeir\u00e3o; uma pessoa morreu","author":"ismaelcolosi.com.br","date":"7 de September de 2024","format":false,"excerpt":"Uma pessoa morreu em um acidente na rodovia Anhanguera, na altura de Ituverava, na regi\u00e3o de Ribeir\u00e3o Preto, no final da manh\u00e3 deste s\u00e1bado (7). Por conta do acidente, a Anhanguera precisou ser interditada. O bloqueio aconteceu na altura do quil\u00f4metro 426, em Buritizal, no sentido Ribeir\u00e3o Preto, e na\u2026","rel":"","context":"In &quot;Not\u00edcias de Ribeir\u00e3o Preto-SP e Regi\u00e3o&quot;","block_context":{"text":"Not\u00edcias de Ribeir\u00e3o Preto-SP e Regi\u00e3o","link":"https:\/\/ismaelcolosi.com.br\/index.php\/category\/noticias-de-ribeirao-preto-sp-e-regiao-ismael-colosi\/"},"img":{"alt_text":"","src":"https:\/\/i0.wp.com\/ismaelcolosi.com.br\/wp-content\/uploads\/2024\/09\/ACIDENTE-ANHANGUERA_2024-09-07_16-53-46_jpg_2024-09-07_16-53-46.webp.webp?fit=896%2C541&ssl=1&resize=350%2C200","width":350,"height":200,"srcset":"https:\/\/i0.wp.com\/ismaelcolosi.com.br\/wp-content\/uploads\/2024\/09\/ACIDENTE-ANHANGUERA_2024-09-07_16-53-46_jpg_2024-09-07_16-53-46.webp.webp?fit=896%2C541&ssl=1&resize=350%2C200 1x, https:\/\/i0.wp.com\/ismaelcolosi.com.br\/wp-content\/uploads\/2024\/09\/ACIDENTE-ANHANGUERA_2024-09-07_16-53-46_jpg_2024-09-07_16-53-46.webp.webp?fit=896%2C541&ssl=1&resize=525%2C300 1.5x, https:\/\/i0.wp.com\/ismaelcolosi.com.br\/wp-content\/uploads\/2024\/09\/ACIDENTE-ANHANGUERA_2024-09-07_16-53-46_jpg_2024-09-07_16-53-46.webp.webp?fit=896%2C541&ssl=1&resize=700%2C400 2x"},"classes":[]},{"id":62071,"url":"https:\/\/ismaelcolosi.com.br\/index.php\/2024\/08\/25\/anhanguera-e-interditada-por-conta-de-incendio-em-ribeirao-preto\/","url_meta":{"origin":66810,"position":1},"title":"Anhanguera \u00e9 interditada por conta de inc\u00eandio em Ribeir\u00e3o Preto","author":"ismaelcolosi.com.br","date":"25 de August de 2024","format":false,"excerpt":"A rodovia Anhanguera foi interditada nos dois sentidos, na noite deste s\u00e1bado (24), em Ribeir\u00e3o Preto, na altura do quil\u00f4metro 302. A interdi\u00e7\u00e3o foi motivada por um inc\u00eandio em vegeta\u00e7\u00e3o. N\u00e3o h\u00e1 previs\u00e3o de libera\u00e7\u00e3o. Mais cedo, outro trecho da Anhanguera, em Jardin\u00f3polis, tamb\u00e9m havia passado por bloqueio. A interdi\u00e7\u00e3o\u2026","rel":"","context":"In &quot;Not\u00edcias de Ribeir\u00e3o Preto-SP e Regi\u00e3o&quot;","block_context":{"text":"Not\u00edcias de Ribeir\u00e3o Preto-SP e Regi\u00e3o","link":"https:\/\/ismaelcolosi.com.br\/index.php\/category\/noticias-de-ribeirao-preto-sp-e-regiao-ismael-colosi\/"},"img":{"alt_text":"","src":"https:\/\/i0.wp.com\/ismaelcolosi.com.br\/wp-content\/uploads\/2024\/08\/anhanguera_2024-08-24_23-29-46_jpg_2024-08-24_23-29-46.webp.webp?fit=1132%2C734&ssl=1&resize=350%2C200","width":350,"height":200,"srcset":"https:\/\/i0.wp.com\/ismaelcolosi.com.br\/wp-content\/uploads\/2024\/08\/anhanguera_2024-08-24_23-29-46_jpg_2024-08-24_23-29-46.webp.webp?fit=1132%2C734&ssl=1&resize=350%2C200 1x, https:\/\/i0.wp.com\/ismaelcolosi.com.br\/wp-content\/uploads\/2024\/08\/anhanguera_2024-08-24_23-29-46_jpg_2024-08-24_23-29-46.webp.webp?fit=1132%2C734&ssl=1&resize=525%2C300 1.5x, https:\/\/i0.wp.com\/ismaelcolosi.com.br\/wp-content\/uploads\/2024\/08\/anhanguera_2024-08-24_23-29-46_jpg_2024-08-24_23-29-46.webp.webp?fit=1132%2C734&ssl=1&resize=700%2C400 2x, https:\/\/i0.wp.com\/ismaelcolosi.com.br\/wp-content\/uploads\/2024\/08\/anhanguera_2024-08-24_23-29-46_jpg_2024-08-24_23-29-46.webp.webp?fit=1132%2C734&ssl=1&resize=1050%2C600 3x"},"classes":[]},{"id":59044,"url":"https:\/\/ismaelcolosi.com.br\/index.php\/2024\/08\/05\/fumaca-toma-conta-da-rodovia-anhanguera-na-regiao-de-ribeirao-preto\/","url_meta":{"origin":66810,"position":2},"title":"Fuma\u00e7a toma conta da rodovia Anhanguera na regi\u00e3o de Ribeir\u00e3o Preto","author":"ismaelcolosi.com.br","date":"5 de August de 2024","format":false,"excerpt":"A fuma\u00e7a tomou conta da rodovia Anhanguera, em Jardin\u00f3polis, na regi\u00e3o de Ribeir\u00e3o Preto, por conta de um inc\u00eandio na tarde desta segunda-feira (5) \u2013 veja o v\u00eddeo abaixo. VEJA O V\u00cdDEO Ver essa foto no Instagram Uma publica\u00e7\u00e3o compartilhada por acidade on Ribeir\u00e3o (@acidadeonribeirao) De acordo com o Corpo\u2026","rel":"","context":"In &quot;Not\u00edcias de Ribeir\u00e3o Preto-SP e Regi\u00e3o&quot;","block_context":{"text":"Not\u00edcias de Ribeir\u00e3o Preto-SP e Regi\u00e3o","link":"https:\/\/ismaelcolosi.com.br\/index.php\/category\/noticias-de-ribeirao-preto-sp-e-regiao-ismael-colosi\/"},"img":{"alt_text":"","src":"https:\/\/i0.wp.com\/ismaelcolosi.com.br\/wp-content\/uploads\/2024\/08\/FUMACA-ANHANGUERA_2024-08-05_18-40-32_jpg_2024-08-05_18-40-32.webp.webp?fit=1200%2C770&ssl=1&resize=350%2C200","width":350,"height":200,"srcset":"https:\/\/i0.wp.com\/ismaelcolosi.com.br\/wp-content\/uploads\/2024\/08\/FUMACA-ANHANGUERA_2024-08-05_18-40-32_jpg_2024-08-05_18-40-32.webp.webp?fit=1200%2C770&ssl=1&resize=350%2C200 1x, https:\/\/i0.wp.com\/ismaelcolosi.com.br\/wp-content\/uploads\/2024\/08\/FUMACA-ANHANGUERA_2024-08-05_18-40-32_jpg_2024-08-05_18-40-32.webp.webp?fit=1200%2C770&ssl=1&resize=525%2C300 1.5x, https:\/\/i0.wp.com\/ismaelcolosi.com.br\/wp-content\/uploads\/2024\/08\/FUMACA-ANHANGUERA_2024-08-05_18-40-32_jpg_2024-08-05_18-40-32.webp.webp?fit=1200%2C770&ssl=1&resize=700%2C400 2x, https:\/\/i0.wp.com\/ismaelcolosi.com.br\/wp-content\/uploads\/2024\/08\/FUMACA-ANHANGUERA_2024-08-05_18-40-32_jpg_2024-08-05_18-40-32.webp.webp?fit=1200%2C770&ssl=1&resize=1050%2C600 3x"},"classes":[]},{"id":62020,"url":"https:\/\/ismaelcolosi.com.br\/index.php\/2024\/08\/24\/anhanguera-e-interditada-por-conta-de-incendio-na-regiao-de-ribeirao-preto\/","url_meta":{"origin":66810,"position":3},"title":"Anhanguera \u00e9 interditada por conta de inc\u00eandio na regi\u00e3o de Ribeir\u00e3o Preto","author":"ismaelcolosi.com.br","date":"24 de August de 2024","format":false,"excerpt":"A rodovia Anhanguera foi interditada nos dois sentidos, na noite deste s\u00e1bado (24), em Jardin\u00f3polis, na regi\u00e3o de Ribeir\u00e3o Preto. A interdi\u00e7\u00e3o foi motivada por conta dos inc\u00eandios que est\u00e3o afetando a regi\u00e3o nos \u00faltimos dias. A rodovia foi liberada, nos dois sentidos, por volta das 20h40. Segundo a Entrevias,\u2026","rel":"","context":"In &quot;Not\u00edcias de Ribeir\u00e3o Preto-SP e Regi\u00e3o&quot;","block_context":{"text":"Not\u00edcias de Ribeir\u00e3o Preto-SP e Regi\u00e3o","link":"https:\/\/ismaelcolosi.com.br\/index.php\/category\/noticias-de-ribeirao-preto-sp-e-regiao-ismael-colosi\/"},"img":{"alt_text":"","src":"https:\/\/i0.wp.com\/ismaelcolosi.com.br\/wp-content\/uploads\/2024\/08\/anhanguera_2024-08-24_23-29-46_jpg_2024-08-24_23-29-46.webp.webp?fit=1132%2C734&ssl=1&resize=350%2C200","width":350,"height":200,"srcset":"https:\/\/i0.wp.com\/ismaelcolosi.com.br\/wp-content\/uploads\/2024\/08\/anhanguera_2024-08-24_23-29-46_jpg_2024-08-24_23-29-46.webp.webp?fit=1132%2C734&ssl=1&resize=350%2C200 1x, https:\/\/i0.wp.com\/ismaelcolosi.com.br\/wp-content\/uploads\/2024\/08\/anhanguera_2024-08-24_23-29-46_jpg_2024-08-24_23-29-46.webp.webp?fit=1132%2C734&ssl=1&resize=525%2C300 1.5x, https:\/\/i0.wp.com\/ismaelcolosi.com.br\/wp-content\/uploads\/2024\/08\/anhanguera_2024-08-24_23-29-46_jpg_2024-08-24_23-29-46.webp.webp?fit=1132%2C734&ssl=1&resize=700%2C400 2x, https:\/\/i0.wp.com\/ismaelcolosi.com.br\/wp-content\/uploads\/2024\/08\/anhanguera_2024-08-24_23-29-46_jpg_2024-08-24_23-29-46.webp.webp?fit=1132%2C734&ssl=1&resize=1050%2C600 3x"},"classes":[]},{"id":63731,"url":"https:\/\/ismaelcolosi.com.br\/index.php\/2024\/09\/03\/rodovia-anhanguera-e-interditada-por-causa-da-fumaca-veja-video\/","url_meta":{"origin":66810,"position":4},"title":"Rodovia Anhanguera \u00e9 interditada por causa da fuma\u00e7a; veja v\u00eddeo","author":"ismaelcolosi.com.br","date":"3 de September de 2024","format":false,"excerpt":"A rodovia Anhanguera, no quil\u00f4metro 273, na regi\u00e3o de Ribeir\u00e3o Preto, foi interditada novamente na tarde desta ter\u00e7a-feira (3), por causa da fuma\u00e7a. De acordo com a concession\u00e1ria, houve a interdi\u00e7\u00e3o total da via em ambos sentidos,\u00a0mas nenhum acidente foi registrado e n\u00e3o teve v\u00edtimas. A pista foi liberada \u00e0s\u2026","rel":"","context":"In &quot;Not\u00edcias de Ribeir\u00e3o Preto-SP e Regi\u00e3o&quot;","block_context":{"text":"Not\u00edcias de Ribeir\u00e3o Preto-SP e Regi\u00e3o","link":"https:\/\/ismaelcolosi.com.br\/index.php\/category\/noticias-de-ribeirao-preto-sp-e-regiao-ismael-colosi\/"},"img":{"alt_text":"","src":"https:\/\/i0.wp.com\/ismaelcolosi.com.br\/wp-content\/uploads\/2024\/09\/Imagem-do-WhatsApp-de-2024-09-03-as-16.07.51_9b5f87e4_2024-09-03_19-30-05_jpg_2024-09-03_19-30-06-scaled.webp.webp?fit=1200%2C900&ssl=1&resize=350%2C200","width":350,"height":200,"srcset":"https:\/\/i0.wp.com\/ismaelcolosi.com.br\/wp-content\/uploads\/2024\/09\/Imagem-do-WhatsApp-de-2024-09-03-as-16.07.51_9b5f87e4_2024-09-03_19-30-05_jpg_2024-09-03_19-30-06-scaled.webp.webp?fit=1200%2C900&ssl=1&resize=350%2C200 1x, https:\/\/i0.wp.com\/ismaelcolosi.com.br\/wp-content\/uploads\/2024\/09\/Imagem-do-WhatsApp-de-2024-09-03-as-16.07.51_9b5f87e4_2024-09-03_19-30-05_jpg_2024-09-03_19-30-06-scaled.webp.webp?fit=1200%2C900&ssl=1&resize=525%2C300 1.5x, https:\/\/i0.wp.com\/ismaelcolosi.com.br\/wp-content\/uploads\/2024\/09\/Imagem-do-WhatsApp-de-2024-09-03-as-16.07.51_9b5f87e4_2024-09-03_19-30-05_jpg_2024-09-03_19-30-06-scaled.webp.webp?fit=1200%2C900&ssl=1&resize=700%2C400 2x, https:\/\/i0.wp.com\/ismaelcolosi.com.br\/wp-content\/uploads\/2024\/09\/Imagem-do-WhatsApp-de-2024-09-03-as-16.07.51_9b5f87e4_2024-09-03_19-30-05_jpg_2024-09-03_19-30-06-scaled.webp.webp?fit=1200%2C900&ssl=1&resize=1050%2C600 3x"},"classes":[]},{"id":61632,"url":"https:\/\/ismaelcolosi.com.br\/index.php\/2024\/08\/22\/video-mostra-engavetamento-causado-por-conta-de-incendio-na-regiao-de-ribeirao-preto\/","url_meta":{"origin":66810,"position":5},"title":"V\u00eddeo mostra engavetamento causado por conta de inc\u00eandio na regi\u00e3o de Ribeir\u00e3o Preto","author":"ismaelcolosi.com.br","date":"22 de August de 2024","format":false,"excerpt":"Um engavetamento foi registrado no in\u00edcio da tarde desta quinta-feira (22), na rodovia Brigadeiro Faria Lima, em Bebedouro, na regi\u00e3o de Ribeir\u00e3o Preto. Por conta do acidente, a rodovia precisou ser interditada. O acidente envolveu oito ve\u00edculos, sendo cinco carros e tr\u00eas caminh\u00f5es. Ainda n\u00e3o se sabe sobre v\u00edtimas e\u2026","rel":"","context":"In &quot;Not\u00edcias de Ribeir\u00e3o Preto-SP e Regi\u00e3o&quot;","block_context":{"text":"Not\u00edcias de Ribeir\u00e3o Preto-SP e Regi\u00e3o","link":"https:\/\/ismaelcolosi.com.br\/index.php\/category\/noticias-de-ribeirao-preto-sp-e-regiao-ismael-colosi\/"},"img":{"alt_text":"","src":"https:\/\/i0.wp.com\/ismaelcolosi.com.br\/wp-content\/uploads\/2024\/08\/engavetamento_2024-08-22_19-31-52_jpg_2024-08-22_19-31-52.webp.webp?fit=1200%2C849&ssl=1&resize=350%2C200","width":350,"height":200,"srcset":"https:\/\/i0.wp.com\/ismaelcolosi.com.br\/wp-content\/uploads\/2024\/08\/engavetamento_2024-08-22_19-31-52_jpg_2024-08-22_19-31-52.webp.webp?fit=1200%2C849&ssl=1&resize=350%2C200 1x, https:\/\/i0.wp.com\/ismaelcolosi.com.br\/wp-content\/uploads\/2024\/08\/engavetamento_2024-08-22_19-31-52_jpg_2024-08-22_19-31-52.webp.webp?fit=1200%2C849&ssl=1&resize=525%2C300 1.5x, https:\/\/i0.wp.com\/ismaelcolosi.com.br\/wp-content\/uploads\/2024\/08\/engavetamento_2024-08-22_19-31-52_jpg_2024-08-22_19-31-52.webp.webp?fit=1200%2C849&ssl=1&resize=700%2C400 2x, https:\/\/i0.wp.com\/ismaelcolosi.com.br\/wp-content\/uploads\/2024\/08\/engavetamento_2024-08-22_19-31-52_jpg_2024-08-22_19-31-52.webp.webp?fit=1200%2C849&ssl=1&resize=1050%2C600 3x"},"classes":[]}],"jetpack_sharing_enabled":true,"jetpack_shortlink":"https:\/\/wp.me\/pfMlyK-hnA","_links":{"self":[{"href":"https:\/\/ismaelcolosi.com.br\/index.php\/wp-json\/wp\/v2\/posts\/66810","targetHints":{"allow":["GET"]}}],"collection":[{"href":"https:\/\/ismaelcolosi.com.br\/index.php\/wp-json\/wp\/v2\/posts"}],"about":[{"href":"https:\/\/ismaelcolosi.com.br\/index.php\/wp-json\/wp\/v2\/types\/post"}],"author":[{"embeddable":true,"href":"https:\/\/ismaelcolosi.com.br\/index.php\/wp-json\/wp\/v2\/users\/1"}],"replies":[{"embeddable":true,"href":"https:\/\/ismaelcolosi.com.br\/index.php\/wp-json\/wp\/v2\/comments?post=66810"}],"version-history":[{"count":0,"href":"https:\/\/ismaelcolosi.com.br\/index.php\/wp-json\/wp\/v2\/posts\/66810\/revisions"}],"wp:featuredmedia":[{"embeddable":true,"href":"https:\/\/ismaelcolosi.com.br\/index.php\/wp-json\/wp\/v2\/media\/66811"}],"wp:attachment":[{"href":"https:\/\/ismaelcolosi.com.br\/index.php\/wp-json\/wp\/v2\/media?parent=66810"}],"wp:term":[{"taxonomy":"category","embeddable":true,"href":"https:\/\/ismaelcolosi.com.br\/index.php\/wp-json\/wp\/v2\/categories?post=66810"},{"taxonomy":"post_tag","embeddable":true,"href":"https:\/\/ismaelcolosi.com.br\/index.php\/wp-json\/wp\/v2\/tags?post=66810"}],"curies":[{"name":"wp","href":"https:\/\/api.w.org\/{rel}","templated":true}]}}