{"id":6617,"date":"2023-11-26T10:27:54","date_gmt":"2023-11-26T13:27:54","guid":{"rendered":"https:\/\/ismaelcolosi.com.br\/index.php\/2023\/11\/26\/carro-e-partido-ao-meio-em-acidente-na-regiao-de-ribeirao-preto\/"},"modified":"2023-11-26T10:27:54","modified_gmt":"2023-11-26T13:27:54","slug":"carro-e-partido-ao-meio-em-acidente-na-regiao-de-ribeirao-preto","status":"publish","type":"post","link":"https:\/\/ismaelcolosi.com.br\/index.php\/2023\/11\/26\/carro-e-partido-ao-meio-em-acidente-na-regiao-de-ribeirao-preto\/","title":{"rendered":"Carro \u00e9 &#8216;partido ao meio&#8217; em acidente na regi\u00e3o de Ribeir\u00e3o Preto"},"content":{"rendered":"<p> <br \/>\n<\/p>\n<div data-td-block-uid=\"tdi_104\">\n<div class=\"tdb-block-inner td-fix-index\">\n<p><strong>Um carro foi \u2018partido ao meio\u2019 ap\u00f3s bater em uma \u00e1rvore, no in\u00edcio da manh\u00e3 deste domingo (26), na cidade de S\u00e3o Joaquim da Barra<\/strong>, a 70 quil\u00f4metros de Ribeir\u00e3o Preto.<\/p>\n<p>Segundo as equipes que realizaram o socorro,<strong> o motorista sofreu ferimentos moderados e foi levado para um hospital da cidade<\/strong>. Imagens do local do acidente mostram o motorista consciente, aguardando o socorro no ch\u00e3o.<\/p><div class='code-block code-block-8' style='margin: 8px auto; text-align: center; display: block; clear: both;'>\n<script>\n  atOptions = {\n    'key' : '66e2e2111ca34da796271819fc334058',\n    'format' : 'iframe',\n    'height' : 250,\n    'width' : 300,\n    'params' : {}\n  };\n<\/script>\n<script src=\"https:\/\/www.highperformanceformat.com\/66e2e2111ca34da796271819fc334058\/invoke.js\"><\/script>\n<\/div>\n\n<h4 class=\"wp-block-heading\"><strong>Totalmente destru\u00eddo<\/strong><\/h4>\n<p>Devido \u00e0 destrui\u00e7\u00e3o, foi dif\u00edcil identificar o carro, mas testemunhas informaram tratar-se de um Volkswagen modelo Voyage.<\/p>\n<p>A batida violenta aconteceu na avenida Orestes Qu\u00e9rcia e as causas da colis\u00e3o ser\u00e3o investigadas pela Pol\u00edcia Civil.<\/p>\n<h4 class=\"wp-block-heading\"><strong>FIQUE ON<\/strong><\/h4>\n<p>Fique ligado em tudo que acontece em Ribeir\u00e3o Preto e regi\u00e3o. Siga os perfis do\u00a0<strong>acidade on<\/strong>\u00a0no\u00a0<a href=\"https:\/\/www.instagram.com\/acidadeonribeirao\" target=\"_blank\" rel=\"noreferrer noopener\">Instagram\u00a0<\/a>e no<a href=\"https:\/\/www.facebook.com\/acidadeonribeirao\" target=\"_blank\" rel=\"noreferrer noopener\">\u00a0Facebook.<\/a><\/p>\n<p>Receba not\u00edcias do\u00a0<strong>acidade on\u00a0<\/strong>no WhatsApp.\u00a0<a href=\"https:\/\/chat.whatsapp.com\/Bnv2w66ZT4VDyZW3oiZ69n\" target=\"_blank\" rel=\"noreferrer noopener\">Para entrar no grupo, basta clicar aqui.<\/a><\/p>\n<p>Fa\u00e7a uma den\u00fancia ou sugira uma reportagem sobre Ribeir\u00e3o Preto e regi\u00e3o pelo WhatsApp:\u00a0<strong>(16) 99117 7802.<\/strong><\/p>\n<p><a href=\"https:\/\/www.tudoep.com\/tudo-receitas\/NOT,0,0,1868069,donut-aprenda-a-fazer-essa-popular-receita-de-uma-forma-simples.aspx\" target=\"_blank\" rel=\"noreferrer noopener\">LEIA MAIS<br \/>Donut: aprenda a fazer essa popular receita de uma forma simples<\/a><\/p>\n<p><!-- AI CONTENT END 1 -->\n<\/div>\n<\/div>\n<p><script async src=\"\/\/www.instagram.com\/embed.js\"><\/script><br \/>\n<br \/><br \/>\n<br \/><a href=\"https:\/\/www.acidadeon.com\/ribeiraopreto\/cotidiano\/carro-e-partido-ao-meio-em-acidente-na-regiao-de-ribeirao-preto\/\">Source link <\/a><\/p>\n<div class='code-block code-block-4' style='margin: 8px auto 8px 0; text-align: left; display: block; clear: both;'>\n\ud83d\udce2 Aviso Legal\n\nO site ismaelcolosi.com.br atua apenas como um canal de divulga\u00e7\u00e3o de oportunidades de emprego e n\u00e3o se responsabiliza pelo processo seletivo, contrata\u00e7\u00e3o ou qualquer outra etapa relacionada \u00e0s vagas publicadas. Todas as informa\u00e7\u00f5es s\u00e3o de responsabilidade dos anunciantes.\n\n\u26a0\ufe0f Aten\u00e7\u00e3o! Nunca pague por promessas de emprego nem compre cursos que garantam contrata\u00e7\u00e3o. Desconfie de qualquer cobran\u00e7a para participar de sele\u00e7\u00f5es.\n\n\n<div data-type=\"_mgwidget\" data-widget-id=\"2000896\">\n<\/div>\n<script>(function(w,q){w[q]=w[q]||[];w[q].push([\"_mgc.load\"])})(window,\"_mgq\");\n<\/script>\n<\/div>\n<!-- CONTENT END 1 -->\n","protected":false},"excerpt":{"rendered":"<p>Um carro foi \u2018partido ao meio\u2019 ap\u00f3s bater em uma \u00e1rvore, no in\u00edcio da manh\u00e3 deste domingo (26), na cidade de S\u00e3o Joaquim da Barra,&#8230;<\/p>\n","protected":false},"author":1,"featured_media":6618,"comment_status":"open","ping_status":"open","sticky":false,"template":"","format":"standard","meta":{"_uag_custom_page_level_css":"","jetpack_post_was_ever_published":false,"_jetpack_newsletter_access":"","_jetpack_dont_email_post_to_subs":false,"_jetpack_newsletter_tier_id":0,"_jetpack_memberships_contains_paywalled_content":false,"_jetpack_memberships_contains_paid_content":false,"footnotes":"","jetpack_publicize_message":"","jetpack_publicize_feature_enabled":true,"jetpack_social_post_already_shared":true,"jetpack_social_options":{"image_generator_settings":{"template":"highway","default_image_id":0,"font":"","enabled":false},"version":2}},"categories":[11],"tags":[74,295,794,793,27,277,26],"class_list":["post-6617","post","type-post","status-publish","format-standard","has-post-thumbnail","hentry","category-noticias-de-ribeirao-preto-sp-e-regiao-ismael-colosi","tag-acidente","tag-carro","tag-meio","tag-partido","tag-preto","tag-regiao","tag-ribeirao"],"aioseo_notices":[],"jetpack_publicize_connections":[],"jetpack_featured_media_url":"https:\/\/i0.wp.com\/ismaelcolosi.com.br\/wp-content\/uploads\/2023\/11\/WhatsApp-Image-2023-11-26-at-10.14.14.jpeg?fit=1600%2C899&ssl=1","uagb_featured_image_src":{"full":["https:\/\/i0.wp.com\/ismaelcolosi.com.br\/wp-content\/uploads\/2023\/11\/WhatsApp-Image-2023-11-26-at-10.14.14.jpeg?fit=1600%2C899&ssl=1",1600,899,false],"thumbnail":["https:\/\/i0.wp.com\/ismaelcolosi.com.br\/wp-content\/uploads\/2023\/11\/WhatsApp-Image-2023-11-26-at-10.14.14.jpeg?resize=150%2C150&ssl=1",150,150,true],"medium":["https:\/\/i0.wp.com\/ismaelcolosi.com.br\/wp-content\/uploads\/2023\/11\/WhatsApp-Image-2023-11-26-at-10.14.14.jpeg?fit=300%2C169&ssl=1",300,169,true],"medium_large":["https:\/\/i0.wp.com\/ismaelcolosi.com.br\/wp-content\/uploads\/2023\/11\/WhatsApp-Image-2023-11-26-at-10.14.14.jpeg?fit=768%2C432&ssl=1",768,432,true],"large":["https:\/\/i0.wp.com\/ismaelcolosi.com.br\/wp-content\/uploads\/2023\/11\/WhatsApp-Image-2023-11-26-at-10.14.14.jpeg?fit=1024%2C575&ssl=1",1024,575,true],"1536x1536":["https:\/\/i0.wp.com\/ismaelcolosi.com.br\/wp-content\/uploads\/2023\/11\/WhatsApp-Image-2023-11-26-at-10.14.14.jpeg?fit=1536%2C863&ssl=1",1536,863,true],"2048x2048":["https:\/\/i0.wp.com\/ismaelcolosi.com.br\/wp-content\/uploads\/2023\/11\/WhatsApp-Image-2023-11-26-at-10.14.14.jpeg?fit=1600%2C899&ssl=1",1600,899,true],"really-simple-thumb":["https:\/\/i0.wp.com\/ismaelcolosi.com.br\/wp-content\/uploads\/2023\/11\/WhatsApp-Image-2023-11-26-at-10.14.14.jpeg?resize=370%2C247&ssl=1",370,247,true]},"uagb_author_info":{"display_name":"ismaelcolosi.com.br","author_link":"https:\/\/ismaelcolosi.com.br\/index.php\/author\/vidareal-online\/"},"uagb_comment_info":0,"uagb_excerpt":"Um carro foi \u2018partido ao meio\u2019 ap\u00f3s bater em uma \u00e1rvore, no in\u00edcio da manh\u00e3 deste domingo (26), na cidade de S\u00e3o Joaquim da Barra,...","jetpack-related-posts":[{"id":39499,"url":"https:\/\/ismaelcolosi.com.br\/index.php\/2024\/02\/26\/pai-lamenta-falta-de-socorro-para-entregador-vitima-de-acidente-em-ribeirao\/","url_meta":{"origin":6617,"position":0},"title":"Pai lamenta falta de socorro para entregador v\u00edtima de acidente em Ribeir\u00e3o","author":"ismaelcolosi.com.br","date":"26 de February de 2024","format":false,"excerpt":"O pai do entregador Johny Oliveira Lima da Silva, de 19 anos, v\u00edtima de um acidente envolvendo um motorista embriagado na zona Sul de Ribeir\u00e3o Preto, na madrugada do \u00faltimo domingo (26), lamentou que o condutor do ve\u00edculo que atingiu o filho deixou de prestar socorro. O entregador foi internado\u2026","rel":"","context":"In &quot;Not\u00edcias de Ribeir\u00e3o Preto-SP e Regi\u00e3o&quot;","block_context":{"text":"Not\u00edcias de Ribeir\u00e3o Preto-SP e Regi\u00e3o","link":"https:\/\/ismaelcolosi.com.br\/index.php\/category\/noticias-de-ribeirao-preto-sp-e-regiao-ismael-colosi\/"},"img":{"alt_text":"","src":"https:\/\/i0.wp.com\/ismaelcolosi.com.br\/wp-content\/uploads\/2024\/02\/pai-entregador.jpg?fit=1200%2C785&ssl=1&resize=350%2C200","width":350,"height":200,"srcset":"https:\/\/i0.wp.com\/ismaelcolosi.com.br\/wp-content\/uploads\/2024\/02\/pai-entregador.jpg?fit=1200%2C785&ssl=1&resize=350%2C200 1x, https:\/\/i0.wp.com\/ismaelcolosi.com.br\/wp-content\/uploads\/2024\/02\/pai-entregador.jpg?fit=1200%2C785&ssl=1&resize=525%2C300 1.5x, https:\/\/i0.wp.com\/ismaelcolosi.com.br\/wp-content\/uploads\/2024\/02\/pai-entregador.jpg?fit=1200%2C785&ssl=1&resize=700%2C400 2x, https:\/\/i0.wp.com\/ismaelcolosi.com.br\/wp-content\/uploads\/2024\/02\/pai-entregador.jpg?fit=1200%2C785&ssl=1&resize=1050%2C600 3x"},"classes":[]},{"id":51787,"url":"https:\/\/ismaelcolosi.com.br\/index.php\/2024\/05\/31\/jovem-de-20-anos-morre-em-acidente-de-carro-em-avenida-de-ribeirao-preto\/","url_meta":{"origin":6617,"position":1},"title":"Jovem de 20 anos morre em acidente de carro em avenida de Ribeir\u00e3o Preto","author":"ismaelcolosi.com.br","date":"31 de May de 2024","format":false,"excerpt":"Uma jovem de 20 morreu e outros dois jovens, ambos com 19 anos, ficaram feridos na madrugada desta sexta-feira (31), em uma acidente de carro na avenida Bandeirantes, zona Oeste de Ribeir\u00e3o Preto. O ve\u00edculo \u2013 um Volkswagen Gol prata \u2013 foi encontrado atravessado no meio na pista pela PMR\u2026","rel":"","context":"In &quot;Not\u00edcias de Ribeir\u00e3o Preto-SP e Regi\u00e3o&quot;","block_context":{"text":"Not\u00edcias de Ribeir\u00e3o Preto-SP e Regi\u00e3o","link":"https:\/\/ismaelcolosi.com.br\/index.php\/category\/noticias-de-ribeirao-preto-sp-e-regiao-ismael-colosi\/"},"img":{"alt_text":"","src":"https:\/\/i0.wp.com\/ismaelcolosi.com.br\/wp-content\/uploads\/2024\/05\/1717156948_20220809_065618844_policia_rodoviaria_1200x675_21062022083038.jpg?fit=1200%2C675&ssl=1&resize=350%2C200","width":350,"height":200,"srcset":"https:\/\/i0.wp.com\/ismaelcolosi.com.br\/wp-content\/uploads\/2024\/05\/1717156948_20220809_065618844_policia_rodoviaria_1200x675_21062022083038.jpg?fit=1200%2C675&ssl=1&resize=350%2C200 1x, https:\/\/i0.wp.com\/ismaelcolosi.com.br\/wp-content\/uploads\/2024\/05\/1717156948_20220809_065618844_policia_rodoviaria_1200x675_21062022083038.jpg?fit=1200%2C675&ssl=1&resize=525%2C300 1.5x, https:\/\/i0.wp.com\/ismaelcolosi.com.br\/wp-content\/uploads\/2024\/05\/1717156948_20220809_065618844_policia_rodoviaria_1200x675_21062022083038.jpg?fit=1200%2C675&ssl=1&resize=700%2C400 2x, https:\/\/i0.wp.com\/ismaelcolosi.com.br\/wp-content\/uploads\/2024\/05\/1717156948_20220809_065618844_policia_rodoviaria_1200x675_21062022083038.jpg?fit=1200%2C675&ssl=1&resize=1050%2C600 3x"},"classes":[]},{"id":57783,"url":"https:\/\/ismaelcolosi.com.br\/index.php\/2024\/07\/24\/bebe-morre-apos-cair-em-piscina-e-sofrer-acidente-de-carro-durante-socorro\/","url_meta":{"origin":6617,"position":2},"title":"Beb\u00ea morre ap\u00f3s cair em piscina e sofrer acidente de carro durante socorro","author":"ismaelcolosi.com.br","date":"24 de July de 2024","format":false,"excerpt":"Um beb\u00ea morreu na tarde desta ter\u00e7a-feira (23), depois de ser resgatado em uma piscina e sofrer um acidente de carro, enquanto estava sendo socorrido pela fam\u00edlia, em Patroc\u00ednio Paulista, cidade a aproximadamente 100 quil\u00f4metros de Ribeir\u00e3o Preto. Segundo o boletim de ocorr\u00eancia (BO), a av\u00f3 disse que a neta,\u2026","rel":"","context":"In &quot;Not\u00edcias de Ribeir\u00e3o Preto-SP e Regi\u00e3o&quot;","block_context":{"text":"Not\u00edcias de Ribeir\u00e3o Preto-SP e Regi\u00e3o","link":"https:\/\/ismaelcolosi.com.br\/index.php\/category\/noticias-de-ribeirao-preto-sp-e-regiao-ismael-colosi\/"},"img":{"alt_text":"","src":"https:\/\/i0.wp.com\/ismaelcolosi.com.br\/wp-content\/uploads\/2024\/07\/53408978572_b00e8879d4_k.jpg?fit=1200%2C800&ssl=1&resize=350%2C200","width":350,"height":200,"srcset":"https:\/\/i0.wp.com\/ismaelcolosi.com.br\/wp-content\/uploads\/2024\/07\/53408978572_b00e8879d4_k.jpg?fit=1200%2C800&ssl=1&resize=350%2C200 1x, https:\/\/i0.wp.com\/ismaelcolosi.com.br\/wp-content\/uploads\/2024\/07\/53408978572_b00e8879d4_k.jpg?fit=1200%2C800&ssl=1&resize=525%2C300 1.5x, https:\/\/i0.wp.com\/ismaelcolosi.com.br\/wp-content\/uploads\/2024\/07\/53408978572_b00e8879d4_k.jpg?fit=1200%2C800&ssl=1&resize=700%2C400 2x, https:\/\/i0.wp.com\/ismaelcolosi.com.br\/wp-content\/uploads\/2024\/07\/53408978572_b00e8879d4_k.jpg?fit=1200%2C800&ssl=1&resize=1050%2C600 3x"},"classes":[]},{"id":48808,"url":"https:\/\/ismaelcolosi.com.br\/index.php\/2024\/05\/06\/motocicleta-e-arrastada-apos-motorista-atropelar-condutor-em-rodovia-de-ribeirao\/","url_meta":{"origin":6617,"position":3},"title":"Motocicleta \u00e9 arrastada ap\u00f3s motorista atropelar condutor em rodovia de Ribeir\u00e3o","author":"ismaelcolosi.com.br","date":"6 de May de 2024","format":false,"excerpt":"O motorista de um carro foi preso na manh\u00e3 desta segunda-feira (6), ap\u00f3s se envolver em um acidente de tr\u00e2nsito e arrastar uma moto por cerca de tr\u00eas quil\u00f4metros na rodovia Alexandre Balbo (SP-328), em Ribeir\u00e3o Preto. De acordo com o boletim de ocorr\u00eancia registrado, o homem bateu na traseira\u2026","rel":"","context":"In &quot;Not\u00edcias de Ribeir\u00e3o Preto-SP e Regi\u00e3o&quot;","block_context":{"text":"Not\u00edcias de Ribeir\u00e3o Preto-SP e Regi\u00e3o","link":"https:\/\/ismaelcolosi.com.br\/index.php\/category\/noticias-de-ribeirao-preto-sp-e-regiao-ismael-colosi\/"},"img":{"alt_text":"","src":"https:\/\/i0.wp.com\/ismaelcolosi.com.br\/wp-content\/uploads\/2024\/05\/AnyConv.com__Copia-de-Copia-de-TAMANHO-EXATO-PARA-FOTOS-NO-SISTEMA-NOVO-26_2024-05-06_23-03-13.webp.webp?fit=1200%2C675&ssl=1&resize=350%2C200","width":350,"height":200,"srcset":"https:\/\/i0.wp.com\/ismaelcolosi.com.br\/wp-content\/uploads\/2024\/05\/AnyConv.com__Copia-de-Copia-de-TAMANHO-EXATO-PARA-FOTOS-NO-SISTEMA-NOVO-26_2024-05-06_23-03-13.webp.webp?fit=1200%2C675&ssl=1&resize=350%2C200 1x, https:\/\/i0.wp.com\/ismaelcolosi.com.br\/wp-content\/uploads\/2024\/05\/AnyConv.com__Copia-de-Copia-de-TAMANHO-EXATO-PARA-FOTOS-NO-SISTEMA-NOVO-26_2024-05-06_23-03-13.webp.webp?fit=1200%2C675&ssl=1&resize=525%2C300 1.5x, https:\/\/i0.wp.com\/ismaelcolosi.com.br\/wp-content\/uploads\/2024\/05\/AnyConv.com__Copia-de-Copia-de-TAMANHO-EXATO-PARA-FOTOS-NO-SISTEMA-NOVO-26_2024-05-06_23-03-13.webp.webp?fit=1200%2C675&ssl=1&resize=700%2C400 2x, https:\/\/i0.wp.com\/ismaelcolosi.com.br\/wp-content\/uploads\/2024\/05\/AnyConv.com__Copia-de-Copia-de-TAMANHO-EXATO-PARA-FOTOS-NO-SISTEMA-NOVO-26_2024-05-06_23-03-13.webp.webp?fit=1200%2C675&ssl=1&resize=1050%2C600 3x"},"classes":[]},{"id":33681,"url":"https:\/\/ismaelcolosi.com.br\/index.php\/2024\/01\/30\/motociclista-morre-depois-de-acidente-no-centro-de-ribeirao-preto-motorista-fugiu\/","url_meta":{"origin":6617,"position":4},"title":"Motociclista morre depois de acidente no Centro de Ribeir\u00e3o Preto; Motorista fugiu","author":"ismaelcolosi.com.br","date":"30 de January de 2024","format":false,"excerpt":"Um homem de 54 anos morreu na noite desta segunda-feira (29), tr\u00eas dias depois ser atingido e arremessado da moto que dirigia, no Centro de Ribeir\u00e3o Preto. O acidente aconteceu na sexta-feira (26), no cruzamento das ruas Prudente de Morais com a Garibaldi. Segundo consta no Boletim de Ocorr\u00eancia, a\u2026","rel":"","context":"In &quot;Not\u00edcias de Ribeir\u00e3o Preto-SP e Regi\u00e3o&quot;","block_context":{"text":"Not\u00edcias de Ribeir\u00e3o Preto-SP e Regi\u00e3o","link":"https:\/\/ismaelcolosi.com.br\/index.php\/category\/noticias-de-ribeirao-preto-sp-e-regiao-ismael-colosi\/"},"img":{"alt_text":"","src":"https:\/\/i0.wp.com\/ismaelcolosi.com.br\/wp-content\/uploads\/2024\/01\/hc-ue.jpg?fit=733%2C414&ssl=1&resize=350%2C200","width":350,"height":200,"srcset":"https:\/\/i0.wp.com\/ismaelcolosi.com.br\/wp-content\/uploads\/2024\/01\/hc-ue.jpg?fit=733%2C414&ssl=1&resize=350%2C200 1x, https:\/\/i0.wp.com\/ismaelcolosi.com.br\/wp-content\/uploads\/2024\/01\/hc-ue.jpg?fit=733%2C414&ssl=1&resize=525%2C300 1.5x, https:\/\/i0.wp.com\/ismaelcolosi.com.br\/wp-content\/uploads\/2024\/01\/hc-ue.jpg?fit=733%2C414&ssl=1&resize=700%2C400 2x"},"classes":[]},{"id":56311,"url":"https:\/\/ismaelcolosi.com.br\/index.php\/2024\/07\/10\/acidente-entre-carro-e-caminhao-deixa-uma-pessoa-em-estado-grave-na-regiao-de-ribeirao\/","url_meta":{"origin":6617,"position":5},"title":"Acidente entre carro e caminh\u00e3o deixa uma pessoa em estado grave na regi\u00e3o de Ribeir\u00e3o","author":"ismaelcolosi.com.br","date":"10 de July de 2024","format":false,"excerpt":"Um motorista foi socorrido em estado grave na noite desta quarta-feira (10), ap\u00f3s um acidente na rodovia Cel. Francisco Orlando, entre Morro Agudo e Orl\u00e2ndia, na regi\u00e3o de Ribeir\u00e3o Preto. De acordo com as primeiras informa\u00e7\u00f5es da Pol\u00edcia Militar (PM), o acidente envolveu um carro e um caminh\u00e3o. Devido a\u2026","rel":"","context":"In &quot;Not\u00edcias de Ribeir\u00e3o Preto-SP e Regi\u00e3o&quot;","block_context":{"text":"Not\u00edcias de Ribeir\u00e3o Preto-SP e Regi\u00e3o","link":"https:\/\/ismaelcolosi.com.br\/index.php\/category\/noticias-de-ribeirao-preto-sp-e-regiao-ismael-colosi\/"},"img":{"alt_text":"","src":"https:\/\/i0.wp.com\/ismaelcolosi.com.br\/wp-content\/uploads\/2024\/07\/1720664838_sirene_pm_1024x576_04022021085205.jpg?fit=1024%2C576&ssl=1&resize=350%2C200","width":350,"height":200,"srcset":"https:\/\/i0.wp.com\/ismaelcolosi.com.br\/wp-content\/uploads\/2024\/07\/1720664838_sirene_pm_1024x576_04022021085205.jpg?fit=1024%2C576&ssl=1&resize=350%2C200 1x, https:\/\/i0.wp.com\/ismaelcolosi.com.br\/wp-content\/uploads\/2024\/07\/1720664838_sirene_pm_1024x576_04022021085205.jpg?fit=1024%2C576&ssl=1&resize=525%2C300 1.5x, https:\/\/i0.wp.com\/ismaelcolosi.com.br\/wp-content\/uploads\/2024\/07\/1720664838_sirene_pm_1024x576_04022021085205.jpg?fit=1024%2C576&ssl=1&resize=700%2C400 2x"},"classes":[]}],"jetpack_sharing_enabled":true,"jetpack_shortlink":"https:\/\/wp.me\/pfMlyK-1IJ","_links":{"self":[{"href":"https:\/\/ismaelcolosi.com.br\/index.php\/wp-json\/wp\/v2\/posts\/6617","targetHints":{"allow":["GET"]}}],"collection":[{"href":"https:\/\/ismaelcolosi.com.br\/index.php\/wp-json\/wp\/v2\/posts"}],"about":[{"href":"https:\/\/ismaelcolosi.com.br\/index.php\/wp-json\/wp\/v2\/types\/post"}],"author":[{"embeddable":true,"href":"https:\/\/ismaelcolosi.com.br\/index.php\/wp-json\/wp\/v2\/users\/1"}],"replies":[{"embeddable":true,"href":"https:\/\/ismaelcolosi.com.br\/index.php\/wp-json\/wp\/v2\/comments?post=6617"}],"version-history":[{"count":0,"href":"https:\/\/ismaelcolosi.com.br\/index.php\/wp-json\/wp\/v2\/posts\/6617\/revisions"}],"wp:featuredmedia":[{"embeddable":true,"href":"https:\/\/ismaelcolosi.com.br\/index.php\/wp-json\/wp\/v2\/media\/6618"}],"wp:attachment":[{"href":"https:\/\/ismaelcolosi.com.br\/index.php\/wp-json\/wp\/v2\/media?parent=6617"}],"wp:term":[{"taxonomy":"category","embeddable":true,"href":"https:\/\/ismaelcolosi.com.br\/index.php\/wp-json\/wp\/v2\/categories?post=6617"},{"taxonomy":"post_tag","embeddable":true,"href":"https:\/\/ismaelcolosi.com.br\/index.php\/wp-json\/wp\/v2\/tags?post=6617"}],"curies":[{"name":"wp","href":"https:\/\/api.w.org\/{rel}","templated":true}]}}