{"id":6613,"date":"2023-11-26T11:06:09","date_gmt":"2023-11-26T14:06:09","guid":{"rendered":"https:\/\/ismaelcolosi.com.br\/index.php\/2023\/11\/26\/fgts-comunica-novas-modalidades-de-saque-conheca-agora-mesmo\/"},"modified":"2023-11-26T11:06:09","modified_gmt":"2023-11-26T14:06:09","slug":"fgts-comunica-novas-modalidades-de-saque-conheca-agora-mesmo","status":"publish","type":"post","link":"https:\/\/ismaelcolosi.com.br\/index.php\/2023\/11\/26\/fgts-comunica-novas-modalidades-de-saque-conheca-agora-mesmo\/","title":{"rendered":"FGTS comunica novas modalidades de saque; conhe\u00e7a agora mesmo"},"content":{"rendered":"<p> <br \/>\n<\/p>\n<div>\n<div id=\"attachment_2269025\" class=\"wp-caption alignnone\">\n<div class=\"d-flex justify-content-center\" data-attachment-id=\"2269025\">\n<div class=\"position-relative d-inline-block\"><img data-recalc-dims=\"1\" data-portal-copyright=\"Marcelo Camargo\/Ag\u00eancia Brasil\" decoding=\"async\" fetchpriority=\"high\" class=\"size-full wp-image-2269025\" src=\"https:\/\/i0.wp.com\/catracalivre.com.br\/wp-content\/uploads\/2023\/04\/aplicativo-fgts.jpg?resize=1170%2C700&#038;ssl=1\" alt=\"Aplicativo FGTS\" width=\"1170\" height=\"700\" srcset=\"https:\/\/catracalivre.com.br\/wp-content\/uploads\/2023\/04\/aplicativo-fgts.jpg 1170w, https:\/\/catracalivre.com.br\/wp-content\/uploads\/2023\/04\/aplicativo-fgts-450x269.jpg 450w, https:\/\/catracalivre.com.br\/wp-content\/uploads\/2023\/04\/aplicativo-fgts-768x459.jpg 768w\" sizes=\"(max-width: 1170px) 100vw, 1170px\"\/><\/p>\n<p>Cr\u00e9ditos: Marcelo Camargo\/Ag\u00eancia Brasil<\/p>\n<\/div>\n<\/div>\n<p><span class=\"post-imagem__legenda\">Aplicativo FGTS<\/span><\/p>\n<\/div>\n<p>O Fundo de Garantia por Tempo de Servi\u00e7o (<a href=\"https:\/\/catracalivre.com.br\/cidadania\/fim-do-saque-aniversario-do-fgts-em-2024-saiba-da-proposta\/\">FGTS<\/a>), conhecido por muitos brasileiros como uma importante reserva financeira, pode estar prestes a oferecer mais op\u00e7\u00f5es de saque.<\/p>\n<p>Tr\u00eas projetos de lei foram apresentados recentemente com o intuito de aprimorar as condi\u00e7\u00f5es do <a href=\"https:\/\/catracalivre.com.br\/cidadania\/atencao-governo-anuncia-nova-mudanca-no-fgts\/\">FGTS<\/a>, proporcionando benef\u00edcios espec\u00edficos para diferentes situa\u00e7\u00f5es. Embora essas mudan\u00e7as ainda estejam em an\u00e1lise no Senado Federal, \u00e9 crucial entender as propostas e como elas podem impactar positivamente a vida dos trabalhadores.<\/p>\n<p>Atualmente, o FGTS j\u00e1 oferece algumas modalidades de saque, como o Saque-Rescis\u00e3o, Saque-Anivers\u00e1rio e Saque-Extraordin\u00e1rio. Contudo, os tr\u00eas novos projetos de lei prop\u00f5em adi\u00e7\u00f5es significativas ao leque de op\u00e7\u00f5es dispon\u00edveis.<\/p>\n<h2>Projetos de Lei em an\u00e1lise no Senado<\/h2>\n<h3>Projeto de Lei n\u00b0 807\/23<\/h3>\n<p>Saque para Mulheres V\u00edtimas de Viol\u00eancia Dom\u00e9stica: Uma das propostas em considera\u00e7\u00e3o visa possibilitar o saque do FGTS para mulheres que foram v\u00edtimas de viol\u00eancia dom\u00e9stica. O Projeto de Lei n\u00b0 807\/23 busca oferecer amparo financeiro a essas mulheres, proporcionando recursos que podem auxili\u00e1-las a se reestruturarem e a superarem situa\u00e7\u00f5es dif\u00edceis. Embora ainda n\u00e3o haja confirma\u00e7\u00e3o sobre a aprova\u00e7\u00e3o, a proposta reflete uma preocupa\u00e7\u00e3o em utilizar o FGTS como um instrumento de apoio social em casos espec\u00edficos.<\/p>\n<h3>Projeto de Lei n\u00b0 2679\/22<\/h3>\n<p>Saque para Compra de Carro Novo: O segundo projeto, de n\u00famero 2679\/22, sugere a possibilidade de saque do saldo em conta do FGTS para a compra de um carro novo. Entretanto, \u00e9 importante mencionar que o ministro do trabalho, Luiz Marinho (PT), expressou sua discord\u00e2ncia em rela\u00e7\u00e3o a essa ideia. Ainda assim, a proposta evidencia a busca por ampliar as possibilidades de uso do FGTS, indo al\u00e9m das tradicionais situa\u00e7\u00f5es de emerg\u00eancia e compra da casa pr\u00f3pria.<\/p>\n<h3>Projeto de Lei n\u00b0 1747\/22<\/h3>\n<p>Saque para Solicitantes de Demiss\u00e3o: Por fim, o terceiro projeto, de n\u00famero 1747\/22, prop\u00f5e que os trabalhadores que solicitarem demiss\u00e3o tamb\u00e9m tenham acesso ao saque do saldo em conta do FGTS. Atualmente, apenas os cidad\u00e3os demitidos sem justa causa t\u00eam essa prerrogativa. Essa mudan\u00e7a representaria uma significativa amplia\u00e7\u00e3o dos direitos dos trabalhadores em rela\u00e7\u00e3o ao FGTS, oferecendo uma op\u00e7\u00e3o adicional em casos de mudan\u00e7as volunt\u00e1rias de emprego.<\/p>\n<\/div>\n<p><script>\n\t\t! function(f, b, e, v, n, t, s) {\n\t\t\tif (f.fbq) return;\n\t\t\tn = f.fbq = function() {\n\t\t\t\tn.callMethod ?\n\t\t\t\t\tn.callMethod.apply(n, arguments) : n.queue.push(arguments)\n\t\t\t};\n\t\t\tif (!f._fbq) f._fbq = n;\n\t\t\tn.push = n;\n\t\t\tn.loaded = !0;\n\t\t\tn.version = '2.0';\n\t\t\tn.queue = [];\n\t\t\tt = b.createElement(e);\n\t\t\tt.async = !0;\n\t\t\tt.src = v;\n\t\t\ts = b.getElementsByTagName(e)[0];\n\t\t\ts.parentNode.insertBefore(t, s)\n\t\t}(window, document, 'script',\n\t\t\t'https:\/\/connect.facebook.net\/en_US\/fbevents.js');\n\t\tfbq('init', '338315473262380');\n\t\tfbq('track', 'PageView');\n\t<\/script><br \/>\n<br \/><br \/>\n<br \/><a href=\"https:\/\/catracalivre.com.br\/cidadania\/fgts-comunica-novas-modalidades-de-saque-conheca-agora-mesmo\/\">Source link <\/a><\/p>\n<div class='code-block code-block-4' style='margin: 8px auto 8px 0; text-align: left; display: block; clear: both;'>\n\ud83d\udce2 Aviso Legal\n\nO site ismaelcolosi.com.br atua apenas como um canal de divulga\u00e7\u00e3o de oportunidades de emprego e n\u00e3o se responsabiliza pelo processo seletivo, contrata\u00e7\u00e3o ou qualquer outra etapa relacionada \u00e0s vagas publicadas. Todas as informa\u00e7\u00f5es s\u00e3o de responsabilidade dos anunciantes.\n\n\u26a0\ufe0f Aten\u00e7\u00e3o! Nunca pague por promessas de emprego nem compre cursos que garantam contrata\u00e7\u00e3o. Desconfie de qualquer cobran\u00e7a para participar de sele\u00e7\u00f5es.\n\n\n\n<\/div>\n<!-- CONTENT END 1 -->\n","protected":false},"excerpt":{"rendered":"<p>Cr\u00e9ditos: Marcelo Camargo\/Ag\u00eancia Brasil Aplicativo FGTS O Fundo de Garantia por Tempo de Servi\u00e7o (FGTS), conhecido por muitos brasileiros como uma importante reserva financeira, pode&#8230;<\/p>\n","protected":false},"author":1,"featured_media":6614,"comment_status":"open","ping_status":"open","sticky":false,"template":"","format":"standard","meta":{"_uag_custom_page_level_css":"","advanced_seo_description":"","jetpack_seo_html_title":"","jetpack_seo_noindex":false,"jetpack_post_was_ever_published":false,"_jetpack_newsletter_access":"","_jetpack_dont_email_post_to_subs":false,"_jetpack_newsletter_tier_id":0,"_jetpack_memberships_contains_paywalled_content":false,"_jetpack_memberships_contains_paid_content":false,"footnotes":"","jetpack_publicize_message":"","jetpack_publicize_feature_enabled":true,"jetpack_social_post_already_shared":true,"jetpack_social_options":{"image_generator_settings":{"template":"highway","default_image_id":0,"font":"","enabled":false},"version":2}},"categories":[19],"tags":[],"class_list":["post-6613","post","type-post","status-publish","format-standard","has-post-thumbnail","hentry","category-variedades"],"jetpack_publicize_connections":[],"jetpack_featured_media_url":"https:\/\/i0.wp.com\/ismaelcolosi.com.br\/wp-content\/uploads\/2023\/11\/saiba-quem-tem-direito-de-receber-o-lucro-do-fgts-2023.jpg?fit=1200%2C638&ssl=1","uagb_featured_image_src":{"full":["https:\/\/i0.wp.com\/ismaelcolosi.com.br\/wp-content\/uploads\/2023\/11\/saiba-quem-tem-direito-de-receber-o-lucro-do-fgts-2023.jpg?fit=1200%2C638&ssl=1",1200,638,false],"thumbnail":["https:\/\/i0.wp.com\/ismaelcolosi.com.br\/wp-content\/uploads\/2023\/11\/saiba-quem-tem-direito-de-receber-o-lucro-do-fgts-2023.jpg?resize=150%2C150&ssl=1",150,150,true],"medium":["https:\/\/i0.wp.com\/ismaelcolosi.com.br\/wp-content\/uploads\/2023\/11\/saiba-quem-tem-direito-de-receber-o-lucro-do-fgts-2023.jpg?fit=300%2C160&ssl=1",300,160,true],"medium_large":["https:\/\/i0.wp.com\/ismaelcolosi.com.br\/wp-content\/uploads\/2023\/11\/saiba-quem-tem-direito-de-receber-o-lucro-do-fgts-2023.jpg?fit=768%2C408&ssl=1",768,408,true],"large":["https:\/\/i0.wp.com\/ismaelcolosi.com.br\/wp-content\/uploads\/2023\/11\/saiba-quem-tem-direito-de-receber-o-lucro-do-fgts-2023.jpg?fit=1024%2C544&ssl=1",1024,544,true],"1536x1536":["https:\/\/i0.wp.com\/ismaelcolosi.com.br\/wp-content\/uploads\/2023\/11\/saiba-quem-tem-direito-de-receber-o-lucro-do-fgts-2023.jpg?fit=1200%2C638&ssl=1",1200,638,true],"2048x2048":["https:\/\/i0.wp.com\/ismaelcolosi.com.br\/wp-content\/uploads\/2023\/11\/saiba-quem-tem-direito-de-receber-o-lucro-do-fgts-2023.jpg?fit=1200%2C638&ssl=1",1200,638,true],"really-simple-thumb":["https:\/\/i0.wp.com\/ismaelcolosi.com.br\/wp-content\/uploads\/2023\/11\/saiba-quem-tem-direito-de-receber-o-lucro-do-fgts-2023.jpg?resize=370%2C247&ssl=1",370,247,true]},"uagb_author_info":{"display_name":"ismaelcolosi.com.br","author_link":"https:\/\/ismaelcolosi.com.br\/index.php\/author\/vidareal-online\/"},"uagb_comment_info":0,"uagb_excerpt":"Cr\u00e9ditos: Marcelo Camargo\/Ag\u00eancia Brasil Aplicativo FGTS O Fundo de Garantia por Tempo de Servi\u00e7o (FGTS), conhecido por muitos brasileiros como uma importante reserva financeira, pode...","jetpack-related-posts":[{"id":17119,"url":"https:\/\/ismaelcolosi.com.br\/index.php\/2023\/12\/17\/fgts-anuncia-lista-de-saques-aprovados-para-janeiro-de-2024\/","url_meta":{"origin":6613,"position":0},"title":"FGTS anuncia lista de saques aprovados para janeiro de 2024","author":"ismaelcolosi.com.br","date":"17 de December de 2023","format":false,"excerpt":"Cr\u00e9ditos: Ag\u00eancia Brasil\/Marcelo CamargoVeja as novidades sobre o FGTS O Fundo de Garantia do Tempo de Servi\u00e7o (FGTS) tem um papel crucial na vida dos trabalhadores, funcionando como uma esp\u00e9cie de poupan\u00e7a for\u00e7ada. Os dep\u00f3sitos mensais, correspondentes a 8% do sal\u00e1rio bruto, s\u00e3o retidos e bloqueados, constituindo uma reserva financeira\u2026","rel":"","context":"In &quot;Variedades&quot;","block_context":{"text":"Variedades","link":"https:\/\/ismaelcolosi.com.br\/index.php\/category\/variedades\/"},"img":{"alt_text":"","src":"https:\/\/i0.wp.com\/ismaelcolosi.com.br\/wp-content\/uploads\/2023\/12\/lucro-bilionario-do-fgts-sera-distribuido-ate-agosto-veja-quem-pode-sacar.jpg?fit=1200%2C638&ssl=1&resize=350%2C200","width":350,"height":200,"srcset":"https:\/\/i0.wp.com\/ismaelcolosi.com.br\/wp-content\/uploads\/2023\/12\/lucro-bilionario-do-fgts-sera-distribuido-ate-agosto-veja-quem-pode-sacar.jpg?fit=1200%2C638&ssl=1&resize=350%2C200 1x, https:\/\/i0.wp.com\/ismaelcolosi.com.br\/wp-content\/uploads\/2023\/12\/lucro-bilionario-do-fgts-sera-distribuido-ate-agosto-veja-quem-pode-sacar.jpg?fit=1200%2C638&ssl=1&resize=525%2C300 1.5x, https:\/\/i0.wp.com\/ismaelcolosi.com.br\/wp-content\/uploads\/2023\/12\/lucro-bilionario-do-fgts-sera-distribuido-ate-agosto-veja-quem-pode-sacar.jpg?fit=1200%2C638&ssl=1&resize=700%2C400 2x, https:\/\/i0.wp.com\/ismaelcolosi.com.br\/wp-content\/uploads\/2023\/12\/lucro-bilionario-do-fgts-sera-distribuido-ate-agosto-veja-quem-pode-sacar.jpg?fit=1200%2C638&ssl=1&resize=1050%2C600 3x"},"classes":[]},{"id":3913,"url":"https:\/\/ismaelcolosi.com.br\/index.php\/2023\/11\/20\/antecipe-o-saque-aniversario-do-fgts-e-financie-as-ferias\/","url_meta":{"origin":6613,"position":1},"title":"Antecipe o Saque-Anivers\u00e1rio do FGTS e financie as f\u00e9rias","author":"ismaelcolosi.com.br","date":"20 de November de 2023","format":false,"excerpt":"Cr\u00e9ditos: Marcelo Camargo\/Ag\u00eancia BrasilVeja as novidades do FGTS; leia o post abaixo A CVC, uma das maiores ag\u00eancias de viagens do Brasil, anunciou uma parceria inovadora que promete revolucionar o cen\u00e1rio tur\u00edstico nacional. Agora, os clientes da CVC podem antecipar o saque-anivers\u00e1rio do Fundo de Garantia por Tempo de Servi\u00e7o\u2026","rel":"","context":"In &quot;Variedades&quot;","block_context":{"text":"Variedades","link":"https:\/\/ismaelcolosi.com.br\/index.php\/category\/variedades\/"},"img":{"alt_text":"","src":"https:\/\/i0.wp.com\/ismaelcolosi.com.br\/wp-content\/uploads\/2023\/11\/lucro-bilionario-do-fgts-sera-distribuido-ate-agosto-veja-quem-pode-sacar.jpg?fit=1200%2C638&ssl=1&resize=350%2C200","width":350,"height":200,"srcset":"https:\/\/i0.wp.com\/ismaelcolosi.com.br\/wp-content\/uploads\/2023\/11\/lucro-bilionario-do-fgts-sera-distribuido-ate-agosto-veja-quem-pode-sacar.jpg?fit=1200%2C638&ssl=1&resize=350%2C200 1x, https:\/\/i0.wp.com\/ismaelcolosi.com.br\/wp-content\/uploads\/2023\/11\/lucro-bilionario-do-fgts-sera-distribuido-ate-agosto-veja-quem-pode-sacar.jpg?fit=1200%2C638&ssl=1&resize=525%2C300 1.5x, https:\/\/i0.wp.com\/ismaelcolosi.com.br\/wp-content\/uploads\/2023\/11\/lucro-bilionario-do-fgts-sera-distribuido-ate-agosto-veja-quem-pode-sacar.jpg?fit=1200%2C638&ssl=1&resize=700%2C400 2x, https:\/\/i0.wp.com\/ismaelcolosi.com.br\/wp-content\/uploads\/2023\/11\/lucro-bilionario-do-fgts-sera-distribuido-ate-agosto-veja-quem-pode-sacar.jpg?fit=1200%2C638&ssl=1&resize=1050%2C600 3x"},"classes":[]},{"id":16630,"url":"https:\/\/ismaelcolosi.com.br\/index.php\/2023\/12\/15\/fgts-em-janeiro-2024-saques-ilimitados-estao-confirmados\/","url_meta":{"origin":6613,"position":2},"title":"FGTS em janeiro 2024: saques ilimitados est\u00e3o confirmados?","author":"ismaelcolosi.com.br","date":"15 de December de 2023","format":false,"excerpt":"Cr\u00e9ditos: Ag\u00eancia Brasil\/Marcelo CamargoGoverno inicia MEGA transforma\u00e7\u00e3o no FGTS que vai mudar sua vida Com a virada do ano se aproximando, trabalhadores que pretendem realizar o saque do FGTS (Fundo de Garantia do Tempo de Servi\u00e7o) em janeiro de 2024 j\u00e1 devem se atentar \u00e0s oportunidades dispon\u00edveis. Antes mesmo do\u2026","rel":"","context":"In &quot;Variedades&quot;","block_context":{"text":"Variedades","link":"https:\/\/ismaelcolosi.com.br\/index.php\/category\/variedades\/"},"img":{"alt_text":"","src":"https:\/\/i0.wp.com\/ismaelcolosi.com.br\/wp-content\/uploads\/2023\/12\/istock-1222011623.jpg?fit=1200%2C638&ssl=1&resize=350%2C200","width":350,"height":200,"srcset":"https:\/\/i0.wp.com\/ismaelcolosi.com.br\/wp-content\/uploads\/2023\/12\/istock-1222011623.jpg?fit=1200%2C638&ssl=1&resize=350%2C200 1x, https:\/\/i0.wp.com\/ismaelcolosi.com.br\/wp-content\/uploads\/2023\/12\/istock-1222011623.jpg?fit=1200%2C638&ssl=1&resize=525%2C300 1.5x, https:\/\/i0.wp.com\/ismaelcolosi.com.br\/wp-content\/uploads\/2023\/12\/istock-1222011623.jpg?fit=1200%2C638&ssl=1&resize=700%2C400 2x, https:\/\/i0.wp.com\/ismaelcolosi.com.br\/wp-content\/uploads\/2023\/12\/istock-1222011623.jpg?fit=1200%2C638&ssl=1&resize=1050%2C600 3x"},"classes":[]},{"id":16866,"url":"https:\/\/ismaelcolosi.com.br\/index.php\/2023\/12\/16\/saque-aniversario-do-fgts-sofrera-mudancas-em-2024\/","url_meta":{"origin":6613,"position":3},"title":"Saque-anivers\u00e1rio do FGTS sofrer\u00e1 mudan\u00e7as em 2024","author":"ismaelcolosi.com.br","date":"16 de December de 2023","format":false,"excerpt":"Ministro do Trabalho e Emprego revela planos para o saque-anivers\u00e1rio do FGTS em 2024. 16 de dezembro de 2023 \u00e0s 18:06 Por: Reda\u00e7\u00e3o Cr\u00e9ditos: Ag\u00eancia Brasil\/Marcelo CamargoSaiba como sacar o FGTS Saque-Anivers\u00e1rio do FGTS, criado em 2019 e implementado em 2020, est\u00e1 prestes a passar por importantes mudan\u00e7as em 2024,\u2026","rel":"","context":"In &quot;Variedades&quot;","block_context":{"text":"Variedades","link":"https:\/\/ismaelcolosi.com.br\/index.php\/category\/variedades\/"},"img":{"alt_text":"","src":"https:\/\/i0.wp.com\/ismaelcolosi.com.br\/wp-content\/uploads\/2023\/12\/1702761907_fgts-digital.jpg?fit=1200%2C638&ssl=1&resize=350%2C200","width":350,"height":200,"srcset":"https:\/\/i0.wp.com\/ismaelcolosi.com.br\/wp-content\/uploads\/2023\/12\/1702761907_fgts-digital.jpg?fit=1200%2C638&ssl=1&resize=350%2C200 1x, https:\/\/i0.wp.com\/ismaelcolosi.com.br\/wp-content\/uploads\/2023\/12\/1702761907_fgts-digital.jpg?fit=1200%2C638&ssl=1&resize=525%2C300 1.5x, https:\/\/i0.wp.com\/ismaelcolosi.com.br\/wp-content\/uploads\/2023\/12\/1702761907_fgts-digital.jpg?fit=1200%2C638&ssl=1&resize=700%2C400 2x, https:\/\/i0.wp.com\/ismaelcolosi.com.br\/wp-content\/uploads\/2023\/12\/1702761907_fgts-digital.jpg?fit=1200%2C638&ssl=1&resize=1050%2C600 3x"},"classes":[]},{"id":13758,"url":"https:\/\/ismaelcolosi.com.br\/index.php\/2023\/12\/11\/projeto-de-revisao-do-fgts-propoe-aumento-para-beneficiarios\/","url_meta":{"origin":6613,"position":4},"title":"Projeto de revis\u00e3o do FGTS prop\u00f5e aumento para benefici\u00e1rios?","author":"ismaelcolosi.com.br","date":"11 de December de 2023","format":false,"excerpt":"Cr\u00e9ditos: Ag\u00eancia BrasilSaiba informa\u00e7\u00f5es PRIVILEGIADAS do seu FGTS O Fundo de Garantia do Tempo de Servi\u00e7o (FGTS) \u00e9 uma garantia essencial para os trabalhadores brasileiros com carteira assinada, assegurando prote\u00e7\u00e3o financeira em caso de demiss\u00e3o sem justa causa. Atualmente, um projeto de revis\u00e3o do FGTS est\u00e1 em pauta, prometendo um\u2026","rel":"","context":"In &quot;Variedades&quot;","block_context":{"text":"Variedades","link":"https:\/\/ismaelcolosi.com.br\/index.php\/category\/variedades\/"},"img":{"alt_text":"","src":"https:\/\/i0.wp.com\/ismaelcolosi.com.br\/wp-content\/uploads\/2023\/12\/lucro-do-fgts-e-antecipado-saiba-quando-voce-recebera.png?fit=1200%2C638&ssl=1&resize=350%2C200","width":350,"height":200,"srcset":"https:\/\/i0.wp.com\/ismaelcolosi.com.br\/wp-content\/uploads\/2023\/12\/lucro-do-fgts-e-antecipado-saiba-quando-voce-recebera.png?fit=1200%2C638&ssl=1&resize=350%2C200 1x, https:\/\/i0.wp.com\/ismaelcolosi.com.br\/wp-content\/uploads\/2023\/12\/lucro-do-fgts-e-antecipado-saiba-quando-voce-recebera.png?fit=1200%2C638&ssl=1&resize=525%2C300 1.5x, https:\/\/i0.wp.com\/ismaelcolosi.com.br\/wp-content\/uploads\/2023\/12\/lucro-do-fgts-e-antecipado-saiba-quando-voce-recebera.png?fit=1200%2C638&ssl=1&resize=700%2C400 2x, https:\/\/i0.wp.com\/ismaelcolosi.com.br\/wp-content\/uploads\/2023\/12\/lucro-do-fgts-e-antecipado-saiba-quando-voce-recebera.png?fit=1200%2C638&ssl=1&resize=1050%2C600 3x"},"classes":[]},{"id":4106,"url":"https:\/\/ismaelcolosi.com.br\/index.php\/2023\/11\/20\/governo-anuncia-pagamentos-voltados-para-o-fgts\/","url_meta":{"origin":6613,"position":5},"title":"Governo anuncia pagamentos voltados para o FGTS","author":"ismaelcolosi.com.br","date":"20 de November de 2023","format":false,"excerpt":"Cr\u00e9ditos: Ag\u00eancia Brasil\/Marcelo CamargoNovidade sobre corre\u00e7\u00e3o do FGTS SURPREENDE brasileiros\u00c0 medida que nos aproximamos do pr\u00f3ximo ano, os trabalhadores j\u00e1 come\u00e7am a se preparar para as possibilidades de saque do Fundo de Garantia do Tempo de Servi\u00e7o (FGTS) em 2024. O governo federal j\u00e1 anunciou algumas modalidades de pagamento que\u2026","rel":"","context":"In &quot;Variedades&quot;","block_context":{"text":"Variedades","link":"https:\/\/ismaelcolosi.com.br\/index.php\/category\/variedades\/"},"img":{"alt_text":"","src":"https:\/\/i0.wp.com\/ismaelcolosi.com.br\/wp-content\/uploads\/2023\/11\/1700523733_fgts-digital.jpg?fit=1200%2C638&ssl=1&resize=350%2C200","width":350,"height":200,"srcset":"https:\/\/i0.wp.com\/ismaelcolosi.com.br\/wp-content\/uploads\/2023\/11\/1700523733_fgts-digital.jpg?fit=1200%2C638&ssl=1&resize=350%2C200 1x, https:\/\/i0.wp.com\/ismaelcolosi.com.br\/wp-content\/uploads\/2023\/11\/1700523733_fgts-digital.jpg?fit=1200%2C638&ssl=1&resize=525%2C300 1.5x, https:\/\/i0.wp.com\/ismaelcolosi.com.br\/wp-content\/uploads\/2023\/11\/1700523733_fgts-digital.jpg?fit=1200%2C638&ssl=1&resize=700%2C400 2x, https:\/\/i0.wp.com\/ismaelcolosi.com.br\/wp-content\/uploads\/2023\/11\/1700523733_fgts-digital.jpg?fit=1200%2C638&ssl=1&resize=1050%2C600 3x"},"classes":[]}],"jetpack_sharing_enabled":true,"jetpack_shortlink":"https:\/\/wp.me\/pfMlyK-1IF","_links":{"self":[{"href":"https:\/\/ismaelcolosi.com.br\/index.php\/wp-json\/wp\/v2\/posts\/6613","targetHints":{"allow":["GET"]}}],"collection":[{"href":"https:\/\/ismaelcolosi.com.br\/index.php\/wp-json\/wp\/v2\/posts"}],"about":[{"href":"https:\/\/ismaelcolosi.com.br\/index.php\/wp-json\/wp\/v2\/types\/post"}],"author":[{"embeddable":true,"href":"https:\/\/ismaelcolosi.com.br\/index.php\/wp-json\/wp\/v2\/users\/1"}],"replies":[{"embeddable":true,"href":"https:\/\/ismaelcolosi.com.br\/index.php\/wp-json\/wp\/v2\/comments?post=6613"}],"version-history":[{"count":0,"href":"https:\/\/ismaelcolosi.com.br\/index.php\/wp-json\/wp\/v2\/posts\/6613\/revisions"}],"wp:featuredmedia":[{"embeddable":true,"href":"https:\/\/ismaelcolosi.com.br\/index.php\/wp-json\/wp\/v2\/media\/6614"}],"wp:attachment":[{"href":"https:\/\/ismaelcolosi.com.br\/index.php\/wp-json\/wp\/v2\/media?parent=6613"}],"wp:term":[{"taxonomy":"category","embeddable":true,"href":"https:\/\/ismaelcolosi.com.br\/index.php\/wp-json\/wp\/v2\/categories?post=6613"},{"taxonomy":"post_tag","embeddable":true,"href":"https:\/\/ismaelcolosi.com.br\/index.php\/wp-json\/wp\/v2\/tags?post=6613"}],"curies":[{"name":"wp","href":"https:\/\/api.w.org\/{rel}","templated":true}]}}