{"id":6597,"date":"2023-11-26T08:45:00","date_gmt":"2023-11-26T11:45:00","guid":{"rendered":"https:\/\/ismaelcolosi.com.br\/index.php\/2023\/11\/26\/confira-os-vencedores-da-corrida-integracao-de-ribeirao-preto\/"},"modified":"2023-11-26T08:45:00","modified_gmt":"2023-11-26T11:45:00","slug":"confira-os-vencedores-da-corrida-integracao-de-ribeirao-preto","status":"publish","type":"post","link":"https:\/\/ismaelcolosi.com.br\/index.php\/2023\/11\/26\/confira-os-vencedores-da-corrida-integracao-de-ribeirao-preto\/","title":{"rendered":"Confira os vencedores da Corrida Integra\u00e7\u00e3o de Ribeir\u00e3o Preto"},"content":{"rendered":"<p> <br \/>\n<\/p>\n<div>\n<p><strong>O brasileiro Samur In\u00e1cio, de 32 anos, e a queniana Viola Kosgei, de 24, foram os grandes vencedores da 7\u00aa edi\u00e7\u00e3o da Corrida Integra\u00e7\u00e3o, realizada neste domingo (26), em Ribeir\u00e3o Preto.<\/strong><\/p>\n<p>Os dois lideraram a prova de 10 quil\u00f4metros de ponta a ponta. \u201cFoi uma satisfa\u00e7\u00e3o imensa. O que vinha treinando coloquei em pr\u00e1tica, mesmo com um percurso bem pesado, com bastante subida. Estou muito feliz\u201d, disse Samur.<\/p><div class='code-block code-block-8' style='margin: 8px auto; text-align: center; display: block; clear: both;'>\n<script>\n  atOptions = {\n    'key' : '66e2e2111ca34da796271819fc334058',\n    'format' : 'iframe',\n    'height' : 250,\n    'width' : 300,\n    'params' : {}\n  };\n<\/script>\n<script src=\"https:\/\/www.highperformanceformat.com\/66e2e2111ca34da796271819fc334058\/invoke.js\"><\/script>\n<\/div>\n\n<p>\u201cGostei bastante do percurso, apesar de ter subida e descida, estou acostumada a treinar assim\u201d, analisou disse Viola.<\/p>\n<h4 class=\"wp-block-heading\"><strong>Prova dos 10k<\/strong><\/h4>\n<p>A largada masculina e feminina do percurso principal, com 10 quil\u00f4metros, foi \u00e0s 7h10, no Shopping Iguatemi, na zona Sul. Entre os homens, s\u00f3 deu Brasil:<\/p>\n<p>1\u00ba Samur In\u00e1cio \u2013 30min50 seg<\/p>\n<p>2\u00ba S\u00e1vio Rodrigues \u2013 31min50 seg<\/p>\n<p>3\u00ba Walace Evangelista \u2013 32min03 seg<\/p>\n<p>4\u00ba Laurino Nunes \u2013 32min18 seg<\/p>\n<p>5\u00ba Mateus Douglas \u2013 32min44 seg<\/p>\n<figure class=\"wp-block-image size-full\"><figcaption class=\"wp-element-caption\">P\u00f3dio masculino da Corrida Integra\u00e7\u00e3o em Ribeir\u00e3o Preto (Foto: Rubens Avelar \/ ge)<\/figcaption><\/figure>\n<p>J\u00e1 entre as mulheres, a vencedora veio de Qu\u00eania, mas quatro brasileiras completaram o p\u00f3dio:<\/p>\n<p>1\u00ba Viola Kosgei (Qu\u00eania) \u2013 35min10 seg<\/p>\n<p>2\u00ba Kleidiane Jardim \u2013 35min42 seg<\/p>\n<p>3\u00ba Patr\u00edcia Miranda \u2013 38min30 seg<\/p>\n<p>4\u00ba Milena Mara \u2013 38min52 seg<\/p>\n<p>5\u00ba Gildete Ribeiro \u2013 39min39 seg<\/p>\n<figure class=\"wp-block-image size-full is-resized\"><img data-recalc-dims=\"1\" decoding=\"async\" loading=\"lazy\" src=\"https:\/\/i0.wp.com\/www.acidadeon.com\/ribeiraopreto\/wp-content\/uploads\/sites\/3\/2023\/11\/Corrida-Integracao-podio-feminino-1.jpg?resize=748%2C420&#038;ssl=1\" alt=\"\" class=\"wp-image-61949\" width=\"748\" height=\"420\" srcset=\"https:\/\/www.acidadeon.com\/ribeiraopreto\/wp-content\/uploads\/sites\/3\/2023\/11\/Corrida-Integracao-podio-feminino-1.jpg 1000w, https:\/\/www.acidadeon.com\/ribeiraopreto\/wp-content\/uploads\/sites\/3\/2023\/11\/Corrida-Integracao-podio-feminino-1-300x169.jpg 300w, https:\/\/www.acidadeon.com\/ribeiraopreto\/wp-content\/uploads\/sites\/3\/2023\/11\/Corrida-Integracao-podio-feminino-1-768x432.jpg 768w, https:\/\/www.acidadeon.com\/ribeiraopreto\/wp-content\/uploads\/sites\/3\/2023\/11\/Corrida-Integracao-podio-feminino-1-696x391.jpg 696w\" sizes=\"auto, (max-width: 748px) 100vw, 748px\"\/><figcaption class=\"wp-element-caption\">P\u00f3dio feminino da Corrida Integra\u00e7\u00e3o em Ribeir\u00e3o Preto (Foto: Rubens Avelar \/ ge)<\/figcaption><\/figure>\n<h4 class=\"wp-block-heading\"><strong>Prova dos 5k<\/strong><\/h4>\n<p>A Corrida Integra\u00e7\u00e3o tamb\u00e9m um percurso com 5 quil\u00f4metros. A largada aconteceu \u00e0s 7h26, tamb\u00e9m do Shopping Iguatemi.<\/p>\n<p><strong>P\u00f3dio masculino:<\/strong><\/p>\n<p>1\u00ba Diego de Oliveira \u2013 19min20 seg<\/p>\n<p>2\u00ba Zecilio Lojor \u2013 20min15 seg<\/p>\n<p>3\u00ba Orias de Ara\u00fajo \u2013 20min16 seg<\/p>\n<p>4\u00ba M\u00e1rcio Ferreira \u2013 20min29 seg<\/p>\n<p>5\u00ba Manoel Xavier \u2013 20min52 seg<\/p>\n<p><strong>P\u00f3dio feminino:<\/strong><\/p>\n<p>1\u00ba Eul\u00e1ia dos Santos \u2013 21min01 seg<\/p>\n<p>2\u00ba Marcela Garofalo \u2013 26min32 seg<\/p>\n<p>3\u00ba Beatriz Adas \u2013 27min06 seg<\/p>\n<p>4\u00ba Isabela Botelho \u2013 28min05 seg<\/p>\n<p>5\u00ba Aline Bueno \u2013 28min14 seg<\/p>\n<p>A Corrida Integra\u00e7\u00e3o \u00e9 uma iniciativa da EPTV, promovida pela OA Eventos, empresa do Grupo EP (com informa\u00e7\u00f5es do ge).<\/p>\n<h4 class=\"wp-block-heading\"><strong>FIQUE ON<\/strong><\/h4>\n<p>Fique ligado em tudo que acontece em Ribeir\u00e3o Preto e regi\u00e3o. Siga os perfis do\u00a0<strong>acidade on<\/strong>\u00a0no\u00a0<a href=\"https:\/\/www.instagram.com\/acidadeonribeirao\" target=\"_blank\" rel=\"noreferrer noopener\">Instagram\u00a0<\/a>e no<a href=\"https:\/\/www.facebook.com\/acidadeonribeirao\" target=\"_blank\" rel=\"noreferrer noopener\">\u00a0Facebook.<\/a><\/p>\n<p>Receba not\u00edcias do\u00a0<strong>acidade on\u00a0<\/strong>no WhatsApp.\u00a0<a href=\"https:\/\/chat.whatsapp.com\/Bnv2w66ZT4VDyZW3oiZ69n\" target=\"_blank\" rel=\"noreferrer noopener\">Para entrar no grupo, basta clicar aqui.<\/a><\/p>\n<p>Fa\u00e7a uma den\u00fancia ou sugira uma reportagem sobre Ribeir\u00e3o Preto e regi\u00e3o pelo WhatsApp:\u00a0<strong>(16) 99117 7802.<\/strong><\/p>\n<p><a href=\"https:\/\/www.tudoep.com\/tudo-receitas\/NOT,0,0,1868069,donut-aprenda-a-fazer-essa-popular-receita-de-uma-forma-simples.aspx\" target=\"_blank\" rel=\"noreferrer noopener\">LEIA MAIS<br \/>Donut: aprenda a fazer essa popular receita de uma forma simples<\/a><\/p>\n<p><!-- AI CONTENT END 1 -->\n<\/div>\n<p><script async src=\"\/\/www.instagram.com\/embed.js\"><\/script><br \/>\n<br \/><br \/>\n<br \/><a href=\"https:\/\/www.acidadeon.com\/ribeiraopreto\/esportes\/confira-os-vencedores-da-corrida-integracao-de-ribeirao-preto\/\">Source link <\/a><\/p>\n<div class='code-block code-block-4' style='margin: 8px auto 8px 0; text-align: left; display: block; clear: both;'>\n\ud83d\udce2 Aviso Legal\n\nO site ismaelcolosi.com.br atua apenas como um canal de divulga\u00e7\u00e3o de oportunidades de emprego e n\u00e3o se responsabiliza pelo processo seletivo, contrata\u00e7\u00e3o ou qualquer outra etapa relacionada \u00e0s vagas publicadas. Todas as informa\u00e7\u00f5es s\u00e3o de responsabilidade dos anunciantes.\n\n\u26a0\ufe0f Aten\u00e7\u00e3o! Nunca pague por promessas de emprego nem compre cursos que garantam contrata\u00e7\u00e3o. Desconfie de qualquer cobran\u00e7a para participar de sele\u00e7\u00f5es.\n\n\n\n<\/div>\n<!-- CONTENT END 1 -->\n","protected":false},"excerpt":{"rendered":"<p>O brasileiro Samur In\u00e1cio, de 32 anos, e a queniana Viola Kosgei, de 24, foram os grandes vencedores da 7\u00aa edi\u00e7\u00e3o da Corrida Integra\u00e7\u00e3o, realizada&#8230;<\/p>\n","protected":false},"author":1,"featured_media":6598,"comment_status":"open","ping_status":"open","sticky":false,"template":"","format":"standard","meta":{"_uag_custom_page_level_css":"","advanced_seo_description":"","jetpack_seo_html_title":"","jetpack_seo_noindex":false,"jetpack_post_was_ever_published":false,"_jetpack_newsletter_access":"","_jetpack_dont_email_post_to_subs":false,"_jetpack_newsletter_tier_id":0,"_jetpack_memberships_contains_paywalled_content":false,"_jetpack_memberships_contains_paid_content":false,"footnotes":"","jetpack_publicize_message":"","jetpack_publicize_feature_enabled":true,"jetpack_social_post_already_shared":true,"jetpack_social_options":{"image_generator_settings":{"template":"highway","default_image_id":0,"font":"","enabled":false},"version":2}},"categories":[11],"tags":[269,788,789,27,26,787],"class_list":["post-6597","post","type-post","status-publish","format-standard","has-post-thumbnail","hentry","category-noticias-de-ribeirao-preto-sp-e-regiao-ismael-colosi","tag-confira","tag-corrida","tag-integracao","tag-preto","tag-ribeirao","tag-vencedores"],"jetpack_publicize_connections":[],"jetpack_featured_media_url":"https:\/\/i0.wp.com\/ismaelcolosi.com.br\/wp-content\/uploads\/2023\/11\/Samur-Inacio-e-Viola-Kosgei.jpg?fit=1000%2C626&ssl=1","uagb_featured_image_src":{"full":["https:\/\/i0.wp.com\/ismaelcolosi.com.br\/wp-content\/uploads\/2023\/11\/Samur-Inacio-e-Viola-Kosgei.jpg?fit=1000%2C626&ssl=1",1000,626,false],"thumbnail":["https:\/\/i0.wp.com\/ismaelcolosi.com.br\/wp-content\/uploads\/2023\/11\/Samur-Inacio-e-Viola-Kosgei.jpg?resize=150%2C150&ssl=1",150,150,true],"medium":["https:\/\/i0.wp.com\/ismaelcolosi.com.br\/wp-content\/uploads\/2023\/11\/Samur-Inacio-e-Viola-Kosgei.jpg?fit=300%2C188&ssl=1",300,188,true],"medium_large":["https:\/\/i0.wp.com\/ismaelcolosi.com.br\/wp-content\/uploads\/2023\/11\/Samur-Inacio-e-Viola-Kosgei.jpg?fit=768%2C481&ssl=1",768,481,true],"large":["https:\/\/i0.wp.com\/ismaelcolosi.com.br\/wp-content\/uploads\/2023\/11\/Samur-Inacio-e-Viola-Kosgei.jpg?fit=1000%2C626&ssl=1",1000,626,true],"1536x1536":["https:\/\/i0.wp.com\/ismaelcolosi.com.br\/wp-content\/uploads\/2023\/11\/Samur-Inacio-e-Viola-Kosgei.jpg?fit=1000%2C626&ssl=1",1000,626,true],"2048x2048":["https:\/\/i0.wp.com\/ismaelcolosi.com.br\/wp-content\/uploads\/2023\/11\/Samur-Inacio-e-Viola-Kosgei.jpg?fit=1000%2C626&ssl=1",1000,626,true],"really-simple-thumb":["https:\/\/i0.wp.com\/ismaelcolosi.com.br\/wp-content\/uploads\/2023\/11\/Samur-Inacio-e-Viola-Kosgei.jpg?resize=370%2C247&ssl=1",370,247,true]},"uagb_author_info":{"display_name":"ismaelcolosi.com.br","author_link":"https:\/\/ismaelcolosi.com.br\/index.php\/author\/vidareal-online\/"},"uagb_comment_info":0,"uagb_excerpt":"O brasileiro Samur In\u00e1cio, de 32 anos, e a queniana Viola Kosgei, de 24, foram os grandes vencedores da 7\u00aa edi\u00e7\u00e3o da Corrida Integra\u00e7\u00e3o, realizada...","jetpack-related-posts":[{"id":22947,"url":"https:\/\/ismaelcolosi.com.br\/index.php\/2023\/12\/31\/corredor-da-regiao-de-ribeirao-termina-a-sao-silvestre-entre-os-25-primeiros\/","url_meta":{"origin":6597,"position":0},"title":"Corredor da regi\u00e3o de Ribeir\u00e3o termina a S\u00e3o Silvestre entre os 25 primeiros","author":"ismaelcolosi.com.br","date":"31 de December de 2023","format":false,"excerpt":"O corredor Walace Evangelista, de S\u00e3o Joaquim da Barra, na regi\u00e3o de Ribeir\u00e3o Preto, terminou a corrida da S\u00e3o Silvestre, em S\u00e3o Paulo, na 25\u00aa coloca\u00e7\u00e3o. A prova reuniu mais de 35 mil competidores na manh\u00e3 deste domingo (31) \u2013 a elite masculina \u00e9 composta por 75 atletas profissionais. Walace\u2026","rel":"","context":"In &quot;Not\u00edcias de Ribeir\u00e3o Preto-SP e Regi\u00e3o&quot;","block_context":{"text":"Not\u00edcias de Ribeir\u00e3o Preto-SP e Regi\u00e3o","link":"https:\/\/ismaelcolosi.com.br\/index.php\/category\/noticias-de-ribeirao-preto-sp-e-regiao-ismael-colosi\/"},"img":{"alt_text":"","src":"https:\/\/i0.wp.com\/ismaelcolosi.com.br\/wp-content\/uploads\/2023\/12\/walace-evangelista.jpg?fit=859%2C720&ssl=1&resize=350%2C200","width":350,"height":200,"srcset":"https:\/\/i0.wp.com\/ismaelcolosi.com.br\/wp-content\/uploads\/2023\/12\/walace-evangelista.jpg?fit=859%2C720&ssl=1&resize=350%2C200 1x, https:\/\/i0.wp.com\/ismaelcolosi.com.br\/wp-content\/uploads\/2023\/12\/walace-evangelista.jpg?fit=859%2C720&ssl=1&resize=525%2C300 1.5x, https:\/\/i0.wp.com\/ismaelcolosi.com.br\/wp-content\/uploads\/2023\/12\/walace-evangelista.jpg?fit=859%2C720&ssl=1&resize=700%2C400 2x"},"classes":[]},{"id":23027,"url":"https:\/\/ismaelcolosi.com.br\/index.php\/2023\/12\/31\/quenianos-dominam-o-podio-da-98a-corrida-de-sao-silvestre\/","url_meta":{"origin":6597,"position":1},"title":"Quenianos dominam o p\u00f3dio da 98\u00aa Corrida de S\u00e3o Silvestre","author":"ismaelcolosi.com.br","date":"31 de December de 2023","format":false,"excerpt":"31 de dezembro de 2023 | 11:44 0Os atletas quenianos dominaram o p\u00f3dio da 98\u00aa edi\u00e7\u00e3o da Corrida Internacional de S\u00e3o Silvestre, realizada na manh\u00e3 deste domingo (31) pelas ruas da cidade de S\u00e3o Paulo. O percurso de 15 quil\u00f4metros\u00a0teve sa\u00edda e chegada na Avenida Paulista.No feminino, a vit\u00f3ria ficou\u2026","rel":"","context":"In &quot;Not\u00edcias de Ribeir\u00e3o Preto-SP e Regi\u00e3o&quot;","block_context":{"text":"Not\u00edcias de Ribeir\u00e3o Preto-SP e Regi\u00e3o","link":"https:\/\/ismaelcolosi.com.br\/index.php\/category\/noticias-de-ribeirao-preto-sp-e-regiao-ismael-colosi\/"},"img":{"alt_text":"","src":"https:\/\/i0.wp.com\/ismaelcolosi.com.br\/wp-content\/uploads\/2023\/12\/20e1b3fc-aae9-4331-bda4-a8b3edaef74c-scaled.jpg?fit=1000%2C598&ssl=1&resize=350%2C200","width":350,"height":200,"srcset":"https:\/\/i0.wp.com\/ismaelcolosi.com.br\/wp-content\/uploads\/2023\/12\/20e1b3fc-aae9-4331-bda4-a8b3edaef74c-scaled.jpg?fit=1000%2C598&ssl=1&resize=350%2C200 1x, https:\/\/i0.wp.com\/ismaelcolosi.com.br\/wp-content\/uploads\/2023\/12\/20e1b3fc-aae9-4331-bda4-a8b3edaef74c-scaled.jpg?fit=1000%2C598&ssl=1&resize=525%2C300 1.5x, https:\/\/i0.wp.com\/ismaelcolosi.com.br\/wp-content\/uploads\/2023\/12\/20e1b3fc-aae9-4331-bda4-a8b3edaef74c-scaled.jpg?fit=1000%2C598&ssl=1&resize=700%2C400 2x"},"classes":[]},{"id":37828,"url":"https:\/\/ismaelcolosi.com.br\/index.php\/2024\/02\/18\/rp-sediara-prova-de-cross-country\/","url_meta":{"origin":6597,"position":2},"title":"RP sediar\u00e1 prova de Cross Country\u00a0","author":"ismaelcolosi.com.br","date":"18 de February de 2024","format":false,"excerpt":"18 de fevereiro de 2024 | 17:0017 de fevereiro de 2024 | 11:50 0No dia 30 de mar\u00e7o, Ribeir\u00e3o Preto ser\u00e1 o cen\u00e1rio do 1\u00ba Cross Country, um evento que promete unir natureza, adrenalina e atletismo. A corrida desafiar\u00e1 os participantes com um percurso totalmente natural, na Fazenda S\u00e3o Jos\u00e9.\u2026","rel":"","context":"In &quot;Not\u00edcias de Ribeir\u00e3o Preto-SP e Regi\u00e3o&quot;","block_context":{"text":"Not\u00edcias de Ribeir\u00e3o Preto-SP e Regi\u00e3o","link":"https:\/\/ismaelcolosi.com.br\/index.php\/category\/noticias-de-ribeirao-preto-sp-e-regiao-ismael-colosi\/"},"img":{"alt_text":"","src":"https:\/\/i0.wp.com\/ismaelcolosi.com.br\/wp-content\/uploads\/2024\/02\/2-cross-Gladson-Barbosa-scaled.jpg?fit=967%2C645&ssl=1&resize=350%2C200","width":350,"height":200,"srcset":"https:\/\/i0.wp.com\/ismaelcolosi.com.br\/wp-content\/uploads\/2024\/02\/2-cross-Gladson-Barbosa-scaled.jpg?fit=967%2C645&ssl=1&resize=350%2C200 1x, https:\/\/i0.wp.com\/ismaelcolosi.com.br\/wp-content\/uploads\/2024\/02\/2-cross-Gladson-Barbosa-scaled.jpg?fit=967%2C645&ssl=1&resize=525%2C300 1.5x, https:\/\/i0.wp.com\/ismaelcolosi.com.br\/wp-content\/uploads\/2024\/02\/2-cross-Gladson-Barbosa-scaled.jpg?fit=967%2C645&ssl=1&resize=700%2C400 2x"},"classes":[]},{"id":55456,"url":"https:\/\/ismaelcolosi.com.br\/index.php\/2024\/07\/03\/conheca-a-rota-das-capelas-no-interior-de-sp-veja-mapa-turistico\/","url_meta":{"origin":6597,"position":3},"title":"Conhe\u00e7a a Rota das Capelas\u00a0no interior de SP; Veja mapa tur\u00edstico","author":"ismaelcolosi.com.br","date":"3 de July de 2024","format":false,"excerpt":"O interior de S\u00e3o Paulo conta com uma op\u00e7\u00e3o de turismo que passa por 13 capelas no munic\u00edpio de Monte Alto, a aproximadamente 70 quil\u00f4metros de Ribeir\u00e3o Preto: \u00e9 a Rota das Capelas. O percurso tem 90 quil\u00f4metros em meio \u00e0 natureza, entre serras com eleva\u00e7\u00e3o de 1.844 metros e\u2026","rel":"","context":"In &quot;Not\u00edcias de Ribeir\u00e3o Preto-SP e Regi\u00e3o&quot;","block_context":{"text":"Not\u00edcias de Ribeir\u00e3o Preto-SP e Regi\u00e3o","link":"https:\/\/ismaelcolosi.com.br\/index.php\/category\/noticias-de-ribeirao-preto-sp-e-regiao-ismael-colosi\/"},"img":{"alt_text":"","src":"https:\/\/i0.wp.com\/ismaelcolosi.com.br\/wp-content\/uploads\/2024\/07\/IGREJA_2024-07-03_13-52-38_jpg_2024-07-03_13-52-38.webp.webp?fit=1200%2C889&ssl=1&resize=350%2C200","width":350,"height":200,"srcset":"https:\/\/i0.wp.com\/ismaelcolosi.com.br\/wp-content\/uploads\/2024\/07\/IGREJA_2024-07-03_13-52-38_jpg_2024-07-03_13-52-38.webp.webp?fit=1200%2C889&ssl=1&resize=350%2C200 1x, https:\/\/i0.wp.com\/ismaelcolosi.com.br\/wp-content\/uploads\/2024\/07\/IGREJA_2024-07-03_13-52-38_jpg_2024-07-03_13-52-38.webp.webp?fit=1200%2C889&ssl=1&resize=525%2C300 1.5x, https:\/\/i0.wp.com\/ismaelcolosi.com.br\/wp-content\/uploads\/2024\/07\/IGREJA_2024-07-03_13-52-38_jpg_2024-07-03_13-52-38.webp.webp?fit=1200%2C889&ssl=1&resize=700%2C400 2x, https:\/\/i0.wp.com\/ismaelcolosi.com.br\/wp-content\/uploads\/2024\/07\/IGREJA_2024-07-03_13-52-38_jpg_2024-07-03_13-52-38.webp.webp?fit=1200%2C889&ssl=1&resize=1050%2C600 3x"},"classes":[]},{"id":16781,"url":"https:\/\/ismaelcolosi.com.br\/index.php\/2023\/12\/16\/atleta-da-regiao-de-ribeirao-e-um-dos-vencedores-do-premio-brasil-olimpico\/","url_meta":{"origin":6597,"position":4},"title":"Atleta da regi\u00e3o de Ribeir\u00e3o \u00e9 um dos vencedores do Pr\u00eamio Brasil Ol\u00edmpico","author":"ismaelcolosi.com.br","date":"16 de December de 2023","format":false,"excerpt":"O corredor Alison dos Santos, o Piu, que \u00e9 natural de S\u00e3o Joaquim da Barra, na regi\u00e3o de Ribeir\u00e3o Preto, foi o vencedor do Pr\u00eamio Retorno do Ano, do Pr\u00eamio Brasil Ol\u00edmpico 2023, realizado na \u00faltima sexta-feira (15), no Rio de Janeiro. O medalhista de bronze nos Jogos Ol\u00edmpicos de\u2026","rel":"","context":"In &quot;Not\u00edcias de Ribeir\u00e3o Preto-SP e Regi\u00e3o&quot;","block_context":{"text":"Not\u00edcias de Ribeir\u00e3o Preto-SP e Regi\u00e3o","link":"https:\/\/ismaelcolosi.com.br\/index.php\/category\/noticias-de-ribeirao-preto-sp-e-regiao-ismael-colosi\/"},"img":{"alt_text":"","src":"https:\/\/i0.wp.com\/ismaelcolosi.com.br\/wp-content\/uploads\/2023\/12\/alison-dos-santos.jpg?fit=1200%2C800&ssl=1&resize=350%2C200","width":350,"height":200,"srcset":"https:\/\/i0.wp.com\/ismaelcolosi.com.br\/wp-content\/uploads\/2023\/12\/alison-dos-santos.jpg?fit=1200%2C800&ssl=1&resize=350%2C200 1x, https:\/\/i0.wp.com\/ismaelcolosi.com.br\/wp-content\/uploads\/2023\/12\/alison-dos-santos.jpg?fit=1200%2C800&ssl=1&resize=525%2C300 1.5x, https:\/\/i0.wp.com\/ismaelcolosi.com.br\/wp-content\/uploads\/2023\/12\/alison-dos-santos.jpg?fit=1200%2C800&ssl=1&resize=700%2C400 2x, https:\/\/i0.wp.com\/ismaelcolosi.com.br\/wp-content\/uploads\/2023\/12\/alison-dos-santos.jpg?fit=1200%2C800&ssl=1&resize=1050%2C600 3x"},"classes":[]},{"id":22701,"url":"https:\/\/ismaelcolosi.com.br\/index.php\/2023\/12\/30\/previsao-e-de-chuva-na-capital-paulista-durante-a-98a-sao-silvestre\/","url_meta":{"origin":6597,"position":5},"title":"Previs\u00e3o \u00e9 de chuva na capital paulista durante a S\u00e3o Silvestre","author":"ismaelcolosi.com.br","date":"30 de December de 2023","format":false,"excerpt":"Os participantes da\u00a098\u00aa edi\u00e7\u00e3o da Corrida Internacional de S\u00e3o Silvestre, marcada para este domingo (31), dever\u00e3o enfrentar um desafio a mais, que \u00e9 o tempo inst\u00e1vel na capital paulista. O fator foi amplamente mencionado na manh\u00e3 deste s\u00e1bado (30)\u00a0por corredores que j\u00e1 garantiram um lugar no p\u00f3dio em outras disputas\u2026","rel":"","context":"In &quot;Not\u00edcias de Ribeir\u00e3o Preto-SP e Regi\u00e3o&quot;","block_context":{"text":"Not\u00edcias de Ribeir\u00e3o Preto-SP e Regi\u00e3o","link":"https:\/\/ismaelcolosi.com.br\/index.php\/category\/noticias-de-ribeirao-preto-sp-e-regiao-ismael-colosi\/"},"img":{"alt_text":"","src":"https:\/\/i0.wp.com\/ismaelcolosi.com.br\/wp-content\/uploads\/2023\/12\/c5a19843-136f-4edb-8ff1-ba1e2aa5bacc-scaled.jpg?fit=1000%2C598&ssl=1&resize=350%2C200","width":350,"height":200,"srcset":"https:\/\/i0.wp.com\/ismaelcolosi.com.br\/wp-content\/uploads\/2023\/12\/c5a19843-136f-4edb-8ff1-ba1e2aa5bacc-scaled.jpg?fit=1000%2C598&ssl=1&resize=350%2C200 1x, https:\/\/i0.wp.com\/ismaelcolosi.com.br\/wp-content\/uploads\/2023\/12\/c5a19843-136f-4edb-8ff1-ba1e2aa5bacc-scaled.jpg?fit=1000%2C598&ssl=1&resize=525%2C300 1.5x, https:\/\/i0.wp.com\/ismaelcolosi.com.br\/wp-content\/uploads\/2023\/12\/c5a19843-136f-4edb-8ff1-ba1e2aa5bacc-scaled.jpg?fit=1000%2C598&ssl=1&resize=700%2C400 2x"},"classes":[]}],"jetpack_sharing_enabled":true,"jetpack_shortlink":"https:\/\/wp.me\/pfMlyK-1Ip","_links":{"self":[{"href":"https:\/\/ismaelcolosi.com.br\/index.php\/wp-json\/wp\/v2\/posts\/6597","targetHints":{"allow":["GET"]}}],"collection":[{"href":"https:\/\/ismaelcolosi.com.br\/index.php\/wp-json\/wp\/v2\/posts"}],"about":[{"href":"https:\/\/ismaelcolosi.com.br\/index.php\/wp-json\/wp\/v2\/types\/post"}],"author":[{"embeddable":true,"href":"https:\/\/ismaelcolosi.com.br\/index.php\/wp-json\/wp\/v2\/users\/1"}],"replies":[{"embeddable":true,"href":"https:\/\/ismaelcolosi.com.br\/index.php\/wp-json\/wp\/v2\/comments?post=6597"}],"version-history":[{"count":0,"href":"https:\/\/ismaelcolosi.com.br\/index.php\/wp-json\/wp\/v2\/posts\/6597\/revisions"}],"wp:featuredmedia":[{"embeddable":true,"href":"https:\/\/ismaelcolosi.com.br\/index.php\/wp-json\/wp\/v2\/media\/6598"}],"wp:attachment":[{"href":"https:\/\/ismaelcolosi.com.br\/index.php\/wp-json\/wp\/v2\/media?parent=6597"}],"wp:term":[{"taxonomy":"category","embeddable":true,"href":"https:\/\/ismaelcolosi.com.br\/index.php\/wp-json\/wp\/v2\/categories?post=6597"},{"taxonomy":"post_tag","embeddable":true,"href":"https:\/\/ismaelcolosi.com.br\/index.php\/wp-json\/wp\/v2\/tags?post=6597"}],"curies":[{"name":"wp","href":"https:\/\/api.w.org\/{rel}","templated":true}]}}