{"id":65878,"date":"2024-09-14T12:25:16","date_gmt":"2024-09-14T15:25:16","guid":{"rendered":"https:\/\/ismaelcolosi.com.br\/index.php\/2024\/09\/14\/o-que-se-sabe-sobre-a-prisao-de-suspeitos-com-explosivos-na-regiao-de-ribeirao\/"},"modified":"2024-09-14T12:25:16","modified_gmt":"2024-09-14T15:25:16","slug":"o-que-se-sabe-sobre-a-prisao-de-suspeitos-com-explosivos-na-regiao-de-ribeirao","status":"publish","type":"post","link":"https:\/\/ismaelcolosi.com.br\/index.php\/2024\/09\/14\/o-que-se-sabe-sobre-a-prisao-de-suspeitos-com-explosivos-na-regiao-de-ribeirao\/","title":{"rendered":"O que se sabe sobre a pris\u00e3o de suspeitos com explosivos na regi\u00e3o de Ribeir\u00e3o"},"content":{"rendered":"<p> <br \/>\n<\/p>\n<div>\n<p><strong>A PM (Pol\u00edcia Militar) prendeu tr\u00eas homens com explosivos no fim da noite desta sexta-feira (13), em uma ch\u00e1cara de C\u00e1ssia dos Coqueiros, cidade a aproximadamente 70 quil\u00f4metros de Ribeir\u00e3o Preto.<\/strong><\/p>\n<p>Segundo o boletim de ocorr\u00eancia (BO), o Baep (Batalh\u00e3o de A\u00e7\u00f5es Especiais de Pol\u00edcia) de Piracicaba, no interior de S\u00e3o Paulo, recebeu a informa\u00e7\u00e3o que no local, na Estrada Coronel Narciso Ferreira Lopes, haveria pessoas supostamente envolvidas no ataque ao carro-forte na \u00faltima segunda-feira (9), em Franca, e no confronto com criminosos que terminou com um policial militar morto, em Altin\u00f3polis, ocorrido na \u00faltima quarta-feira (11).<\/p>\n<p>Ainda conforme o registro, os explosivos estariam sem documenta\u00e7\u00e3o e o Gate (Grupamento de A\u00e7\u00f5es T\u00e1ticas Especiais) foi acionado.<\/p>\n<p>Entre os homens presos, um \u00e9 engenheiro civil e dois se apresentaram como oper\u00e1rios.<\/p>\n<p>Segundo as informa\u00e7\u00f5es, os suspeitos teriam alegado que estariam fazendo uma obra na ch\u00e1cara.<\/p>\n<p>Eles foram autuados em flagrante na CPJ (Central de Pol\u00edcia Judici\u00e1ria) Permanente pelo crime de possuir, detiver, fabricar ou empregar artefato explosivo ou incendi\u00e1rio, sem autoriza\u00e7\u00e3o ou em desacordo com determina\u00e7\u00e3o legal ou regulamentar.<\/p>\n<p>Os suspeitos dever\u00e3o passar por audi\u00eancia de cust\u00f3dia na Justi\u00e7a.<\/p>\n<p>SAIBA MAIS<\/p>\n<p>Frente fria avan\u00e7a e traz chuva ao estado de SP; Veja previs\u00e3o<\/p>\n<p>FIQUE ON<\/p>\n<p>Fique ligado em tudo que acontece em Ribeir\u00e3o Preto e regi\u00e3o. Siga os perfis do\u00a0<strong>acidade on<\/strong>\u00a0no\u00a0<a href=\"https:\/\/www.instagram.com\/acidadeonribeirao\" target=\"_blank\" rel=\"noreferrer noopener\">Instagram<\/a>\u00a0e no\u00a0<a href=\"https:\/\/www.facebook.com\/acidadeonribeirao\/\" target=\"_blank\" rel=\"noreferrer noopener\">Facebook<\/a>.<\/p>\n<p>Receba not\u00edcias do\u00a0<strong>acidade on<\/strong>\u00a0no WhatsApp.\u00a0<a href=\"https:\/\/chat.whatsapp.com\/Dtv9mxhy6V5BJBotM2OQ5k\" target=\"_blank\" rel=\"noreferrer noopener\">Para entrar no grupo, basta clicar aqui.<\/a><\/p>\n<p>Fa\u00e7a uma den\u00fancia ou sugira uma reportagem sobre Ribeir\u00e3o Preto e regi\u00e3o pelo WhatsApp: 16 99117 7802.<\/p>\n<p>VEJA TAMB\u00c9M<\/p>\n<p>Secom nega confisco de \u2018valores esquecidos\u2019 em bancos; entenda<\/p>\n<p><!-- CONTENT END 3 -->\n<\/div>\n<p><script async src=\"\/\/www.instagram.com\/embed.js\"><\/script><br \/>\n<br \/><br \/>\n<br \/><a href=\"https:\/\/www.acidadeon.com\/ribeiraopreto\/cotidiano\/o-que-se-sabe-sobre-a-prisao-de-suspeitos-com-explosivos-na-regiao-de-ribeirao\/\">Source link <\/a><\/p>\n","protected":false},"excerpt":{"rendered":"<p>A PM (Pol\u00edcia Militar) prendeu tr\u00eas homens com explosivos no fim da noite desta sexta-feira (13), em uma ch\u00e1cara de C\u00e1ssia dos Coqueiros, cidade a&#8230;<\/p>\n","protected":false},"author":1,"featured_media":65879,"comment_status":"open","ping_status":"open","sticky":false,"template":"","format":"standard","meta":{"_uag_custom_page_level_css":"","advanced_seo_description":"","jetpack_seo_html_title":"","jetpack_seo_noindex":false,"jetpack_post_was_ever_published":false,"_jetpack_newsletter_access":"","_jetpack_dont_email_post_to_subs":false,"_jetpack_newsletter_tier_id":0,"_jetpack_memberships_contains_paywalled_content":false,"_jetpack_memberships_contains_paid_content":false,"footnotes":"","jetpack_publicize_message":"","jetpack_publicize_feature_enabled":true,"jetpack_social_post_already_shared":true,"jetpack_social_options":{"image_generator_settings":{"template":"highway","default_image_id":0,"font":"","enabled":false},"version":2}},"categories":[11],"tags":[],"class_list":["post-65878","post","type-post","status-publish","format-standard","has-post-thumbnail","hentry","category-noticias-de-ribeirao-preto-sp-e-regiao-ismael-colosi"],"jetpack_publicize_connections":[],"jetpack_featured_media_url":"https:\/\/i0.wp.com\/ismaelcolosi.com.br\/wp-content\/uploads\/2024\/09\/WhatsApp-Image-2024-09-14-at-11.47.24_2024-09-14_14-47-50_jpeg_2024-09-14_14-47-50.webp.webp?fit=1920%2C1080&ssl=1","uagb_featured_image_src":{"full":["https:\/\/i0.wp.com\/ismaelcolosi.com.br\/wp-content\/uploads\/2024\/09\/WhatsApp-Image-2024-09-14-at-11.47.24_2024-09-14_14-47-50_jpeg_2024-09-14_14-47-50.webp.webp?fit=1920%2C1080&ssl=1",1920,1080,false],"thumbnail":["https:\/\/i0.wp.com\/ismaelcolosi.com.br\/wp-content\/uploads\/2024\/09\/WhatsApp-Image-2024-09-14-at-11.47.24_2024-09-14_14-47-50_jpeg_2024-09-14_14-47-50.webp.webp?resize=150%2C150&ssl=1",150,150,true],"medium":["https:\/\/i0.wp.com\/ismaelcolosi.com.br\/wp-content\/uploads\/2024\/09\/WhatsApp-Image-2024-09-14-at-11.47.24_2024-09-14_14-47-50_jpeg_2024-09-14_14-47-50.webp.webp?fit=300%2C169&ssl=1",300,169,true],"medium_large":["https:\/\/i0.wp.com\/ismaelcolosi.com.br\/wp-content\/uploads\/2024\/09\/WhatsApp-Image-2024-09-14-at-11.47.24_2024-09-14_14-47-50_jpeg_2024-09-14_14-47-50.webp.webp?fit=768%2C432&ssl=1",768,432,true],"large":["https:\/\/i0.wp.com\/ismaelcolosi.com.br\/wp-content\/uploads\/2024\/09\/WhatsApp-Image-2024-09-14-at-11.47.24_2024-09-14_14-47-50_jpeg_2024-09-14_14-47-50.webp.webp?fit=1024%2C576&ssl=1",1024,576,true],"1536x1536":["https:\/\/i0.wp.com\/ismaelcolosi.com.br\/wp-content\/uploads\/2024\/09\/WhatsApp-Image-2024-09-14-at-11.47.24_2024-09-14_14-47-50_jpeg_2024-09-14_14-47-50.webp.webp?fit=1536%2C864&ssl=1",1536,864,true],"2048x2048":["https:\/\/i0.wp.com\/ismaelcolosi.com.br\/wp-content\/uploads\/2024\/09\/WhatsApp-Image-2024-09-14-at-11.47.24_2024-09-14_14-47-50_jpeg_2024-09-14_14-47-50.webp.webp?fit=1920%2C1080&ssl=1",1920,1080,true],"really-simple-thumb":["https:\/\/i0.wp.com\/ismaelcolosi.com.br\/wp-content\/uploads\/2024\/09\/WhatsApp-Image-2024-09-14-at-11.47.24_2024-09-14_14-47-50_jpeg_2024-09-14_14-47-50.webp.webp?resize=370%2C247&ssl=1",370,247,true]},"uagb_author_info":{"display_name":"ismaelcolosi.com.br","author_link":"https:\/\/ismaelcolosi.com.br\/index.php\/author\/vidareal-online\/"},"uagb_comment_info":0,"uagb_excerpt":"A PM (Pol\u00edcia Militar) prendeu tr\u00eas homens com explosivos no fim da noite desta sexta-feira (13), em uma ch\u00e1cara de C\u00e1ssia dos Coqueiros, cidade a...","jetpack-related-posts":[{"id":56987,"url":"https:\/\/ismaelcolosi.com.br\/index.php\/2024\/07\/17\/policia-civil-fecha-laboratorio-de-drogas-e-explosivos-na-regiao-de-ribeirao-preto\/","url_meta":{"origin":65878,"position":0},"title":"Pol\u00edcia Civil fecha laborat\u00f3rio de drogas e explosivos na regi\u00e3o de Ribeir\u00e3o Preto","author":"ismaelcolosi.com.br","date":"17 de July de 2024","format":false,"excerpt":"A Pol\u00edcia Civil fechou na noite desta ter\u00e7a-feira (16) um laborat\u00f3rio utilizado para fabrica\u00e7\u00e3o de droga sint\u00e9tica metanfetamina e de explosivos em Sert\u00e3ozinho, na regi\u00e3o de Ribeir\u00e3o Preto. Um jovem de 19 anos foi preso em flagrante no local, no Conjunto Habitacional Ant\u00f4nio Costa Patr\u00e3o. Segundo a pol\u00edcia, ele teria\u2026","rel":"","context":"In &quot;Not\u00edcias de Ribeir\u00e3o Preto-SP e Regi\u00e3o&quot;","block_context":{"text":"Not\u00edcias de Ribeir\u00e3o Preto-SP e Regi\u00e3o","link":"https:\/\/ismaelcolosi.com.br\/index.php\/category\/noticias-de-ribeirao-preto-sp-e-regiao-ismael-colosi\/"},"img":{"alt_text":"","src":"https:\/\/i0.wp.com\/ismaelcolosi.com.br\/wp-content\/uploads\/2024\/07\/WhatsApp-Image-2024-07-16-at-21.24.41_2024-07-17_11-01-14_jpeg_2024-07-17_11-01-14.webp.webp?fit=1156%2C867&ssl=1&resize=350%2C200","width":350,"height":200,"srcset":"https:\/\/i0.wp.com\/ismaelcolosi.com.br\/wp-content\/uploads\/2024\/07\/WhatsApp-Image-2024-07-16-at-21.24.41_2024-07-17_11-01-14_jpeg_2024-07-17_11-01-14.webp.webp?fit=1156%2C867&ssl=1&resize=350%2C200 1x, https:\/\/i0.wp.com\/ismaelcolosi.com.br\/wp-content\/uploads\/2024\/07\/WhatsApp-Image-2024-07-16-at-21.24.41_2024-07-17_11-01-14_jpeg_2024-07-17_11-01-14.webp.webp?fit=1156%2C867&ssl=1&resize=525%2C300 1.5x, https:\/\/i0.wp.com\/ismaelcolosi.com.br\/wp-content\/uploads\/2024\/07\/WhatsApp-Image-2024-07-16-at-21.24.41_2024-07-17_11-01-14_jpeg_2024-07-17_11-01-14.webp.webp?fit=1156%2C867&ssl=1&resize=700%2C400 2x, https:\/\/i0.wp.com\/ismaelcolosi.com.br\/wp-content\/uploads\/2024\/07\/WhatsApp-Image-2024-07-16-at-21.24.41_2024-07-17_11-01-14_jpeg_2024-07-17_11-01-14.webp.webp?fit=1156%2C867&ssl=1&resize=1050%2C600 3x"},"classes":[]},{"id":46046,"url":"https:\/\/ismaelcolosi.com.br\/index.php\/2024\/04\/09\/dois-sao-presos-e-um-morre-em-confronto-apos-ataques-no-interior-de-sp\/","url_meta":{"origin":65878,"position":1},"title":"Dois s\u00e3o presos e um morre em confronto ap\u00f3s ataques no interior de SP","author":"ismaelcolosi.com.br","date":"9 de April de 2024","format":false,"excerpt":"Um homem suspeito de participa\u00e7\u00e3o em uma quadrilha que atacou um banco e tr\u00eas carros-fortes nesta segunda-feira (8), no interior de S\u00e3o Paulo, foi morto em um confronto com a pol\u00edcia. Dois suspeitos acabaram presos e mais de R$ 110 mil foram recuperados. A Pol\u00edcia Civil confirmou nesta ter\u00e7a-feira (9)\u2026","rel":"","context":"In &quot;Not\u00edcias de Ribeir\u00e3o Preto-SP e Regi\u00e3o&quot;","block_context":{"text":"Not\u00edcias de Ribeir\u00e3o Preto-SP e Regi\u00e3o","link":"https:\/\/ismaelcolosi.com.br\/index.php\/category\/noticias-de-ribeirao-preto-sp-e-regiao-ismael-colosi\/"},"img":{"alt_text":"","src":"https:\/\/i0.wp.com\/ismaelcolosi.com.br\/wp-content\/uploads\/2024\/04\/ARMAMENTO.jpg?fit=1200%2C682&ssl=1&resize=350%2C200","width":350,"height":200,"srcset":"https:\/\/i0.wp.com\/ismaelcolosi.com.br\/wp-content\/uploads\/2024\/04\/ARMAMENTO.jpg?fit=1200%2C682&ssl=1&resize=350%2C200 1x, https:\/\/i0.wp.com\/ismaelcolosi.com.br\/wp-content\/uploads\/2024\/04\/ARMAMENTO.jpg?fit=1200%2C682&ssl=1&resize=525%2C300 1.5x, https:\/\/i0.wp.com\/ismaelcolosi.com.br\/wp-content\/uploads\/2024\/04\/ARMAMENTO.jpg?fit=1200%2C682&ssl=1&resize=700%2C400 2x, https:\/\/i0.wp.com\/ismaelcolosi.com.br\/wp-content\/uploads\/2024\/04\/ARMAMENTO.jpg?fit=1200%2C682&ssl=1&resize=1050%2C600 3x"},"classes":[]},{"id":65433,"url":"https:\/\/ismaelcolosi.com.br\/index.php\/2024\/09\/12\/policial-militar-morto-em-confronto-e-velado-em-ribeirao-preto\/","url_meta":{"origin":65878,"position":2},"title":"Policial militar morto em confronto \u00e9 velado em Ribeir\u00e3o Preto","author":"ismaelcolosi.com.br","date":"12 de September de 2024","format":false,"excerpt":"O vel\u00f3rio do sargento da PM (Pol\u00edcia Militar) Marcio Ribeiro \u00e9 realizado nesta quinta-feira (12), na sede do Comando de Policiamento do Interior (CPI) 3, na zona Norte de Ribeir\u00e3o Preto. O policial, que pertencia ao 11\u00ba Baep (Batalh\u00e3o de A\u00e7\u00f5es Especiais de Pol\u00edcia), foi morto nesta quarta-feira (11), durante\u2026","rel":"","context":"In &quot;Not\u00edcias de Ribeir\u00e3o Preto-SP e Regi\u00e3o&quot;","block_context":{"text":"Not\u00edcias de Ribeir\u00e3o Preto-SP e Regi\u00e3o","link":"https:\/\/ismaelcolosi.com.br\/index.php\/category\/noticias-de-ribeirao-preto-sp-e-regiao-ismael-colosi\/"},"img":{"alt_text":"","src":"https:\/\/i0.wp.com\/ismaelcolosi.com.br\/wp-content\/uploads\/2024\/09\/marcio-carcara_2024-09-11_21-50-59_jpg_2024-09-11_21-50-59.webp.webp?fit=1200%2C864&ssl=1&resize=350%2C200","width":350,"height":200,"srcset":"https:\/\/i0.wp.com\/ismaelcolosi.com.br\/wp-content\/uploads\/2024\/09\/marcio-carcara_2024-09-11_21-50-59_jpg_2024-09-11_21-50-59.webp.webp?fit=1200%2C864&ssl=1&resize=350%2C200 1x, https:\/\/i0.wp.com\/ismaelcolosi.com.br\/wp-content\/uploads\/2024\/09\/marcio-carcara_2024-09-11_21-50-59_jpg_2024-09-11_21-50-59.webp.webp?fit=1200%2C864&ssl=1&resize=525%2C300 1.5x, https:\/\/i0.wp.com\/ismaelcolosi.com.br\/wp-content\/uploads\/2024\/09\/marcio-carcara_2024-09-11_21-50-59_jpg_2024-09-11_21-50-59.webp.webp?fit=1200%2C864&ssl=1&resize=700%2C400 2x, https:\/\/i0.wp.com\/ismaelcolosi.com.br\/wp-content\/uploads\/2024\/09\/marcio-carcara_2024-09-11_21-50-59_jpg_2024-09-11_21-50-59.webp.webp?fit=1200%2C864&ssl=1&resize=1050%2C600 3x"},"classes":[]},{"id":52810,"url":"https:\/\/ismaelcolosi.com.br\/index.php\/2024\/06\/11\/identificado-motociclista-morto-apos-acidente-com-cavalos-em-rodovia-na-regiao-de-ribeirao\/","url_meta":{"origin":65878,"position":3},"title":"Identificado motociclista morto ap\u00f3s acidente com cavalos em rodovia na regi\u00e3o de Ribeir\u00e3o","author":"ismaelcolosi.com.br","date":"11 de June de 2024","format":false,"excerpt":"A Pol\u00edcia Civil identificou o motociclista que morreu na noite desta segunda-feira (10), depois de colidir com dois cavalos no km 7 da rodovia Maur\u00edlio Biagi (SPA-343\/322), em Pontal, cidade a aproximadamente 40 quil\u00f4metros de Ribeir\u00e3o Preto. Segundo o boletim de ocorr\u00eancia (BO), Edenilson Pires Ribeiro, de 34 anos, morreu\u2026","rel":"","context":"In &quot;Not\u00edcias de Ribeir\u00e3o Preto-SP e Regi\u00e3o&quot;","block_context":{"text":"Not\u00edcias de Ribeir\u00e3o Preto-SP e Regi\u00e3o","link":"https:\/\/ismaelcolosi.com.br\/index.php\/category\/noticias-de-ribeirao-preto-sp-e-regiao-ismael-colosi\/"},"img":{"alt_text":"","src":"https:\/\/i0.wp.com\/ismaelcolosi.com.br\/wp-content\/uploads\/2024\/06\/1718104231_20220809_065618844_policia_rodoviaria_1200x675_21062022083038.jpg?fit=1200%2C675&ssl=1&resize=350%2C200","width":350,"height":200,"srcset":"https:\/\/i0.wp.com\/ismaelcolosi.com.br\/wp-content\/uploads\/2024\/06\/1718104231_20220809_065618844_policia_rodoviaria_1200x675_21062022083038.jpg?fit=1200%2C675&ssl=1&resize=350%2C200 1x, https:\/\/i0.wp.com\/ismaelcolosi.com.br\/wp-content\/uploads\/2024\/06\/1718104231_20220809_065618844_policia_rodoviaria_1200x675_21062022083038.jpg?fit=1200%2C675&ssl=1&resize=525%2C300 1.5x, https:\/\/i0.wp.com\/ismaelcolosi.com.br\/wp-content\/uploads\/2024\/06\/1718104231_20220809_065618844_policia_rodoviaria_1200x675_21062022083038.jpg?fit=1200%2C675&ssl=1&resize=700%2C400 2x, https:\/\/i0.wp.com\/ismaelcolosi.com.br\/wp-content\/uploads\/2024\/06\/1718104231_20220809_065618844_policia_rodoviaria_1200x675_21062022083038.jpg?fit=1200%2C675&ssl=1&resize=1050%2C600 3x"},"classes":[]},{"id":52796,"url":"https:\/\/ismaelcolosi.com.br\/index.php\/2024\/06\/10\/criminosos-atacam-carro-forte-com-explosivos-e-metralhadora-em-rodovia-no-interior-de-sp\/","url_meta":{"origin":65878,"position":4},"title":"Criminosos atacam carro-forte com explosivos e metralhadora em rodovia no interior de SP","author":"ismaelcolosi.com.br","date":"10 de June de 2024","format":false,"excerpt":"Criminosos tentaram assaltar um carro-forte, na noite desta segunda-feira (10), na rodovia Engenheiro Thales de Lorena Peixoto Junior (SP-318), em um trecho que liga S\u00e3o Carlos a Ribeir\u00e3o Preto. De acordo com a apura\u00e7\u00e3o do portal acidade on S\u00e3o Carlos, a tentativa de assalto aconteceu pr\u00f3ximo ao ped\u00e1gio, no km\u2026","rel":"","context":"In &quot;Not\u00edcias de Ribeir\u00e3o Preto-SP e Regi\u00e3o&quot;","block_context":{"text":"Not\u00edcias de Ribeir\u00e3o Preto-SP e Regi\u00e3o","link":"https:\/\/ismaelcolosi.com.br\/index.php\/category\/noticias-de-ribeirao-preto-sp-e-regiao-ismael-colosi\/"},"img":{"alt_text":"","src":"https:\/\/i0.wp.com\/ismaelcolosi.com.br\/wp-content\/uploads\/2024\/06\/Copia-de-Copia-de-TAMANHO-EXATO-PARA-FOTOS-NO-SISTEMA-NOVO-74_2024-06-11_00-51-29_png_2024-06-11_00-51-29.webp.webp?fit=1200%2C675&ssl=1&resize=350%2C200","width":350,"height":200,"srcset":"https:\/\/i0.wp.com\/ismaelcolosi.com.br\/wp-content\/uploads\/2024\/06\/Copia-de-Copia-de-TAMANHO-EXATO-PARA-FOTOS-NO-SISTEMA-NOVO-74_2024-06-11_00-51-29_png_2024-06-11_00-51-29.webp.webp?fit=1200%2C675&ssl=1&resize=350%2C200 1x, https:\/\/i0.wp.com\/ismaelcolosi.com.br\/wp-content\/uploads\/2024\/06\/Copia-de-Copia-de-TAMANHO-EXATO-PARA-FOTOS-NO-SISTEMA-NOVO-74_2024-06-11_00-51-29_png_2024-06-11_00-51-29.webp.webp?fit=1200%2C675&ssl=1&resize=525%2C300 1.5x, https:\/\/i0.wp.com\/ismaelcolosi.com.br\/wp-content\/uploads\/2024\/06\/Copia-de-Copia-de-TAMANHO-EXATO-PARA-FOTOS-NO-SISTEMA-NOVO-74_2024-06-11_00-51-29_png_2024-06-11_00-51-29.webp.webp?fit=1200%2C675&ssl=1&resize=700%2C400 2x, https:\/\/i0.wp.com\/ismaelcolosi.com.br\/wp-content\/uploads\/2024\/06\/Copia-de-Copia-de-TAMANHO-EXATO-PARA-FOTOS-NO-SISTEMA-NOVO-74_2024-06-11_00-51-29_png_2024-06-11_00-51-29.webp.webp?fit=1200%2C675&ssl=1&resize=1050%2C600 3x"},"classes":[]},{"id":57008,"url":"https:\/\/ismaelcolosi.com.br\/index.php\/2024\/07\/17\/mototaxista-e-preso-por-embriaguez-apos-trafegar-em-zigue-zague-em-ribeirao-preto\/","url_meta":{"origin":65878,"position":5},"title":"Mototaxista \u00e9 preso por embriaguez ap\u00f3s trafegar em zigue-zague em Ribeir\u00e3o Preto","author":"ismaelcolosi.com.br","date":"17 de July de 2024","format":false,"excerpt":"Um mototaxista de 22 anos foi preso na madrugada desta ter\u00e7a-feira (17) por embriaguez na avenida Jos\u00e9 de Laurentis, na zona Norte de Ribeir\u00e3o Preto. Segundo o boletim de ocorr\u00eancia (BO), o condutor dirigia a moto em zigue-zague pela via, quando foi abordado pela PM (Pol\u00edcia Militar). Ele estaria agressivo\u2026","rel":"","context":"In &quot;Not\u00edcias de Ribeir\u00e3o Preto-SP e Regi\u00e3o&quot;","block_context":{"text":"Not\u00edcias de Ribeir\u00e3o Preto-SP e Regi\u00e3o","link":"https:\/\/ismaelcolosi.com.br\/index.php\/category\/noticias-de-ribeirao-preto-sp-e-regiao-ismael-colosi\/"},"img":{"alt_text":"","src":"https:\/\/i0.wp.com\/ismaelcolosi.com.br\/wp-content\/uploads\/2024\/07\/1721222331_sirene_pm_1024x576_04022021085205.jpg?fit=1024%2C576&ssl=1&resize=350%2C200","width":350,"height":200,"srcset":"https:\/\/i0.wp.com\/ismaelcolosi.com.br\/wp-content\/uploads\/2024\/07\/1721222331_sirene_pm_1024x576_04022021085205.jpg?fit=1024%2C576&ssl=1&resize=350%2C200 1x, https:\/\/i0.wp.com\/ismaelcolosi.com.br\/wp-content\/uploads\/2024\/07\/1721222331_sirene_pm_1024x576_04022021085205.jpg?fit=1024%2C576&ssl=1&resize=525%2C300 1.5x, https:\/\/i0.wp.com\/ismaelcolosi.com.br\/wp-content\/uploads\/2024\/07\/1721222331_sirene_pm_1024x576_04022021085205.jpg?fit=1024%2C576&ssl=1&resize=700%2C400 2x"},"classes":[]}],"jetpack_sharing_enabled":true,"jetpack_shortlink":"https:\/\/wp.me\/pfMlyK-h8y","_links":{"self":[{"href":"https:\/\/ismaelcolosi.com.br\/index.php\/wp-json\/wp\/v2\/posts\/65878","targetHints":{"allow":["GET"]}}],"collection":[{"href":"https:\/\/ismaelcolosi.com.br\/index.php\/wp-json\/wp\/v2\/posts"}],"about":[{"href":"https:\/\/ismaelcolosi.com.br\/index.php\/wp-json\/wp\/v2\/types\/post"}],"author":[{"embeddable":true,"href":"https:\/\/ismaelcolosi.com.br\/index.php\/wp-json\/wp\/v2\/users\/1"}],"replies":[{"embeddable":true,"href":"https:\/\/ismaelcolosi.com.br\/index.php\/wp-json\/wp\/v2\/comments?post=65878"}],"version-history":[{"count":0,"href":"https:\/\/ismaelcolosi.com.br\/index.php\/wp-json\/wp\/v2\/posts\/65878\/revisions"}],"wp:featuredmedia":[{"embeddable":true,"href":"https:\/\/ismaelcolosi.com.br\/index.php\/wp-json\/wp\/v2\/media\/65879"}],"wp:attachment":[{"href":"https:\/\/ismaelcolosi.com.br\/index.php\/wp-json\/wp\/v2\/media?parent=65878"}],"wp:term":[{"taxonomy":"category","embeddable":true,"href":"https:\/\/ismaelcolosi.com.br\/index.php\/wp-json\/wp\/v2\/categories?post=65878"},{"taxonomy":"post_tag","embeddable":true,"href":"https:\/\/ismaelcolosi.com.br\/index.php\/wp-json\/wp\/v2\/tags?post=65878"}],"curies":[{"name":"wp","href":"https:\/\/api.w.org\/{rel}","templated":true}]}}