{"id":65875,"date":"2024-09-14T12:06:42","date_gmt":"2024-09-14T15:06:42","guid":{"rendered":"https:\/\/ismaelcolosi.com.br\/index.php\/2024\/09\/14\/homem-morre-e-adolescente-fica-em-estado-grave-apos-acidente-em-ribeirao-preto\/"},"modified":"2024-09-14T12:06:42","modified_gmt":"2024-09-14T15:06:42","slug":"homem-morre-e-adolescente-fica-em-estado-grave-apos-acidente-em-ribeirao-preto","status":"publish","type":"post","link":"https:\/\/ismaelcolosi.com.br\/index.php\/2024\/09\/14\/homem-morre-e-adolescente-fica-em-estado-grave-apos-acidente-em-ribeirao-preto\/","title":{"rendered":"Homem morre e adolescente fica em estado grave ap\u00f3s acidente em Ribeir\u00e3o Preto"},"content":{"rendered":"<p> <br \/>\n<\/p>\n<div data-td-block-uid=\"tdi_106\">\n<div class=\"tdb-block-inner td-fix-index\">\n<p>Um homem de 23 anos morreu ap\u00f3s a moto que ele pilotava ter colidido contra um poste na avenida Eduardo Andrea Matarazzo, a <strong>Via Norte<\/strong>, em <strong>Ribeir\u00e3o Preto<\/strong>, na noite da \u00faltima sexta-feira (23). Uma adolescente de 16 anos que estava com a v\u00edtima foi socorrida em estado grave para o<strong> HC-UE (Hospital das Cl\u00ednicas \u2013 Unidade de Emerg\u00eancia)<\/strong>.<\/p>\n<p>Segundo o <strong>BO (boletim de ocorr\u00eancia)<\/strong>,<mark style=\"background-color:#fcb900\" class=\"has-inline-color has-black-color\"> o acidente aconteceu na altura do 627, pr\u00f3ximo ao viaduto Engenheiro Luiz Castilho, por volta das 23h<\/mark>. O <strong>Corpo de Bombeiros <\/strong>e o <strong>Samu (Servi\u00e7o de Atendimento M\u00f3vel de Urg\u00eancia)<\/strong> foram acionados.<\/p>\n<p>O registro informa que os policiais estavam retornando de outra ocorr\u00eancia quando se depararam com o acidente. A moto em que estavam as v\u00edtimas teria colidido contra um poste.<\/p>\n<p>O piloto seria o jovem que morreu no local. A adolescente foi socorrida em estado grave, com fratura de mand\u00edbula e foi entubada, estabilizada e socorrida para o HC-UE.<\/p>\n<p>A fam\u00edlia do rapaz informou que n\u00e3o tinha conhecimento da origem da moto. Por isso, o ve\u00edculo foi apreendido. O caso \u00e9 investigado pela Pol\u00edcia Civil.<\/p>\n<p>SAIBA MAIS<br \/>Inc\u00eandios no interior de S\u00e3o Paulo geram preju\u00edzo bilion\u00e1rio<\/p>\n<h4 class=\"wp-block-heading\"><strong>FIQUE ON<\/strong><\/h4>\n<p>Fique ligado em tudo que acontece em Ribeir\u00e3o Preto e regi\u00e3o. Siga os perfis do <strong>acidade on<\/strong> no <a href=\"https:\/\/www.instagram.com\/acidadeonribeirao\" target=\"_blank\" rel=\"noreferrer noopener nofollow\">Instagram<\/a> e no <a href=\"https:\/\/www.facebook.com\/acidadeonribeirao\/\" target=\"_blank\" rel=\"noreferrer noopener nofollow\">Facebook<\/a>.<\/p>\n<p>Receba not\u00edcias do <strong>acidade on <\/strong>no WhatsApp<a href=\"https:\/\/chat.whatsapp.com\/Dtv9mxhy6V5BJBotM2OQ5k\" target=\"_blank\" rel=\"noreferrer noopener nofollow\">. Para entrar no grupo, basta clicar aqui.<\/a><\/p>\n<p>Fa\u00e7a uma den\u00fancia ou sugira uma reportagem sobre Ribeir\u00e3o Preto e regi\u00e3o pelo WhatsApp: 16 99117 7802.<\/p>\n<p>VEJA TAMB\u00c9M<br \/>S\u00e3o Paulo tem o ar mais polu\u00eddo do mundo?<\/p>\n<p><!-- CONTENT END 1 -->\n<\/div>\n<\/div>\n<p><script async src=\"\/\/www.instagram.com\/embed.js\"><\/script><br \/>\n<br \/><br \/>\n<br \/><a href=\"https:\/\/www.acidadeon.com\/ribeiraopreto\/cotidiano\/homem-morre-e-adolescente-fica-em-estado-grave-apos-acidente-em-ribeirao-preto\/\">Source link <\/a><\/p>\n","protected":false},"excerpt":{"rendered":"<p>Um homem de 23 anos morreu ap\u00f3s a moto que ele pilotava ter colidido contra um poste na avenida Eduardo Andrea Matarazzo, a Via Norte,&#8230;<\/p>\n","protected":false},"author":1,"featured_media":65876,"comment_status":"open","ping_status":"open","sticky":false,"template":"","format":"standard","meta":{"_uag_custom_page_level_css":"","advanced_seo_description":"","jetpack_seo_html_title":"","jetpack_seo_noindex":false,"jetpack_post_was_ever_published":false,"_jetpack_newsletter_access":"","_jetpack_dont_email_post_to_subs":false,"_jetpack_newsletter_tier_id":0,"_jetpack_memberships_contains_paywalled_content":false,"_jetpack_memberships_contains_paid_content":false,"footnotes":"","jetpack_publicize_message":"","jetpack_publicize_feature_enabled":true,"jetpack_social_post_already_shared":true,"jetpack_social_options":{"image_generator_settings":{"template":"highway","default_image_id":0,"font":"","enabled":false},"version":2}},"categories":[11],"tags":[],"class_list":["post-65875","post","type-post","status-publish","format-standard","has-post-thumbnail","hentry","category-noticias-de-ribeirao-preto-sp-e-regiao-ismael-colosi"],"jetpack_publicize_connections":[],"jetpack_featured_media_url":"https:\/\/i0.wp.com\/ismaelcolosi.com.br\/wp-content\/uploads\/2024\/09\/1726326403_cpj_1024x576_04082020121137.jpg?fit=1024%2C575&ssl=1","uagb_featured_image_src":{"full":["https:\/\/i0.wp.com\/ismaelcolosi.com.br\/wp-content\/uploads\/2024\/09\/1726326403_cpj_1024x576_04082020121137.jpg?fit=1024%2C575&ssl=1",1024,575,false],"thumbnail":["https:\/\/i0.wp.com\/ismaelcolosi.com.br\/wp-content\/uploads\/2024\/09\/1726326403_cpj_1024x576_04082020121137.jpg?resize=150%2C150&ssl=1",150,150,true],"medium":["https:\/\/i0.wp.com\/ismaelcolosi.com.br\/wp-content\/uploads\/2024\/09\/1726326403_cpj_1024x576_04082020121137.jpg?fit=300%2C168&ssl=1",300,168,true],"medium_large":["https:\/\/i0.wp.com\/ismaelcolosi.com.br\/wp-content\/uploads\/2024\/09\/1726326403_cpj_1024x576_04082020121137.jpg?fit=768%2C431&ssl=1",768,431,true],"large":["https:\/\/i0.wp.com\/ismaelcolosi.com.br\/wp-content\/uploads\/2024\/09\/1726326403_cpj_1024x576_04082020121137.jpg?fit=1024%2C575&ssl=1",1024,575,true],"1536x1536":["https:\/\/i0.wp.com\/ismaelcolosi.com.br\/wp-content\/uploads\/2024\/09\/1726326403_cpj_1024x576_04082020121137.jpg?fit=1024%2C575&ssl=1",1024,575,true],"2048x2048":["https:\/\/i0.wp.com\/ismaelcolosi.com.br\/wp-content\/uploads\/2024\/09\/1726326403_cpj_1024x576_04082020121137.jpg?fit=1024%2C575&ssl=1",1024,575,true],"really-simple-thumb":["https:\/\/i0.wp.com\/ismaelcolosi.com.br\/wp-content\/uploads\/2024\/09\/1726326403_cpj_1024x576_04082020121137.jpg?resize=370%2C247&ssl=1",370,247,true]},"uagb_author_info":{"display_name":"ismaelcolosi.com.br","author_link":"https:\/\/ismaelcolosi.com.br\/index.php\/author\/vidareal-online\/"},"uagb_comment_info":0,"uagb_excerpt":"Um homem de 23 anos morreu ap\u00f3s a moto que ele pilotava ter colidido contra um poste na avenida Eduardo Andrea Matarazzo, a Via Norte,...","jetpack-related-posts":[{"id":17569,"url":"https:\/\/ismaelcolosi.com.br\/index.php\/2023\/12\/18\/motociclista-morre-em-acidente-na-zona-leste-2\/","url_meta":{"origin":65875,"position":0},"title":"Motociclista morre em acidente na zona Leste","author":"ismaelcolosi.com.br","date":"18 de December de 2023","format":false,"excerpt":"Homem teria colidido com sua moto contra \u00e1rvore e n\u00e3o resistiu aos ferimentos sofridos 18 de dezembro de 2023 | 17:04 0Por: Adalberto LuqueUm homem de 35 anos morreu, na noite deste domingo (17), ap\u00f3s colidir com sua moto contra um coqueiro na Avenida Professora Edul Rangel Rabello, Jardim Roberto\u2026","rel":"","context":"In &quot;Not\u00edcias de Ribeir\u00e3o Preto-SP e Regi\u00e3o&quot;","block_context":{"text":"Not\u00edcias de Ribeir\u00e3o Preto-SP e Regi\u00e3o","link":"https:\/\/ismaelcolosi.com.br\/index.php\/category\/noticias-de-ribeirao-preto-sp-e-regiao-ismael-colosi\/"},"img":{"alt_text":"","src":"https:\/\/i0.wp.com\/ismaelcolosi.com.br\/wp-content\/uploads\/2023\/12\/Luque_Samu-scaled.jpg?fit=967%2C645&ssl=1&resize=350%2C200","width":350,"height":200,"srcset":"https:\/\/i0.wp.com\/ismaelcolosi.com.br\/wp-content\/uploads\/2023\/12\/Luque_Samu-scaled.jpg?fit=967%2C645&ssl=1&resize=350%2C200 1x, https:\/\/i0.wp.com\/ismaelcolosi.com.br\/wp-content\/uploads\/2023\/12\/Luque_Samu-scaled.jpg?fit=967%2C645&ssl=1&resize=525%2C300 1.5x, https:\/\/i0.wp.com\/ismaelcolosi.com.br\/wp-content\/uploads\/2023\/12\/Luque_Samu-scaled.jpg?fit=967%2C645&ssl=1&resize=700%2C400 2x"},"classes":[]},{"id":37052,"url":"https:\/\/ismaelcolosi.com.br\/index.php\/2024\/02\/14\/mulher-morre-em-acidente-na-zona-oeste\/","url_meta":{"origin":65875,"position":1},"title":"Mulher morre em acidente na zona Oeste","author":"ismaelcolosi.com.br","date":"14 de February de 2024","format":false,"excerpt":"V\u00edtima estava em motocicleta que colidiu contra ve\u00edculo 14 de fevereiro de 2024 | 8:38 0Por: Adalberto LuqueUma jovem de 24 anos morreu, na madrugada desta segunda-feira (12), ap\u00f3s um acidente ocorrido na Avenida Bandeirantes, Vila Virg\u00ednia, zona Oeste de Ribeir\u00e3o Preto. A v\u00edtima estaria em uma motocicleta.Segundo informa\u00e7\u00f5es, a\u2026","rel":"","context":"In &quot;Not\u00edcias de Ribeir\u00e3o Preto-SP e Regi\u00e3o&quot;","block_context":{"text":"Not\u00edcias de Ribeir\u00e3o Preto-SP e Regi\u00e3o","link":"https:\/\/ismaelcolosi.com.br\/index.php\/category\/noticias-de-ribeirao-preto-sp-e-regiao-ismael-colosi\/"},"img":{"alt_text":"","src":"https:\/\/i0.wp.com\/ismaelcolosi.com.br\/wp-content\/uploads\/2024\/02\/LUQUE-Samu-02-Foto-Alfredo-Risk-scaled.jpg?fit=1200%2C800&ssl=1&resize=350%2C200","width":350,"height":200,"srcset":"https:\/\/i0.wp.com\/ismaelcolosi.com.br\/wp-content\/uploads\/2024\/02\/LUQUE-Samu-02-Foto-Alfredo-Risk-scaled.jpg?fit=1200%2C800&ssl=1&resize=350%2C200 1x, https:\/\/i0.wp.com\/ismaelcolosi.com.br\/wp-content\/uploads\/2024\/02\/LUQUE-Samu-02-Foto-Alfredo-Risk-scaled.jpg?fit=1200%2C800&ssl=1&resize=525%2C300 1.5x, https:\/\/i0.wp.com\/ismaelcolosi.com.br\/wp-content\/uploads\/2024\/02\/LUQUE-Samu-02-Foto-Alfredo-Risk-scaled.jpg?fit=1200%2C800&ssl=1&resize=700%2C400 2x, https:\/\/i0.wp.com\/ismaelcolosi.com.br\/wp-content\/uploads\/2024\/02\/LUQUE-Samu-02-Foto-Alfredo-Risk-scaled.jpg?fit=1200%2C800&ssl=1&resize=1050%2C600 3x"},"classes":[]},{"id":55939,"url":"https:\/\/ismaelcolosi.com.br\/index.php\/2024\/07\/08\/estudante-morre-apos-duas-semanas-internada-por-acidente-de-moto-em-ribeirao-preto\/","url_meta":{"origin":65875,"position":2},"title":"Estudante morre ap\u00f3s duas semanas internada por acidente de moto em Ribeir\u00e3o Preto","author":"ismaelcolosi.com.br","date":"8 de July de 2024","format":false,"excerpt":"Uma estudante de 18 anos que estava na garupa de uma moto que colidiu com um poste na rotat\u00f3ria das avenidas Marechal Costa e Silva e Thomaz Alberto Whatelly, em Ribeir\u00e3o Preto, morreu ap\u00f3s duas semanas internada. A estudante Anna Helo\u00edsa Guimar\u00e3es Pereira estava internada no HC-UE (Hospital das Cl\u00ednicas\u2026","rel":"","context":"In &quot;Not\u00edcias de Ribeir\u00e3o Preto-SP e Regi\u00e3o&quot;","block_context":{"text":"Not\u00edcias de Ribeir\u00e3o Preto-SP e Regi\u00e3o","link":"https:\/\/ismaelcolosi.com.br\/index.php\/category\/noticias-de-ribeirao-preto-sp-e-regiao-ismael-colosi\/"},"img":{"alt_text":"","src":"https:\/\/i0.wp.com\/ismaelcolosi.com.br\/wp-content\/uploads\/2024\/07\/hc-ue.jpg?fit=733%2C414&ssl=1&resize=350%2C200","width":350,"height":200,"srcset":"https:\/\/i0.wp.com\/ismaelcolosi.com.br\/wp-content\/uploads\/2024\/07\/hc-ue.jpg?fit=733%2C414&ssl=1&resize=350%2C200 1x, https:\/\/i0.wp.com\/ismaelcolosi.com.br\/wp-content\/uploads\/2024\/07\/hc-ue.jpg?fit=733%2C414&ssl=1&resize=525%2C300 1.5x, https:\/\/i0.wp.com\/ismaelcolosi.com.br\/wp-content\/uploads\/2024\/07\/hc-ue.jpg?fit=733%2C414&ssl=1&resize=700%2C400 2x"},"classes":[]},{"id":7162,"url":"https:\/\/ismaelcolosi.com.br\/index.php\/2023\/11\/27\/video-motociclista-bate-em-poste-na-zona-norte\/","url_meta":{"origin":65875,"position":3},"title":"V\u00cdDEO &#8211; Motociclista bate em poste na zona Norte","author":"ismaelcolosi.com.br","date":"27 de November de 2023","format":false,"excerpt":"V\u00edtima foi socorrida pelo Corpo de Bombeiros com ferimentos graves 27 de novembro de 2023 | 16:2127 de novembro de 2023 | 16:21 0Por: Adalberto LuqueUm motociclista ficou ferido com extrema gravidade, na madrugada desta segunda-feira (27). Ele teria colidido com sua moto contra um poste, na Rua General C\u00e2mara,\u2026","rel":"","context":"In &quot;Not\u00edcias de Ribeir\u00e3o Preto-SP e Regi\u00e3o&quot;","block_context":{"text":"Not\u00edcias de Ribeir\u00e3o Preto-SP e Regi\u00e3o","link":"https:\/\/ismaelcolosi.com.br\/index.php\/category\/noticias-de-ribeirao-preto-sp-e-regiao-ismael-colosi\/"},"img":{"alt_text":"","src":"https:\/\/i0.wp.com\/ismaelcolosi.com.br\/wp-content\/uploads\/2023\/11\/00-27-nov-2023-motociclista-poste-foto-x-tudo.jpg?fit=1200%2C624&ssl=1&resize=350%2C200","width":350,"height":200,"srcset":"https:\/\/i0.wp.com\/ismaelcolosi.com.br\/wp-content\/uploads\/2023\/11\/00-27-nov-2023-motociclista-poste-foto-x-tudo.jpg?fit=1200%2C624&ssl=1&resize=350%2C200 1x, https:\/\/i0.wp.com\/ismaelcolosi.com.br\/wp-content\/uploads\/2023\/11\/00-27-nov-2023-motociclista-poste-foto-x-tudo.jpg?fit=1200%2C624&ssl=1&resize=525%2C300 1.5x, https:\/\/i0.wp.com\/ismaelcolosi.com.br\/wp-content\/uploads\/2023\/11\/00-27-nov-2023-motociclista-poste-foto-x-tudo.jpg?fit=1200%2C624&ssl=1&resize=700%2C400 2x, https:\/\/i0.wp.com\/ismaelcolosi.com.br\/wp-content\/uploads\/2023\/11\/00-27-nov-2023-motociclista-poste-foto-x-tudo.jpg?fit=1200%2C624&ssl=1&resize=1050%2C600 3x"},"classes":[]},{"id":45856,"url":"https:\/\/ismaelcolosi.com.br\/index.php\/2024\/04\/08\/homem-morre-em-acidente-com-moto-de-luxo-na-regiao-de-ribeirao-preto\/","url_meta":{"origin":65875,"position":4},"title":"Homem morre em acidente com moto de luxo na regi\u00e3o de Ribeir\u00e3o Preto","author":"ismaelcolosi.com.br","date":"8 de April de 2024","format":false,"excerpt":"Um homem de 34 anos morreu na noite de domingo (7) ap\u00f3s bater de frente a moto que pilotava modelo BMW\/F800 GS contra um carro no quil\u00f4metro 21 da rodovia vicinal Arlindo Vicentini em Altin\u00f3polis, cidade a 67 quil\u00f4metros de Ribeir\u00e3o Preto. De acordo com o boletim de ocorr\u00eancia, Anderson\u2026","rel":"","context":"In &quot;Not\u00edcias de Ribeir\u00e3o Preto-SP e Regi\u00e3o&quot;","block_context":{"text":"Not\u00edcias de Ribeir\u00e3o Preto-SP e Regi\u00e3o","link":"https:\/\/ismaelcolosi.com.br\/index.php\/category\/noticias-de-ribeirao-preto-sp-e-regiao-ismael-colosi\/"},"img":{"alt_text":"","src":"https:\/\/i0.wp.com\/ismaelcolosi.com.br\/wp-content\/uploads\/2024\/04\/Copia-de-Copia-de-TAMANHO-EXATO-PARA-FOTOS-NO-SISTEMA-NOVO-4-1.jpg?fit=1200%2C675&ssl=1&resize=350%2C200","width":350,"height":200,"srcset":"https:\/\/i0.wp.com\/ismaelcolosi.com.br\/wp-content\/uploads\/2024\/04\/Copia-de-Copia-de-TAMANHO-EXATO-PARA-FOTOS-NO-SISTEMA-NOVO-4-1.jpg?fit=1200%2C675&ssl=1&resize=350%2C200 1x, https:\/\/i0.wp.com\/ismaelcolosi.com.br\/wp-content\/uploads\/2024\/04\/Copia-de-Copia-de-TAMANHO-EXATO-PARA-FOTOS-NO-SISTEMA-NOVO-4-1.jpg?fit=1200%2C675&ssl=1&resize=525%2C300 1.5x, https:\/\/i0.wp.com\/ismaelcolosi.com.br\/wp-content\/uploads\/2024\/04\/Copia-de-Copia-de-TAMANHO-EXATO-PARA-FOTOS-NO-SISTEMA-NOVO-4-1.jpg?fit=1200%2C675&ssl=1&resize=700%2C400 2x, https:\/\/i0.wp.com\/ismaelcolosi.com.br\/wp-content\/uploads\/2024\/04\/Copia-de-Copia-de-TAMANHO-EXATO-PARA-FOTOS-NO-SISTEMA-NOVO-4-1.jpg?fit=1200%2C675&ssl=1&resize=1050%2C600 3x"},"classes":[]},{"id":68134,"url":"https:\/\/ismaelcolosi.com.br\/index.php\/2024\/09\/27\/agente-penitenciario-fica-gravemente-ferido-apos-acidente-no-centro-de-ribeirao\/","url_meta":{"origin":65875,"position":5},"title":"Agente penitenci\u00e1rio fica gravemente ferido ap\u00f3s acidente no Centro de Ribeir\u00e3o","author":"ismaelcolosi.com.br","date":"27 de September de 2024","format":false,"excerpt":"Um agente penitenci\u00e1rio ficou gravemente ferido, na manh\u00e3 desta sexta-feira (27), ap\u00f3s colidir a moto que pilotava na lateral de um \u00f4nibus, no cruzamento da rua Flor\u00eancio de Abreu com a avenida Jer\u00f4nimo Gon\u00e7alves, no Centro de Ribeir\u00e3o Preto. No transporte coletivo tinha oito passageiros, mas nenhum ficou ferido. O\u2026","rel":"","context":"In &quot;Not\u00edcias de Ribeir\u00e3o Preto-SP e Regi\u00e3o&quot;","block_context":{"text":"Not\u00edcias de Ribeir\u00e3o Preto-SP e Regi\u00e3o","link":"https:\/\/ismaelcolosi.com.br\/index.php\/category\/noticias-de-ribeirao-preto-sp-e-regiao-ismael-colosi\/"},"img":{"alt_text":"","src":"https:\/\/i0.wp.com\/ismaelcolosi.com.br\/wp-content\/uploads\/2024\/09\/Imagem-do-WhatsApp-de-2024-09-27-as-11.46.13_2a6420db_2024-09-27_14-48-39_jpg_2024-09-27_14-48-39.webp.webp?fit=1179%2C664&ssl=1&resize=350%2C200","width":350,"height":200,"srcset":"https:\/\/i0.wp.com\/ismaelcolosi.com.br\/wp-content\/uploads\/2024\/09\/Imagem-do-WhatsApp-de-2024-09-27-as-11.46.13_2a6420db_2024-09-27_14-48-39_jpg_2024-09-27_14-48-39.webp.webp?fit=1179%2C664&ssl=1&resize=350%2C200 1x, https:\/\/i0.wp.com\/ismaelcolosi.com.br\/wp-content\/uploads\/2024\/09\/Imagem-do-WhatsApp-de-2024-09-27-as-11.46.13_2a6420db_2024-09-27_14-48-39_jpg_2024-09-27_14-48-39.webp.webp?fit=1179%2C664&ssl=1&resize=525%2C300 1.5x, https:\/\/i0.wp.com\/ismaelcolosi.com.br\/wp-content\/uploads\/2024\/09\/Imagem-do-WhatsApp-de-2024-09-27-as-11.46.13_2a6420db_2024-09-27_14-48-39_jpg_2024-09-27_14-48-39.webp.webp?fit=1179%2C664&ssl=1&resize=700%2C400 2x, https:\/\/i0.wp.com\/ismaelcolosi.com.br\/wp-content\/uploads\/2024\/09\/Imagem-do-WhatsApp-de-2024-09-27-as-11.46.13_2a6420db_2024-09-27_14-48-39_jpg_2024-09-27_14-48-39.webp.webp?fit=1179%2C664&ssl=1&resize=1050%2C600 3x"},"classes":[]}],"jetpack_sharing_enabled":true,"jetpack_shortlink":"https:\/\/wp.me\/pfMlyK-h8v","_links":{"self":[{"href":"https:\/\/ismaelcolosi.com.br\/index.php\/wp-json\/wp\/v2\/posts\/65875","targetHints":{"allow":["GET"]}}],"collection":[{"href":"https:\/\/ismaelcolosi.com.br\/index.php\/wp-json\/wp\/v2\/posts"}],"about":[{"href":"https:\/\/ismaelcolosi.com.br\/index.php\/wp-json\/wp\/v2\/types\/post"}],"author":[{"embeddable":true,"href":"https:\/\/ismaelcolosi.com.br\/index.php\/wp-json\/wp\/v2\/users\/1"}],"replies":[{"embeddable":true,"href":"https:\/\/ismaelcolosi.com.br\/index.php\/wp-json\/wp\/v2\/comments?post=65875"}],"version-history":[{"count":0,"href":"https:\/\/ismaelcolosi.com.br\/index.php\/wp-json\/wp\/v2\/posts\/65875\/revisions"}],"wp:featuredmedia":[{"embeddable":true,"href":"https:\/\/ismaelcolosi.com.br\/index.php\/wp-json\/wp\/v2\/media\/65876"}],"wp:attachment":[{"href":"https:\/\/ismaelcolosi.com.br\/index.php\/wp-json\/wp\/v2\/media?parent=65875"}],"wp:term":[{"taxonomy":"category","embeddable":true,"href":"https:\/\/ismaelcolosi.com.br\/index.php\/wp-json\/wp\/v2\/categories?post=65875"},{"taxonomy":"post_tag","embeddable":true,"href":"https:\/\/ismaelcolosi.com.br\/index.php\/wp-json\/wp\/v2\/tags?post=65875"}],"curies":[{"name":"wp","href":"https:\/\/api.w.org\/{rel}","templated":true}]}}