{"id":65871,"date":"2024-09-14T11:29:39","date_gmt":"2024-09-14T14:29:39","guid":{"rendered":"https:\/\/ismaelcolosi.com.br\/index.php\/2024\/09\/14\/alexandre-tabah-participa-neste-sabado-da-serie-de-entrevistas-com-candidatos-a-prefeitura-de-franca\/"},"modified":"2024-09-14T11:29:39","modified_gmt":"2024-09-14T14:29:39","slug":"alexandre-tabah-participa-neste-sabado-da-serie-de-entrevistas-com-candidatos-a-prefeitura-de-franca","status":"publish","type":"post","link":"https:\/\/ismaelcolosi.com.br\/index.php\/2024\/09\/14\/alexandre-tabah-participa-neste-sabado-da-serie-de-entrevistas-com-candidatos-a-prefeitura-de-franca\/","title":{"rendered":"Alexandre Tabah participa neste s\u00e1bado da s\u00e9rie de entrevistas com candidatos \u00e0 Prefeitura de Franca"},"content":{"rendered":"<p> <br \/>\n<\/p>\n<div>\n<figure class=\"wp-block-embed is-type-video is-provider-youtube wp-block-embed-youtube wp-embed-aspect-4-3 wp-has-aspect-ratio\">\n<div class=\"wp-block-embed__wrapper\">\n<p><iframe loading=\"lazy\" title=\"Entrevista com o candidato \u00e0 Prefeitura de Franca Alexandre Tabah (Novo)\" width=\"500\" height=\"375\" src=\"https:\/\/www.youtube.com\/embed\/8zGgJvyNjqU?feature=oembed\" frameborder=\"0\" allow=\"accelerometer; autoplay; clipboard-write; encrypted-media; gyroscope; picture-in-picture; web-share\" referrerpolicy=\"strict-origin-when-cross-origin\" allowfullscreen><\/iframe><\/p>\n<\/div>\n<\/figure>\n<p>O<strong> acidade on Ribeir\u00e3o<\/strong> realiza nesta semana uma s\u00e9rie de entrevistas com os candidatos \u00e0 <strong>Prefeitura de Franca<\/strong> nas <strong>elei\u00e7\u00f5es 2024<\/strong>. Neste s\u00e1bado (14) \u00e9 a vez da sabatina com o empres\u00e1rio <strong>Alexandre Tabah (Novo)<\/strong> \u2013 veja o player acima. A entrevista vai ao ar, ao vivo, logo ap\u00f3s a sabatina do candidato no telejornal da <strong>EPTV<\/strong>.<\/p>\n<p>Alexandre Tabah \u00e9 filiado ao Novo, que n\u00e3o tem coliga\u00e7\u00e3o nesta elei\u00e7\u00e3o. A candidata a vice na chapa \u00e9 a Dra Fernanda Palermo, tamb\u00e9m do Novo.<\/p>\n<p>A sequ\u00eancia de entrevistas foi definida por ordem alfab\u00e9tica. Cinco candidatos foram sabatinados por 12 minutos ao longo da \u00faltima semana. Neste s\u00e1bado (14), o candidato da vez ter\u00e1 8 minutos de entrevista ao vivo. Outros candidatos na disputa ter\u00e3o entrevistas de 2 minutos veiculadas.<\/p>\n<h4 class=\"wp-block-heading\"><strong>Quem \u00e9 Alexandre Tabah?<\/strong><\/h4>\n<p>Alexandre Tabah tem 57 anos e \u00e9 empres\u00e1rio. Essa \u00e9 a primeira elei\u00e7\u00e3o que ele disputa.<\/p>\n<p>Alexandre Tabah \u00e9 empres\u00e1rio com atua\u00e7\u00e3o no segmento de cal\u00e7ados e shoppings. Ele nasceu em Franca.<\/p>\n<h4 class=\"wp-block-heading\"><strong>Regras das entrevistas<\/strong><\/h4>\n<p>Foram convidados para as entrevistas presenciais os candidatos com partidos que t\u00eam representa\u00e7\u00e3o na C\u00e2mara dos Deputados, como s\u00e3o os casos do MDB, PSOL, PL, PSB e PT, que tiveram 12 minutos nas entrevistas. O Novo tamb\u00e9m tem representa\u00e7\u00e3o, mas \u00e9 um dos partidos que n\u00e3o alcan\u00e7aram a cl\u00e1usula de barreira, e ter\u00e1 8 minutos na entrevista.<\/p>\n<p>J\u00e1 o PCO, Mobiliza e PCB n\u00e3o t\u00eam representatividade na C\u00e2mara dos Deputados. O espa\u00e7o tamb\u00e9m ser\u00e1 aberto para essas legendas, mas em entrevistas gravadas de 2 minutos.<\/p>\n<p>SAIBA MAIS<br \/>Inc\u00eandios no interior de S\u00e3o Paulo geram preju\u00edzo bilion\u00e1rio<\/p>\n<h4 class=\"wp-block-heading\"><strong>FIQUE ON<\/strong><\/h4>\n<p>Fique ligado em tudo que acontece em Ribeir\u00e3o Preto e regi\u00e3o. Siga os perfis do <strong>acidade on <\/strong>no <a href=\"https:\/\/www.instagram.com\/acidadeonribeirao\" target=\"_blank\" rel=\"noreferrer noopener nofollow\">Instagram<\/a> e no <a href=\"https:\/\/www.facebook.com\/acidadeonribeirao\/\" target=\"_blank\" rel=\"noreferrer noopener nofollow\">Facebook<\/a>.<\/p>\n<p>Receba not\u00edcias do<strong> acidade on <\/strong>no WhatsApp. <a href=\"https:\/\/chat.whatsapp.com\/Dtv9mxhy6V5BJBotM2OQ5k\" target=\"_blank\" rel=\"noreferrer noopener nofollow\">Para entrar no grupo, basta clicar aqui.<\/a><\/p>\n<p>Fa\u00e7a uma den\u00fancia ou sugira uma reportagem sobre Ribeir\u00e3o Preto e regi\u00e3o pelo WhatsApp: 16 99117 7802.<\/p>\n<p>VEJA TAMB\u00c9M<br \/>Mega-Sena sorteia pr\u00eamio de R$ 55 milh\u00f5es neste s\u00e1bado<\/p>\n<p><!-- CONTENT END 1 -->\n<\/div>\n<p><script async src=\"\/\/www.instagram.com\/embed.js\"><\/script><br \/>\n<br \/><br \/>\n<br \/><a href=\"https:\/\/www.acidadeon.com\/ribeiraopreto\/politica\/eleicoes\/alexandre-tabah-participa-neste-sabado-da-serie-de-entrevistas-com-candidatos-a-prefeitura-de-franca\/\">Source link <\/a><\/p>\n","protected":false},"excerpt":{"rendered":"<p>O acidade on Ribeir\u00e3o realiza nesta semana uma s\u00e9rie de entrevistas com os candidatos \u00e0 Prefeitura de Franca nas elei\u00e7\u00f5es 2024. Neste s\u00e1bado (14) \u00e9&#8230;<\/p>\n","protected":false},"author":1,"featured_media":65872,"comment_status":"open","ping_status":"open","sticky":false,"template":"","format":"standard","meta":{"_uag_custom_page_level_css":"","jetpack_post_was_ever_published":false,"_jetpack_newsletter_access":"","_jetpack_dont_email_post_to_subs":false,"_jetpack_newsletter_tier_id":0,"_jetpack_memberships_contains_paywalled_content":false,"_jetpack_memberships_contains_paid_content":false,"footnotes":"","jetpack_publicize_message":"","jetpack_publicize_feature_enabled":true,"jetpack_social_post_already_shared":true,"jetpack_social_options":{"image_generator_settings":{"template":"highway","default_image_id":0,"font":"","enabled":false},"version":2}},"categories":[11],"tags":[],"class_list":["post-65871","post","type-post","status-publish","format-standard","has-post-thumbnail","hentry","category-noticias-de-ribeirao-preto-sp-e-regiao-ismael-colosi"],"aioseo_notices":[],"jetpack_publicize_connections":[],"jetpack_featured_media_url":"https:\/\/i0.wp.com\/ismaelcolosi.com.br\/wp-content\/uploads\/2024\/09\/alexandre-tabah_2024-09-14_13-54-19_jpg_2024-09-14_13-54-19.webp.webp?fit=1080%2C833&ssl=1","uagb_featured_image_src":{"full":["https:\/\/i0.wp.com\/ismaelcolosi.com.br\/wp-content\/uploads\/2024\/09\/alexandre-tabah_2024-09-14_13-54-19_jpg_2024-09-14_13-54-19.webp.webp?fit=1080%2C833&ssl=1",1080,833,false],"thumbnail":["https:\/\/i0.wp.com\/ismaelcolosi.com.br\/wp-content\/uploads\/2024\/09\/alexandre-tabah_2024-09-14_13-54-19_jpg_2024-09-14_13-54-19.webp.webp?resize=150%2C150&ssl=1",150,150,true],"medium":["https:\/\/i0.wp.com\/ismaelcolosi.com.br\/wp-content\/uploads\/2024\/09\/alexandre-tabah_2024-09-14_13-54-19_jpg_2024-09-14_13-54-19.webp.webp?fit=300%2C231&ssl=1",300,231,true],"medium_large":["https:\/\/i0.wp.com\/ismaelcolosi.com.br\/wp-content\/uploads\/2024\/09\/alexandre-tabah_2024-09-14_13-54-19_jpg_2024-09-14_13-54-19.webp.webp?fit=768%2C592&ssl=1",768,592,true],"large":["https:\/\/i0.wp.com\/ismaelcolosi.com.br\/wp-content\/uploads\/2024\/09\/alexandre-tabah_2024-09-14_13-54-19_jpg_2024-09-14_13-54-19.webp.webp?fit=1024%2C790&ssl=1",1024,790,true],"1536x1536":["https:\/\/i0.wp.com\/ismaelcolosi.com.br\/wp-content\/uploads\/2024\/09\/alexandre-tabah_2024-09-14_13-54-19_jpg_2024-09-14_13-54-19.webp.webp?fit=1080%2C833&ssl=1",1080,833,true],"2048x2048":["https:\/\/i0.wp.com\/ismaelcolosi.com.br\/wp-content\/uploads\/2024\/09\/alexandre-tabah_2024-09-14_13-54-19_jpg_2024-09-14_13-54-19.webp.webp?fit=1080%2C833&ssl=1",1080,833,true],"really-simple-thumb":["https:\/\/i0.wp.com\/ismaelcolosi.com.br\/wp-content\/uploads\/2024\/09\/alexandre-tabah_2024-09-14_13-54-19_jpg_2024-09-14_13-54-19.webp.webp?resize=370%2C247&ssl=1",370,247,true]},"uagb_author_info":{"display_name":"ismaelcolosi.com.br","author_link":"https:\/\/ismaelcolosi.com.br\/index.php\/author\/vidareal-online\/"},"uagb_comment_info":0,"uagb_excerpt":"O acidade on Ribeir\u00e3o realiza nesta semana uma s\u00e9rie de entrevistas com os candidatos \u00e0 Prefeitura de Franca nas elei\u00e7\u00f5es 2024. Neste s\u00e1bado (14) \u00e9...","jetpack-related-posts":[{"id":64527,"url":"https:\/\/ismaelcolosi.com.br\/index.php\/2024\/09\/08\/eleicoes-2024-acidade-on-realiza-serie-de-entrevistas-com-candidatos-a-prefeitura-de-franca\/","url_meta":{"origin":65871,"position":0},"title":"Elei\u00e7\u00f5es 2024: acidade on realiza s\u00e9rie de entrevistas com candidatos \u00e0 Prefeitura de Franca","author":"ismaelcolosi.com.br","date":"8 de September de 2024","format":false,"excerpt":"A partir desta segunda-feira (9), o acidade on Ribeir\u00e3o realiza uma s\u00e9rie de entrevistas com os candidatos \u00e0 Prefeitura de Franca. As entrevistas ser\u00e3o realizadas ao vivo e transmitidas pelo canal no YouTube e no portal acidade on Ribeir\u00e3o ap\u00f3s a participa\u00e7\u00e3o dos candidatos no telejornal EPTV 1 entre segunda-feira\u2026","rel":"","context":"In &quot;Not\u00edcias de Ribeir\u00e3o Preto-SP e Regi\u00e3o&quot;","block_context":{"text":"Not\u00edcias de Ribeir\u00e3o Preto-SP e Regi\u00e3o","link":"https:\/\/ismaelcolosi.com.br\/index.php\/category\/noticias-de-ribeirao-preto-sp-e-regiao-ismael-colosi\/"},"img":{"alt_text":"","src":"https:\/\/i0.wp.com\/ismaelcolosi.com.br\/wp-content\/uploads\/2024\/09\/urna_2024-09-06_19-24-20_jpg_2024-09-06_19-24-20.webp.webp?fit=1170%2C700&ssl=1&resize=350%2C200","width":350,"height":200,"srcset":"https:\/\/i0.wp.com\/ismaelcolosi.com.br\/wp-content\/uploads\/2024\/09\/urna_2024-09-06_19-24-20_jpg_2024-09-06_19-24-20.webp.webp?fit=1170%2C700&ssl=1&resize=350%2C200 1x, https:\/\/i0.wp.com\/ismaelcolosi.com.br\/wp-content\/uploads\/2024\/09\/urna_2024-09-06_19-24-20_jpg_2024-09-06_19-24-20.webp.webp?fit=1170%2C700&ssl=1&resize=525%2C300 1.5x, https:\/\/i0.wp.com\/ismaelcolosi.com.br\/wp-content\/uploads\/2024\/09\/urna_2024-09-06_19-24-20_jpg_2024-09-06_19-24-20.webp.webp?fit=1170%2C700&ssl=1&resize=700%2C400 2x, https:\/\/i0.wp.com\/ismaelcolosi.com.br\/wp-content\/uploads\/2024\/09\/urna_2024-09-06_19-24-20_jpg_2024-09-06_19-24-20.webp.webp?fit=1170%2C700&ssl=1&resize=1050%2C600 3x"},"classes":[]},{"id":64790,"url":"https:\/\/ismaelcolosi.com.br\/index.php\/2024\/09\/09\/alexandre-ferreira-abre-serie-de-entrevistas-com-candidatos-a-prefeitura-de-franca\/","url_meta":{"origin":65871,"position":1},"title":"Alexandre Ferreira abre s\u00e9rie de entrevistas com candidatos \u00e0 Prefeitura de Franca","author":"ismaelcolosi.com.br","date":"9 de September de 2024","format":false,"excerpt":"O acidade on Ribeir\u00e3o come\u00e7a nesta segunda-feira (9) uma s\u00e9rie de entrevistas com os candidatos \u00e0 Prefeitura de Franca nas elei\u00e7\u00f5es 2024. O primeiro entrevistado \u00e9 o atual prefeito de Franca, Alexandre Ferreira (MDB) \u2013 veja o player acima. A entrevista vai ao ar, ao vivo, logo ap\u00f3s a sabatina\u2026","rel":"","context":"In &quot;Not\u00edcias de Ribeir\u00e3o Preto-SP e Regi\u00e3o&quot;","block_context":{"text":"Not\u00edcias de Ribeir\u00e3o Preto-SP e Regi\u00e3o","link":"https:\/\/ismaelcolosi.com.br\/index.php\/category\/noticias-de-ribeirao-preto-sp-e-regiao-ismael-colosi\/"},"img":{"alt_text":"","src":"https:\/\/i0.wp.com\/ismaelcolosi.com.br\/wp-content\/uploads\/2024\/09\/alexandre-ferreira_2024-09-09_14-40-04_jpg_2024-09-09_14-40-04.webp.webp?fit=1079%2C845&ssl=1&resize=350%2C200","width":350,"height":200,"srcset":"https:\/\/i0.wp.com\/ismaelcolosi.com.br\/wp-content\/uploads\/2024\/09\/alexandre-ferreira_2024-09-09_14-40-04_jpg_2024-09-09_14-40-04.webp.webp?fit=1079%2C845&ssl=1&resize=350%2C200 1x, https:\/\/i0.wp.com\/ismaelcolosi.com.br\/wp-content\/uploads\/2024\/09\/alexandre-ferreira_2024-09-09_14-40-04_jpg_2024-09-09_14-40-04.webp.webp?fit=1079%2C845&ssl=1&resize=525%2C300 1.5x, https:\/\/i0.wp.com\/ismaelcolosi.com.br\/wp-content\/uploads\/2024\/09\/alexandre-ferreira_2024-09-09_14-40-04_jpg_2024-09-09_14-40-04.webp.webp?fit=1079%2C845&ssl=1&resize=700%2C400 2x, https:\/\/i0.wp.com\/ismaelcolosi.com.br\/wp-content\/uploads\/2024\/09\/alexandre-ferreira_2024-09-09_14-40-04_jpg_2024-09-09_14-40-04.webp.webp?fit=1079%2C845&ssl=1&resize=1050%2C600 3x"},"classes":[]},{"id":65459,"url":"https:\/\/ismaelcolosi.com.br\/index.php\/2024\/09\/12\/ubiali-participa-nesta-quinta-da-serie-de-entrevistas-com-candidatos-a-prefeitura-de-franca\/","url_meta":{"origin":65871,"position":2},"title":"Ubiali participa nesta quinta da s\u00e9rie de entrevistas com candidatos \u00e0 Prefeitura de Franca","author":"ismaelcolosi.com.br","date":"12 de September de 2024","format":false,"excerpt":"O\u00a0acidade on Ribeir\u00e3o\u00a0realiza nesta semana uma s\u00e9rie de entrevistas com os candidatos \u00e0\u00a0Prefeitura de Franca\u00a0nas\u00a0elei\u00e7\u00f5es 2024. Nesta quinta-feira (12) \u00e9 a vez da sabatina do m\u00e9dico Marco Aur\u00e9lio Ubiali (PSB)\u00a0\u2013 veja o player acima. A entrevista vai ao ar, ao vivo, logo ap\u00f3s a sabatina do candidato no telejornal da\u00a0EPTV.\u2026","rel":"","context":"In &quot;Not\u00edcias de Ribeir\u00e3o Preto-SP e Regi\u00e3o&quot;","block_context":{"text":"Not\u00edcias de Ribeir\u00e3o Preto-SP e Regi\u00e3o","link":"https:\/\/ismaelcolosi.com.br\/index.php\/category\/noticias-de-ribeirao-preto-sp-e-regiao-ismael-colosi\/"},"img":{"alt_text":"","src":"https:\/\/i0.wp.com\/ismaelcolosi.com.br\/wp-content\/uploads\/2024\/09\/UBIALI_2024-09-12_13-56-13_jpg_2024-09-12_13-56-14.webp.webp?fit=1200%2C753&ssl=1&resize=350%2C200","width":350,"height":200,"srcset":"https:\/\/i0.wp.com\/ismaelcolosi.com.br\/wp-content\/uploads\/2024\/09\/UBIALI_2024-09-12_13-56-13_jpg_2024-09-12_13-56-14.webp.webp?fit=1200%2C753&ssl=1&resize=350%2C200 1x, https:\/\/i0.wp.com\/ismaelcolosi.com.br\/wp-content\/uploads\/2024\/09\/UBIALI_2024-09-12_13-56-13_jpg_2024-09-12_13-56-14.webp.webp?fit=1200%2C753&ssl=1&resize=525%2C300 1.5x, https:\/\/i0.wp.com\/ismaelcolosi.com.br\/wp-content\/uploads\/2024\/09\/UBIALI_2024-09-12_13-56-13_jpg_2024-09-12_13-56-14.webp.webp?fit=1200%2C753&ssl=1&resize=700%2C400 2x, https:\/\/i0.wp.com\/ismaelcolosi.com.br\/wp-content\/uploads\/2024\/09\/UBIALI_2024-09-12_13-56-13_jpg_2024-09-12_13-56-14.webp.webp?fit=1200%2C753&ssl=1&resize=1050%2C600 3x"},"classes":[]},{"id":65701,"url":"https:\/\/ismaelcolosi.com.br\/index.php\/2024\/09\/13\/mariana-negri-participa-nesta-sexta-da-serie-de-entrevistas-com-candidatos-a-prefeitura-de-franca\/","url_meta":{"origin":65871,"position":3},"title":"Mariana Negri participa nesta sexta da s\u00e9rie de entrevistas com candidatos \u00e0 Prefeitura de Franca","author":"ismaelcolosi.com.br","date":"13 de September de 2024","format":false,"excerpt":"O acidade on Ribeir\u00e3o realiza nesta semana uma s\u00e9rie de entrevistas com os candidatos \u00e0 Prefeitura de Franca nas elei\u00e7\u00f5es 2024. Nesta sexta-feira (13) \u00e9 a vez da sabatina da advogada Mariana Negri (PT) \u2013 veja o player acima. A entrevista vai ao ar, ao vivo, logo ap\u00f3s a sabatina\u2026","rel":"","context":"In &quot;Not\u00edcias de Ribeir\u00e3o Preto-SP e Regi\u00e3o&quot;","block_context":{"text":"Not\u00edcias de Ribeir\u00e3o Preto-SP e Regi\u00e3o","link":"https:\/\/ismaelcolosi.com.br\/index.php\/category\/noticias-de-ribeirao-preto-sp-e-regiao-ismael-colosi\/"},"img":{"alt_text":"","src":"https:\/\/i0.wp.com\/ismaelcolosi.com.br\/wp-content\/uploads\/2024\/09\/Mariana-Negri_2024-09-13_14-30-22_jpg_2024-09-13_14-30-22.webp.webp?fit=1199%2C933&ssl=1&resize=350%2C200","width":350,"height":200,"srcset":"https:\/\/i0.wp.com\/ismaelcolosi.com.br\/wp-content\/uploads\/2024\/09\/Mariana-Negri_2024-09-13_14-30-22_jpg_2024-09-13_14-30-22.webp.webp?fit=1199%2C933&ssl=1&resize=350%2C200 1x, https:\/\/i0.wp.com\/ismaelcolosi.com.br\/wp-content\/uploads\/2024\/09\/Mariana-Negri_2024-09-13_14-30-22_jpg_2024-09-13_14-30-22.webp.webp?fit=1199%2C933&ssl=1&resize=525%2C300 1.5x, https:\/\/i0.wp.com\/ismaelcolosi.com.br\/wp-content\/uploads\/2024\/09\/Mariana-Negri_2024-09-13_14-30-22_jpg_2024-09-13_14-30-22.webp.webp?fit=1199%2C933&ssl=1&resize=700%2C400 2x, https:\/\/i0.wp.com\/ismaelcolosi.com.br\/wp-content\/uploads\/2024\/09\/Mariana-Negri_2024-09-13_14-30-22_jpg_2024-09-13_14-30-22.webp.webp?fit=1199%2C933&ssl=1&resize=1050%2C600 3x"},"classes":[]},{"id":65204,"url":"https:\/\/ismaelcolosi.com.br\/index.php\/2024\/09\/11\/joao-rocha-participa-nesta-quarta-da-serie-de-entrevistas-com-candidatos-a-prefeitura-de-franca\/","url_meta":{"origin":65871,"position":4},"title":"Jo\u00e3o Rocha participa nesta quarta da s\u00e9rie de entrevistas com candidatos \u00e0 Prefeitura de Franca","author":"ismaelcolosi.com.br","date":"11 de September de 2024","format":false,"excerpt":"O acidade on Ribeir\u00e3o realiza nesta semana uma s\u00e9rie de entrevistas com os candidatos \u00e0 Prefeitura de Franca nas elei\u00e7\u00f5es 2024. Nesta quarta-feira (11) \u00e9 a vez da sabatina do empres\u00e1rio Jo\u00e3o Rocha (PL) \u2013 veja o player acima. A entrevista vai ao ar, ao vivo, logo ap\u00f3s a sabatina\u2026","rel":"","context":"In &quot;Not\u00edcias de Ribeir\u00e3o Preto-SP e Regi\u00e3o&quot;","block_context":{"text":"Not\u00edcias de Ribeir\u00e3o Preto-SP e Regi\u00e3o","link":"https:\/\/ismaelcolosi.com.br\/index.php\/category\/noticias-de-ribeirao-preto-sp-e-regiao-ismael-colosi\/"},"img":{"alt_text":"","src":"https:\/\/i0.wp.com\/ismaelcolosi.com.br\/wp-content\/uploads\/2024\/09\/Joao-Rocha_2024-09-11_13-54-38_jpg_2024-09-11_13-54-38.webp.webp?fit=914%2C761&ssl=1&resize=350%2C200","width":350,"height":200,"srcset":"https:\/\/i0.wp.com\/ismaelcolosi.com.br\/wp-content\/uploads\/2024\/09\/Joao-Rocha_2024-09-11_13-54-38_jpg_2024-09-11_13-54-38.webp.webp?fit=914%2C761&ssl=1&resize=350%2C200 1x, https:\/\/i0.wp.com\/ismaelcolosi.com.br\/wp-content\/uploads\/2024\/09\/Joao-Rocha_2024-09-11_13-54-38_jpg_2024-09-11_13-54-38.webp.webp?fit=914%2C761&ssl=1&resize=525%2C300 1.5x, https:\/\/i0.wp.com\/ismaelcolosi.com.br\/wp-content\/uploads\/2024\/09\/Joao-Rocha_2024-09-11_13-54-38_jpg_2024-09-11_13-54-38.webp.webp?fit=914%2C761&ssl=1&resize=700%2C400 2x"},"classes":[]},{"id":64990,"url":"https:\/\/ismaelcolosi.com.br\/index.php\/2024\/09\/10\/guilherme-cortez-participa-nesta-terca-da-serie-de-entrevistas-com-candidatos-a-prefeitura-de-franca\/","url_meta":{"origin":65871,"position":5},"title":"Guilherme Cortez participa nesta ter\u00e7a da s\u00e9rie de entrevistas com candidatos \u00e0 Prefeitura de Franca","author":"ismaelcolosi.com.br","date":"10 de September de 2024","format":false,"excerpt":"O acidade on Ribeir\u00e3o realiza nesta semana uma s\u00e9rie de entrevistas com os candidatos \u00e0 Prefeitura de Franca nas elei\u00e7\u00f5es 2024. Nesta ter\u00e7a-feira (10) \u00e9 a vez da sabatina do deputado estadual Guilherme Cortez (PSOL) \u2013 veja o player acima. A entrevista vai ao ar, ao vivo, logo ap\u00f3s a\u2026","rel":"","context":"In &quot;Not\u00edcias de Ribeir\u00e3o Preto-SP e Regi\u00e3o&quot;","block_context":{"text":"Not\u00edcias de Ribeir\u00e3o Preto-SP e Regi\u00e3o","link":"https:\/\/ismaelcolosi.com.br\/index.php\/category\/noticias-de-ribeirao-preto-sp-e-regiao-ismael-colosi\/"},"img":{"alt_text":"","src":"https:\/\/i0.wp.com\/ismaelcolosi.com.br\/wp-content\/uploads\/2024\/09\/Guilherme-Cortez_2024-09-10_13-28-56_jpeg_2024-09-10_13-28-56.webp.webp?fit=1200%2C675&ssl=1&resize=350%2C200","width":350,"height":200,"srcset":"https:\/\/i0.wp.com\/ismaelcolosi.com.br\/wp-content\/uploads\/2024\/09\/Guilherme-Cortez_2024-09-10_13-28-56_jpeg_2024-09-10_13-28-56.webp.webp?fit=1200%2C675&ssl=1&resize=350%2C200 1x, https:\/\/i0.wp.com\/ismaelcolosi.com.br\/wp-content\/uploads\/2024\/09\/Guilherme-Cortez_2024-09-10_13-28-56_jpeg_2024-09-10_13-28-56.webp.webp?fit=1200%2C675&ssl=1&resize=525%2C300 1.5x, https:\/\/i0.wp.com\/ismaelcolosi.com.br\/wp-content\/uploads\/2024\/09\/Guilherme-Cortez_2024-09-10_13-28-56_jpeg_2024-09-10_13-28-56.webp.webp?fit=1200%2C675&ssl=1&resize=700%2C400 2x, https:\/\/i0.wp.com\/ismaelcolosi.com.br\/wp-content\/uploads\/2024\/09\/Guilherme-Cortez_2024-09-10_13-28-56_jpeg_2024-09-10_13-28-56.webp.webp?fit=1200%2C675&ssl=1&resize=1050%2C600 3x"},"classes":[]}],"jetpack_sharing_enabled":true,"jetpack_shortlink":"https:\/\/wp.me\/pfMlyK-h8r","_links":{"self":[{"href":"https:\/\/ismaelcolosi.com.br\/index.php\/wp-json\/wp\/v2\/posts\/65871","targetHints":{"allow":["GET"]}}],"collection":[{"href":"https:\/\/ismaelcolosi.com.br\/index.php\/wp-json\/wp\/v2\/posts"}],"about":[{"href":"https:\/\/ismaelcolosi.com.br\/index.php\/wp-json\/wp\/v2\/types\/post"}],"author":[{"embeddable":true,"href":"https:\/\/ismaelcolosi.com.br\/index.php\/wp-json\/wp\/v2\/users\/1"}],"replies":[{"embeddable":true,"href":"https:\/\/ismaelcolosi.com.br\/index.php\/wp-json\/wp\/v2\/comments?post=65871"}],"version-history":[{"count":0,"href":"https:\/\/ismaelcolosi.com.br\/index.php\/wp-json\/wp\/v2\/posts\/65871\/revisions"}],"wp:featuredmedia":[{"embeddable":true,"href":"https:\/\/ismaelcolosi.com.br\/index.php\/wp-json\/wp\/v2\/media\/65872"}],"wp:attachment":[{"href":"https:\/\/ismaelcolosi.com.br\/index.php\/wp-json\/wp\/v2\/media?parent=65871"}],"wp:term":[{"taxonomy":"category","embeddable":true,"href":"https:\/\/ismaelcolosi.com.br\/index.php\/wp-json\/wp\/v2\/categories?post=65871"},{"taxonomy":"post_tag","embeddable":true,"href":"https:\/\/ismaelcolosi.com.br\/index.php\/wp-json\/wp\/v2\/tags?post=65871"}],"curies":[{"name":"wp","href":"https:\/\/api.w.org\/{rel}","templated":true}]}}